{"id":10148,"date":"2016-06-28T16:44:05","date_gmt":"2016-06-28T16:44:05","guid":{"rendered":"http:\/\/infocul.pt\/?p=10148"},"modified":"2016-06-28T16:44:05","modified_gmt":"2016-06-28T16:44:05","slug":"rock-in-rio-em-busca-das-melhores-fotografias-no-instagram-para-oferecer-premios","status":"publish","type":"post","link":"https:\/\/infocul.pt\/arquivo\/cultura\/rock-in-rio-em-busca-das-melhores-fotografias-no-instagram-para-oferecer-premios\/","title":{"rendered":"Rock in Rio em busca das melhores fotografias no Instagram para oferecer pr\u00e9mios"},"content":{"rendered":"<p>\t<img decoding=\"async\" width=\"611\" height=\"461\" class=\"so-widget-image lazyload\" style=\"--smush-placeholder-width: 611px; --smush-placeholder-aspect-ratio: 611\/461;max-width:100%; height:auto; display:block\" data-src=\"http:\/\/infocul.pt\/wp-content\/uploads\/2016\/04\/Rock-in-Rio.png\" src=\"data:image\/svg+xml;base64,PHN2ZyB3aWR0aD0iMSIgaGVpZ2h0PSIxIiB4bWxucz0iaHR0cDovL3d3dy53My5vcmcvMjAwMC9zdmciPjwvc3ZnPg==\"><\/p>\n<p><span style=\"color: #000000; font-family: Calibri;\"><strong>Durante as pr\u00f3ximas quatro semanas, os f\u00e3s que passaram pela 7.\u00aa edi\u00e7\u00e3o do Rock in Rio-Lisboa v\u00e3o ser desafiados a partilhar as suas melhores fotos do evento, no Instagram<\/strong>.<\/span><\/p>\n<p><span style=\"color: #000000; font-family: Calibri;\">Os vencedores ser\u00e3o premiados, entre v\u00e1rias ofertas, com bilhetes para a pr\u00f3xima edi\u00e7\u00e3o do Rock in Rio-Lisboa, de volta \u00e0 cidade em 2018.<\/span><\/p>\n<p><span style=\"color: #000000; font-family: Calibri;\">&nbsp;<\/span><\/p>\n<p><span style=\"color: #000000; font-family: Calibri;\">&nbsp;<\/span><\/p>\n<p><span style=\"color: #000000; font-family: Calibri;\">Depois do sucesso de mais uma edi\u00e7\u00e3o de Rock in Rio-Lisboa, a organiza\u00e7\u00e3o do maior evento de m\u00fasica e entretenimento do mundo est\u00e1 \u00e0 procura das melhores fotos da 7.\u00aa edi\u00e7\u00e3o, no Instagram. Ao longo das pr\u00f3ximas quatro semanas (entre hoje e dia 24 de julho), os milhares de f\u00e3s que passaram pelo Parque da Bela Vista nos passados dias 19, 20, 27, 28 e 29 de maio v\u00e3o ser desafiados a partilhar as suas melhores fotografias, habilitando-se a ganhar v\u00e1rios pr\u00e9mios. <\/span><\/p>\n<p><span style=\"color: #000000; font-family: Calibri;\">&nbsp;<\/span><\/p>\n<p><span style=\"color: #000000; font-family: Calibri;\">&nbsp;<\/span><\/p>\n<p><span style=\"color: #000000; font-family: Calibri;\">E como o Rock in Rio \u00e9 muito mais que m\u00fasica, a cada semana ser\u00e1 anunciado um tema, com base no qual os Instagramers dever\u00e3o partilhar as suas fotos, usando a hastag indicada.&nbsp; <\/span><\/p>\n<p><span style=\"color: #000000; font-family: Calibri;\">&nbsp;<\/span><\/p>\n<p><span style=\"color: #000000; font-family: Calibri;\">&nbsp;<\/span><\/p>\n<p><span style=\"color: #000000; font-family: Calibri;\">As melhores fotografias de cada semana ser\u00e3o premiadas com kits de merchandising Rock in Rio e bilhetes para o Rock in Rio-Lisboa 2018.<\/span><\/p>\n","protected":false},"excerpt":{"rendered":"<p>Durante as pr\u00f3ximas quatro semanas, os f\u00e3s que passaram pela 7.\u00aa edi\u00e7\u00e3o do Rock in Rio-Lisboa v\u00e3o ser desafiados a partilhar as suas melhores fotos do evento, no Instagram. Os vencedores ser\u00e3o premiados, entre v\u00e1rias ofertas, com bilhetes para a pr\u00f3xima edi\u00e7\u00e3o do Rock in Rio-Lisboa, de volta \u00e0 cidade em 2018. &nbsp; &nbsp; Depois [&hellip;]<\/p>\n","protected":false},"author":2,"featured_media":6634,"comment_status":"open","ping_status":"closed","sticky":false,"template":"","format":"standard","meta":{"footnotes":""},"categories":[2,9],"tags":[1681,428],"class_list":["post-10148","post","type-post","status-publish","format-standard","has-post-thumbnail","hentry","category-cultura","category-outros","tag-instagram","tag-rock-in-rio"],"yoast_head":"<!-- This site is optimized with the Yoast SEO plugin v27.4 - https:\/\/yoast.com\/product\/yoast-seo-wordpress\/ -->\n<title>Rock in Rio em busca das melhores fotografias no Instagram para oferecer pr\u00e9mios | Infocul.pt - Arquivo Digital<\/title>\n<meta name=\"description\" content=\"Rock in Rio em busca das melhores fotografias no Instagram para oferecer pr\u00e9mios | Infocul.pt - Arquivo Digital\" \/>\n<meta name=\"robots\" content=\"noindex, follow, max-snippet:-1, max-image-preview:large, max-video-preview:-1\" \/>\n<meta property=\"og:locale\" content=\"pt_PT\" \/>\n<meta property=\"og:type\" content=\"article\" \/>\n<meta property=\"og:title\" content=\"Rock in Rio em busca das melhores fotografias no Instagram para oferecer pr\u00e9mios | Infocul.pt - Arquivo Digital\" \/>\n<meta property=\"og:description\" content=\"Rock in Rio em busca das melhores fotografias no Instagram para oferecer pr\u00e9mios | Infocul.pt - Arquivo Digital\" \/>\n<meta property=\"og:url\" content=\"https:\/\/infocul.pt\/arquivo\/cultura\/rock-in-rio-em-busca-das-melhores-fotografias-no-instagram-para-oferecer-premios\/\" \/>\n<meta property=\"og:site_name\" content=\"Infocul.pt - Arquivo Digital\" \/>\n<meta property=\"article:publisher\" content=\"https:\/\/www.facebook.com\/Infocul-147816815585015\/\" \/>\n<meta property=\"article:published_time\" content=\"2016-06-28T16:44:05+00:00\" \/>\n<meta property=\"og:image\" content=\"https:\/\/infocul.pt\/arquivo\/wp-content\/uploads\/2016\/04\/Rock-in-Rio.png\" \/>\n\t<meta property=\"og:image:width\" content=\"611\" \/>\n\t<meta property=\"og:image:height\" content=\"461\" \/>\n\t<meta property=\"og:image:type\" content=\"image\/png\" \/>\n<meta name=\"author\" content=\"Rui Lavrador\" \/>\n<meta name=\"twitter:card\" content=\"summary_large_image\" \/>\n<meta name=\"twitter:creator\" content=\"@Infoculpt\" \/>\n<meta name=\"twitter:site\" content=\"@Infoculpt\" \/>\n<meta name=\"twitter:label1\" content=\"Escrito por\" \/>\n\t<meta name=\"twitter:data1\" content=\"Rui Lavrador\" \/>\n\t<meta name=\"twitter:label2\" content=\"Tempo estimado de leitura\" \/>\n\t<meta name=\"twitter:data2\" content=\"1 minuto\" \/>\n<script type=\"application\/ld+json\" class=\"yoast-schema-graph\">{\"@context\":\"https:\\\/\\\/schema.org\",\"@graph\":[{\"@type\":\"Article\",\"@id\":\"https:\\\/\\\/infocul.pt\\\/arquivo\\\/cultura\\\/rock-in-rio-em-busca-das-melhores-fotografias-no-instagram-para-oferecer-premios\\\/#article\",\"isPartOf\":{\"@id\":\"https:\\\/\\\/infocul.pt\\\/arquivo\\\/cultura\\\/rock-in-rio-em-busca-das-melhores-fotografias-no-instagram-para-oferecer-premios\\\/\"},\"author\":{\"name\":\"Rui Lavrador\",\"@id\":\"https:\\\/\\\/infocul.pt\\\/arquivo\\\/#\\\/schema\\\/person\\\/060a108d7f2d85fc6aae505119ee5234\"},\"headline\":\"Rock in Rio em busca das melhores fotografias no Instagram para oferecer pr\u00e9mios\",\"datePublished\":\"2016-06-28T16:44:05+00:00\",\"mainEntityOfPage\":{\"@id\":\"https:\\\/\\\/infocul.pt\\\/arquivo\\\/cultura\\\/rock-in-rio-em-busca-das-melhores-fotografias-no-instagram-para-oferecer-premios\\\/\"},\"wordCount\":218,\"commentCount\":0,\"publisher\":{\"@id\":\"https:\\\/\\\/infocul.pt\\\/arquivo\\\/#organization\"},\"image\":{\"@id\":\"https:\\\/\\\/infocul.pt\\\/arquivo\\\/cultura\\\/rock-in-rio-em-busca-das-melhores-fotografias-no-instagram-para-oferecer-premios\\\/#primaryimage\"},\"thumbnailUrl\":\"https:\\\/\\\/infocul.pt\\\/arquivo\\\/wp-content\\\/uploads\\\/2016\\\/04\\\/Rock-in-Rio.png\",\"keywords\":[\"Instagram\",\"Rock in Rio\"],\"articleSection\":[\"Cultura\",\"Outros\"],\"inLanguage\":\"pt-PT\"},{\"@type\":\"WebPage\",\"@id\":\"https:\\\/\\\/infocul.pt\\\/arquivo\\\/cultura\\\/rock-in-rio-em-busca-das-melhores-fotografias-no-instagram-para-oferecer-premios\\\/\",\"url\":\"https:\\\/\\\/infocul.pt\\\/arquivo\\\/cultura\\\/rock-in-rio-em-busca-das-melhores-fotografias-no-instagram-para-oferecer-premios\\\/\",\"name\":\"Rock in Rio em busca das melhores fotografias no Instagram para oferecer pr\u00e9mios | Infocul.pt - Arquivo Digital\",\"isPartOf\":{\"@id\":\"https:\\\/\\\/infocul.pt\\\/arquivo\\\/#website\"},\"primaryImageOfPage\":{\"@id\":\"https:\\\/\\\/infocul.pt\\\/arquivo\\\/cultura\\\/rock-in-rio-em-busca-das-melhores-fotografias-no-instagram-para-oferecer-premios\\\/#primaryimage\"},\"image\":{\"@id\":\"https:\\\/\\\/infocul.pt\\\/arquivo\\\/cultura\\\/rock-in-rio-em-busca-das-melhores-fotografias-no-instagram-para-oferecer-premios\\\/#primaryimage\"},\"thumbnailUrl\":\"https:\\\/\\\/infocul.pt\\\/arquivo\\\/wp-content\\\/uploads\\\/2016\\\/04\\\/Rock-in-Rio.png\",\"datePublished\":\"2016-06-28T16:44:05+00:00\",\"description\":\"Rock in Rio em busca das melhores fotografias no Instagram para oferecer pr\u00e9mios | Infocul.pt - Arquivo Digital\",\"breadcrumb\":{\"@id\":\"https:\\\/\\\/infocul.pt\\\/arquivo\\\/cultura\\\/rock-in-rio-em-busca-das-melhores-fotografias-no-instagram-para-oferecer-premios\\\/#breadcrumb\"},\"inLanguage\":\"pt-PT\",\"potentialAction\":[{\"@type\":\"ReadAction\",\"target\":[\"https:\\\/\\\/infocul.pt\\\/arquivo\\\/cultura\\\/rock-in-rio-em-busca-das-melhores-fotografias-no-instagram-para-oferecer-premios\\\/\"]}]},{\"@type\":\"ImageObject\",\"inLanguage\":\"pt-PT\",\"@id\":\"https:\\\/\\\/infocul.pt\\\/arquivo\\\/cultura\\\/rock-in-rio-em-busca-das-melhores-fotografias-no-instagram-para-oferecer-premios\\\/#primaryimage\",\"url\":\"https:\\\/\\\/infocul.pt\\\/arquivo\\\/wp-content\\\/uploads\\\/2016\\\/04\\\/Rock-in-Rio.png\",\"contentUrl\":\"https:\\\/\\\/infocul.pt\\\/arquivo\\\/wp-content\\\/uploads\\\/2016\\\/04\\\/Rock-in-Rio.png\",\"width\":611,\"height\":461},{\"@type\":\"BreadcrumbList\",\"@id\":\"https:\\\/\\\/infocul.pt\\\/arquivo\\\/cultura\\\/rock-in-rio-em-busca-das-melhores-fotografias-no-instagram-para-oferecer-premios\\\/#breadcrumb\",\"itemListElement\":[{\"@type\":\"ListItem\",\"position\":1,\"name\":\"Home\",\"item\":\"https:\\\/\\\/infocul.pt\\\/arquivo\\\/\"},{\"@type\":\"ListItem\",\"position\":2,\"name\":\"Rock in Rio em busca das melhores fotografias no Instagram para oferecer pr\u00e9mios\"}]},{\"@type\":\"WebSite\",\"@id\":\"https:\\\/\\\/infocul.pt\\\/arquivo\\\/#website\",\"url\":\"https:\\\/\\\/infocul.pt\\\/arquivo\\\/\",\"name\":\"Infocul.pt - Arquivo Digital\",\"description\":\"Arquivo digital da Infocul.pt\",\"publisher\":{\"@id\":\"https:\\\/\\\/infocul.pt\\\/arquivo\\\/#organization\"},\"potentialAction\":[{\"@type\":\"SearchAction\",\"target\":{\"@type\":\"EntryPoint\",\"urlTemplate\":\"https:\\\/\\\/infocul.pt\\\/arquivo\\\/?s={search_term_string}\"},\"query-input\":{\"@type\":\"PropertyValueSpecification\",\"valueRequired\":true,\"valueName\":\"search_term_string\"}}],\"inLanguage\":\"pt-PT\"},{\"@type\":\"Organization\",\"@id\":\"https:\\\/\\\/infocul.pt\\\/arquivo\\\/#organization\",\"name\":\"Infocul.pt\",\"url\":\"https:\\\/\\\/infocul.pt\\\/arquivo\\\/\",\"logo\":{\"@type\":\"ImageObject\",\"inLanguage\":\"pt-PT\",\"@id\":\"https:\\\/\\\/infocul.pt\\\/arquivo\\\/#\\\/schema\\\/logo\\\/image\\\/\",\"url\":\"https:\\\/\\\/infocul.pt\\\/arquivo\\\/wp-content\\\/uploads\\\/2018\\\/12\\\/Infocul_logo-1.png\",\"contentUrl\":\"https:\\\/\\\/infocul.pt\\\/arquivo\\\/wp-content\\\/uploads\\\/2018\\\/12\\\/Infocul_logo-1.png\",\"width\":800,\"height\":800,\"caption\":\"Infocul.pt\"},\"image\":{\"@id\":\"https:\\\/\\\/infocul.pt\\\/arquivo\\\/#\\\/schema\\\/logo\\\/image\\\/\"},\"sameAs\":[\"https:\\\/\\\/www.facebook.com\\\/Infocul-147816815585015\\\/\",\"https:\\\/\\\/x.com\\\/Infoculpt\",\"http:\\\/\\\/www.pictaram.com\\\/user\\\/infocul.pt\\\/2370423710\",\"https:\\\/\\\/www.youtube.com\\\/channel\\\/UCYEB91AGI9FL9ek2i_IaQAA\"]},{\"@type\":\"Person\",\"@id\":\"https:\\\/\\\/infocul.pt\\\/arquivo\\\/#\\\/schema\\\/person\\\/060a108d7f2d85fc6aae505119ee5234\",\"name\":\"Rui Lavrador\",\"image\":{\"@type\":\"ImageObject\",\"inLanguage\":\"pt-PT\",\"@id\":\"https:\\\/\\\/secure.gravatar.com\\\/avatar\\\/93febd6873394aa8e975148548a0cb203acfdd42d2c85c5f1408e1a76678aece?s=96&d=mm&r=g\",\"url\":\"https:\\\/\\\/secure.gravatar.com\\\/avatar\\\/93febd6873394aa8e975148548a0cb203acfdd42d2c85c5f1408e1a76678aece?s=96&d=mm&r=g\",\"contentUrl\":\"https:\\\/\\\/secure.gravatar.com\\\/avatar\\\/93febd6873394aa8e975148548a0cb203acfdd42d2c85c5f1408e1a76678aece?s=96&d=mm&r=g\",\"caption\":\"Rui Lavrador\"},\"description\":\"Iniciou em 2011 o seu percurso em comunica\u00e7\u00e3o social, tendo integrado v\u00e1rios projectos editoriais. Durante o seu percurso integrou projectos como Jornal Hardm\u00fasica, LusoNot\u00edcias, Toureio.pt, ODigital.pt, entre outros \u00d3rg\u00e3os de Comunica\u00e7\u00e3o Social nacionais, na redac\u00e7\u00e3o de v\u00e1rios artigos. Entrevistou a grande maioria das personalidades mais importantes da vida social e cultural do pa\u00eds, destacando-se, tamb\u00e9m, na aprecia\u00e7\u00e3o de v\u00e1rios espect\u00e1culos. Durante o seu percurso, deu a conhecer v\u00e1rios artistas, at\u00e9 ent\u00e3o desconhecidos, ao grande p\u00fablico. Em 2015 criou e fundou o Infocul.pt, projecto no qual assume a direc\u00e7\u00e3o editorial.\",\"sameAs\":[\"http:\\\/\\\/www.infocul.pt\"]}]}<\/script>\n<!-- \/ Yoast SEO plugin. -->","yoast_head_json":{"title":"Rock in Rio em busca das melhores fotografias no Instagram para oferecer pr\u00e9mios | Infocul.pt - Arquivo Digital","description":"Rock in Rio em busca das melhores fotografias no Instagram para oferecer pr\u00e9mios | Infocul.pt - Arquivo Digital","robots":{"index":"noindex","follow":"follow","max-snippet":"max-snippet:-1","max-image-preview":"max-image-preview:large","max-video-preview":"max-video-preview:-1"},"og_locale":"pt_PT","og_type":"article","og_title":"Rock in Rio em busca das melhores fotografias no Instagram para oferecer pr\u00e9mios | Infocul.pt - Arquivo Digital","og_description":"Rock in Rio em busca das melhores fotografias no Instagram para oferecer pr\u00e9mios | Infocul.pt - Arquivo Digital","og_url":"https:\/\/infocul.pt\/arquivo\/cultura\/rock-in-rio-em-busca-das-melhores-fotografias-no-instagram-para-oferecer-premios\/","og_site_name":"Infocul.pt - Arquivo Digital","article_publisher":"https:\/\/www.facebook.com\/Infocul-147816815585015\/","article_published_time":"2016-06-28T16:44:05+00:00","og_image":[{"width":611,"height":461,"url":"https:\/\/infocul.pt\/arquivo\/wp-content\/uploads\/2016\/04\/Rock-in-Rio.png","type":"image\/png"}],"author":"Rui Lavrador","twitter_card":"summary_large_image","twitter_creator":"@Infoculpt","twitter_site":"@Infoculpt","twitter_misc":{"Escrito por":"Rui Lavrador","Tempo estimado de leitura":"1 minuto"},"schema":{"@context":"https:\/\/schema.org","@graph":[{"@type":"Article","@id":"https:\/\/infocul.pt\/arquivo\/cultura\/rock-in-rio-em-busca-das-melhores-fotografias-no-instagram-para-oferecer-premios\/#article","isPartOf":{"@id":"https:\/\/infocul.pt\/arquivo\/cultura\/rock-in-rio-em-busca-das-melhores-fotografias-no-instagram-para-oferecer-premios\/"},"author":{"name":"Rui Lavrador","@id":"https:\/\/infocul.pt\/arquivo\/#\/schema\/person\/060a108d7f2d85fc6aae505119ee5234"},"headline":"Rock in Rio em busca das melhores fotografias no Instagram para oferecer pr\u00e9mios","datePublished":"2016-06-28T16:44:05+00:00","mainEntityOfPage":{"@id":"https:\/\/infocul.pt\/arquivo\/cultura\/rock-in-rio-em-busca-das-melhores-fotografias-no-instagram-para-oferecer-premios\/"},"wordCount":218,"commentCount":0,"publisher":{"@id":"https:\/\/infocul.pt\/arquivo\/#organization"},"image":{"@id":"https:\/\/infocul.pt\/arquivo\/cultura\/rock-in-rio-em-busca-das-melhores-fotografias-no-instagram-para-oferecer-premios\/#primaryimage"},"thumbnailUrl":"https:\/\/infocul.pt\/arquivo\/wp-content\/uploads\/2016\/04\/Rock-in-Rio.png","keywords":["Instagram","Rock in Rio"],"articleSection":["Cultura","Outros"],"inLanguage":"pt-PT"},{"@type":"WebPage","@id":"https:\/\/infocul.pt\/arquivo\/cultura\/rock-in-rio-em-busca-das-melhores-fotografias-no-instagram-para-oferecer-premios\/","url":"https:\/\/infocul.pt\/arquivo\/cultura\/rock-in-rio-em-busca-das-melhores-fotografias-no-instagram-para-oferecer-premios\/","name":"Rock in Rio em busca das melhores fotografias no Instagram para oferecer pr\u00e9mios | Infocul.pt - Arquivo Digital","isPartOf":{"@id":"https:\/\/infocul.pt\/arquivo\/#website"},"primaryImageOfPage":{"@id":"https:\/\/infocul.pt\/arquivo\/cultura\/rock-in-rio-em-busca-das-melhores-fotografias-no-instagram-para-oferecer-premios\/#primaryimage"},"image":{"@id":"https:\/\/infocul.pt\/arquivo\/cultura\/rock-in-rio-em-busca-das-melhores-fotografias-no-instagram-para-oferecer-premios\/#primaryimage"},"thumbnailUrl":"https:\/\/infocul.pt\/arquivo\/wp-content\/uploads\/2016\/04\/Rock-in-Rio.png","datePublished":"2016-06-28T16:44:05+00:00","description":"Rock in Rio em busca das melhores fotografias no Instagram para oferecer pr\u00e9mios | Infocul.pt - Arquivo Digital","breadcrumb":{"@id":"https:\/\/infocul.pt\/arquivo\/cultura\/rock-in-rio-em-busca-das-melhores-fotografias-no-instagram-para-oferecer-premios\/#breadcrumb"},"inLanguage":"pt-PT","potentialAction":[{"@type":"ReadAction","target":["https:\/\/infocul.pt\/arquivo\/cultura\/rock-in-rio-em-busca-das-melhores-fotografias-no-instagram-para-oferecer-premios\/"]}]},{"@type":"ImageObject","inLanguage":"pt-PT","@id":"https:\/\/infocul.pt\/arquivo\/cultura\/rock-in-rio-em-busca-das-melhores-fotografias-no-instagram-para-oferecer-premios\/#primaryimage","url":"https:\/\/infocul.pt\/arquivo\/wp-content\/uploads\/2016\/04\/Rock-in-Rio.png","contentUrl":"https:\/\/infocul.pt\/arquivo\/wp-content\/uploads\/2016\/04\/Rock-in-Rio.png","width":611,"height":461},{"@type":"BreadcrumbList","@id":"https:\/\/infocul.pt\/arquivo\/cultura\/rock-in-rio-em-busca-das-melhores-fotografias-no-instagram-para-oferecer-premios\/#breadcrumb","itemListElement":[{"@type":"ListItem","position":1,"name":"Home","item":"https:\/\/infocul.pt\/arquivo\/"},{"@type":"ListItem","position":2,"name":"Rock in Rio em busca das melhores fotografias no Instagram para oferecer pr\u00e9mios"}]},{"@type":"WebSite","@id":"https:\/\/infocul.pt\/arquivo\/#website","url":"https:\/\/infocul.pt\/arquivo\/","name":"Infocul.pt - Arquivo Digital","description":"Arquivo digital da Infocul.pt","publisher":{"@id":"https:\/\/infocul.pt\/arquivo\/#organization"},"potentialAction":[{"@type":"SearchAction","target":{"@type":"EntryPoint","urlTemplate":"https:\/\/infocul.pt\/arquivo\/?s={search_term_string}"},"query-input":{"@type":"PropertyValueSpecification","valueRequired":true,"valueName":"search_term_string"}}],"inLanguage":"pt-PT"},{"@type":"Organization","@id":"https:\/\/infocul.pt\/arquivo\/#organization","name":"Infocul.pt","url":"https:\/\/infocul.pt\/arquivo\/","logo":{"@type":"ImageObject","inLanguage":"pt-PT","@id":"https:\/\/infocul.pt\/arquivo\/#\/schema\/logo\/image\/","url":"https:\/\/infocul.pt\/arquivo\/wp-content\/uploads\/2018\/12\/Infocul_logo-1.png","contentUrl":"https:\/\/infocul.pt\/arquivo\/wp-content\/uploads\/2018\/12\/Infocul_logo-1.png","width":800,"height":800,"caption":"Infocul.pt"},"image":{"@id":"https:\/\/infocul.pt\/arquivo\/#\/schema\/logo\/image\/"},"sameAs":["https:\/\/www.facebook.com\/Infocul-147816815585015\/","https:\/\/x.com\/Infoculpt","http:\/\/www.pictaram.com\/user\/infocul.pt\/2370423710","https:\/\/www.youtube.com\/channel\/UCYEB91AGI9FL9ek2i_IaQAA"]},{"@type":"Person","@id":"https:\/\/infocul.pt\/arquivo\/#\/schema\/person\/060a108d7f2d85fc6aae505119ee5234","name":"Rui Lavrador","image":{"@type":"ImageObject","inLanguage":"pt-PT","@id":"https:\/\/secure.gravatar.com\/avatar\/93febd6873394aa8e975148548a0cb203acfdd42d2c85c5f1408e1a76678aece?s=96&d=mm&r=g","url":"https:\/\/secure.gravatar.com\/avatar\/93febd6873394aa8e975148548a0cb203acfdd42d2c85c5f1408e1a76678aece?s=96&d=mm&r=g","contentUrl":"https:\/\/secure.gravatar.com\/avatar\/93febd6873394aa8e975148548a0cb203acfdd42d2c85c5f1408e1a76678aece?s=96&d=mm&r=g","caption":"Rui Lavrador"},"description":"Iniciou em 2011 o seu percurso em comunica\u00e7\u00e3o social, tendo integrado v\u00e1rios projectos editoriais. Durante o seu percurso integrou projectos como Jornal Hardm\u00fasica, LusoNot\u00edcias, Toureio.pt, ODigital.pt, entre outros \u00d3rg\u00e3os de Comunica\u00e7\u00e3o Social nacionais, na redac\u00e7\u00e3o de v\u00e1rios artigos. Entrevistou a grande maioria das personalidades mais importantes da vida social e cultural do pa\u00eds, destacando-se, tamb\u00e9m, na aprecia\u00e7\u00e3o de v\u00e1rios espect\u00e1culos. Durante o seu percurso, deu a conhecer v\u00e1rios artistas, at\u00e9 ent\u00e3o desconhecidos, ao grande p\u00fablico. Em 2015 criou e fundou o Infocul.pt, projecto no qual assume a direc\u00e7\u00e3o editorial.","sameAs":["http:\/\/www.infocul.pt"]}]}},"_links":{"self":[{"href":"https:\/\/infocul.pt\/arquivo\/wp-json\/wp\/v2\/posts\/10148","targetHints":{"allow":["GET"]}}],"collection":[{"href":"https:\/\/infocul.pt\/arquivo\/wp-json\/wp\/v2\/posts"}],"about":[{"href":"https:\/\/infocul.pt\/arquivo\/wp-json\/wp\/v2\/types\/post"}],"author":[{"embeddable":true,"href":"https:\/\/infocul.pt\/arquivo\/wp-json\/wp\/v2\/users\/2"}],"replies":[{"embeddable":true,"href":"https:\/\/infocul.pt\/arquivo\/wp-json\/wp\/v2\/comments?post=10148"}],"version-history":[{"count":0,"href":"https:\/\/infocul.pt\/arquivo\/wp-json\/wp\/v2\/posts\/10148\/revisions"}],"wp:featuredmedia":[{"embeddable":true,"href":"https:\/\/infocul.pt\/arquivo\/wp-json\/wp\/v2\/media\/6634"}],"wp:attachment":[{"href":"https:\/\/infocul.pt\/arquivo\/wp-json\/wp\/v2\/media?parent=10148"}],"wp:term":[{"taxonomy":"category","embeddable":true,"href":"https:\/\/infocul.pt\/arquivo\/wp-json\/wp\/v2\/categories?post=10148"},{"taxonomy":"post_tag","embeddable":true,"href":"https:\/\/infocul.pt\/arquivo\/wp-json\/wp\/v2\/tags?post=10148"}],"curies":[{"name":"wp","href":"https:\/\/api.w.org\/{rel}","templated":true}]}}