{"id":10287,"date":"2016-07-02T11:46:45","date_gmt":"2016-07-02T11:46:45","guid":{"rendered":"http:\/\/infocul.pt\/?p=10287"},"modified":"2016-07-02T11:46:45","modified_gmt":"2016-07-02T11:46:45","slug":"presidente-da-republica-inaugura-o-museu-de-arte-contemporanea-nadir-afonso-em-chaves","status":"publish","type":"post","link":"https:\/\/infocul.pt\/arquivo\/cultura\/presidente-da-republica-inaugura-o-museu-de-arte-contemporanea-nadir-afonso-em-chaves\/","title":{"rendered":"Presidente da Rep\u00fablica inaugura o Museu de Arte Contempor\u00e2nea Nadir Afonso em Chaves"},"content":{"rendered":"<p>\t<img decoding=\"async\" width=\"600\" height=\"400\" class=\"so-widget-image lazyload\" style=\"--smush-placeholder-width: 600px; --smush-placeholder-aspect-ratio: 600\/400;max-width:100%; height:auto; display:block\" data-src=\"http:\/\/infocul.pt\/wp-content\/uploads\/2016\/07\/IMG_8283.jpg\" src=\"data:image\/svg+xml;base64,PHN2ZyB3aWR0aD0iMSIgaGVpZ2h0PSIxIiB4bWxucz0iaHR0cDovL3d3dy53My5vcmcvMjAwMC9zdmciPjwvc3ZnPg==\"><\/p>\n<p><span style=\"color: #000000; font-family: Calibri;\">O Presidente da Rep\u00fablica, Marcelo Rebelo de Sousa, vai descerrar a placa do novo Museu de Arte Contempor\u00e2nea Nadir Afonso, em Chaves, e inaugurar a exposi\u00e7\u00e3o do artista flaviense no dia 04 de Julho pelas 20:30. <\/span><\/p>\n<p><span style=\"color: #000000; font-family: Calibri;\">Or\u00e7ado em cerca de 8 milh\u00f5es de euros, financiados a 85% por fundos comunit\u00e1rios, este espa\u00e7o, obra do arquitecto \u00c1lvaro Siza Vieira, cuja constru\u00e7\u00e3o come\u00e7ou em 2011, re\u00fane o esp\u00f3lio do artista da terra, retratando-o como pintor, mas tamb\u00e9m como fil\u00f3sofo. <\/span><\/p>\n<p><span style=\"color: #000000; font-family: Calibri;\">&nbsp;<\/span><\/p>\n<p><span style=\"color: #000000; font-family: Calibri;\">&nbsp;<\/span><\/p>\n<p><span style=\"color: #000000; font-family: Calibri;\">A C\u00e2mara Municipal de Chaves espera que o museu coloque a cidade na rota do Turismo Cultural e seja um contributo importante para a preserva\u00e7\u00e3o de uma das mais relevantes cole\u00e7\u00f5es das artes pl\u00e1sticas portuguesas. <\/span><\/p>\n<p><span style=\"color: #000000; font-family: Calibri;\">&nbsp;<\/span><\/p>\n<p><span style=\"color: #000000; font-family: Calibri;\">&nbsp;<\/span><\/p>\n<p><span style=\"color: #000000; font-family: Calibri;\">O Museu de Arte Contempor\u00e2nea Nadir Afonso vai abrir as suas portas ao p\u00fabico no dia 8 de Julho, data em que se assinala o Dia do Munic\u00edpio de Chaves.<\/span><\/p>\n","protected":false},"excerpt":{"rendered":"<p>O Presidente da Rep\u00fablica, Marcelo Rebelo de Sousa, vai descerrar a placa do novo Museu de Arte Contempor\u00e2nea Nadir Afonso, em Chaves, e inaugurar a exposi\u00e7\u00e3o do artista flaviense no dia 04 de Julho pelas 20:30. Or\u00e7ado em cerca de 8 milh\u00f5es de euros, financiados a 85% por fundos comunit\u00e1rios, este espa\u00e7o, obra do arquitecto [&hellip;]<\/p>\n","protected":false},"author":2,"featured_media":10288,"comment_status":"open","ping_status":"closed","sticky":false,"template":"","format":"standard","meta":{"footnotes":""},"categories":[2,9],"tags":[1696,109],"class_list":["post-10287","post","type-post","status-publish","format-standard","has-post-thumbnail","hentry","category-cultura","category-outros","tag-chaves","tag-marcelo-rebelo-de-sousa"],"yoast_head":"<!-- This site is optimized with the Yoast SEO plugin v27.4 - https:\/\/yoast.com\/product\/yoast-seo-wordpress\/ -->\n<title>Presidente da Rep\u00fablica inaugura o Museu de Arte Contempor\u00e2nea Nadir Afonso em Chaves | Infocul.pt - Arquivo Digital<\/title>\n<meta name=\"description\" content=\"Presidente da Rep\u00fablica inaugura o Museu de Arte Contempor\u00e2nea Nadir Afonso em Chaves | Infocul.pt - Arquivo Digital\" \/>\n<meta name=\"robots\" content=\"noindex, follow, max-snippet:-1, max-image-preview:large, max-video-preview:-1\" \/>\n<meta property=\"og:locale\" content=\"pt_PT\" \/>\n<meta property=\"og:type\" content=\"article\" \/>\n<meta property=\"og:title\" content=\"Presidente da Rep\u00fablica inaugura o Museu de Arte Contempor\u00e2nea Nadir Afonso em Chaves | Infocul.pt - Arquivo Digital\" \/>\n<meta property=\"og:description\" content=\"Presidente da Rep\u00fablica inaugura o Museu de Arte Contempor\u00e2nea Nadir Afonso em Chaves | Infocul.pt - Arquivo Digital\" \/>\n<meta property=\"og:url\" content=\"https:\/\/infocul.pt\/arquivo\/cultura\/presidente-da-republica-inaugura-o-museu-de-arte-contemporanea-nadir-afonso-em-chaves\/\" \/>\n<meta property=\"og:site_name\" content=\"Infocul.pt - Arquivo Digital\" \/>\n<meta property=\"article:publisher\" content=\"https:\/\/www.facebook.com\/Infocul-147816815585015\/\" \/>\n<meta property=\"article:published_time\" content=\"2016-07-02T11:46:45+00:00\" \/>\n<meta property=\"og:image\" content=\"https:\/\/infocul.pt\/arquivo\/wp-content\/uploads\/2016\/07\/IMG_8283.jpg\" \/>\n\t<meta property=\"og:image:width\" content=\"600\" \/>\n\t<meta property=\"og:image:height\" content=\"400\" \/>\n\t<meta property=\"og:image:type\" content=\"image\/jpeg\" \/>\n<meta name=\"author\" content=\"Rui Lavrador\" \/>\n<meta name=\"twitter:card\" content=\"summary_large_image\" \/>\n<meta name=\"twitter:creator\" content=\"@Infoculpt\" \/>\n<meta name=\"twitter:site\" content=\"@Infoculpt\" \/>\n<meta name=\"twitter:label1\" content=\"Escrito por\" \/>\n\t<meta name=\"twitter:data1\" content=\"Rui Lavrador\" \/>\n\t<meta name=\"twitter:label2\" content=\"Tempo estimado de leitura\" \/>\n\t<meta name=\"twitter:data2\" content=\"1 minuto\" \/>\n<script type=\"application\/ld+json\" class=\"yoast-schema-graph\">{\"@context\":\"https:\\\/\\\/schema.org\",\"@graph\":[{\"@type\":\"Article\",\"@id\":\"https:\\\/\\\/infocul.pt\\\/arquivo\\\/cultura\\\/presidente-da-republica-inaugura-o-museu-de-arte-contemporanea-nadir-afonso-em-chaves\\\/#article\",\"isPartOf\":{\"@id\":\"https:\\\/\\\/infocul.pt\\\/arquivo\\\/cultura\\\/presidente-da-republica-inaugura-o-museu-de-arte-contemporanea-nadir-afonso-em-chaves\\\/\"},\"author\":{\"name\":\"Rui Lavrador\",\"@id\":\"https:\\\/\\\/infocul.pt\\\/arquivo\\\/#\\\/schema\\\/person\\\/060a108d7f2d85fc6aae505119ee5234\"},\"headline\":\"Presidente da Rep\u00fablica inaugura o Museu de Arte Contempor\u00e2nea Nadir Afonso em Chaves\",\"datePublished\":\"2016-07-02T11:46:45+00:00\",\"mainEntityOfPage\":{\"@id\":\"https:\\\/\\\/infocul.pt\\\/arquivo\\\/cultura\\\/presidente-da-republica-inaugura-o-museu-de-arte-contemporanea-nadir-afonso-em-chaves\\\/\"},\"wordCount\":175,\"commentCount\":0,\"publisher\":{\"@id\":\"https:\\\/\\\/infocul.pt\\\/arquivo\\\/#organization\"},\"image\":{\"@id\":\"https:\\\/\\\/infocul.pt\\\/arquivo\\\/cultura\\\/presidente-da-republica-inaugura-o-museu-de-arte-contemporanea-nadir-afonso-em-chaves\\\/#primaryimage\"},\"thumbnailUrl\":\"https:\\\/\\\/infocul.pt\\\/arquivo\\\/wp-content\\\/uploads\\\/2016\\\/07\\\/IMG_8283.jpg\",\"keywords\":[\"Chaves\",\"Marcelo Rebelo de Sousa\"],\"articleSection\":[\"Cultura\",\"Outros\"],\"inLanguage\":\"pt-PT\"},{\"@type\":\"WebPage\",\"@id\":\"https:\\\/\\\/infocul.pt\\\/arquivo\\\/cultura\\\/presidente-da-republica-inaugura-o-museu-de-arte-contemporanea-nadir-afonso-em-chaves\\\/\",\"url\":\"https:\\\/\\\/infocul.pt\\\/arquivo\\\/cultura\\\/presidente-da-republica-inaugura-o-museu-de-arte-contemporanea-nadir-afonso-em-chaves\\\/\",\"name\":\"Presidente da Rep\u00fablica inaugura o Museu de Arte Contempor\u00e2nea Nadir Afonso em Chaves | Infocul.pt - Arquivo Digital\",\"isPartOf\":{\"@id\":\"https:\\\/\\\/infocul.pt\\\/arquivo\\\/#website\"},\"primaryImageOfPage\":{\"@id\":\"https:\\\/\\\/infocul.pt\\\/arquivo\\\/cultura\\\/presidente-da-republica-inaugura-o-museu-de-arte-contemporanea-nadir-afonso-em-chaves\\\/#primaryimage\"},\"image\":{\"@id\":\"https:\\\/\\\/infocul.pt\\\/arquivo\\\/cultura\\\/presidente-da-republica-inaugura-o-museu-de-arte-contemporanea-nadir-afonso-em-chaves\\\/#primaryimage\"},\"thumbnailUrl\":\"https:\\\/\\\/infocul.pt\\\/arquivo\\\/wp-content\\\/uploads\\\/2016\\\/07\\\/IMG_8283.jpg\",\"datePublished\":\"2016-07-02T11:46:45+00:00\",\"description\":\"Presidente da Rep\u00fablica inaugura o Museu de Arte Contempor\u00e2nea Nadir Afonso em Chaves | Infocul.pt - Arquivo Digital\",\"breadcrumb\":{\"@id\":\"https:\\\/\\\/infocul.pt\\\/arquivo\\\/cultura\\\/presidente-da-republica-inaugura-o-museu-de-arte-contemporanea-nadir-afonso-em-chaves\\\/#breadcrumb\"},\"inLanguage\":\"pt-PT\",\"potentialAction\":[{\"@type\":\"ReadAction\",\"target\":[\"https:\\\/\\\/infocul.pt\\\/arquivo\\\/cultura\\\/presidente-da-republica-inaugura-o-museu-de-arte-contemporanea-nadir-afonso-em-chaves\\\/\"]}]},{\"@type\":\"ImageObject\",\"inLanguage\":\"pt-PT\",\"@id\":\"https:\\\/\\\/infocul.pt\\\/arquivo\\\/cultura\\\/presidente-da-republica-inaugura-o-museu-de-arte-contemporanea-nadir-afonso-em-chaves\\\/#primaryimage\",\"url\":\"https:\\\/\\\/infocul.pt\\\/arquivo\\\/wp-content\\\/uploads\\\/2016\\\/07\\\/IMG_8283.jpg\",\"contentUrl\":\"https:\\\/\\\/infocul.pt\\\/arquivo\\\/wp-content\\\/uploads\\\/2016\\\/07\\\/IMG_8283.jpg\",\"width\":600,\"height\":400},{\"@type\":\"BreadcrumbList\",\"@id\":\"https:\\\/\\\/infocul.pt\\\/arquivo\\\/cultura\\\/presidente-da-republica-inaugura-o-museu-de-arte-contemporanea-nadir-afonso-em-chaves\\\/#breadcrumb\",\"itemListElement\":[{\"@type\":\"ListItem\",\"position\":1,\"name\":\"Home\",\"item\":\"https:\\\/\\\/infocul.pt\\\/arquivo\\\/\"},{\"@type\":\"ListItem\",\"position\":2,\"name\":\"Presidente da Rep\u00fablica inaugura o Museu de Arte Contempor\u00e2nea Nadir Afonso em Chaves\"}]},{\"@type\":\"WebSite\",\"@id\":\"https:\\\/\\\/infocul.pt\\\/arquivo\\\/#website\",\"url\":\"https:\\\/\\\/infocul.pt\\\/arquivo\\\/\",\"name\":\"Infocul.pt - Arquivo Digital\",\"description\":\"Arquivo digital da Infocul.pt\",\"publisher\":{\"@id\":\"https:\\\/\\\/infocul.pt\\\/arquivo\\\/#organization\"},\"potentialAction\":[{\"@type\":\"SearchAction\",\"target\":{\"@type\":\"EntryPoint\",\"urlTemplate\":\"https:\\\/\\\/infocul.pt\\\/arquivo\\\/?s={search_term_string}\"},\"query-input\":{\"@type\":\"PropertyValueSpecification\",\"valueRequired\":true,\"valueName\":\"search_term_string\"}}],\"inLanguage\":\"pt-PT\"},{\"@type\":\"Organization\",\"@id\":\"https:\\\/\\\/infocul.pt\\\/arquivo\\\/#organization\",\"name\":\"Infocul.pt\",\"url\":\"https:\\\/\\\/infocul.pt\\\/arquivo\\\/\",\"logo\":{\"@type\":\"ImageObject\",\"inLanguage\":\"pt-PT\",\"@id\":\"https:\\\/\\\/infocul.pt\\\/arquivo\\\/#\\\/schema\\\/logo\\\/image\\\/\",\"url\":\"https:\\\/\\\/infocul.pt\\\/arquivo\\\/wp-content\\\/uploads\\\/2018\\\/12\\\/Infocul_logo-1.png\",\"contentUrl\":\"https:\\\/\\\/infocul.pt\\\/arquivo\\\/wp-content\\\/uploads\\\/2018\\\/12\\\/Infocul_logo-1.png\",\"width\":800,\"height\":800,\"caption\":\"Infocul.pt\"},\"image\":{\"@id\":\"https:\\\/\\\/infocul.pt\\\/arquivo\\\/#\\\/schema\\\/logo\\\/image\\\/\"},\"sameAs\":[\"https:\\\/\\\/www.facebook.com\\\/Infocul-147816815585015\\\/\",\"https:\\\/\\\/x.com\\\/Infoculpt\",\"http:\\\/\\\/www.pictaram.com\\\/user\\\/infocul.pt\\\/2370423710\",\"https:\\\/\\\/www.youtube.com\\\/channel\\\/UCYEB91AGI9FL9ek2i_IaQAA\"]},{\"@type\":\"Person\",\"@id\":\"https:\\\/\\\/infocul.pt\\\/arquivo\\\/#\\\/schema\\\/person\\\/060a108d7f2d85fc6aae505119ee5234\",\"name\":\"Rui Lavrador\",\"image\":{\"@type\":\"ImageObject\",\"inLanguage\":\"pt-PT\",\"@id\":\"https:\\\/\\\/secure.gravatar.com\\\/avatar\\\/93febd6873394aa8e975148548a0cb203acfdd42d2c85c5f1408e1a76678aece?s=96&d=mm&r=g\",\"url\":\"https:\\\/\\\/secure.gravatar.com\\\/avatar\\\/93febd6873394aa8e975148548a0cb203acfdd42d2c85c5f1408e1a76678aece?s=96&d=mm&r=g\",\"contentUrl\":\"https:\\\/\\\/secure.gravatar.com\\\/avatar\\\/93febd6873394aa8e975148548a0cb203acfdd42d2c85c5f1408e1a76678aece?s=96&d=mm&r=g\",\"caption\":\"Rui Lavrador\"},\"description\":\"Iniciou em 2011 o seu percurso em comunica\u00e7\u00e3o social, tendo integrado v\u00e1rios projectos editoriais. Durante o seu percurso integrou projectos como Jornal Hardm\u00fasica, LusoNot\u00edcias, Toureio.pt, ODigital.pt, entre outros \u00d3rg\u00e3os de Comunica\u00e7\u00e3o Social nacionais, na redac\u00e7\u00e3o de v\u00e1rios artigos. Entrevistou a grande maioria das personalidades mais importantes da vida social e cultural do pa\u00eds, destacando-se, tamb\u00e9m, na aprecia\u00e7\u00e3o de v\u00e1rios espect\u00e1culos. Durante o seu percurso, deu a conhecer v\u00e1rios artistas, at\u00e9 ent\u00e3o desconhecidos, ao grande p\u00fablico. Em 2015 criou e fundou o Infocul.pt, projecto no qual assume a direc\u00e7\u00e3o editorial.\",\"sameAs\":[\"http:\\\/\\\/www.infocul.pt\"]}]}<\/script>\n<!-- \/ Yoast SEO plugin. -->","yoast_head_json":{"title":"Presidente da Rep\u00fablica inaugura o Museu de Arte Contempor\u00e2nea Nadir Afonso em Chaves | Infocul.pt - Arquivo Digital","description":"Presidente da Rep\u00fablica inaugura o Museu de Arte Contempor\u00e2nea Nadir Afonso em Chaves | Infocul.pt - Arquivo Digital","robots":{"index":"noindex","follow":"follow","max-snippet":"max-snippet:-1","max-image-preview":"max-image-preview:large","max-video-preview":"max-video-preview:-1"},"og_locale":"pt_PT","og_type":"article","og_title":"Presidente da Rep\u00fablica inaugura o Museu de Arte Contempor\u00e2nea Nadir Afonso em Chaves | Infocul.pt - Arquivo Digital","og_description":"Presidente da Rep\u00fablica inaugura o Museu de Arte Contempor\u00e2nea Nadir Afonso em Chaves | Infocul.pt - Arquivo Digital","og_url":"https:\/\/infocul.pt\/arquivo\/cultura\/presidente-da-republica-inaugura-o-museu-de-arte-contemporanea-nadir-afonso-em-chaves\/","og_site_name":"Infocul.pt - Arquivo Digital","article_publisher":"https:\/\/www.facebook.com\/Infocul-147816815585015\/","article_published_time":"2016-07-02T11:46:45+00:00","og_image":[{"width":600,"height":400,"url":"https:\/\/infocul.pt\/arquivo\/wp-content\/uploads\/2016\/07\/IMG_8283.jpg","type":"image\/jpeg"}],"author":"Rui Lavrador","twitter_card":"summary_large_image","twitter_creator":"@Infoculpt","twitter_site":"@Infoculpt","twitter_misc":{"Escrito por":"Rui Lavrador","Tempo estimado de leitura":"1 minuto"},"schema":{"@context":"https:\/\/schema.org","@graph":[{"@type":"Article","@id":"https:\/\/infocul.pt\/arquivo\/cultura\/presidente-da-republica-inaugura-o-museu-de-arte-contemporanea-nadir-afonso-em-chaves\/#article","isPartOf":{"@id":"https:\/\/infocul.pt\/arquivo\/cultura\/presidente-da-republica-inaugura-o-museu-de-arte-contemporanea-nadir-afonso-em-chaves\/"},"author":{"name":"Rui Lavrador","@id":"https:\/\/infocul.pt\/arquivo\/#\/schema\/person\/060a108d7f2d85fc6aae505119ee5234"},"headline":"Presidente da Rep\u00fablica inaugura o Museu de Arte Contempor\u00e2nea Nadir Afonso em Chaves","datePublished":"2016-07-02T11:46:45+00:00","mainEntityOfPage":{"@id":"https:\/\/infocul.pt\/arquivo\/cultura\/presidente-da-republica-inaugura-o-museu-de-arte-contemporanea-nadir-afonso-em-chaves\/"},"wordCount":175,"commentCount":0,"publisher":{"@id":"https:\/\/infocul.pt\/arquivo\/#organization"},"image":{"@id":"https:\/\/infocul.pt\/arquivo\/cultura\/presidente-da-republica-inaugura-o-museu-de-arte-contemporanea-nadir-afonso-em-chaves\/#primaryimage"},"thumbnailUrl":"https:\/\/infocul.pt\/arquivo\/wp-content\/uploads\/2016\/07\/IMG_8283.jpg","keywords":["Chaves","Marcelo Rebelo de Sousa"],"articleSection":["Cultura","Outros"],"inLanguage":"pt-PT"},{"@type":"WebPage","@id":"https:\/\/infocul.pt\/arquivo\/cultura\/presidente-da-republica-inaugura-o-museu-de-arte-contemporanea-nadir-afonso-em-chaves\/","url":"https:\/\/infocul.pt\/arquivo\/cultura\/presidente-da-republica-inaugura-o-museu-de-arte-contemporanea-nadir-afonso-em-chaves\/","name":"Presidente da Rep\u00fablica inaugura o Museu de Arte Contempor\u00e2nea Nadir Afonso em Chaves | Infocul.pt - Arquivo Digital","isPartOf":{"@id":"https:\/\/infocul.pt\/arquivo\/#website"},"primaryImageOfPage":{"@id":"https:\/\/infocul.pt\/arquivo\/cultura\/presidente-da-republica-inaugura-o-museu-de-arte-contemporanea-nadir-afonso-em-chaves\/#primaryimage"},"image":{"@id":"https:\/\/infocul.pt\/arquivo\/cultura\/presidente-da-republica-inaugura-o-museu-de-arte-contemporanea-nadir-afonso-em-chaves\/#primaryimage"},"thumbnailUrl":"https:\/\/infocul.pt\/arquivo\/wp-content\/uploads\/2016\/07\/IMG_8283.jpg","datePublished":"2016-07-02T11:46:45+00:00","description":"Presidente da Rep\u00fablica inaugura o Museu de Arte Contempor\u00e2nea Nadir Afonso em Chaves | Infocul.pt - Arquivo Digital","breadcrumb":{"@id":"https:\/\/infocul.pt\/arquivo\/cultura\/presidente-da-republica-inaugura-o-museu-de-arte-contemporanea-nadir-afonso-em-chaves\/#breadcrumb"},"inLanguage":"pt-PT","potentialAction":[{"@type":"ReadAction","target":["https:\/\/infocul.pt\/arquivo\/cultura\/presidente-da-republica-inaugura-o-museu-de-arte-contemporanea-nadir-afonso-em-chaves\/"]}]},{"@type":"ImageObject","inLanguage":"pt-PT","@id":"https:\/\/infocul.pt\/arquivo\/cultura\/presidente-da-republica-inaugura-o-museu-de-arte-contemporanea-nadir-afonso-em-chaves\/#primaryimage","url":"https:\/\/infocul.pt\/arquivo\/wp-content\/uploads\/2016\/07\/IMG_8283.jpg","contentUrl":"https:\/\/infocul.pt\/arquivo\/wp-content\/uploads\/2016\/07\/IMG_8283.jpg","width":600,"height":400},{"@type":"BreadcrumbList","@id":"https:\/\/infocul.pt\/arquivo\/cultura\/presidente-da-republica-inaugura-o-museu-de-arte-contemporanea-nadir-afonso-em-chaves\/#breadcrumb","itemListElement":[{"@type":"ListItem","position":1,"name":"Home","item":"https:\/\/infocul.pt\/arquivo\/"},{"@type":"ListItem","position":2,"name":"Presidente da Rep\u00fablica inaugura o Museu de Arte Contempor\u00e2nea Nadir Afonso em Chaves"}]},{"@type":"WebSite","@id":"https:\/\/infocul.pt\/arquivo\/#website","url":"https:\/\/infocul.pt\/arquivo\/","name":"Infocul.pt - Arquivo Digital","description":"Arquivo digital da Infocul.pt","publisher":{"@id":"https:\/\/infocul.pt\/arquivo\/#organization"},"potentialAction":[{"@type":"SearchAction","target":{"@type":"EntryPoint","urlTemplate":"https:\/\/infocul.pt\/arquivo\/?s={search_term_string}"},"query-input":{"@type":"PropertyValueSpecification","valueRequired":true,"valueName":"search_term_string"}}],"inLanguage":"pt-PT"},{"@type":"Organization","@id":"https:\/\/infocul.pt\/arquivo\/#organization","name":"Infocul.pt","url":"https:\/\/infocul.pt\/arquivo\/","logo":{"@type":"ImageObject","inLanguage":"pt-PT","@id":"https:\/\/infocul.pt\/arquivo\/#\/schema\/logo\/image\/","url":"https:\/\/infocul.pt\/arquivo\/wp-content\/uploads\/2018\/12\/Infocul_logo-1.png","contentUrl":"https:\/\/infocul.pt\/arquivo\/wp-content\/uploads\/2018\/12\/Infocul_logo-1.png","width":800,"height":800,"caption":"Infocul.pt"},"image":{"@id":"https:\/\/infocul.pt\/arquivo\/#\/schema\/logo\/image\/"},"sameAs":["https:\/\/www.facebook.com\/Infocul-147816815585015\/","https:\/\/x.com\/Infoculpt","http:\/\/www.pictaram.com\/user\/infocul.pt\/2370423710","https:\/\/www.youtube.com\/channel\/UCYEB91AGI9FL9ek2i_IaQAA"]},{"@type":"Person","@id":"https:\/\/infocul.pt\/arquivo\/#\/schema\/person\/060a108d7f2d85fc6aae505119ee5234","name":"Rui Lavrador","image":{"@type":"ImageObject","inLanguage":"pt-PT","@id":"https:\/\/secure.gravatar.com\/avatar\/93febd6873394aa8e975148548a0cb203acfdd42d2c85c5f1408e1a76678aece?s=96&d=mm&r=g","url":"https:\/\/secure.gravatar.com\/avatar\/93febd6873394aa8e975148548a0cb203acfdd42d2c85c5f1408e1a76678aece?s=96&d=mm&r=g","contentUrl":"https:\/\/secure.gravatar.com\/avatar\/93febd6873394aa8e975148548a0cb203acfdd42d2c85c5f1408e1a76678aece?s=96&d=mm&r=g","caption":"Rui Lavrador"},"description":"Iniciou em 2011 o seu percurso em comunica\u00e7\u00e3o social, tendo integrado v\u00e1rios projectos editoriais. Durante o seu percurso integrou projectos como Jornal Hardm\u00fasica, LusoNot\u00edcias, Toureio.pt, ODigital.pt, entre outros \u00d3rg\u00e3os de Comunica\u00e7\u00e3o Social nacionais, na redac\u00e7\u00e3o de v\u00e1rios artigos. Entrevistou a grande maioria das personalidades mais importantes da vida social e cultural do pa\u00eds, destacando-se, tamb\u00e9m, na aprecia\u00e7\u00e3o de v\u00e1rios espect\u00e1culos. Durante o seu percurso, deu a conhecer v\u00e1rios artistas, at\u00e9 ent\u00e3o desconhecidos, ao grande p\u00fablico. Em 2015 criou e fundou o Infocul.pt, projecto no qual assume a direc\u00e7\u00e3o editorial.","sameAs":["http:\/\/www.infocul.pt"]}]}},"_links":{"self":[{"href":"https:\/\/infocul.pt\/arquivo\/wp-json\/wp\/v2\/posts\/10287","targetHints":{"allow":["GET"]}}],"collection":[{"href":"https:\/\/infocul.pt\/arquivo\/wp-json\/wp\/v2\/posts"}],"about":[{"href":"https:\/\/infocul.pt\/arquivo\/wp-json\/wp\/v2\/types\/post"}],"author":[{"embeddable":true,"href":"https:\/\/infocul.pt\/arquivo\/wp-json\/wp\/v2\/users\/2"}],"replies":[{"embeddable":true,"href":"https:\/\/infocul.pt\/arquivo\/wp-json\/wp\/v2\/comments?post=10287"}],"version-history":[{"count":0,"href":"https:\/\/infocul.pt\/arquivo\/wp-json\/wp\/v2\/posts\/10287\/revisions"}],"wp:featuredmedia":[{"embeddable":true,"href":"https:\/\/infocul.pt\/arquivo\/wp-json\/wp\/v2\/media\/10288"}],"wp:attachment":[{"href":"https:\/\/infocul.pt\/arquivo\/wp-json\/wp\/v2\/media?parent=10287"}],"wp:term":[{"taxonomy":"category","embeddable":true,"href":"https:\/\/infocul.pt\/arquivo\/wp-json\/wp\/v2\/categories?post=10287"},{"taxonomy":"post_tag","embeddable":true,"href":"https:\/\/infocul.pt\/arquivo\/wp-json\/wp\/v2\/tags?post=10287"}],"curies":[{"name":"wp","href":"https:\/\/api.w.org\/{rel}","templated":true}]}}