{"id":10600,"date":"2016-07-12T09:02:47","date_gmt":"2016-07-12T09:02:47","guid":{"rendered":"http:\/\/infocul.pt\/?p=10600"},"modified":"2016-07-12T09:02:47","modified_gmt":"2016-07-12T09:02:47","slug":"sic-noticias-estreia-documentario-regresso-ao-mar","status":"publish","type":"post","link":"https:\/\/infocul.pt\/arquivo\/actualidade\/sic-noticias-estreia-documentario-regresso-ao-mar\/","title":{"rendered":"SIC Noticias estreia document\u00e1rio &#8220;Regresso ao Mar&#8221;"},"content":{"rendered":"<p>\t<img decoding=\"async\" width=\"372\" height=\"210\" class=\"so-widget-image lazyload\" style=\"--smush-placeholder-width: 372px; --smush-placeholder-aspect-ratio: 372\/210;max-width:100%; height:auto; display:block\" data-src=\"http:\/\/infocul.pt\/wp-content\/uploads\/2016\/07\/Regresso-ao-Mar.png\" src=\"data:image\/svg+xml;base64,PHN2ZyB3aWR0aD0iMSIgaGVpZ2h0PSIxIiB4bWxucz0iaHR0cDovL3d3dy53My5vcmcvMjAwMC9zdmciPjwvc3ZnPg==\"><\/p>\n<p><span style=\"color: #000000; font-family: Calibri;\"><strong>Quinta-feira, 14 de Julho, estreia \u00e0s 01:30, &#8220;Regresso ao Mar&#8221;, na SIC Noticias. Este \u00e9 um projecto editorial que a SIC, a SIC Not\u00edcias e a revista Vis\u00e3o v\u00e3o desenvolver ao longo do Ver\u00e3o (de 14 de Julho a 1 de Setembro).<\/strong> <\/span><\/p>\n<p><span style=\"color: #000000; font-family: Calibri;\">Dois pontos fortes marcam o arranque o projecto: uma edi\u00e7\u00e3o especial da &#8220;Vis\u00e3o Verde&#8221;, sobre a sustentabilidade das esp\u00e9cies (&#8220;At\u00e9 quando vamos ter peixe&#8221;), e a estreia, na SIC Not\u00edcias, da s\u00e9rie documental &#8220;Regresso ao Mar&#8221;. Este \u00e9 um trabalho de 8 epis\u00f3dios, com 50 minutos cada, assinado pelo realizador Francisco Manso. <\/span><\/p>\n<p><span style=\"color: #000000; font-family: Calibri;\">&nbsp;<\/span><\/p>\n<p><span style=\"color: #000000; font-family: Calibri;\">&nbsp;<\/span><\/p>\n<p><span style=\"color: #000000; font-family: Calibri;\">Ao longo de oito semanas, este projecto far\u00e1 o retrato dos sectores mais importantes ligados aos oceanos: das artes de pesca em Portugal \u00e0 economia do mar, da sustentabilidade das esp\u00e9cies \u00e0 qualidade do peixe, do pre\u00e7o do marisco \u00e0 actividade dos portos e das lotas, da tecnologia usada nas embarca\u00e7\u00f5es \u00e0 aquacultura, da pesca long\u00ednqua do bacalhau \u00e0 investiga\u00e7\u00e3o cient\u00edfica, dos meios de seguran\u00e7a de barcos \u00e0 forma\u00e7\u00e3o profissional dos pescadores. <\/span><\/p>\n<p><span style=\"color: #000000; font-family: Calibri;\">&nbsp;<\/span><\/p>\n<p><span style=\"color: #000000; font-family: Calibri;\">&nbsp;<\/span><\/p>\n<p><span style=\"color: #000000; font-family: Calibri;\">Este projecto editorial integra as reda\u00e7\u00f5es da SIC, SIC Not\u00edcias e Vis\u00e3o, para al\u00e9m das plataformas digitais do grupo Impresa e retratam um dos maiores des\u00edgnios nacionais: o mar. <\/span><\/p>\n<p><span style=\"color: #000000; font-family: Calibri;\">&nbsp;<\/span><\/p>\n<p><span style=\"color: #000000; font-family: Calibri;\">&nbsp;<\/span><\/p>\n<p><span style=\"color: #000000; font-family: Calibri;\">Todas as quintas feiras, durante 8 semanas, de 14 a 1 de Setembro, os espa\u00e7os informativos da SIC e as Edi\u00e7\u00f5es da SIC Not\u00edcias dedicam especial aten\u00e7\u00e3o ao tema desenvolvido no document\u00e1rio que ser\u00e1 emitido nessa noite na SIC Not\u00edcias. <\/span><\/p>\n<p><span style=\"color: #000000; font-family: Calibri;\">&nbsp;<\/span><\/p>\n<p><span style=\"color: #000000; font-family: Calibri;\">&nbsp;<\/span><\/p>\n<p><span style=\"color: #000000; font-family: Calibri;\">Ao longo do dia, ser\u00e1 realizada uma grande opera\u00e7\u00e3o que cruza os principais espa\u00e7os informativos dos dois canais e as plataformas digitais <\/span><\/p>\n","protected":false},"excerpt":{"rendered":"<p>Quinta-feira, 14 de Julho, estreia \u00e0s 01:30, &#8220;Regresso ao Mar&#8221;, na SIC Noticias. Este \u00e9 um projecto editorial que a SIC, a SIC Not\u00edcias e a revista Vis\u00e3o v\u00e3o desenvolver ao longo do Ver\u00e3o (de 14 de Julho a 1 de Setembro). Dois pontos fortes marcam o arranque o projecto: uma edi\u00e7\u00e3o especial da &#8220;Vis\u00e3o [&hellip;]<\/p>\n","protected":false},"author":13,"featured_media":10601,"comment_status":"open","ping_status":"closed","sticky":false,"template":"","format":"standard","meta":{"footnotes":""},"categories":[10,14],"tags":[1728,1264],"class_list":["post-10600","post","type-post","status-publish","format-standard","has-post-thumbnail","hentry","category-actualidade","category-televisao","tag-regresso-ao-mar","tag-sic-noticias"],"yoast_head":"<!-- This site is optimized with the Yoast SEO plugin v27.4 - https:\/\/yoast.com\/product\/yoast-seo-wordpress\/ -->\n<title>SIC Noticias estreia document\u00e1rio &quot;Regresso ao Mar&quot; | Infocul.pt - Arquivo Digital<\/title>\n<meta name=\"description\" content=\"SIC Noticias estreia document\u00e1rio &quot;Regresso ao Mar&quot; | Infocul.pt - Arquivo Digital\" \/>\n<meta name=\"robots\" content=\"noindex, follow, max-snippet:-1, max-image-preview:large, max-video-preview:-1\" \/>\n<meta property=\"og:locale\" content=\"pt_PT\" \/>\n<meta property=\"og:type\" content=\"article\" \/>\n<meta property=\"og:title\" content=\"SIC Noticias estreia document\u00e1rio &quot;Regresso ao Mar&quot; | Infocul.pt - Arquivo Digital\" \/>\n<meta property=\"og:description\" content=\"SIC Noticias estreia document\u00e1rio &quot;Regresso ao Mar&quot; | Infocul.pt - Arquivo Digital\" \/>\n<meta property=\"og:url\" content=\"https:\/\/infocul.pt\/arquivo\/actualidade\/sic-noticias-estreia-documentario-regresso-ao-mar\/\" \/>\n<meta property=\"og:site_name\" content=\"Infocul.pt - Arquivo Digital\" \/>\n<meta property=\"article:publisher\" content=\"https:\/\/www.facebook.com\/Infocul-147816815585015\/\" \/>\n<meta property=\"article:published_time\" content=\"2016-07-12T09:02:47+00:00\" \/>\n<meta property=\"og:image\" content=\"https:\/\/infocul.pt\/arquivo\/wp-content\/uploads\/2016\/07\/Regresso-ao-Mar.png\" \/>\n\t<meta property=\"og:image:width\" content=\"372\" \/>\n\t<meta property=\"og:image:height\" content=\"210\" \/>\n\t<meta property=\"og:image:type\" content=\"image\/png\" \/>\n<meta name=\"author\" content=\"Redac\u00e7\u00e3o\" \/>\n<meta name=\"twitter:card\" content=\"summary_large_image\" \/>\n<meta name=\"twitter:creator\" content=\"@Infoculpt\" \/>\n<meta name=\"twitter:site\" content=\"@Infoculpt\" \/>\n<meta name=\"twitter:label1\" content=\"Escrito por\" \/>\n\t<meta name=\"twitter:data1\" content=\"Redac\u00e7\u00e3o\" \/>\n\t<meta name=\"twitter:label2\" content=\"Tempo estimado de leitura\" \/>\n\t<meta name=\"twitter:data2\" content=\"1 minuto\" \/>\n<script type=\"application\/ld+json\" class=\"yoast-schema-graph\">{\"@context\":\"https:\\\/\\\/schema.org\",\"@graph\":[{\"@type\":\"Article\",\"@id\":\"https:\\\/\\\/infocul.pt\\\/arquivo\\\/actualidade\\\/sic-noticias-estreia-documentario-regresso-ao-mar\\\/#article\",\"isPartOf\":{\"@id\":\"https:\\\/\\\/infocul.pt\\\/arquivo\\\/actualidade\\\/sic-noticias-estreia-documentario-regresso-ao-mar\\\/\"},\"author\":{\"name\":\"Redac\u00e7\u00e3o\",\"@id\":\"https:\\\/\\\/infocul.pt\\\/arquivo\\\/#\\\/schema\\\/person\\\/f243f45ae8d67639120a7586884f3abc\"},\"headline\":\"SIC Noticias estreia document\u00e1rio &#8220;Regresso ao Mar&#8221;\",\"datePublished\":\"2016-07-12T09:02:47+00:00\",\"mainEntityOfPage\":{\"@id\":\"https:\\\/\\\/infocul.pt\\\/arquivo\\\/actualidade\\\/sic-noticias-estreia-documentario-regresso-ao-mar\\\/\"},\"wordCount\":287,\"commentCount\":0,\"publisher\":{\"@id\":\"https:\\\/\\\/infocul.pt\\\/arquivo\\\/#organization\"},\"image\":{\"@id\":\"https:\\\/\\\/infocul.pt\\\/arquivo\\\/actualidade\\\/sic-noticias-estreia-documentario-regresso-ao-mar\\\/#primaryimage\"},\"thumbnailUrl\":\"https:\\\/\\\/infocul.pt\\\/arquivo\\\/wp-content\\\/uploads\\\/2016\\\/07\\\/Regresso-ao-Mar.png\",\"keywords\":[\"Regresso ao Mar\",\"SIC Noticias\"],\"articleSection\":[\"Actualidade\",\"Televis\u00e3o\"],\"inLanguage\":\"pt-PT\"},{\"@type\":\"WebPage\",\"@id\":\"https:\\\/\\\/infocul.pt\\\/arquivo\\\/actualidade\\\/sic-noticias-estreia-documentario-regresso-ao-mar\\\/\",\"url\":\"https:\\\/\\\/infocul.pt\\\/arquivo\\\/actualidade\\\/sic-noticias-estreia-documentario-regresso-ao-mar\\\/\",\"name\":\"SIC Noticias estreia document\u00e1rio \\\"Regresso ao Mar\\\" | Infocul.pt - Arquivo Digital\",\"isPartOf\":{\"@id\":\"https:\\\/\\\/infocul.pt\\\/arquivo\\\/#website\"},\"primaryImageOfPage\":{\"@id\":\"https:\\\/\\\/infocul.pt\\\/arquivo\\\/actualidade\\\/sic-noticias-estreia-documentario-regresso-ao-mar\\\/#primaryimage\"},\"image\":{\"@id\":\"https:\\\/\\\/infocul.pt\\\/arquivo\\\/actualidade\\\/sic-noticias-estreia-documentario-regresso-ao-mar\\\/#primaryimage\"},\"thumbnailUrl\":\"https:\\\/\\\/infocul.pt\\\/arquivo\\\/wp-content\\\/uploads\\\/2016\\\/07\\\/Regresso-ao-Mar.png\",\"datePublished\":\"2016-07-12T09:02:47+00:00\",\"description\":\"SIC Noticias estreia document\u00e1rio \\\"Regresso ao Mar\\\" | Infocul.pt - Arquivo Digital\",\"breadcrumb\":{\"@id\":\"https:\\\/\\\/infocul.pt\\\/arquivo\\\/actualidade\\\/sic-noticias-estreia-documentario-regresso-ao-mar\\\/#breadcrumb\"},\"inLanguage\":\"pt-PT\",\"potentialAction\":[{\"@type\":\"ReadAction\",\"target\":[\"https:\\\/\\\/infocul.pt\\\/arquivo\\\/actualidade\\\/sic-noticias-estreia-documentario-regresso-ao-mar\\\/\"]}]},{\"@type\":\"ImageObject\",\"inLanguage\":\"pt-PT\",\"@id\":\"https:\\\/\\\/infocul.pt\\\/arquivo\\\/actualidade\\\/sic-noticias-estreia-documentario-regresso-ao-mar\\\/#primaryimage\",\"url\":\"https:\\\/\\\/infocul.pt\\\/arquivo\\\/wp-content\\\/uploads\\\/2016\\\/07\\\/Regresso-ao-Mar.png\",\"contentUrl\":\"https:\\\/\\\/infocul.pt\\\/arquivo\\\/wp-content\\\/uploads\\\/2016\\\/07\\\/Regresso-ao-Mar.png\",\"width\":372,\"height\":210},{\"@type\":\"BreadcrumbList\",\"@id\":\"https:\\\/\\\/infocul.pt\\\/arquivo\\\/actualidade\\\/sic-noticias-estreia-documentario-regresso-ao-mar\\\/#breadcrumb\",\"itemListElement\":[{\"@type\":\"ListItem\",\"position\":1,\"name\":\"Home\",\"item\":\"https:\\\/\\\/infocul.pt\\\/arquivo\\\/\"},{\"@type\":\"ListItem\",\"position\":2,\"name\":\"SIC Noticias estreia document\u00e1rio &#8220;Regresso ao Mar&#8221;\"}]},{\"@type\":\"WebSite\",\"@id\":\"https:\\\/\\\/infocul.pt\\\/arquivo\\\/#website\",\"url\":\"https:\\\/\\\/infocul.pt\\\/arquivo\\\/\",\"name\":\"Infocul.pt - Arquivo Digital\",\"description\":\"Arquivo digital da Infocul.pt\",\"publisher\":{\"@id\":\"https:\\\/\\\/infocul.pt\\\/arquivo\\\/#organization\"},\"potentialAction\":[{\"@type\":\"SearchAction\",\"target\":{\"@type\":\"EntryPoint\",\"urlTemplate\":\"https:\\\/\\\/infocul.pt\\\/arquivo\\\/?s={search_term_string}\"},\"query-input\":{\"@type\":\"PropertyValueSpecification\",\"valueRequired\":true,\"valueName\":\"search_term_string\"}}],\"inLanguage\":\"pt-PT\"},{\"@type\":\"Organization\",\"@id\":\"https:\\\/\\\/infocul.pt\\\/arquivo\\\/#organization\",\"name\":\"Infocul.pt\",\"url\":\"https:\\\/\\\/infocul.pt\\\/arquivo\\\/\",\"logo\":{\"@type\":\"ImageObject\",\"inLanguage\":\"pt-PT\",\"@id\":\"https:\\\/\\\/infocul.pt\\\/arquivo\\\/#\\\/schema\\\/logo\\\/image\\\/\",\"url\":\"https:\\\/\\\/infocul.pt\\\/arquivo\\\/wp-content\\\/uploads\\\/2018\\\/12\\\/Infocul_logo-1.png\",\"contentUrl\":\"https:\\\/\\\/infocul.pt\\\/arquivo\\\/wp-content\\\/uploads\\\/2018\\\/12\\\/Infocul_logo-1.png\",\"width\":800,\"height\":800,\"caption\":\"Infocul.pt\"},\"image\":{\"@id\":\"https:\\\/\\\/infocul.pt\\\/arquivo\\\/#\\\/schema\\\/logo\\\/image\\\/\"},\"sameAs\":[\"https:\\\/\\\/www.facebook.com\\\/Infocul-147816815585015\\\/\",\"https:\\\/\\\/x.com\\\/Infoculpt\",\"http:\\\/\\\/www.pictaram.com\\\/user\\\/infocul.pt\\\/2370423710\",\"https:\\\/\\\/www.youtube.com\\\/channel\\\/UCYEB91AGI9FL9ek2i_IaQAA\"]},{\"@type\":\"Person\",\"@id\":\"https:\\\/\\\/infocul.pt\\\/arquivo\\\/#\\\/schema\\\/person\\\/f243f45ae8d67639120a7586884f3abc\",\"name\":\"Redac\u00e7\u00e3o\",\"image\":{\"@type\":\"ImageObject\",\"inLanguage\":\"pt-PT\",\"@id\":\"https:\\\/\\\/secure.gravatar.com\\\/avatar\\\/151b1b76c598ab5e749407223bd6c1bad4e41c4e95de3c3df83540ebee2deaf8?s=96&d=mm&r=g\",\"url\":\"https:\\\/\\\/secure.gravatar.com\\\/avatar\\\/151b1b76c598ab5e749407223bd6c1bad4e41c4e95de3c3df83540ebee2deaf8?s=96&d=mm&r=g\",\"contentUrl\":\"https:\\\/\\\/secure.gravatar.com\\\/avatar\\\/151b1b76c598ab5e749407223bd6c1bad4e41c4e95de3c3df83540ebee2deaf8?s=96&d=mm&r=g\",\"caption\":\"Redac\u00e7\u00e3o\"}}]}<\/script>\n<!-- \/ Yoast SEO plugin. -->","yoast_head_json":{"title":"SIC Noticias estreia document\u00e1rio \"Regresso ao Mar\" | Infocul.pt - Arquivo Digital","description":"SIC Noticias estreia document\u00e1rio \"Regresso ao Mar\" | Infocul.pt - Arquivo Digital","robots":{"index":"noindex","follow":"follow","max-snippet":"max-snippet:-1","max-image-preview":"max-image-preview:large","max-video-preview":"max-video-preview:-1"},"og_locale":"pt_PT","og_type":"article","og_title":"SIC Noticias estreia document\u00e1rio \"Regresso ao Mar\" | Infocul.pt - Arquivo Digital","og_description":"SIC Noticias estreia document\u00e1rio \"Regresso ao Mar\" | Infocul.pt - Arquivo Digital","og_url":"https:\/\/infocul.pt\/arquivo\/actualidade\/sic-noticias-estreia-documentario-regresso-ao-mar\/","og_site_name":"Infocul.pt - Arquivo Digital","article_publisher":"https:\/\/www.facebook.com\/Infocul-147816815585015\/","article_published_time":"2016-07-12T09:02:47+00:00","og_image":[{"width":372,"height":210,"url":"https:\/\/infocul.pt\/arquivo\/wp-content\/uploads\/2016\/07\/Regresso-ao-Mar.png","type":"image\/png"}],"author":"Redac\u00e7\u00e3o","twitter_card":"summary_large_image","twitter_creator":"@Infoculpt","twitter_site":"@Infoculpt","twitter_misc":{"Escrito por":"Redac\u00e7\u00e3o","Tempo estimado de leitura":"1 minuto"},"schema":{"@context":"https:\/\/schema.org","@graph":[{"@type":"Article","@id":"https:\/\/infocul.pt\/arquivo\/actualidade\/sic-noticias-estreia-documentario-regresso-ao-mar\/#article","isPartOf":{"@id":"https:\/\/infocul.pt\/arquivo\/actualidade\/sic-noticias-estreia-documentario-regresso-ao-mar\/"},"author":{"name":"Redac\u00e7\u00e3o","@id":"https:\/\/infocul.pt\/arquivo\/#\/schema\/person\/f243f45ae8d67639120a7586884f3abc"},"headline":"SIC Noticias estreia document\u00e1rio &#8220;Regresso ao Mar&#8221;","datePublished":"2016-07-12T09:02:47+00:00","mainEntityOfPage":{"@id":"https:\/\/infocul.pt\/arquivo\/actualidade\/sic-noticias-estreia-documentario-regresso-ao-mar\/"},"wordCount":287,"commentCount":0,"publisher":{"@id":"https:\/\/infocul.pt\/arquivo\/#organization"},"image":{"@id":"https:\/\/infocul.pt\/arquivo\/actualidade\/sic-noticias-estreia-documentario-regresso-ao-mar\/#primaryimage"},"thumbnailUrl":"https:\/\/infocul.pt\/arquivo\/wp-content\/uploads\/2016\/07\/Regresso-ao-Mar.png","keywords":["Regresso ao Mar","SIC Noticias"],"articleSection":["Actualidade","Televis\u00e3o"],"inLanguage":"pt-PT"},{"@type":"WebPage","@id":"https:\/\/infocul.pt\/arquivo\/actualidade\/sic-noticias-estreia-documentario-regresso-ao-mar\/","url":"https:\/\/infocul.pt\/arquivo\/actualidade\/sic-noticias-estreia-documentario-regresso-ao-mar\/","name":"SIC Noticias estreia document\u00e1rio \"Regresso ao Mar\" | Infocul.pt - Arquivo Digital","isPartOf":{"@id":"https:\/\/infocul.pt\/arquivo\/#website"},"primaryImageOfPage":{"@id":"https:\/\/infocul.pt\/arquivo\/actualidade\/sic-noticias-estreia-documentario-regresso-ao-mar\/#primaryimage"},"image":{"@id":"https:\/\/infocul.pt\/arquivo\/actualidade\/sic-noticias-estreia-documentario-regresso-ao-mar\/#primaryimage"},"thumbnailUrl":"https:\/\/infocul.pt\/arquivo\/wp-content\/uploads\/2016\/07\/Regresso-ao-Mar.png","datePublished":"2016-07-12T09:02:47+00:00","description":"SIC Noticias estreia document\u00e1rio \"Regresso ao Mar\" | Infocul.pt - Arquivo Digital","breadcrumb":{"@id":"https:\/\/infocul.pt\/arquivo\/actualidade\/sic-noticias-estreia-documentario-regresso-ao-mar\/#breadcrumb"},"inLanguage":"pt-PT","potentialAction":[{"@type":"ReadAction","target":["https:\/\/infocul.pt\/arquivo\/actualidade\/sic-noticias-estreia-documentario-regresso-ao-mar\/"]}]},{"@type":"ImageObject","inLanguage":"pt-PT","@id":"https:\/\/infocul.pt\/arquivo\/actualidade\/sic-noticias-estreia-documentario-regresso-ao-mar\/#primaryimage","url":"https:\/\/infocul.pt\/arquivo\/wp-content\/uploads\/2016\/07\/Regresso-ao-Mar.png","contentUrl":"https:\/\/infocul.pt\/arquivo\/wp-content\/uploads\/2016\/07\/Regresso-ao-Mar.png","width":372,"height":210},{"@type":"BreadcrumbList","@id":"https:\/\/infocul.pt\/arquivo\/actualidade\/sic-noticias-estreia-documentario-regresso-ao-mar\/#breadcrumb","itemListElement":[{"@type":"ListItem","position":1,"name":"Home","item":"https:\/\/infocul.pt\/arquivo\/"},{"@type":"ListItem","position":2,"name":"SIC Noticias estreia document\u00e1rio &#8220;Regresso ao Mar&#8221;"}]},{"@type":"WebSite","@id":"https:\/\/infocul.pt\/arquivo\/#website","url":"https:\/\/infocul.pt\/arquivo\/","name":"Infocul.pt - Arquivo Digital","description":"Arquivo digital da Infocul.pt","publisher":{"@id":"https:\/\/infocul.pt\/arquivo\/#organization"},"potentialAction":[{"@type":"SearchAction","target":{"@type":"EntryPoint","urlTemplate":"https:\/\/infocul.pt\/arquivo\/?s={search_term_string}"},"query-input":{"@type":"PropertyValueSpecification","valueRequired":true,"valueName":"search_term_string"}}],"inLanguage":"pt-PT"},{"@type":"Organization","@id":"https:\/\/infocul.pt\/arquivo\/#organization","name":"Infocul.pt","url":"https:\/\/infocul.pt\/arquivo\/","logo":{"@type":"ImageObject","inLanguage":"pt-PT","@id":"https:\/\/infocul.pt\/arquivo\/#\/schema\/logo\/image\/","url":"https:\/\/infocul.pt\/arquivo\/wp-content\/uploads\/2018\/12\/Infocul_logo-1.png","contentUrl":"https:\/\/infocul.pt\/arquivo\/wp-content\/uploads\/2018\/12\/Infocul_logo-1.png","width":800,"height":800,"caption":"Infocul.pt"},"image":{"@id":"https:\/\/infocul.pt\/arquivo\/#\/schema\/logo\/image\/"},"sameAs":["https:\/\/www.facebook.com\/Infocul-147816815585015\/","https:\/\/x.com\/Infoculpt","http:\/\/www.pictaram.com\/user\/infocul.pt\/2370423710","https:\/\/www.youtube.com\/channel\/UCYEB91AGI9FL9ek2i_IaQAA"]},{"@type":"Person","@id":"https:\/\/infocul.pt\/arquivo\/#\/schema\/person\/f243f45ae8d67639120a7586884f3abc","name":"Redac\u00e7\u00e3o","image":{"@type":"ImageObject","inLanguage":"pt-PT","@id":"https:\/\/secure.gravatar.com\/avatar\/151b1b76c598ab5e749407223bd6c1bad4e41c4e95de3c3df83540ebee2deaf8?s=96&d=mm&r=g","url":"https:\/\/secure.gravatar.com\/avatar\/151b1b76c598ab5e749407223bd6c1bad4e41c4e95de3c3df83540ebee2deaf8?s=96&d=mm&r=g","contentUrl":"https:\/\/secure.gravatar.com\/avatar\/151b1b76c598ab5e749407223bd6c1bad4e41c4e95de3c3df83540ebee2deaf8?s=96&d=mm&r=g","caption":"Redac\u00e7\u00e3o"}}]}},"_links":{"self":[{"href":"https:\/\/infocul.pt\/arquivo\/wp-json\/wp\/v2\/posts\/10600","targetHints":{"allow":["GET"]}}],"collection":[{"href":"https:\/\/infocul.pt\/arquivo\/wp-json\/wp\/v2\/posts"}],"about":[{"href":"https:\/\/infocul.pt\/arquivo\/wp-json\/wp\/v2\/types\/post"}],"author":[{"embeddable":true,"href":"https:\/\/infocul.pt\/arquivo\/wp-json\/wp\/v2\/users\/13"}],"replies":[{"embeddable":true,"href":"https:\/\/infocul.pt\/arquivo\/wp-json\/wp\/v2\/comments?post=10600"}],"version-history":[{"count":0,"href":"https:\/\/infocul.pt\/arquivo\/wp-json\/wp\/v2\/posts\/10600\/revisions"}],"wp:featuredmedia":[{"embeddable":true,"href":"https:\/\/infocul.pt\/arquivo\/wp-json\/wp\/v2\/media\/10601"}],"wp:attachment":[{"href":"https:\/\/infocul.pt\/arquivo\/wp-json\/wp\/v2\/media?parent=10600"}],"wp:term":[{"taxonomy":"category","embeddable":true,"href":"https:\/\/infocul.pt\/arquivo\/wp-json\/wp\/v2\/categories?post=10600"},{"taxonomy":"post_tag","embeddable":true,"href":"https:\/\/infocul.pt\/arquivo\/wp-json\/wp\/v2\/tags?post=10600"}],"curies":[{"name":"wp","href":"https:\/\/api.w.org\/{rel}","templated":true}]}}