{"id":10659,"date":"2016-07-13T23:14:51","date_gmt":"2016-07-13T23:14:51","guid":{"rendered":"http:\/\/infocul.pt\/?p=10659"},"modified":"2016-07-13T23:14:51","modified_gmt":"2016-07-13T23:14:51","slug":"traga-mundos-participa-no-pan-em-salamanca","status":"publish","type":"post","link":"https:\/\/infocul.pt\/arquivo\/cultura\/traga-mundos-participa-no-pan-em-salamanca\/","title":{"rendered":"Traga-Mundos participa no PAN em Salamanca"},"content":{"rendered":"<p>\t<img decoding=\"async\" width=\"1653\" height=\"1181\" class=\"so-widget-image lazyload\" style=\"--smush-placeholder-width: 1653px; --smush-placeholder-aspect-ratio: 1653\/1181;max-width:100%; height:auto; display:block\" data-src=\"http:\/\/infocul.pt\/wp-content\/uploads\/2016\/07\/PAN.png\" src=\"data:image\/svg+xml;base64,PHN2ZyB3aWR0aD0iMSIgaGVpZ2h0PSIxIiB4bWxucz0iaHR0cDovL3d3dy53My5vcmcvMjAwMC9zdmciPjwvc3ZnPg==\"><\/p>\n<p><span style=\"color: #000000; font-family: Calibri;\"><strong>A livraria Traga-Mundos vai participar com uma banca de livros, e mais algumas coisas e loisas, no PAN &#8211; Encontro e Festival Transfronteiri\u00e7o de Poesia, Patrim\u00f3nio e Arte de Vanguarda, nos dias 15, 16 e 17 de Julho de 2016, em Morille, Salamanca, Espanha.<\/strong> <\/span><\/p>\n<p><span style=\"color: #000000; font-family: Calibri;\">O encontro, para al\u00e9m das bancas, vai ter oficinas, exposi\u00e7\u00f5es(com a presen\u00e7a do portugu\u00eas Alexandre Coxo) e a presen\u00e7a de poetas como \u00c1lvaro Diz de Mazores, Ant\u00f3nio S\u00e1 Gu\u00e9 ou Arina. Este inicia-se \u00e0s 12:00 do dia 15 de Julho com uma confer\u00eancia de imprensa em Salamanca e \u00e9 seguida por uma dinamiza\u00e7\u00e3o de rua, \u00e0s 21:30,pela Banda de Bragan\u00e7a. <\/span><\/p>\n<p><span style=\"color: #000000; font-family: Calibri;\">&nbsp;<\/span><\/p>\n<p><span style=\"color: #000000; font-family: Calibri;\">&nbsp;<\/span><\/p>\n<p><span style=\"color: #000000; font-family: Calibri;\">A s\u00e1bado ( a 16 de Julho) acontece das 17:30 \u00e0s 19:00 um debate sobre o futuro e presente dos projectos editoriais que conta com a presen\u00e7a de Carlos D&#8217;Abreu da RIBACVDANA(Associa\u00e7\u00e3o de Fronteira para o Desenvolvimento Comunit\u00e1rio). <\/span><\/p>\n<p><span style=\"color: #000000; font-family: Calibri;\">&nbsp;<\/span><\/p>\n<p><span style=\"color: #000000; font-family: Calibri;\">&nbsp;<\/span><\/p>\n<p><span style=\"color: #000000; font-family: Calibri;\">O PAN encerra a 17 de Julho \u00e0s 22:30 com um concerto do m\u00fasico Carlos Pedro. J\u00e1 o PAN\u202f Carvi\u00e7ais (Concelho de Torre de Moncorvo) acontecer\u00e1 nos dias 29,30 e 31 de Julho.<\/span><\/p>\n","protected":false},"excerpt":{"rendered":"<p>A livraria Traga-Mundos vai participar com uma banca de livros, e mais algumas coisas e loisas, no PAN &#8211; Encontro e Festival Transfronteiri\u00e7o de Poesia, Patrim\u00f3nio e Arte de Vanguarda, nos dias 15, 16 e 17 de Julho de 2016, em Morille, Salamanca, Espanha. O encontro, para al\u00e9m das bancas, vai ter oficinas, exposi\u00e7\u00f5es(com a [&hellip;]<\/p>\n","protected":false},"author":13,"featured_media":10660,"comment_status":"open","ping_status":"closed","sticky":false,"template":"","format":"standard","meta":{"footnotes":""},"categories":[2,8],"tags":[44,1739,1740,316],"class_list":["post-10659","post","type-post","status-publish","format-standard","has-post-thumbnail","hentry","category-cultura","category-livros","tag-espanha","tag-pan","tag-salamanca","tag-traga-mundos"],"yoast_head":"<!-- This site is optimized with the Yoast SEO plugin v27.4 - https:\/\/yoast.com\/product\/yoast-seo-wordpress\/ -->\n<title>Traga-Mundos participa no PAN em Salamanca | Infocul.pt - Arquivo Digital<\/title>\n<meta name=\"description\" content=\"Traga-Mundos participa no PAN em Salamanca | Infocul.pt - Arquivo Digital\" \/>\n<meta name=\"robots\" content=\"noindex, follow, max-snippet:-1, max-image-preview:large, max-video-preview:-1\" \/>\n<meta property=\"og:locale\" content=\"pt_PT\" \/>\n<meta property=\"og:type\" content=\"article\" \/>\n<meta property=\"og:title\" content=\"Traga-Mundos participa no PAN em Salamanca | Infocul.pt - Arquivo Digital\" \/>\n<meta property=\"og:description\" content=\"Traga-Mundos participa no PAN em Salamanca | Infocul.pt - Arquivo Digital\" \/>\n<meta property=\"og:url\" content=\"https:\/\/infocul.pt\/arquivo\/cultura\/traga-mundos-participa-no-pan-em-salamanca\/\" \/>\n<meta property=\"og:site_name\" content=\"Infocul.pt - Arquivo Digital\" \/>\n<meta property=\"article:publisher\" content=\"https:\/\/www.facebook.com\/Infocul-147816815585015\/\" \/>\n<meta property=\"article:published_time\" content=\"2016-07-13T23:14:51+00:00\" \/>\n<meta property=\"og:image\" content=\"https:\/\/infocul.pt\/arquivo\/wp-content\/uploads\/2016\/07\/PAN.png\" \/>\n\t<meta property=\"og:image:width\" content=\"1653\" \/>\n\t<meta property=\"og:image:height\" content=\"1181\" \/>\n\t<meta property=\"og:image:type\" content=\"image\/png\" \/>\n<meta name=\"author\" content=\"Redac\u00e7\u00e3o\" \/>\n<meta name=\"twitter:card\" content=\"summary_large_image\" \/>\n<meta name=\"twitter:creator\" content=\"@Infoculpt\" \/>\n<meta name=\"twitter:site\" content=\"@Infoculpt\" \/>\n<meta name=\"twitter:label1\" content=\"Escrito por\" \/>\n\t<meta name=\"twitter:data1\" content=\"Redac\u00e7\u00e3o\" \/>\n\t<meta name=\"twitter:label2\" content=\"Tempo estimado de leitura\" \/>\n\t<meta name=\"twitter:data2\" content=\"1 minuto\" \/>\n<script type=\"application\/ld+json\" class=\"yoast-schema-graph\">{\"@context\":\"https:\\\/\\\/schema.org\",\"@graph\":[{\"@type\":\"Article\",\"@id\":\"https:\\\/\\\/infocul.pt\\\/arquivo\\\/cultura\\\/traga-mundos-participa-no-pan-em-salamanca\\\/#article\",\"isPartOf\":{\"@id\":\"https:\\\/\\\/infocul.pt\\\/arquivo\\\/cultura\\\/traga-mundos-participa-no-pan-em-salamanca\\\/\"},\"author\":{\"name\":\"Redac\u00e7\u00e3o\",\"@id\":\"https:\\\/\\\/infocul.pt\\\/arquivo\\\/#\\\/schema\\\/person\\\/f243f45ae8d67639120a7586884f3abc\"},\"headline\":\"Traga-Mundos participa no PAN em Salamanca\",\"datePublished\":\"2016-07-13T23:14:51+00:00\",\"mainEntityOfPage\":{\"@id\":\"https:\\\/\\\/infocul.pt\\\/arquivo\\\/cultura\\\/traga-mundos-participa-no-pan-em-salamanca\\\/\"},\"wordCount\":190,\"commentCount\":0,\"publisher\":{\"@id\":\"https:\\\/\\\/infocul.pt\\\/arquivo\\\/#organization\"},\"image\":{\"@id\":\"https:\\\/\\\/infocul.pt\\\/arquivo\\\/cultura\\\/traga-mundos-participa-no-pan-em-salamanca\\\/#primaryimage\"},\"thumbnailUrl\":\"https:\\\/\\\/infocul.pt\\\/arquivo\\\/wp-content\\\/uploads\\\/2016\\\/07\\\/PAN.png\",\"keywords\":[\"Espanha\",\"PAN\",\"Salamanca\",\"Traga Mundos\"],\"articleSection\":[\"Cultura\",\"Livros\"],\"inLanguage\":\"pt-PT\"},{\"@type\":\"WebPage\",\"@id\":\"https:\\\/\\\/infocul.pt\\\/arquivo\\\/cultura\\\/traga-mundos-participa-no-pan-em-salamanca\\\/\",\"url\":\"https:\\\/\\\/infocul.pt\\\/arquivo\\\/cultura\\\/traga-mundos-participa-no-pan-em-salamanca\\\/\",\"name\":\"Traga-Mundos participa no PAN em Salamanca | Infocul.pt - Arquivo Digital\",\"isPartOf\":{\"@id\":\"https:\\\/\\\/infocul.pt\\\/arquivo\\\/#website\"},\"primaryImageOfPage\":{\"@id\":\"https:\\\/\\\/infocul.pt\\\/arquivo\\\/cultura\\\/traga-mundos-participa-no-pan-em-salamanca\\\/#primaryimage\"},\"image\":{\"@id\":\"https:\\\/\\\/infocul.pt\\\/arquivo\\\/cultura\\\/traga-mundos-participa-no-pan-em-salamanca\\\/#primaryimage\"},\"thumbnailUrl\":\"https:\\\/\\\/infocul.pt\\\/arquivo\\\/wp-content\\\/uploads\\\/2016\\\/07\\\/PAN.png\",\"datePublished\":\"2016-07-13T23:14:51+00:00\",\"description\":\"Traga-Mundos participa no PAN em Salamanca | Infocul.pt - Arquivo Digital\",\"breadcrumb\":{\"@id\":\"https:\\\/\\\/infocul.pt\\\/arquivo\\\/cultura\\\/traga-mundos-participa-no-pan-em-salamanca\\\/#breadcrumb\"},\"inLanguage\":\"pt-PT\",\"potentialAction\":[{\"@type\":\"ReadAction\",\"target\":[\"https:\\\/\\\/infocul.pt\\\/arquivo\\\/cultura\\\/traga-mundos-participa-no-pan-em-salamanca\\\/\"]}]},{\"@type\":\"ImageObject\",\"inLanguage\":\"pt-PT\",\"@id\":\"https:\\\/\\\/infocul.pt\\\/arquivo\\\/cultura\\\/traga-mundos-participa-no-pan-em-salamanca\\\/#primaryimage\",\"url\":\"https:\\\/\\\/infocul.pt\\\/arquivo\\\/wp-content\\\/uploads\\\/2016\\\/07\\\/PAN.png\",\"contentUrl\":\"https:\\\/\\\/infocul.pt\\\/arquivo\\\/wp-content\\\/uploads\\\/2016\\\/07\\\/PAN.png\",\"width\":1653,\"height\":1181},{\"@type\":\"BreadcrumbList\",\"@id\":\"https:\\\/\\\/infocul.pt\\\/arquivo\\\/cultura\\\/traga-mundos-participa-no-pan-em-salamanca\\\/#breadcrumb\",\"itemListElement\":[{\"@type\":\"ListItem\",\"position\":1,\"name\":\"Home\",\"item\":\"https:\\\/\\\/infocul.pt\\\/arquivo\\\/\"},{\"@type\":\"ListItem\",\"position\":2,\"name\":\"Traga-Mundos participa no PAN em Salamanca\"}]},{\"@type\":\"WebSite\",\"@id\":\"https:\\\/\\\/infocul.pt\\\/arquivo\\\/#website\",\"url\":\"https:\\\/\\\/infocul.pt\\\/arquivo\\\/\",\"name\":\"Infocul.pt - Arquivo Digital\",\"description\":\"Arquivo digital da Infocul.pt\",\"publisher\":{\"@id\":\"https:\\\/\\\/infocul.pt\\\/arquivo\\\/#organization\"},\"potentialAction\":[{\"@type\":\"SearchAction\",\"target\":{\"@type\":\"EntryPoint\",\"urlTemplate\":\"https:\\\/\\\/infocul.pt\\\/arquivo\\\/?s={search_term_string}\"},\"query-input\":{\"@type\":\"PropertyValueSpecification\",\"valueRequired\":true,\"valueName\":\"search_term_string\"}}],\"inLanguage\":\"pt-PT\"},{\"@type\":\"Organization\",\"@id\":\"https:\\\/\\\/infocul.pt\\\/arquivo\\\/#organization\",\"name\":\"Infocul.pt\",\"url\":\"https:\\\/\\\/infocul.pt\\\/arquivo\\\/\",\"logo\":{\"@type\":\"ImageObject\",\"inLanguage\":\"pt-PT\",\"@id\":\"https:\\\/\\\/infocul.pt\\\/arquivo\\\/#\\\/schema\\\/logo\\\/image\\\/\",\"url\":\"https:\\\/\\\/infocul.pt\\\/arquivo\\\/wp-content\\\/uploads\\\/2018\\\/12\\\/Infocul_logo-1.png\",\"contentUrl\":\"https:\\\/\\\/infocul.pt\\\/arquivo\\\/wp-content\\\/uploads\\\/2018\\\/12\\\/Infocul_logo-1.png\",\"width\":800,\"height\":800,\"caption\":\"Infocul.pt\"},\"image\":{\"@id\":\"https:\\\/\\\/infocul.pt\\\/arquivo\\\/#\\\/schema\\\/logo\\\/image\\\/\"},\"sameAs\":[\"https:\\\/\\\/www.facebook.com\\\/Infocul-147816815585015\\\/\",\"https:\\\/\\\/x.com\\\/Infoculpt\",\"http:\\\/\\\/www.pictaram.com\\\/user\\\/infocul.pt\\\/2370423710\",\"https:\\\/\\\/www.youtube.com\\\/channel\\\/UCYEB91AGI9FL9ek2i_IaQAA\"]},{\"@type\":\"Person\",\"@id\":\"https:\\\/\\\/infocul.pt\\\/arquivo\\\/#\\\/schema\\\/person\\\/f243f45ae8d67639120a7586884f3abc\",\"name\":\"Redac\u00e7\u00e3o\",\"image\":{\"@type\":\"ImageObject\",\"inLanguage\":\"pt-PT\",\"@id\":\"https:\\\/\\\/secure.gravatar.com\\\/avatar\\\/151b1b76c598ab5e749407223bd6c1bad4e41c4e95de3c3df83540ebee2deaf8?s=96&d=mm&r=g\",\"url\":\"https:\\\/\\\/secure.gravatar.com\\\/avatar\\\/151b1b76c598ab5e749407223bd6c1bad4e41c4e95de3c3df83540ebee2deaf8?s=96&d=mm&r=g\",\"contentUrl\":\"https:\\\/\\\/secure.gravatar.com\\\/avatar\\\/151b1b76c598ab5e749407223bd6c1bad4e41c4e95de3c3df83540ebee2deaf8?s=96&d=mm&r=g\",\"caption\":\"Redac\u00e7\u00e3o\"}}]}<\/script>\n<!-- \/ Yoast SEO plugin. -->","yoast_head_json":{"title":"Traga-Mundos participa no PAN em Salamanca | Infocul.pt - Arquivo Digital","description":"Traga-Mundos participa no PAN em Salamanca | Infocul.pt - Arquivo Digital","robots":{"index":"noindex","follow":"follow","max-snippet":"max-snippet:-1","max-image-preview":"max-image-preview:large","max-video-preview":"max-video-preview:-1"},"og_locale":"pt_PT","og_type":"article","og_title":"Traga-Mundos participa no PAN em Salamanca | Infocul.pt - Arquivo Digital","og_description":"Traga-Mundos participa no PAN em Salamanca | Infocul.pt - Arquivo Digital","og_url":"https:\/\/infocul.pt\/arquivo\/cultura\/traga-mundos-participa-no-pan-em-salamanca\/","og_site_name":"Infocul.pt - Arquivo Digital","article_publisher":"https:\/\/www.facebook.com\/Infocul-147816815585015\/","article_published_time":"2016-07-13T23:14:51+00:00","og_image":[{"width":1653,"height":1181,"url":"https:\/\/infocul.pt\/arquivo\/wp-content\/uploads\/2016\/07\/PAN.png","type":"image\/png"}],"author":"Redac\u00e7\u00e3o","twitter_card":"summary_large_image","twitter_creator":"@Infoculpt","twitter_site":"@Infoculpt","twitter_misc":{"Escrito por":"Redac\u00e7\u00e3o","Tempo estimado de leitura":"1 minuto"},"schema":{"@context":"https:\/\/schema.org","@graph":[{"@type":"Article","@id":"https:\/\/infocul.pt\/arquivo\/cultura\/traga-mundos-participa-no-pan-em-salamanca\/#article","isPartOf":{"@id":"https:\/\/infocul.pt\/arquivo\/cultura\/traga-mundos-participa-no-pan-em-salamanca\/"},"author":{"name":"Redac\u00e7\u00e3o","@id":"https:\/\/infocul.pt\/arquivo\/#\/schema\/person\/f243f45ae8d67639120a7586884f3abc"},"headline":"Traga-Mundos participa no PAN em Salamanca","datePublished":"2016-07-13T23:14:51+00:00","mainEntityOfPage":{"@id":"https:\/\/infocul.pt\/arquivo\/cultura\/traga-mundos-participa-no-pan-em-salamanca\/"},"wordCount":190,"commentCount":0,"publisher":{"@id":"https:\/\/infocul.pt\/arquivo\/#organization"},"image":{"@id":"https:\/\/infocul.pt\/arquivo\/cultura\/traga-mundos-participa-no-pan-em-salamanca\/#primaryimage"},"thumbnailUrl":"https:\/\/infocul.pt\/arquivo\/wp-content\/uploads\/2016\/07\/PAN.png","keywords":["Espanha","PAN","Salamanca","Traga Mundos"],"articleSection":["Cultura","Livros"],"inLanguage":"pt-PT"},{"@type":"WebPage","@id":"https:\/\/infocul.pt\/arquivo\/cultura\/traga-mundos-participa-no-pan-em-salamanca\/","url":"https:\/\/infocul.pt\/arquivo\/cultura\/traga-mundos-participa-no-pan-em-salamanca\/","name":"Traga-Mundos participa no PAN em Salamanca | Infocul.pt - Arquivo Digital","isPartOf":{"@id":"https:\/\/infocul.pt\/arquivo\/#website"},"primaryImageOfPage":{"@id":"https:\/\/infocul.pt\/arquivo\/cultura\/traga-mundos-participa-no-pan-em-salamanca\/#primaryimage"},"image":{"@id":"https:\/\/infocul.pt\/arquivo\/cultura\/traga-mundos-participa-no-pan-em-salamanca\/#primaryimage"},"thumbnailUrl":"https:\/\/infocul.pt\/arquivo\/wp-content\/uploads\/2016\/07\/PAN.png","datePublished":"2016-07-13T23:14:51+00:00","description":"Traga-Mundos participa no PAN em Salamanca | Infocul.pt - Arquivo Digital","breadcrumb":{"@id":"https:\/\/infocul.pt\/arquivo\/cultura\/traga-mundos-participa-no-pan-em-salamanca\/#breadcrumb"},"inLanguage":"pt-PT","potentialAction":[{"@type":"ReadAction","target":["https:\/\/infocul.pt\/arquivo\/cultura\/traga-mundos-participa-no-pan-em-salamanca\/"]}]},{"@type":"ImageObject","inLanguage":"pt-PT","@id":"https:\/\/infocul.pt\/arquivo\/cultura\/traga-mundos-participa-no-pan-em-salamanca\/#primaryimage","url":"https:\/\/infocul.pt\/arquivo\/wp-content\/uploads\/2016\/07\/PAN.png","contentUrl":"https:\/\/infocul.pt\/arquivo\/wp-content\/uploads\/2016\/07\/PAN.png","width":1653,"height":1181},{"@type":"BreadcrumbList","@id":"https:\/\/infocul.pt\/arquivo\/cultura\/traga-mundos-participa-no-pan-em-salamanca\/#breadcrumb","itemListElement":[{"@type":"ListItem","position":1,"name":"Home","item":"https:\/\/infocul.pt\/arquivo\/"},{"@type":"ListItem","position":2,"name":"Traga-Mundos participa no PAN em Salamanca"}]},{"@type":"WebSite","@id":"https:\/\/infocul.pt\/arquivo\/#website","url":"https:\/\/infocul.pt\/arquivo\/","name":"Infocul.pt - Arquivo Digital","description":"Arquivo digital da Infocul.pt","publisher":{"@id":"https:\/\/infocul.pt\/arquivo\/#organization"},"potentialAction":[{"@type":"SearchAction","target":{"@type":"EntryPoint","urlTemplate":"https:\/\/infocul.pt\/arquivo\/?s={search_term_string}"},"query-input":{"@type":"PropertyValueSpecification","valueRequired":true,"valueName":"search_term_string"}}],"inLanguage":"pt-PT"},{"@type":"Organization","@id":"https:\/\/infocul.pt\/arquivo\/#organization","name":"Infocul.pt","url":"https:\/\/infocul.pt\/arquivo\/","logo":{"@type":"ImageObject","inLanguage":"pt-PT","@id":"https:\/\/infocul.pt\/arquivo\/#\/schema\/logo\/image\/","url":"https:\/\/infocul.pt\/arquivo\/wp-content\/uploads\/2018\/12\/Infocul_logo-1.png","contentUrl":"https:\/\/infocul.pt\/arquivo\/wp-content\/uploads\/2018\/12\/Infocul_logo-1.png","width":800,"height":800,"caption":"Infocul.pt"},"image":{"@id":"https:\/\/infocul.pt\/arquivo\/#\/schema\/logo\/image\/"},"sameAs":["https:\/\/www.facebook.com\/Infocul-147816815585015\/","https:\/\/x.com\/Infoculpt","http:\/\/www.pictaram.com\/user\/infocul.pt\/2370423710","https:\/\/www.youtube.com\/channel\/UCYEB91AGI9FL9ek2i_IaQAA"]},{"@type":"Person","@id":"https:\/\/infocul.pt\/arquivo\/#\/schema\/person\/f243f45ae8d67639120a7586884f3abc","name":"Redac\u00e7\u00e3o","image":{"@type":"ImageObject","inLanguage":"pt-PT","@id":"https:\/\/secure.gravatar.com\/avatar\/151b1b76c598ab5e749407223bd6c1bad4e41c4e95de3c3df83540ebee2deaf8?s=96&d=mm&r=g","url":"https:\/\/secure.gravatar.com\/avatar\/151b1b76c598ab5e749407223bd6c1bad4e41c4e95de3c3df83540ebee2deaf8?s=96&d=mm&r=g","contentUrl":"https:\/\/secure.gravatar.com\/avatar\/151b1b76c598ab5e749407223bd6c1bad4e41c4e95de3c3df83540ebee2deaf8?s=96&d=mm&r=g","caption":"Redac\u00e7\u00e3o"}}]}},"_links":{"self":[{"href":"https:\/\/infocul.pt\/arquivo\/wp-json\/wp\/v2\/posts\/10659","targetHints":{"allow":["GET"]}}],"collection":[{"href":"https:\/\/infocul.pt\/arquivo\/wp-json\/wp\/v2\/posts"}],"about":[{"href":"https:\/\/infocul.pt\/arquivo\/wp-json\/wp\/v2\/types\/post"}],"author":[{"embeddable":true,"href":"https:\/\/infocul.pt\/arquivo\/wp-json\/wp\/v2\/users\/13"}],"replies":[{"embeddable":true,"href":"https:\/\/infocul.pt\/arquivo\/wp-json\/wp\/v2\/comments?post=10659"}],"version-history":[{"count":0,"href":"https:\/\/infocul.pt\/arquivo\/wp-json\/wp\/v2\/posts\/10659\/revisions"}],"wp:featuredmedia":[{"embeddable":true,"href":"https:\/\/infocul.pt\/arquivo\/wp-json\/wp\/v2\/media\/10660"}],"wp:attachment":[{"href":"https:\/\/infocul.pt\/arquivo\/wp-json\/wp\/v2\/media?parent=10659"}],"wp:term":[{"taxonomy":"category","embeddable":true,"href":"https:\/\/infocul.pt\/arquivo\/wp-json\/wp\/v2\/categories?post=10659"},{"taxonomy":"post_tag","embeddable":true,"href":"https:\/\/infocul.pt\/arquivo\/wp-json\/wp\/v2\/tags?post=10659"}],"curies":[{"name":"wp","href":"https:\/\/api.w.org\/{rel}","templated":true}]}}