{"id":10966,"date":"2016-07-18T17:29:34","date_gmt":"2016-07-18T17:29:34","guid":{"rendered":"http:\/\/infocul.pt\/?p=10966"},"modified":"2016-07-22T02:30:30","modified_gmt":"2016-07-22T02:30:30","slug":"carnide-em-festa-com-a-feira-da-luz-de-27-de-agosto-a-25-de-setembro","status":"publish","type":"post","link":"https:\/\/infocul.pt\/arquivo\/cultura\/carnide-em-festa-com-a-feira-da-luz-de-27-de-agosto-a-25-de-setembro\/","title":{"rendered":"Carnide em festa com a Feira da Luz de 27 de Agosto a 25 de Setembro"},"content":{"rendered":"<p>\t<img decoding=\"async\" width=\"400\" height=\"167\" class=\"so-widget-image lazyload\" style=\"--smush-placeholder-width: 400px; --smush-placeholder-aspect-ratio: 400\/167;max-width:100%; height:auto; display:block\" data-src=\"http:\/\/infocul.pt\/wp-content\/uploads\/2016\/06\/Feira-da-Luz-e1466854083420.png\" src=\"data:image\/svg+xml;base64,PHN2ZyB3aWR0aD0iMSIgaGVpZ2h0PSIxIiB4bWxucz0iaHR0cDovL3d3dy53My5vcmcvMjAwMC9zdmciPjwvc3ZnPg==\"><\/p>\n<p><strong><span style=\"color: #000000; font-family: Calibri;\">De 27 de Agosto a 25 de Setembro realiza-se mais uma Feira da Luz, no Jardim da Luz, em Carnide. Todos os anos, milhares de pessoas visitam esta que \u00e9 considerada como uma das Feiras mais antigas de Portugal e que, ainda hoje, mant\u00e9m a mesma tradi\u00e7\u00e3o. <\/span><\/strong><\/p>\n<p><span style=\"color: #000000; font-family: Calibri;\">Do programa das festas fazem parte concertos, ranchos, a prociss\u00e3o da Senhora da Luz(que no \u00faltimo dia percorre as ruas de Carnide) , ateliers, teatro, exposi\u00e7\u00f5es, workshops, artesanato, circo e dan\u00e7as tradicionais.&nbsp; <\/span><\/p>\n<p><span style=\"color: #000000; font-family: Calibri;\">&nbsp;<\/span><\/p>\n<p><span style=\"color: #000000; font-family: Calibri;\">&nbsp;<\/span><\/p>\n<p><span style=\"color: #000000; font-family: Calibri;\">Muitos v\u00e3o ser os motivos para visitar Carnide com toda a fam\u00edlia. No primeiro dia da Feira, a 27 de Agosto, actuam os &#8220;OqueStrada&#8221;.&nbsp; O grupo, que j\u00e1 conta com um percurso de 10 anos na m\u00fasica actua \u00e0s 21:30 no recinto da Feira. <\/span><\/p>\n<p><span style=\"color: #000000; font-family: Calibri;\">&nbsp;<\/span><\/p>\n<p><span style=\"color: #000000; font-family: Calibri;\">&nbsp;<\/span><\/p>\n<p><span style=\"color: #000000; font-family: Calibri;\">Os ABBA foram uma das bandas mais rent\u00e1veis na hist\u00f3ria da m\u00fasica e marcaram o Festival da Eurovis\u00e3o quando apresentaram a m\u00fasica &#8220;Waterloo&#8221;. A 2 de Setembro, \u00e0s 21:30,\u00e9 realizado um pequeno tributo \u00e0 banda sueca com &#8220;ABBA Mia&#8221;. <\/span><\/p>\n<p><span style=\"color: #000000; font-family: Calibri;\">&nbsp;<\/span><\/p>\n<p><span style=\"color: #000000; font-family: Calibri;\">&nbsp;<\/span><\/p>\n<p><span style=\"color: #000000; font-family: Calibri;\">Ficou conhecido como o &#8220;pequeno&#8221; Sa\u00fal, s\u00f3 que este j\u00e1 cresceu e vai \u00e0 Feira da Luz a 3 de Setembro, \u00e0s 21:30,para fazer a festa ao som de &#8220;Bacalhau quer alho&#8221; e outros sucessos que o p\u00fablico reconhece e aplaude. <\/span><\/p>\n<p><span style=\"color: #000000; font-family: Calibri;\">&nbsp;<\/span><\/p>\n<p><span style=\"color: #000000; font-family: Calibri;\">&nbsp;<\/span><\/p>\n<p><span style=\"color: #000000; font-family: Calibri;\">Os &#8220;Filhos da Madrugada&#8221; v\u00e3o realizar um tributo a Zeca Afonso, um dos mais importantes nomes da m\u00fasica de interven\u00e7\u00e3o portuguesa, no dia 9 de Setembro \u00e0s 21:30. <\/span><\/p>\n<p><span style=\"color: #000000; font-family: Calibri;\">&nbsp;<\/span><\/p>\n<p><span style=\"color: #000000; font-family: Calibri;\">&nbsp;<\/span><\/p>\n<p><span style=\"color: #000000; font-family: Calibri;\">O actor e cantor Ricardo S\u00e1 apresenta o seu novo \u00e1lbum no dia 10 de Setembro \u00e0s 21:30 na Feira da Luz. <\/span><\/p>\n<p><span style=\"color: #000000; font-family: Calibri;\">&nbsp;<\/span><\/p>\n<p><span style=\"color: #000000; font-family: Calibri;\">&nbsp;<\/span><\/p>\n<p><span style=\"color: #000000; font-family: Calibri;\">O grupo &#8220;Segue-me \u00e0 capela&#8221; actua \u00e0s 21:30 do dia 16 de Setembro.&#8221;Segue-me \u00e0 Capela&#8221; \u00e9 um colectivo de sete mulheres que trabalha a m\u00fasica tradicional portuguesa numa perspectiva contempor\u00e2nea, usando a voz como\u202fprincipal instrumento. <\/span><\/p>\n<p><span style=\"color: #000000; font-family: Calibri;\">&nbsp;<\/span><\/p>\n<p><span style=\"color: #000000; font-family: Calibri;\">&nbsp;<\/span><\/p>\n<p><span style=\"color: #000000; font-family: Calibri;\">Bruno Nogueira e Manuela Azevedo ( dos &#8220;Cl\u00e3&#8221;) trazem o projecto &#8220;Deixem o Pimba em Paz&#8221; \u00e0 Feira no dia 17 de Setembro \u00e0s 21:30. <\/span><\/p>\n<p><span style=\"color: #000000; font-family: Calibri;\">&nbsp;<\/span><\/p>\n<p><span style=\"color: #000000; font-family: Calibri;\">&nbsp;<\/span><\/p>\n<p><span style=\"color: #000000; font-family: Calibri;\">Os &#8220;Dona Maria&#8221; sobem a palco no dia 23 de Setembro \u00e0s 21:30. A 24 de Setembro \u00e9 a vez de S\u00e9rgio Rossi actuar perante o p\u00fablico de Carnide. <\/span><\/p>\n<p><span style=\"color: #000000; font-family: Calibri;\">&nbsp;<\/span><\/p>\n<p><span style=\"color: #000000; font-family: Calibri;\">&nbsp;<\/span><\/p>\n<p><span style=\"color: #000000; font-family: Calibri;\">A 28 de Setembro, o \u00faltimo dia da Feira da Luz, actua o m\u00fasico Jo\u00e3o S\u00f3, \u00e0s 21:30. O cantor ficou celebrizou-se com o dueto &#8220;Sorte Grande&#8221;, cantado com L\u00facia Moniz. <\/span><\/p>\n<p><span style=\"color: #000000; font-family: Calibri;\">&nbsp;<\/span><\/p>\n<p><span style=\"color: #000000; font-family: Calibri;\">&nbsp;<\/span><\/p>\n<p><span style=\"color: #000000; font-family: Calibri;\">Os concertos t\u00eam entrada livre.<\/span><\/p>\n","protected":false},"excerpt":{"rendered":"<p>De 27 de Agosto a 25 de Setembro realiza-se mais uma Feira da Luz, no Jardim da Luz, em Carnide. Todos os anos, milhares de pessoas visitam esta que \u00e9 considerada como uma das Feiras mais antigas de Portugal e que, ainda hoje, mant\u00e9m a mesma tradi\u00e7\u00e3o. Do programa das festas fazem parte concertos, ranchos, [&hellip;]<\/p>\n","protected":false},"author":13,"featured_media":9943,"comment_status":"open","ping_status":"closed","sticky":false,"template":"","format":"standard","meta":{"footnotes":""},"categories":[2,9],"tags":[501,1760],"class_list":["post-10966","post","type-post","status-publish","format-standard","has-post-thumbnail","hentry","category-cultura","category-outros","tag-carnide","tag-feira-da-luz"],"yoast_head":"<!-- This site is optimized with the Yoast SEO plugin v27.4 - https:\/\/yoast.com\/product\/yoast-seo-wordpress\/ -->\n<title>Carnide em festa com a Feira da Luz de 27 de Agosto a 25 de Setembro | Infocul.pt - Arquivo Digital<\/title>\n<meta name=\"description\" content=\"Carnide em festa com a Feira da Luz de 27 de Agosto a 25 de Setembro | Infocul.pt - Arquivo Digital\" \/>\n<meta name=\"robots\" content=\"noindex, follow, max-snippet:-1, max-image-preview:large, max-video-preview:-1\" \/>\n<meta property=\"og:locale\" content=\"pt_PT\" \/>\n<meta property=\"og:type\" content=\"article\" \/>\n<meta property=\"og:title\" content=\"Carnide em festa com a Feira da Luz de 27 de Agosto a 25 de Setembro | Infocul.pt - Arquivo Digital\" \/>\n<meta property=\"og:description\" content=\"Carnide em festa com a Feira da Luz de 27 de Agosto a 25 de Setembro | Infocul.pt - Arquivo Digital\" \/>\n<meta property=\"og:url\" content=\"https:\/\/infocul.pt\/arquivo\/cultura\/carnide-em-festa-com-a-feira-da-luz-de-27-de-agosto-a-25-de-setembro\/\" \/>\n<meta property=\"og:site_name\" content=\"Infocul.pt - Arquivo Digital\" \/>\n<meta property=\"article:publisher\" content=\"https:\/\/www.facebook.com\/Infocul-147816815585015\/\" \/>\n<meta property=\"article:published_time\" content=\"2016-07-18T17:29:34+00:00\" \/>\n<meta property=\"article:modified_time\" content=\"2016-07-22T02:30:30+00:00\" \/>\n<meta property=\"og:image\" content=\"https:\/\/infocul.pt\/arquivo\/wp-content\/uploads\/2016\/06\/Feira-da-Luz-e1466854083420.png\" \/>\n\t<meta property=\"og:image:width\" content=\"400\" \/>\n\t<meta property=\"og:image:height\" content=\"167\" \/>\n\t<meta property=\"og:image:type\" content=\"image\/png\" \/>\n<meta name=\"author\" content=\"Redac\u00e7\u00e3o\" \/>\n<meta name=\"twitter:card\" content=\"summary_large_image\" \/>\n<meta name=\"twitter:creator\" content=\"@Infoculpt\" \/>\n<meta name=\"twitter:site\" content=\"@Infoculpt\" \/>\n<meta name=\"twitter:label1\" content=\"Escrito por\" \/>\n\t<meta name=\"twitter:data1\" content=\"Redac\u00e7\u00e3o\" \/>\n\t<meta name=\"twitter:label2\" content=\"Tempo estimado de leitura\" \/>\n\t<meta name=\"twitter:data2\" content=\"2 minutos\" \/>\n<script type=\"application\/ld+json\" class=\"yoast-schema-graph\">{\"@context\":\"https:\\\/\\\/schema.org\",\"@graph\":[{\"@type\":\"Article\",\"@id\":\"https:\\\/\\\/infocul.pt\\\/arquivo\\\/cultura\\\/carnide-em-festa-com-a-feira-da-luz-de-27-de-agosto-a-25-de-setembro\\\/#article\",\"isPartOf\":{\"@id\":\"https:\\\/\\\/infocul.pt\\\/arquivo\\\/cultura\\\/carnide-em-festa-com-a-feira-da-luz-de-27-de-agosto-a-25-de-setembro\\\/\"},\"author\":{\"name\":\"Redac\u00e7\u00e3o\",\"@id\":\"https:\\\/\\\/infocul.pt\\\/arquivo\\\/#\\\/schema\\\/person\\\/f243f45ae8d67639120a7586884f3abc\"},\"headline\":\"Carnide em festa com a Feira da Luz de 27 de Agosto a 25 de Setembro\",\"datePublished\":\"2016-07-18T17:29:34+00:00\",\"dateModified\":\"2016-07-22T02:30:30+00:00\",\"mainEntityOfPage\":{\"@id\":\"https:\\\/\\\/infocul.pt\\\/arquivo\\\/cultura\\\/carnide-em-festa-com-a-feira-da-luz-de-27-de-agosto-a-25-de-setembro\\\/\"},\"wordCount\":412,\"commentCount\":0,\"publisher\":{\"@id\":\"https:\\\/\\\/infocul.pt\\\/arquivo\\\/#organization\"},\"image\":{\"@id\":\"https:\\\/\\\/infocul.pt\\\/arquivo\\\/cultura\\\/carnide-em-festa-com-a-feira-da-luz-de-27-de-agosto-a-25-de-setembro\\\/#primaryimage\"},\"thumbnailUrl\":\"https:\\\/\\\/infocul.pt\\\/arquivo\\\/wp-content\\\/uploads\\\/2016\\\/06\\\/Feira-da-Luz-e1466854083420.png\",\"keywords\":[\"Carnide\",\"Feira da Luz\"],\"articleSection\":[\"Cultura\",\"Outros\"],\"inLanguage\":\"pt-PT\"},{\"@type\":\"WebPage\",\"@id\":\"https:\\\/\\\/infocul.pt\\\/arquivo\\\/cultura\\\/carnide-em-festa-com-a-feira-da-luz-de-27-de-agosto-a-25-de-setembro\\\/\",\"url\":\"https:\\\/\\\/infocul.pt\\\/arquivo\\\/cultura\\\/carnide-em-festa-com-a-feira-da-luz-de-27-de-agosto-a-25-de-setembro\\\/\",\"name\":\"Carnide em festa com a Feira da Luz de 27 de Agosto a 25 de Setembro | Infocul.pt - Arquivo Digital\",\"isPartOf\":{\"@id\":\"https:\\\/\\\/infocul.pt\\\/arquivo\\\/#website\"},\"primaryImageOfPage\":{\"@id\":\"https:\\\/\\\/infocul.pt\\\/arquivo\\\/cultura\\\/carnide-em-festa-com-a-feira-da-luz-de-27-de-agosto-a-25-de-setembro\\\/#primaryimage\"},\"image\":{\"@id\":\"https:\\\/\\\/infocul.pt\\\/arquivo\\\/cultura\\\/carnide-em-festa-com-a-feira-da-luz-de-27-de-agosto-a-25-de-setembro\\\/#primaryimage\"},\"thumbnailUrl\":\"https:\\\/\\\/infocul.pt\\\/arquivo\\\/wp-content\\\/uploads\\\/2016\\\/06\\\/Feira-da-Luz-e1466854083420.png\",\"datePublished\":\"2016-07-18T17:29:34+00:00\",\"dateModified\":\"2016-07-22T02:30:30+00:00\",\"description\":\"Carnide em festa com a Feira da Luz de 27 de Agosto a 25 de Setembro | Infocul.pt - Arquivo Digital\",\"breadcrumb\":{\"@id\":\"https:\\\/\\\/infocul.pt\\\/arquivo\\\/cultura\\\/carnide-em-festa-com-a-feira-da-luz-de-27-de-agosto-a-25-de-setembro\\\/#breadcrumb\"},\"inLanguage\":\"pt-PT\",\"potentialAction\":[{\"@type\":\"ReadAction\",\"target\":[\"https:\\\/\\\/infocul.pt\\\/arquivo\\\/cultura\\\/carnide-em-festa-com-a-feira-da-luz-de-27-de-agosto-a-25-de-setembro\\\/\"]}]},{\"@type\":\"ImageObject\",\"inLanguage\":\"pt-PT\",\"@id\":\"https:\\\/\\\/infocul.pt\\\/arquivo\\\/cultura\\\/carnide-em-festa-com-a-feira-da-luz-de-27-de-agosto-a-25-de-setembro\\\/#primaryimage\",\"url\":\"https:\\\/\\\/infocul.pt\\\/arquivo\\\/wp-content\\\/uploads\\\/2016\\\/06\\\/Feira-da-Luz-e1466854083420.png\",\"contentUrl\":\"https:\\\/\\\/infocul.pt\\\/arquivo\\\/wp-content\\\/uploads\\\/2016\\\/06\\\/Feira-da-Luz-e1466854083420.png\",\"width\":400,\"height\":167},{\"@type\":\"BreadcrumbList\",\"@id\":\"https:\\\/\\\/infocul.pt\\\/arquivo\\\/cultura\\\/carnide-em-festa-com-a-feira-da-luz-de-27-de-agosto-a-25-de-setembro\\\/#breadcrumb\",\"itemListElement\":[{\"@type\":\"ListItem\",\"position\":1,\"name\":\"Home\",\"item\":\"https:\\\/\\\/infocul.pt\\\/arquivo\\\/\"},{\"@type\":\"ListItem\",\"position\":2,\"name\":\"Carnide em festa com a Feira da Luz de 27 de Agosto a 25 de Setembro\"}]},{\"@type\":\"WebSite\",\"@id\":\"https:\\\/\\\/infocul.pt\\\/arquivo\\\/#website\",\"url\":\"https:\\\/\\\/infocul.pt\\\/arquivo\\\/\",\"name\":\"Infocul.pt - Arquivo Digital\",\"description\":\"Arquivo digital da Infocul.pt\",\"publisher\":{\"@id\":\"https:\\\/\\\/infocul.pt\\\/arquivo\\\/#organization\"},\"potentialAction\":[{\"@type\":\"SearchAction\",\"target\":{\"@type\":\"EntryPoint\",\"urlTemplate\":\"https:\\\/\\\/infocul.pt\\\/arquivo\\\/?s={search_term_string}\"},\"query-input\":{\"@type\":\"PropertyValueSpecification\",\"valueRequired\":true,\"valueName\":\"search_term_string\"}}],\"inLanguage\":\"pt-PT\"},{\"@type\":\"Organization\",\"@id\":\"https:\\\/\\\/infocul.pt\\\/arquivo\\\/#organization\",\"name\":\"Infocul.pt\",\"url\":\"https:\\\/\\\/infocul.pt\\\/arquivo\\\/\",\"logo\":{\"@type\":\"ImageObject\",\"inLanguage\":\"pt-PT\",\"@id\":\"https:\\\/\\\/infocul.pt\\\/arquivo\\\/#\\\/schema\\\/logo\\\/image\\\/\",\"url\":\"https:\\\/\\\/infocul.pt\\\/arquivo\\\/wp-content\\\/uploads\\\/2018\\\/12\\\/Infocul_logo-1.png\",\"contentUrl\":\"https:\\\/\\\/infocul.pt\\\/arquivo\\\/wp-content\\\/uploads\\\/2018\\\/12\\\/Infocul_logo-1.png\",\"width\":800,\"height\":800,\"caption\":\"Infocul.pt\"},\"image\":{\"@id\":\"https:\\\/\\\/infocul.pt\\\/arquivo\\\/#\\\/schema\\\/logo\\\/image\\\/\"},\"sameAs\":[\"https:\\\/\\\/www.facebook.com\\\/Infocul-147816815585015\\\/\",\"https:\\\/\\\/x.com\\\/Infoculpt\",\"http:\\\/\\\/www.pictaram.com\\\/user\\\/infocul.pt\\\/2370423710\",\"https:\\\/\\\/www.youtube.com\\\/channel\\\/UCYEB91AGI9FL9ek2i_IaQAA\"]},{\"@type\":\"Person\",\"@id\":\"https:\\\/\\\/infocul.pt\\\/arquivo\\\/#\\\/schema\\\/person\\\/f243f45ae8d67639120a7586884f3abc\",\"name\":\"Redac\u00e7\u00e3o\",\"image\":{\"@type\":\"ImageObject\",\"inLanguage\":\"pt-PT\",\"@id\":\"https:\\\/\\\/secure.gravatar.com\\\/avatar\\\/151b1b76c598ab5e749407223bd6c1bad4e41c4e95de3c3df83540ebee2deaf8?s=96&d=mm&r=g\",\"url\":\"https:\\\/\\\/secure.gravatar.com\\\/avatar\\\/151b1b76c598ab5e749407223bd6c1bad4e41c4e95de3c3df83540ebee2deaf8?s=96&d=mm&r=g\",\"contentUrl\":\"https:\\\/\\\/secure.gravatar.com\\\/avatar\\\/151b1b76c598ab5e749407223bd6c1bad4e41c4e95de3c3df83540ebee2deaf8?s=96&d=mm&r=g\",\"caption\":\"Redac\u00e7\u00e3o\"}}]}<\/script>\n<!-- \/ Yoast SEO plugin. -->","yoast_head_json":{"title":"Carnide em festa com a Feira da Luz de 27 de Agosto a 25 de Setembro | Infocul.pt - Arquivo Digital","description":"Carnide em festa com a Feira da Luz de 27 de Agosto a 25 de Setembro | Infocul.pt - Arquivo Digital","robots":{"index":"noindex","follow":"follow","max-snippet":"max-snippet:-1","max-image-preview":"max-image-preview:large","max-video-preview":"max-video-preview:-1"},"og_locale":"pt_PT","og_type":"article","og_title":"Carnide em festa com a Feira da Luz de 27 de Agosto a 25 de Setembro | Infocul.pt - Arquivo Digital","og_description":"Carnide em festa com a Feira da Luz de 27 de Agosto a 25 de Setembro | Infocul.pt - Arquivo Digital","og_url":"https:\/\/infocul.pt\/arquivo\/cultura\/carnide-em-festa-com-a-feira-da-luz-de-27-de-agosto-a-25-de-setembro\/","og_site_name":"Infocul.pt - Arquivo Digital","article_publisher":"https:\/\/www.facebook.com\/Infocul-147816815585015\/","article_published_time":"2016-07-18T17:29:34+00:00","article_modified_time":"2016-07-22T02:30:30+00:00","og_image":[{"width":400,"height":167,"url":"https:\/\/infocul.pt\/arquivo\/wp-content\/uploads\/2016\/06\/Feira-da-Luz-e1466854083420.png","type":"image\/png"}],"author":"Redac\u00e7\u00e3o","twitter_card":"summary_large_image","twitter_creator":"@Infoculpt","twitter_site":"@Infoculpt","twitter_misc":{"Escrito por":"Redac\u00e7\u00e3o","Tempo estimado de leitura":"2 minutos"},"schema":{"@context":"https:\/\/schema.org","@graph":[{"@type":"Article","@id":"https:\/\/infocul.pt\/arquivo\/cultura\/carnide-em-festa-com-a-feira-da-luz-de-27-de-agosto-a-25-de-setembro\/#article","isPartOf":{"@id":"https:\/\/infocul.pt\/arquivo\/cultura\/carnide-em-festa-com-a-feira-da-luz-de-27-de-agosto-a-25-de-setembro\/"},"author":{"name":"Redac\u00e7\u00e3o","@id":"https:\/\/infocul.pt\/arquivo\/#\/schema\/person\/f243f45ae8d67639120a7586884f3abc"},"headline":"Carnide em festa com a Feira da Luz de 27 de Agosto a 25 de Setembro","datePublished":"2016-07-18T17:29:34+00:00","dateModified":"2016-07-22T02:30:30+00:00","mainEntityOfPage":{"@id":"https:\/\/infocul.pt\/arquivo\/cultura\/carnide-em-festa-com-a-feira-da-luz-de-27-de-agosto-a-25-de-setembro\/"},"wordCount":412,"commentCount":0,"publisher":{"@id":"https:\/\/infocul.pt\/arquivo\/#organization"},"image":{"@id":"https:\/\/infocul.pt\/arquivo\/cultura\/carnide-em-festa-com-a-feira-da-luz-de-27-de-agosto-a-25-de-setembro\/#primaryimage"},"thumbnailUrl":"https:\/\/infocul.pt\/arquivo\/wp-content\/uploads\/2016\/06\/Feira-da-Luz-e1466854083420.png","keywords":["Carnide","Feira da Luz"],"articleSection":["Cultura","Outros"],"inLanguage":"pt-PT"},{"@type":"WebPage","@id":"https:\/\/infocul.pt\/arquivo\/cultura\/carnide-em-festa-com-a-feira-da-luz-de-27-de-agosto-a-25-de-setembro\/","url":"https:\/\/infocul.pt\/arquivo\/cultura\/carnide-em-festa-com-a-feira-da-luz-de-27-de-agosto-a-25-de-setembro\/","name":"Carnide em festa com a Feira da Luz de 27 de Agosto a 25 de Setembro | Infocul.pt - Arquivo Digital","isPartOf":{"@id":"https:\/\/infocul.pt\/arquivo\/#website"},"primaryImageOfPage":{"@id":"https:\/\/infocul.pt\/arquivo\/cultura\/carnide-em-festa-com-a-feira-da-luz-de-27-de-agosto-a-25-de-setembro\/#primaryimage"},"image":{"@id":"https:\/\/infocul.pt\/arquivo\/cultura\/carnide-em-festa-com-a-feira-da-luz-de-27-de-agosto-a-25-de-setembro\/#primaryimage"},"thumbnailUrl":"https:\/\/infocul.pt\/arquivo\/wp-content\/uploads\/2016\/06\/Feira-da-Luz-e1466854083420.png","datePublished":"2016-07-18T17:29:34+00:00","dateModified":"2016-07-22T02:30:30+00:00","description":"Carnide em festa com a Feira da Luz de 27 de Agosto a 25 de Setembro | Infocul.pt - Arquivo Digital","breadcrumb":{"@id":"https:\/\/infocul.pt\/arquivo\/cultura\/carnide-em-festa-com-a-feira-da-luz-de-27-de-agosto-a-25-de-setembro\/#breadcrumb"},"inLanguage":"pt-PT","potentialAction":[{"@type":"ReadAction","target":["https:\/\/infocul.pt\/arquivo\/cultura\/carnide-em-festa-com-a-feira-da-luz-de-27-de-agosto-a-25-de-setembro\/"]}]},{"@type":"ImageObject","inLanguage":"pt-PT","@id":"https:\/\/infocul.pt\/arquivo\/cultura\/carnide-em-festa-com-a-feira-da-luz-de-27-de-agosto-a-25-de-setembro\/#primaryimage","url":"https:\/\/infocul.pt\/arquivo\/wp-content\/uploads\/2016\/06\/Feira-da-Luz-e1466854083420.png","contentUrl":"https:\/\/infocul.pt\/arquivo\/wp-content\/uploads\/2016\/06\/Feira-da-Luz-e1466854083420.png","width":400,"height":167},{"@type":"BreadcrumbList","@id":"https:\/\/infocul.pt\/arquivo\/cultura\/carnide-em-festa-com-a-feira-da-luz-de-27-de-agosto-a-25-de-setembro\/#breadcrumb","itemListElement":[{"@type":"ListItem","position":1,"name":"Home","item":"https:\/\/infocul.pt\/arquivo\/"},{"@type":"ListItem","position":2,"name":"Carnide em festa com a Feira da Luz de 27 de Agosto a 25 de Setembro"}]},{"@type":"WebSite","@id":"https:\/\/infocul.pt\/arquivo\/#website","url":"https:\/\/infocul.pt\/arquivo\/","name":"Infocul.pt - Arquivo Digital","description":"Arquivo digital da Infocul.pt","publisher":{"@id":"https:\/\/infocul.pt\/arquivo\/#organization"},"potentialAction":[{"@type":"SearchAction","target":{"@type":"EntryPoint","urlTemplate":"https:\/\/infocul.pt\/arquivo\/?s={search_term_string}"},"query-input":{"@type":"PropertyValueSpecification","valueRequired":true,"valueName":"search_term_string"}}],"inLanguage":"pt-PT"},{"@type":"Organization","@id":"https:\/\/infocul.pt\/arquivo\/#organization","name":"Infocul.pt","url":"https:\/\/infocul.pt\/arquivo\/","logo":{"@type":"ImageObject","inLanguage":"pt-PT","@id":"https:\/\/infocul.pt\/arquivo\/#\/schema\/logo\/image\/","url":"https:\/\/infocul.pt\/arquivo\/wp-content\/uploads\/2018\/12\/Infocul_logo-1.png","contentUrl":"https:\/\/infocul.pt\/arquivo\/wp-content\/uploads\/2018\/12\/Infocul_logo-1.png","width":800,"height":800,"caption":"Infocul.pt"},"image":{"@id":"https:\/\/infocul.pt\/arquivo\/#\/schema\/logo\/image\/"},"sameAs":["https:\/\/www.facebook.com\/Infocul-147816815585015\/","https:\/\/x.com\/Infoculpt","http:\/\/www.pictaram.com\/user\/infocul.pt\/2370423710","https:\/\/www.youtube.com\/channel\/UCYEB91AGI9FL9ek2i_IaQAA"]},{"@type":"Person","@id":"https:\/\/infocul.pt\/arquivo\/#\/schema\/person\/f243f45ae8d67639120a7586884f3abc","name":"Redac\u00e7\u00e3o","image":{"@type":"ImageObject","inLanguage":"pt-PT","@id":"https:\/\/secure.gravatar.com\/avatar\/151b1b76c598ab5e749407223bd6c1bad4e41c4e95de3c3df83540ebee2deaf8?s=96&d=mm&r=g","url":"https:\/\/secure.gravatar.com\/avatar\/151b1b76c598ab5e749407223bd6c1bad4e41c4e95de3c3df83540ebee2deaf8?s=96&d=mm&r=g","contentUrl":"https:\/\/secure.gravatar.com\/avatar\/151b1b76c598ab5e749407223bd6c1bad4e41c4e95de3c3df83540ebee2deaf8?s=96&d=mm&r=g","caption":"Redac\u00e7\u00e3o"}}]}},"_links":{"self":[{"href":"https:\/\/infocul.pt\/arquivo\/wp-json\/wp\/v2\/posts\/10966","targetHints":{"allow":["GET"]}}],"collection":[{"href":"https:\/\/infocul.pt\/arquivo\/wp-json\/wp\/v2\/posts"}],"about":[{"href":"https:\/\/infocul.pt\/arquivo\/wp-json\/wp\/v2\/types\/post"}],"author":[{"embeddable":true,"href":"https:\/\/infocul.pt\/arquivo\/wp-json\/wp\/v2\/users\/13"}],"replies":[{"embeddable":true,"href":"https:\/\/infocul.pt\/arquivo\/wp-json\/wp\/v2\/comments?post=10966"}],"version-history":[{"count":0,"href":"https:\/\/infocul.pt\/arquivo\/wp-json\/wp\/v2\/posts\/10966\/revisions"}],"wp:featuredmedia":[{"embeddable":true,"href":"https:\/\/infocul.pt\/arquivo\/wp-json\/wp\/v2\/media\/9943"}],"wp:attachment":[{"href":"https:\/\/infocul.pt\/arquivo\/wp-json\/wp\/v2\/media?parent=10966"}],"wp:term":[{"taxonomy":"category","embeddable":true,"href":"https:\/\/infocul.pt\/arquivo\/wp-json\/wp\/v2\/categories?post=10966"},{"taxonomy":"post_tag","embeddable":true,"href":"https:\/\/infocul.pt\/arquivo\/wp-json\/wp\/v2\/tags?post=10966"}],"curies":[{"name":"wp","href":"https:\/\/api.w.org\/{rel}","templated":true}]}}