{"id":11663,"date":"2016-08-05T16:20:00","date_gmt":"2016-08-05T16:20:00","guid":{"rendered":"http:\/\/infocul.pt\/?p=11663"},"modified":"2016-08-05T16:20:00","modified_gmt":"2016-08-05T16:20:00","slug":"traga-mundos-ao-servico-da-cultura-comemorando-o-quinto-aniversario","status":"publish","type":"post","link":"https:\/\/infocul.pt\/arquivo\/cultura\/traga-mundos-ao-servico-da-cultura-comemorando-o-quinto-aniversario\/","title":{"rendered":"Traga-Mundos: Ao servi\u00e7o da cultura comemorando o quinto anivers\u00e1rio!"},"content":{"rendered":"<p>\t<img decoding=\"async\" width=\"960\" height=\"662\" class=\"so-widget-image lazyload\" style=\"--smush-placeholder-width: 960px; --smush-placeholder-aspect-ratio: 960\/662;max-width:100%; height:auto; display:block\" data-src=\"http:\/\/infocul.pt\/wp-content\/uploads\/2016\/08\/Traga-Mundos.png\" src=\"data:image\/svg+xml;base64,PHN2ZyB3aWR0aD0iMSIgaGVpZ2h0PSIxIiB4bWxucz0iaHR0cDovL3d3dy53My5vcmcvMjAwMC9zdmciPjwvc3ZnPg==\"><\/p>\n<p><span style=\"color: #000000; font-family: Calibri;\"><strong>A livraria Traga-Mundos comemora cinco anos de actividade. A livraria abriu portas a 5 de Novembro de 2011 na rua Miguel Bombarda, zona hist\u00f3rica da cidade e entre com\u00e9rcio tradicional, no espa\u00e7o onde durante muitos anos esteve a not\u00e1vel Livraria Setentri\u00e3o.<\/strong> <\/span><\/p>\n<p><span style=\"color: #000000; font-family: Calibri;\">A livraria Traga-Mundos espa\u00e7o multicultural de livraria e alfarrabista \u00e9 um espa\u00e7o de refer\u00eancia para a cultura de Vila Real. A galeria j\u00e1 recebeu exposi\u00e7\u00f5es de pintura, fotografia, escultura, cer\u00e2mica ou artesanato. O espa\u00e7o tamb\u00e9m j\u00e1 recebeu apresenta\u00e7\u00f5es de livros, tert\u00falias tem\u00e1ticas, workshops, ateliers e oficinas sobre as mais variadas tem\u00e1ticas. <\/span><\/p>\n<p><span style=\"color: #000000; font-family: Calibri;\">&nbsp;<\/span><\/p>\n<p><span style=\"color: #000000; font-family: Calibri;\">&nbsp;<\/span><\/p>\n<p><span style=\"color: #000000; font-family: Calibri;\">Tudo come\u00e7ou na livraria Traga-Mundos devido ao trabalho \u00e1rduo do dono, Ant\u00f3nio Alberto Alves, que (re)visitou a oferta de outras livrarias em diversas cidades. Para al\u00e9m disso tamb\u00e9m estudou cat\u00e1logos de editoras e iniciou contactos. Sobretudo, deu um nome \u00e0 iniciativa, redigindo o seguinte conceito orientador, que se foi apurando: &#8220;Queremos construir uma refer\u00eancia quando se pensa na regi\u00e3o de Tr\u00e1s-os-Montes, nomeadamente do alto Douro vinhateiro, seus autores e cultura, vinhos e tradi\u00e7\u00f5es, produtos e artesanato&#8221; e \u00e9 desta forma que a loja orienta a exposi\u00e7\u00e3o e venda dos produtos. <\/span><\/p>\n<p><span style=\"color: #000000; font-family: Calibri;\">&nbsp;<\/span><\/p>\n<p><span style=\"color: #000000; font-family: Calibri;\">&nbsp;<\/span><\/p>\n<p><span style=\"color: #000000; font-family: Calibri;\">Em rela\u00e7\u00e3o ao artesanato pode ser adquirido desde a olaria negra de Bisalh\u00e3es a cutelaria, das m\u00e1scaras a instrumentos de manufactura tradicional, da latoaria a outros artefactos. <\/span><\/p>\n<p><span style=\"color: #000000; font-family: Calibri;\">&nbsp;<\/span><\/p>\n<p><span style=\"color: #000000; font-family: Calibri;\">&nbsp;<\/span><\/p>\n<p><span style=\"color: #000000; font-family: Calibri;\">Esta \u00e9 uma livraria especializada na tem\u00e1tica do Douro, incluindo \u00e1lbuns de edi\u00e7\u00e3o cuidada e guias (tur\u00edsticos, vinhos, vinhos do porto, quintas, castas). Aqui tamb\u00e9m est\u00e3o presentes os autores locais e regionais com projec\u00e7\u00e3o nacional e universal: A.M. Pires Cabral, Ant\u00f3nio Cabral, Jo\u00e3o de Ara\u00fajo Correia, Miguel Torga ou Ot\u00edlio Figueiredo. Estes autores escreveram obras em prosa ou poesia; romances, novelas e contos.&nbsp; <\/span><\/p>\n<p><span style=\"color: #000000; font-family: Calibri;\">&nbsp;<\/span><\/p>\n<p><span style=\"color: #000000; font-family: Calibri;\">&nbsp;<\/span><\/p>\n<p><span style=\"color: #000000; font-family: Calibri;\">Os livros t\u00e9cnicos e revistas tem\u00e1ticas; \u00e1lbuns infanto-juvenis e de banda-desenhada; de edi\u00e7\u00f5es de bolso a \u00e1lbuns de fotografia; de guias tur\u00edsticos a cd\u2019s e dvd\u2019s; de edi\u00e7\u00f5es de autor a edi\u00e7\u00f5es de associa\u00e7\u00f5es e outras institui\u00e7\u00f5es; em portugu\u00eas e em mirand\u00eas; num esfor\u00e7o para se reunir e apresentar num mesmo local a riqueza cultural e liter\u00e1ria da regi\u00e3o de Tr\u00e1s-os-Montes e Alto Douro.&nbsp; <\/span><\/p>\n<p><span style=\"color: #000000; font-family: Calibri;\">&nbsp;<\/span><\/p>\n<p><span style=\"color: #000000; font-family: Calibri;\">&nbsp;<\/span><\/p>\n<p><span style=\"color: #000000; font-family: Calibri;\">Neste local pode ser encontrada preciosa informa\u00e7\u00e3o tur\u00edstica, sobre eventos, romarias, restaura\u00e7\u00e3o, alojamento, percursos, museus, igrejas e capelas ou parques naturais. <\/span><\/p>\n<p><span style=\"color: #000000; font-family: Calibri;\">&nbsp;<\/span><\/p>\n<p><span style=\"color: #000000; font-family: Calibri;\">&nbsp;<\/span><\/p>\n<p><span style=\"color: #000000; font-family: Calibri;\">Na Traga-Mundos pode-se encontrar de tudo sobre esta regi\u00e3o do pa\u00eds que \u00e9 conhecida pelo vinho do Douro. Mas tamb\u00e9m podem ser adquiridas garrafas de vinho generoso, tamb\u00e9m denominado do Porto, ao vinho moscatel, com exemplares de aguardentes velhas. Estes exemplares t\u00eam 10, 20, 30 e mais de 40 anos. <\/span><\/p>\n<p><span style=\"color: #000000; font-family: Calibri;\">&nbsp;<\/span><\/p>\n<p><span style=\"color: #000000; font-family: Calibri;\">&nbsp;<\/span><\/p>\n<p><span style=\"color: #000000; font-family: Calibri;\">Esta tamb\u00e9m \u00e9 uma loja de mercearia fina: de compotas a ervas arom\u00e1ticas, de ch\u00e1s a licores, de mel a frutos secos, de sabonetes naturais a azeite extra virgem, privilegiando produtos da agricultura local, familiar e tradicional.<\/span><\/p>\n","protected":false},"excerpt":{"rendered":"<p>A livraria Traga-Mundos comemora cinco anos de actividade. A livraria abriu portas a 5 de Novembro de 2011 na rua Miguel Bombarda, zona hist\u00f3rica da cidade e entre com\u00e9rcio tradicional, no espa\u00e7o onde durante muitos anos esteve a not\u00e1vel Livraria Setentri\u00e3o. A livraria Traga-Mundos espa\u00e7o multicultural de livraria e alfarrabista \u00e9 um espa\u00e7o de refer\u00eancia [&hellip;]<\/p>\n","protected":false},"author":13,"featured_media":11664,"comment_status":"open","ping_status":"closed","sticky":false,"template":"","format":"standard","meta":{"footnotes":""},"categories":[2,8],"tags":[316],"class_list":["post-11663","post","type-post","status-publish","format-standard","has-post-thumbnail","hentry","category-cultura","category-livros","tag-traga-mundos"],"yoast_head":"<!-- This site is optimized with the Yoast SEO plugin v27.4 - https:\/\/yoast.com\/product\/yoast-seo-wordpress\/ -->\n<title>Traga-Mundos: Ao servi\u00e7o da cultura comemorando o quinto anivers\u00e1rio! | Infocul.pt - Arquivo Digital<\/title>\n<meta name=\"description\" content=\"Traga-Mundos: Ao servi\u00e7o da cultura comemorando o quinto anivers\u00e1rio! | Infocul.pt - Arquivo Digital\" \/>\n<meta name=\"robots\" content=\"noindex, follow, max-snippet:-1, max-image-preview:large, max-video-preview:-1\" \/>\n<meta property=\"og:locale\" content=\"pt_PT\" \/>\n<meta property=\"og:type\" content=\"article\" \/>\n<meta property=\"og:title\" content=\"Traga-Mundos: Ao servi\u00e7o da cultura comemorando o quinto anivers\u00e1rio! | Infocul.pt - Arquivo Digital\" \/>\n<meta property=\"og:description\" content=\"Traga-Mundos: Ao servi\u00e7o da cultura comemorando o quinto anivers\u00e1rio! | Infocul.pt - Arquivo Digital\" \/>\n<meta property=\"og:url\" content=\"https:\/\/infocul.pt\/arquivo\/cultura\/traga-mundos-ao-servico-da-cultura-comemorando-o-quinto-aniversario\/\" \/>\n<meta property=\"og:site_name\" content=\"Infocul.pt - Arquivo Digital\" \/>\n<meta property=\"article:publisher\" content=\"https:\/\/www.facebook.com\/Infocul-147816815585015\/\" \/>\n<meta property=\"article:published_time\" content=\"2016-08-05T16:20:00+00:00\" \/>\n<meta property=\"og:image\" content=\"https:\/\/infocul.pt\/arquivo\/wp-content\/uploads\/2016\/08\/Traga-Mundos.png\" \/>\n\t<meta property=\"og:image:width\" content=\"960\" \/>\n\t<meta property=\"og:image:height\" content=\"662\" \/>\n\t<meta property=\"og:image:type\" content=\"image\/png\" \/>\n<meta name=\"author\" content=\"Redac\u00e7\u00e3o\" \/>\n<meta name=\"twitter:card\" content=\"summary_large_image\" \/>\n<meta name=\"twitter:creator\" content=\"@Infoculpt\" \/>\n<meta name=\"twitter:site\" content=\"@Infoculpt\" \/>\n<meta name=\"twitter:label1\" content=\"Escrito por\" \/>\n\t<meta name=\"twitter:data1\" content=\"Redac\u00e7\u00e3o\" \/>\n\t<meta name=\"twitter:label2\" content=\"Tempo estimado de leitura\" \/>\n\t<meta name=\"twitter:data2\" content=\"3 minutos\" \/>\n<script type=\"application\/ld+json\" class=\"yoast-schema-graph\">{\"@context\":\"https:\\\/\\\/schema.org\",\"@graph\":[{\"@type\":\"Article\",\"@id\":\"https:\\\/\\\/infocul.pt\\\/arquivo\\\/cultura\\\/traga-mundos-ao-servico-da-cultura-comemorando-o-quinto-aniversario\\\/#article\",\"isPartOf\":{\"@id\":\"https:\\\/\\\/infocul.pt\\\/arquivo\\\/cultura\\\/traga-mundos-ao-servico-da-cultura-comemorando-o-quinto-aniversario\\\/\"},\"author\":{\"name\":\"Redac\u00e7\u00e3o\",\"@id\":\"https:\\\/\\\/infocul.pt\\\/arquivo\\\/#\\\/schema\\\/person\\\/f243f45ae8d67639120a7586884f3abc\"},\"headline\":\"Traga-Mundos: Ao servi\u00e7o da cultura comemorando o quinto anivers\u00e1rio!\",\"datePublished\":\"2016-08-05T16:20:00+00:00\",\"mainEntityOfPage\":{\"@id\":\"https:\\\/\\\/infocul.pt\\\/arquivo\\\/cultura\\\/traga-mundos-ao-servico-da-cultura-comemorando-o-quinto-aniversario\\\/\"},\"wordCount\":527,\"commentCount\":0,\"publisher\":{\"@id\":\"https:\\\/\\\/infocul.pt\\\/arquivo\\\/#organization\"},\"image\":{\"@id\":\"https:\\\/\\\/infocul.pt\\\/arquivo\\\/cultura\\\/traga-mundos-ao-servico-da-cultura-comemorando-o-quinto-aniversario\\\/#primaryimage\"},\"thumbnailUrl\":\"https:\\\/\\\/infocul.pt\\\/arquivo\\\/wp-content\\\/uploads\\\/2016\\\/08\\\/Traga-Mundos.png\",\"keywords\":[\"Traga Mundos\"],\"articleSection\":[\"Cultura\",\"Livros\"],\"inLanguage\":\"pt-PT\"},{\"@type\":\"WebPage\",\"@id\":\"https:\\\/\\\/infocul.pt\\\/arquivo\\\/cultura\\\/traga-mundos-ao-servico-da-cultura-comemorando-o-quinto-aniversario\\\/\",\"url\":\"https:\\\/\\\/infocul.pt\\\/arquivo\\\/cultura\\\/traga-mundos-ao-servico-da-cultura-comemorando-o-quinto-aniversario\\\/\",\"name\":\"Traga-Mundos: Ao servi\u00e7o da cultura comemorando o quinto anivers\u00e1rio! | Infocul.pt - Arquivo Digital\",\"isPartOf\":{\"@id\":\"https:\\\/\\\/infocul.pt\\\/arquivo\\\/#website\"},\"primaryImageOfPage\":{\"@id\":\"https:\\\/\\\/infocul.pt\\\/arquivo\\\/cultura\\\/traga-mundos-ao-servico-da-cultura-comemorando-o-quinto-aniversario\\\/#primaryimage\"},\"image\":{\"@id\":\"https:\\\/\\\/infocul.pt\\\/arquivo\\\/cultura\\\/traga-mundos-ao-servico-da-cultura-comemorando-o-quinto-aniversario\\\/#primaryimage\"},\"thumbnailUrl\":\"https:\\\/\\\/infocul.pt\\\/arquivo\\\/wp-content\\\/uploads\\\/2016\\\/08\\\/Traga-Mundos.png\",\"datePublished\":\"2016-08-05T16:20:00+00:00\",\"description\":\"Traga-Mundos: Ao servi\u00e7o da cultura comemorando o quinto anivers\u00e1rio! | Infocul.pt - Arquivo Digital\",\"breadcrumb\":{\"@id\":\"https:\\\/\\\/infocul.pt\\\/arquivo\\\/cultura\\\/traga-mundos-ao-servico-da-cultura-comemorando-o-quinto-aniversario\\\/#breadcrumb\"},\"inLanguage\":\"pt-PT\",\"potentialAction\":[{\"@type\":\"ReadAction\",\"target\":[\"https:\\\/\\\/infocul.pt\\\/arquivo\\\/cultura\\\/traga-mundos-ao-servico-da-cultura-comemorando-o-quinto-aniversario\\\/\"]}]},{\"@type\":\"ImageObject\",\"inLanguage\":\"pt-PT\",\"@id\":\"https:\\\/\\\/infocul.pt\\\/arquivo\\\/cultura\\\/traga-mundos-ao-servico-da-cultura-comemorando-o-quinto-aniversario\\\/#primaryimage\",\"url\":\"https:\\\/\\\/infocul.pt\\\/arquivo\\\/wp-content\\\/uploads\\\/2016\\\/08\\\/Traga-Mundos.png\",\"contentUrl\":\"https:\\\/\\\/infocul.pt\\\/arquivo\\\/wp-content\\\/uploads\\\/2016\\\/08\\\/Traga-Mundos.png\",\"width\":960,\"height\":662},{\"@type\":\"BreadcrumbList\",\"@id\":\"https:\\\/\\\/infocul.pt\\\/arquivo\\\/cultura\\\/traga-mundos-ao-servico-da-cultura-comemorando-o-quinto-aniversario\\\/#breadcrumb\",\"itemListElement\":[{\"@type\":\"ListItem\",\"position\":1,\"name\":\"Home\",\"item\":\"https:\\\/\\\/infocul.pt\\\/arquivo\\\/\"},{\"@type\":\"ListItem\",\"position\":2,\"name\":\"Traga-Mundos: Ao servi\u00e7o da cultura comemorando o quinto anivers\u00e1rio!\"}]},{\"@type\":\"WebSite\",\"@id\":\"https:\\\/\\\/infocul.pt\\\/arquivo\\\/#website\",\"url\":\"https:\\\/\\\/infocul.pt\\\/arquivo\\\/\",\"name\":\"Infocul.pt - Arquivo Digital\",\"description\":\"Arquivo digital da Infocul.pt\",\"publisher\":{\"@id\":\"https:\\\/\\\/infocul.pt\\\/arquivo\\\/#organization\"},\"potentialAction\":[{\"@type\":\"SearchAction\",\"target\":{\"@type\":\"EntryPoint\",\"urlTemplate\":\"https:\\\/\\\/infocul.pt\\\/arquivo\\\/?s={search_term_string}\"},\"query-input\":{\"@type\":\"PropertyValueSpecification\",\"valueRequired\":true,\"valueName\":\"search_term_string\"}}],\"inLanguage\":\"pt-PT\"},{\"@type\":\"Organization\",\"@id\":\"https:\\\/\\\/infocul.pt\\\/arquivo\\\/#organization\",\"name\":\"Infocul.pt\",\"url\":\"https:\\\/\\\/infocul.pt\\\/arquivo\\\/\",\"logo\":{\"@type\":\"ImageObject\",\"inLanguage\":\"pt-PT\",\"@id\":\"https:\\\/\\\/infocul.pt\\\/arquivo\\\/#\\\/schema\\\/logo\\\/image\\\/\",\"url\":\"https:\\\/\\\/infocul.pt\\\/arquivo\\\/wp-content\\\/uploads\\\/2018\\\/12\\\/Infocul_logo-1.png\",\"contentUrl\":\"https:\\\/\\\/infocul.pt\\\/arquivo\\\/wp-content\\\/uploads\\\/2018\\\/12\\\/Infocul_logo-1.png\",\"width\":800,\"height\":800,\"caption\":\"Infocul.pt\"},\"image\":{\"@id\":\"https:\\\/\\\/infocul.pt\\\/arquivo\\\/#\\\/schema\\\/logo\\\/image\\\/\"},\"sameAs\":[\"https:\\\/\\\/www.facebook.com\\\/Infocul-147816815585015\\\/\",\"https:\\\/\\\/x.com\\\/Infoculpt\",\"http:\\\/\\\/www.pictaram.com\\\/user\\\/infocul.pt\\\/2370423710\",\"https:\\\/\\\/www.youtube.com\\\/channel\\\/UCYEB91AGI9FL9ek2i_IaQAA\"]},{\"@type\":\"Person\",\"@id\":\"https:\\\/\\\/infocul.pt\\\/arquivo\\\/#\\\/schema\\\/person\\\/f243f45ae8d67639120a7586884f3abc\",\"name\":\"Redac\u00e7\u00e3o\",\"image\":{\"@type\":\"ImageObject\",\"inLanguage\":\"pt-PT\",\"@id\":\"https:\\\/\\\/secure.gravatar.com\\\/avatar\\\/151b1b76c598ab5e749407223bd6c1bad4e41c4e95de3c3df83540ebee2deaf8?s=96&d=mm&r=g\",\"url\":\"https:\\\/\\\/secure.gravatar.com\\\/avatar\\\/151b1b76c598ab5e749407223bd6c1bad4e41c4e95de3c3df83540ebee2deaf8?s=96&d=mm&r=g\",\"contentUrl\":\"https:\\\/\\\/secure.gravatar.com\\\/avatar\\\/151b1b76c598ab5e749407223bd6c1bad4e41c4e95de3c3df83540ebee2deaf8?s=96&d=mm&r=g\",\"caption\":\"Redac\u00e7\u00e3o\"}}]}<\/script>\n<!-- \/ Yoast SEO plugin. -->","yoast_head_json":{"title":"Traga-Mundos: Ao servi\u00e7o da cultura comemorando o quinto anivers\u00e1rio! | Infocul.pt - Arquivo Digital","description":"Traga-Mundos: Ao servi\u00e7o da cultura comemorando o quinto anivers\u00e1rio! | Infocul.pt - Arquivo Digital","robots":{"index":"noindex","follow":"follow","max-snippet":"max-snippet:-1","max-image-preview":"max-image-preview:large","max-video-preview":"max-video-preview:-1"},"og_locale":"pt_PT","og_type":"article","og_title":"Traga-Mundos: Ao servi\u00e7o da cultura comemorando o quinto anivers\u00e1rio! | Infocul.pt - Arquivo Digital","og_description":"Traga-Mundos: Ao servi\u00e7o da cultura comemorando o quinto anivers\u00e1rio! | Infocul.pt - Arquivo Digital","og_url":"https:\/\/infocul.pt\/arquivo\/cultura\/traga-mundos-ao-servico-da-cultura-comemorando-o-quinto-aniversario\/","og_site_name":"Infocul.pt - Arquivo Digital","article_publisher":"https:\/\/www.facebook.com\/Infocul-147816815585015\/","article_published_time":"2016-08-05T16:20:00+00:00","og_image":[{"width":960,"height":662,"url":"https:\/\/infocul.pt\/arquivo\/wp-content\/uploads\/2016\/08\/Traga-Mundos.png","type":"image\/png"}],"author":"Redac\u00e7\u00e3o","twitter_card":"summary_large_image","twitter_creator":"@Infoculpt","twitter_site":"@Infoculpt","twitter_misc":{"Escrito por":"Redac\u00e7\u00e3o","Tempo estimado de leitura":"3 minutos"},"schema":{"@context":"https:\/\/schema.org","@graph":[{"@type":"Article","@id":"https:\/\/infocul.pt\/arquivo\/cultura\/traga-mundos-ao-servico-da-cultura-comemorando-o-quinto-aniversario\/#article","isPartOf":{"@id":"https:\/\/infocul.pt\/arquivo\/cultura\/traga-mundos-ao-servico-da-cultura-comemorando-o-quinto-aniversario\/"},"author":{"name":"Redac\u00e7\u00e3o","@id":"https:\/\/infocul.pt\/arquivo\/#\/schema\/person\/f243f45ae8d67639120a7586884f3abc"},"headline":"Traga-Mundos: Ao servi\u00e7o da cultura comemorando o quinto anivers\u00e1rio!","datePublished":"2016-08-05T16:20:00+00:00","mainEntityOfPage":{"@id":"https:\/\/infocul.pt\/arquivo\/cultura\/traga-mundos-ao-servico-da-cultura-comemorando-o-quinto-aniversario\/"},"wordCount":527,"commentCount":0,"publisher":{"@id":"https:\/\/infocul.pt\/arquivo\/#organization"},"image":{"@id":"https:\/\/infocul.pt\/arquivo\/cultura\/traga-mundos-ao-servico-da-cultura-comemorando-o-quinto-aniversario\/#primaryimage"},"thumbnailUrl":"https:\/\/infocul.pt\/arquivo\/wp-content\/uploads\/2016\/08\/Traga-Mundos.png","keywords":["Traga Mundos"],"articleSection":["Cultura","Livros"],"inLanguage":"pt-PT"},{"@type":"WebPage","@id":"https:\/\/infocul.pt\/arquivo\/cultura\/traga-mundos-ao-servico-da-cultura-comemorando-o-quinto-aniversario\/","url":"https:\/\/infocul.pt\/arquivo\/cultura\/traga-mundos-ao-servico-da-cultura-comemorando-o-quinto-aniversario\/","name":"Traga-Mundos: Ao servi\u00e7o da cultura comemorando o quinto anivers\u00e1rio! | Infocul.pt - Arquivo Digital","isPartOf":{"@id":"https:\/\/infocul.pt\/arquivo\/#website"},"primaryImageOfPage":{"@id":"https:\/\/infocul.pt\/arquivo\/cultura\/traga-mundos-ao-servico-da-cultura-comemorando-o-quinto-aniversario\/#primaryimage"},"image":{"@id":"https:\/\/infocul.pt\/arquivo\/cultura\/traga-mundos-ao-servico-da-cultura-comemorando-o-quinto-aniversario\/#primaryimage"},"thumbnailUrl":"https:\/\/infocul.pt\/arquivo\/wp-content\/uploads\/2016\/08\/Traga-Mundos.png","datePublished":"2016-08-05T16:20:00+00:00","description":"Traga-Mundos: Ao servi\u00e7o da cultura comemorando o quinto anivers\u00e1rio! | Infocul.pt - Arquivo Digital","breadcrumb":{"@id":"https:\/\/infocul.pt\/arquivo\/cultura\/traga-mundos-ao-servico-da-cultura-comemorando-o-quinto-aniversario\/#breadcrumb"},"inLanguage":"pt-PT","potentialAction":[{"@type":"ReadAction","target":["https:\/\/infocul.pt\/arquivo\/cultura\/traga-mundos-ao-servico-da-cultura-comemorando-o-quinto-aniversario\/"]}]},{"@type":"ImageObject","inLanguage":"pt-PT","@id":"https:\/\/infocul.pt\/arquivo\/cultura\/traga-mundos-ao-servico-da-cultura-comemorando-o-quinto-aniversario\/#primaryimage","url":"https:\/\/infocul.pt\/arquivo\/wp-content\/uploads\/2016\/08\/Traga-Mundos.png","contentUrl":"https:\/\/infocul.pt\/arquivo\/wp-content\/uploads\/2016\/08\/Traga-Mundos.png","width":960,"height":662},{"@type":"BreadcrumbList","@id":"https:\/\/infocul.pt\/arquivo\/cultura\/traga-mundos-ao-servico-da-cultura-comemorando-o-quinto-aniversario\/#breadcrumb","itemListElement":[{"@type":"ListItem","position":1,"name":"Home","item":"https:\/\/infocul.pt\/arquivo\/"},{"@type":"ListItem","position":2,"name":"Traga-Mundos: Ao servi\u00e7o da cultura comemorando o quinto anivers\u00e1rio!"}]},{"@type":"WebSite","@id":"https:\/\/infocul.pt\/arquivo\/#website","url":"https:\/\/infocul.pt\/arquivo\/","name":"Infocul.pt - Arquivo Digital","description":"Arquivo digital da Infocul.pt","publisher":{"@id":"https:\/\/infocul.pt\/arquivo\/#organization"},"potentialAction":[{"@type":"SearchAction","target":{"@type":"EntryPoint","urlTemplate":"https:\/\/infocul.pt\/arquivo\/?s={search_term_string}"},"query-input":{"@type":"PropertyValueSpecification","valueRequired":true,"valueName":"search_term_string"}}],"inLanguage":"pt-PT"},{"@type":"Organization","@id":"https:\/\/infocul.pt\/arquivo\/#organization","name":"Infocul.pt","url":"https:\/\/infocul.pt\/arquivo\/","logo":{"@type":"ImageObject","inLanguage":"pt-PT","@id":"https:\/\/infocul.pt\/arquivo\/#\/schema\/logo\/image\/","url":"https:\/\/infocul.pt\/arquivo\/wp-content\/uploads\/2018\/12\/Infocul_logo-1.png","contentUrl":"https:\/\/infocul.pt\/arquivo\/wp-content\/uploads\/2018\/12\/Infocul_logo-1.png","width":800,"height":800,"caption":"Infocul.pt"},"image":{"@id":"https:\/\/infocul.pt\/arquivo\/#\/schema\/logo\/image\/"},"sameAs":["https:\/\/www.facebook.com\/Infocul-147816815585015\/","https:\/\/x.com\/Infoculpt","http:\/\/www.pictaram.com\/user\/infocul.pt\/2370423710","https:\/\/www.youtube.com\/channel\/UCYEB91AGI9FL9ek2i_IaQAA"]},{"@type":"Person","@id":"https:\/\/infocul.pt\/arquivo\/#\/schema\/person\/f243f45ae8d67639120a7586884f3abc","name":"Redac\u00e7\u00e3o","image":{"@type":"ImageObject","inLanguage":"pt-PT","@id":"https:\/\/secure.gravatar.com\/avatar\/151b1b76c598ab5e749407223bd6c1bad4e41c4e95de3c3df83540ebee2deaf8?s=96&d=mm&r=g","url":"https:\/\/secure.gravatar.com\/avatar\/151b1b76c598ab5e749407223bd6c1bad4e41c4e95de3c3df83540ebee2deaf8?s=96&d=mm&r=g","contentUrl":"https:\/\/secure.gravatar.com\/avatar\/151b1b76c598ab5e749407223bd6c1bad4e41c4e95de3c3df83540ebee2deaf8?s=96&d=mm&r=g","caption":"Redac\u00e7\u00e3o"}}]}},"_links":{"self":[{"href":"https:\/\/infocul.pt\/arquivo\/wp-json\/wp\/v2\/posts\/11663","targetHints":{"allow":["GET"]}}],"collection":[{"href":"https:\/\/infocul.pt\/arquivo\/wp-json\/wp\/v2\/posts"}],"about":[{"href":"https:\/\/infocul.pt\/arquivo\/wp-json\/wp\/v2\/types\/post"}],"author":[{"embeddable":true,"href":"https:\/\/infocul.pt\/arquivo\/wp-json\/wp\/v2\/users\/13"}],"replies":[{"embeddable":true,"href":"https:\/\/infocul.pt\/arquivo\/wp-json\/wp\/v2\/comments?post=11663"}],"version-history":[{"count":0,"href":"https:\/\/infocul.pt\/arquivo\/wp-json\/wp\/v2\/posts\/11663\/revisions"}],"wp:featuredmedia":[{"embeddable":true,"href":"https:\/\/infocul.pt\/arquivo\/wp-json\/wp\/v2\/media\/11664"}],"wp:attachment":[{"href":"https:\/\/infocul.pt\/arquivo\/wp-json\/wp\/v2\/media?parent=11663"}],"wp:term":[{"taxonomy":"category","embeddable":true,"href":"https:\/\/infocul.pt\/arquivo\/wp-json\/wp\/v2\/categories?post=11663"},{"taxonomy":"post_tag","embeddable":true,"href":"https:\/\/infocul.pt\/arquivo\/wp-json\/wp\/v2\/tags?post=11663"}],"curies":[{"name":"wp","href":"https:\/\/api.w.org\/{rel}","templated":true}]}}