{"id":12953,"date":"2016-09-07T13:48:59","date_gmt":"2016-09-07T13:48:59","guid":{"rendered":"http:\/\/infocul.pt\/?p=12953"},"modified":"2016-09-07T13:48:59","modified_gmt":"2016-09-07T13:48:59","slug":"programacao-cultural-da-casa-coreto-carnide-em-setembro-e-outubro","status":"publish","type":"post","link":"https:\/\/infocul.pt\/arquivo\/cultura\/programacao-cultural-da-casa-coreto-carnide-em-setembro-e-outubro\/","title":{"rendered":"Programa\u00e7\u00e3o cultural da Casa do Coreto, Carnide,  em Setembro e Outubro"},"content":{"rendered":"<p><img decoding=\"async\" class=\"aligncenter wp-image-12954 size-large lazyload\" data-src=\"http:\/\/infocul.pt\/wp-content\/uploads\/2016\/09\/cabelos-em-p\u00c3\u00a9-1024x584.jpg\" alt=\"cabelos em p\u00c3\u00a9\" width=\"806\" height=\"460\" data-srcset=\"https:\/\/infocul.pt\/arquivo\/wp-content\/uploads\/2016\/09\/cabelos-em-p\u00c3\u00a9-1024x584.jpg 1024w, https:\/\/infocul.pt\/arquivo\/wp-content\/uploads\/2016\/09\/cabelos-em-p\u00c3\u00a9-300x171.jpg 300w, https:\/\/infocul.pt\/arquivo\/wp-content\/uploads\/2016\/09\/cabelos-em-p\u00c3\u00a9-768x438.jpg 768w\" data-sizes=\"(max-width: 806px) 100vw, 806px\" src=\"data:image\/svg+xml;base64,PHN2ZyB3aWR0aD0iMSIgaGVpZ2h0PSIxIiB4bWxucz0iaHR0cDovL3d3dy53My5vcmcvMjAwMC9zdmciPjwvc3ZnPg==\" style=\"--smush-placeholder-width: 806px; --smush-placeholder-aspect-ratio: 806\/460;\" \/><\/p>\n<p>&nbsp;<\/p>\n<p><span style=\"color: #000000; font-family: Calibri;\">A Casa do Coreto, em Carnide, recebe nos meses de Setembro e Outubro in\u00fameros espect\u00e1culos teatrais e apresenta\u00e7\u00f5es de dan\u00e7a indicadas para todas as idades.<\/span><!--more--><\/p>\n<p><span style=\"color: #000000; font-family: Calibri;\">\u00a0<\/span><\/p>\n<p><span style=\"color: #000000; font-family: Calibri;\">\u00a0<\/span><\/p>\n<p><span style=\"color: #000000; font-family: Calibri;\">&#8220;O Guarda da Guarda que Guarda a Guarda&#8221; vai estar em exibi\u00e7\u00e3o na Casa do Coreto nos dias 17,18, 24 e 25 de Setembro. Aos s\u00e1bados as apresenta\u00e7\u00f5es ser\u00e3o feitas \u00e0s 16:00 e nos domingos \u00e0s 11:30. O bilhete custa cinco euros e \u00e9 uma produ\u00e7\u00e3o de VicenTeatro.<\/span><\/p>\n<p><span style=\"color: #000000; font-family: Calibri;\">\u00a0<\/span><\/p>\n<p><span style=\"color: #000000; font-family: Calibri;\">\u00a0<\/span><\/p>\n<p><span style=\"color: #000000; font-family: Calibri;\">Esta pe\u00e7a de teatro, indicada para maiores de cinco anos, conta a lenda da funda\u00e7\u00e3o da cidade da Guarda \u00e9 fruto de uma batalha entre o Rei das Ast\u00farias D Afonso III e os Sarracenos. No fim da batalha o rei quis ao encontro do guerreiro que destro\u00e7ou as tropas inimigas, mas descobre que n\u00e3o \u00e9 um homem, mas sim uma bela e esbelta donzela, de sua gra\u00e7a Ana. D Afonso III ordenou a D Menendo Peres, pai de Ana, que constru\u00edsse um castelo e que se tornasse o guarda da cidade da Guarda, para alem de governar aquelas terras e gentes.. A lenda ainda diz que o rei regressou diversas vezes para visitar a cidade&#8230; e a donzela.<\/span><\/p>\n<p><span style=\"color: #000000; font-family: Calibri;\">\u00a0<\/span><\/p>\n<p><span style=\"color: #000000; font-family: Calibri;\">\u00a0<\/span><\/p>\n<p><span style=\"color: #000000; font-family: Calibri;\">A Esquerda Alta e a companhia G.A.D.O.- Grupo de Arte Dram\u00e1tica de Odivelas apresenta no dia 24 de Setembro, s\u00e1bado com duas apresenta\u00e7\u00f5es \u00e0s 21:00 e 22:15, na Casa do Coreto &#8220;Transumancia&#8221; (21:00) e &#8220;Sonho de&#8230;Mente (22:15). Um bilhete para dois custa oito euros enquanto um bilhete para um custa cinco euros.<\/span><\/p>\n<p><span style=\"color: #000000; font-family: Calibri;\">\u00a0<\/span><\/p>\n<p><span style=\"color: #000000; font-family: Calibri;\">\u00a0<\/span><\/p>\n<p><span style=\"color: #000000; font-family: Calibri;\">&#8220;Matar o sonho \u00e9 matarmo-nos. \u00e9 mutilar a nossa alma. O sonho \u00e9 o que temos de realmente nosso, de impenetravelmente e inexpugnavelmente nosso&#8221;, de Fernando Pessoa.<\/span><\/p>\n<p><span style=\"color: #000000; font-family: Calibri;\">\u00a0<\/span><\/p>\n<p><span style=\"color: #000000; font-family: Calibri;\">\u00a0<\/span><\/p>\n<p><span style=\"color: #000000; font-family: Calibri;\">Nos dias 1 de Outubro ( s\u00e1bado \u00e0s 16:00) e 2 de Outubro ( domingo \u00e0s 11:30), &#8220;Conta-me uma hist\u00f3ria&#8230;&#8221; \u00e9 uma pe\u00e7a de teatro para crian\u00e7as a partir dos 3 anos. A cria\u00e7\u00e3o \u00e9 de Pedro Branco e In\u00eas Fouto, que tamb\u00e9m vai interpretar.<\/span><\/p>\n<p><span style=\"color: #000000; font-family: Calibri;\">\u00a0<\/span><\/p>\n<p><span style=\"color: #000000; font-family: Calibri;\">\u00a0<\/span><\/p>\n<p><span style=\"color: #000000; font-family: Calibri;\">\u00c9 o que nos pedem as crian\u00e7as quando se v\u00e3o deitar. E tamb\u00e9m foi, com certeza, o que pedimos aos nossos pais quando \u00e9ramos crian\u00e7as. O espet\u00e1culo quer refletir esse presente, o momento de comunh\u00e3o em que todos s\u00e3o atores e espetadores, contadores de hist\u00f3rias e personagens, relembrando \u00e0 fam\u00edlia o seu importante papel na rela\u00e7\u00e3o\u00a0 do momento.<\/span><\/p>\n<p><span style=\"color: #000000; font-family: Calibri;\">\u00a0<\/span><\/p>\n<p><span style=\"color: #000000; font-family: Calibri;\">\u00a0<\/span><\/p>\n<p><span style=\"color: #000000; font-family: Calibri;\">O bilhete custa cinco euros.<\/span><\/p>\n<p><span style=\"color: #000000; font-family: Calibri;\">\u00a0<\/span><\/p>\n<p><span style=\"color: #000000; font-family: Calibri;\">\u00a0<\/span><\/p>\n<p><span style=\"color: #000000; font-family: Calibri;\">&#8221; A Ilha do Tesouro&#8221; pode ser vista nos dias 15 Outubro (s\u00e1bado \u00e0s 16:00) e 16 de Outubro (domingo \u00e0s 11:30. Neste dia tamb\u00e9m vai haver apresenta\u00e7\u00f5es \u00e0s 10:30 e \u00e0s 14:30 para escolas com marca\u00e7\u00e3o pr\u00e9via). O bilhete custa cinco euros.<\/span><\/p>\n<p><span style=\"color: #000000; font-family: Calibri;\">\u00a0<\/span><\/p>\n<p><span style=\"color: #000000; font-family: Calibri;\">\u00a0<\/span><\/p>\n<p><span style=\"color: #000000; font-family: Calibri;\">\u00c9 o jovem jovem Jim Hawkins que narra esta hist\u00f3ria, marcada pela personagem Lobodo- Mar, um pirata misterioso e de ar assustador, que perdura no nosso imagin\u00e1rio, sempre de cachimbo na boca, e assobiando velhas cantigas acompanhadas de hist\u00f3rias fant\u00e1sticas e cen\u00e1rios surreais. Por entre as hist\u00f3rias contadas por aquele marinheiro de ar rude e o desenrolar das ac\u00e7\u00f5es, o jovem Jim v\u00ea-se a bordo do navio Hispaniola, numa expedi\u00e7\u00e3o agitada e repleta de aventuras at\u00e9 \u00e0 Ilha do Tesouro.<\/span><\/p>\n<p><span style=\"color: #000000; font-family: Calibri;\">\u00a0<\/span><\/p>\n<p><span style=\"color: #000000; font-family: Calibri;\">\u00a0<\/span><\/p>\n<p><span style=\"color: #000000; font-family: Calibri;\">Este \u00e9 um texto original de Robert Louis Stevenson e \u00e9 uma adapta\u00e7\u00e3o de F\u00e1bio Timor.<\/span><\/p>\n<p><span style=\"color: #000000; font-family: Calibri;\">\u00a0<\/span><\/p>\n<p><span style=\"color: #000000; font-family: Calibri;\">\u00a0<\/span><\/p>\n<p><span style=\"color: #000000; font-family: Calibri;\">A 23 de Outubro, domingo \u00e0s 16:00, a dan\u00e7a criativa do movimento pintorado:&#8221; A Tinta&#8221; \u00e9 uma oficina de dan\u00e7a para fam\u00edlias. <\/span><\/p>\n<p><span style=\"color: #000000; font-family: Calibri;\">\u00a0<\/span><\/p>\n<p><span style=\"color: #000000; font-family: Calibri;\">\u00a0<\/span><\/p>\n<p><span style=\"color: #000000; font-family: Calibri;\">Nos dias 24 e 25 de Outubro, segunda e ter\u00e7a-feira das 19:00 \u00e0s 21:00, o movimento dan\u00e7a criativa- Movimento Pintorado: A tinta, o papel e a hist\u00f3ria \u00e9 indicado para maiores de 13 anos. Telma Pereira ser\u00e1 a orientadora.<\/span><\/p>\n<p><span style=\"color: #000000; font-family: Calibri;\">\u00a0<\/span><\/p>\n<p><span style=\"color: #000000; font-family: Calibri;\">\u00a0<\/span><\/p>\n<p><span style=\"color: #000000; font-family: Calibri;\">Com a m\u00fasica v\u00e3o pintar o ar usando os bra\u00e7os como pinc\u00e9is e a imagina\u00e7\u00e3o \u00e9 a tinta que vai colorir todo o espa\u00e7o em redor. Os universos v\u00e3o ser partilhados e em conjunto v\u00e3o descobrir outros mundos igualmente belos.<\/span><\/p>\n<p><span style=\"color: #000000; font-family: Calibri;\">\u00a0<\/span><\/p>\n<p><span style=\"color: #000000; font-family: Calibri;\">\u00a0<\/span><\/p>\n<p><span style=\"color: #000000; font-family: Calibri;\">&#8220;Cabelos em P\u00e9&#8221; vai estar na Casa do Coreto nos dias 29 de Outubro (s\u00e1bado \u00e0s 16:00) e 30 de Outubro (domingo \u00e0s 11:30). O bilhete custa cinco euros e \u00e9 indicado para maiores de quatro anos.<\/span><\/p>\n<p><span style=\"color: #000000; font-family: Calibri;\">\u00a0<\/span><\/p>\n<p><span style=\"color: #000000; font-family: Calibri;\">\u00a0<\/span><\/p>\n<p><span style=\"color: #000000; font-family: Calibri;\">Rodi decidiu enfrentar o desafio mais inquietante da sua vida&#8230; averiguar, perguntar, cheirar, procurar at\u00e9 descobrir o que \u00e9&#8230; o Medo! Mas que for\u00e7a tenebrosa \u00e9 essa, que rosto tem e onde mais se esconde&#8230;? Na verdade, quem saber\u00e1 o que \u00e9 o Medo? E quantos medos existem, afinal? Mas ter\u00e1 o nosso explorador, Rodi, coragem para levar a bom termo esta arriscada aventura de cora\u00e7\u00e3o aos saltos e&#8230; cabelos em p\u00e9?<\/span><\/p>\n<p><span style=\"color: #000000; font-family: Calibri;\">\u00a0<\/span><\/p>\n<p><span style=\"color: #000000; font-family: Calibri;\">\u00a0<\/span><\/p>\n<p><span style=\"color: #000000; font-family: Calibri;\">Estes s\u00e3o os espect\u00e1culos que v\u00e3o estar na Casa do Coreto em Carnide nos meses de Setembro e Outubro.<\/span><\/p>\n","protected":false},"excerpt":{"rendered":"<p>&nbsp; A Casa do Coreto, em Carnide, recebe nos meses de Setembro e Outubro in\u00fameros espect\u00e1culos teatrais e apresenta\u00e7\u00f5es de dan\u00e7a indicadas para todas as idades.<\/p>\n","protected":false},"author":13,"featured_media":12954,"comment_status":"open","ping_status":"closed","sticky":false,"template":"","format":"standard","meta":{"footnotes":""},"categories":[2,5],"tags":[501,2040],"class_list":["post-12953","post","type-post","status-publish","format-standard","has-post-thumbnail","hentry","category-cultura","category-teatro","tag-carnide","tag-casa-do-coreto"],"yoast_head":"<!-- This site is optimized with the Yoast SEO plugin v27.4 - https:\/\/yoast.com\/product\/yoast-seo-wordpress\/ -->\n<title>Programa\u00e7\u00e3o cultural da Casa do Coreto, Carnide, em Setembro e Outubro | Infocul.pt - Arquivo Digital<\/title>\n<meta name=\"description\" content=\"Programa\u00e7\u00e3o cultural da Casa do Coreto, Carnide, em Setembro e Outubro | Infocul.pt - Arquivo Digital\" \/>\n<meta name=\"robots\" content=\"noindex, follow, max-snippet:-1, max-image-preview:large, max-video-preview:-1\" \/>\n<meta property=\"og:locale\" content=\"pt_PT\" \/>\n<meta property=\"og:type\" content=\"article\" \/>\n<meta property=\"og:title\" content=\"Programa\u00e7\u00e3o cultural da Casa do Coreto, Carnide, em Setembro e Outubro | Infocul.pt - Arquivo Digital\" \/>\n<meta property=\"og:description\" content=\"Programa\u00e7\u00e3o cultural da Casa do Coreto, Carnide, em Setembro e Outubro | Infocul.pt - Arquivo Digital\" \/>\n<meta property=\"og:url\" content=\"https:\/\/infocul.pt\/arquivo\/cultura\/programacao-cultural-da-casa-coreto-carnide-em-setembro-e-outubro\/\" \/>\n<meta property=\"og:site_name\" content=\"Infocul.pt - Arquivo Digital\" \/>\n<meta property=\"article:publisher\" content=\"https:\/\/www.facebook.com\/Infocul-147816815585015\/\" \/>\n<meta property=\"article:published_time\" content=\"2016-09-07T13:48:59+00:00\" \/>\n<meta property=\"og:image\" content=\"https:\/\/infocul.pt\/arquivo\/wp-content\/uploads\/2016\/09\/cabelos-em-p\u00c3\u00a9.jpg\" \/>\n\t<meta property=\"og:image:width\" content=\"2560\" \/>\n\t<meta property=\"og:image:height\" content=\"1461\" \/>\n\t<meta property=\"og:image:type\" content=\"image\/jpeg\" \/>\n<meta name=\"author\" content=\"Redac\u00e7\u00e3o\" \/>\n<meta name=\"twitter:card\" content=\"summary_large_image\" \/>\n<meta name=\"twitter:creator\" content=\"@Infoculpt\" \/>\n<meta name=\"twitter:site\" content=\"@Infoculpt\" \/>\n<meta name=\"twitter:label1\" content=\"Escrito por\" \/>\n\t<meta name=\"twitter:data1\" content=\"Redac\u00e7\u00e3o\" \/>\n\t<meta name=\"twitter:label2\" content=\"Tempo estimado de leitura\" \/>\n\t<meta name=\"twitter:data2\" content=\"4 minutos\" \/>\n<script type=\"application\/ld+json\" class=\"yoast-schema-graph\">{\"@context\":\"https:\\\/\\\/schema.org\",\"@graph\":[{\"@type\":\"Article\",\"@id\":\"https:\\\/\\\/infocul.pt\\\/arquivo\\\/cultura\\\/programacao-cultural-da-casa-coreto-carnide-em-setembro-e-outubro\\\/#article\",\"isPartOf\":{\"@id\":\"https:\\\/\\\/infocul.pt\\\/arquivo\\\/cultura\\\/programacao-cultural-da-casa-coreto-carnide-em-setembro-e-outubro\\\/\"},\"author\":{\"name\":\"Redac\u00e7\u00e3o\",\"@id\":\"https:\\\/\\\/infocul.pt\\\/arquivo\\\/#\\\/schema\\\/person\\\/f243f45ae8d67639120a7586884f3abc\"},\"headline\":\"Programa\u00e7\u00e3o cultural da Casa do Coreto, Carnide, em Setembro e Outubro\",\"datePublished\":\"2016-09-07T13:48:59+00:00\",\"mainEntityOfPage\":{\"@id\":\"https:\\\/\\\/infocul.pt\\\/arquivo\\\/cultura\\\/programacao-cultural-da-casa-coreto-carnide-em-setembro-e-outubro\\\/\"},\"wordCount\":781,\"commentCount\":0,\"publisher\":{\"@id\":\"https:\\\/\\\/infocul.pt\\\/arquivo\\\/#organization\"},\"image\":{\"@id\":\"https:\\\/\\\/infocul.pt\\\/arquivo\\\/cultura\\\/programacao-cultural-da-casa-coreto-carnide-em-setembro-e-outubro\\\/#primaryimage\"},\"thumbnailUrl\":\"https:\\\/\\\/infocul.pt\\\/arquivo\\\/wp-content\\\/uploads\\\/2016\\\/09\\\/cabelos-em-p\u00c3\u00a9.jpg\",\"keywords\":[\"Carnide\",\"Casa do Coreto\"],\"articleSection\":[\"Cultura\",\"Teatro\"],\"inLanguage\":\"pt-PT\"},{\"@type\":\"WebPage\",\"@id\":\"https:\\\/\\\/infocul.pt\\\/arquivo\\\/cultura\\\/programacao-cultural-da-casa-coreto-carnide-em-setembro-e-outubro\\\/\",\"url\":\"https:\\\/\\\/infocul.pt\\\/arquivo\\\/cultura\\\/programacao-cultural-da-casa-coreto-carnide-em-setembro-e-outubro\\\/\",\"name\":\"Programa\u00e7\u00e3o cultural da Casa do Coreto, Carnide, em Setembro e Outubro | Infocul.pt - Arquivo Digital\",\"isPartOf\":{\"@id\":\"https:\\\/\\\/infocul.pt\\\/arquivo\\\/#website\"},\"primaryImageOfPage\":{\"@id\":\"https:\\\/\\\/infocul.pt\\\/arquivo\\\/cultura\\\/programacao-cultural-da-casa-coreto-carnide-em-setembro-e-outubro\\\/#primaryimage\"},\"image\":{\"@id\":\"https:\\\/\\\/infocul.pt\\\/arquivo\\\/cultura\\\/programacao-cultural-da-casa-coreto-carnide-em-setembro-e-outubro\\\/#primaryimage\"},\"thumbnailUrl\":\"https:\\\/\\\/infocul.pt\\\/arquivo\\\/wp-content\\\/uploads\\\/2016\\\/09\\\/cabelos-em-p\u00c3\u00a9.jpg\",\"datePublished\":\"2016-09-07T13:48:59+00:00\",\"description\":\"Programa\u00e7\u00e3o cultural da Casa do Coreto, Carnide, em Setembro e Outubro | Infocul.pt - Arquivo Digital\",\"breadcrumb\":{\"@id\":\"https:\\\/\\\/infocul.pt\\\/arquivo\\\/cultura\\\/programacao-cultural-da-casa-coreto-carnide-em-setembro-e-outubro\\\/#breadcrumb\"},\"inLanguage\":\"pt-PT\",\"potentialAction\":[{\"@type\":\"ReadAction\",\"target\":[\"https:\\\/\\\/infocul.pt\\\/arquivo\\\/cultura\\\/programacao-cultural-da-casa-coreto-carnide-em-setembro-e-outubro\\\/\"]}]},{\"@type\":\"ImageObject\",\"inLanguage\":\"pt-PT\",\"@id\":\"https:\\\/\\\/infocul.pt\\\/arquivo\\\/cultura\\\/programacao-cultural-da-casa-coreto-carnide-em-setembro-e-outubro\\\/#primaryimage\",\"url\":\"https:\\\/\\\/infocul.pt\\\/arquivo\\\/wp-content\\\/uploads\\\/2016\\\/09\\\/cabelos-em-p\u00c3\u00a9.jpg\",\"contentUrl\":\"https:\\\/\\\/infocul.pt\\\/arquivo\\\/wp-content\\\/uploads\\\/2016\\\/09\\\/cabelos-em-p\u00c3\u00a9.jpg\",\"width\":2560,\"height\":1461},{\"@type\":\"BreadcrumbList\",\"@id\":\"https:\\\/\\\/infocul.pt\\\/arquivo\\\/cultura\\\/programacao-cultural-da-casa-coreto-carnide-em-setembro-e-outubro\\\/#breadcrumb\",\"itemListElement\":[{\"@type\":\"ListItem\",\"position\":1,\"name\":\"Home\",\"item\":\"https:\\\/\\\/infocul.pt\\\/arquivo\\\/\"},{\"@type\":\"ListItem\",\"position\":2,\"name\":\"Programa\u00e7\u00e3o cultural da Casa do Coreto, Carnide, em Setembro e Outubro\"}]},{\"@type\":\"WebSite\",\"@id\":\"https:\\\/\\\/infocul.pt\\\/arquivo\\\/#website\",\"url\":\"https:\\\/\\\/infocul.pt\\\/arquivo\\\/\",\"name\":\"Infocul.pt - Arquivo Digital\",\"description\":\"Arquivo digital da Infocul.pt\",\"publisher\":{\"@id\":\"https:\\\/\\\/infocul.pt\\\/arquivo\\\/#organization\"},\"potentialAction\":[{\"@type\":\"SearchAction\",\"target\":{\"@type\":\"EntryPoint\",\"urlTemplate\":\"https:\\\/\\\/infocul.pt\\\/arquivo\\\/?s={search_term_string}\"},\"query-input\":{\"@type\":\"PropertyValueSpecification\",\"valueRequired\":true,\"valueName\":\"search_term_string\"}}],\"inLanguage\":\"pt-PT\"},{\"@type\":\"Organization\",\"@id\":\"https:\\\/\\\/infocul.pt\\\/arquivo\\\/#organization\",\"name\":\"Infocul.pt\",\"url\":\"https:\\\/\\\/infocul.pt\\\/arquivo\\\/\",\"logo\":{\"@type\":\"ImageObject\",\"inLanguage\":\"pt-PT\",\"@id\":\"https:\\\/\\\/infocul.pt\\\/arquivo\\\/#\\\/schema\\\/logo\\\/image\\\/\",\"url\":\"https:\\\/\\\/infocul.pt\\\/arquivo\\\/wp-content\\\/uploads\\\/2018\\\/12\\\/Infocul_logo-1.png\",\"contentUrl\":\"https:\\\/\\\/infocul.pt\\\/arquivo\\\/wp-content\\\/uploads\\\/2018\\\/12\\\/Infocul_logo-1.png\",\"width\":800,\"height\":800,\"caption\":\"Infocul.pt\"},\"image\":{\"@id\":\"https:\\\/\\\/infocul.pt\\\/arquivo\\\/#\\\/schema\\\/logo\\\/image\\\/\"},\"sameAs\":[\"https:\\\/\\\/www.facebook.com\\\/Infocul-147816815585015\\\/\",\"https:\\\/\\\/x.com\\\/Infoculpt\",\"http:\\\/\\\/www.pictaram.com\\\/user\\\/infocul.pt\\\/2370423710\",\"https:\\\/\\\/www.youtube.com\\\/channel\\\/UCYEB91AGI9FL9ek2i_IaQAA\"]},{\"@type\":\"Person\",\"@id\":\"https:\\\/\\\/infocul.pt\\\/arquivo\\\/#\\\/schema\\\/person\\\/f243f45ae8d67639120a7586884f3abc\",\"name\":\"Redac\u00e7\u00e3o\",\"image\":{\"@type\":\"ImageObject\",\"inLanguage\":\"pt-PT\",\"@id\":\"https:\\\/\\\/secure.gravatar.com\\\/avatar\\\/151b1b76c598ab5e749407223bd6c1bad4e41c4e95de3c3df83540ebee2deaf8?s=96&d=mm&r=g\",\"url\":\"https:\\\/\\\/secure.gravatar.com\\\/avatar\\\/151b1b76c598ab5e749407223bd6c1bad4e41c4e95de3c3df83540ebee2deaf8?s=96&d=mm&r=g\",\"contentUrl\":\"https:\\\/\\\/secure.gravatar.com\\\/avatar\\\/151b1b76c598ab5e749407223bd6c1bad4e41c4e95de3c3df83540ebee2deaf8?s=96&d=mm&r=g\",\"caption\":\"Redac\u00e7\u00e3o\"}}]}<\/script>\n<!-- \/ Yoast SEO plugin. -->","yoast_head_json":{"title":"Programa\u00e7\u00e3o cultural da Casa do Coreto, Carnide, em Setembro e Outubro | Infocul.pt - Arquivo Digital","description":"Programa\u00e7\u00e3o cultural da Casa do Coreto, Carnide, em Setembro e Outubro | Infocul.pt - Arquivo Digital","robots":{"index":"noindex","follow":"follow","max-snippet":"max-snippet:-1","max-image-preview":"max-image-preview:large","max-video-preview":"max-video-preview:-1"},"og_locale":"pt_PT","og_type":"article","og_title":"Programa\u00e7\u00e3o cultural da Casa do Coreto, Carnide, em Setembro e Outubro | Infocul.pt - Arquivo Digital","og_description":"Programa\u00e7\u00e3o cultural da Casa do Coreto, Carnide, em Setembro e Outubro | Infocul.pt - Arquivo Digital","og_url":"https:\/\/infocul.pt\/arquivo\/cultura\/programacao-cultural-da-casa-coreto-carnide-em-setembro-e-outubro\/","og_site_name":"Infocul.pt - Arquivo Digital","article_publisher":"https:\/\/www.facebook.com\/Infocul-147816815585015\/","article_published_time":"2016-09-07T13:48:59+00:00","og_image":[{"width":2560,"height":1461,"url":"https:\/\/infocul.pt\/arquivo\/wp-content\/uploads\/2016\/09\/cabelos-em-p\u00c3\u00a9.jpg","type":"image\/jpeg"}],"author":"Redac\u00e7\u00e3o","twitter_card":"summary_large_image","twitter_creator":"@Infoculpt","twitter_site":"@Infoculpt","twitter_misc":{"Escrito por":"Redac\u00e7\u00e3o","Tempo estimado de leitura":"4 minutos"},"schema":{"@context":"https:\/\/schema.org","@graph":[{"@type":"Article","@id":"https:\/\/infocul.pt\/arquivo\/cultura\/programacao-cultural-da-casa-coreto-carnide-em-setembro-e-outubro\/#article","isPartOf":{"@id":"https:\/\/infocul.pt\/arquivo\/cultura\/programacao-cultural-da-casa-coreto-carnide-em-setembro-e-outubro\/"},"author":{"name":"Redac\u00e7\u00e3o","@id":"https:\/\/infocul.pt\/arquivo\/#\/schema\/person\/f243f45ae8d67639120a7586884f3abc"},"headline":"Programa\u00e7\u00e3o cultural da Casa do Coreto, Carnide, em Setembro e Outubro","datePublished":"2016-09-07T13:48:59+00:00","mainEntityOfPage":{"@id":"https:\/\/infocul.pt\/arquivo\/cultura\/programacao-cultural-da-casa-coreto-carnide-em-setembro-e-outubro\/"},"wordCount":781,"commentCount":0,"publisher":{"@id":"https:\/\/infocul.pt\/arquivo\/#organization"},"image":{"@id":"https:\/\/infocul.pt\/arquivo\/cultura\/programacao-cultural-da-casa-coreto-carnide-em-setembro-e-outubro\/#primaryimage"},"thumbnailUrl":"https:\/\/infocul.pt\/arquivo\/wp-content\/uploads\/2016\/09\/cabelos-em-p\u00c3\u00a9.jpg","keywords":["Carnide","Casa do Coreto"],"articleSection":["Cultura","Teatro"],"inLanguage":"pt-PT"},{"@type":"WebPage","@id":"https:\/\/infocul.pt\/arquivo\/cultura\/programacao-cultural-da-casa-coreto-carnide-em-setembro-e-outubro\/","url":"https:\/\/infocul.pt\/arquivo\/cultura\/programacao-cultural-da-casa-coreto-carnide-em-setembro-e-outubro\/","name":"Programa\u00e7\u00e3o cultural da Casa do Coreto, Carnide, em Setembro e Outubro | Infocul.pt - Arquivo Digital","isPartOf":{"@id":"https:\/\/infocul.pt\/arquivo\/#website"},"primaryImageOfPage":{"@id":"https:\/\/infocul.pt\/arquivo\/cultura\/programacao-cultural-da-casa-coreto-carnide-em-setembro-e-outubro\/#primaryimage"},"image":{"@id":"https:\/\/infocul.pt\/arquivo\/cultura\/programacao-cultural-da-casa-coreto-carnide-em-setembro-e-outubro\/#primaryimage"},"thumbnailUrl":"https:\/\/infocul.pt\/arquivo\/wp-content\/uploads\/2016\/09\/cabelos-em-p\u00c3\u00a9.jpg","datePublished":"2016-09-07T13:48:59+00:00","description":"Programa\u00e7\u00e3o cultural da Casa do Coreto, Carnide, em Setembro e Outubro | Infocul.pt - Arquivo Digital","breadcrumb":{"@id":"https:\/\/infocul.pt\/arquivo\/cultura\/programacao-cultural-da-casa-coreto-carnide-em-setembro-e-outubro\/#breadcrumb"},"inLanguage":"pt-PT","potentialAction":[{"@type":"ReadAction","target":["https:\/\/infocul.pt\/arquivo\/cultura\/programacao-cultural-da-casa-coreto-carnide-em-setembro-e-outubro\/"]}]},{"@type":"ImageObject","inLanguage":"pt-PT","@id":"https:\/\/infocul.pt\/arquivo\/cultura\/programacao-cultural-da-casa-coreto-carnide-em-setembro-e-outubro\/#primaryimage","url":"https:\/\/infocul.pt\/arquivo\/wp-content\/uploads\/2016\/09\/cabelos-em-p\u00c3\u00a9.jpg","contentUrl":"https:\/\/infocul.pt\/arquivo\/wp-content\/uploads\/2016\/09\/cabelos-em-p\u00c3\u00a9.jpg","width":2560,"height":1461},{"@type":"BreadcrumbList","@id":"https:\/\/infocul.pt\/arquivo\/cultura\/programacao-cultural-da-casa-coreto-carnide-em-setembro-e-outubro\/#breadcrumb","itemListElement":[{"@type":"ListItem","position":1,"name":"Home","item":"https:\/\/infocul.pt\/arquivo\/"},{"@type":"ListItem","position":2,"name":"Programa\u00e7\u00e3o cultural da Casa do Coreto, Carnide, em Setembro e Outubro"}]},{"@type":"WebSite","@id":"https:\/\/infocul.pt\/arquivo\/#website","url":"https:\/\/infocul.pt\/arquivo\/","name":"Infocul.pt - Arquivo Digital","description":"Arquivo digital da Infocul.pt","publisher":{"@id":"https:\/\/infocul.pt\/arquivo\/#organization"},"potentialAction":[{"@type":"SearchAction","target":{"@type":"EntryPoint","urlTemplate":"https:\/\/infocul.pt\/arquivo\/?s={search_term_string}"},"query-input":{"@type":"PropertyValueSpecification","valueRequired":true,"valueName":"search_term_string"}}],"inLanguage":"pt-PT"},{"@type":"Organization","@id":"https:\/\/infocul.pt\/arquivo\/#organization","name":"Infocul.pt","url":"https:\/\/infocul.pt\/arquivo\/","logo":{"@type":"ImageObject","inLanguage":"pt-PT","@id":"https:\/\/infocul.pt\/arquivo\/#\/schema\/logo\/image\/","url":"https:\/\/infocul.pt\/arquivo\/wp-content\/uploads\/2018\/12\/Infocul_logo-1.png","contentUrl":"https:\/\/infocul.pt\/arquivo\/wp-content\/uploads\/2018\/12\/Infocul_logo-1.png","width":800,"height":800,"caption":"Infocul.pt"},"image":{"@id":"https:\/\/infocul.pt\/arquivo\/#\/schema\/logo\/image\/"},"sameAs":["https:\/\/www.facebook.com\/Infocul-147816815585015\/","https:\/\/x.com\/Infoculpt","http:\/\/www.pictaram.com\/user\/infocul.pt\/2370423710","https:\/\/www.youtube.com\/channel\/UCYEB91AGI9FL9ek2i_IaQAA"]},{"@type":"Person","@id":"https:\/\/infocul.pt\/arquivo\/#\/schema\/person\/f243f45ae8d67639120a7586884f3abc","name":"Redac\u00e7\u00e3o","image":{"@type":"ImageObject","inLanguage":"pt-PT","@id":"https:\/\/secure.gravatar.com\/avatar\/151b1b76c598ab5e749407223bd6c1bad4e41c4e95de3c3df83540ebee2deaf8?s=96&d=mm&r=g","url":"https:\/\/secure.gravatar.com\/avatar\/151b1b76c598ab5e749407223bd6c1bad4e41c4e95de3c3df83540ebee2deaf8?s=96&d=mm&r=g","contentUrl":"https:\/\/secure.gravatar.com\/avatar\/151b1b76c598ab5e749407223bd6c1bad4e41c4e95de3c3df83540ebee2deaf8?s=96&d=mm&r=g","caption":"Redac\u00e7\u00e3o"}}]}},"_links":{"self":[{"href":"https:\/\/infocul.pt\/arquivo\/wp-json\/wp\/v2\/posts\/12953","targetHints":{"allow":["GET"]}}],"collection":[{"href":"https:\/\/infocul.pt\/arquivo\/wp-json\/wp\/v2\/posts"}],"about":[{"href":"https:\/\/infocul.pt\/arquivo\/wp-json\/wp\/v2\/types\/post"}],"author":[{"embeddable":true,"href":"https:\/\/infocul.pt\/arquivo\/wp-json\/wp\/v2\/users\/13"}],"replies":[{"embeddable":true,"href":"https:\/\/infocul.pt\/arquivo\/wp-json\/wp\/v2\/comments?post=12953"}],"version-history":[{"count":0,"href":"https:\/\/infocul.pt\/arquivo\/wp-json\/wp\/v2\/posts\/12953\/revisions"}],"wp:featuredmedia":[{"embeddable":true,"href":"https:\/\/infocul.pt\/arquivo\/wp-json\/wp\/v2\/media\/12954"}],"wp:attachment":[{"href":"https:\/\/infocul.pt\/arquivo\/wp-json\/wp\/v2\/media?parent=12953"}],"wp:term":[{"taxonomy":"category","embeddable":true,"href":"https:\/\/infocul.pt\/arquivo\/wp-json\/wp\/v2\/categories?post=12953"},{"taxonomy":"post_tag","embeddable":true,"href":"https:\/\/infocul.pt\/arquivo\/wp-json\/wp\/v2\/tags?post=12953"}],"curies":[{"name":"wp","href":"https:\/\/api.w.org\/{rel}","templated":true}]}}