{"id":14332,"date":"2016-10-12T13:43:42","date_gmt":"2016-10-12T13:43:42","guid":{"rendered":"http:\/\/infocul.pt\/?p=14332"},"modified":"2016-10-12T13:43:42","modified_gmt":"2016-10-12T13:43:42","slug":"guine-bissau-terra-sabi-na-taberna-cultural-arca-de-noe","status":"publish","type":"post","link":"https:\/\/infocul.pt\/arquivo\/cultura\/guine-bissau-terra-sabi-na-taberna-cultural-arca-de-noe\/","title":{"rendered":"&#8220;Guin\u00e9-Bissau, terra sabi!&#8221; na taberna cultural &#8220;A Arca de No\u00e9&#8221;"},"content":{"rendered":"<p><img decoding=\"async\" class=\"aligncenter wp-image-1205 size-full lazyload\" data-src=\"http:\/\/infocul.pt\/wp-content\/uploads\/2016\/01\/Traga-Mundos.jpg\" alt=\"Traga Mundos\" width=\"840\" height=\"650\" data-srcset=\"https:\/\/infocul.pt\/arquivo\/wp-content\/uploads\/2016\/01\/Traga-Mundos.jpg 840w, https:\/\/infocul.pt\/arquivo\/wp-content\/uploads\/2016\/01\/Traga-Mundos-300x232.jpg 300w, https:\/\/infocul.pt\/arquivo\/wp-content\/uploads\/2016\/01\/Traga-Mundos-768x594.jpg 768w\" data-sizes=\"(max-width: 840px) 100vw, 840px\" src=\"data:image\/svg+xml;base64,PHN2ZyB3aWR0aD0iMSIgaGVpZ2h0PSIxIiB4bWxucz0iaHR0cDovL3d3dy53My5vcmcvMjAwMC9zdmciPjwvc3ZnPg==\" style=\"--smush-placeholder-width: 840px; --smush-placeholder-aspect-ratio: 840\/650;\" \/><\/p>\n<p>&nbsp;<\/p>\n<p><span style=\"color: #000000; font-family: Calibri;\">O di\u00e1logo entre as culturas Galega e da Guin\u00e9-Bissau acontece sob a chancela da livraria &#8220;Traga-Mundos&#8221;.<\/span><!--more--><\/p>\n<p><span style=\"color: #000000; font-family: Calibri;\">\u00a0<\/span><\/p>\n<p><span style=\"color: #000000; font-family: Calibri;\">\u00a0<\/span><\/p>\n<p><span style=\"color: #000000; font-family: Calibri;\">A 15 de Outubro, s\u00e1bado, pelas 21:30 acontece a palestra &#8220;Guin\u00e9-Bissau, terra sabi!&#8221; por Ant\u00f3nio Alberto Alves, seguido de um concerto de Mamad\u00fa Baio (Guin\u00e9-Bissau). Os dois eventos acontecem na taberna cultural &#8220;A Arca da No\u00e9&#8221;, Vilar de Santos, Ourense, Galiza.<\/span><\/p>\n<p><span style=\"color: #000000; font-family: Calibri;\">\u00a0<\/span><\/p>\n<p><span style=\"color: #000000; font-family: Calibri;\">\u00a0<\/span><\/p>\n<p><span style=\"color: #000000; font-family: Calibri;\">At\u00e9 ao fim do ano, a &#8220;Traga-Mundos&#8221; tem programados v\u00e1rios eventos. No dia 25 de Outubro, ter\u00e7a-feira, pelas 21:00 acontece a &#8220;tricota mundos, all night knitting&#8221;; a 5 de Novembro celebra-se o quinto anivers\u00e1rio do estabelecimento e de 2 a 4 de Dezembro a livraria &#8220;Traga-Mundos&#8221; vai participar com uma banca de livros na Culturgal \u2013 Feira das Industrias Culturais da Galiza, em parceria com Cultura Que Une, no Pazo da Cultura de Pontevedra, na Galiza.<\/span><\/p>\n","protected":false},"excerpt":{"rendered":"<p>&nbsp; O di\u00e1logo entre as culturas Galega e da Guin\u00e9-Bissau acontece sob a chancela da livraria &#8220;Traga-Mundos&#8221;.<\/p>\n","protected":false},"author":13,"featured_media":1205,"comment_status":"open","ping_status":"closed","sticky":false,"template":"","format":"standard","meta":{"footnotes":""},"categories":[2,8],"tags":[316],"class_list":["post-14332","post","type-post","status-publish","format-standard","has-post-thumbnail","hentry","category-cultura","category-livros","tag-traga-mundos"],"yoast_head":"<!-- This site is optimized with the Yoast SEO plugin v27.4 - https:\/\/yoast.com\/product\/yoast-seo-wordpress\/ -->\n<title>&quot;Guin\u00e9-Bissau, terra sabi!&quot; na taberna cultural &quot;A Arca de No\u00e9&quot; | Infocul.pt - Arquivo Digital<\/title>\n<meta name=\"description\" content=\"&quot;Guin\u00e9-Bissau, terra sabi!&quot; na taberna cultural &quot;A Arca de No\u00e9&quot; | Infocul.pt - Arquivo Digital\" \/>\n<meta name=\"robots\" content=\"noindex, follow, max-snippet:-1, max-image-preview:large, max-video-preview:-1\" \/>\n<meta property=\"og:locale\" content=\"pt_PT\" \/>\n<meta property=\"og:type\" content=\"article\" \/>\n<meta property=\"og:title\" content=\"&quot;Guin\u00e9-Bissau, terra sabi!&quot; na taberna cultural &quot;A Arca de No\u00e9&quot; | Infocul.pt - Arquivo Digital\" \/>\n<meta property=\"og:description\" content=\"&quot;Guin\u00e9-Bissau, terra sabi!&quot; na taberna cultural &quot;A Arca de No\u00e9&quot; | Infocul.pt - Arquivo Digital\" \/>\n<meta property=\"og:url\" content=\"https:\/\/infocul.pt\/arquivo\/cultura\/guine-bissau-terra-sabi-na-taberna-cultural-arca-de-noe\/\" \/>\n<meta property=\"og:site_name\" content=\"Infocul.pt - Arquivo Digital\" \/>\n<meta property=\"article:publisher\" content=\"https:\/\/www.facebook.com\/Infocul-147816815585015\/\" \/>\n<meta property=\"article:published_time\" content=\"2016-10-12T13:43:42+00:00\" \/>\n<meta property=\"og:image\" content=\"https:\/\/infocul.pt\/arquivo\/wp-content\/uploads\/2016\/01\/Traga-Mundos.jpg\" \/>\n\t<meta property=\"og:image:width\" content=\"840\" \/>\n\t<meta property=\"og:image:height\" content=\"650\" \/>\n\t<meta property=\"og:image:type\" content=\"image\/jpeg\" \/>\n<meta name=\"author\" content=\"Redac\u00e7\u00e3o\" \/>\n<meta name=\"twitter:card\" content=\"summary_large_image\" \/>\n<meta name=\"twitter:creator\" content=\"@Infoculpt\" \/>\n<meta name=\"twitter:site\" content=\"@Infoculpt\" \/>\n<meta name=\"twitter:label1\" content=\"Escrito por\" \/>\n\t<meta name=\"twitter:data1\" content=\"Redac\u00e7\u00e3o\" \/>\n\t<meta name=\"twitter:label2\" content=\"Tempo estimado de leitura\" \/>\n\t<meta name=\"twitter:data2\" content=\"1 minuto\" \/>\n<script type=\"application\/ld+json\" class=\"yoast-schema-graph\">{\"@context\":\"https:\\\/\\\/schema.org\",\"@graph\":[{\"@type\":\"Article\",\"@id\":\"https:\\\/\\\/infocul.pt\\\/arquivo\\\/cultura\\\/guine-bissau-terra-sabi-na-taberna-cultural-arca-de-noe\\\/#article\",\"isPartOf\":{\"@id\":\"https:\\\/\\\/infocul.pt\\\/arquivo\\\/cultura\\\/guine-bissau-terra-sabi-na-taberna-cultural-arca-de-noe\\\/\"},\"author\":{\"name\":\"Redac\u00e7\u00e3o\",\"@id\":\"https:\\\/\\\/infocul.pt\\\/arquivo\\\/#\\\/schema\\\/person\\\/f243f45ae8d67639120a7586884f3abc\"},\"headline\":\"&#8220;Guin\u00e9-Bissau, terra sabi!&#8221; na taberna cultural &#8220;A Arca de No\u00e9&#8221;\",\"datePublished\":\"2016-10-12T13:43:42+00:00\",\"mainEntityOfPage\":{\"@id\":\"https:\\\/\\\/infocul.pt\\\/arquivo\\\/cultura\\\/guine-bissau-terra-sabi-na-taberna-cultural-arca-de-noe\\\/\"},\"wordCount\":146,\"commentCount\":0,\"publisher\":{\"@id\":\"https:\\\/\\\/infocul.pt\\\/arquivo\\\/#organization\"},\"image\":{\"@id\":\"https:\\\/\\\/infocul.pt\\\/arquivo\\\/cultura\\\/guine-bissau-terra-sabi-na-taberna-cultural-arca-de-noe\\\/#primaryimage\"},\"thumbnailUrl\":\"https:\\\/\\\/infocul.pt\\\/arquivo\\\/wp-content\\\/uploads\\\/2016\\\/01\\\/Traga-Mundos.jpg\",\"keywords\":[\"Traga Mundos\"],\"articleSection\":[\"Cultura\",\"Livros\"],\"inLanguage\":\"pt-PT\"},{\"@type\":\"WebPage\",\"@id\":\"https:\\\/\\\/infocul.pt\\\/arquivo\\\/cultura\\\/guine-bissau-terra-sabi-na-taberna-cultural-arca-de-noe\\\/\",\"url\":\"https:\\\/\\\/infocul.pt\\\/arquivo\\\/cultura\\\/guine-bissau-terra-sabi-na-taberna-cultural-arca-de-noe\\\/\",\"name\":\"\\\"Guin\u00e9-Bissau, terra sabi!\\\" na taberna cultural \\\"A Arca de No\u00e9\\\" | Infocul.pt - Arquivo Digital\",\"isPartOf\":{\"@id\":\"https:\\\/\\\/infocul.pt\\\/arquivo\\\/#website\"},\"primaryImageOfPage\":{\"@id\":\"https:\\\/\\\/infocul.pt\\\/arquivo\\\/cultura\\\/guine-bissau-terra-sabi-na-taberna-cultural-arca-de-noe\\\/#primaryimage\"},\"image\":{\"@id\":\"https:\\\/\\\/infocul.pt\\\/arquivo\\\/cultura\\\/guine-bissau-terra-sabi-na-taberna-cultural-arca-de-noe\\\/#primaryimage\"},\"thumbnailUrl\":\"https:\\\/\\\/infocul.pt\\\/arquivo\\\/wp-content\\\/uploads\\\/2016\\\/01\\\/Traga-Mundos.jpg\",\"datePublished\":\"2016-10-12T13:43:42+00:00\",\"description\":\"\\\"Guin\u00e9-Bissau, terra sabi!\\\" na taberna cultural \\\"A Arca de No\u00e9\\\" | Infocul.pt - Arquivo Digital\",\"breadcrumb\":{\"@id\":\"https:\\\/\\\/infocul.pt\\\/arquivo\\\/cultura\\\/guine-bissau-terra-sabi-na-taberna-cultural-arca-de-noe\\\/#breadcrumb\"},\"inLanguage\":\"pt-PT\",\"potentialAction\":[{\"@type\":\"ReadAction\",\"target\":[\"https:\\\/\\\/infocul.pt\\\/arquivo\\\/cultura\\\/guine-bissau-terra-sabi-na-taberna-cultural-arca-de-noe\\\/\"]}]},{\"@type\":\"ImageObject\",\"inLanguage\":\"pt-PT\",\"@id\":\"https:\\\/\\\/infocul.pt\\\/arquivo\\\/cultura\\\/guine-bissau-terra-sabi-na-taberna-cultural-arca-de-noe\\\/#primaryimage\",\"url\":\"https:\\\/\\\/infocul.pt\\\/arquivo\\\/wp-content\\\/uploads\\\/2016\\\/01\\\/Traga-Mundos.jpg\",\"contentUrl\":\"https:\\\/\\\/infocul.pt\\\/arquivo\\\/wp-content\\\/uploads\\\/2016\\\/01\\\/Traga-Mundos.jpg\",\"width\":840,\"height\":650},{\"@type\":\"BreadcrumbList\",\"@id\":\"https:\\\/\\\/infocul.pt\\\/arquivo\\\/cultura\\\/guine-bissau-terra-sabi-na-taberna-cultural-arca-de-noe\\\/#breadcrumb\",\"itemListElement\":[{\"@type\":\"ListItem\",\"position\":1,\"name\":\"Home\",\"item\":\"https:\\\/\\\/infocul.pt\\\/arquivo\\\/\"},{\"@type\":\"ListItem\",\"position\":2,\"name\":\"&#8220;Guin\u00e9-Bissau, terra sabi!&#8221; na taberna cultural &#8220;A Arca de No\u00e9&#8221;\"}]},{\"@type\":\"WebSite\",\"@id\":\"https:\\\/\\\/infocul.pt\\\/arquivo\\\/#website\",\"url\":\"https:\\\/\\\/infocul.pt\\\/arquivo\\\/\",\"name\":\"Infocul.pt - Arquivo Digital\",\"description\":\"Arquivo digital da Infocul.pt\",\"publisher\":{\"@id\":\"https:\\\/\\\/infocul.pt\\\/arquivo\\\/#organization\"},\"potentialAction\":[{\"@type\":\"SearchAction\",\"target\":{\"@type\":\"EntryPoint\",\"urlTemplate\":\"https:\\\/\\\/infocul.pt\\\/arquivo\\\/?s={search_term_string}\"},\"query-input\":{\"@type\":\"PropertyValueSpecification\",\"valueRequired\":true,\"valueName\":\"search_term_string\"}}],\"inLanguage\":\"pt-PT\"},{\"@type\":\"Organization\",\"@id\":\"https:\\\/\\\/infocul.pt\\\/arquivo\\\/#organization\",\"name\":\"Infocul.pt\",\"url\":\"https:\\\/\\\/infocul.pt\\\/arquivo\\\/\",\"logo\":{\"@type\":\"ImageObject\",\"inLanguage\":\"pt-PT\",\"@id\":\"https:\\\/\\\/infocul.pt\\\/arquivo\\\/#\\\/schema\\\/logo\\\/image\\\/\",\"url\":\"https:\\\/\\\/infocul.pt\\\/arquivo\\\/wp-content\\\/uploads\\\/2018\\\/12\\\/Infocul_logo-1.png\",\"contentUrl\":\"https:\\\/\\\/infocul.pt\\\/arquivo\\\/wp-content\\\/uploads\\\/2018\\\/12\\\/Infocul_logo-1.png\",\"width\":800,\"height\":800,\"caption\":\"Infocul.pt\"},\"image\":{\"@id\":\"https:\\\/\\\/infocul.pt\\\/arquivo\\\/#\\\/schema\\\/logo\\\/image\\\/\"},\"sameAs\":[\"https:\\\/\\\/www.facebook.com\\\/Infocul-147816815585015\\\/\",\"https:\\\/\\\/x.com\\\/Infoculpt\",\"http:\\\/\\\/www.pictaram.com\\\/user\\\/infocul.pt\\\/2370423710\",\"https:\\\/\\\/www.youtube.com\\\/channel\\\/UCYEB91AGI9FL9ek2i_IaQAA\"]},{\"@type\":\"Person\",\"@id\":\"https:\\\/\\\/infocul.pt\\\/arquivo\\\/#\\\/schema\\\/person\\\/f243f45ae8d67639120a7586884f3abc\",\"name\":\"Redac\u00e7\u00e3o\",\"image\":{\"@type\":\"ImageObject\",\"inLanguage\":\"pt-PT\",\"@id\":\"https:\\\/\\\/secure.gravatar.com\\\/avatar\\\/151b1b76c598ab5e749407223bd6c1bad4e41c4e95de3c3df83540ebee2deaf8?s=96&d=mm&r=g\",\"url\":\"https:\\\/\\\/secure.gravatar.com\\\/avatar\\\/151b1b76c598ab5e749407223bd6c1bad4e41c4e95de3c3df83540ebee2deaf8?s=96&d=mm&r=g\",\"contentUrl\":\"https:\\\/\\\/secure.gravatar.com\\\/avatar\\\/151b1b76c598ab5e749407223bd6c1bad4e41c4e95de3c3df83540ebee2deaf8?s=96&d=mm&r=g\",\"caption\":\"Redac\u00e7\u00e3o\"}}]}<\/script>\n<!-- \/ Yoast SEO plugin. -->","yoast_head_json":{"title":"\"Guin\u00e9-Bissau, terra sabi!\" na taberna cultural \"A Arca de No\u00e9\" | Infocul.pt - Arquivo Digital","description":"\"Guin\u00e9-Bissau, terra sabi!\" na taberna cultural \"A Arca de No\u00e9\" | Infocul.pt - Arquivo Digital","robots":{"index":"noindex","follow":"follow","max-snippet":"max-snippet:-1","max-image-preview":"max-image-preview:large","max-video-preview":"max-video-preview:-1"},"og_locale":"pt_PT","og_type":"article","og_title":"\"Guin\u00e9-Bissau, terra sabi!\" na taberna cultural \"A Arca de No\u00e9\" | Infocul.pt - Arquivo Digital","og_description":"\"Guin\u00e9-Bissau, terra sabi!\" na taberna cultural \"A Arca de No\u00e9\" | Infocul.pt - Arquivo Digital","og_url":"https:\/\/infocul.pt\/arquivo\/cultura\/guine-bissau-terra-sabi-na-taberna-cultural-arca-de-noe\/","og_site_name":"Infocul.pt - Arquivo Digital","article_publisher":"https:\/\/www.facebook.com\/Infocul-147816815585015\/","article_published_time":"2016-10-12T13:43:42+00:00","og_image":[{"width":840,"height":650,"url":"https:\/\/infocul.pt\/arquivo\/wp-content\/uploads\/2016\/01\/Traga-Mundos.jpg","type":"image\/jpeg"}],"author":"Redac\u00e7\u00e3o","twitter_card":"summary_large_image","twitter_creator":"@Infoculpt","twitter_site":"@Infoculpt","twitter_misc":{"Escrito por":"Redac\u00e7\u00e3o","Tempo estimado de leitura":"1 minuto"},"schema":{"@context":"https:\/\/schema.org","@graph":[{"@type":"Article","@id":"https:\/\/infocul.pt\/arquivo\/cultura\/guine-bissau-terra-sabi-na-taberna-cultural-arca-de-noe\/#article","isPartOf":{"@id":"https:\/\/infocul.pt\/arquivo\/cultura\/guine-bissau-terra-sabi-na-taberna-cultural-arca-de-noe\/"},"author":{"name":"Redac\u00e7\u00e3o","@id":"https:\/\/infocul.pt\/arquivo\/#\/schema\/person\/f243f45ae8d67639120a7586884f3abc"},"headline":"&#8220;Guin\u00e9-Bissau, terra sabi!&#8221; na taberna cultural &#8220;A Arca de No\u00e9&#8221;","datePublished":"2016-10-12T13:43:42+00:00","mainEntityOfPage":{"@id":"https:\/\/infocul.pt\/arquivo\/cultura\/guine-bissau-terra-sabi-na-taberna-cultural-arca-de-noe\/"},"wordCount":146,"commentCount":0,"publisher":{"@id":"https:\/\/infocul.pt\/arquivo\/#organization"},"image":{"@id":"https:\/\/infocul.pt\/arquivo\/cultura\/guine-bissau-terra-sabi-na-taberna-cultural-arca-de-noe\/#primaryimage"},"thumbnailUrl":"https:\/\/infocul.pt\/arquivo\/wp-content\/uploads\/2016\/01\/Traga-Mundos.jpg","keywords":["Traga Mundos"],"articleSection":["Cultura","Livros"],"inLanguage":"pt-PT"},{"@type":"WebPage","@id":"https:\/\/infocul.pt\/arquivo\/cultura\/guine-bissau-terra-sabi-na-taberna-cultural-arca-de-noe\/","url":"https:\/\/infocul.pt\/arquivo\/cultura\/guine-bissau-terra-sabi-na-taberna-cultural-arca-de-noe\/","name":"\"Guin\u00e9-Bissau, terra sabi!\" na taberna cultural \"A Arca de No\u00e9\" | Infocul.pt - Arquivo Digital","isPartOf":{"@id":"https:\/\/infocul.pt\/arquivo\/#website"},"primaryImageOfPage":{"@id":"https:\/\/infocul.pt\/arquivo\/cultura\/guine-bissau-terra-sabi-na-taberna-cultural-arca-de-noe\/#primaryimage"},"image":{"@id":"https:\/\/infocul.pt\/arquivo\/cultura\/guine-bissau-terra-sabi-na-taberna-cultural-arca-de-noe\/#primaryimage"},"thumbnailUrl":"https:\/\/infocul.pt\/arquivo\/wp-content\/uploads\/2016\/01\/Traga-Mundos.jpg","datePublished":"2016-10-12T13:43:42+00:00","description":"\"Guin\u00e9-Bissau, terra sabi!\" na taberna cultural \"A Arca de No\u00e9\" | Infocul.pt - Arquivo Digital","breadcrumb":{"@id":"https:\/\/infocul.pt\/arquivo\/cultura\/guine-bissau-terra-sabi-na-taberna-cultural-arca-de-noe\/#breadcrumb"},"inLanguage":"pt-PT","potentialAction":[{"@type":"ReadAction","target":["https:\/\/infocul.pt\/arquivo\/cultura\/guine-bissau-terra-sabi-na-taberna-cultural-arca-de-noe\/"]}]},{"@type":"ImageObject","inLanguage":"pt-PT","@id":"https:\/\/infocul.pt\/arquivo\/cultura\/guine-bissau-terra-sabi-na-taberna-cultural-arca-de-noe\/#primaryimage","url":"https:\/\/infocul.pt\/arquivo\/wp-content\/uploads\/2016\/01\/Traga-Mundos.jpg","contentUrl":"https:\/\/infocul.pt\/arquivo\/wp-content\/uploads\/2016\/01\/Traga-Mundos.jpg","width":840,"height":650},{"@type":"BreadcrumbList","@id":"https:\/\/infocul.pt\/arquivo\/cultura\/guine-bissau-terra-sabi-na-taberna-cultural-arca-de-noe\/#breadcrumb","itemListElement":[{"@type":"ListItem","position":1,"name":"Home","item":"https:\/\/infocul.pt\/arquivo\/"},{"@type":"ListItem","position":2,"name":"&#8220;Guin\u00e9-Bissau, terra sabi!&#8221; na taberna cultural &#8220;A Arca de No\u00e9&#8221;"}]},{"@type":"WebSite","@id":"https:\/\/infocul.pt\/arquivo\/#website","url":"https:\/\/infocul.pt\/arquivo\/","name":"Infocul.pt - Arquivo Digital","description":"Arquivo digital da Infocul.pt","publisher":{"@id":"https:\/\/infocul.pt\/arquivo\/#organization"},"potentialAction":[{"@type":"SearchAction","target":{"@type":"EntryPoint","urlTemplate":"https:\/\/infocul.pt\/arquivo\/?s={search_term_string}"},"query-input":{"@type":"PropertyValueSpecification","valueRequired":true,"valueName":"search_term_string"}}],"inLanguage":"pt-PT"},{"@type":"Organization","@id":"https:\/\/infocul.pt\/arquivo\/#organization","name":"Infocul.pt","url":"https:\/\/infocul.pt\/arquivo\/","logo":{"@type":"ImageObject","inLanguage":"pt-PT","@id":"https:\/\/infocul.pt\/arquivo\/#\/schema\/logo\/image\/","url":"https:\/\/infocul.pt\/arquivo\/wp-content\/uploads\/2018\/12\/Infocul_logo-1.png","contentUrl":"https:\/\/infocul.pt\/arquivo\/wp-content\/uploads\/2018\/12\/Infocul_logo-1.png","width":800,"height":800,"caption":"Infocul.pt"},"image":{"@id":"https:\/\/infocul.pt\/arquivo\/#\/schema\/logo\/image\/"},"sameAs":["https:\/\/www.facebook.com\/Infocul-147816815585015\/","https:\/\/x.com\/Infoculpt","http:\/\/www.pictaram.com\/user\/infocul.pt\/2370423710","https:\/\/www.youtube.com\/channel\/UCYEB91AGI9FL9ek2i_IaQAA"]},{"@type":"Person","@id":"https:\/\/infocul.pt\/arquivo\/#\/schema\/person\/f243f45ae8d67639120a7586884f3abc","name":"Redac\u00e7\u00e3o","image":{"@type":"ImageObject","inLanguage":"pt-PT","@id":"https:\/\/secure.gravatar.com\/avatar\/151b1b76c598ab5e749407223bd6c1bad4e41c4e95de3c3df83540ebee2deaf8?s=96&d=mm&r=g","url":"https:\/\/secure.gravatar.com\/avatar\/151b1b76c598ab5e749407223bd6c1bad4e41c4e95de3c3df83540ebee2deaf8?s=96&d=mm&r=g","contentUrl":"https:\/\/secure.gravatar.com\/avatar\/151b1b76c598ab5e749407223bd6c1bad4e41c4e95de3c3df83540ebee2deaf8?s=96&d=mm&r=g","caption":"Redac\u00e7\u00e3o"}}]}},"_links":{"self":[{"href":"https:\/\/infocul.pt\/arquivo\/wp-json\/wp\/v2\/posts\/14332","targetHints":{"allow":["GET"]}}],"collection":[{"href":"https:\/\/infocul.pt\/arquivo\/wp-json\/wp\/v2\/posts"}],"about":[{"href":"https:\/\/infocul.pt\/arquivo\/wp-json\/wp\/v2\/types\/post"}],"author":[{"embeddable":true,"href":"https:\/\/infocul.pt\/arquivo\/wp-json\/wp\/v2\/users\/13"}],"replies":[{"embeddable":true,"href":"https:\/\/infocul.pt\/arquivo\/wp-json\/wp\/v2\/comments?post=14332"}],"version-history":[{"count":0,"href":"https:\/\/infocul.pt\/arquivo\/wp-json\/wp\/v2\/posts\/14332\/revisions"}],"wp:featuredmedia":[{"embeddable":true,"href":"https:\/\/infocul.pt\/arquivo\/wp-json\/wp\/v2\/media\/1205"}],"wp:attachment":[{"href":"https:\/\/infocul.pt\/arquivo\/wp-json\/wp\/v2\/media?parent=14332"}],"wp:term":[{"taxonomy":"category","embeddable":true,"href":"https:\/\/infocul.pt\/arquivo\/wp-json\/wp\/v2\/categories?post=14332"},{"taxonomy":"post_tag","embeddable":true,"href":"https:\/\/infocul.pt\/arquivo\/wp-json\/wp\/v2\/tags?post=14332"}],"curies":[{"name":"wp","href":"https:\/\/api.w.org\/{rel}","templated":true}]}}