{"id":1463,"date":"2016-01-21T19:31:54","date_gmt":"2016-01-21T19:31:54","guid":{"rendered":"http:\/\/infocul.pt\/?p=1463"},"modified":"2016-01-21T19:31:54","modified_gmt":"2016-01-21T19:31:54","slug":"rtp-com-grande-acompanhamento-as-eleicoes-presidenciais","status":"publish","type":"post","link":"https:\/\/infocul.pt\/arquivo\/cultura\/rtp-com-grande-acompanhamento-as-eleicoes-presidenciais\/","title":{"rendered":"RTP com grande acompanhamento \u00e0s elei\u00e7\u00f5es presidenciais"},"content":{"rendered":"<p>\t<img decoding=\"async\" width=\"753\" height=\"368\" class=\"so-widget-image lazyload\" style=\"--smush-placeholder-width: 753px; --smush-placeholder-aspect-ratio: 753\/368;height: auto; display: block; max-width: 100%;\" data-src=\"http:\/\/infocul.pt\/wp-content\/uploads\/2016\/01\/presidenciais2.jpg\" src=\"data:image\/svg+xml;base64,PHN2ZyB3aWR0aD0iMSIgaGVpZ2h0PSIxIiB4bWxucz0iaHR0cDovL3d3dy53My5vcmcvMjAwMC9zdmciPjwvc3ZnPg==\"><\/p>\n<p><strong><span style=\"color: rgb(0, 0, 0); font-family: Calibri;\">Domingo, dia 24 de Janeiro, os portugueses escolhem o Presidente da Rep\u00fablica para os pr\u00f3ximos cinco anos. E a RTP promete uma grande emiss\u00e3o no acompanhamento aos resultados eleitorais.<\/span><\/strong><\/p>\n<h3>&nbsp;<\/h3>\n<p>A opera\u00e7\u00e3o Elei\u00e7\u00f5es Presidenciais 2016 ser\u00e1 conduzida por Jos\u00e9 Rodrigues dos Santos, Jo\u00e3o Adelino Faria e Carlos Daniel, numa emiss\u00e3o especial preparada ao pormenor, com in\u00edcio \u00e0s 18:00 na RTP3 e a partir das 19:00 num simult\u00e2neo RTP1\/RTP3. Pode tamb\u00e9m acompanhar todos os pormenores em www.rtp.pt.<\/p>\n<p>&nbsp;<\/p>\n<p>&nbsp;<\/p>\n<p>No Especial Elei\u00e7\u00f5es Presidenciais 2016 acompanhar-se-\u00e1 os desenvolvimentos do dia e o momento de encerramento das urnas eleitorais. \u00c0s 20:00 apresenta-se a projec\u00e7\u00e3o de resultados com a an\u00e1lise do polit\u00f3logo Pedro Magalh\u00e3es.<\/p>\n<p>&nbsp;<\/p>\n<p>&nbsp;<\/p>\n<p>Nesta emiss\u00e3o especial estar\u00e1 em est\u00fadio um painel constitu\u00eddo por Nuno Morais Sarmento e Pedro Silva Pereira, moderado por Carlos Daniel para uma primeira an\u00e1lise dos resultados. Mais tarde, ser\u00e1 efectuada uma an\u00e1lise mais aprofundada dos resultados eleitorais e suas implica\u00e7\u00f5es com um segundo painel constitu\u00eddo por Nuno Garoupa, Marina Costa Lobo, Jos\u00e9 Vitor Malheiros, Jos\u00e9 Manuel Fernandes, Ant\u00f3nio Jos\u00e9 Teixeira e Andr\u00e9 Macedo.<\/p>\n<p>&nbsp;<\/p>\n<p>&nbsp;<\/p>\n<p>Mais uma vez a RTP conta com a colabora\u00e7\u00e3o do Centro de Sondagens e Estudos da Universidade Cat\u00f3lica, respons\u00e1vel pela realiza\u00e7\u00e3o de uma projec\u00e7\u00e3o de grandes dimens\u00f5es efectuada \u00e0 boca das urnas, bem como pela an\u00e1lise dos resultados.<\/p>\n<p>&nbsp;<\/p>\n<p>&nbsp;<\/p>\n<p>Complementando a emiss\u00e3o TV, no site da RTP acompanhar-se-\u00e1 ao minuto todo o dia das presidenciais. Logo pela manh\u00e3 com um artigo \u201clive\u201d com as vota\u00e7\u00f5es e primeiras reac\u00e7\u00f5es de todos os candidatos. A partir das 18:55, em directo as emiss\u00f5es especiais da RTP e Antena 1 e abrindo v\u00e1rias janelas com emiss\u00e3o exclusiva online das sedes de campanha.<\/p>\n<p>&nbsp;<\/p>\n<p>&nbsp;<\/p>\n<p>Em www.rtp.pt vai poder ver as projec\u00e7\u00f5es da Universidade Cat\u00f3lica e a partir das 20h00 acompanhe em tempo real os resultados das elei\u00e7\u00f5es presidenciais.<\/p>\n","protected":false},"excerpt":{"rendered":"<p>Domingo, dia 24 de Janeiro, os portugueses escolhem o Presidente da Rep\u00fablica para os pr\u00f3ximos cinco anos. E a RTP promete uma grande emiss\u00e3o no acompanhamento aos resultados eleitorais. &nbsp; A opera\u00e7\u00e3o Elei\u00e7\u00f5es Presidenciais 2016 ser\u00e1 conduzida por Jos\u00e9 Rodrigues dos Santos, Jo\u00e3o Adelino Faria e Carlos Daniel, numa emiss\u00e3o especial preparada ao pormenor, com [&hellip;]<\/p>\n","protected":false},"author":2,"featured_media":1464,"comment_status":"open","ping_status":"closed","sticky":false,"template":"","format":"standard","meta":{"footnotes":""},"categories":[2],"tags":[108,19,24,137],"class_list":["post-1463","post","type-post","status-publish","format-standard","has-post-thumbnail","hentry","category-cultura","tag-eleicoes-presidenciais","tag-rtp","tag-rtp-1","tag-rtp-3"],"yoast_head":"<!-- This site is optimized with the Yoast SEO plugin v27.4 - https:\/\/yoast.com\/product\/yoast-seo-wordpress\/ -->\n<title>RTP com grande acompanhamento \u00e0s elei\u00e7\u00f5es presidenciais | Infocul.pt - Arquivo Digital<\/title>\n<meta name=\"description\" content=\"RTP com grande acompanhamento \u00e0s elei\u00e7\u00f5es presidenciais | Infocul.pt - Arquivo Digital\" \/>\n<meta name=\"robots\" content=\"noindex, follow, max-snippet:-1, max-image-preview:large, max-video-preview:-1\" \/>\n<meta property=\"og:locale\" content=\"pt_PT\" \/>\n<meta property=\"og:type\" content=\"article\" \/>\n<meta property=\"og:title\" content=\"RTP com grande acompanhamento \u00e0s elei\u00e7\u00f5es presidenciais | Infocul.pt - Arquivo Digital\" \/>\n<meta property=\"og:description\" content=\"RTP com grande acompanhamento \u00e0s elei\u00e7\u00f5es presidenciais | Infocul.pt - Arquivo Digital\" \/>\n<meta property=\"og:url\" content=\"https:\/\/infocul.pt\/arquivo\/cultura\/rtp-com-grande-acompanhamento-as-eleicoes-presidenciais\/\" \/>\n<meta property=\"og:site_name\" content=\"Infocul.pt - Arquivo Digital\" \/>\n<meta property=\"article:publisher\" content=\"https:\/\/www.facebook.com\/Infocul-147816815585015\/\" \/>\n<meta property=\"article:published_time\" content=\"2016-01-21T19:31:54+00:00\" \/>\n<meta property=\"og:image\" content=\"https:\/\/infocul.pt\/arquivo\/wp-content\/uploads\/2016\/01\/presidenciais2.jpg\" \/>\n\t<meta property=\"og:image:width\" content=\"753\" \/>\n\t<meta property=\"og:image:height\" content=\"368\" \/>\n\t<meta property=\"og:image:type\" content=\"image\/jpeg\" \/>\n<meta name=\"author\" content=\"Rui Lavrador\" \/>\n<meta name=\"twitter:card\" content=\"summary_large_image\" \/>\n<meta name=\"twitter:creator\" content=\"@Infoculpt\" \/>\n<meta name=\"twitter:site\" content=\"@Infoculpt\" \/>\n<meta name=\"twitter:label1\" content=\"Escrito por\" \/>\n\t<meta name=\"twitter:data1\" content=\"Rui Lavrador\" \/>\n\t<meta name=\"twitter:label2\" content=\"Tempo estimado de leitura\" \/>\n\t<meta name=\"twitter:data2\" content=\"2 minutos\" \/>\n<script type=\"application\/ld+json\" class=\"yoast-schema-graph\">{\"@context\":\"https:\\\/\\\/schema.org\",\"@graph\":[{\"@type\":\"Article\",\"@id\":\"https:\\\/\\\/infocul.pt\\\/arquivo\\\/cultura\\\/rtp-com-grande-acompanhamento-as-eleicoes-presidenciais\\\/#article\",\"isPartOf\":{\"@id\":\"https:\\\/\\\/infocul.pt\\\/arquivo\\\/cultura\\\/rtp-com-grande-acompanhamento-as-eleicoes-presidenciais\\\/\"},\"author\":{\"name\":\"Rui Lavrador\",\"@id\":\"https:\\\/\\\/infocul.pt\\\/arquivo\\\/#\\\/schema\\\/person\\\/060a108d7f2d85fc6aae505119ee5234\"},\"headline\":\"RTP com grande acompanhamento \u00e0s elei\u00e7\u00f5es presidenciais\",\"datePublished\":\"2016-01-21T19:31:54+00:00\",\"mainEntityOfPage\":{\"@id\":\"https:\\\/\\\/infocul.pt\\\/arquivo\\\/cultura\\\/rtp-com-grande-acompanhamento-as-eleicoes-presidenciais\\\/\"},\"wordCount\":346,\"commentCount\":0,\"publisher\":{\"@id\":\"https:\\\/\\\/infocul.pt\\\/arquivo\\\/#organization\"},\"image\":{\"@id\":\"https:\\\/\\\/infocul.pt\\\/arquivo\\\/cultura\\\/rtp-com-grande-acompanhamento-as-eleicoes-presidenciais\\\/#primaryimage\"},\"thumbnailUrl\":\"https:\\\/\\\/infocul.pt\\\/arquivo\\\/wp-content\\\/uploads\\\/2016\\\/01\\\/presidenciais2.jpg\",\"keywords\":[\"Elei\u00e7\u00f5es Presidenciais\",\"RTP\",\"RTP 1\",\"RTP 3\"],\"articleSection\":[\"Cultura\"],\"inLanguage\":\"pt-PT\"},{\"@type\":\"WebPage\",\"@id\":\"https:\\\/\\\/infocul.pt\\\/arquivo\\\/cultura\\\/rtp-com-grande-acompanhamento-as-eleicoes-presidenciais\\\/\",\"url\":\"https:\\\/\\\/infocul.pt\\\/arquivo\\\/cultura\\\/rtp-com-grande-acompanhamento-as-eleicoes-presidenciais\\\/\",\"name\":\"RTP com grande acompanhamento \u00e0s elei\u00e7\u00f5es presidenciais | Infocul.pt - Arquivo Digital\",\"isPartOf\":{\"@id\":\"https:\\\/\\\/infocul.pt\\\/arquivo\\\/#website\"},\"primaryImageOfPage\":{\"@id\":\"https:\\\/\\\/infocul.pt\\\/arquivo\\\/cultura\\\/rtp-com-grande-acompanhamento-as-eleicoes-presidenciais\\\/#primaryimage\"},\"image\":{\"@id\":\"https:\\\/\\\/infocul.pt\\\/arquivo\\\/cultura\\\/rtp-com-grande-acompanhamento-as-eleicoes-presidenciais\\\/#primaryimage\"},\"thumbnailUrl\":\"https:\\\/\\\/infocul.pt\\\/arquivo\\\/wp-content\\\/uploads\\\/2016\\\/01\\\/presidenciais2.jpg\",\"datePublished\":\"2016-01-21T19:31:54+00:00\",\"description\":\"RTP com grande acompanhamento \u00e0s elei\u00e7\u00f5es presidenciais | Infocul.pt - Arquivo Digital\",\"breadcrumb\":{\"@id\":\"https:\\\/\\\/infocul.pt\\\/arquivo\\\/cultura\\\/rtp-com-grande-acompanhamento-as-eleicoes-presidenciais\\\/#breadcrumb\"},\"inLanguage\":\"pt-PT\",\"potentialAction\":[{\"@type\":\"ReadAction\",\"target\":[\"https:\\\/\\\/infocul.pt\\\/arquivo\\\/cultura\\\/rtp-com-grande-acompanhamento-as-eleicoes-presidenciais\\\/\"]}]},{\"@type\":\"ImageObject\",\"inLanguage\":\"pt-PT\",\"@id\":\"https:\\\/\\\/infocul.pt\\\/arquivo\\\/cultura\\\/rtp-com-grande-acompanhamento-as-eleicoes-presidenciais\\\/#primaryimage\",\"url\":\"https:\\\/\\\/infocul.pt\\\/arquivo\\\/wp-content\\\/uploads\\\/2016\\\/01\\\/presidenciais2.jpg\",\"contentUrl\":\"https:\\\/\\\/infocul.pt\\\/arquivo\\\/wp-content\\\/uploads\\\/2016\\\/01\\\/presidenciais2.jpg\",\"width\":753,\"height\":368},{\"@type\":\"BreadcrumbList\",\"@id\":\"https:\\\/\\\/infocul.pt\\\/arquivo\\\/cultura\\\/rtp-com-grande-acompanhamento-as-eleicoes-presidenciais\\\/#breadcrumb\",\"itemListElement\":[{\"@type\":\"ListItem\",\"position\":1,\"name\":\"Home\",\"item\":\"https:\\\/\\\/infocul.pt\\\/arquivo\\\/\"},{\"@type\":\"ListItem\",\"position\":2,\"name\":\"RTP com grande acompanhamento \u00e0s elei\u00e7\u00f5es presidenciais\"}]},{\"@type\":\"WebSite\",\"@id\":\"https:\\\/\\\/infocul.pt\\\/arquivo\\\/#website\",\"url\":\"https:\\\/\\\/infocul.pt\\\/arquivo\\\/\",\"name\":\"Infocul.pt - Arquivo Digital\",\"description\":\"Arquivo digital da Infocul.pt\",\"publisher\":{\"@id\":\"https:\\\/\\\/infocul.pt\\\/arquivo\\\/#organization\"},\"potentialAction\":[{\"@type\":\"SearchAction\",\"target\":{\"@type\":\"EntryPoint\",\"urlTemplate\":\"https:\\\/\\\/infocul.pt\\\/arquivo\\\/?s={search_term_string}\"},\"query-input\":{\"@type\":\"PropertyValueSpecification\",\"valueRequired\":true,\"valueName\":\"search_term_string\"}}],\"inLanguage\":\"pt-PT\"},{\"@type\":\"Organization\",\"@id\":\"https:\\\/\\\/infocul.pt\\\/arquivo\\\/#organization\",\"name\":\"Infocul.pt\",\"url\":\"https:\\\/\\\/infocul.pt\\\/arquivo\\\/\",\"logo\":{\"@type\":\"ImageObject\",\"inLanguage\":\"pt-PT\",\"@id\":\"https:\\\/\\\/infocul.pt\\\/arquivo\\\/#\\\/schema\\\/logo\\\/image\\\/\",\"url\":\"https:\\\/\\\/infocul.pt\\\/arquivo\\\/wp-content\\\/uploads\\\/2018\\\/12\\\/Infocul_logo-1.png\",\"contentUrl\":\"https:\\\/\\\/infocul.pt\\\/arquivo\\\/wp-content\\\/uploads\\\/2018\\\/12\\\/Infocul_logo-1.png\",\"width\":800,\"height\":800,\"caption\":\"Infocul.pt\"},\"image\":{\"@id\":\"https:\\\/\\\/infocul.pt\\\/arquivo\\\/#\\\/schema\\\/logo\\\/image\\\/\"},\"sameAs\":[\"https:\\\/\\\/www.facebook.com\\\/Infocul-147816815585015\\\/\",\"https:\\\/\\\/x.com\\\/Infoculpt\",\"http:\\\/\\\/www.pictaram.com\\\/user\\\/infocul.pt\\\/2370423710\",\"https:\\\/\\\/www.youtube.com\\\/channel\\\/UCYEB91AGI9FL9ek2i_IaQAA\"]},{\"@type\":\"Person\",\"@id\":\"https:\\\/\\\/infocul.pt\\\/arquivo\\\/#\\\/schema\\\/person\\\/060a108d7f2d85fc6aae505119ee5234\",\"name\":\"Rui Lavrador\",\"image\":{\"@type\":\"ImageObject\",\"inLanguage\":\"pt-PT\",\"@id\":\"https:\\\/\\\/secure.gravatar.com\\\/avatar\\\/93febd6873394aa8e975148548a0cb203acfdd42d2c85c5f1408e1a76678aece?s=96&d=mm&r=g\",\"url\":\"https:\\\/\\\/secure.gravatar.com\\\/avatar\\\/93febd6873394aa8e975148548a0cb203acfdd42d2c85c5f1408e1a76678aece?s=96&d=mm&r=g\",\"contentUrl\":\"https:\\\/\\\/secure.gravatar.com\\\/avatar\\\/93febd6873394aa8e975148548a0cb203acfdd42d2c85c5f1408e1a76678aece?s=96&d=mm&r=g\",\"caption\":\"Rui Lavrador\"},\"description\":\"Iniciou em 2011 o seu percurso em comunica\u00e7\u00e3o social, tendo integrado v\u00e1rios projectos editoriais. Durante o seu percurso integrou projectos como Jornal Hardm\u00fasica, LusoNot\u00edcias, Toureio.pt, ODigital.pt, entre outros \u00d3rg\u00e3os de Comunica\u00e7\u00e3o Social nacionais, na redac\u00e7\u00e3o de v\u00e1rios artigos. Entrevistou a grande maioria das personalidades mais importantes da vida social e cultural do pa\u00eds, destacando-se, tamb\u00e9m, na aprecia\u00e7\u00e3o de v\u00e1rios espect\u00e1culos. Durante o seu percurso, deu a conhecer v\u00e1rios artistas, at\u00e9 ent\u00e3o desconhecidos, ao grande p\u00fablico. Em 2015 criou e fundou o Infocul.pt, projecto no qual assume a direc\u00e7\u00e3o editorial.\",\"sameAs\":[\"http:\\\/\\\/www.infocul.pt\"]}]}<\/script>\n<!-- \/ Yoast SEO plugin. -->","yoast_head_json":{"title":"RTP com grande acompanhamento \u00e0s elei\u00e7\u00f5es presidenciais | Infocul.pt - Arquivo Digital","description":"RTP com grande acompanhamento \u00e0s elei\u00e7\u00f5es presidenciais | Infocul.pt - Arquivo Digital","robots":{"index":"noindex","follow":"follow","max-snippet":"max-snippet:-1","max-image-preview":"max-image-preview:large","max-video-preview":"max-video-preview:-1"},"og_locale":"pt_PT","og_type":"article","og_title":"RTP com grande acompanhamento \u00e0s elei\u00e7\u00f5es presidenciais | Infocul.pt - Arquivo Digital","og_description":"RTP com grande acompanhamento \u00e0s elei\u00e7\u00f5es presidenciais | Infocul.pt - Arquivo Digital","og_url":"https:\/\/infocul.pt\/arquivo\/cultura\/rtp-com-grande-acompanhamento-as-eleicoes-presidenciais\/","og_site_name":"Infocul.pt - Arquivo Digital","article_publisher":"https:\/\/www.facebook.com\/Infocul-147816815585015\/","article_published_time":"2016-01-21T19:31:54+00:00","og_image":[{"width":753,"height":368,"url":"https:\/\/infocul.pt\/arquivo\/wp-content\/uploads\/2016\/01\/presidenciais2.jpg","type":"image\/jpeg"}],"author":"Rui Lavrador","twitter_card":"summary_large_image","twitter_creator":"@Infoculpt","twitter_site":"@Infoculpt","twitter_misc":{"Escrito por":"Rui Lavrador","Tempo estimado de leitura":"2 minutos"},"schema":{"@context":"https:\/\/schema.org","@graph":[{"@type":"Article","@id":"https:\/\/infocul.pt\/arquivo\/cultura\/rtp-com-grande-acompanhamento-as-eleicoes-presidenciais\/#article","isPartOf":{"@id":"https:\/\/infocul.pt\/arquivo\/cultura\/rtp-com-grande-acompanhamento-as-eleicoes-presidenciais\/"},"author":{"name":"Rui Lavrador","@id":"https:\/\/infocul.pt\/arquivo\/#\/schema\/person\/060a108d7f2d85fc6aae505119ee5234"},"headline":"RTP com grande acompanhamento \u00e0s elei\u00e7\u00f5es presidenciais","datePublished":"2016-01-21T19:31:54+00:00","mainEntityOfPage":{"@id":"https:\/\/infocul.pt\/arquivo\/cultura\/rtp-com-grande-acompanhamento-as-eleicoes-presidenciais\/"},"wordCount":346,"commentCount":0,"publisher":{"@id":"https:\/\/infocul.pt\/arquivo\/#organization"},"image":{"@id":"https:\/\/infocul.pt\/arquivo\/cultura\/rtp-com-grande-acompanhamento-as-eleicoes-presidenciais\/#primaryimage"},"thumbnailUrl":"https:\/\/infocul.pt\/arquivo\/wp-content\/uploads\/2016\/01\/presidenciais2.jpg","keywords":["Elei\u00e7\u00f5es Presidenciais","RTP","RTP 1","RTP 3"],"articleSection":["Cultura"],"inLanguage":"pt-PT"},{"@type":"WebPage","@id":"https:\/\/infocul.pt\/arquivo\/cultura\/rtp-com-grande-acompanhamento-as-eleicoes-presidenciais\/","url":"https:\/\/infocul.pt\/arquivo\/cultura\/rtp-com-grande-acompanhamento-as-eleicoes-presidenciais\/","name":"RTP com grande acompanhamento \u00e0s elei\u00e7\u00f5es presidenciais | Infocul.pt - Arquivo Digital","isPartOf":{"@id":"https:\/\/infocul.pt\/arquivo\/#website"},"primaryImageOfPage":{"@id":"https:\/\/infocul.pt\/arquivo\/cultura\/rtp-com-grande-acompanhamento-as-eleicoes-presidenciais\/#primaryimage"},"image":{"@id":"https:\/\/infocul.pt\/arquivo\/cultura\/rtp-com-grande-acompanhamento-as-eleicoes-presidenciais\/#primaryimage"},"thumbnailUrl":"https:\/\/infocul.pt\/arquivo\/wp-content\/uploads\/2016\/01\/presidenciais2.jpg","datePublished":"2016-01-21T19:31:54+00:00","description":"RTP com grande acompanhamento \u00e0s elei\u00e7\u00f5es presidenciais | Infocul.pt - Arquivo Digital","breadcrumb":{"@id":"https:\/\/infocul.pt\/arquivo\/cultura\/rtp-com-grande-acompanhamento-as-eleicoes-presidenciais\/#breadcrumb"},"inLanguage":"pt-PT","potentialAction":[{"@type":"ReadAction","target":["https:\/\/infocul.pt\/arquivo\/cultura\/rtp-com-grande-acompanhamento-as-eleicoes-presidenciais\/"]}]},{"@type":"ImageObject","inLanguage":"pt-PT","@id":"https:\/\/infocul.pt\/arquivo\/cultura\/rtp-com-grande-acompanhamento-as-eleicoes-presidenciais\/#primaryimage","url":"https:\/\/infocul.pt\/arquivo\/wp-content\/uploads\/2016\/01\/presidenciais2.jpg","contentUrl":"https:\/\/infocul.pt\/arquivo\/wp-content\/uploads\/2016\/01\/presidenciais2.jpg","width":753,"height":368},{"@type":"BreadcrumbList","@id":"https:\/\/infocul.pt\/arquivo\/cultura\/rtp-com-grande-acompanhamento-as-eleicoes-presidenciais\/#breadcrumb","itemListElement":[{"@type":"ListItem","position":1,"name":"Home","item":"https:\/\/infocul.pt\/arquivo\/"},{"@type":"ListItem","position":2,"name":"RTP com grande acompanhamento \u00e0s elei\u00e7\u00f5es presidenciais"}]},{"@type":"WebSite","@id":"https:\/\/infocul.pt\/arquivo\/#website","url":"https:\/\/infocul.pt\/arquivo\/","name":"Infocul.pt - Arquivo Digital","description":"Arquivo digital da Infocul.pt","publisher":{"@id":"https:\/\/infocul.pt\/arquivo\/#organization"},"potentialAction":[{"@type":"SearchAction","target":{"@type":"EntryPoint","urlTemplate":"https:\/\/infocul.pt\/arquivo\/?s={search_term_string}"},"query-input":{"@type":"PropertyValueSpecification","valueRequired":true,"valueName":"search_term_string"}}],"inLanguage":"pt-PT"},{"@type":"Organization","@id":"https:\/\/infocul.pt\/arquivo\/#organization","name":"Infocul.pt","url":"https:\/\/infocul.pt\/arquivo\/","logo":{"@type":"ImageObject","inLanguage":"pt-PT","@id":"https:\/\/infocul.pt\/arquivo\/#\/schema\/logo\/image\/","url":"https:\/\/infocul.pt\/arquivo\/wp-content\/uploads\/2018\/12\/Infocul_logo-1.png","contentUrl":"https:\/\/infocul.pt\/arquivo\/wp-content\/uploads\/2018\/12\/Infocul_logo-1.png","width":800,"height":800,"caption":"Infocul.pt"},"image":{"@id":"https:\/\/infocul.pt\/arquivo\/#\/schema\/logo\/image\/"},"sameAs":["https:\/\/www.facebook.com\/Infocul-147816815585015\/","https:\/\/x.com\/Infoculpt","http:\/\/www.pictaram.com\/user\/infocul.pt\/2370423710","https:\/\/www.youtube.com\/channel\/UCYEB91AGI9FL9ek2i_IaQAA"]},{"@type":"Person","@id":"https:\/\/infocul.pt\/arquivo\/#\/schema\/person\/060a108d7f2d85fc6aae505119ee5234","name":"Rui Lavrador","image":{"@type":"ImageObject","inLanguage":"pt-PT","@id":"https:\/\/secure.gravatar.com\/avatar\/93febd6873394aa8e975148548a0cb203acfdd42d2c85c5f1408e1a76678aece?s=96&d=mm&r=g","url":"https:\/\/secure.gravatar.com\/avatar\/93febd6873394aa8e975148548a0cb203acfdd42d2c85c5f1408e1a76678aece?s=96&d=mm&r=g","contentUrl":"https:\/\/secure.gravatar.com\/avatar\/93febd6873394aa8e975148548a0cb203acfdd42d2c85c5f1408e1a76678aece?s=96&d=mm&r=g","caption":"Rui Lavrador"},"description":"Iniciou em 2011 o seu percurso em comunica\u00e7\u00e3o social, tendo integrado v\u00e1rios projectos editoriais. Durante o seu percurso integrou projectos como Jornal Hardm\u00fasica, LusoNot\u00edcias, Toureio.pt, ODigital.pt, entre outros \u00d3rg\u00e3os de Comunica\u00e7\u00e3o Social nacionais, na redac\u00e7\u00e3o de v\u00e1rios artigos. Entrevistou a grande maioria das personalidades mais importantes da vida social e cultural do pa\u00eds, destacando-se, tamb\u00e9m, na aprecia\u00e7\u00e3o de v\u00e1rios espect\u00e1culos. Durante o seu percurso, deu a conhecer v\u00e1rios artistas, at\u00e9 ent\u00e3o desconhecidos, ao grande p\u00fablico. Em 2015 criou e fundou o Infocul.pt, projecto no qual assume a direc\u00e7\u00e3o editorial.","sameAs":["http:\/\/www.infocul.pt"]}]}},"_links":{"self":[{"href":"https:\/\/infocul.pt\/arquivo\/wp-json\/wp\/v2\/posts\/1463","targetHints":{"allow":["GET"]}}],"collection":[{"href":"https:\/\/infocul.pt\/arquivo\/wp-json\/wp\/v2\/posts"}],"about":[{"href":"https:\/\/infocul.pt\/arquivo\/wp-json\/wp\/v2\/types\/post"}],"author":[{"embeddable":true,"href":"https:\/\/infocul.pt\/arquivo\/wp-json\/wp\/v2\/users\/2"}],"replies":[{"embeddable":true,"href":"https:\/\/infocul.pt\/arquivo\/wp-json\/wp\/v2\/comments?post=1463"}],"version-history":[{"count":0,"href":"https:\/\/infocul.pt\/arquivo\/wp-json\/wp\/v2\/posts\/1463\/revisions"}],"wp:featuredmedia":[{"embeddable":true,"href":"https:\/\/infocul.pt\/arquivo\/wp-json\/wp\/v2\/media\/1464"}],"wp:attachment":[{"href":"https:\/\/infocul.pt\/arquivo\/wp-json\/wp\/v2\/media?parent=1463"}],"wp:term":[{"taxonomy":"category","embeddable":true,"href":"https:\/\/infocul.pt\/arquivo\/wp-json\/wp\/v2\/categories?post=1463"},{"taxonomy":"post_tag","embeddable":true,"href":"https:\/\/infocul.pt\/arquivo\/wp-json\/wp\/v2\/tags?post=1463"}],"curies":[{"name":"wp","href":"https:\/\/api.w.org\/{rel}","templated":true}]}}