{"id":15029,"date":"2016-11-02T10:10:09","date_gmt":"2016-11-02T10:10:09","guid":{"rendered":"http:\/\/infocul.pt\/?p=15029"},"modified":"2016-11-02T10:10:09","modified_gmt":"2016-11-02T10:10:09","slug":"goodbye-maria-albertina-em-digressao","status":"publish","type":"post","link":"https:\/\/infocul.pt\/arquivo\/cultura\/goodbye-maria-albertina-em-digressao\/","title":{"rendered":"Goodbye Maria Albertina em digress\u00e3o"},"content":{"rendered":"<p><img decoding=\"async\" class=\"aligncenter wp-image-4674 size-full lazyload\" data-src=\"http:\/\/infocul.pt\/wp-content\/uploads\/2016\/03\/Mascarenhas-Martins.jpg\" alt=\"Mascarenhas-Martins\" width=\"400\" height=\"400\" data-srcset=\"https:\/\/infocul.pt\/arquivo\/wp-content\/uploads\/2016\/03\/Mascarenhas-Martins.jpg 400w, https:\/\/infocul.pt\/arquivo\/wp-content\/uploads\/2016\/03\/Mascarenhas-Martins-150x150.jpg 150w, https:\/\/infocul.pt\/arquivo\/wp-content\/uploads\/2016\/03\/Mascarenhas-Martins-300x300.jpg 300w, https:\/\/infocul.pt\/arquivo\/wp-content\/uploads\/2016\/03\/Mascarenhas-Martins-280x280.jpg 280w\" data-sizes=\"(max-width: 400px) 100vw, 400px\" src=\"data:image\/svg+xml;base64,PHN2ZyB3aWR0aD0iMSIgaGVpZ2h0PSIxIiB4bWxucz0iaHR0cDovL3d3dy53My5vcmcvMjAwMC9zdmciPjwvc3ZnPg==\" style=\"--smush-placeholder-width: 400px; --smush-placeholder-aspect-ratio: 400\/400;\" \/><\/p>\n<p>&nbsp;<\/p>\n<p><span style=\"color: #000000; font-family: Calibri;\">Depois da sua estreia no Cinema-Teatro Joaquim d&#8217;Almeida, o espect\u00e1culo Goodbye Maria Albertina come\u00e7a agora uma digress\u00e3o no Concelho de Montijo que ir\u00e1 passar por Peg\u00f5es, Canha, Sarilhos Grandes e Atalaia. <\/span><!--more--><\/p>\n<p><span style=\"color: #000000; font-family: Calibri;\">\u00a0<\/span><\/p>\n<p><span style=\"color: #000000; font-family: Calibri;\">\u00a0<\/span><\/p>\n<p><span style=\"color: #000000; font-family: Calibri;\">A segunda produ\u00e7\u00e3o da Companhia Mascarenhas-Martins parte da poesia de cariz popular de Maria Marques Jacinto e conta com a encena\u00e7\u00e3o de Maria Mascarenhas. No centro da ac\u00e7\u00e3o est\u00e1 Ti Maria Albertina, personagem criada pela autora montijense para retratar a contemporaneidade. <\/span><\/p>\n<p><span style=\"color: #000000; font-family: Calibri;\">\u00a0<\/span><\/p>\n<p><span style=\"color: #000000; font-family: Calibri;\">\u00a0<\/span><\/p>\n<p><span style=\"color: #000000; font-family: Calibri;\">Com Goodbye Maria Albertina a Companhia Mascarenhas-Martins prop\u00f4s partir da obra de uma autora de Montijo para criar um espect\u00e1culo em que a identidade local dialoga com o teatro contempor\u00e2neo. De uma selec\u00e7\u00e3o de poemas de Maria Marques Jacinto construiu-se uma dramaturgia que acompanha dois dias (e uma noite) na vida de Ti Maria Albertina. A dificuldade em conseguir abdicar dos seus sonhos f\u00e1-la considerar uma vida nova no estrangeiro. Talvez assim consiga cumprir o seu des\u00edgnio: ser reconhecida como a poetisa do povo. Por\u00e9m, tanto o seu Filho Alberto e o Neto Marco Paulo t\u00eam uma palavra a dizer sobre assunto. Afinal, a subsist\u00eancia de ambos depende da velha matriarca. <\/span><\/p>\n<p><span style=\"color: #000000; font-family: Calibri;\">\u00a0<\/span><\/p>\n<p><span style=\"color: #000000; font-family: Calibri;\">\u00a0<\/span><\/p>\n<p><span style=\"color: #000000; font-family: Calibri;\">Esta itiner\u00e2ncia pelas v\u00e1rias freguesias do Concelho de Montijo tem como objectivo testar uma rede de circula\u00e7\u00e3o interna de actividades culturais, no sentido de aproximar as mesmas da popula\u00e7\u00e3o. Para tal, a Companhia Mascarenhas-Martins conta com o apoio da C\u00e2mara Municipal de Montijo, Junta de Freguesia da Uni\u00e3o das Freguesias de Montijo e Afonsoeiro, Uni\u00e3o das Freguesias de Peg\u00f5es, Junta de Freguesia de Sarilhos Grandes, Junta de Freguesia de Canha e Uni\u00e3o das Freguesias de Atalaia e Alto-Estanqueiro\/Jardia, bem como de colectividades como a Sociedade Filarm\u00f3nica 1.\u00ba de Dezembro, Sociedade Cooperativa Uni\u00e3o Piscat\u00f3ria Aldegalense, AMUT \u2013 Academia Musical Uni\u00e3o e Trabalho e Sociedade Recreativa Atalaiense.<\/span><\/p>\n","protected":false},"excerpt":{"rendered":"<p>&nbsp; Depois da sua estreia no Cinema-Teatro Joaquim d&#8217;Almeida, o espect\u00e1culo Goodbye Maria Albertina come\u00e7a agora uma digress\u00e3o no Concelho de Montijo que ir\u00e1 passar por Peg\u00f5es, Canha, Sarilhos Grandes e Atalaia.<\/p>\n","protected":false},"author":2,"featured_media":4674,"comment_status":"open","ping_status":"closed","sticky":false,"template":"","format":"standard","meta":{"footnotes":""},"categories":[2,5],"tags":[283],"class_list":["post-15029","post","type-post","status-publish","format-standard","has-post-thumbnail","hentry","category-cultura","category-teatro","tag-companhia-mascarenhas-martins"],"yoast_head":"<!-- This site is optimized with the Yoast SEO plugin v27.4 - https:\/\/yoast.com\/product\/yoast-seo-wordpress\/ -->\n<title>Goodbye Maria Albertina em digress\u00e3o | Infocul.pt - Arquivo Digital<\/title>\n<meta name=\"description\" content=\"Goodbye Maria Albertina em digress\u00e3o | Infocul.pt - Arquivo Digital\" \/>\n<meta name=\"robots\" content=\"noindex, follow, max-snippet:-1, max-image-preview:large, max-video-preview:-1\" \/>\n<meta property=\"og:locale\" content=\"pt_PT\" \/>\n<meta property=\"og:type\" content=\"article\" \/>\n<meta property=\"og:title\" content=\"Goodbye Maria Albertina em digress\u00e3o | Infocul.pt - Arquivo Digital\" \/>\n<meta property=\"og:description\" content=\"Goodbye Maria Albertina em digress\u00e3o | Infocul.pt - Arquivo Digital\" \/>\n<meta property=\"og:url\" content=\"https:\/\/infocul.pt\/arquivo\/cultura\/goodbye-maria-albertina-em-digressao\/\" \/>\n<meta property=\"og:site_name\" content=\"Infocul.pt - Arquivo Digital\" \/>\n<meta property=\"article:publisher\" content=\"https:\/\/www.facebook.com\/Infocul-147816815585015\/\" \/>\n<meta property=\"article:published_time\" content=\"2016-11-02T10:10:09+00:00\" \/>\n<meta property=\"og:image\" content=\"https:\/\/infocul.pt\/arquivo\/wp-content\/uploads\/2016\/03\/Mascarenhas-Martins.jpg\" \/>\n\t<meta property=\"og:image:width\" content=\"400\" \/>\n\t<meta property=\"og:image:height\" content=\"400\" \/>\n\t<meta property=\"og:image:type\" content=\"image\/jpeg\" \/>\n<meta name=\"author\" content=\"Rui Lavrador\" \/>\n<meta name=\"twitter:card\" content=\"summary_large_image\" \/>\n<meta name=\"twitter:creator\" content=\"@Infoculpt\" \/>\n<meta name=\"twitter:site\" content=\"@Infoculpt\" \/>\n<meta name=\"twitter:label1\" content=\"Escrito por\" \/>\n\t<meta name=\"twitter:data1\" content=\"Rui Lavrador\" \/>\n\t<meta name=\"twitter:label2\" content=\"Tempo estimado de leitura\" \/>\n\t<meta name=\"twitter:data2\" content=\"2 minutos\" \/>\n<script type=\"application\/ld+json\" class=\"yoast-schema-graph\">{\"@context\":\"https:\\\/\\\/schema.org\",\"@graph\":[{\"@type\":\"Article\",\"@id\":\"https:\\\/\\\/infocul.pt\\\/arquivo\\\/cultura\\\/goodbye-maria-albertina-em-digressao\\\/#article\",\"isPartOf\":{\"@id\":\"https:\\\/\\\/infocul.pt\\\/arquivo\\\/cultura\\\/goodbye-maria-albertina-em-digressao\\\/\"},\"author\":{\"name\":\"Rui Lavrador\",\"@id\":\"https:\\\/\\\/infocul.pt\\\/arquivo\\\/#\\\/schema\\\/person\\\/060a108d7f2d85fc6aae505119ee5234\"},\"headline\":\"Goodbye Maria Albertina em digress\u00e3o\",\"datePublished\":\"2016-11-02T10:10:09+00:00\",\"mainEntityOfPage\":{\"@id\":\"https:\\\/\\\/infocul.pt\\\/arquivo\\\/cultura\\\/goodbye-maria-albertina-em-digressao\\\/\"},\"wordCount\":324,\"commentCount\":0,\"publisher\":{\"@id\":\"https:\\\/\\\/infocul.pt\\\/arquivo\\\/#organization\"},\"image\":{\"@id\":\"https:\\\/\\\/infocul.pt\\\/arquivo\\\/cultura\\\/goodbye-maria-albertina-em-digressao\\\/#primaryimage\"},\"thumbnailUrl\":\"https:\\\/\\\/infocul.pt\\\/arquivo\\\/wp-content\\\/uploads\\\/2016\\\/03\\\/Mascarenhas-Martins.jpg\",\"keywords\":[\"Companhia Mascarenhas-Martins\"],\"articleSection\":[\"Cultura\",\"Teatro\"],\"inLanguage\":\"pt-PT\"},{\"@type\":\"WebPage\",\"@id\":\"https:\\\/\\\/infocul.pt\\\/arquivo\\\/cultura\\\/goodbye-maria-albertina-em-digressao\\\/\",\"url\":\"https:\\\/\\\/infocul.pt\\\/arquivo\\\/cultura\\\/goodbye-maria-albertina-em-digressao\\\/\",\"name\":\"Goodbye Maria Albertina em digress\u00e3o | Infocul.pt - Arquivo Digital\",\"isPartOf\":{\"@id\":\"https:\\\/\\\/infocul.pt\\\/arquivo\\\/#website\"},\"primaryImageOfPage\":{\"@id\":\"https:\\\/\\\/infocul.pt\\\/arquivo\\\/cultura\\\/goodbye-maria-albertina-em-digressao\\\/#primaryimage\"},\"image\":{\"@id\":\"https:\\\/\\\/infocul.pt\\\/arquivo\\\/cultura\\\/goodbye-maria-albertina-em-digressao\\\/#primaryimage\"},\"thumbnailUrl\":\"https:\\\/\\\/infocul.pt\\\/arquivo\\\/wp-content\\\/uploads\\\/2016\\\/03\\\/Mascarenhas-Martins.jpg\",\"datePublished\":\"2016-11-02T10:10:09+00:00\",\"description\":\"Goodbye Maria Albertina em digress\u00e3o | Infocul.pt - Arquivo Digital\",\"breadcrumb\":{\"@id\":\"https:\\\/\\\/infocul.pt\\\/arquivo\\\/cultura\\\/goodbye-maria-albertina-em-digressao\\\/#breadcrumb\"},\"inLanguage\":\"pt-PT\",\"potentialAction\":[{\"@type\":\"ReadAction\",\"target\":[\"https:\\\/\\\/infocul.pt\\\/arquivo\\\/cultura\\\/goodbye-maria-albertina-em-digressao\\\/\"]}]},{\"@type\":\"ImageObject\",\"inLanguage\":\"pt-PT\",\"@id\":\"https:\\\/\\\/infocul.pt\\\/arquivo\\\/cultura\\\/goodbye-maria-albertina-em-digressao\\\/#primaryimage\",\"url\":\"https:\\\/\\\/infocul.pt\\\/arquivo\\\/wp-content\\\/uploads\\\/2016\\\/03\\\/Mascarenhas-Martins.jpg\",\"contentUrl\":\"https:\\\/\\\/infocul.pt\\\/arquivo\\\/wp-content\\\/uploads\\\/2016\\\/03\\\/Mascarenhas-Martins.jpg\",\"width\":400,\"height\":400},{\"@type\":\"BreadcrumbList\",\"@id\":\"https:\\\/\\\/infocul.pt\\\/arquivo\\\/cultura\\\/goodbye-maria-albertina-em-digressao\\\/#breadcrumb\",\"itemListElement\":[{\"@type\":\"ListItem\",\"position\":1,\"name\":\"Home\",\"item\":\"https:\\\/\\\/infocul.pt\\\/arquivo\\\/\"},{\"@type\":\"ListItem\",\"position\":2,\"name\":\"Goodbye Maria Albertina em digress\u00e3o\"}]},{\"@type\":\"WebSite\",\"@id\":\"https:\\\/\\\/infocul.pt\\\/arquivo\\\/#website\",\"url\":\"https:\\\/\\\/infocul.pt\\\/arquivo\\\/\",\"name\":\"Infocul.pt - Arquivo Digital\",\"description\":\"Arquivo digital da Infocul.pt\",\"publisher\":{\"@id\":\"https:\\\/\\\/infocul.pt\\\/arquivo\\\/#organization\"},\"potentialAction\":[{\"@type\":\"SearchAction\",\"target\":{\"@type\":\"EntryPoint\",\"urlTemplate\":\"https:\\\/\\\/infocul.pt\\\/arquivo\\\/?s={search_term_string}\"},\"query-input\":{\"@type\":\"PropertyValueSpecification\",\"valueRequired\":true,\"valueName\":\"search_term_string\"}}],\"inLanguage\":\"pt-PT\"},{\"@type\":\"Organization\",\"@id\":\"https:\\\/\\\/infocul.pt\\\/arquivo\\\/#organization\",\"name\":\"Infocul.pt\",\"url\":\"https:\\\/\\\/infocul.pt\\\/arquivo\\\/\",\"logo\":{\"@type\":\"ImageObject\",\"inLanguage\":\"pt-PT\",\"@id\":\"https:\\\/\\\/infocul.pt\\\/arquivo\\\/#\\\/schema\\\/logo\\\/image\\\/\",\"url\":\"https:\\\/\\\/infocul.pt\\\/arquivo\\\/wp-content\\\/uploads\\\/2018\\\/12\\\/Infocul_logo-1.png\",\"contentUrl\":\"https:\\\/\\\/infocul.pt\\\/arquivo\\\/wp-content\\\/uploads\\\/2018\\\/12\\\/Infocul_logo-1.png\",\"width\":800,\"height\":800,\"caption\":\"Infocul.pt\"},\"image\":{\"@id\":\"https:\\\/\\\/infocul.pt\\\/arquivo\\\/#\\\/schema\\\/logo\\\/image\\\/\"},\"sameAs\":[\"https:\\\/\\\/www.facebook.com\\\/Infocul-147816815585015\\\/\",\"https:\\\/\\\/x.com\\\/Infoculpt\",\"http:\\\/\\\/www.pictaram.com\\\/user\\\/infocul.pt\\\/2370423710\",\"https:\\\/\\\/www.youtube.com\\\/channel\\\/UCYEB91AGI9FL9ek2i_IaQAA\"]},{\"@type\":\"Person\",\"@id\":\"https:\\\/\\\/infocul.pt\\\/arquivo\\\/#\\\/schema\\\/person\\\/060a108d7f2d85fc6aae505119ee5234\",\"name\":\"Rui Lavrador\",\"image\":{\"@type\":\"ImageObject\",\"inLanguage\":\"pt-PT\",\"@id\":\"https:\\\/\\\/secure.gravatar.com\\\/avatar\\\/93febd6873394aa8e975148548a0cb203acfdd42d2c85c5f1408e1a76678aece?s=96&d=mm&r=g\",\"url\":\"https:\\\/\\\/secure.gravatar.com\\\/avatar\\\/93febd6873394aa8e975148548a0cb203acfdd42d2c85c5f1408e1a76678aece?s=96&d=mm&r=g\",\"contentUrl\":\"https:\\\/\\\/secure.gravatar.com\\\/avatar\\\/93febd6873394aa8e975148548a0cb203acfdd42d2c85c5f1408e1a76678aece?s=96&d=mm&r=g\",\"caption\":\"Rui Lavrador\"},\"description\":\"Iniciou em 2011 o seu percurso em comunica\u00e7\u00e3o social, tendo integrado v\u00e1rios projectos editoriais. Durante o seu percurso integrou projectos como Jornal Hardm\u00fasica, LusoNot\u00edcias, Toureio.pt, ODigital.pt, entre outros \u00d3rg\u00e3os de Comunica\u00e7\u00e3o Social nacionais, na redac\u00e7\u00e3o de v\u00e1rios artigos. Entrevistou a grande maioria das personalidades mais importantes da vida social e cultural do pa\u00eds, destacando-se, tamb\u00e9m, na aprecia\u00e7\u00e3o de v\u00e1rios espect\u00e1culos. Durante o seu percurso, deu a conhecer v\u00e1rios artistas, at\u00e9 ent\u00e3o desconhecidos, ao grande p\u00fablico. Em 2015 criou e fundou o Infocul.pt, projecto no qual assume a direc\u00e7\u00e3o editorial.\",\"sameAs\":[\"http:\\\/\\\/www.infocul.pt\"]}]}<\/script>\n<!-- \/ Yoast SEO plugin. -->","yoast_head_json":{"title":"Goodbye Maria Albertina em digress\u00e3o | Infocul.pt - Arquivo Digital","description":"Goodbye Maria Albertina em digress\u00e3o | Infocul.pt - Arquivo Digital","robots":{"index":"noindex","follow":"follow","max-snippet":"max-snippet:-1","max-image-preview":"max-image-preview:large","max-video-preview":"max-video-preview:-1"},"og_locale":"pt_PT","og_type":"article","og_title":"Goodbye Maria Albertina em digress\u00e3o | Infocul.pt - Arquivo Digital","og_description":"Goodbye Maria Albertina em digress\u00e3o | Infocul.pt - Arquivo Digital","og_url":"https:\/\/infocul.pt\/arquivo\/cultura\/goodbye-maria-albertina-em-digressao\/","og_site_name":"Infocul.pt - Arquivo Digital","article_publisher":"https:\/\/www.facebook.com\/Infocul-147816815585015\/","article_published_time":"2016-11-02T10:10:09+00:00","og_image":[{"width":400,"height":400,"url":"https:\/\/infocul.pt\/arquivo\/wp-content\/uploads\/2016\/03\/Mascarenhas-Martins.jpg","type":"image\/jpeg"}],"author":"Rui Lavrador","twitter_card":"summary_large_image","twitter_creator":"@Infoculpt","twitter_site":"@Infoculpt","twitter_misc":{"Escrito por":"Rui Lavrador","Tempo estimado de leitura":"2 minutos"},"schema":{"@context":"https:\/\/schema.org","@graph":[{"@type":"Article","@id":"https:\/\/infocul.pt\/arquivo\/cultura\/goodbye-maria-albertina-em-digressao\/#article","isPartOf":{"@id":"https:\/\/infocul.pt\/arquivo\/cultura\/goodbye-maria-albertina-em-digressao\/"},"author":{"name":"Rui Lavrador","@id":"https:\/\/infocul.pt\/arquivo\/#\/schema\/person\/060a108d7f2d85fc6aae505119ee5234"},"headline":"Goodbye Maria Albertina em digress\u00e3o","datePublished":"2016-11-02T10:10:09+00:00","mainEntityOfPage":{"@id":"https:\/\/infocul.pt\/arquivo\/cultura\/goodbye-maria-albertina-em-digressao\/"},"wordCount":324,"commentCount":0,"publisher":{"@id":"https:\/\/infocul.pt\/arquivo\/#organization"},"image":{"@id":"https:\/\/infocul.pt\/arquivo\/cultura\/goodbye-maria-albertina-em-digressao\/#primaryimage"},"thumbnailUrl":"https:\/\/infocul.pt\/arquivo\/wp-content\/uploads\/2016\/03\/Mascarenhas-Martins.jpg","keywords":["Companhia Mascarenhas-Martins"],"articleSection":["Cultura","Teatro"],"inLanguage":"pt-PT"},{"@type":"WebPage","@id":"https:\/\/infocul.pt\/arquivo\/cultura\/goodbye-maria-albertina-em-digressao\/","url":"https:\/\/infocul.pt\/arquivo\/cultura\/goodbye-maria-albertina-em-digressao\/","name":"Goodbye Maria Albertina em digress\u00e3o | Infocul.pt - Arquivo Digital","isPartOf":{"@id":"https:\/\/infocul.pt\/arquivo\/#website"},"primaryImageOfPage":{"@id":"https:\/\/infocul.pt\/arquivo\/cultura\/goodbye-maria-albertina-em-digressao\/#primaryimage"},"image":{"@id":"https:\/\/infocul.pt\/arquivo\/cultura\/goodbye-maria-albertina-em-digressao\/#primaryimage"},"thumbnailUrl":"https:\/\/infocul.pt\/arquivo\/wp-content\/uploads\/2016\/03\/Mascarenhas-Martins.jpg","datePublished":"2016-11-02T10:10:09+00:00","description":"Goodbye Maria Albertina em digress\u00e3o | Infocul.pt - Arquivo Digital","breadcrumb":{"@id":"https:\/\/infocul.pt\/arquivo\/cultura\/goodbye-maria-albertina-em-digressao\/#breadcrumb"},"inLanguage":"pt-PT","potentialAction":[{"@type":"ReadAction","target":["https:\/\/infocul.pt\/arquivo\/cultura\/goodbye-maria-albertina-em-digressao\/"]}]},{"@type":"ImageObject","inLanguage":"pt-PT","@id":"https:\/\/infocul.pt\/arquivo\/cultura\/goodbye-maria-albertina-em-digressao\/#primaryimage","url":"https:\/\/infocul.pt\/arquivo\/wp-content\/uploads\/2016\/03\/Mascarenhas-Martins.jpg","contentUrl":"https:\/\/infocul.pt\/arquivo\/wp-content\/uploads\/2016\/03\/Mascarenhas-Martins.jpg","width":400,"height":400},{"@type":"BreadcrumbList","@id":"https:\/\/infocul.pt\/arquivo\/cultura\/goodbye-maria-albertina-em-digressao\/#breadcrumb","itemListElement":[{"@type":"ListItem","position":1,"name":"Home","item":"https:\/\/infocul.pt\/arquivo\/"},{"@type":"ListItem","position":2,"name":"Goodbye Maria Albertina em digress\u00e3o"}]},{"@type":"WebSite","@id":"https:\/\/infocul.pt\/arquivo\/#website","url":"https:\/\/infocul.pt\/arquivo\/","name":"Infocul.pt - Arquivo Digital","description":"Arquivo digital da Infocul.pt","publisher":{"@id":"https:\/\/infocul.pt\/arquivo\/#organization"},"potentialAction":[{"@type":"SearchAction","target":{"@type":"EntryPoint","urlTemplate":"https:\/\/infocul.pt\/arquivo\/?s={search_term_string}"},"query-input":{"@type":"PropertyValueSpecification","valueRequired":true,"valueName":"search_term_string"}}],"inLanguage":"pt-PT"},{"@type":"Organization","@id":"https:\/\/infocul.pt\/arquivo\/#organization","name":"Infocul.pt","url":"https:\/\/infocul.pt\/arquivo\/","logo":{"@type":"ImageObject","inLanguage":"pt-PT","@id":"https:\/\/infocul.pt\/arquivo\/#\/schema\/logo\/image\/","url":"https:\/\/infocul.pt\/arquivo\/wp-content\/uploads\/2018\/12\/Infocul_logo-1.png","contentUrl":"https:\/\/infocul.pt\/arquivo\/wp-content\/uploads\/2018\/12\/Infocul_logo-1.png","width":800,"height":800,"caption":"Infocul.pt"},"image":{"@id":"https:\/\/infocul.pt\/arquivo\/#\/schema\/logo\/image\/"},"sameAs":["https:\/\/www.facebook.com\/Infocul-147816815585015\/","https:\/\/x.com\/Infoculpt","http:\/\/www.pictaram.com\/user\/infocul.pt\/2370423710","https:\/\/www.youtube.com\/channel\/UCYEB91AGI9FL9ek2i_IaQAA"]},{"@type":"Person","@id":"https:\/\/infocul.pt\/arquivo\/#\/schema\/person\/060a108d7f2d85fc6aae505119ee5234","name":"Rui Lavrador","image":{"@type":"ImageObject","inLanguage":"pt-PT","@id":"https:\/\/secure.gravatar.com\/avatar\/93febd6873394aa8e975148548a0cb203acfdd42d2c85c5f1408e1a76678aece?s=96&d=mm&r=g","url":"https:\/\/secure.gravatar.com\/avatar\/93febd6873394aa8e975148548a0cb203acfdd42d2c85c5f1408e1a76678aece?s=96&d=mm&r=g","contentUrl":"https:\/\/secure.gravatar.com\/avatar\/93febd6873394aa8e975148548a0cb203acfdd42d2c85c5f1408e1a76678aece?s=96&d=mm&r=g","caption":"Rui Lavrador"},"description":"Iniciou em 2011 o seu percurso em comunica\u00e7\u00e3o social, tendo integrado v\u00e1rios projectos editoriais. Durante o seu percurso integrou projectos como Jornal Hardm\u00fasica, LusoNot\u00edcias, Toureio.pt, ODigital.pt, entre outros \u00d3rg\u00e3os de Comunica\u00e7\u00e3o Social nacionais, na redac\u00e7\u00e3o de v\u00e1rios artigos. Entrevistou a grande maioria das personalidades mais importantes da vida social e cultural do pa\u00eds, destacando-se, tamb\u00e9m, na aprecia\u00e7\u00e3o de v\u00e1rios espect\u00e1culos. Durante o seu percurso, deu a conhecer v\u00e1rios artistas, at\u00e9 ent\u00e3o desconhecidos, ao grande p\u00fablico. Em 2015 criou e fundou o Infocul.pt, projecto no qual assume a direc\u00e7\u00e3o editorial.","sameAs":["http:\/\/www.infocul.pt"]}]}},"_links":{"self":[{"href":"https:\/\/infocul.pt\/arquivo\/wp-json\/wp\/v2\/posts\/15029","targetHints":{"allow":["GET"]}}],"collection":[{"href":"https:\/\/infocul.pt\/arquivo\/wp-json\/wp\/v2\/posts"}],"about":[{"href":"https:\/\/infocul.pt\/arquivo\/wp-json\/wp\/v2\/types\/post"}],"author":[{"embeddable":true,"href":"https:\/\/infocul.pt\/arquivo\/wp-json\/wp\/v2\/users\/2"}],"replies":[{"embeddable":true,"href":"https:\/\/infocul.pt\/arquivo\/wp-json\/wp\/v2\/comments?post=15029"}],"version-history":[{"count":0,"href":"https:\/\/infocul.pt\/arquivo\/wp-json\/wp\/v2\/posts\/15029\/revisions"}],"wp:featuredmedia":[{"embeddable":true,"href":"https:\/\/infocul.pt\/arquivo\/wp-json\/wp\/v2\/media\/4674"}],"wp:attachment":[{"href":"https:\/\/infocul.pt\/arquivo\/wp-json\/wp\/v2\/media?parent=15029"}],"wp:term":[{"taxonomy":"category","embeddable":true,"href":"https:\/\/infocul.pt\/arquivo\/wp-json\/wp\/v2\/categories?post=15029"},{"taxonomy":"post_tag","embeddable":true,"href":"https:\/\/infocul.pt\/arquivo\/wp-json\/wp\/v2\/tags?post=15029"}],"curies":[{"name":"wp","href":"https:\/\/api.w.org\/{rel}","templated":true}]}}