{"id":15404,"date":"2016-11-10T14:20:53","date_gmt":"2016-11-10T14:20:53","guid":{"rendered":"http:\/\/infocul.pt\/?p=15404"},"modified":"2016-11-10T14:20:53","modified_gmt":"2016-11-10T14:20:53","slug":"o-livro-o-pedreiro-penedo-ao-mundo-e-apresentado-na-livraria-traga-mundos","status":"publish","type":"post","link":"https:\/\/infocul.pt\/arquivo\/cultura\/o-livro-o-pedreiro-penedo-ao-mundo-e-apresentado-na-livraria-traga-mundos\/","title":{"rendered":"O livro &#8220;O Pedreiro &#8211; do penedo ao mundo&#8221; \u00e9 apresentado na livraria &#8220;Traga-Mundos&#8221;"},"content":{"rendered":"<p><img decoding=\"async\" class=\"aligncenter wp-image-1205 size-full lazyload\" data-src=\"http:\/\/infocul.pt\/wp-content\/uploads\/2016\/01\/Traga-Mundos.jpg\" alt=\"Traga Mundos\" width=\"840\" height=\"650\" data-srcset=\"https:\/\/infocul.pt\/arquivo\/wp-content\/uploads\/2016\/01\/Traga-Mundos.jpg 840w, https:\/\/infocul.pt\/arquivo\/wp-content\/uploads\/2016\/01\/Traga-Mundos-300x232.jpg 300w, https:\/\/infocul.pt\/arquivo\/wp-content\/uploads\/2016\/01\/Traga-Mundos-768x594.jpg 768w\" data-sizes=\"(max-width: 840px) 100vw, 840px\" src=\"data:image\/svg+xml;base64,PHN2ZyB3aWR0aD0iMSIgaGVpZ2h0PSIxIiB4bWxucz0iaHR0cDovL3d3dy53My5vcmcvMjAwMC9zdmciPjwvc3ZnPg==\" style=\"--smush-placeholder-width: 840px; --smush-placeholder-aspect-ratio: 840\/650;\" \/><\/p>\n<p>&nbsp;<\/p>\n<p><span style=\"color: #000000; font-family: Calibri;\">O livro &#8220;O Pedreiro &#8211; do penedo ao mundo&#8221;, de Jo\u00e3o e Fernando Costa,\u00a0 \u00e9 apresentado na livraria &#8220;Traga-Mundos&#8221; no dia 12 de Novembro, s\u00e1bado, pelas 21:00.<\/span><!--more--><\/p>\n<p><span style=\"color: #000000; font-family: Calibri;\">\u00a0<\/span><\/p>\n<p><span style=\"color: #000000; font-family: Calibri;\">\u00a0<\/span><\/p>\n<p><span style=\"color: #000000; font-family: Calibri;\">&#8220;O Pedreiro. Do Penedo ao Mundo&#8221;, de Jo\u00e3o Costa e Fernando Costa, resulta de uma iniciativa e respetiva edi\u00e7\u00e3o da Junta de Freguesia de Alpendorada e Matos, com a chancela da Lema d&#8217;Origem. O granito e o homem est\u00e3o em permanente di\u00e1logo ao longo da hist\u00f3ria, numa regi\u00e3o que se tem afirmado na explora\u00e7\u00e3o e transforma\u00e7\u00e3o deste produto. Destaca-se a segunda metade do s\u00e9culo XX como per\u00edodo marcante na expans\u00e3o dessa atividade, embora n\u00e3o sejam esquecidos os prim\u00f3rdios da explora\u00e7\u00e3o junto ao rio Douro e da atividade atual.<\/span><\/p>\n<p><span style=\"color: #000000; font-family: Calibri;\">\u00a0<\/span><\/p>\n<p><span style=\"color: #000000; font-family: Calibri;\">\u00a0<\/span><\/p>\n<p><span style=\"color: #000000; font-family: Calibri;\">A actividade dos pedreiros nesta regi\u00e3o do pa\u00eds surge ainda testemunhada por v\u00e1rios trabalhadores de diversas gera\u00e7\u00f5es e pelas palavras dos arquitectos Souto de Moura e Elisabete Saldanha. O pref\u00e1cio do livro \u00e9 da responsabilidade de Jos\u00e9 Mattoso e a contextualiza\u00e7\u00e3o geol\u00f3gica da professora Elisa Preto Gomes. Jos\u00e9 Mattoso refere que este livro dever\u00e1 ocupar um lugar que merece no panorama dos bons estudos sobre a cultura popular do Norte de Portugal.<\/span><\/p>\n","protected":false},"excerpt":{"rendered":"<p>&nbsp; O livro &#8220;O Pedreiro &#8211; do penedo ao mundo&#8221;, de Jo\u00e3o e Fernando Costa,\u00a0 \u00e9 apresentado na livraria &#8220;Traga-Mundos&#8221; no dia 12 de Novembro, s\u00e1bado, pelas 21:00.<\/p>\n","protected":false},"author":13,"featured_media":1205,"comment_status":"open","ping_status":"closed","sticky":false,"template":"","format":"standard","meta":{"footnotes":""},"categories":[2,8],"tags":[316],"class_list":["post-15404","post","type-post","status-publish","format-standard","has-post-thumbnail","hentry","category-cultura","category-livros","tag-traga-mundos"],"yoast_head":"<!-- This site is optimized with the Yoast SEO plugin v27.4 - https:\/\/yoast.com\/product\/yoast-seo-wordpress\/ -->\n<title>O livro &quot;O Pedreiro - do penedo ao mundo&quot; \u00e9 apresentado na livraria &quot;Traga-Mundos&quot; | Infocul.pt - Arquivo Digital<\/title>\n<meta name=\"description\" content=\"O livro &quot;O Pedreiro - do penedo ao mundo&quot; \u00e9 apresentado na livraria &quot;Traga-Mundos&quot; | Infocul.pt - Arquivo Digital\" \/>\n<meta name=\"robots\" content=\"noindex, follow, max-snippet:-1, max-image-preview:large, max-video-preview:-1\" \/>\n<meta property=\"og:locale\" content=\"pt_PT\" \/>\n<meta property=\"og:type\" content=\"article\" \/>\n<meta property=\"og:title\" content=\"O livro &quot;O Pedreiro - do penedo ao mundo&quot; \u00e9 apresentado na livraria &quot;Traga-Mundos&quot; | Infocul.pt - Arquivo Digital\" \/>\n<meta property=\"og:description\" content=\"O livro &quot;O Pedreiro - do penedo ao mundo&quot; \u00e9 apresentado na livraria &quot;Traga-Mundos&quot; | Infocul.pt - Arquivo Digital\" \/>\n<meta property=\"og:url\" content=\"https:\/\/infocul.pt\/arquivo\/cultura\/o-livro-o-pedreiro-penedo-ao-mundo-e-apresentado-na-livraria-traga-mundos\/\" \/>\n<meta property=\"og:site_name\" content=\"Infocul.pt - Arquivo Digital\" \/>\n<meta property=\"article:publisher\" content=\"https:\/\/www.facebook.com\/Infocul-147816815585015\/\" \/>\n<meta property=\"article:published_time\" content=\"2016-11-10T14:20:53+00:00\" \/>\n<meta property=\"og:image\" content=\"https:\/\/infocul.pt\/arquivo\/wp-content\/uploads\/2016\/01\/Traga-Mundos.jpg\" \/>\n\t<meta property=\"og:image:width\" content=\"840\" \/>\n\t<meta property=\"og:image:height\" content=\"650\" \/>\n\t<meta property=\"og:image:type\" content=\"image\/jpeg\" \/>\n<meta name=\"author\" content=\"Redac\u00e7\u00e3o\" \/>\n<meta name=\"twitter:card\" content=\"summary_large_image\" \/>\n<meta name=\"twitter:creator\" content=\"@Infoculpt\" \/>\n<meta name=\"twitter:site\" content=\"@Infoculpt\" \/>\n<meta name=\"twitter:label1\" content=\"Escrito por\" \/>\n\t<meta name=\"twitter:data1\" content=\"Redac\u00e7\u00e3o\" \/>\n\t<meta name=\"twitter:label2\" content=\"Tempo estimado de leitura\" \/>\n\t<meta name=\"twitter:data2\" content=\"1 minuto\" \/>\n<script type=\"application\/ld+json\" class=\"yoast-schema-graph\">{\"@context\":\"https:\\\/\\\/schema.org\",\"@graph\":[{\"@type\":\"Article\",\"@id\":\"https:\\\/\\\/infocul.pt\\\/arquivo\\\/cultura\\\/o-livro-o-pedreiro-penedo-ao-mundo-e-apresentado-na-livraria-traga-mundos\\\/#article\",\"isPartOf\":{\"@id\":\"https:\\\/\\\/infocul.pt\\\/arquivo\\\/cultura\\\/o-livro-o-pedreiro-penedo-ao-mundo-e-apresentado-na-livraria-traga-mundos\\\/\"},\"author\":{\"name\":\"Redac\u00e7\u00e3o\",\"@id\":\"https:\\\/\\\/infocul.pt\\\/arquivo\\\/#\\\/schema\\\/person\\\/f243f45ae8d67639120a7586884f3abc\"},\"headline\":\"O livro &#8220;O Pedreiro &#8211; do penedo ao mundo&#8221; \u00e9 apresentado na livraria &#8220;Traga-Mundos&#8221;\",\"datePublished\":\"2016-11-10T14:20:53+00:00\",\"mainEntityOfPage\":{\"@id\":\"https:\\\/\\\/infocul.pt\\\/arquivo\\\/cultura\\\/o-livro-o-pedreiro-penedo-ao-mundo-e-apresentado-na-livraria-traga-mundos\\\/\"},\"wordCount\":221,\"commentCount\":0,\"publisher\":{\"@id\":\"https:\\\/\\\/infocul.pt\\\/arquivo\\\/#organization\"},\"image\":{\"@id\":\"https:\\\/\\\/infocul.pt\\\/arquivo\\\/cultura\\\/o-livro-o-pedreiro-penedo-ao-mundo-e-apresentado-na-livraria-traga-mundos\\\/#primaryimage\"},\"thumbnailUrl\":\"https:\\\/\\\/infocul.pt\\\/arquivo\\\/wp-content\\\/uploads\\\/2016\\\/01\\\/Traga-Mundos.jpg\",\"keywords\":[\"Traga Mundos\"],\"articleSection\":[\"Cultura\",\"Livros\"],\"inLanguage\":\"pt-PT\"},{\"@type\":\"WebPage\",\"@id\":\"https:\\\/\\\/infocul.pt\\\/arquivo\\\/cultura\\\/o-livro-o-pedreiro-penedo-ao-mundo-e-apresentado-na-livraria-traga-mundos\\\/\",\"url\":\"https:\\\/\\\/infocul.pt\\\/arquivo\\\/cultura\\\/o-livro-o-pedreiro-penedo-ao-mundo-e-apresentado-na-livraria-traga-mundos\\\/\",\"name\":\"O livro \\\"O Pedreiro - do penedo ao mundo\\\" \u00e9 apresentado na livraria \\\"Traga-Mundos\\\" | Infocul.pt - Arquivo Digital\",\"isPartOf\":{\"@id\":\"https:\\\/\\\/infocul.pt\\\/arquivo\\\/#website\"},\"primaryImageOfPage\":{\"@id\":\"https:\\\/\\\/infocul.pt\\\/arquivo\\\/cultura\\\/o-livro-o-pedreiro-penedo-ao-mundo-e-apresentado-na-livraria-traga-mundos\\\/#primaryimage\"},\"image\":{\"@id\":\"https:\\\/\\\/infocul.pt\\\/arquivo\\\/cultura\\\/o-livro-o-pedreiro-penedo-ao-mundo-e-apresentado-na-livraria-traga-mundos\\\/#primaryimage\"},\"thumbnailUrl\":\"https:\\\/\\\/infocul.pt\\\/arquivo\\\/wp-content\\\/uploads\\\/2016\\\/01\\\/Traga-Mundos.jpg\",\"datePublished\":\"2016-11-10T14:20:53+00:00\",\"description\":\"O livro \\\"O Pedreiro - do penedo ao mundo\\\" \u00e9 apresentado na livraria \\\"Traga-Mundos\\\" | Infocul.pt - Arquivo Digital\",\"breadcrumb\":{\"@id\":\"https:\\\/\\\/infocul.pt\\\/arquivo\\\/cultura\\\/o-livro-o-pedreiro-penedo-ao-mundo-e-apresentado-na-livraria-traga-mundos\\\/#breadcrumb\"},\"inLanguage\":\"pt-PT\",\"potentialAction\":[{\"@type\":\"ReadAction\",\"target\":[\"https:\\\/\\\/infocul.pt\\\/arquivo\\\/cultura\\\/o-livro-o-pedreiro-penedo-ao-mundo-e-apresentado-na-livraria-traga-mundos\\\/\"]}]},{\"@type\":\"ImageObject\",\"inLanguage\":\"pt-PT\",\"@id\":\"https:\\\/\\\/infocul.pt\\\/arquivo\\\/cultura\\\/o-livro-o-pedreiro-penedo-ao-mundo-e-apresentado-na-livraria-traga-mundos\\\/#primaryimage\",\"url\":\"https:\\\/\\\/infocul.pt\\\/arquivo\\\/wp-content\\\/uploads\\\/2016\\\/01\\\/Traga-Mundos.jpg\",\"contentUrl\":\"https:\\\/\\\/infocul.pt\\\/arquivo\\\/wp-content\\\/uploads\\\/2016\\\/01\\\/Traga-Mundos.jpg\",\"width\":840,\"height\":650},{\"@type\":\"BreadcrumbList\",\"@id\":\"https:\\\/\\\/infocul.pt\\\/arquivo\\\/cultura\\\/o-livro-o-pedreiro-penedo-ao-mundo-e-apresentado-na-livraria-traga-mundos\\\/#breadcrumb\",\"itemListElement\":[{\"@type\":\"ListItem\",\"position\":1,\"name\":\"Home\",\"item\":\"https:\\\/\\\/infocul.pt\\\/arquivo\\\/\"},{\"@type\":\"ListItem\",\"position\":2,\"name\":\"O livro &#8220;O Pedreiro &#8211; do penedo ao mundo&#8221; \u00e9 apresentado na livraria &#8220;Traga-Mundos&#8221;\"}]},{\"@type\":\"WebSite\",\"@id\":\"https:\\\/\\\/infocul.pt\\\/arquivo\\\/#website\",\"url\":\"https:\\\/\\\/infocul.pt\\\/arquivo\\\/\",\"name\":\"Infocul.pt - Arquivo Digital\",\"description\":\"Arquivo digital da Infocul.pt\",\"publisher\":{\"@id\":\"https:\\\/\\\/infocul.pt\\\/arquivo\\\/#organization\"},\"potentialAction\":[{\"@type\":\"SearchAction\",\"target\":{\"@type\":\"EntryPoint\",\"urlTemplate\":\"https:\\\/\\\/infocul.pt\\\/arquivo\\\/?s={search_term_string}\"},\"query-input\":{\"@type\":\"PropertyValueSpecification\",\"valueRequired\":true,\"valueName\":\"search_term_string\"}}],\"inLanguage\":\"pt-PT\"},{\"@type\":\"Organization\",\"@id\":\"https:\\\/\\\/infocul.pt\\\/arquivo\\\/#organization\",\"name\":\"Infocul.pt\",\"url\":\"https:\\\/\\\/infocul.pt\\\/arquivo\\\/\",\"logo\":{\"@type\":\"ImageObject\",\"inLanguage\":\"pt-PT\",\"@id\":\"https:\\\/\\\/infocul.pt\\\/arquivo\\\/#\\\/schema\\\/logo\\\/image\\\/\",\"url\":\"https:\\\/\\\/infocul.pt\\\/arquivo\\\/wp-content\\\/uploads\\\/2018\\\/12\\\/Infocul_logo-1.png\",\"contentUrl\":\"https:\\\/\\\/infocul.pt\\\/arquivo\\\/wp-content\\\/uploads\\\/2018\\\/12\\\/Infocul_logo-1.png\",\"width\":800,\"height\":800,\"caption\":\"Infocul.pt\"},\"image\":{\"@id\":\"https:\\\/\\\/infocul.pt\\\/arquivo\\\/#\\\/schema\\\/logo\\\/image\\\/\"},\"sameAs\":[\"https:\\\/\\\/www.facebook.com\\\/Infocul-147816815585015\\\/\",\"https:\\\/\\\/x.com\\\/Infoculpt\",\"http:\\\/\\\/www.pictaram.com\\\/user\\\/infocul.pt\\\/2370423710\",\"https:\\\/\\\/www.youtube.com\\\/channel\\\/UCYEB91AGI9FL9ek2i_IaQAA\"]},{\"@type\":\"Person\",\"@id\":\"https:\\\/\\\/infocul.pt\\\/arquivo\\\/#\\\/schema\\\/person\\\/f243f45ae8d67639120a7586884f3abc\",\"name\":\"Redac\u00e7\u00e3o\",\"image\":{\"@type\":\"ImageObject\",\"inLanguage\":\"pt-PT\",\"@id\":\"https:\\\/\\\/secure.gravatar.com\\\/avatar\\\/151b1b76c598ab5e749407223bd6c1bad4e41c4e95de3c3df83540ebee2deaf8?s=96&d=mm&r=g\",\"url\":\"https:\\\/\\\/secure.gravatar.com\\\/avatar\\\/151b1b76c598ab5e749407223bd6c1bad4e41c4e95de3c3df83540ebee2deaf8?s=96&d=mm&r=g\",\"contentUrl\":\"https:\\\/\\\/secure.gravatar.com\\\/avatar\\\/151b1b76c598ab5e749407223bd6c1bad4e41c4e95de3c3df83540ebee2deaf8?s=96&d=mm&r=g\",\"caption\":\"Redac\u00e7\u00e3o\"}}]}<\/script>\n<!-- \/ Yoast SEO plugin. -->","yoast_head_json":{"title":"O livro \"O Pedreiro - do penedo ao mundo\" \u00e9 apresentado na livraria \"Traga-Mundos\" | Infocul.pt - Arquivo Digital","description":"O livro \"O Pedreiro - do penedo ao mundo\" \u00e9 apresentado na livraria \"Traga-Mundos\" | Infocul.pt - Arquivo Digital","robots":{"index":"noindex","follow":"follow","max-snippet":"max-snippet:-1","max-image-preview":"max-image-preview:large","max-video-preview":"max-video-preview:-1"},"og_locale":"pt_PT","og_type":"article","og_title":"O livro \"O Pedreiro - do penedo ao mundo\" \u00e9 apresentado na livraria \"Traga-Mundos\" | Infocul.pt - Arquivo Digital","og_description":"O livro \"O Pedreiro - do penedo ao mundo\" \u00e9 apresentado na livraria \"Traga-Mundos\" | Infocul.pt - Arquivo Digital","og_url":"https:\/\/infocul.pt\/arquivo\/cultura\/o-livro-o-pedreiro-penedo-ao-mundo-e-apresentado-na-livraria-traga-mundos\/","og_site_name":"Infocul.pt - Arquivo Digital","article_publisher":"https:\/\/www.facebook.com\/Infocul-147816815585015\/","article_published_time":"2016-11-10T14:20:53+00:00","og_image":[{"width":840,"height":650,"url":"https:\/\/infocul.pt\/arquivo\/wp-content\/uploads\/2016\/01\/Traga-Mundos.jpg","type":"image\/jpeg"}],"author":"Redac\u00e7\u00e3o","twitter_card":"summary_large_image","twitter_creator":"@Infoculpt","twitter_site":"@Infoculpt","twitter_misc":{"Escrito por":"Redac\u00e7\u00e3o","Tempo estimado de leitura":"1 minuto"},"schema":{"@context":"https:\/\/schema.org","@graph":[{"@type":"Article","@id":"https:\/\/infocul.pt\/arquivo\/cultura\/o-livro-o-pedreiro-penedo-ao-mundo-e-apresentado-na-livraria-traga-mundos\/#article","isPartOf":{"@id":"https:\/\/infocul.pt\/arquivo\/cultura\/o-livro-o-pedreiro-penedo-ao-mundo-e-apresentado-na-livraria-traga-mundos\/"},"author":{"name":"Redac\u00e7\u00e3o","@id":"https:\/\/infocul.pt\/arquivo\/#\/schema\/person\/f243f45ae8d67639120a7586884f3abc"},"headline":"O livro &#8220;O Pedreiro &#8211; do penedo ao mundo&#8221; \u00e9 apresentado na livraria &#8220;Traga-Mundos&#8221;","datePublished":"2016-11-10T14:20:53+00:00","mainEntityOfPage":{"@id":"https:\/\/infocul.pt\/arquivo\/cultura\/o-livro-o-pedreiro-penedo-ao-mundo-e-apresentado-na-livraria-traga-mundos\/"},"wordCount":221,"commentCount":0,"publisher":{"@id":"https:\/\/infocul.pt\/arquivo\/#organization"},"image":{"@id":"https:\/\/infocul.pt\/arquivo\/cultura\/o-livro-o-pedreiro-penedo-ao-mundo-e-apresentado-na-livraria-traga-mundos\/#primaryimage"},"thumbnailUrl":"https:\/\/infocul.pt\/arquivo\/wp-content\/uploads\/2016\/01\/Traga-Mundos.jpg","keywords":["Traga Mundos"],"articleSection":["Cultura","Livros"],"inLanguage":"pt-PT"},{"@type":"WebPage","@id":"https:\/\/infocul.pt\/arquivo\/cultura\/o-livro-o-pedreiro-penedo-ao-mundo-e-apresentado-na-livraria-traga-mundos\/","url":"https:\/\/infocul.pt\/arquivo\/cultura\/o-livro-o-pedreiro-penedo-ao-mundo-e-apresentado-na-livraria-traga-mundos\/","name":"O livro \"O Pedreiro - do penedo ao mundo\" \u00e9 apresentado na livraria \"Traga-Mundos\" | Infocul.pt - Arquivo Digital","isPartOf":{"@id":"https:\/\/infocul.pt\/arquivo\/#website"},"primaryImageOfPage":{"@id":"https:\/\/infocul.pt\/arquivo\/cultura\/o-livro-o-pedreiro-penedo-ao-mundo-e-apresentado-na-livraria-traga-mundos\/#primaryimage"},"image":{"@id":"https:\/\/infocul.pt\/arquivo\/cultura\/o-livro-o-pedreiro-penedo-ao-mundo-e-apresentado-na-livraria-traga-mundos\/#primaryimage"},"thumbnailUrl":"https:\/\/infocul.pt\/arquivo\/wp-content\/uploads\/2016\/01\/Traga-Mundos.jpg","datePublished":"2016-11-10T14:20:53+00:00","description":"O livro \"O Pedreiro - do penedo ao mundo\" \u00e9 apresentado na livraria \"Traga-Mundos\" | Infocul.pt - Arquivo Digital","breadcrumb":{"@id":"https:\/\/infocul.pt\/arquivo\/cultura\/o-livro-o-pedreiro-penedo-ao-mundo-e-apresentado-na-livraria-traga-mundos\/#breadcrumb"},"inLanguage":"pt-PT","potentialAction":[{"@type":"ReadAction","target":["https:\/\/infocul.pt\/arquivo\/cultura\/o-livro-o-pedreiro-penedo-ao-mundo-e-apresentado-na-livraria-traga-mundos\/"]}]},{"@type":"ImageObject","inLanguage":"pt-PT","@id":"https:\/\/infocul.pt\/arquivo\/cultura\/o-livro-o-pedreiro-penedo-ao-mundo-e-apresentado-na-livraria-traga-mundos\/#primaryimage","url":"https:\/\/infocul.pt\/arquivo\/wp-content\/uploads\/2016\/01\/Traga-Mundos.jpg","contentUrl":"https:\/\/infocul.pt\/arquivo\/wp-content\/uploads\/2016\/01\/Traga-Mundos.jpg","width":840,"height":650},{"@type":"BreadcrumbList","@id":"https:\/\/infocul.pt\/arquivo\/cultura\/o-livro-o-pedreiro-penedo-ao-mundo-e-apresentado-na-livraria-traga-mundos\/#breadcrumb","itemListElement":[{"@type":"ListItem","position":1,"name":"Home","item":"https:\/\/infocul.pt\/arquivo\/"},{"@type":"ListItem","position":2,"name":"O livro &#8220;O Pedreiro &#8211; do penedo ao mundo&#8221; \u00e9 apresentado na livraria &#8220;Traga-Mundos&#8221;"}]},{"@type":"WebSite","@id":"https:\/\/infocul.pt\/arquivo\/#website","url":"https:\/\/infocul.pt\/arquivo\/","name":"Infocul.pt - Arquivo Digital","description":"Arquivo digital da Infocul.pt","publisher":{"@id":"https:\/\/infocul.pt\/arquivo\/#organization"},"potentialAction":[{"@type":"SearchAction","target":{"@type":"EntryPoint","urlTemplate":"https:\/\/infocul.pt\/arquivo\/?s={search_term_string}"},"query-input":{"@type":"PropertyValueSpecification","valueRequired":true,"valueName":"search_term_string"}}],"inLanguage":"pt-PT"},{"@type":"Organization","@id":"https:\/\/infocul.pt\/arquivo\/#organization","name":"Infocul.pt","url":"https:\/\/infocul.pt\/arquivo\/","logo":{"@type":"ImageObject","inLanguage":"pt-PT","@id":"https:\/\/infocul.pt\/arquivo\/#\/schema\/logo\/image\/","url":"https:\/\/infocul.pt\/arquivo\/wp-content\/uploads\/2018\/12\/Infocul_logo-1.png","contentUrl":"https:\/\/infocul.pt\/arquivo\/wp-content\/uploads\/2018\/12\/Infocul_logo-1.png","width":800,"height":800,"caption":"Infocul.pt"},"image":{"@id":"https:\/\/infocul.pt\/arquivo\/#\/schema\/logo\/image\/"},"sameAs":["https:\/\/www.facebook.com\/Infocul-147816815585015\/","https:\/\/x.com\/Infoculpt","http:\/\/www.pictaram.com\/user\/infocul.pt\/2370423710","https:\/\/www.youtube.com\/channel\/UCYEB91AGI9FL9ek2i_IaQAA"]},{"@type":"Person","@id":"https:\/\/infocul.pt\/arquivo\/#\/schema\/person\/f243f45ae8d67639120a7586884f3abc","name":"Redac\u00e7\u00e3o","image":{"@type":"ImageObject","inLanguage":"pt-PT","@id":"https:\/\/secure.gravatar.com\/avatar\/151b1b76c598ab5e749407223bd6c1bad4e41c4e95de3c3df83540ebee2deaf8?s=96&d=mm&r=g","url":"https:\/\/secure.gravatar.com\/avatar\/151b1b76c598ab5e749407223bd6c1bad4e41c4e95de3c3df83540ebee2deaf8?s=96&d=mm&r=g","contentUrl":"https:\/\/secure.gravatar.com\/avatar\/151b1b76c598ab5e749407223bd6c1bad4e41c4e95de3c3df83540ebee2deaf8?s=96&d=mm&r=g","caption":"Redac\u00e7\u00e3o"}}]}},"_links":{"self":[{"href":"https:\/\/infocul.pt\/arquivo\/wp-json\/wp\/v2\/posts\/15404","targetHints":{"allow":["GET"]}}],"collection":[{"href":"https:\/\/infocul.pt\/arquivo\/wp-json\/wp\/v2\/posts"}],"about":[{"href":"https:\/\/infocul.pt\/arquivo\/wp-json\/wp\/v2\/types\/post"}],"author":[{"embeddable":true,"href":"https:\/\/infocul.pt\/arquivo\/wp-json\/wp\/v2\/users\/13"}],"replies":[{"embeddable":true,"href":"https:\/\/infocul.pt\/arquivo\/wp-json\/wp\/v2\/comments?post=15404"}],"version-history":[{"count":0,"href":"https:\/\/infocul.pt\/arquivo\/wp-json\/wp\/v2\/posts\/15404\/revisions"}],"wp:featuredmedia":[{"embeddable":true,"href":"https:\/\/infocul.pt\/arquivo\/wp-json\/wp\/v2\/media\/1205"}],"wp:attachment":[{"href":"https:\/\/infocul.pt\/arquivo\/wp-json\/wp\/v2\/media?parent=15404"}],"wp:term":[{"taxonomy":"category","embeddable":true,"href":"https:\/\/infocul.pt\/arquivo\/wp-json\/wp\/v2\/categories?post=15404"},{"taxonomy":"post_tag","embeddable":true,"href":"https:\/\/infocul.pt\/arquivo\/wp-json\/wp\/v2\/tags?post=15404"}],"curies":[{"name":"wp","href":"https:\/\/api.w.org\/{rel}","templated":true}]}}