{"id":17130,"date":"2016-12-20T09:24:44","date_gmt":"2016-12-20T09:24:44","guid":{"rendered":"http:\/\/infocul.pt\/?p=17130"},"modified":"2016-12-20T09:24:44","modified_gmt":"2016-12-20T09:24:44","slug":"dream-theater-no-coliseu-porto-em-abril","status":"publish","type":"post","link":"https:\/\/infocul.pt\/arquivo\/cultura\/dream-theater-no-coliseu-porto-em-abril\/","title":{"rendered":"Dream Theater no Coliseu do Porto em Abril"},"content":{"rendered":"<p><img decoding=\"async\" class=\"alignnone wp-image-17131 size-full lazyload\" data-src=\"http:\/\/infocul.pt\/wp-content\/uploads\/2016\/12\/Dream-Theater.png\" alt=\"dream-theater\" width=\"806\" height=\"806\" data-srcset=\"https:\/\/infocul.pt\/arquivo\/wp-content\/uploads\/2016\/12\/Dream-Theater.png 806w, https:\/\/infocul.pt\/arquivo\/wp-content\/uploads\/2016\/12\/Dream-Theater-150x150.png 150w, https:\/\/infocul.pt\/arquivo\/wp-content\/uploads\/2016\/12\/Dream-Theater-300x300.png 300w, https:\/\/infocul.pt\/arquivo\/wp-content\/uploads\/2016\/12\/Dream-Theater-768x768.png 768w, https:\/\/infocul.pt\/arquivo\/wp-content\/uploads\/2016\/12\/Dream-Theater-280x280.png 280w\" data-sizes=\"(max-width: 806px) 100vw, 806px\" src=\"data:image\/svg+xml;base64,PHN2ZyB3aWR0aD0iMSIgaGVpZ2h0PSIxIiB4bWxucz0iaHR0cDovL3d3dy53My5vcmcvMjAwMC9zdmciPjwvc3ZnPg==\" style=\"--smush-placeholder-width: 806px; --smush-placeholder-aspect-ratio: 806\/806;\" \/><\/p>\n<p>&nbsp;<\/p>\n<p><span style=\"color: #000000; font-family: Calibri;\">Os Dream Theater, mestres do metal progressivo, voltam a Portugal no dia 30 de Abril no Coliseu do Porto. Tr\u00eas anos ap\u00f3s terem deixado a plateia da m\u00edtica sala de espect\u00e1culos do Porto totalmente rendida \u00e0 qualidade m\u00fasica e \u00e0 profici\u00eancia t\u00e9cnica do grupo que em 2017 volta \u00e0 cidade Invicta.<\/span><!--more--><\/p>\n<p><span style=\"color: #000000; font-family: Calibri;\">\u00a0<\/span><\/p>\n<p><span style=\"color: #000000; font-family: Calibri;\">\u00a0<\/span><\/p>\n<p><span style=\"color: #000000; font-family: Calibri;\">Este concerto est\u00e1 inclu\u00eddo na tour do 25\u00ba anivers\u00e1rio do ic\u00f3nico &#8220;Images And Words&#8221;, um dos lan\u00e7amentos mais ic\u00f3nicos e celebrados de que h\u00e1 mem\u00f3ria no espectro do heavy metal progressivo.<\/span><\/p>\n<p><span style=\"color: #000000; font-family: Calibri;\">\u00a0<\/span><\/p>\n<p><span style=\"color: #000000; font-family: Calibri;\">\u00a0<\/span><\/p>\n<p><span style=\"color: #000000; font-family: Calibri;\">A tour &#8220;Images And Words&#8221; inicia-se no dia 30 de Janeiro, em Roma. No conjunto de concertos o quinteto americano vai interpretar por completo os temas do \u00e1lbum que os deixou famosos, assim como uma compila\u00e7\u00e3o de alguns dos temas mais aplaudidos de um cat\u00e1logo amplamente aclamado, mantendo a banda no velho continente at\u00e9 ao final de Abril, com o espect\u00e1culo em solo nacional a marcar o final de uma sequ\u00eancia de trinta datas.<\/span><\/p>\n<p><span style=\"color: #000000; font-family: Calibri;\">\u00a0\u00a0\u00a0\u00a0\u00a0\u00a0\u00a0\u00a0\u00a0\u00a0\u00a0\u00a0\u00a0\u00a0\u00a0\u00a0\u00a0\u00a0\u00a0\u00a0\u00a0\u00a0 <\/span><\/p>\n<p><span style=\"color: #000000; font-family: Calibri;\">\u00a0<\/span><\/p>\n<p><span style=\"color: #000000; font-family: Calibri;\">A banda &#8220;nasceu&#8221; em 1985, ainda com o nome &#8220;Majesty&#8221;. Os primeiros espect\u00e1culos aconteceram em 1986 e os anos seguintes foram passados a escrever os primeiros temas e a gravar demos. O primeiro disco foi &#8220;When Dream And Day Unite&#8221; mas o sucesso chegou apenas tr\u00eas anos depois.<\/span><\/p>\n<p><span style=\"color: #000000; font-family: Calibri;\">\u00a0<\/span><\/p>\n<p><span style=\"color: #000000; font-family: Calibri;\">\u00a0<\/span><\/p>\n<p><span style=\"color: #000000; font-family: Calibri;\">O disco &#8220;Images And Words&#8221; foi editado originalmente a 7 de Julho de 1992 e \u00e9 o segundo trabalho da carreira dos Dream Theater. O single &#8220;Pull Me Under&#8221; fazia parte deste trabalho que tamb\u00e9m marcou a estreia do vocalista James LaBrie no coletivo ap\u00f3s o promissor lan\u00e7amento, tr\u00eas anos antes, de &#8220;When Dream And Day Unite&#8221;.<\/span><\/p>\n<p><span style=\"color: #000000; font-family: Calibri;\">\u00a0<\/span><\/p>\n<p><span style=\"color: #000000; font-family: Calibri;\">\u00a0<\/span><\/p>\n<p><span style=\"color: #000000; font-family: Calibri;\">Os Dream Theater desde cedo mostraram grande resili\u00eancia, n\u00e3o se deixando abater pelo abandono de Charlie Dominici e, ap\u00f3s terem feito audi\u00e7\u00f5es a quase 200 candidatos e assinado um contrato com a multinacional Atco, deram continuidade ao seu percurso com um engenho impressionante. Assinando uma mistura equilibrada de metal e rock progressivo com vocaliza\u00e7\u00f5es sinceras e letras provocadoras, John Petrucci, John Myung, Mike Portnoy e Kevin Moore mostraram uma habilidade impressionante nos seus respetivos instrumentos, traduzida num conjunto de can\u00e7\u00f5es muito fortes e constru\u00eddas de forma intrincada, que funcionaram como a base perfeita para LaBrie dar azo a toda a sua criatividade, espelhada na impressionante amplitude do seu registo vocal.\u00a0<\/span><\/p>\n<p><span style=\"color: #000000; font-family: Calibri;\">\u00a0<\/span><\/p>\n<p><span style=\"color: #000000; font-family: Calibri;\">\u00a0<\/span><\/p>\n<p><span style=\"color: #000000; font-family: Calibri;\">Da complexidade de &#8220;Metropolis, Pt. 1&#8221; \u00e0 \u00e9pica &#8220;Learning To Live&#8221;, passando pela emblem\u00e1tica &#8220;Pull Me Under&#8221; (que, com direito a videoclipe e edi\u00e7\u00e3o em formato single, se transformou no primeiro grande \u00eaxito do grupo), &#8220;Images And Words&#8221; afirmou de vez os Dream Theater como uma proposta musical acima da norma e, um quarto de s\u00e9culo depois, continua a manter a sua posi\u00e7\u00e3o como o \u00e1lbum com maior sucesso do banda.<\/span><\/p>\n<p><span style=\"color: #000000; font-family: Calibri;\">\u00a0<\/span><\/p>\n<p><span style=\"color: #000000; font-family: Calibri;\">\u00a0<\/span><\/p>\n<p><span style=\"color: #000000; font-family: Calibri;\">Os Dream Theater s\u00e3o um dos nomes maiores do heavy metal e \u00e9 sin\u00f3nimo da for\u00e7a do talento, da habilidade e do poder criativo. James LaBrie na voz, John Petrucci na guitarra (considerado o segundo melhor de uma lista dos 100 melhores guitarristas de metal), John Myung no baixo, Jordan Rudess nas teclas e Mike Mangini na bateria continuam a cultivar e a proteger o seu inabal\u00e1vel estatuto como formadores de opini\u00e3o. Em conjunto, foram induzidos no Long Island Music Hall Of Fame em 2010.<\/span><\/p>\n<p><span style=\"color: #000000; font-family: Calibri;\">\u00a0<\/span><\/p>\n<p><span style=\"color: #000000; font-family: Calibri;\">\u00a0<\/span><\/p>\n<p><span style=\"color: #000000; font-family: Calibri;\">Os bilhetes para o concerto do Coliseu do Porto custam entre os 32 e 37\u20ac. A pr\u00e9-venda e bilhetes VIP podem ser feitos atrav\u00e9s do site oficial da banda, a partir das 09:00 de dia 20 de Dezembro, a venda geral arranca dia no dia 21 de Dezembro, nos locais habituais.<\/span><\/p>\n","protected":false},"excerpt":{"rendered":"<p>&nbsp; Os Dream Theater, mestres do metal progressivo, voltam a Portugal no dia 30 de Abril no Coliseu do Porto. Tr\u00eas anos ap\u00f3s terem deixado a plateia da m\u00edtica sala de espect\u00e1culos do Porto totalmente rendida \u00e0 qualidade m\u00fasica e \u00e0 profici\u00eancia t\u00e9cnica do grupo que em 2017 volta \u00e0 cidade Invicta.<\/p>\n","protected":false},"author":13,"featured_media":17131,"comment_status":"open","ping_status":"closed","sticky":false,"template":"","format":"standard","meta":{"footnotes":""},"categories":[3,2],"tags":[396,2680],"class_list":["post-17130","post","type-post","status-publish","format-standard","has-post-thumbnail","hentry","category-concertos","category-cultura","tag-coliseu-do-porto","tag-dream-theater"],"yoast_head":"<!-- This site is optimized with the Yoast SEO plugin v27.5 - https:\/\/yoast.com\/product\/yoast-seo-wordpress\/ -->\n<title>Dream Theater no Coliseu do Porto em Abril | Infocul.pt - Arquivo Digital<\/title>\n<meta name=\"description\" content=\"Dream Theater no Coliseu do Porto em Abril | Infocul.pt - Arquivo Digital\" \/>\n<meta name=\"robots\" content=\"noindex, follow, max-snippet:-1, max-image-preview:large, max-video-preview:-1\" \/>\n<meta property=\"og:locale\" content=\"pt_PT\" \/>\n<meta property=\"og:type\" content=\"article\" \/>\n<meta property=\"og:title\" content=\"Dream Theater no Coliseu do Porto em Abril | Infocul.pt - Arquivo Digital\" \/>\n<meta property=\"og:description\" content=\"Dream Theater no Coliseu do Porto em Abril | Infocul.pt - Arquivo Digital\" \/>\n<meta property=\"og:url\" content=\"https:\/\/infocul.pt\/arquivo\/cultura\/dream-theater-no-coliseu-porto-em-abril\/\" \/>\n<meta property=\"og:site_name\" content=\"Infocul.pt - Arquivo Digital\" \/>\n<meta property=\"article:publisher\" content=\"https:\/\/www.facebook.com\/Infocul-147816815585015\/\" \/>\n<meta property=\"article:published_time\" content=\"2016-12-20T09:24:44+00:00\" \/>\n<meta property=\"og:image\" content=\"https:\/\/infocul.pt\/arquivo\/wp-content\/uploads\/2016\/12\/Dream-Theater.png\" \/>\n\t<meta property=\"og:image:width\" content=\"806\" \/>\n\t<meta property=\"og:image:height\" content=\"806\" \/>\n\t<meta property=\"og:image:type\" content=\"image\/png\" \/>\n<meta name=\"author\" content=\"Redac\u00e7\u00e3o\" \/>\n<meta name=\"twitter:card\" content=\"summary_large_image\" \/>\n<meta name=\"twitter:creator\" content=\"@Infoculpt\" \/>\n<meta name=\"twitter:site\" content=\"@Infoculpt\" \/>\n<meta name=\"twitter:label1\" content=\"Escrito por\" \/>\n\t<meta name=\"twitter:data1\" content=\"Redac\u00e7\u00e3o\" \/>\n\t<meta name=\"twitter:label2\" content=\"Tempo estimado de leitura\" \/>\n\t<meta name=\"twitter:data2\" content=\"3 minutos\" \/>\n<script type=\"application\/ld+json\" class=\"yoast-schema-graph\">{\"@context\":\"https:\\\/\\\/schema.org\",\"@graph\":[{\"@type\":\"Article\",\"@id\":\"https:\\\/\\\/infocul.pt\\\/arquivo\\\/cultura\\\/dream-theater-no-coliseu-porto-em-abril\\\/#article\",\"isPartOf\":{\"@id\":\"https:\\\/\\\/infocul.pt\\\/arquivo\\\/cultura\\\/dream-theater-no-coliseu-porto-em-abril\\\/\"},\"author\":{\"name\":\"Redac\u00e7\u00e3o\",\"@id\":\"https:\\\/\\\/infocul.pt\\\/arquivo\\\/#\\\/schema\\\/person\\\/f243f45ae8d67639120a7586884f3abc\"},\"headline\":\"Dream Theater no Coliseu do Porto em Abril\",\"datePublished\":\"2016-12-20T09:24:44+00:00\",\"mainEntityOfPage\":{\"@id\":\"https:\\\/\\\/infocul.pt\\\/arquivo\\\/cultura\\\/dream-theater-no-coliseu-porto-em-abril\\\/\"},\"wordCount\":605,\"commentCount\":0,\"publisher\":{\"@id\":\"https:\\\/\\\/infocul.pt\\\/arquivo\\\/#organization\"},\"image\":{\"@id\":\"https:\\\/\\\/infocul.pt\\\/arquivo\\\/cultura\\\/dream-theater-no-coliseu-porto-em-abril\\\/#primaryimage\"},\"thumbnailUrl\":\"https:\\\/\\\/infocul.pt\\\/arquivo\\\/wp-content\\\/uploads\\\/2016\\\/12\\\/Dream-Theater.png\",\"keywords\":[\"Coliseu do Porto\",\"Dream Theater\"],\"articleSection\":[\"Concertos\",\"Cultura\"],\"inLanguage\":\"pt-PT\"},{\"@type\":\"WebPage\",\"@id\":\"https:\\\/\\\/infocul.pt\\\/arquivo\\\/cultura\\\/dream-theater-no-coliseu-porto-em-abril\\\/\",\"url\":\"https:\\\/\\\/infocul.pt\\\/arquivo\\\/cultura\\\/dream-theater-no-coliseu-porto-em-abril\\\/\",\"name\":\"Dream Theater no Coliseu do Porto em Abril | Infocul.pt - Arquivo Digital\",\"isPartOf\":{\"@id\":\"https:\\\/\\\/infocul.pt\\\/arquivo\\\/#website\"},\"primaryImageOfPage\":{\"@id\":\"https:\\\/\\\/infocul.pt\\\/arquivo\\\/cultura\\\/dream-theater-no-coliseu-porto-em-abril\\\/#primaryimage\"},\"image\":{\"@id\":\"https:\\\/\\\/infocul.pt\\\/arquivo\\\/cultura\\\/dream-theater-no-coliseu-porto-em-abril\\\/#primaryimage\"},\"thumbnailUrl\":\"https:\\\/\\\/infocul.pt\\\/arquivo\\\/wp-content\\\/uploads\\\/2016\\\/12\\\/Dream-Theater.png\",\"datePublished\":\"2016-12-20T09:24:44+00:00\",\"description\":\"Dream Theater no Coliseu do Porto em Abril | Infocul.pt - Arquivo Digital\",\"breadcrumb\":{\"@id\":\"https:\\\/\\\/infocul.pt\\\/arquivo\\\/cultura\\\/dream-theater-no-coliseu-porto-em-abril\\\/#breadcrumb\"},\"inLanguage\":\"pt-PT\",\"potentialAction\":[{\"@type\":\"ReadAction\",\"target\":[\"https:\\\/\\\/infocul.pt\\\/arquivo\\\/cultura\\\/dream-theater-no-coliseu-porto-em-abril\\\/\"]}]},{\"@type\":\"ImageObject\",\"inLanguage\":\"pt-PT\",\"@id\":\"https:\\\/\\\/infocul.pt\\\/arquivo\\\/cultura\\\/dream-theater-no-coliseu-porto-em-abril\\\/#primaryimage\",\"url\":\"https:\\\/\\\/infocul.pt\\\/arquivo\\\/wp-content\\\/uploads\\\/2016\\\/12\\\/Dream-Theater.png\",\"contentUrl\":\"https:\\\/\\\/infocul.pt\\\/arquivo\\\/wp-content\\\/uploads\\\/2016\\\/12\\\/Dream-Theater.png\",\"width\":806,\"height\":806},{\"@type\":\"BreadcrumbList\",\"@id\":\"https:\\\/\\\/infocul.pt\\\/arquivo\\\/cultura\\\/dream-theater-no-coliseu-porto-em-abril\\\/#breadcrumb\",\"itemListElement\":[{\"@type\":\"ListItem\",\"position\":1,\"name\":\"Home\",\"item\":\"https:\\\/\\\/infocul.pt\\\/arquivo\\\/\"},{\"@type\":\"ListItem\",\"position\":2,\"name\":\"Dream Theater no Coliseu do Porto em Abril\"}]},{\"@type\":\"WebSite\",\"@id\":\"https:\\\/\\\/infocul.pt\\\/arquivo\\\/#website\",\"url\":\"https:\\\/\\\/infocul.pt\\\/arquivo\\\/\",\"name\":\"Infocul.pt - Arquivo Digital\",\"description\":\"Arquivo digital da Infocul.pt\",\"publisher\":{\"@id\":\"https:\\\/\\\/infocul.pt\\\/arquivo\\\/#organization\"},\"potentialAction\":[{\"@type\":\"SearchAction\",\"target\":{\"@type\":\"EntryPoint\",\"urlTemplate\":\"https:\\\/\\\/infocul.pt\\\/arquivo\\\/?s={search_term_string}\"},\"query-input\":{\"@type\":\"PropertyValueSpecification\",\"valueRequired\":true,\"valueName\":\"search_term_string\"}}],\"inLanguage\":\"pt-PT\"},{\"@type\":\"Organization\",\"@id\":\"https:\\\/\\\/infocul.pt\\\/arquivo\\\/#organization\",\"name\":\"Infocul.pt\",\"url\":\"https:\\\/\\\/infocul.pt\\\/arquivo\\\/\",\"logo\":{\"@type\":\"ImageObject\",\"inLanguage\":\"pt-PT\",\"@id\":\"https:\\\/\\\/infocul.pt\\\/arquivo\\\/#\\\/schema\\\/logo\\\/image\\\/\",\"url\":\"https:\\\/\\\/infocul.pt\\\/arquivo\\\/wp-content\\\/uploads\\\/2018\\\/12\\\/Infocul_logo-1.png\",\"contentUrl\":\"https:\\\/\\\/infocul.pt\\\/arquivo\\\/wp-content\\\/uploads\\\/2018\\\/12\\\/Infocul_logo-1.png\",\"width\":800,\"height\":800,\"caption\":\"Infocul.pt\"},\"image\":{\"@id\":\"https:\\\/\\\/infocul.pt\\\/arquivo\\\/#\\\/schema\\\/logo\\\/image\\\/\"},\"sameAs\":[\"https:\\\/\\\/www.facebook.com\\\/Infocul-147816815585015\\\/\",\"https:\\\/\\\/x.com\\\/Infoculpt\",\"http:\\\/\\\/www.pictaram.com\\\/user\\\/infocul.pt\\\/2370423710\",\"https:\\\/\\\/www.youtube.com\\\/channel\\\/UCYEB91AGI9FL9ek2i_IaQAA\"]},{\"@type\":\"Person\",\"@id\":\"https:\\\/\\\/infocul.pt\\\/arquivo\\\/#\\\/schema\\\/person\\\/f243f45ae8d67639120a7586884f3abc\",\"name\":\"Redac\u00e7\u00e3o\",\"image\":{\"@type\":\"ImageObject\",\"inLanguage\":\"pt-PT\",\"@id\":\"https:\\\/\\\/secure.gravatar.com\\\/avatar\\\/151b1b76c598ab5e749407223bd6c1bad4e41c4e95de3c3df83540ebee2deaf8?s=96&d=mm&r=g\",\"url\":\"https:\\\/\\\/secure.gravatar.com\\\/avatar\\\/151b1b76c598ab5e749407223bd6c1bad4e41c4e95de3c3df83540ebee2deaf8?s=96&d=mm&r=g\",\"contentUrl\":\"https:\\\/\\\/secure.gravatar.com\\\/avatar\\\/151b1b76c598ab5e749407223bd6c1bad4e41c4e95de3c3df83540ebee2deaf8?s=96&d=mm&r=g\",\"caption\":\"Redac\u00e7\u00e3o\"}}]}<\/script>\n<!-- \/ Yoast SEO plugin. -->","yoast_head_json":{"title":"Dream Theater no Coliseu do Porto em Abril | Infocul.pt - Arquivo Digital","description":"Dream Theater no Coliseu do Porto em Abril | Infocul.pt - Arquivo Digital","robots":{"index":"noindex","follow":"follow","max-snippet":"max-snippet:-1","max-image-preview":"max-image-preview:large","max-video-preview":"max-video-preview:-1"},"og_locale":"pt_PT","og_type":"article","og_title":"Dream Theater no Coliseu do Porto em Abril | Infocul.pt - Arquivo Digital","og_description":"Dream Theater no Coliseu do Porto em Abril | Infocul.pt - Arquivo Digital","og_url":"https:\/\/infocul.pt\/arquivo\/cultura\/dream-theater-no-coliseu-porto-em-abril\/","og_site_name":"Infocul.pt - Arquivo Digital","article_publisher":"https:\/\/www.facebook.com\/Infocul-147816815585015\/","article_published_time":"2016-12-20T09:24:44+00:00","og_image":[{"width":806,"height":806,"url":"https:\/\/infocul.pt\/arquivo\/wp-content\/uploads\/2016\/12\/Dream-Theater.png","type":"image\/png"}],"author":"Redac\u00e7\u00e3o","twitter_card":"summary_large_image","twitter_creator":"@Infoculpt","twitter_site":"@Infoculpt","twitter_misc":{"Escrito por":"Redac\u00e7\u00e3o","Tempo estimado de leitura":"3 minutos"},"schema":{"@context":"https:\/\/schema.org","@graph":[{"@type":"Article","@id":"https:\/\/infocul.pt\/arquivo\/cultura\/dream-theater-no-coliseu-porto-em-abril\/#article","isPartOf":{"@id":"https:\/\/infocul.pt\/arquivo\/cultura\/dream-theater-no-coliseu-porto-em-abril\/"},"author":{"name":"Redac\u00e7\u00e3o","@id":"https:\/\/infocul.pt\/arquivo\/#\/schema\/person\/f243f45ae8d67639120a7586884f3abc"},"headline":"Dream Theater no Coliseu do Porto em Abril","datePublished":"2016-12-20T09:24:44+00:00","mainEntityOfPage":{"@id":"https:\/\/infocul.pt\/arquivo\/cultura\/dream-theater-no-coliseu-porto-em-abril\/"},"wordCount":605,"commentCount":0,"publisher":{"@id":"https:\/\/infocul.pt\/arquivo\/#organization"},"image":{"@id":"https:\/\/infocul.pt\/arquivo\/cultura\/dream-theater-no-coliseu-porto-em-abril\/#primaryimage"},"thumbnailUrl":"https:\/\/infocul.pt\/arquivo\/wp-content\/uploads\/2016\/12\/Dream-Theater.png","keywords":["Coliseu do Porto","Dream Theater"],"articleSection":["Concertos","Cultura"],"inLanguage":"pt-PT"},{"@type":"WebPage","@id":"https:\/\/infocul.pt\/arquivo\/cultura\/dream-theater-no-coliseu-porto-em-abril\/","url":"https:\/\/infocul.pt\/arquivo\/cultura\/dream-theater-no-coliseu-porto-em-abril\/","name":"Dream Theater no Coliseu do Porto em Abril | Infocul.pt - Arquivo Digital","isPartOf":{"@id":"https:\/\/infocul.pt\/arquivo\/#website"},"primaryImageOfPage":{"@id":"https:\/\/infocul.pt\/arquivo\/cultura\/dream-theater-no-coliseu-porto-em-abril\/#primaryimage"},"image":{"@id":"https:\/\/infocul.pt\/arquivo\/cultura\/dream-theater-no-coliseu-porto-em-abril\/#primaryimage"},"thumbnailUrl":"https:\/\/infocul.pt\/arquivo\/wp-content\/uploads\/2016\/12\/Dream-Theater.png","datePublished":"2016-12-20T09:24:44+00:00","description":"Dream Theater no Coliseu do Porto em Abril | Infocul.pt - Arquivo Digital","breadcrumb":{"@id":"https:\/\/infocul.pt\/arquivo\/cultura\/dream-theater-no-coliseu-porto-em-abril\/#breadcrumb"},"inLanguage":"pt-PT","potentialAction":[{"@type":"ReadAction","target":["https:\/\/infocul.pt\/arquivo\/cultura\/dream-theater-no-coliseu-porto-em-abril\/"]}]},{"@type":"ImageObject","inLanguage":"pt-PT","@id":"https:\/\/infocul.pt\/arquivo\/cultura\/dream-theater-no-coliseu-porto-em-abril\/#primaryimage","url":"https:\/\/infocul.pt\/arquivo\/wp-content\/uploads\/2016\/12\/Dream-Theater.png","contentUrl":"https:\/\/infocul.pt\/arquivo\/wp-content\/uploads\/2016\/12\/Dream-Theater.png","width":806,"height":806},{"@type":"BreadcrumbList","@id":"https:\/\/infocul.pt\/arquivo\/cultura\/dream-theater-no-coliseu-porto-em-abril\/#breadcrumb","itemListElement":[{"@type":"ListItem","position":1,"name":"Home","item":"https:\/\/infocul.pt\/arquivo\/"},{"@type":"ListItem","position":2,"name":"Dream Theater no Coliseu do Porto em Abril"}]},{"@type":"WebSite","@id":"https:\/\/infocul.pt\/arquivo\/#website","url":"https:\/\/infocul.pt\/arquivo\/","name":"Infocul.pt - Arquivo Digital","description":"Arquivo digital da Infocul.pt","publisher":{"@id":"https:\/\/infocul.pt\/arquivo\/#organization"},"potentialAction":[{"@type":"SearchAction","target":{"@type":"EntryPoint","urlTemplate":"https:\/\/infocul.pt\/arquivo\/?s={search_term_string}"},"query-input":{"@type":"PropertyValueSpecification","valueRequired":true,"valueName":"search_term_string"}}],"inLanguage":"pt-PT"},{"@type":"Organization","@id":"https:\/\/infocul.pt\/arquivo\/#organization","name":"Infocul.pt","url":"https:\/\/infocul.pt\/arquivo\/","logo":{"@type":"ImageObject","inLanguage":"pt-PT","@id":"https:\/\/infocul.pt\/arquivo\/#\/schema\/logo\/image\/","url":"https:\/\/infocul.pt\/arquivo\/wp-content\/uploads\/2018\/12\/Infocul_logo-1.png","contentUrl":"https:\/\/infocul.pt\/arquivo\/wp-content\/uploads\/2018\/12\/Infocul_logo-1.png","width":800,"height":800,"caption":"Infocul.pt"},"image":{"@id":"https:\/\/infocul.pt\/arquivo\/#\/schema\/logo\/image\/"},"sameAs":["https:\/\/www.facebook.com\/Infocul-147816815585015\/","https:\/\/x.com\/Infoculpt","http:\/\/www.pictaram.com\/user\/infocul.pt\/2370423710","https:\/\/www.youtube.com\/channel\/UCYEB91AGI9FL9ek2i_IaQAA"]},{"@type":"Person","@id":"https:\/\/infocul.pt\/arquivo\/#\/schema\/person\/f243f45ae8d67639120a7586884f3abc","name":"Redac\u00e7\u00e3o","image":{"@type":"ImageObject","inLanguage":"pt-PT","@id":"https:\/\/secure.gravatar.com\/avatar\/151b1b76c598ab5e749407223bd6c1bad4e41c4e95de3c3df83540ebee2deaf8?s=96&d=mm&r=g","url":"https:\/\/secure.gravatar.com\/avatar\/151b1b76c598ab5e749407223bd6c1bad4e41c4e95de3c3df83540ebee2deaf8?s=96&d=mm&r=g","contentUrl":"https:\/\/secure.gravatar.com\/avatar\/151b1b76c598ab5e749407223bd6c1bad4e41c4e95de3c3df83540ebee2deaf8?s=96&d=mm&r=g","caption":"Redac\u00e7\u00e3o"}}]}},"_links":{"self":[{"href":"https:\/\/infocul.pt\/arquivo\/wp-json\/wp\/v2\/posts\/17130","targetHints":{"allow":["GET"]}}],"collection":[{"href":"https:\/\/infocul.pt\/arquivo\/wp-json\/wp\/v2\/posts"}],"about":[{"href":"https:\/\/infocul.pt\/arquivo\/wp-json\/wp\/v2\/types\/post"}],"author":[{"embeddable":true,"href":"https:\/\/infocul.pt\/arquivo\/wp-json\/wp\/v2\/users\/13"}],"replies":[{"embeddable":true,"href":"https:\/\/infocul.pt\/arquivo\/wp-json\/wp\/v2\/comments?post=17130"}],"version-history":[{"count":0,"href":"https:\/\/infocul.pt\/arquivo\/wp-json\/wp\/v2\/posts\/17130\/revisions"}],"wp:featuredmedia":[{"embeddable":true,"href":"https:\/\/infocul.pt\/arquivo\/wp-json\/wp\/v2\/media\/17131"}],"wp:attachment":[{"href":"https:\/\/infocul.pt\/arquivo\/wp-json\/wp\/v2\/media?parent=17130"}],"wp:term":[{"taxonomy":"category","embeddable":true,"href":"https:\/\/infocul.pt\/arquivo\/wp-json\/wp\/v2\/categories?post=17130"},{"taxonomy":"post_tag","embeddable":true,"href":"https:\/\/infocul.pt\/arquivo\/wp-json\/wp\/v2\/tags?post=17130"}],"curies":[{"name":"wp","href":"https:\/\/api.w.org\/{rel}","templated":true}]}}