{"id":17766,"date":"2017-01-06T15:01:31","date_gmt":"2017-01-06T15:01:31","guid":{"rendered":"http:\/\/infocul.pt\/?p=17766"},"modified":"2017-01-06T15:01:31","modified_gmt":"2017-01-06T15:01:31","slug":"programacao-da-casa-coreto-em-janeiro","status":"publish","type":"post","link":"https:\/\/infocul.pt\/arquivo\/cultura\/programacao-da-casa-coreto-em-janeiro\/","title":{"rendered":"Programa\u00e7\u00e3o da Casa do Coreto em Janeiro"},"content":{"rendered":"<p><img decoding=\"async\" class=\"aligncenter wp-image-17768 size-full lazyload\" data-src=\"http:\/\/infocul.pt\/wp-content\/uploads\/2017\/01\/casa-do-coreto.png\" alt=\"casa-do-coreto\" width=\"500\" height=\"264\" data-srcset=\"https:\/\/infocul.pt\/arquivo\/wp-content\/uploads\/2017\/01\/casa-do-coreto.png 500w, https:\/\/infocul.pt\/arquivo\/wp-content\/uploads\/2017\/01\/casa-do-coreto-300x158.png 300w\" data-sizes=\"(max-width: 500px) 100vw, 500px\" src=\"data:image\/svg+xml;base64,PHN2ZyB3aWR0aD0iMSIgaGVpZ2h0PSIxIiB4bWxucz0iaHR0cDovL3d3dy53My5vcmcvMjAwMC9zdmciPjwvc3ZnPg==\" style=\"--smush-placeholder-width: 500px; --smush-placeholder-aspect-ratio: 500\/264;\" \/><\/p>\n<p>&nbsp;<\/p>\n<p><span style=\"color: #000000; font-family: Calibri;\">Como j\u00e1 vem sendo habitual na Casa do Coreto, o m\u00eas de Janeiro traz uma programa\u00e7\u00e3o cultural baseada no teatro para os mais jovens.<\/span><!--more--><\/p>\n<p><span style=\"color: #000000; font-family: Calibri;\">\u00a0<\/span><\/p>\n<p><span style=\"color: #000000; font-family: Calibri;\">\u00a0<\/span><\/p>\n<p><span style=\"color: #000000; font-family: Calibri;\">Na sexta-feira, dia 06 de Janeiro, \u00e0s 21:30 pode ser visto &#8220;Hors Contr\u00f4le\/Fora de Controlo&#8221; \u00e9 uma pe\u00e7a com marionetes, manipulada por Erika Faria de Oliveira, para maiores de 12 anos. Maria das Dores, foi educada, preparada e bem guardada sob o controlo do seu pai e dos seus parentes para se transformar numa donzela perfeita. Uma linda boneca que pode ser exposta ao lado dos seus peluches. Mas as m\u00e1scaras caiem e Maria fica &#8220;fora de controlo&#8221;.<\/span><\/p>\n<p><span style=\"color: #000000; font-family: Calibri;\">\u00a0<\/span><\/p>\n<p><span style=\"color: #000000; font-family: Calibri;\">\u00a0<\/span><\/p>\n<p><span style=\"color: #000000; font-family: Calibri;\">&#8220;\u00c0 Procura do \u00d3-\u00d3 Perdido&#8221; pode ser visto de 07 a 22 de Janeiro, nos s\u00e1bados \u00e0s 16:00 e no domingo \u00e0s 11:30, na Casa do Coreto. Esta pe\u00e7a tem uma dura\u00e7\u00e3o de 45 minutos e \u00e9 indicada para todos os p\u00fablicos. Um beb\u00e9 adormece no pequeno jardim. Durante o sono, um passarinho apodera-se do seu \u00f3-\u00f3 branco e macio e leva-o para longe no c\u00e9u. Quando acorda, o beb\u00e9 n\u00e3o fica nada contente. Prop\u00f5em-lhe outros \u00f3-\u00f3s, mas um \u00f3-\u00f3 n\u00e3o se substitui. Com a ajuda do ar, da \u00e1gua, do fogo e do contador de hist\u00f3rias, o beb\u00e9, depois de v\u00e1rias aventuras, reencontra o seu querido \u00f3-\u00f3. Esta \u00e9 uma produ\u00e7\u00e3o da Lua Cheia Teatro Para Todos e tem interpreta\u00e7\u00e3o de Genoveva Fa\u00edsca.<\/span><\/p>\n<p><span style=\"color: #000000; font-family: Calibri;\">\u00a0<\/span><\/p>\n<p><span style=\"color: #000000; font-family: Calibri;\">\u00a0<\/span><\/p>\n<p><span style=\"color: #000000; font-family: Calibri;\">&#8220;A Rapariga de Ferrugem&#8221; pode ser vista no s\u00e1bado (21:30) e domingo (17:00), de 12 a 15 de Janeiro. Esta \u00e9 uma pe\u00e7a indicada para maiores de 12 anos e tem uma dura\u00e7\u00e3o de 60 minutos. Uma narradora invulgar e dois actores que se desdobram e contam a hist\u00f3ria da rapariga com caracter\u00edsticas marcantes. Num ambiente surrealista, durante uma viagem longa, fala-se de imposs\u00edvel, amor e desonra. Uma fuga por aldeias idealmente sem defeito e um nascimento desprez\u00edvel que luta contra o preconceito. O texto, encena\u00e7\u00e3o e interpreta\u00e7\u00e3o \u00e9 de Ana Dion\u00edsio. No elenco tamb\u00e9m est\u00e3o Ana Rita Santos e Lu\u00eds Gomes.<\/span><\/p>\n<p><span style=\"color: #000000; font-family: Calibri;\">\u00a0<\/span><\/p>\n<p><span style=\"color: #000000; font-family: Calibri;\">\u00a0<\/span><\/p>\n<p><span style=\"color: #000000; font-family: Calibri;\">A 28 de Janeiro, s\u00e1bado, 16:00 pode ser visto &#8220;\u00c0 Procura do Planeta Chocolate&#8221;. Este filme \u00e9 indicado para maiores de 3 anos e faz parte parte da 11\u00aa Produ\u00e7\u00e3o Teatro Casa da M\u00e1quina. Dois jovens extraterrestres de uma gal\u00e1xia distante, descobrem algo misterioso com sabor a chocolate. Maravilhados pelo sabor, partem com o seu Mestre numa aventura espacial \u00e0 Procura de um Planeta de Chocolate. Viajam pelo Universo at\u00e9 \u00e0 nossa Via L\u00e1ctea, pesquisando cada planeta do Sistema Solar tentando encontrar o de chocolate. V\u00e3o aprender muitas coisas interessantes sobre o nosso Sistema Solar. Ser\u00e1 que v\u00e3o conseguir encontrar o Planeta Chocolate?&#8230;<\/span><\/p>\n<p><span style=\"color: #000000; font-family: Calibri;\">\u00a0<\/span><\/p>\n<p><span style=\"color: #000000; font-family: Calibri;\">\u00a0<\/span><\/p>\n<p><span style=\"color: #000000; font-family: Calibri;\">Pingo a pingo se enche um garraf\u00e3o de \u00e1gua. &#8220;Apara o Rapaz que Vai e Vem&#8221;, conta a hist\u00f3ria do dia-a-dia de um rapaz numa aldeia africana. A \u00e1gua \u00e9 o que a aldeia tem de mais importante. Este rapaz chama-se Apara. No outro lado do mundo vive Gede\u00e3o, um rapaz da mesma idade que vive numa cidade onde nada lhe falta. Gede\u00e3o tem tudo o que precisa bem perto de si. \u00c1gua n\u00e3o \u00e9 problema. Corre facilmente pela torneira, torneira essa que est\u00e1 sempre a pingar. Poder\u00e3o os pingos desta torneira encher o garraf\u00e3o de \u00e1gua de Apara?<\/span><\/p>\n<p><span style=\"color: #000000; font-family: Calibri;\">\u00a0<\/span><\/p>\n<p><span style=\"color: #000000; font-family: Calibri;\">\u00a0<\/span><\/p>\n<p><span style=\"color: #000000; font-family: Calibri;\">Esta pe\u00e7a tem uma dura\u00e7\u00e3o de 50 minutos e pode ser vista no dia 29 de Janeiro, domingo, \u00e0s 11:30. A manipula\u00e7\u00e3o ficar\u00e1 a cargo de Fernando Cunha Joaquim Guerreiro.<\/span><\/p>\n<p><span style=\"color: #000000; font-family: Calibri;\">\u00a0<\/span><\/p>\n<p><span style=\"color: #000000; font-family: Calibri;\">\u00a0<\/span><\/p>\n<p><span style=\"color: #000000; font-family: Calibri;\">&#8220;Valdevinos Teatro de Marionetas&#8221; \u00e9 una Oficina com 4 sess\u00f5es. Estas sess\u00f5es acontecem de 09 a 30 de Janeiro, segunda-feira, pelas 17:30.<\/span><\/p>\n<p><span style=\"color: #000000; font-family: Calibri;\">\u00a0<\/span><\/p>\n<p><span style=\"color: #000000; font-family: Calibri;\">\u00a0<\/span><\/p>\n<p><span style=\"color: #000000; font-family: Calibri;\">De 29 de Janeiro a 19 de Fevereiro, aos domingos, pelas 16:30 acontecem as sess\u00f5es da oficina &#8221; O que guardo em mim&#8221;. Esta \u00e9 uma oficina de medita\u00e7\u00e3o e desenvolvimento do consciente. A aten\u00e7\u00e3o e foco v\u00e3o estar na respira\u00e7\u00e3o consciente, no cuidar das emo\u00e7\u00f5es e no relaxamento.<\/span><\/p>\n","protected":false},"excerpt":{"rendered":"<p>&nbsp; Como j\u00e1 vem sendo habitual na Casa do Coreto, o m\u00eas de Janeiro traz uma programa\u00e7\u00e3o cultural baseada no teatro para os mais jovens.<\/p>\n","protected":false},"author":13,"featured_media":17768,"comment_status":"open","ping_status":"closed","sticky":false,"template":"","format":"standard","meta":{"footnotes":""},"categories":[2,5],"tags":[2040],"class_list":["post-17766","post","type-post","status-publish","format-standard","has-post-thumbnail","hentry","category-cultura","category-teatro","tag-casa-do-coreto"],"yoast_head":"<!-- This site is optimized with the Yoast SEO plugin v27.4 - https:\/\/yoast.com\/product\/yoast-seo-wordpress\/ -->\n<title>Programa\u00e7\u00e3o da Casa do Coreto em Janeiro | Infocul.pt - Arquivo Digital<\/title>\n<meta name=\"description\" content=\"Programa\u00e7\u00e3o da Casa do Coreto em Janeiro | Infocul.pt - Arquivo Digital\" \/>\n<meta name=\"robots\" content=\"noindex, follow, max-snippet:-1, max-image-preview:large, max-video-preview:-1\" \/>\n<meta property=\"og:locale\" content=\"pt_PT\" \/>\n<meta property=\"og:type\" content=\"article\" \/>\n<meta property=\"og:title\" content=\"Programa\u00e7\u00e3o da Casa do Coreto em Janeiro | Infocul.pt - Arquivo Digital\" \/>\n<meta property=\"og:description\" content=\"Programa\u00e7\u00e3o da Casa do Coreto em Janeiro | Infocul.pt - Arquivo Digital\" \/>\n<meta property=\"og:url\" content=\"https:\/\/infocul.pt\/arquivo\/cultura\/programacao-da-casa-coreto-em-janeiro\/\" \/>\n<meta property=\"og:site_name\" content=\"Infocul.pt - Arquivo Digital\" \/>\n<meta property=\"article:publisher\" content=\"https:\/\/www.facebook.com\/Infocul-147816815585015\/\" \/>\n<meta property=\"article:published_time\" content=\"2017-01-06T15:01:31+00:00\" \/>\n<meta property=\"og:image\" content=\"https:\/\/infocul.pt\/arquivo\/wp-content\/uploads\/2017\/01\/casa-do-coreto.png\" \/>\n\t<meta property=\"og:image:width\" content=\"500\" \/>\n\t<meta property=\"og:image:height\" content=\"264\" \/>\n\t<meta property=\"og:image:type\" content=\"image\/png\" \/>\n<meta name=\"author\" content=\"Redac\u00e7\u00e3o\" \/>\n<meta name=\"twitter:card\" content=\"summary_large_image\" \/>\n<meta name=\"twitter:creator\" content=\"@Infoculpt\" \/>\n<meta name=\"twitter:site\" content=\"@Infoculpt\" \/>\n<meta name=\"twitter:label1\" content=\"Escrito por\" \/>\n\t<meta name=\"twitter:data1\" content=\"Redac\u00e7\u00e3o\" \/>\n\t<meta name=\"twitter:label2\" content=\"Tempo estimado de leitura\" \/>\n\t<meta name=\"twitter:data2\" content=\"3 minutos\" \/>\n<script type=\"application\/ld+json\" class=\"yoast-schema-graph\">{\"@context\":\"https:\\\/\\\/schema.org\",\"@graph\":[{\"@type\":\"Article\",\"@id\":\"https:\\\/\\\/infocul.pt\\\/arquivo\\\/cultura\\\/programacao-da-casa-coreto-em-janeiro\\\/#article\",\"isPartOf\":{\"@id\":\"https:\\\/\\\/infocul.pt\\\/arquivo\\\/cultura\\\/programacao-da-casa-coreto-em-janeiro\\\/\"},\"author\":{\"name\":\"Redac\u00e7\u00e3o\",\"@id\":\"https:\\\/\\\/infocul.pt\\\/arquivo\\\/#\\\/schema\\\/person\\\/f243f45ae8d67639120a7586884f3abc\"},\"headline\":\"Programa\u00e7\u00e3o da Casa do Coreto em Janeiro\",\"datePublished\":\"2017-01-06T15:01:31+00:00\",\"mainEntityOfPage\":{\"@id\":\"https:\\\/\\\/infocul.pt\\\/arquivo\\\/cultura\\\/programacao-da-casa-coreto-em-janeiro\\\/\"},\"wordCount\":655,\"commentCount\":0,\"publisher\":{\"@id\":\"https:\\\/\\\/infocul.pt\\\/arquivo\\\/#organization\"},\"image\":{\"@id\":\"https:\\\/\\\/infocul.pt\\\/arquivo\\\/cultura\\\/programacao-da-casa-coreto-em-janeiro\\\/#primaryimage\"},\"thumbnailUrl\":\"https:\\\/\\\/infocul.pt\\\/arquivo\\\/wp-content\\\/uploads\\\/2017\\\/01\\\/casa-do-coreto.png\",\"keywords\":[\"Casa do Coreto\"],\"articleSection\":[\"Cultura\",\"Teatro\"],\"inLanguage\":\"pt-PT\"},{\"@type\":\"WebPage\",\"@id\":\"https:\\\/\\\/infocul.pt\\\/arquivo\\\/cultura\\\/programacao-da-casa-coreto-em-janeiro\\\/\",\"url\":\"https:\\\/\\\/infocul.pt\\\/arquivo\\\/cultura\\\/programacao-da-casa-coreto-em-janeiro\\\/\",\"name\":\"Programa\u00e7\u00e3o da Casa do Coreto em Janeiro | Infocul.pt - Arquivo Digital\",\"isPartOf\":{\"@id\":\"https:\\\/\\\/infocul.pt\\\/arquivo\\\/#website\"},\"primaryImageOfPage\":{\"@id\":\"https:\\\/\\\/infocul.pt\\\/arquivo\\\/cultura\\\/programacao-da-casa-coreto-em-janeiro\\\/#primaryimage\"},\"image\":{\"@id\":\"https:\\\/\\\/infocul.pt\\\/arquivo\\\/cultura\\\/programacao-da-casa-coreto-em-janeiro\\\/#primaryimage\"},\"thumbnailUrl\":\"https:\\\/\\\/infocul.pt\\\/arquivo\\\/wp-content\\\/uploads\\\/2017\\\/01\\\/casa-do-coreto.png\",\"datePublished\":\"2017-01-06T15:01:31+00:00\",\"description\":\"Programa\u00e7\u00e3o da Casa do Coreto em Janeiro | Infocul.pt - Arquivo Digital\",\"breadcrumb\":{\"@id\":\"https:\\\/\\\/infocul.pt\\\/arquivo\\\/cultura\\\/programacao-da-casa-coreto-em-janeiro\\\/#breadcrumb\"},\"inLanguage\":\"pt-PT\",\"potentialAction\":[{\"@type\":\"ReadAction\",\"target\":[\"https:\\\/\\\/infocul.pt\\\/arquivo\\\/cultura\\\/programacao-da-casa-coreto-em-janeiro\\\/\"]}]},{\"@type\":\"ImageObject\",\"inLanguage\":\"pt-PT\",\"@id\":\"https:\\\/\\\/infocul.pt\\\/arquivo\\\/cultura\\\/programacao-da-casa-coreto-em-janeiro\\\/#primaryimage\",\"url\":\"https:\\\/\\\/infocul.pt\\\/arquivo\\\/wp-content\\\/uploads\\\/2017\\\/01\\\/casa-do-coreto.png\",\"contentUrl\":\"https:\\\/\\\/infocul.pt\\\/arquivo\\\/wp-content\\\/uploads\\\/2017\\\/01\\\/casa-do-coreto.png\",\"width\":500,\"height\":264},{\"@type\":\"BreadcrumbList\",\"@id\":\"https:\\\/\\\/infocul.pt\\\/arquivo\\\/cultura\\\/programacao-da-casa-coreto-em-janeiro\\\/#breadcrumb\",\"itemListElement\":[{\"@type\":\"ListItem\",\"position\":1,\"name\":\"Home\",\"item\":\"https:\\\/\\\/infocul.pt\\\/arquivo\\\/\"},{\"@type\":\"ListItem\",\"position\":2,\"name\":\"Programa\u00e7\u00e3o da Casa do Coreto em Janeiro\"}]},{\"@type\":\"WebSite\",\"@id\":\"https:\\\/\\\/infocul.pt\\\/arquivo\\\/#website\",\"url\":\"https:\\\/\\\/infocul.pt\\\/arquivo\\\/\",\"name\":\"Infocul.pt - Arquivo Digital\",\"description\":\"Arquivo digital da Infocul.pt\",\"publisher\":{\"@id\":\"https:\\\/\\\/infocul.pt\\\/arquivo\\\/#organization\"},\"potentialAction\":[{\"@type\":\"SearchAction\",\"target\":{\"@type\":\"EntryPoint\",\"urlTemplate\":\"https:\\\/\\\/infocul.pt\\\/arquivo\\\/?s={search_term_string}\"},\"query-input\":{\"@type\":\"PropertyValueSpecification\",\"valueRequired\":true,\"valueName\":\"search_term_string\"}}],\"inLanguage\":\"pt-PT\"},{\"@type\":\"Organization\",\"@id\":\"https:\\\/\\\/infocul.pt\\\/arquivo\\\/#organization\",\"name\":\"Infocul.pt\",\"url\":\"https:\\\/\\\/infocul.pt\\\/arquivo\\\/\",\"logo\":{\"@type\":\"ImageObject\",\"inLanguage\":\"pt-PT\",\"@id\":\"https:\\\/\\\/infocul.pt\\\/arquivo\\\/#\\\/schema\\\/logo\\\/image\\\/\",\"url\":\"https:\\\/\\\/infocul.pt\\\/arquivo\\\/wp-content\\\/uploads\\\/2018\\\/12\\\/Infocul_logo-1.png\",\"contentUrl\":\"https:\\\/\\\/infocul.pt\\\/arquivo\\\/wp-content\\\/uploads\\\/2018\\\/12\\\/Infocul_logo-1.png\",\"width\":800,\"height\":800,\"caption\":\"Infocul.pt\"},\"image\":{\"@id\":\"https:\\\/\\\/infocul.pt\\\/arquivo\\\/#\\\/schema\\\/logo\\\/image\\\/\"},\"sameAs\":[\"https:\\\/\\\/www.facebook.com\\\/Infocul-147816815585015\\\/\",\"https:\\\/\\\/x.com\\\/Infoculpt\",\"http:\\\/\\\/www.pictaram.com\\\/user\\\/infocul.pt\\\/2370423710\",\"https:\\\/\\\/www.youtube.com\\\/channel\\\/UCYEB91AGI9FL9ek2i_IaQAA\"]},{\"@type\":\"Person\",\"@id\":\"https:\\\/\\\/infocul.pt\\\/arquivo\\\/#\\\/schema\\\/person\\\/f243f45ae8d67639120a7586884f3abc\",\"name\":\"Redac\u00e7\u00e3o\",\"image\":{\"@type\":\"ImageObject\",\"inLanguage\":\"pt-PT\",\"@id\":\"https:\\\/\\\/secure.gravatar.com\\\/avatar\\\/151b1b76c598ab5e749407223bd6c1bad4e41c4e95de3c3df83540ebee2deaf8?s=96&d=mm&r=g\",\"url\":\"https:\\\/\\\/secure.gravatar.com\\\/avatar\\\/151b1b76c598ab5e749407223bd6c1bad4e41c4e95de3c3df83540ebee2deaf8?s=96&d=mm&r=g\",\"contentUrl\":\"https:\\\/\\\/secure.gravatar.com\\\/avatar\\\/151b1b76c598ab5e749407223bd6c1bad4e41c4e95de3c3df83540ebee2deaf8?s=96&d=mm&r=g\",\"caption\":\"Redac\u00e7\u00e3o\"}}]}<\/script>\n<!-- \/ Yoast SEO plugin. -->","yoast_head_json":{"title":"Programa\u00e7\u00e3o da Casa do Coreto em Janeiro | Infocul.pt - Arquivo Digital","description":"Programa\u00e7\u00e3o da Casa do Coreto em Janeiro | Infocul.pt - Arquivo Digital","robots":{"index":"noindex","follow":"follow","max-snippet":"max-snippet:-1","max-image-preview":"max-image-preview:large","max-video-preview":"max-video-preview:-1"},"og_locale":"pt_PT","og_type":"article","og_title":"Programa\u00e7\u00e3o da Casa do Coreto em Janeiro | Infocul.pt - Arquivo Digital","og_description":"Programa\u00e7\u00e3o da Casa do Coreto em Janeiro | Infocul.pt - Arquivo Digital","og_url":"https:\/\/infocul.pt\/arquivo\/cultura\/programacao-da-casa-coreto-em-janeiro\/","og_site_name":"Infocul.pt - Arquivo Digital","article_publisher":"https:\/\/www.facebook.com\/Infocul-147816815585015\/","article_published_time":"2017-01-06T15:01:31+00:00","og_image":[{"width":500,"height":264,"url":"https:\/\/infocul.pt\/arquivo\/wp-content\/uploads\/2017\/01\/casa-do-coreto.png","type":"image\/png"}],"author":"Redac\u00e7\u00e3o","twitter_card":"summary_large_image","twitter_creator":"@Infoculpt","twitter_site":"@Infoculpt","twitter_misc":{"Escrito por":"Redac\u00e7\u00e3o","Tempo estimado de leitura":"3 minutos"},"schema":{"@context":"https:\/\/schema.org","@graph":[{"@type":"Article","@id":"https:\/\/infocul.pt\/arquivo\/cultura\/programacao-da-casa-coreto-em-janeiro\/#article","isPartOf":{"@id":"https:\/\/infocul.pt\/arquivo\/cultura\/programacao-da-casa-coreto-em-janeiro\/"},"author":{"name":"Redac\u00e7\u00e3o","@id":"https:\/\/infocul.pt\/arquivo\/#\/schema\/person\/f243f45ae8d67639120a7586884f3abc"},"headline":"Programa\u00e7\u00e3o da Casa do Coreto em Janeiro","datePublished":"2017-01-06T15:01:31+00:00","mainEntityOfPage":{"@id":"https:\/\/infocul.pt\/arquivo\/cultura\/programacao-da-casa-coreto-em-janeiro\/"},"wordCount":655,"commentCount":0,"publisher":{"@id":"https:\/\/infocul.pt\/arquivo\/#organization"},"image":{"@id":"https:\/\/infocul.pt\/arquivo\/cultura\/programacao-da-casa-coreto-em-janeiro\/#primaryimage"},"thumbnailUrl":"https:\/\/infocul.pt\/arquivo\/wp-content\/uploads\/2017\/01\/casa-do-coreto.png","keywords":["Casa do Coreto"],"articleSection":["Cultura","Teatro"],"inLanguage":"pt-PT"},{"@type":"WebPage","@id":"https:\/\/infocul.pt\/arquivo\/cultura\/programacao-da-casa-coreto-em-janeiro\/","url":"https:\/\/infocul.pt\/arquivo\/cultura\/programacao-da-casa-coreto-em-janeiro\/","name":"Programa\u00e7\u00e3o da Casa do Coreto em Janeiro | Infocul.pt - Arquivo Digital","isPartOf":{"@id":"https:\/\/infocul.pt\/arquivo\/#website"},"primaryImageOfPage":{"@id":"https:\/\/infocul.pt\/arquivo\/cultura\/programacao-da-casa-coreto-em-janeiro\/#primaryimage"},"image":{"@id":"https:\/\/infocul.pt\/arquivo\/cultura\/programacao-da-casa-coreto-em-janeiro\/#primaryimage"},"thumbnailUrl":"https:\/\/infocul.pt\/arquivo\/wp-content\/uploads\/2017\/01\/casa-do-coreto.png","datePublished":"2017-01-06T15:01:31+00:00","description":"Programa\u00e7\u00e3o da Casa do Coreto em Janeiro | Infocul.pt - Arquivo Digital","breadcrumb":{"@id":"https:\/\/infocul.pt\/arquivo\/cultura\/programacao-da-casa-coreto-em-janeiro\/#breadcrumb"},"inLanguage":"pt-PT","potentialAction":[{"@type":"ReadAction","target":["https:\/\/infocul.pt\/arquivo\/cultura\/programacao-da-casa-coreto-em-janeiro\/"]}]},{"@type":"ImageObject","inLanguage":"pt-PT","@id":"https:\/\/infocul.pt\/arquivo\/cultura\/programacao-da-casa-coreto-em-janeiro\/#primaryimage","url":"https:\/\/infocul.pt\/arquivo\/wp-content\/uploads\/2017\/01\/casa-do-coreto.png","contentUrl":"https:\/\/infocul.pt\/arquivo\/wp-content\/uploads\/2017\/01\/casa-do-coreto.png","width":500,"height":264},{"@type":"BreadcrumbList","@id":"https:\/\/infocul.pt\/arquivo\/cultura\/programacao-da-casa-coreto-em-janeiro\/#breadcrumb","itemListElement":[{"@type":"ListItem","position":1,"name":"Home","item":"https:\/\/infocul.pt\/arquivo\/"},{"@type":"ListItem","position":2,"name":"Programa\u00e7\u00e3o da Casa do Coreto em Janeiro"}]},{"@type":"WebSite","@id":"https:\/\/infocul.pt\/arquivo\/#website","url":"https:\/\/infocul.pt\/arquivo\/","name":"Infocul.pt - Arquivo Digital","description":"Arquivo digital da Infocul.pt","publisher":{"@id":"https:\/\/infocul.pt\/arquivo\/#organization"},"potentialAction":[{"@type":"SearchAction","target":{"@type":"EntryPoint","urlTemplate":"https:\/\/infocul.pt\/arquivo\/?s={search_term_string}"},"query-input":{"@type":"PropertyValueSpecification","valueRequired":true,"valueName":"search_term_string"}}],"inLanguage":"pt-PT"},{"@type":"Organization","@id":"https:\/\/infocul.pt\/arquivo\/#organization","name":"Infocul.pt","url":"https:\/\/infocul.pt\/arquivo\/","logo":{"@type":"ImageObject","inLanguage":"pt-PT","@id":"https:\/\/infocul.pt\/arquivo\/#\/schema\/logo\/image\/","url":"https:\/\/infocul.pt\/arquivo\/wp-content\/uploads\/2018\/12\/Infocul_logo-1.png","contentUrl":"https:\/\/infocul.pt\/arquivo\/wp-content\/uploads\/2018\/12\/Infocul_logo-1.png","width":800,"height":800,"caption":"Infocul.pt"},"image":{"@id":"https:\/\/infocul.pt\/arquivo\/#\/schema\/logo\/image\/"},"sameAs":["https:\/\/www.facebook.com\/Infocul-147816815585015\/","https:\/\/x.com\/Infoculpt","http:\/\/www.pictaram.com\/user\/infocul.pt\/2370423710","https:\/\/www.youtube.com\/channel\/UCYEB91AGI9FL9ek2i_IaQAA"]},{"@type":"Person","@id":"https:\/\/infocul.pt\/arquivo\/#\/schema\/person\/f243f45ae8d67639120a7586884f3abc","name":"Redac\u00e7\u00e3o","image":{"@type":"ImageObject","inLanguage":"pt-PT","@id":"https:\/\/secure.gravatar.com\/avatar\/151b1b76c598ab5e749407223bd6c1bad4e41c4e95de3c3df83540ebee2deaf8?s=96&d=mm&r=g","url":"https:\/\/secure.gravatar.com\/avatar\/151b1b76c598ab5e749407223bd6c1bad4e41c4e95de3c3df83540ebee2deaf8?s=96&d=mm&r=g","contentUrl":"https:\/\/secure.gravatar.com\/avatar\/151b1b76c598ab5e749407223bd6c1bad4e41c4e95de3c3df83540ebee2deaf8?s=96&d=mm&r=g","caption":"Redac\u00e7\u00e3o"}}]}},"_links":{"self":[{"href":"https:\/\/infocul.pt\/arquivo\/wp-json\/wp\/v2\/posts\/17766","targetHints":{"allow":["GET"]}}],"collection":[{"href":"https:\/\/infocul.pt\/arquivo\/wp-json\/wp\/v2\/posts"}],"about":[{"href":"https:\/\/infocul.pt\/arquivo\/wp-json\/wp\/v2\/types\/post"}],"author":[{"embeddable":true,"href":"https:\/\/infocul.pt\/arquivo\/wp-json\/wp\/v2\/users\/13"}],"replies":[{"embeddable":true,"href":"https:\/\/infocul.pt\/arquivo\/wp-json\/wp\/v2\/comments?post=17766"}],"version-history":[{"count":0,"href":"https:\/\/infocul.pt\/arquivo\/wp-json\/wp\/v2\/posts\/17766\/revisions"}],"wp:featuredmedia":[{"embeddable":true,"href":"https:\/\/infocul.pt\/arquivo\/wp-json\/wp\/v2\/media\/17768"}],"wp:attachment":[{"href":"https:\/\/infocul.pt\/arquivo\/wp-json\/wp\/v2\/media?parent=17766"}],"wp:term":[{"taxonomy":"category","embeddable":true,"href":"https:\/\/infocul.pt\/arquivo\/wp-json\/wp\/v2\/categories?post=17766"},{"taxonomy":"post_tag","embeddable":true,"href":"https:\/\/infocul.pt\/arquivo\/wp-json\/wp\/v2\/tags?post=17766"}],"curies":[{"name":"wp","href":"https:\/\/api.w.org\/{rel}","templated":true}]}}