{"id":18345,"date":"2017-01-19T09:38:01","date_gmt":"2017-01-19T09:38:01","guid":{"rendered":"http:\/\/infocul.pt\/?p=18345"},"modified":"2017-01-19T09:38:01","modified_gmt":"2017-01-19T09:38:01","slug":"fronteiras-xxi-e-o-novo-programa-de-debate-da-rtp-3","status":"publish","type":"post","link":"https:\/\/infocul.pt\/arquivo\/actualidade\/fronteiras-xxi-e-o-novo-programa-de-debate-da-rtp-3\/","title":{"rendered":"&#8220;Fronteiras XXI&#8221; \u00e9 o novo programa de debate da RTP 3"},"content":{"rendered":"<p><img decoding=\"async\" class=\"aligncenter wp-image-18352 size-full lazyload\" data-src=\"http:\/\/infocul.pt\/wp-content\/uploads\/2017\/01\/Fronteiras-XXI.png\" alt=\"Fronteiras XXI\" width=\"794\" height=\"448\" data-srcset=\"https:\/\/infocul.pt\/arquivo\/wp-content\/uploads\/2017\/01\/Fronteiras-XXI.png 794w, https:\/\/infocul.pt\/arquivo\/wp-content\/uploads\/2017\/01\/Fronteiras-XXI-300x169.png 300w, https:\/\/infocul.pt\/arquivo\/wp-content\/uploads\/2017\/01\/Fronteiras-XXI-768x433.png 768w\" data-sizes=\"(max-width: 794px) 100vw, 794px\" src=\"data:image\/svg+xml;base64,PHN2ZyB3aWR0aD0iMSIgaGVpZ2h0PSIxIiB4bWxucz0iaHR0cDovL3d3dy53My5vcmcvMjAwMC9zdmciPjwvc3ZnPg==\" style=\"--smush-placeholder-width: 794px; --smush-placeholder-aspect-ratio: 794\/448;\" \/><\/p>\n<p>&nbsp;<\/p>\n<p><span style=\"color: #000000; font-family: Calibri;\">A RTP3 estreia no dia 01 de Fevereiro, \u00e0s 22:00, um programa mensal que promete debater os temas que desafiam Portugal e o mundo. Em &#8220;Fronteiras XXI&#8221; conceituados especialistas nacionais e\/ou internacionais v\u00e3o ser colocados frente a frente perante uma plateia seleccionada.<\/span><!--more--><\/p>\n<p><span style=\"color: #000000; font-family: Calibri;\">\u00a0<\/span><\/p>\n<p><span style=\"color: #000000; font-family: Calibri;\">\u00a0<\/span><\/p>\n<p><span style=\"color: #000000; font-family: Calibri;\">Ao longo de dez debates, de 90 minutos cada, moderados pelo jornalista da RTP Carlos Daniel, v\u00e3o discutir-se alguns temas que marcam a actualidade, mas tamb\u00e9m outros, menos medi\u00e1ticos que afectam o nosso dia-a-dia. Durante estas emiss\u00f5es vai se falar sobre o presente e pensar no futuro.<\/span><\/p>\n<p><span style=\"color: #000000; font-family: Calibri;\">\u00a0<\/span><\/p>\n<p><span style=\"color: #000000; font-family: Calibri;\">\u00a0<\/span><\/p>\n<p><span style=\"color: #000000; font-family: Calibri;\">O programa de estreia, que vai ser emitido no dia 01 de Fevereiro \u00e0s 22:00, tem como t\u00edtulo &#8220;O Populismo Tem Ideologia?&#8221; e vai decorrer no Teatro Thalia. Em directo o programa vai contar com convidados especiais como: o Presidente da Rep\u00fablica, Marcelo Rebelo de Sousa; a professora da Universidade de York, M\u00f3nica Brito Vieira e o cronista e professor universit\u00e1rio Jo\u00e3o Pereira Coutinho v\u00e3o debater o populismo, hoje considerado a principal amea\u00e7a \u00e0 democracia na Europa. Do Reino Unido, \u00e0 \u00c1ustria, de Espanha a It\u00e1lia, os partidos anti-sistema, que defendem a vontade do povo contra as elites, est\u00e3o a ganhar for\u00e7a.<\/span><\/p>\n<p><span style=\"color: #000000; font-family: Calibri;\">\u00a0<\/span><\/p>\n<p><span style=\"color: #000000; font-family: Calibri;\">\u00a0<\/span><\/p>\n<p><span style=\"color: #000000; font-family: Calibri;\">O populismo n\u00e3o \u00e9 um fen\u00f3meno novo, mas tem encontrado eco em partidos da direita \u00e0 esquerda europeia, aproveitando o descontentamento dos cidad\u00e3os com a crise financeira e as institui\u00e7\u00f5es comunit\u00e1rias, o medo provocado pela amea\u00e7a terrorista e pelo fluxo de imigrantes a chegar \u00e0 Uni\u00e3o Europeia.\u00a0<\/span><\/p>\n<p><span style=\"color: #000000; font-family: Calibri;\">\u00a0<\/span><\/p>\n<p><span style=\"color: #000000; font-family: Calibri;\">\u00a0<\/span><\/p>\n<p><span style=\"color: #000000; font-family: Calibri;\">A elei\u00e7\u00e3o de Trump nos EUA poder\u00e1 ter um efeito domin\u00f3 na Europa, que se prepara para elei\u00e7\u00f5es em Fran\u00e7a, Holanda e na Alemanha? S\u00e3o estas algumas das respostas a que o &#8220;Fronteiras XXI&#8221; pretende esclarecer neste primeiro debate.<\/span><\/p>\n<p><span style=\"color: #000000; font-family: Calibri;\">\u00a0<\/span><\/p>\n<p><span style=\"color: #000000; font-family: Calibri;\">\u00a0<\/span><\/p>\n<p><span style=\"color: #000000; font-family: Calibri;\">O debate vai ser alargado \u00e0s plataformas digitais em &#8220;Fronteiras XXI&#8221;. O p\u00fablico vai ser desafiado a saber mais sobre os temas em discuss\u00e3o e at\u00e9 a participar no programa ao vivo, deixando perguntas a cada um dos convidados atrav\u00e9s do site (www.fronteirasxxi.pt). O programa resulta de uma parceria entre a Funda\u00e7\u00e3o Francisco Manuel dos Santos e a RTP.<\/span><\/p>\n","protected":false},"excerpt":{"rendered":"<p>&nbsp; A RTP3 estreia no dia 01 de Fevereiro, \u00e0s 22:00, um programa mensal que promete debater os temas que desafiam Portugal e o mundo. Em &#8220;Fronteiras XXI&#8221; conceituados especialistas nacionais e\/ou internacionais v\u00e3o ser colocados frente a frente perante uma plateia seleccionada.<\/p>\n","protected":false},"author":13,"featured_media":18352,"comment_status":"open","ping_status":"closed","sticky":false,"template":"","format":"standard","meta":{"footnotes":""},"categories":[10,14],"tags":[137],"class_list":["post-18345","post","type-post","status-publish","format-standard","has-post-thumbnail","hentry","category-actualidade","category-televisao","tag-rtp-3"],"yoast_head":"<!-- This site is optimized with the Yoast SEO plugin v27.4 - https:\/\/yoast.com\/product\/yoast-seo-wordpress\/ -->\n<title>&quot;Fronteiras XXI&quot; \u00e9 o novo programa de debate da RTP 3 | Infocul.pt - Arquivo Digital<\/title>\n<meta name=\"description\" content=\"&quot;Fronteiras XXI&quot; \u00e9 o novo programa de debate da RTP 3 | Infocul.pt - Arquivo Digital\" \/>\n<meta name=\"robots\" content=\"noindex, follow, max-snippet:-1, max-image-preview:large, max-video-preview:-1\" \/>\n<meta property=\"og:locale\" content=\"pt_PT\" \/>\n<meta property=\"og:type\" content=\"article\" \/>\n<meta property=\"og:title\" content=\"&quot;Fronteiras XXI&quot; \u00e9 o novo programa de debate da RTP 3 | Infocul.pt - Arquivo Digital\" \/>\n<meta property=\"og:description\" content=\"&quot;Fronteiras XXI&quot; \u00e9 o novo programa de debate da RTP 3 | Infocul.pt - Arquivo Digital\" \/>\n<meta property=\"og:url\" content=\"https:\/\/infocul.pt\/arquivo\/actualidade\/fronteiras-xxi-e-o-novo-programa-de-debate-da-rtp-3\/\" \/>\n<meta property=\"og:site_name\" content=\"Infocul.pt - Arquivo Digital\" \/>\n<meta property=\"article:publisher\" content=\"https:\/\/www.facebook.com\/Infocul-147816815585015\/\" \/>\n<meta property=\"article:published_time\" content=\"2017-01-19T09:38:01+00:00\" \/>\n<meta property=\"og:image\" content=\"https:\/\/infocul.pt\/arquivo\/wp-content\/uploads\/2017\/01\/Fronteiras-XXI.png\" \/>\n\t<meta property=\"og:image:width\" content=\"794\" \/>\n\t<meta property=\"og:image:height\" content=\"448\" \/>\n\t<meta property=\"og:image:type\" content=\"image\/png\" \/>\n<meta name=\"author\" content=\"Redac\u00e7\u00e3o\" \/>\n<meta name=\"twitter:card\" content=\"summary_large_image\" \/>\n<meta name=\"twitter:creator\" content=\"@Infoculpt\" \/>\n<meta name=\"twitter:site\" content=\"@Infoculpt\" \/>\n<meta name=\"twitter:label1\" content=\"Escrito por\" \/>\n\t<meta name=\"twitter:data1\" content=\"Redac\u00e7\u00e3o\" \/>\n\t<meta name=\"twitter:label2\" content=\"Tempo estimado de leitura\" \/>\n\t<meta name=\"twitter:data2\" content=\"2 minutos\" \/>\n<script type=\"application\/ld+json\" class=\"yoast-schema-graph\">{\"@context\":\"https:\\\/\\\/schema.org\",\"@graph\":[{\"@type\":\"Article\",\"@id\":\"https:\\\/\\\/infocul.pt\\\/arquivo\\\/actualidade\\\/fronteiras-xxi-e-o-novo-programa-de-debate-da-rtp-3\\\/#article\",\"isPartOf\":{\"@id\":\"https:\\\/\\\/infocul.pt\\\/arquivo\\\/actualidade\\\/fronteiras-xxi-e-o-novo-programa-de-debate-da-rtp-3\\\/\"},\"author\":{\"name\":\"Redac\u00e7\u00e3o\",\"@id\":\"https:\\\/\\\/infocul.pt\\\/arquivo\\\/#\\\/schema\\\/person\\\/f243f45ae8d67639120a7586884f3abc\"},\"headline\":\"&#8220;Fronteiras XXI&#8221; \u00e9 o novo programa de debate da RTP 3\",\"datePublished\":\"2017-01-19T09:38:01+00:00\",\"mainEntityOfPage\":{\"@id\":\"https:\\\/\\\/infocul.pt\\\/arquivo\\\/actualidade\\\/fronteiras-xxi-e-o-novo-programa-de-debate-da-rtp-3\\\/\"},\"wordCount\":369,\"commentCount\":0,\"publisher\":{\"@id\":\"https:\\\/\\\/infocul.pt\\\/arquivo\\\/#organization\"},\"image\":{\"@id\":\"https:\\\/\\\/infocul.pt\\\/arquivo\\\/actualidade\\\/fronteiras-xxi-e-o-novo-programa-de-debate-da-rtp-3\\\/#primaryimage\"},\"thumbnailUrl\":\"https:\\\/\\\/infocul.pt\\\/arquivo\\\/wp-content\\\/uploads\\\/2017\\\/01\\\/Fronteiras-XXI.png\",\"keywords\":[\"RTP 3\"],\"articleSection\":[\"Actualidade\",\"Televis\u00e3o\"],\"inLanguage\":\"pt-PT\"},{\"@type\":\"WebPage\",\"@id\":\"https:\\\/\\\/infocul.pt\\\/arquivo\\\/actualidade\\\/fronteiras-xxi-e-o-novo-programa-de-debate-da-rtp-3\\\/\",\"url\":\"https:\\\/\\\/infocul.pt\\\/arquivo\\\/actualidade\\\/fronteiras-xxi-e-o-novo-programa-de-debate-da-rtp-3\\\/\",\"name\":\"\\\"Fronteiras XXI\\\" \u00e9 o novo programa de debate da RTP 3 | Infocul.pt - Arquivo Digital\",\"isPartOf\":{\"@id\":\"https:\\\/\\\/infocul.pt\\\/arquivo\\\/#website\"},\"primaryImageOfPage\":{\"@id\":\"https:\\\/\\\/infocul.pt\\\/arquivo\\\/actualidade\\\/fronteiras-xxi-e-o-novo-programa-de-debate-da-rtp-3\\\/#primaryimage\"},\"image\":{\"@id\":\"https:\\\/\\\/infocul.pt\\\/arquivo\\\/actualidade\\\/fronteiras-xxi-e-o-novo-programa-de-debate-da-rtp-3\\\/#primaryimage\"},\"thumbnailUrl\":\"https:\\\/\\\/infocul.pt\\\/arquivo\\\/wp-content\\\/uploads\\\/2017\\\/01\\\/Fronteiras-XXI.png\",\"datePublished\":\"2017-01-19T09:38:01+00:00\",\"description\":\"\\\"Fronteiras XXI\\\" \u00e9 o novo programa de debate da RTP 3 | Infocul.pt - Arquivo Digital\",\"breadcrumb\":{\"@id\":\"https:\\\/\\\/infocul.pt\\\/arquivo\\\/actualidade\\\/fronteiras-xxi-e-o-novo-programa-de-debate-da-rtp-3\\\/#breadcrumb\"},\"inLanguage\":\"pt-PT\",\"potentialAction\":[{\"@type\":\"ReadAction\",\"target\":[\"https:\\\/\\\/infocul.pt\\\/arquivo\\\/actualidade\\\/fronteiras-xxi-e-o-novo-programa-de-debate-da-rtp-3\\\/\"]}]},{\"@type\":\"ImageObject\",\"inLanguage\":\"pt-PT\",\"@id\":\"https:\\\/\\\/infocul.pt\\\/arquivo\\\/actualidade\\\/fronteiras-xxi-e-o-novo-programa-de-debate-da-rtp-3\\\/#primaryimage\",\"url\":\"https:\\\/\\\/infocul.pt\\\/arquivo\\\/wp-content\\\/uploads\\\/2017\\\/01\\\/Fronteiras-XXI.png\",\"contentUrl\":\"https:\\\/\\\/infocul.pt\\\/arquivo\\\/wp-content\\\/uploads\\\/2017\\\/01\\\/Fronteiras-XXI.png\",\"width\":794,\"height\":448},{\"@type\":\"BreadcrumbList\",\"@id\":\"https:\\\/\\\/infocul.pt\\\/arquivo\\\/actualidade\\\/fronteiras-xxi-e-o-novo-programa-de-debate-da-rtp-3\\\/#breadcrumb\",\"itemListElement\":[{\"@type\":\"ListItem\",\"position\":1,\"name\":\"Home\",\"item\":\"https:\\\/\\\/infocul.pt\\\/arquivo\\\/\"},{\"@type\":\"ListItem\",\"position\":2,\"name\":\"&#8220;Fronteiras XXI&#8221; \u00e9 o novo programa de debate da RTP 3\"}]},{\"@type\":\"WebSite\",\"@id\":\"https:\\\/\\\/infocul.pt\\\/arquivo\\\/#website\",\"url\":\"https:\\\/\\\/infocul.pt\\\/arquivo\\\/\",\"name\":\"Infocul.pt - Arquivo Digital\",\"description\":\"Arquivo digital da Infocul.pt\",\"publisher\":{\"@id\":\"https:\\\/\\\/infocul.pt\\\/arquivo\\\/#organization\"},\"potentialAction\":[{\"@type\":\"SearchAction\",\"target\":{\"@type\":\"EntryPoint\",\"urlTemplate\":\"https:\\\/\\\/infocul.pt\\\/arquivo\\\/?s={search_term_string}\"},\"query-input\":{\"@type\":\"PropertyValueSpecification\",\"valueRequired\":true,\"valueName\":\"search_term_string\"}}],\"inLanguage\":\"pt-PT\"},{\"@type\":\"Organization\",\"@id\":\"https:\\\/\\\/infocul.pt\\\/arquivo\\\/#organization\",\"name\":\"Infocul.pt\",\"url\":\"https:\\\/\\\/infocul.pt\\\/arquivo\\\/\",\"logo\":{\"@type\":\"ImageObject\",\"inLanguage\":\"pt-PT\",\"@id\":\"https:\\\/\\\/infocul.pt\\\/arquivo\\\/#\\\/schema\\\/logo\\\/image\\\/\",\"url\":\"https:\\\/\\\/infocul.pt\\\/arquivo\\\/wp-content\\\/uploads\\\/2018\\\/12\\\/Infocul_logo-1.png\",\"contentUrl\":\"https:\\\/\\\/infocul.pt\\\/arquivo\\\/wp-content\\\/uploads\\\/2018\\\/12\\\/Infocul_logo-1.png\",\"width\":800,\"height\":800,\"caption\":\"Infocul.pt\"},\"image\":{\"@id\":\"https:\\\/\\\/infocul.pt\\\/arquivo\\\/#\\\/schema\\\/logo\\\/image\\\/\"},\"sameAs\":[\"https:\\\/\\\/www.facebook.com\\\/Infocul-147816815585015\\\/\",\"https:\\\/\\\/x.com\\\/Infoculpt\",\"http:\\\/\\\/www.pictaram.com\\\/user\\\/infocul.pt\\\/2370423710\",\"https:\\\/\\\/www.youtube.com\\\/channel\\\/UCYEB91AGI9FL9ek2i_IaQAA\"]},{\"@type\":\"Person\",\"@id\":\"https:\\\/\\\/infocul.pt\\\/arquivo\\\/#\\\/schema\\\/person\\\/f243f45ae8d67639120a7586884f3abc\",\"name\":\"Redac\u00e7\u00e3o\",\"image\":{\"@type\":\"ImageObject\",\"inLanguage\":\"pt-PT\",\"@id\":\"https:\\\/\\\/secure.gravatar.com\\\/avatar\\\/151b1b76c598ab5e749407223bd6c1bad4e41c4e95de3c3df83540ebee2deaf8?s=96&d=mm&r=g\",\"url\":\"https:\\\/\\\/secure.gravatar.com\\\/avatar\\\/151b1b76c598ab5e749407223bd6c1bad4e41c4e95de3c3df83540ebee2deaf8?s=96&d=mm&r=g\",\"contentUrl\":\"https:\\\/\\\/secure.gravatar.com\\\/avatar\\\/151b1b76c598ab5e749407223bd6c1bad4e41c4e95de3c3df83540ebee2deaf8?s=96&d=mm&r=g\",\"caption\":\"Redac\u00e7\u00e3o\"}}]}<\/script>\n<!-- \/ Yoast SEO plugin. -->","yoast_head_json":{"title":"\"Fronteiras XXI\" \u00e9 o novo programa de debate da RTP 3 | Infocul.pt - Arquivo Digital","description":"\"Fronteiras XXI\" \u00e9 o novo programa de debate da RTP 3 | Infocul.pt - Arquivo Digital","robots":{"index":"noindex","follow":"follow","max-snippet":"max-snippet:-1","max-image-preview":"max-image-preview:large","max-video-preview":"max-video-preview:-1"},"og_locale":"pt_PT","og_type":"article","og_title":"\"Fronteiras XXI\" \u00e9 o novo programa de debate da RTP 3 | Infocul.pt - Arquivo Digital","og_description":"\"Fronteiras XXI\" \u00e9 o novo programa de debate da RTP 3 | Infocul.pt - Arquivo Digital","og_url":"https:\/\/infocul.pt\/arquivo\/actualidade\/fronteiras-xxi-e-o-novo-programa-de-debate-da-rtp-3\/","og_site_name":"Infocul.pt - Arquivo Digital","article_publisher":"https:\/\/www.facebook.com\/Infocul-147816815585015\/","article_published_time":"2017-01-19T09:38:01+00:00","og_image":[{"width":794,"height":448,"url":"https:\/\/infocul.pt\/arquivo\/wp-content\/uploads\/2017\/01\/Fronteiras-XXI.png","type":"image\/png"}],"author":"Redac\u00e7\u00e3o","twitter_card":"summary_large_image","twitter_creator":"@Infoculpt","twitter_site":"@Infoculpt","twitter_misc":{"Escrito por":"Redac\u00e7\u00e3o","Tempo estimado de leitura":"2 minutos"},"schema":{"@context":"https:\/\/schema.org","@graph":[{"@type":"Article","@id":"https:\/\/infocul.pt\/arquivo\/actualidade\/fronteiras-xxi-e-o-novo-programa-de-debate-da-rtp-3\/#article","isPartOf":{"@id":"https:\/\/infocul.pt\/arquivo\/actualidade\/fronteiras-xxi-e-o-novo-programa-de-debate-da-rtp-3\/"},"author":{"name":"Redac\u00e7\u00e3o","@id":"https:\/\/infocul.pt\/arquivo\/#\/schema\/person\/f243f45ae8d67639120a7586884f3abc"},"headline":"&#8220;Fronteiras XXI&#8221; \u00e9 o novo programa de debate da RTP 3","datePublished":"2017-01-19T09:38:01+00:00","mainEntityOfPage":{"@id":"https:\/\/infocul.pt\/arquivo\/actualidade\/fronteiras-xxi-e-o-novo-programa-de-debate-da-rtp-3\/"},"wordCount":369,"commentCount":0,"publisher":{"@id":"https:\/\/infocul.pt\/arquivo\/#organization"},"image":{"@id":"https:\/\/infocul.pt\/arquivo\/actualidade\/fronteiras-xxi-e-o-novo-programa-de-debate-da-rtp-3\/#primaryimage"},"thumbnailUrl":"https:\/\/infocul.pt\/arquivo\/wp-content\/uploads\/2017\/01\/Fronteiras-XXI.png","keywords":["RTP 3"],"articleSection":["Actualidade","Televis\u00e3o"],"inLanguage":"pt-PT"},{"@type":"WebPage","@id":"https:\/\/infocul.pt\/arquivo\/actualidade\/fronteiras-xxi-e-o-novo-programa-de-debate-da-rtp-3\/","url":"https:\/\/infocul.pt\/arquivo\/actualidade\/fronteiras-xxi-e-o-novo-programa-de-debate-da-rtp-3\/","name":"\"Fronteiras XXI\" \u00e9 o novo programa de debate da RTP 3 | Infocul.pt - Arquivo Digital","isPartOf":{"@id":"https:\/\/infocul.pt\/arquivo\/#website"},"primaryImageOfPage":{"@id":"https:\/\/infocul.pt\/arquivo\/actualidade\/fronteiras-xxi-e-o-novo-programa-de-debate-da-rtp-3\/#primaryimage"},"image":{"@id":"https:\/\/infocul.pt\/arquivo\/actualidade\/fronteiras-xxi-e-o-novo-programa-de-debate-da-rtp-3\/#primaryimage"},"thumbnailUrl":"https:\/\/infocul.pt\/arquivo\/wp-content\/uploads\/2017\/01\/Fronteiras-XXI.png","datePublished":"2017-01-19T09:38:01+00:00","description":"\"Fronteiras XXI\" \u00e9 o novo programa de debate da RTP 3 | Infocul.pt - Arquivo Digital","breadcrumb":{"@id":"https:\/\/infocul.pt\/arquivo\/actualidade\/fronteiras-xxi-e-o-novo-programa-de-debate-da-rtp-3\/#breadcrumb"},"inLanguage":"pt-PT","potentialAction":[{"@type":"ReadAction","target":["https:\/\/infocul.pt\/arquivo\/actualidade\/fronteiras-xxi-e-o-novo-programa-de-debate-da-rtp-3\/"]}]},{"@type":"ImageObject","inLanguage":"pt-PT","@id":"https:\/\/infocul.pt\/arquivo\/actualidade\/fronteiras-xxi-e-o-novo-programa-de-debate-da-rtp-3\/#primaryimage","url":"https:\/\/infocul.pt\/arquivo\/wp-content\/uploads\/2017\/01\/Fronteiras-XXI.png","contentUrl":"https:\/\/infocul.pt\/arquivo\/wp-content\/uploads\/2017\/01\/Fronteiras-XXI.png","width":794,"height":448},{"@type":"BreadcrumbList","@id":"https:\/\/infocul.pt\/arquivo\/actualidade\/fronteiras-xxi-e-o-novo-programa-de-debate-da-rtp-3\/#breadcrumb","itemListElement":[{"@type":"ListItem","position":1,"name":"Home","item":"https:\/\/infocul.pt\/arquivo\/"},{"@type":"ListItem","position":2,"name":"&#8220;Fronteiras XXI&#8221; \u00e9 o novo programa de debate da RTP 3"}]},{"@type":"WebSite","@id":"https:\/\/infocul.pt\/arquivo\/#website","url":"https:\/\/infocul.pt\/arquivo\/","name":"Infocul.pt - Arquivo Digital","description":"Arquivo digital da Infocul.pt","publisher":{"@id":"https:\/\/infocul.pt\/arquivo\/#organization"},"potentialAction":[{"@type":"SearchAction","target":{"@type":"EntryPoint","urlTemplate":"https:\/\/infocul.pt\/arquivo\/?s={search_term_string}"},"query-input":{"@type":"PropertyValueSpecification","valueRequired":true,"valueName":"search_term_string"}}],"inLanguage":"pt-PT"},{"@type":"Organization","@id":"https:\/\/infocul.pt\/arquivo\/#organization","name":"Infocul.pt","url":"https:\/\/infocul.pt\/arquivo\/","logo":{"@type":"ImageObject","inLanguage":"pt-PT","@id":"https:\/\/infocul.pt\/arquivo\/#\/schema\/logo\/image\/","url":"https:\/\/infocul.pt\/arquivo\/wp-content\/uploads\/2018\/12\/Infocul_logo-1.png","contentUrl":"https:\/\/infocul.pt\/arquivo\/wp-content\/uploads\/2018\/12\/Infocul_logo-1.png","width":800,"height":800,"caption":"Infocul.pt"},"image":{"@id":"https:\/\/infocul.pt\/arquivo\/#\/schema\/logo\/image\/"},"sameAs":["https:\/\/www.facebook.com\/Infocul-147816815585015\/","https:\/\/x.com\/Infoculpt","http:\/\/www.pictaram.com\/user\/infocul.pt\/2370423710","https:\/\/www.youtube.com\/channel\/UCYEB91AGI9FL9ek2i_IaQAA"]},{"@type":"Person","@id":"https:\/\/infocul.pt\/arquivo\/#\/schema\/person\/f243f45ae8d67639120a7586884f3abc","name":"Redac\u00e7\u00e3o","image":{"@type":"ImageObject","inLanguage":"pt-PT","@id":"https:\/\/secure.gravatar.com\/avatar\/151b1b76c598ab5e749407223bd6c1bad4e41c4e95de3c3df83540ebee2deaf8?s=96&d=mm&r=g","url":"https:\/\/secure.gravatar.com\/avatar\/151b1b76c598ab5e749407223bd6c1bad4e41c4e95de3c3df83540ebee2deaf8?s=96&d=mm&r=g","contentUrl":"https:\/\/secure.gravatar.com\/avatar\/151b1b76c598ab5e749407223bd6c1bad4e41c4e95de3c3df83540ebee2deaf8?s=96&d=mm&r=g","caption":"Redac\u00e7\u00e3o"}}]}},"_links":{"self":[{"href":"https:\/\/infocul.pt\/arquivo\/wp-json\/wp\/v2\/posts\/18345","targetHints":{"allow":["GET"]}}],"collection":[{"href":"https:\/\/infocul.pt\/arquivo\/wp-json\/wp\/v2\/posts"}],"about":[{"href":"https:\/\/infocul.pt\/arquivo\/wp-json\/wp\/v2\/types\/post"}],"author":[{"embeddable":true,"href":"https:\/\/infocul.pt\/arquivo\/wp-json\/wp\/v2\/users\/13"}],"replies":[{"embeddable":true,"href":"https:\/\/infocul.pt\/arquivo\/wp-json\/wp\/v2\/comments?post=18345"}],"version-history":[{"count":0,"href":"https:\/\/infocul.pt\/arquivo\/wp-json\/wp\/v2\/posts\/18345\/revisions"}],"wp:featuredmedia":[{"embeddable":true,"href":"https:\/\/infocul.pt\/arquivo\/wp-json\/wp\/v2\/media\/18352"}],"wp:attachment":[{"href":"https:\/\/infocul.pt\/arquivo\/wp-json\/wp\/v2\/media?parent=18345"}],"wp:term":[{"taxonomy":"category","embeddable":true,"href":"https:\/\/infocul.pt\/arquivo\/wp-json\/wp\/v2\/categories?post=18345"},{"taxonomy":"post_tag","embeddable":true,"href":"https:\/\/infocul.pt\/arquivo\/wp-json\/wp\/v2\/tags?post=18345"}],"curies":[{"name":"wp","href":"https:\/\/api.w.org\/{rel}","templated":true}]}}