{"id":19451,"date":"2017-02-10T00:30:17","date_gmt":"2017-02-10T00:30:17","guid":{"rendered":"http:\/\/infocul.pt\/?p=19451"},"modified":"2017-02-10T00:30:17","modified_gmt":"2017-02-10T00:30:17","slug":"birds-indie-comemoram-7-anos-com-convidados-ilustres","status":"publish","type":"post","link":"https:\/\/infocul.pt\/arquivo\/cultura\/birds-indie-comemoram-7-anos-com-convidados-ilustres\/","title":{"rendered":"Birds Are Indie comemoram 7 anos com convidados ilustres"},"content":{"rendered":"<p><img decoding=\"async\" class=\"aligncenter wp-image-19452 size-full lazyload\" data-src=\"http:\/\/infocul.pt\/wp-content\/uploads\/2017\/02\/Birds.jpg\" alt=\"Birds\" width=\"1200\" height=\"1697\" data-srcset=\"https:\/\/infocul.pt\/arquivo\/wp-content\/uploads\/2017\/02\/Birds.jpg 1200w, https:\/\/infocul.pt\/arquivo\/wp-content\/uploads\/2017\/02\/Birds-212x300.jpg 212w, https:\/\/infocul.pt\/arquivo\/wp-content\/uploads\/2017\/02\/Birds-768x1086.jpg 768w, https:\/\/infocul.pt\/arquivo\/wp-content\/uploads\/2017\/02\/Birds-724x1024.jpg 724w\" data-sizes=\"(max-width: 1200px) 100vw, 1200px\" src=\"data:image\/svg+xml;base64,PHN2ZyB3aWR0aD0iMSIgaGVpZ2h0PSIxIiB4bWxucz0iaHR0cDovL3d3dy53My5vcmcvMjAwMC9zdmciPjwvc3ZnPg==\" style=\"--smush-placeholder-width: 1200px; --smush-placeholder-aspect-ratio: 1200\/1697;\" \/><\/p>\n<p>&nbsp;<\/p>\n<p><span style=\"color: #000000; font-family: Calibri;\">O<\/span><span style=\"color: #000000; font-family: Calibri;\">s Birds Are Indie comemoram 7 anos de exist\u00eancia e para assinalarem a data v\u00e3o trazer a palco alguns convidados ilustres. O concerto comemorativo desta data especial para a banda acontece no Teatro da Cerca de S\u00e3o Bernardo (TCSB), em Coimbra, \u00e0s 21:30 do dia 18 de Fevereiro.<\/span><!--more--><\/p>\n<p><span style=\"color: #000000; font-family: Calibri;\">\u00a0<\/span><\/p>\n<p><span style=\"color: #000000; font-family: Calibri;\">\u00a0<\/span><\/p>\n<p><span style=\"color: #000000; font-family: Calibri;\">&#8220;Seven years of luck&#8221; \u00e9 o t\u00edtulo do espect\u00e1culo comemorativo dos 7 anos de exist\u00eancia como banda do trio conimbricense que n\u00e3o imaginavam algum dia tocar ao vivo, mas receberam o primeiro convite, o que levou a concertos por todo o pa\u00eds e por Espanha. Ao longo dos anos gravaram v\u00e1rios EP&#8217;s e 3 \u00e1lbuns de longa dura\u00e7\u00e3o, um deles em vinyl. A 18 de Fevereiro o grupo vai celebrar o trabalho realizado junto dos amigos, m\u00fasicos com os quais os Birds Are Indie se cruzaram ao longo dos anos.<\/span><\/p>\n<p><span style=\"color: #000000; font-family: Calibri;\">\u00a0<\/span><\/p>\n<p><span style=\"color: #000000; font-family: Calibri;\">\u00a0<\/span><\/p>\n<p><span style=\"color: #000000; font-family: Calibri;\">Os convidados especiais para este concerto no TCSB s\u00e3o: Carlos Mendes (The Twist Connection), Jo\u00e3o Rui (a Jigsaw), Jorri (a Jigsaw), Jorge Ferreira (The Guys From The Caravan), Jos\u00e9 Rebola (Anaquim), Paula Nozzari (a Jigsaw), Pedro Chau (Ghost Hunt), Toni Fortuna (d3\u00f6), Tracy Vandal (Tiguana Bibles) e Victor Torpedo (The Parkinsons).<\/span><\/p>\n<p><span style=\"color: #000000; font-family: Calibri;\">\u00a0<\/span><\/p>\n<p><span style=\"color: #000000; font-family: Calibri;\">\u00a0<\/span><\/p>\n<p><span style=\"color: #000000; font-family: Calibri;\">A seguir ao concerto haver\u00e1 DJsets no bar ODD com Miguel Padilha (Garbage Catz) e Carlos Dias (Subway Riders). Os bilhetes para o concerto dos Birds Are Indie custa 8\u20ac, normal, e 6\u20ac para estudantes, jovens ou maiores de 65 anos.<\/span><\/p>\n<p><span style=\"color: #000000; font-family: Calibri;\">\u00a0<\/span><\/p>\n<p><span style=\"color: #000000; font-family: Calibri;\">\u00a0<\/span><\/p>\n<p><span style=\"color: #000000; font-family: Calibri;\">Depois do concerto do dia 18 de Fevereiro em Coimbra, os Birds Are Indie actuam em S\u00e3o Pedro do Sul (24 de Fevereiro no Roquiv\u00e1rius \u00e0s 22:30), Vila Real (25 de Fevereiro no Festival Boreal \u00e0s 21:30), Lisboa (09 de Mar\u00e7o no The Decadente \u00e0s 22:00 e 10 de Mar\u00e7o na Fnac do Chiado \u00e0s 18:00 e \u00e0s 22:00 na Fnac do Vasco da Gama), Santa Maria da Feira (19 de Abril no Cineteatro Ant\u00f3nio Lamoso \u00e0s 21:30), P\u00f3voa do Varzim (22 de Abril no Cineteatro Garrett \u00e0s 22:00), Guimar\u00e3es (23 de Abril, pelas 17:00, na Fnac), Galiza (18 de Maio no Caf\u00e9 &amp; Pop Torgal; 19 de Maio no Festival Fa Ce La em Lugo; 20 de Maio no Riquela em Santiago de Compostela e 21 de Maio em O N\u00e1utico, O Grove).<\/span><\/p>\n","protected":false},"excerpt":{"rendered":"<p>&nbsp; Os Birds Are Indie comemoram 7 anos de exist\u00eancia e para assinalarem a data v\u00e3o trazer a palco alguns convidados ilustres. O concerto comemorativo desta data especial para a banda acontece no Teatro da Cerca de S\u00e3o Bernardo (TCSB), em Coimbra, \u00e0s 21:30 do dia 18 de Fevereiro.<\/p>\n","protected":false},"author":13,"featured_media":19452,"comment_status":"open","ping_status":"closed","sticky":false,"template":"","format":"standard","meta":{"footnotes":""},"categories":[3,2],"tags":[790],"class_list":["post-19451","post","type-post","status-publish","format-standard","has-post-thumbnail","hentry","category-concertos","category-cultura","tag-birds-are-indie"],"yoast_head":"<!-- This site is optimized with the Yoast SEO plugin v27.4 - https:\/\/yoast.com\/product\/yoast-seo-wordpress\/ -->\n<title>Birds Are Indie comemoram 7 anos com convidados ilustres | Infocul.pt - Arquivo Digital<\/title>\n<meta name=\"description\" content=\"Birds Are Indie comemoram 7 anos com convidados ilustres | Infocul.pt - Arquivo Digital\" \/>\n<meta name=\"robots\" content=\"noindex, follow, max-snippet:-1, max-image-preview:large, max-video-preview:-1\" \/>\n<meta property=\"og:locale\" content=\"pt_PT\" \/>\n<meta property=\"og:type\" content=\"article\" \/>\n<meta property=\"og:title\" content=\"Birds Are Indie comemoram 7 anos com convidados ilustres | Infocul.pt - Arquivo Digital\" \/>\n<meta property=\"og:description\" content=\"Birds Are Indie comemoram 7 anos com convidados ilustres | Infocul.pt - Arquivo Digital\" \/>\n<meta property=\"og:url\" content=\"https:\/\/infocul.pt\/arquivo\/cultura\/birds-indie-comemoram-7-anos-com-convidados-ilustres\/\" \/>\n<meta property=\"og:site_name\" content=\"Infocul.pt - Arquivo Digital\" \/>\n<meta property=\"article:publisher\" content=\"https:\/\/www.facebook.com\/Infocul-147816815585015\/\" \/>\n<meta property=\"article:published_time\" content=\"2017-02-10T00:30:17+00:00\" \/>\n<meta property=\"og:image\" content=\"https:\/\/infocul.pt\/arquivo\/wp-content\/uploads\/2017\/02\/Birds.jpg\" \/>\n\t<meta property=\"og:image:width\" content=\"1200\" \/>\n\t<meta property=\"og:image:height\" content=\"1697\" \/>\n\t<meta property=\"og:image:type\" content=\"image\/jpeg\" \/>\n<meta name=\"author\" content=\"Redac\u00e7\u00e3o\" \/>\n<meta name=\"twitter:card\" content=\"summary_large_image\" \/>\n<meta name=\"twitter:creator\" content=\"@Infoculpt\" \/>\n<meta name=\"twitter:site\" content=\"@Infoculpt\" \/>\n<meta name=\"twitter:label1\" content=\"Escrito por\" \/>\n\t<meta name=\"twitter:data1\" content=\"Redac\u00e7\u00e3o\" \/>\n\t<meta name=\"twitter:label2\" content=\"Tempo estimado de leitura\" \/>\n\t<meta name=\"twitter:data2\" content=\"2 minutos\" \/>\n<script type=\"application\/ld+json\" class=\"yoast-schema-graph\">{\"@context\":\"https:\\\/\\\/schema.org\",\"@graph\":[{\"@type\":\"Article\",\"@id\":\"https:\\\/\\\/infocul.pt\\\/arquivo\\\/cultura\\\/birds-indie-comemoram-7-anos-com-convidados-ilustres\\\/#article\",\"isPartOf\":{\"@id\":\"https:\\\/\\\/infocul.pt\\\/arquivo\\\/cultura\\\/birds-indie-comemoram-7-anos-com-convidados-ilustres\\\/\"},\"author\":{\"name\":\"Redac\u00e7\u00e3o\",\"@id\":\"https:\\\/\\\/infocul.pt\\\/arquivo\\\/#\\\/schema\\\/person\\\/f243f45ae8d67639120a7586884f3abc\"},\"headline\":\"Birds Are Indie comemoram 7 anos com convidados ilustres\",\"datePublished\":\"2017-02-10T00:30:17+00:00\",\"mainEntityOfPage\":{\"@id\":\"https:\\\/\\\/infocul.pt\\\/arquivo\\\/cultura\\\/birds-indie-comemoram-7-anos-com-convidados-ilustres\\\/\"},\"wordCount\":366,\"commentCount\":0,\"publisher\":{\"@id\":\"https:\\\/\\\/infocul.pt\\\/arquivo\\\/#organization\"},\"image\":{\"@id\":\"https:\\\/\\\/infocul.pt\\\/arquivo\\\/cultura\\\/birds-indie-comemoram-7-anos-com-convidados-ilustres\\\/#primaryimage\"},\"thumbnailUrl\":\"https:\\\/\\\/infocul.pt\\\/arquivo\\\/wp-content\\\/uploads\\\/2017\\\/02\\\/Birds.jpg\",\"keywords\":[\"Birds Are Indie\"],\"articleSection\":[\"Concertos\",\"Cultura\"],\"inLanguage\":\"pt-PT\"},{\"@type\":\"WebPage\",\"@id\":\"https:\\\/\\\/infocul.pt\\\/arquivo\\\/cultura\\\/birds-indie-comemoram-7-anos-com-convidados-ilustres\\\/\",\"url\":\"https:\\\/\\\/infocul.pt\\\/arquivo\\\/cultura\\\/birds-indie-comemoram-7-anos-com-convidados-ilustres\\\/\",\"name\":\"Birds Are Indie comemoram 7 anos com convidados ilustres | Infocul.pt - Arquivo Digital\",\"isPartOf\":{\"@id\":\"https:\\\/\\\/infocul.pt\\\/arquivo\\\/#website\"},\"primaryImageOfPage\":{\"@id\":\"https:\\\/\\\/infocul.pt\\\/arquivo\\\/cultura\\\/birds-indie-comemoram-7-anos-com-convidados-ilustres\\\/#primaryimage\"},\"image\":{\"@id\":\"https:\\\/\\\/infocul.pt\\\/arquivo\\\/cultura\\\/birds-indie-comemoram-7-anos-com-convidados-ilustres\\\/#primaryimage\"},\"thumbnailUrl\":\"https:\\\/\\\/infocul.pt\\\/arquivo\\\/wp-content\\\/uploads\\\/2017\\\/02\\\/Birds.jpg\",\"datePublished\":\"2017-02-10T00:30:17+00:00\",\"description\":\"Birds Are Indie comemoram 7 anos com convidados ilustres | Infocul.pt - Arquivo Digital\",\"breadcrumb\":{\"@id\":\"https:\\\/\\\/infocul.pt\\\/arquivo\\\/cultura\\\/birds-indie-comemoram-7-anos-com-convidados-ilustres\\\/#breadcrumb\"},\"inLanguage\":\"pt-PT\",\"potentialAction\":[{\"@type\":\"ReadAction\",\"target\":[\"https:\\\/\\\/infocul.pt\\\/arquivo\\\/cultura\\\/birds-indie-comemoram-7-anos-com-convidados-ilustres\\\/\"]}]},{\"@type\":\"ImageObject\",\"inLanguage\":\"pt-PT\",\"@id\":\"https:\\\/\\\/infocul.pt\\\/arquivo\\\/cultura\\\/birds-indie-comemoram-7-anos-com-convidados-ilustres\\\/#primaryimage\",\"url\":\"https:\\\/\\\/infocul.pt\\\/arquivo\\\/wp-content\\\/uploads\\\/2017\\\/02\\\/Birds.jpg\",\"contentUrl\":\"https:\\\/\\\/infocul.pt\\\/arquivo\\\/wp-content\\\/uploads\\\/2017\\\/02\\\/Birds.jpg\",\"width\":1200,\"height\":1697},{\"@type\":\"BreadcrumbList\",\"@id\":\"https:\\\/\\\/infocul.pt\\\/arquivo\\\/cultura\\\/birds-indie-comemoram-7-anos-com-convidados-ilustres\\\/#breadcrumb\",\"itemListElement\":[{\"@type\":\"ListItem\",\"position\":1,\"name\":\"Home\",\"item\":\"https:\\\/\\\/infocul.pt\\\/arquivo\\\/\"},{\"@type\":\"ListItem\",\"position\":2,\"name\":\"Birds Are Indie comemoram 7 anos com convidados ilustres\"}]},{\"@type\":\"WebSite\",\"@id\":\"https:\\\/\\\/infocul.pt\\\/arquivo\\\/#website\",\"url\":\"https:\\\/\\\/infocul.pt\\\/arquivo\\\/\",\"name\":\"Infocul.pt - Arquivo Digital\",\"description\":\"Arquivo digital da Infocul.pt\",\"publisher\":{\"@id\":\"https:\\\/\\\/infocul.pt\\\/arquivo\\\/#organization\"},\"potentialAction\":[{\"@type\":\"SearchAction\",\"target\":{\"@type\":\"EntryPoint\",\"urlTemplate\":\"https:\\\/\\\/infocul.pt\\\/arquivo\\\/?s={search_term_string}\"},\"query-input\":{\"@type\":\"PropertyValueSpecification\",\"valueRequired\":true,\"valueName\":\"search_term_string\"}}],\"inLanguage\":\"pt-PT\"},{\"@type\":\"Organization\",\"@id\":\"https:\\\/\\\/infocul.pt\\\/arquivo\\\/#organization\",\"name\":\"Infocul.pt\",\"url\":\"https:\\\/\\\/infocul.pt\\\/arquivo\\\/\",\"logo\":{\"@type\":\"ImageObject\",\"inLanguage\":\"pt-PT\",\"@id\":\"https:\\\/\\\/infocul.pt\\\/arquivo\\\/#\\\/schema\\\/logo\\\/image\\\/\",\"url\":\"https:\\\/\\\/infocul.pt\\\/arquivo\\\/wp-content\\\/uploads\\\/2018\\\/12\\\/Infocul_logo-1.png\",\"contentUrl\":\"https:\\\/\\\/infocul.pt\\\/arquivo\\\/wp-content\\\/uploads\\\/2018\\\/12\\\/Infocul_logo-1.png\",\"width\":800,\"height\":800,\"caption\":\"Infocul.pt\"},\"image\":{\"@id\":\"https:\\\/\\\/infocul.pt\\\/arquivo\\\/#\\\/schema\\\/logo\\\/image\\\/\"},\"sameAs\":[\"https:\\\/\\\/www.facebook.com\\\/Infocul-147816815585015\\\/\",\"https:\\\/\\\/x.com\\\/Infoculpt\",\"http:\\\/\\\/www.pictaram.com\\\/user\\\/infocul.pt\\\/2370423710\",\"https:\\\/\\\/www.youtube.com\\\/channel\\\/UCYEB91AGI9FL9ek2i_IaQAA\"]},{\"@type\":\"Person\",\"@id\":\"https:\\\/\\\/infocul.pt\\\/arquivo\\\/#\\\/schema\\\/person\\\/f243f45ae8d67639120a7586884f3abc\",\"name\":\"Redac\u00e7\u00e3o\",\"image\":{\"@type\":\"ImageObject\",\"inLanguage\":\"pt-PT\",\"@id\":\"https:\\\/\\\/secure.gravatar.com\\\/avatar\\\/151b1b76c598ab5e749407223bd6c1bad4e41c4e95de3c3df83540ebee2deaf8?s=96&d=mm&r=g\",\"url\":\"https:\\\/\\\/secure.gravatar.com\\\/avatar\\\/151b1b76c598ab5e749407223bd6c1bad4e41c4e95de3c3df83540ebee2deaf8?s=96&d=mm&r=g\",\"contentUrl\":\"https:\\\/\\\/secure.gravatar.com\\\/avatar\\\/151b1b76c598ab5e749407223bd6c1bad4e41c4e95de3c3df83540ebee2deaf8?s=96&d=mm&r=g\",\"caption\":\"Redac\u00e7\u00e3o\"}}]}<\/script>\n<!-- \/ Yoast SEO plugin. -->","yoast_head_json":{"title":"Birds Are Indie comemoram 7 anos com convidados ilustres | Infocul.pt - Arquivo Digital","description":"Birds Are Indie comemoram 7 anos com convidados ilustres | Infocul.pt - Arquivo Digital","robots":{"index":"noindex","follow":"follow","max-snippet":"max-snippet:-1","max-image-preview":"max-image-preview:large","max-video-preview":"max-video-preview:-1"},"og_locale":"pt_PT","og_type":"article","og_title":"Birds Are Indie comemoram 7 anos com convidados ilustres | Infocul.pt - Arquivo Digital","og_description":"Birds Are Indie comemoram 7 anos com convidados ilustres | Infocul.pt - Arquivo Digital","og_url":"https:\/\/infocul.pt\/arquivo\/cultura\/birds-indie-comemoram-7-anos-com-convidados-ilustres\/","og_site_name":"Infocul.pt - Arquivo Digital","article_publisher":"https:\/\/www.facebook.com\/Infocul-147816815585015\/","article_published_time":"2017-02-10T00:30:17+00:00","og_image":[{"width":1200,"height":1697,"url":"https:\/\/infocul.pt\/arquivo\/wp-content\/uploads\/2017\/02\/Birds.jpg","type":"image\/jpeg"}],"author":"Redac\u00e7\u00e3o","twitter_card":"summary_large_image","twitter_creator":"@Infoculpt","twitter_site":"@Infoculpt","twitter_misc":{"Escrito por":"Redac\u00e7\u00e3o","Tempo estimado de leitura":"2 minutos"},"schema":{"@context":"https:\/\/schema.org","@graph":[{"@type":"Article","@id":"https:\/\/infocul.pt\/arquivo\/cultura\/birds-indie-comemoram-7-anos-com-convidados-ilustres\/#article","isPartOf":{"@id":"https:\/\/infocul.pt\/arquivo\/cultura\/birds-indie-comemoram-7-anos-com-convidados-ilustres\/"},"author":{"name":"Redac\u00e7\u00e3o","@id":"https:\/\/infocul.pt\/arquivo\/#\/schema\/person\/f243f45ae8d67639120a7586884f3abc"},"headline":"Birds Are Indie comemoram 7 anos com convidados ilustres","datePublished":"2017-02-10T00:30:17+00:00","mainEntityOfPage":{"@id":"https:\/\/infocul.pt\/arquivo\/cultura\/birds-indie-comemoram-7-anos-com-convidados-ilustres\/"},"wordCount":366,"commentCount":0,"publisher":{"@id":"https:\/\/infocul.pt\/arquivo\/#organization"},"image":{"@id":"https:\/\/infocul.pt\/arquivo\/cultura\/birds-indie-comemoram-7-anos-com-convidados-ilustres\/#primaryimage"},"thumbnailUrl":"https:\/\/infocul.pt\/arquivo\/wp-content\/uploads\/2017\/02\/Birds.jpg","keywords":["Birds Are Indie"],"articleSection":["Concertos","Cultura"],"inLanguage":"pt-PT"},{"@type":"WebPage","@id":"https:\/\/infocul.pt\/arquivo\/cultura\/birds-indie-comemoram-7-anos-com-convidados-ilustres\/","url":"https:\/\/infocul.pt\/arquivo\/cultura\/birds-indie-comemoram-7-anos-com-convidados-ilustres\/","name":"Birds Are Indie comemoram 7 anos com convidados ilustres | Infocul.pt - Arquivo Digital","isPartOf":{"@id":"https:\/\/infocul.pt\/arquivo\/#website"},"primaryImageOfPage":{"@id":"https:\/\/infocul.pt\/arquivo\/cultura\/birds-indie-comemoram-7-anos-com-convidados-ilustres\/#primaryimage"},"image":{"@id":"https:\/\/infocul.pt\/arquivo\/cultura\/birds-indie-comemoram-7-anos-com-convidados-ilustres\/#primaryimage"},"thumbnailUrl":"https:\/\/infocul.pt\/arquivo\/wp-content\/uploads\/2017\/02\/Birds.jpg","datePublished":"2017-02-10T00:30:17+00:00","description":"Birds Are Indie comemoram 7 anos com convidados ilustres | Infocul.pt - Arquivo Digital","breadcrumb":{"@id":"https:\/\/infocul.pt\/arquivo\/cultura\/birds-indie-comemoram-7-anos-com-convidados-ilustres\/#breadcrumb"},"inLanguage":"pt-PT","potentialAction":[{"@type":"ReadAction","target":["https:\/\/infocul.pt\/arquivo\/cultura\/birds-indie-comemoram-7-anos-com-convidados-ilustres\/"]}]},{"@type":"ImageObject","inLanguage":"pt-PT","@id":"https:\/\/infocul.pt\/arquivo\/cultura\/birds-indie-comemoram-7-anos-com-convidados-ilustres\/#primaryimage","url":"https:\/\/infocul.pt\/arquivo\/wp-content\/uploads\/2017\/02\/Birds.jpg","contentUrl":"https:\/\/infocul.pt\/arquivo\/wp-content\/uploads\/2017\/02\/Birds.jpg","width":1200,"height":1697},{"@type":"BreadcrumbList","@id":"https:\/\/infocul.pt\/arquivo\/cultura\/birds-indie-comemoram-7-anos-com-convidados-ilustres\/#breadcrumb","itemListElement":[{"@type":"ListItem","position":1,"name":"Home","item":"https:\/\/infocul.pt\/arquivo\/"},{"@type":"ListItem","position":2,"name":"Birds Are Indie comemoram 7 anos com convidados ilustres"}]},{"@type":"WebSite","@id":"https:\/\/infocul.pt\/arquivo\/#website","url":"https:\/\/infocul.pt\/arquivo\/","name":"Infocul.pt - Arquivo Digital","description":"Arquivo digital da Infocul.pt","publisher":{"@id":"https:\/\/infocul.pt\/arquivo\/#organization"},"potentialAction":[{"@type":"SearchAction","target":{"@type":"EntryPoint","urlTemplate":"https:\/\/infocul.pt\/arquivo\/?s={search_term_string}"},"query-input":{"@type":"PropertyValueSpecification","valueRequired":true,"valueName":"search_term_string"}}],"inLanguage":"pt-PT"},{"@type":"Organization","@id":"https:\/\/infocul.pt\/arquivo\/#organization","name":"Infocul.pt","url":"https:\/\/infocul.pt\/arquivo\/","logo":{"@type":"ImageObject","inLanguage":"pt-PT","@id":"https:\/\/infocul.pt\/arquivo\/#\/schema\/logo\/image\/","url":"https:\/\/infocul.pt\/arquivo\/wp-content\/uploads\/2018\/12\/Infocul_logo-1.png","contentUrl":"https:\/\/infocul.pt\/arquivo\/wp-content\/uploads\/2018\/12\/Infocul_logo-1.png","width":800,"height":800,"caption":"Infocul.pt"},"image":{"@id":"https:\/\/infocul.pt\/arquivo\/#\/schema\/logo\/image\/"},"sameAs":["https:\/\/www.facebook.com\/Infocul-147816815585015\/","https:\/\/x.com\/Infoculpt","http:\/\/www.pictaram.com\/user\/infocul.pt\/2370423710","https:\/\/www.youtube.com\/channel\/UCYEB91AGI9FL9ek2i_IaQAA"]},{"@type":"Person","@id":"https:\/\/infocul.pt\/arquivo\/#\/schema\/person\/f243f45ae8d67639120a7586884f3abc","name":"Redac\u00e7\u00e3o","image":{"@type":"ImageObject","inLanguage":"pt-PT","@id":"https:\/\/secure.gravatar.com\/avatar\/151b1b76c598ab5e749407223bd6c1bad4e41c4e95de3c3df83540ebee2deaf8?s=96&d=mm&r=g","url":"https:\/\/secure.gravatar.com\/avatar\/151b1b76c598ab5e749407223bd6c1bad4e41c4e95de3c3df83540ebee2deaf8?s=96&d=mm&r=g","contentUrl":"https:\/\/secure.gravatar.com\/avatar\/151b1b76c598ab5e749407223bd6c1bad4e41c4e95de3c3df83540ebee2deaf8?s=96&d=mm&r=g","caption":"Redac\u00e7\u00e3o"}}]}},"_links":{"self":[{"href":"https:\/\/infocul.pt\/arquivo\/wp-json\/wp\/v2\/posts\/19451","targetHints":{"allow":["GET"]}}],"collection":[{"href":"https:\/\/infocul.pt\/arquivo\/wp-json\/wp\/v2\/posts"}],"about":[{"href":"https:\/\/infocul.pt\/arquivo\/wp-json\/wp\/v2\/types\/post"}],"author":[{"embeddable":true,"href":"https:\/\/infocul.pt\/arquivo\/wp-json\/wp\/v2\/users\/13"}],"replies":[{"embeddable":true,"href":"https:\/\/infocul.pt\/arquivo\/wp-json\/wp\/v2\/comments?post=19451"}],"version-history":[{"count":0,"href":"https:\/\/infocul.pt\/arquivo\/wp-json\/wp\/v2\/posts\/19451\/revisions"}],"wp:featuredmedia":[{"embeddable":true,"href":"https:\/\/infocul.pt\/arquivo\/wp-json\/wp\/v2\/media\/19452"}],"wp:attachment":[{"href":"https:\/\/infocul.pt\/arquivo\/wp-json\/wp\/v2\/media?parent=19451"}],"wp:term":[{"taxonomy":"category","embeddable":true,"href":"https:\/\/infocul.pt\/arquivo\/wp-json\/wp\/v2\/categories?post=19451"},{"taxonomy":"post_tag","embeddable":true,"href":"https:\/\/infocul.pt\/arquivo\/wp-json\/wp\/v2\/tags?post=19451"}],"curies":[{"name":"wp","href":"https:\/\/api.w.org\/{rel}","templated":true}]}}