{"id":19549,"date":"2017-02-10T22:15:26","date_gmt":"2017-02-10T22:15:26","guid":{"rendered":"http:\/\/infocul.pt\/?p=19549"},"modified":"2017-02-10T22:15:26","modified_gmt":"2017-02-10T22:15:26","slug":"casa-coreto-revela-programacao-para-marco","status":"publish","type":"post","link":"https:\/\/infocul.pt\/arquivo\/cultura\/casa-coreto-revela-programacao-para-marco\/","title":{"rendered":"Casa do Coreto revela programa\u00e7\u00e3o para Mar\u00e7o"},"content":{"rendered":"<p><img decoding=\"async\" class=\"aligncenter wp-image-19550 size-full lazyload\" data-src=\"http:\/\/infocul.pt\/wp-content\/uploads\/2017\/02\/coreto.png\" alt=\"coreto\" width=\"370\" height=\"249\" data-srcset=\"https:\/\/infocul.pt\/arquivo\/wp-content\/uploads\/2017\/02\/coreto.png 370w, https:\/\/infocul.pt\/arquivo\/wp-content\/uploads\/2017\/02\/coreto-300x202.png 300w, https:\/\/infocul.pt\/arquivo\/wp-content\/uploads\/2017\/02\/coreto-256x173.png 256w, https:\/\/infocul.pt\/arquivo\/wp-content\/uploads\/2017\/02\/coreto-272x182.png 272w\" data-sizes=\"(max-width: 370px) 100vw, 370px\" src=\"data:image\/svg+xml;base64,PHN2ZyB3aWR0aD0iMSIgaGVpZ2h0PSIxIiB4bWxucz0iaHR0cDovL3d3dy53My5vcmcvMjAwMC9zdmciPjwvc3ZnPg==\" style=\"--smush-placeholder-width: 370px; --smush-placeholder-aspect-ratio: 370\/249;\" \/><\/p>\n<p>&nbsp;<\/p>\n<p><span style=\"color: #000000; font-family: Calibri;\">Em Mar\u00e7o a Casa do Coreto vai receber muito teatro, contos e uma oficina de com\u00e9dia.<\/span><!--more--><\/p>\n<p><span style=\"color: #000000; font-family: Calibri;\">\u00a0<\/span><\/p>\n<p><span style=\"color: #000000; font-family: Calibri;\">\u00a0<\/span><\/p>\n<p><span style=\"color: #000000; font-family: Calibri;\">&#8220;Conta-me uma hist\u00f3ria&#8221; pode ser visto na Casa do Coreto nos dias 11 (s\u00e1bado 16:00) e 12 de Mar\u00e7o (domingo \u00e0s 11:30). Esta \u00e9 um espect\u00e1culo indicado para crian\u00e7as a partir dos 4 anos. Uma hist\u00f3ria \u00e9 tudo o que as crian\u00e7as querem antes de irem dormir e os pais quiseram o mesmo.<\/span><\/p>\n<p><span style=\"color: #000000; font-family: Calibri;\">\u00a0<\/span><\/p>\n<p><span style=\"color: #000000; font-family: Calibri;\">\u00a0<\/span><\/p>\n<p><span style=\"color: #000000; font-family: Calibri;\">Este espect\u00e1culo quer reflectir esse presente num momento de comunh\u00e3o onde todos s\u00e3o actores e espectadores, contadores de hist\u00f3rias e personagens, relembrando \u00e0 fam\u00edlia o seu importante papel na rela\u00e7\u00e3o com os mais novos. &#8220;Conta-me uma Hist\u00f3ria&#8221; \u00e9 feito das hist\u00f3rias que a In\u00eas Fouto vai co(a)ntando, com o apoio dos seus brinquedos e objectos, em que envolve as crian\u00e7as de uma forma viva e din\u00e2mica, fazendo at\u00e9 com que se confundam os lugares e os pap\u00e9is c\u00e9nicos!\u00a0<\/span><\/p>\n<p><span style=\"color: #000000; font-family: Calibri;\">\u00a0<\/span><\/p>\n<p><span style=\"color: #000000; font-family: Calibri;\">\u00a0<\/span><\/p>\n<p><span style=\"color: #000000; font-family: Calibri;\">Quem s\u00e3o os atores e quem ser\u00e3o os espectadores? Onde estamos, afinal? Num teatro a ouvir hist\u00f3rias ou no meio de um naufr\u00e1gio perigoso? Sentados numa almofada confort\u00e1vel ou num tapete que nos transporta para dentro de um desenho? Calados e a sorrir pela janela da narrativa ou fazendo parte da can\u00e7\u00e3o, criando os mundos sonoros da fant\u00e1stica inf\u00e2ncia?<\/span><\/p>\n<p><span style=\"color: #000000; font-family: Calibri;\">\u00a0<\/span><\/p>\n<p><span style=\"color: #000000; font-family: Calibri;\">\u00a0<\/span><\/p>\n<p><span style=\"color: #000000; font-family: Calibri;\">Tamb\u00e9m a 11 de Mar\u00e7o, pelas 21:30, podem ser vistas as &#8220;St\u00f3rias de C\u00e1!&#8221;. Durante 45 minutos Adriano Reis vai contar um conjunto de contos. S\u00e3o st\u00f3rias curtas, ver\u00eddicas e c\u00f3micas que retratam a da comunidade imigrante em Portugal e n\u00e3o s\u00f3 as tais exc\u00eantricas figuras de fazer rir at\u00e9 cair ou lado. Eis a quest\u00e3o que o p\u00fablico vai descobrir ouvindo a verdadeira storia dos imigrantes ex-milion\u00e1rios.<\/span><\/p>\n<p><span style=\"color: #000000; font-family: Calibri;\">\u00a0<\/span><\/p>\n<p><span style=\"color: #000000; font-family: Calibri;\">\u00a0<\/span><\/p>\n<p><span style=\"color: #000000; font-family: Calibri;\">Nos dias 17,18 e 19 de Mar\u00e7o vai ser realizada uma mostra de humor e comicidade. Espect\u00e1culos, oficinas ( Clown e Improviso) e conversas marcar\u00e3o esta primeira edi\u00e7\u00e3o de um evento que pretende trazer o humor e a boa disposi\u00e7\u00e3o \u00e0 comunidade da freguesia lisboeta. A 17 de Mar\u00e7o, sexta-feira, realiza-se pelas 21:00 o &#8220;Gargalhadas Curtas&#8221;.<\/span><\/p>\n<p><span style=\"color: #000000; font-family: Calibri;\">\u00a0<\/span><\/p>\n<p><span style=\"color: #000000; font-family: Calibri;\">\u00a0<\/span><\/p>\n<p><span style=\"color: #000000; font-family: Calibri;\">No s\u00e1bado, 18 de Mar\u00e7o, de manh\u00e3 vai haver uma iniciativa de divulga\u00e7\u00e3o com Os Palha\u00e7@s nas ruas de Carnide. \u00c0s 15:00 realiza-se o espect\u00e1culo familiar a &#8220;A M\u00e1quina dos Desejos&#8221; e \u00e0s 16:00 segue-se a pe\u00e7a &#8220;Paprika Gourmet&#8221;. O &#8220;Gargalhadas Curtas&#8221; volta \u00e0s 21:15 com o espect\u00e1culo para maiores de 12 anos &#8220;A Cadeira&#8221;.<\/span><\/p>\n<p><span style=\"color: #000000; font-family: Calibri;\">\u00a0<\/span><\/p>\n<p><span style=\"color: #000000; font-family: Calibri;\">\u00a0<\/span><\/p>\n<p><span style=\"color: #000000; font-family: Calibri;\">No domingo, dia 19 de Mar\u00e7o, \u00e0s 11:30 pode ser visto o espect\u00e1culo familiar &#8220;Em directo Tv Show&#8221;. \u00c0s 16:15 pode ser visto o espect\u00e1culo &#8220;Chou!&#8221; com Catarina Mota e \u00e0s 17:30 acontece a conversa &#8220;O humor e a comicidade em Portugal: Que territ\u00f3rios, que quest\u00f5es?&#8221;. Nesta conversa estar\u00e3o presentes artistas da mostra, convidados e p\u00fablico.<\/span><\/p>\n<p><span style=\"color: #000000; font-family: Calibri;\">\u00a0<\/span><\/p>\n<p><span style=\"color: #000000; font-family: Calibri;\">\u00a0<\/span><\/p>\n<p><span style=\"color: #000000; font-family: Calibri;\">O &#8220;Canto do Cisne&#8230;ou Talvez n\u00e3o&#8221; pode ser visto na Casa do Coreto nos dias 24,25,31 de Mar\u00e7o e a 01 de Abril \u00e0s 21:30. Esta demonstra\u00e7\u00e3o dram\u00e1tica \u00e9 o cen\u00e1rio da adapta\u00e7\u00e3o realizada por \u00c1lvaro Cordeiro do conto &#8220;O canto do cisne&#8221; de Anton Tchekov.<\/span><\/p>\n<p><span style=\"color: #000000; font-family: Calibri;\">\u00a0<\/span><\/p>\n<p><span style=\"color: #000000; font-family: Calibri;\">\u00a0<\/span><\/p>\n<p><span style=\"color: #000000; font-family: Calibri;\">Certa noite um actor de idade avan\u00e7ada acorda sozinho no palco e come\u00e7a a recordar d\u00e9cadas de carreira e percebe que o seu tempo j\u00e1 passou. Assombrado pela misteriosa figura do &#8220;ponto&#8221;, alterna o seu estado de esp\u00edrito entre o medo, a confus\u00e3o, nostalgia e paix\u00e3o pelos textos e personagens de Shakespeare onde reencontra o fulgor de antigamente ou talvez n\u00e3o. A encena\u00e7\u00e3o e a interpreta\u00e7\u00e3o \u00e9 de Paulo Vaz e a direc\u00e7\u00e3o de actores \u00e9 de Vicente Morais.<\/span><\/p>\n<p><span style=\"color: #000000; font-family: Calibri;\">\u00a0<\/span><\/p>\n<p><span style=\"color: #000000; font-family: Calibri;\">\u00a0<\/span><\/p>\n<p><span style=\"color: #000000; font-family: Calibri;\">&#8220;\u00c0 Procura do \u00d3-\u00d3 Perdido&#8221; conta a hist\u00f3ria de um beb\u00e9 adormece no pequeno jardim. Durante o sono, um passarinho apodera-se do seu \u00f3-\u00f3 branco e macio e leva-o para longe no c\u00e9u. Quando acorda, o beb\u00e9 n\u00e3o fica nada contente. Prop\u00f5em-lhe outros \u00f3-\u00f3s, mas um \u00f3-\u00f3 n\u00e3o se substitui. Com a ajuda do ar, da \u00e1gua, do fogo e do contador de hist\u00f3rias, o beb\u00e9, depois de v\u00e1rias aventuras, reencontra o seu querido \u00f3-\u00f3. Esta pe\u00e7a pode ser vista no dia 26 de Mar\u00e7o, domingo, \u00e0s 11:30.<\/span><\/p>\n","protected":false},"excerpt":{"rendered":"<p>&nbsp; Em Mar\u00e7o a Casa do Coreto vai receber muito teatro, contos e uma oficina de com\u00e9dia.<\/p>\n","protected":false},"author":13,"featured_media":19550,"comment_status":"open","ping_status":"closed","sticky":false,"template":"","format":"standard","meta":{"footnotes":""},"categories":[2,9],"tags":[2040],"class_list":["post-19549","post","type-post","status-publish","format-standard","has-post-thumbnail","hentry","category-cultura","category-outros","tag-casa-do-coreto"],"yoast_head":"<!-- This site is optimized with the Yoast SEO plugin v27.4 - https:\/\/yoast.com\/product\/yoast-seo-wordpress\/ -->\n<title>Casa do Coreto revela programa\u00e7\u00e3o para Mar\u00e7o | Infocul.pt - Arquivo Digital<\/title>\n<meta name=\"description\" content=\"Casa do Coreto revela programa\u00e7\u00e3o para Mar\u00e7o | Infocul.pt - Arquivo Digital\" \/>\n<meta name=\"robots\" content=\"noindex, follow, max-snippet:-1, max-image-preview:large, max-video-preview:-1\" \/>\n<meta property=\"og:locale\" content=\"pt_PT\" \/>\n<meta property=\"og:type\" content=\"article\" \/>\n<meta property=\"og:title\" content=\"Casa do Coreto revela programa\u00e7\u00e3o para Mar\u00e7o | Infocul.pt - Arquivo Digital\" \/>\n<meta property=\"og:description\" content=\"Casa do Coreto revela programa\u00e7\u00e3o para Mar\u00e7o | Infocul.pt - Arquivo Digital\" \/>\n<meta property=\"og:url\" content=\"https:\/\/infocul.pt\/arquivo\/cultura\/casa-coreto-revela-programacao-para-marco\/\" \/>\n<meta property=\"og:site_name\" content=\"Infocul.pt - Arquivo Digital\" \/>\n<meta property=\"article:publisher\" content=\"https:\/\/www.facebook.com\/Infocul-147816815585015\/\" \/>\n<meta property=\"article:published_time\" content=\"2017-02-10T22:15:26+00:00\" \/>\n<meta property=\"og:image\" content=\"https:\/\/infocul.pt\/arquivo\/wp-content\/uploads\/2017\/02\/coreto.png\" \/>\n\t<meta property=\"og:image:width\" content=\"370\" \/>\n\t<meta property=\"og:image:height\" content=\"249\" \/>\n\t<meta property=\"og:image:type\" content=\"image\/png\" \/>\n<meta name=\"author\" content=\"Redac\u00e7\u00e3o\" \/>\n<meta name=\"twitter:card\" content=\"summary_large_image\" \/>\n<meta name=\"twitter:creator\" content=\"@Infoculpt\" \/>\n<meta name=\"twitter:site\" content=\"@Infoculpt\" \/>\n<meta name=\"twitter:label1\" content=\"Escrito por\" \/>\n\t<meta name=\"twitter:data1\" content=\"Redac\u00e7\u00e3o\" \/>\n\t<meta name=\"twitter:label2\" content=\"Tempo estimado de leitura\" \/>\n\t<meta name=\"twitter:data2\" content=\"4 minutos\" \/>\n<script type=\"application\/ld+json\" class=\"yoast-schema-graph\">{\"@context\":\"https:\\\/\\\/schema.org\",\"@graph\":[{\"@type\":\"Article\",\"@id\":\"https:\\\/\\\/infocul.pt\\\/arquivo\\\/cultura\\\/casa-coreto-revela-programacao-para-marco\\\/#article\",\"isPartOf\":{\"@id\":\"https:\\\/\\\/infocul.pt\\\/arquivo\\\/cultura\\\/casa-coreto-revela-programacao-para-marco\\\/\"},\"author\":{\"name\":\"Redac\u00e7\u00e3o\",\"@id\":\"https:\\\/\\\/infocul.pt\\\/arquivo\\\/#\\\/schema\\\/person\\\/f243f45ae8d67639120a7586884f3abc\"},\"headline\":\"Casa do Coreto revela programa\u00e7\u00e3o para Mar\u00e7o\",\"datePublished\":\"2017-02-10T22:15:26+00:00\",\"mainEntityOfPage\":{\"@id\":\"https:\\\/\\\/infocul.pt\\\/arquivo\\\/cultura\\\/casa-coreto-revela-programacao-para-marco\\\/\"},\"wordCount\":720,\"commentCount\":0,\"publisher\":{\"@id\":\"https:\\\/\\\/infocul.pt\\\/arquivo\\\/#organization\"},\"image\":{\"@id\":\"https:\\\/\\\/infocul.pt\\\/arquivo\\\/cultura\\\/casa-coreto-revela-programacao-para-marco\\\/#primaryimage\"},\"thumbnailUrl\":\"https:\\\/\\\/infocul.pt\\\/arquivo\\\/wp-content\\\/uploads\\\/2017\\\/02\\\/coreto.png\",\"keywords\":[\"Casa do Coreto\"],\"articleSection\":[\"Cultura\",\"Outros\"],\"inLanguage\":\"pt-PT\"},{\"@type\":\"WebPage\",\"@id\":\"https:\\\/\\\/infocul.pt\\\/arquivo\\\/cultura\\\/casa-coreto-revela-programacao-para-marco\\\/\",\"url\":\"https:\\\/\\\/infocul.pt\\\/arquivo\\\/cultura\\\/casa-coreto-revela-programacao-para-marco\\\/\",\"name\":\"Casa do Coreto revela programa\u00e7\u00e3o para Mar\u00e7o | Infocul.pt - Arquivo Digital\",\"isPartOf\":{\"@id\":\"https:\\\/\\\/infocul.pt\\\/arquivo\\\/#website\"},\"primaryImageOfPage\":{\"@id\":\"https:\\\/\\\/infocul.pt\\\/arquivo\\\/cultura\\\/casa-coreto-revela-programacao-para-marco\\\/#primaryimage\"},\"image\":{\"@id\":\"https:\\\/\\\/infocul.pt\\\/arquivo\\\/cultura\\\/casa-coreto-revela-programacao-para-marco\\\/#primaryimage\"},\"thumbnailUrl\":\"https:\\\/\\\/infocul.pt\\\/arquivo\\\/wp-content\\\/uploads\\\/2017\\\/02\\\/coreto.png\",\"datePublished\":\"2017-02-10T22:15:26+00:00\",\"description\":\"Casa do Coreto revela programa\u00e7\u00e3o para Mar\u00e7o | Infocul.pt - Arquivo Digital\",\"breadcrumb\":{\"@id\":\"https:\\\/\\\/infocul.pt\\\/arquivo\\\/cultura\\\/casa-coreto-revela-programacao-para-marco\\\/#breadcrumb\"},\"inLanguage\":\"pt-PT\",\"potentialAction\":[{\"@type\":\"ReadAction\",\"target\":[\"https:\\\/\\\/infocul.pt\\\/arquivo\\\/cultura\\\/casa-coreto-revela-programacao-para-marco\\\/\"]}]},{\"@type\":\"ImageObject\",\"inLanguage\":\"pt-PT\",\"@id\":\"https:\\\/\\\/infocul.pt\\\/arquivo\\\/cultura\\\/casa-coreto-revela-programacao-para-marco\\\/#primaryimage\",\"url\":\"https:\\\/\\\/infocul.pt\\\/arquivo\\\/wp-content\\\/uploads\\\/2017\\\/02\\\/coreto.png\",\"contentUrl\":\"https:\\\/\\\/infocul.pt\\\/arquivo\\\/wp-content\\\/uploads\\\/2017\\\/02\\\/coreto.png\",\"width\":370,\"height\":249},{\"@type\":\"BreadcrumbList\",\"@id\":\"https:\\\/\\\/infocul.pt\\\/arquivo\\\/cultura\\\/casa-coreto-revela-programacao-para-marco\\\/#breadcrumb\",\"itemListElement\":[{\"@type\":\"ListItem\",\"position\":1,\"name\":\"Home\",\"item\":\"https:\\\/\\\/infocul.pt\\\/arquivo\\\/\"},{\"@type\":\"ListItem\",\"position\":2,\"name\":\"Casa do Coreto revela programa\u00e7\u00e3o para Mar\u00e7o\"}]},{\"@type\":\"WebSite\",\"@id\":\"https:\\\/\\\/infocul.pt\\\/arquivo\\\/#website\",\"url\":\"https:\\\/\\\/infocul.pt\\\/arquivo\\\/\",\"name\":\"Infocul.pt - Arquivo Digital\",\"description\":\"Arquivo digital da Infocul.pt\",\"publisher\":{\"@id\":\"https:\\\/\\\/infocul.pt\\\/arquivo\\\/#organization\"},\"potentialAction\":[{\"@type\":\"SearchAction\",\"target\":{\"@type\":\"EntryPoint\",\"urlTemplate\":\"https:\\\/\\\/infocul.pt\\\/arquivo\\\/?s={search_term_string}\"},\"query-input\":{\"@type\":\"PropertyValueSpecification\",\"valueRequired\":true,\"valueName\":\"search_term_string\"}}],\"inLanguage\":\"pt-PT\"},{\"@type\":\"Organization\",\"@id\":\"https:\\\/\\\/infocul.pt\\\/arquivo\\\/#organization\",\"name\":\"Infocul.pt\",\"url\":\"https:\\\/\\\/infocul.pt\\\/arquivo\\\/\",\"logo\":{\"@type\":\"ImageObject\",\"inLanguage\":\"pt-PT\",\"@id\":\"https:\\\/\\\/infocul.pt\\\/arquivo\\\/#\\\/schema\\\/logo\\\/image\\\/\",\"url\":\"https:\\\/\\\/infocul.pt\\\/arquivo\\\/wp-content\\\/uploads\\\/2018\\\/12\\\/Infocul_logo-1.png\",\"contentUrl\":\"https:\\\/\\\/infocul.pt\\\/arquivo\\\/wp-content\\\/uploads\\\/2018\\\/12\\\/Infocul_logo-1.png\",\"width\":800,\"height\":800,\"caption\":\"Infocul.pt\"},\"image\":{\"@id\":\"https:\\\/\\\/infocul.pt\\\/arquivo\\\/#\\\/schema\\\/logo\\\/image\\\/\"},\"sameAs\":[\"https:\\\/\\\/www.facebook.com\\\/Infocul-147816815585015\\\/\",\"https:\\\/\\\/x.com\\\/Infoculpt\",\"http:\\\/\\\/www.pictaram.com\\\/user\\\/infocul.pt\\\/2370423710\",\"https:\\\/\\\/www.youtube.com\\\/channel\\\/UCYEB91AGI9FL9ek2i_IaQAA\"]},{\"@type\":\"Person\",\"@id\":\"https:\\\/\\\/infocul.pt\\\/arquivo\\\/#\\\/schema\\\/person\\\/f243f45ae8d67639120a7586884f3abc\",\"name\":\"Redac\u00e7\u00e3o\",\"image\":{\"@type\":\"ImageObject\",\"inLanguage\":\"pt-PT\",\"@id\":\"https:\\\/\\\/secure.gravatar.com\\\/avatar\\\/151b1b76c598ab5e749407223bd6c1bad4e41c4e95de3c3df83540ebee2deaf8?s=96&d=mm&r=g\",\"url\":\"https:\\\/\\\/secure.gravatar.com\\\/avatar\\\/151b1b76c598ab5e749407223bd6c1bad4e41c4e95de3c3df83540ebee2deaf8?s=96&d=mm&r=g\",\"contentUrl\":\"https:\\\/\\\/secure.gravatar.com\\\/avatar\\\/151b1b76c598ab5e749407223bd6c1bad4e41c4e95de3c3df83540ebee2deaf8?s=96&d=mm&r=g\",\"caption\":\"Redac\u00e7\u00e3o\"}}]}<\/script>\n<!-- \/ Yoast SEO plugin. -->","yoast_head_json":{"title":"Casa do Coreto revela programa\u00e7\u00e3o para Mar\u00e7o | Infocul.pt - Arquivo Digital","description":"Casa do Coreto revela programa\u00e7\u00e3o para Mar\u00e7o | Infocul.pt - Arquivo Digital","robots":{"index":"noindex","follow":"follow","max-snippet":"max-snippet:-1","max-image-preview":"max-image-preview:large","max-video-preview":"max-video-preview:-1"},"og_locale":"pt_PT","og_type":"article","og_title":"Casa do Coreto revela programa\u00e7\u00e3o para Mar\u00e7o | Infocul.pt - Arquivo Digital","og_description":"Casa do Coreto revela programa\u00e7\u00e3o para Mar\u00e7o | Infocul.pt - Arquivo Digital","og_url":"https:\/\/infocul.pt\/arquivo\/cultura\/casa-coreto-revela-programacao-para-marco\/","og_site_name":"Infocul.pt - Arquivo Digital","article_publisher":"https:\/\/www.facebook.com\/Infocul-147816815585015\/","article_published_time":"2017-02-10T22:15:26+00:00","og_image":[{"width":370,"height":249,"url":"https:\/\/infocul.pt\/arquivo\/wp-content\/uploads\/2017\/02\/coreto.png","type":"image\/png"}],"author":"Redac\u00e7\u00e3o","twitter_card":"summary_large_image","twitter_creator":"@Infoculpt","twitter_site":"@Infoculpt","twitter_misc":{"Escrito por":"Redac\u00e7\u00e3o","Tempo estimado de leitura":"4 minutos"},"schema":{"@context":"https:\/\/schema.org","@graph":[{"@type":"Article","@id":"https:\/\/infocul.pt\/arquivo\/cultura\/casa-coreto-revela-programacao-para-marco\/#article","isPartOf":{"@id":"https:\/\/infocul.pt\/arquivo\/cultura\/casa-coreto-revela-programacao-para-marco\/"},"author":{"name":"Redac\u00e7\u00e3o","@id":"https:\/\/infocul.pt\/arquivo\/#\/schema\/person\/f243f45ae8d67639120a7586884f3abc"},"headline":"Casa do Coreto revela programa\u00e7\u00e3o para Mar\u00e7o","datePublished":"2017-02-10T22:15:26+00:00","mainEntityOfPage":{"@id":"https:\/\/infocul.pt\/arquivo\/cultura\/casa-coreto-revela-programacao-para-marco\/"},"wordCount":720,"commentCount":0,"publisher":{"@id":"https:\/\/infocul.pt\/arquivo\/#organization"},"image":{"@id":"https:\/\/infocul.pt\/arquivo\/cultura\/casa-coreto-revela-programacao-para-marco\/#primaryimage"},"thumbnailUrl":"https:\/\/infocul.pt\/arquivo\/wp-content\/uploads\/2017\/02\/coreto.png","keywords":["Casa do Coreto"],"articleSection":["Cultura","Outros"],"inLanguage":"pt-PT"},{"@type":"WebPage","@id":"https:\/\/infocul.pt\/arquivo\/cultura\/casa-coreto-revela-programacao-para-marco\/","url":"https:\/\/infocul.pt\/arquivo\/cultura\/casa-coreto-revela-programacao-para-marco\/","name":"Casa do Coreto revela programa\u00e7\u00e3o para Mar\u00e7o | Infocul.pt - Arquivo Digital","isPartOf":{"@id":"https:\/\/infocul.pt\/arquivo\/#website"},"primaryImageOfPage":{"@id":"https:\/\/infocul.pt\/arquivo\/cultura\/casa-coreto-revela-programacao-para-marco\/#primaryimage"},"image":{"@id":"https:\/\/infocul.pt\/arquivo\/cultura\/casa-coreto-revela-programacao-para-marco\/#primaryimage"},"thumbnailUrl":"https:\/\/infocul.pt\/arquivo\/wp-content\/uploads\/2017\/02\/coreto.png","datePublished":"2017-02-10T22:15:26+00:00","description":"Casa do Coreto revela programa\u00e7\u00e3o para Mar\u00e7o | Infocul.pt - Arquivo Digital","breadcrumb":{"@id":"https:\/\/infocul.pt\/arquivo\/cultura\/casa-coreto-revela-programacao-para-marco\/#breadcrumb"},"inLanguage":"pt-PT","potentialAction":[{"@type":"ReadAction","target":["https:\/\/infocul.pt\/arquivo\/cultura\/casa-coreto-revela-programacao-para-marco\/"]}]},{"@type":"ImageObject","inLanguage":"pt-PT","@id":"https:\/\/infocul.pt\/arquivo\/cultura\/casa-coreto-revela-programacao-para-marco\/#primaryimage","url":"https:\/\/infocul.pt\/arquivo\/wp-content\/uploads\/2017\/02\/coreto.png","contentUrl":"https:\/\/infocul.pt\/arquivo\/wp-content\/uploads\/2017\/02\/coreto.png","width":370,"height":249},{"@type":"BreadcrumbList","@id":"https:\/\/infocul.pt\/arquivo\/cultura\/casa-coreto-revela-programacao-para-marco\/#breadcrumb","itemListElement":[{"@type":"ListItem","position":1,"name":"Home","item":"https:\/\/infocul.pt\/arquivo\/"},{"@type":"ListItem","position":2,"name":"Casa do Coreto revela programa\u00e7\u00e3o para Mar\u00e7o"}]},{"@type":"WebSite","@id":"https:\/\/infocul.pt\/arquivo\/#website","url":"https:\/\/infocul.pt\/arquivo\/","name":"Infocul.pt - Arquivo Digital","description":"Arquivo digital da Infocul.pt","publisher":{"@id":"https:\/\/infocul.pt\/arquivo\/#organization"},"potentialAction":[{"@type":"SearchAction","target":{"@type":"EntryPoint","urlTemplate":"https:\/\/infocul.pt\/arquivo\/?s={search_term_string}"},"query-input":{"@type":"PropertyValueSpecification","valueRequired":true,"valueName":"search_term_string"}}],"inLanguage":"pt-PT"},{"@type":"Organization","@id":"https:\/\/infocul.pt\/arquivo\/#organization","name":"Infocul.pt","url":"https:\/\/infocul.pt\/arquivo\/","logo":{"@type":"ImageObject","inLanguage":"pt-PT","@id":"https:\/\/infocul.pt\/arquivo\/#\/schema\/logo\/image\/","url":"https:\/\/infocul.pt\/arquivo\/wp-content\/uploads\/2018\/12\/Infocul_logo-1.png","contentUrl":"https:\/\/infocul.pt\/arquivo\/wp-content\/uploads\/2018\/12\/Infocul_logo-1.png","width":800,"height":800,"caption":"Infocul.pt"},"image":{"@id":"https:\/\/infocul.pt\/arquivo\/#\/schema\/logo\/image\/"},"sameAs":["https:\/\/www.facebook.com\/Infocul-147816815585015\/","https:\/\/x.com\/Infoculpt","http:\/\/www.pictaram.com\/user\/infocul.pt\/2370423710","https:\/\/www.youtube.com\/channel\/UCYEB91AGI9FL9ek2i_IaQAA"]},{"@type":"Person","@id":"https:\/\/infocul.pt\/arquivo\/#\/schema\/person\/f243f45ae8d67639120a7586884f3abc","name":"Redac\u00e7\u00e3o","image":{"@type":"ImageObject","inLanguage":"pt-PT","@id":"https:\/\/secure.gravatar.com\/avatar\/151b1b76c598ab5e749407223bd6c1bad4e41c4e95de3c3df83540ebee2deaf8?s=96&d=mm&r=g","url":"https:\/\/secure.gravatar.com\/avatar\/151b1b76c598ab5e749407223bd6c1bad4e41c4e95de3c3df83540ebee2deaf8?s=96&d=mm&r=g","contentUrl":"https:\/\/secure.gravatar.com\/avatar\/151b1b76c598ab5e749407223bd6c1bad4e41c4e95de3c3df83540ebee2deaf8?s=96&d=mm&r=g","caption":"Redac\u00e7\u00e3o"}}]}},"_links":{"self":[{"href":"https:\/\/infocul.pt\/arquivo\/wp-json\/wp\/v2\/posts\/19549","targetHints":{"allow":["GET"]}}],"collection":[{"href":"https:\/\/infocul.pt\/arquivo\/wp-json\/wp\/v2\/posts"}],"about":[{"href":"https:\/\/infocul.pt\/arquivo\/wp-json\/wp\/v2\/types\/post"}],"author":[{"embeddable":true,"href":"https:\/\/infocul.pt\/arquivo\/wp-json\/wp\/v2\/users\/13"}],"replies":[{"embeddable":true,"href":"https:\/\/infocul.pt\/arquivo\/wp-json\/wp\/v2\/comments?post=19549"}],"version-history":[{"count":0,"href":"https:\/\/infocul.pt\/arquivo\/wp-json\/wp\/v2\/posts\/19549\/revisions"}],"wp:featuredmedia":[{"embeddable":true,"href":"https:\/\/infocul.pt\/arquivo\/wp-json\/wp\/v2\/media\/19550"}],"wp:attachment":[{"href":"https:\/\/infocul.pt\/arquivo\/wp-json\/wp\/v2\/media?parent=19549"}],"wp:term":[{"taxonomy":"category","embeddable":true,"href":"https:\/\/infocul.pt\/arquivo\/wp-json\/wp\/v2\/categories?post=19549"},{"taxonomy":"post_tag","embeddable":true,"href":"https:\/\/infocul.pt\/arquivo\/wp-json\/wp\/v2\/tags?post=19549"}],"curies":[{"name":"wp","href":"https:\/\/api.w.org\/{rel}","templated":true}]}}