{"id":20961,"date":"2017-03-13T13:19:42","date_gmt":"2017-03-13T13:19:42","guid":{"rendered":"http:\/\/infocul.pt\/?p=20961"},"modified":"2017-03-13T13:19:42","modified_gmt":"2017-03-13T13:19:42","slug":"comemoracoes-dia-mundial-teatro-em-palmela","status":"publish","type":"post","link":"https:\/\/infocul.pt\/arquivo\/cultura\/comemoracoes-dia-mundial-teatro-em-palmela\/","title":{"rendered":"Comemora\u00e7\u00f5es do Dia Mundial do Teatro em Palmela"},"content":{"rendered":"<p><img decoding=\"async\" class=\"aligncenter wp-image-20962 size-full lazyload\" data-src=\"http:\/\/infocul.pt\/wp-content\/uploads\/2017\/03\/Av\u00c3\u00b3-Inconveniente.jpg\" alt=\"Av\u00c3\u00b3 Inconveniente\" width=\"960\" height=\"960\" data-srcset=\"https:\/\/infocul.pt\/arquivo\/wp-content\/uploads\/2017\/03\/Av\u00c3\u00b3-Inconveniente.jpg 960w, https:\/\/infocul.pt\/arquivo\/wp-content\/uploads\/2017\/03\/Av\u00c3\u00b3-Inconveniente-150x150.jpg 150w, https:\/\/infocul.pt\/arquivo\/wp-content\/uploads\/2017\/03\/Av\u00c3\u00b3-Inconveniente-300x300.jpg 300w, https:\/\/infocul.pt\/arquivo\/wp-content\/uploads\/2017\/03\/Av\u00c3\u00b3-Inconveniente-768x768.jpg 768w, https:\/\/infocul.pt\/arquivo\/wp-content\/uploads\/2017\/03\/Av\u00c3\u00b3-Inconveniente-280x280.jpg 280w\" data-sizes=\"(max-width: 960px) 100vw, 960px\" src=\"data:image\/svg+xml;base64,PHN2ZyB3aWR0aD0iMSIgaGVpZ2h0PSIxIiB4bWxucz0iaHR0cDovL3d3dy53My5vcmcvMjAwMC9zdmciPjwvc3ZnPg==\" style=\"--smush-placeholder-width: 960px; --smush-placeholder-aspect-ratio: 960\/960;\" \/><\/p>\n<p>&nbsp;<\/p>\n<p>&nbsp;<\/p>\n<p><span style=\"color: #000000; font-family: Calibri;\">As novas produ\u00e7\u00f5es dos grupos de teatro de amadores do concelho de Palmela continuam a subir aos palcos dos equipamentos municipais e das coletividades, nas cinco freguesias, no \u00e2mbito das comemora\u00e7\u00f5es do Dia Mundial do Teatro. <\/span><!--more--><\/p>\n<p><span style=\"color: #000000; font-family: Calibri;\">\u00a0<\/span><\/p>\n<p><span style=\"color: #000000; font-family: Calibri;\">\u00a0<\/span><\/p>\n<p><span style=\"color: #000000; font-family: Calibri;\">Promovido pelo Munic\u00edpio e pelos grupos de teatro, o programa tem, ainda, v\u00e1rias propostas para ver at\u00e9 abril, que d\u00e3o a conhecer o prof\u00edcuo trabalho desenvolvido pelos parceiros locais<\/span><\/p>\n<p><span style=\"color: #000000; font-family: Calibri;\">\u00a0<\/span><\/p>\n<p><span style=\"color: #000000; font-family: Calibri;\">\u00a0<\/span><\/p>\n<p><span style=\"color: #000000; font-family: Calibri;\">Entre 26 e 28 de mar\u00e7o, o Cine-teatro S. Jo\u00e3o, em Palmela, acolhe o XVIII F\u00f3rum Permanente Teatro, iniciativa do Teatro Sem Dono com a Federa\u00e7\u00e3o Portuguesa de Teatro e o apoio do Munic\u00edpio, que contemplar\u00e1 espet\u00e1culos e componente formativa.<\/span><\/p>\n<p><span style=\"color: #000000; font-family: Calibri;\">\u00a0<\/span><\/p>\n<p><span style=\"color: #000000; font-family: Calibri;\">\u00a0<\/span><\/p>\n<p><span style=\"color: #000000; font-family: Calibri;\">\u00a0<\/span><\/p>\n<p><span style=\"color: #000000; font-family: Calibri;\">Programa:<\/span><\/p>\n<p><span style=\"color: #000000; font-family: Calibri;\">\u00a0<\/span><\/p>\n<p><span style=\"color: #000000; font-family: Calibri;\">18 mar\u00e7o | 21h30 | Sociedade Recreativa e Cultural do Povo do Bairro Alentejano<\/span><\/p>\n<p><span style=\"color: #000000; font-family: Calibri;\">Vanessa vai \u00e0 luta<\/span><\/p>\n<p><span style=\"color: #000000; font-family: Calibri;\">Pelo Ensaiarte<\/span><\/p>\n<p><span style=\"color: #000000; font-family: Calibri;\">Classifica\u00e7\u00e3o: M\/ 8 anos<\/span><\/p>\n<p><span style=\"color: #000000; font-family: Calibri;\">Entrada gratuita<\/span><\/p>\n<p><span style=\"color: #000000; font-family: Calibri;\">Org: Ensaiarte<\/span><\/p>\n<p><span style=\"color: #000000; font-family: Calibri;\">Apoio: C\u00e2mara Municipal de Palmela<\/span><\/p>\n<p><span style=\"color: #000000; font-family: Calibri;\">\u00a0<\/span><\/p>\n<p><span style=\"color: #000000; font-family: Calibri;\">\u00a0<\/span><\/p>\n<p><span style=\"color: #000000; font-family: Calibri;\">18 mar\u00e7o | 21h30 | Audit\u00f3rio Municipal Pinhal Novo<\/span><\/p>\n<p><span style=\"color: #000000; font-family: Calibri;\">Companhia das Mi\u00fadas Perfeitas <\/span><\/p>\n<p><span style=\"color: #000000; font-family: Calibri;\">Pelo Teatro da Vila<\/span><\/p>\n<p><span style=\"color: #000000; font-family: Calibri;\">Classifica\u00e7\u00e3o: M\/16 anos <\/span><\/p>\n<p><span style=\"color: #000000; font-family: Calibri;\">Bilheteira: 2 \u20ac<\/span><\/p>\n<p><span style=\"color: #000000; font-family: Calibri;\">Org: Associa\u00e7\u00e3o Teatro da Vila <\/span><\/p>\n<p><span style=\"color: #000000; font-family: Calibri;\">Apoio: C\u00e2mara Municipal de Palmela<\/span><\/p>\n<p><span style=\"color: #000000; font-family: Calibri;\">\u00a0<\/span><\/p>\n<p><span style=\"color: #000000; font-family: Calibri;\">\u00a0<\/span><\/p>\n<p><span style=\"color: #000000; font-family: Calibri;\">19 mar\u00e7o | 16h00 | Grupo Popular e Recreativo Cabanense<\/span><\/p>\n<p><span style=\"color: #000000; font-family: Calibri;\">1 abril | 16h00 | Centro Comunit\u00e1rio de \u00c1guas de Moura<\/span><\/p>\n<p><span style=\"color: #000000; font-family: Calibri;\">A Sabedoria do Homem Velho <\/span><\/p>\n<p><span style=\"color: #000000; font-family: Calibri;\">Pela Associa\u00e7\u00e3o Teatro da Vila<\/span><\/p>\n<p><span style=\"color: #000000; font-family: Calibri;\">Classifica\u00e7\u00e3o: M\/ 3 anos <\/span><\/p>\n<p><span style=\"color: #000000; font-family: Calibri;\">Entrada: gratuita<\/span><\/p>\n<p><span style=\"color: #000000; font-family: Calibri;\">Apoio: C\u00e2mara Municipal de Palmela <\/span><\/p>\n<p><span style=\"color: #000000; font-family: Calibri;\">Org: Associa\u00e7\u00e3o Teatro da Vila<\/span><\/p>\n<p><span style=\"color: #000000; font-family: Calibri;\">\u00a0<\/span><\/p>\n<p><span style=\"color: #000000; font-family: Calibri;\">24 a 26 mar\u00e7o | Cine-teatro S. Jo\u00e3o -Palmela<\/span><\/p>\n<p><span style=\"color: #000000; font-family: Calibri;\">XVIII F\u00f3rum Permanente Teatro<\/span><\/p>\n<p><span style=\"color: #000000; font-family: Calibri;\">Espet\u00e1culos e forma\u00e7\u00e3o de teatro<\/span><\/p>\n<p><span style=\"color: #000000; font-family: Calibri;\">Mais informa\u00e7\u00f5es:\u00a0teatrosemdono@gmail.com<\/span><\/p>\n<p><span style=\"color: #000000; font-family: Calibri;\">Org: Teatro Sem Dono com Federa\u00e7\u00e3o Portuguesa de Teatro<\/span><\/p>\n<p><span style=\"color: #000000; font-family: Calibri;\">Apoio: C\u00e2mara Municipal de Palmela<\/span><\/p>\n<p><span style=\"color: #000000; font-family: Calibri;\">\u00a0<\/span><\/p>\n<p><span style=\"color: #000000; font-family: Calibri;\">\u00a0<\/span><\/p>\n<p><span style=\"color: #000000; font-family: Calibri;\">8 abril | 21h30 | Audit\u00f3rio Municipal Pinhal Novo<\/span><\/p>\n<p><span style=\"color: #000000; font-family: Calibri;\">Teatro Sem Dono (A) mostra<\/span><\/p>\n<p><span style=\"color: #000000; font-family: Calibri;\">Que Av\u00f3 Inconveniente<\/span><\/p>\n<p><span style=\"color: #000000; font-family: Calibri;\">Pelo &#8220;TELA \u2013 Teatro Extremamente Louco e Absurdo&#8221; <\/span><\/p>\n<p><span style=\"color: #000000; font-family: Calibri;\">Classifica\u00e7\u00e3o: M\/12 anos <\/span><\/p>\n<p><span style=\"color: #000000; font-family: Calibri;\">Bilheteira : 3\u20ac<\/span><\/p>\n<p><span style=\"color: #000000; font-family: Calibri;\">Org: Teatro Sem Dono\u00a0<\/span><\/p>\n<p><span style=\"color: #000000; font-family: Calibri;\">Apoio: C\u00e2mara Municipal de Palmela, Junta de Freguesia de Pinhal Novo, Federa\u00e7\u00e3o Portuguesa de Teatro, Churrasqueira O Forno, ASL Tom\u00e9<\/span><\/p>\n","protected":false},"excerpt":{"rendered":"<p>&nbsp; &nbsp; As novas produ\u00e7\u00f5es dos grupos de teatro de amadores do concelho de Palmela continuam a subir aos palcos dos equipamentos municipais e das coletividades, nas cinco freguesias, no \u00e2mbito das comemora\u00e7\u00f5es do Dia Mundial do Teatro.<\/p>\n","protected":false},"author":2,"featured_media":20962,"comment_status":"open","ping_status":"closed","sticky":false,"template":"","format":"standard","meta":{"footnotes":""},"categories":[2,5],"tags":[850,426],"class_list":["post-20961","post","type-post","status-publish","format-standard","has-post-thumbnail","hentry","category-cultura","category-teatro","tag-dia-mundial-do-teatro","tag-palmela"],"yoast_head":"<!-- This site is optimized with the Yoast SEO plugin v27.4 - https:\/\/yoast.com\/product\/yoast-seo-wordpress\/ -->\n<title>Comemora\u00e7\u00f5es do Dia Mundial do Teatro em Palmela | Infocul.pt - Arquivo Digital<\/title>\n<meta name=\"description\" content=\"Comemora\u00e7\u00f5es do Dia Mundial do Teatro em Palmela | Infocul.pt - Arquivo Digital\" \/>\n<meta name=\"robots\" content=\"noindex, follow, max-snippet:-1, max-image-preview:large, max-video-preview:-1\" \/>\n<meta property=\"og:locale\" content=\"pt_PT\" \/>\n<meta property=\"og:type\" content=\"article\" \/>\n<meta property=\"og:title\" content=\"Comemora\u00e7\u00f5es do Dia Mundial do Teatro em Palmela | Infocul.pt - Arquivo Digital\" \/>\n<meta property=\"og:description\" content=\"Comemora\u00e7\u00f5es do Dia Mundial do Teatro em Palmela | Infocul.pt - Arquivo Digital\" \/>\n<meta property=\"og:url\" content=\"https:\/\/infocul.pt\/arquivo\/cultura\/comemoracoes-dia-mundial-teatro-em-palmela\/\" \/>\n<meta property=\"og:site_name\" content=\"Infocul.pt - Arquivo Digital\" \/>\n<meta property=\"article:publisher\" content=\"https:\/\/www.facebook.com\/Infocul-147816815585015\/\" \/>\n<meta property=\"article:published_time\" content=\"2017-03-13T13:19:42+00:00\" \/>\n<meta property=\"og:image\" content=\"https:\/\/infocul.pt\/arquivo\/wp-content\/uploads\/2017\/03\/Av\u00c3\u00b3-Inconveniente.jpg\" \/>\n\t<meta property=\"og:image:width\" content=\"960\" \/>\n\t<meta property=\"og:image:height\" content=\"960\" \/>\n\t<meta property=\"og:image:type\" content=\"image\/jpeg\" \/>\n<meta name=\"author\" content=\"Rui Lavrador\" \/>\n<meta name=\"twitter:card\" content=\"summary_large_image\" \/>\n<meta name=\"twitter:creator\" content=\"@Infoculpt\" \/>\n<meta name=\"twitter:site\" content=\"@Infoculpt\" \/>\n<meta name=\"twitter:label1\" content=\"Escrito por\" \/>\n\t<meta name=\"twitter:data1\" content=\"Rui Lavrador\" \/>\n\t<meta name=\"twitter:label2\" content=\"Tempo estimado de leitura\" \/>\n\t<meta name=\"twitter:data2\" content=\"2 minutos\" \/>\n<script type=\"application\/ld+json\" class=\"yoast-schema-graph\">{\"@context\":\"https:\\\/\\\/schema.org\",\"@graph\":[{\"@type\":\"Article\",\"@id\":\"https:\\\/\\\/infocul.pt\\\/arquivo\\\/cultura\\\/comemoracoes-dia-mundial-teatro-em-palmela\\\/#article\",\"isPartOf\":{\"@id\":\"https:\\\/\\\/infocul.pt\\\/arquivo\\\/cultura\\\/comemoracoes-dia-mundial-teatro-em-palmela\\\/\"},\"author\":{\"name\":\"Rui Lavrador\",\"@id\":\"https:\\\/\\\/infocul.pt\\\/arquivo\\\/#\\\/schema\\\/person\\\/060a108d7f2d85fc6aae505119ee5234\"},\"headline\":\"Comemora\u00e7\u00f5es do Dia Mundial do Teatro em Palmela\",\"datePublished\":\"2017-03-13T13:19:42+00:00\",\"mainEntityOfPage\":{\"@id\":\"https:\\\/\\\/infocul.pt\\\/arquivo\\\/cultura\\\/comemoracoes-dia-mundial-teatro-em-palmela\\\/\"},\"wordCount\":333,\"commentCount\":0,\"publisher\":{\"@id\":\"https:\\\/\\\/infocul.pt\\\/arquivo\\\/#organization\"},\"image\":{\"@id\":\"https:\\\/\\\/infocul.pt\\\/arquivo\\\/cultura\\\/comemoracoes-dia-mundial-teatro-em-palmela\\\/#primaryimage\"},\"thumbnailUrl\":\"https:\\\/\\\/infocul.pt\\\/arquivo\\\/wp-content\\\/uploads\\\/2017\\\/03\\\/Av\u00c3\u00b3-Inconveniente.jpg\",\"keywords\":[\"Dia Mundial do Teatro\",\"Palmela\"],\"articleSection\":[\"Cultura\",\"Teatro\"],\"inLanguage\":\"pt-PT\"},{\"@type\":\"WebPage\",\"@id\":\"https:\\\/\\\/infocul.pt\\\/arquivo\\\/cultura\\\/comemoracoes-dia-mundial-teatro-em-palmela\\\/\",\"url\":\"https:\\\/\\\/infocul.pt\\\/arquivo\\\/cultura\\\/comemoracoes-dia-mundial-teatro-em-palmela\\\/\",\"name\":\"Comemora\u00e7\u00f5es do Dia Mundial do Teatro em Palmela | Infocul.pt - Arquivo Digital\",\"isPartOf\":{\"@id\":\"https:\\\/\\\/infocul.pt\\\/arquivo\\\/#website\"},\"primaryImageOfPage\":{\"@id\":\"https:\\\/\\\/infocul.pt\\\/arquivo\\\/cultura\\\/comemoracoes-dia-mundial-teatro-em-palmela\\\/#primaryimage\"},\"image\":{\"@id\":\"https:\\\/\\\/infocul.pt\\\/arquivo\\\/cultura\\\/comemoracoes-dia-mundial-teatro-em-palmela\\\/#primaryimage\"},\"thumbnailUrl\":\"https:\\\/\\\/infocul.pt\\\/arquivo\\\/wp-content\\\/uploads\\\/2017\\\/03\\\/Av\u00c3\u00b3-Inconveniente.jpg\",\"datePublished\":\"2017-03-13T13:19:42+00:00\",\"description\":\"Comemora\u00e7\u00f5es do Dia Mundial do Teatro em Palmela | Infocul.pt - Arquivo Digital\",\"breadcrumb\":{\"@id\":\"https:\\\/\\\/infocul.pt\\\/arquivo\\\/cultura\\\/comemoracoes-dia-mundial-teatro-em-palmela\\\/#breadcrumb\"},\"inLanguage\":\"pt-PT\",\"potentialAction\":[{\"@type\":\"ReadAction\",\"target\":[\"https:\\\/\\\/infocul.pt\\\/arquivo\\\/cultura\\\/comemoracoes-dia-mundial-teatro-em-palmela\\\/\"]}]},{\"@type\":\"ImageObject\",\"inLanguage\":\"pt-PT\",\"@id\":\"https:\\\/\\\/infocul.pt\\\/arquivo\\\/cultura\\\/comemoracoes-dia-mundial-teatro-em-palmela\\\/#primaryimage\",\"url\":\"https:\\\/\\\/infocul.pt\\\/arquivo\\\/wp-content\\\/uploads\\\/2017\\\/03\\\/Av\u00c3\u00b3-Inconveniente.jpg\",\"contentUrl\":\"https:\\\/\\\/infocul.pt\\\/arquivo\\\/wp-content\\\/uploads\\\/2017\\\/03\\\/Av\u00c3\u00b3-Inconveniente.jpg\",\"width\":960,\"height\":960},{\"@type\":\"BreadcrumbList\",\"@id\":\"https:\\\/\\\/infocul.pt\\\/arquivo\\\/cultura\\\/comemoracoes-dia-mundial-teatro-em-palmela\\\/#breadcrumb\",\"itemListElement\":[{\"@type\":\"ListItem\",\"position\":1,\"name\":\"Home\",\"item\":\"https:\\\/\\\/infocul.pt\\\/arquivo\\\/\"},{\"@type\":\"ListItem\",\"position\":2,\"name\":\"Comemora\u00e7\u00f5es do Dia Mundial do Teatro em Palmela\"}]},{\"@type\":\"WebSite\",\"@id\":\"https:\\\/\\\/infocul.pt\\\/arquivo\\\/#website\",\"url\":\"https:\\\/\\\/infocul.pt\\\/arquivo\\\/\",\"name\":\"Infocul.pt - Arquivo Digital\",\"description\":\"Arquivo digital da Infocul.pt\",\"publisher\":{\"@id\":\"https:\\\/\\\/infocul.pt\\\/arquivo\\\/#organization\"},\"potentialAction\":[{\"@type\":\"SearchAction\",\"target\":{\"@type\":\"EntryPoint\",\"urlTemplate\":\"https:\\\/\\\/infocul.pt\\\/arquivo\\\/?s={search_term_string}\"},\"query-input\":{\"@type\":\"PropertyValueSpecification\",\"valueRequired\":true,\"valueName\":\"search_term_string\"}}],\"inLanguage\":\"pt-PT\"},{\"@type\":\"Organization\",\"@id\":\"https:\\\/\\\/infocul.pt\\\/arquivo\\\/#organization\",\"name\":\"Infocul.pt\",\"url\":\"https:\\\/\\\/infocul.pt\\\/arquivo\\\/\",\"logo\":{\"@type\":\"ImageObject\",\"inLanguage\":\"pt-PT\",\"@id\":\"https:\\\/\\\/infocul.pt\\\/arquivo\\\/#\\\/schema\\\/logo\\\/image\\\/\",\"url\":\"https:\\\/\\\/infocul.pt\\\/arquivo\\\/wp-content\\\/uploads\\\/2018\\\/12\\\/Infocul_logo-1.png\",\"contentUrl\":\"https:\\\/\\\/infocul.pt\\\/arquivo\\\/wp-content\\\/uploads\\\/2018\\\/12\\\/Infocul_logo-1.png\",\"width\":800,\"height\":800,\"caption\":\"Infocul.pt\"},\"image\":{\"@id\":\"https:\\\/\\\/infocul.pt\\\/arquivo\\\/#\\\/schema\\\/logo\\\/image\\\/\"},\"sameAs\":[\"https:\\\/\\\/www.facebook.com\\\/Infocul-147816815585015\\\/\",\"https:\\\/\\\/x.com\\\/Infoculpt\",\"http:\\\/\\\/www.pictaram.com\\\/user\\\/infocul.pt\\\/2370423710\",\"https:\\\/\\\/www.youtube.com\\\/channel\\\/UCYEB91AGI9FL9ek2i_IaQAA\"]},{\"@type\":\"Person\",\"@id\":\"https:\\\/\\\/infocul.pt\\\/arquivo\\\/#\\\/schema\\\/person\\\/060a108d7f2d85fc6aae505119ee5234\",\"name\":\"Rui Lavrador\",\"image\":{\"@type\":\"ImageObject\",\"inLanguage\":\"pt-PT\",\"@id\":\"https:\\\/\\\/secure.gravatar.com\\\/avatar\\\/93febd6873394aa8e975148548a0cb203acfdd42d2c85c5f1408e1a76678aece?s=96&d=mm&r=g\",\"url\":\"https:\\\/\\\/secure.gravatar.com\\\/avatar\\\/93febd6873394aa8e975148548a0cb203acfdd42d2c85c5f1408e1a76678aece?s=96&d=mm&r=g\",\"contentUrl\":\"https:\\\/\\\/secure.gravatar.com\\\/avatar\\\/93febd6873394aa8e975148548a0cb203acfdd42d2c85c5f1408e1a76678aece?s=96&d=mm&r=g\",\"caption\":\"Rui Lavrador\"},\"description\":\"Iniciou em 2011 o seu percurso em comunica\u00e7\u00e3o social, tendo integrado v\u00e1rios projectos editoriais. Durante o seu percurso integrou projectos como Jornal Hardm\u00fasica, LusoNot\u00edcias, Toureio.pt, ODigital.pt, entre outros \u00d3rg\u00e3os de Comunica\u00e7\u00e3o Social nacionais, na redac\u00e7\u00e3o de v\u00e1rios artigos. Entrevistou a grande maioria das personalidades mais importantes da vida social e cultural do pa\u00eds, destacando-se, tamb\u00e9m, na aprecia\u00e7\u00e3o de v\u00e1rios espect\u00e1culos. Durante o seu percurso, deu a conhecer v\u00e1rios artistas, at\u00e9 ent\u00e3o desconhecidos, ao grande p\u00fablico. Em 2015 criou e fundou o Infocul.pt, projecto no qual assume a direc\u00e7\u00e3o editorial.\",\"sameAs\":[\"http:\\\/\\\/www.infocul.pt\"]}]}<\/script>\n<!-- \/ Yoast SEO plugin. -->","yoast_head_json":{"title":"Comemora\u00e7\u00f5es do Dia Mundial do Teatro em Palmela | Infocul.pt - Arquivo Digital","description":"Comemora\u00e7\u00f5es do Dia Mundial do Teatro em Palmela | Infocul.pt - Arquivo Digital","robots":{"index":"noindex","follow":"follow","max-snippet":"max-snippet:-1","max-image-preview":"max-image-preview:large","max-video-preview":"max-video-preview:-1"},"og_locale":"pt_PT","og_type":"article","og_title":"Comemora\u00e7\u00f5es do Dia Mundial do Teatro em Palmela | Infocul.pt - Arquivo Digital","og_description":"Comemora\u00e7\u00f5es do Dia Mundial do Teatro em Palmela | Infocul.pt - Arquivo Digital","og_url":"https:\/\/infocul.pt\/arquivo\/cultura\/comemoracoes-dia-mundial-teatro-em-palmela\/","og_site_name":"Infocul.pt - Arquivo Digital","article_publisher":"https:\/\/www.facebook.com\/Infocul-147816815585015\/","article_published_time":"2017-03-13T13:19:42+00:00","og_image":[{"width":960,"height":960,"url":"https:\/\/infocul.pt\/arquivo\/wp-content\/uploads\/2017\/03\/Av\u00c3\u00b3-Inconveniente.jpg","type":"image\/jpeg"}],"author":"Rui Lavrador","twitter_card":"summary_large_image","twitter_creator":"@Infoculpt","twitter_site":"@Infoculpt","twitter_misc":{"Escrito por":"Rui Lavrador","Tempo estimado de leitura":"2 minutos"},"schema":{"@context":"https:\/\/schema.org","@graph":[{"@type":"Article","@id":"https:\/\/infocul.pt\/arquivo\/cultura\/comemoracoes-dia-mundial-teatro-em-palmela\/#article","isPartOf":{"@id":"https:\/\/infocul.pt\/arquivo\/cultura\/comemoracoes-dia-mundial-teatro-em-palmela\/"},"author":{"name":"Rui Lavrador","@id":"https:\/\/infocul.pt\/arquivo\/#\/schema\/person\/060a108d7f2d85fc6aae505119ee5234"},"headline":"Comemora\u00e7\u00f5es do Dia Mundial do Teatro em Palmela","datePublished":"2017-03-13T13:19:42+00:00","mainEntityOfPage":{"@id":"https:\/\/infocul.pt\/arquivo\/cultura\/comemoracoes-dia-mundial-teatro-em-palmela\/"},"wordCount":333,"commentCount":0,"publisher":{"@id":"https:\/\/infocul.pt\/arquivo\/#organization"},"image":{"@id":"https:\/\/infocul.pt\/arquivo\/cultura\/comemoracoes-dia-mundial-teatro-em-palmela\/#primaryimage"},"thumbnailUrl":"https:\/\/infocul.pt\/arquivo\/wp-content\/uploads\/2017\/03\/Av\u00c3\u00b3-Inconveniente.jpg","keywords":["Dia Mundial do Teatro","Palmela"],"articleSection":["Cultura","Teatro"],"inLanguage":"pt-PT"},{"@type":"WebPage","@id":"https:\/\/infocul.pt\/arquivo\/cultura\/comemoracoes-dia-mundial-teatro-em-palmela\/","url":"https:\/\/infocul.pt\/arquivo\/cultura\/comemoracoes-dia-mundial-teatro-em-palmela\/","name":"Comemora\u00e7\u00f5es do Dia Mundial do Teatro em Palmela | Infocul.pt - Arquivo Digital","isPartOf":{"@id":"https:\/\/infocul.pt\/arquivo\/#website"},"primaryImageOfPage":{"@id":"https:\/\/infocul.pt\/arquivo\/cultura\/comemoracoes-dia-mundial-teatro-em-palmela\/#primaryimage"},"image":{"@id":"https:\/\/infocul.pt\/arquivo\/cultura\/comemoracoes-dia-mundial-teatro-em-palmela\/#primaryimage"},"thumbnailUrl":"https:\/\/infocul.pt\/arquivo\/wp-content\/uploads\/2017\/03\/Av\u00c3\u00b3-Inconveniente.jpg","datePublished":"2017-03-13T13:19:42+00:00","description":"Comemora\u00e7\u00f5es do Dia Mundial do Teatro em Palmela | Infocul.pt - Arquivo Digital","breadcrumb":{"@id":"https:\/\/infocul.pt\/arquivo\/cultura\/comemoracoes-dia-mundial-teatro-em-palmela\/#breadcrumb"},"inLanguage":"pt-PT","potentialAction":[{"@type":"ReadAction","target":["https:\/\/infocul.pt\/arquivo\/cultura\/comemoracoes-dia-mundial-teatro-em-palmela\/"]}]},{"@type":"ImageObject","inLanguage":"pt-PT","@id":"https:\/\/infocul.pt\/arquivo\/cultura\/comemoracoes-dia-mundial-teatro-em-palmela\/#primaryimage","url":"https:\/\/infocul.pt\/arquivo\/wp-content\/uploads\/2017\/03\/Av\u00c3\u00b3-Inconveniente.jpg","contentUrl":"https:\/\/infocul.pt\/arquivo\/wp-content\/uploads\/2017\/03\/Av\u00c3\u00b3-Inconveniente.jpg","width":960,"height":960},{"@type":"BreadcrumbList","@id":"https:\/\/infocul.pt\/arquivo\/cultura\/comemoracoes-dia-mundial-teatro-em-palmela\/#breadcrumb","itemListElement":[{"@type":"ListItem","position":1,"name":"Home","item":"https:\/\/infocul.pt\/arquivo\/"},{"@type":"ListItem","position":2,"name":"Comemora\u00e7\u00f5es do Dia Mundial do Teatro em Palmela"}]},{"@type":"WebSite","@id":"https:\/\/infocul.pt\/arquivo\/#website","url":"https:\/\/infocul.pt\/arquivo\/","name":"Infocul.pt - Arquivo Digital","description":"Arquivo digital da Infocul.pt","publisher":{"@id":"https:\/\/infocul.pt\/arquivo\/#organization"},"potentialAction":[{"@type":"SearchAction","target":{"@type":"EntryPoint","urlTemplate":"https:\/\/infocul.pt\/arquivo\/?s={search_term_string}"},"query-input":{"@type":"PropertyValueSpecification","valueRequired":true,"valueName":"search_term_string"}}],"inLanguage":"pt-PT"},{"@type":"Organization","@id":"https:\/\/infocul.pt\/arquivo\/#organization","name":"Infocul.pt","url":"https:\/\/infocul.pt\/arquivo\/","logo":{"@type":"ImageObject","inLanguage":"pt-PT","@id":"https:\/\/infocul.pt\/arquivo\/#\/schema\/logo\/image\/","url":"https:\/\/infocul.pt\/arquivo\/wp-content\/uploads\/2018\/12\/Infocul_logo-1.png","contentUrl":"https:\/\/infocul.pt\/arquivo\/wp-content\/uploads\/2018\/12\/Infocul_logo-1.png","width":800,"height":800,"caption":"Infocul.pt"},"image":{"@id":"https:\/\/infocul.pt\/arquivo\/#\/schema\/logo\/image\/"},"sameAs":["https:\/\/www.facebook.com\/Infocul-147816815585015\/","https:\/\/x.com\/Infoculpt","http:\/\/www.pictaram.com\/user\/infocul.pt\/2370423710","https:\/\/www.youtube.com\/channel\/UCYEB91AGI9FL9ek2i_IaQAA"]},{"@type":"Person","@id":"https:\/\/infocul.pt\/arquivo\/#\/schema\/person\/060a108d7f2d85fc6aae505119ee5234","name":"Rui Lavrador","image":{"@type":"ImageObject","inLanguage":"pt-PT","@id":"https:\/\/secure.gravatar.com\/avatar\/93febd6873394aa8e975148548a0cb203acfdd42d2c85c5f1408e1a76678aece?s=96&d=mm&r=g","url":"https:\/\/secure.gravatar.com\/avatar\/93febd6873394aa8e975148548a0cb203acfdd42d2c85c5f1408e1a76678aece?s=96&d=mm&r=g","contentUrl":"https:\/\/secure.gravatar.com\/avatar\/93febd6873394aa8e975148548a0cb203acfdd42d2c85c5f1408e1a76678aece?s=96&d=mm&r=g","caption":"Rui Lavrador"},"description":"Iniciou em 2011 o seu percurso em comunica\u00e7\u00e3o social, tendo integrado v\u00e1rios projectos editoriais. Durante o seu percurso integrou projectos como Jornal Hardm\u00fasica, LusoNot\u00edcias, Toureio.pt, ODigital.pt, entre outros \u00d3rg\u00e3os de Comunica\u00e7\u00e3o Social nacionais, na redac\u00e7\u00e3o de v\u00e1rios artigos. Entrevistou a grande maioria das personalidades mais importantes da vida social e cultural do pa\u00eds, destacando-se, tamb\u00e9m, na aprecia\u00e7\u00e3o de v\u00e1rios espect\u00e1culos. Durante o seu percurso, deu a conhecer v\u00e1rios artistas, at\u00e9 ent\u00e3o desconhecidos, ao grande p\u00fablico. Em 2015 criou e fundou o Infocul.pt, projecto no qual assume a direc\u00e7\u00e3o editorial.","sameAs":["http:\/\/www.infocul.pt"]}]}},"_links":{"self":[{"href":"https:\/\/infocul.pt\/arquivo\/wp-json\/wp\/v2\/posts\/20961","targetHints":{"allow":["GET"]}}],"collection":[{"href":"https:\/\/infocul.pt\/arquivo\/wp-json\/wp\/v2\/posts"}],"about":[{"href":"https:\/\/infocul.pt\/arquivo\/wp-json\/wp\/v2\/types\/post"}],"author":[{"embeddable":true,"href":"https:\/\/infocul.pt\/arquivo\/wp-json\/wp\/v2\/users\/2"}],"replies":[{"embeddable":true,"href":"https:\/\/infocul.pt\/arquivo\/wp-json\/wp\/v2\/comments?post=20961"}],"version-history":[{"count":0,"href":"https:\/\/infocul.pt\/arquivo\/wp-json\/wp\/v2\/posts\/20961\/revisions"}],"wp:featuredmedia":[{"embeddable":true,"href":"https:\/\/infocul.pt\/arquivo\/wp-json\/wp\/v2\/media\/20962"}],"wp:attachment":[{"href":"https:\/\/infocul.pt\/arquivo\/wp-json\/wp\/v2\/media?parent=20961"}],"wp:term":[{"taxonomy":"category","embeddable":true,"href":"https:\/\/infocul.pt\/arquivo\/wp-json\/wp\/v2\/categories?post=20961"},{"taxonomy":"post_tag","embeddable":true,"href":"https:\/\/infocul.pt\/arquivo\/wp-json\/wp\/v2\/tags?post=20961"}],"curies":[{"name":"wp","href":"https:\/\/api.w.org\/{rel}","templated":true}]}}