{"id":21805,"date":"2017-03-29T08:18:32","date_gmt":"2017-03-29T08:18:32","guid":{"rendered":"http:\/\/infocul.pt\/?p=21805"},"modified":"2017-03-29T08:18:32","modified_gmt":"2017-03-29T08:18:32","slug":"luis-miguel-cintra-apresenta-um-d-joao-portugues","status":"publish","type":"post","link":"https:\/\/infocul.pt\/arquivo\/cultura\/luis-miguel-cintra-apresenta-um-d-joao-portugues\/","title":{"rendered":"Luis Miguel Cintra apresenta Um D. Jo\u00e3o Portugu\u00eas"},"content":{"rendered":"<p><img decoding=\"async\" class=\"aligncenter wp-image-21806 size-full lazyload\" data-src=\"http:\/\/infocul.pt\/wp-content\/uploads\/2017\/03\/Fotograma-ensaio-de-leitura.jpg\" alt=\"Fotograma ensaio de leitura\" width=\"2048\" height=\"1152\" data-srcset=\"https:\/\/infocul.pt\/arquivo\/wp-content\/uploads\/2017\/03\/Fotograma-ensaio-de-leitura.jpg 2048w, https:\/\/infocul.pt\/arquivo\/wp-content\/uploads\/2017\/03\/Fotograma-ensaio-de-leitura-300x169.jpg 300w, https:\/\/infocul.pt\/arquivo\/wp-content\/uploads\/2017\/03\/Fotograma-ensaio-de-leitura-768x432.jpg 768w, https:\/\/infocul.pt\/arquivo\/wp-content\/uploads\/2017\/03\/Fotograma-ensaio-de-leitura-1024x576.jpg 1024w\" data-sizes=\"(max-width: 2048px) 100vw, 2048px\" src=\"data:image\/svg+xml;base64,PHN2ZyB3aWR0aD0iMSIgaGVpZ2h0PSIxIiB4bWxucz0iaHR0cDovL3d3dy53My5vcmcvMjAwMC9zdmciPjwvc3ZnPg==\" style=\"--smush-placeholder-width: 2048px; --smush-placeholder-aspect-ratio: 2048\/1152;\" \/><\/p>\n<p>&nbsp;<\/p>\n<p>&nbsp;<\/p>\n<p><span style=\"color: #000000; font-family: Calibri;\">Depois do encerramento do Teatro da Cornuc\u00f3pia, Luis Miguel Cintra apresenta no dia 01 de Abril, \u00e0s 21:00, no P\u00f3lo Da Junta do Afonsoeiro, no Montijo. O espect\u00e1culo &#8220;Um D.Jo\u00e3o Portugu\u00eas&#8221;, a partir da tradu\u00e7\u00e3o portuguesa divulgada no Teatro de Cordel Setecentista. Esta obra-prima de Moli\u00e9re, ser\u00e1 constru\u00eddo ao longo de 2017 em quatro cidades, reunindo um conjunto de actores ligados ao percurso da Cornuc\u00f3pia e tem como objectivo partilhar o processo de trabalho com grupos de espectadores locais.<\/span><!--more--><\/p>\n<p><span style=\"color: #000000; font-family: Calibri;\">\u00a0<\/span><\/p>\n<p><span style=\"color: #000000; font-family: Calibri;\">\u00a0<\/span><\/p>\n<p><span style=\"color: #000000; font-family: Calibri;\">Depois de um percurso de 43 anos \u00e0 frente do Teatro da Cornuc\u00f3pia, Luis Miguel Cintra regressa ao trabalho com um grupo de actores ligados \u00e0 companhia que entretanto terminou. Ao longo de 2017, o grupo visitar\u00e1 quatro cidades e, em cada uma delas, partilhar\u00e1 com os espectadores as diferentes fases de prepara\u00e7\u00e3o de um espect\u00e1culo.\u00a0<\/span><\/p>\n<p><span style=\"color: #000000; font-family: Calibri;\">\u00a0<\/span><\/p>\n<p><span style=\"color: #000000; font-family: Calibri;\">\u00a0<\/span><\/p>\n<p><span style=\"color: #000000; font-family: Calibri;\">&#8220;Um D. Jo\u00e3o Portugu\u00eas&#8221; parte de uma tradu\u00e7\u00e3o portuguesa an\u00f3nima da pe\u00e7a de Moli\u00e8re, que se vendeu nas ruas como literatura de cordel. Na vers\u00e3o trabalhada por Luis Miguel Cintra, D. Jo\u00e3o e Esganarelo surgem como marginais da sociedade, sempre em fuga, quase como num road movie.\u00a0<\/span><\/p>\n<p><span style=\"color: #000000; font-family: Calibri;\">\u00a0<\/span><\/p>\n<p><span style=\"color: #000000; font-family: Calibri;\">\u00a0<\/span><\/p>\n<p><span style=\"color: #000000; font-family: Calibri;\">&#8220;<strong>Tudo neste espect\u00e1culo a que chamei &#8216;Um D. Jo\u00e3o Portugu\u00eas&#8217; \u00e9 imperfeito, ou melhor, inacabado, bastardo, hesitante, incerto<\/strong>&#8220;, afirma o encenador. Como a vida? Eis a pergunta que assoma inevitavelmente, quando o objectivo \u00e9, durante um ano, colocar este grupo em permanente viagem e trabalho, numa busca que Luis Miguel Cintra deseja partilhar com o p\u00fablico: &#8220;<strong>Queremos que os espectadores sejam c\u00famplices deste jogo, desta mistura que \u00e9 igual a como funcionam as nossas cabe\u00e7as nos seus melhores momentos. Para n\u00f3s o Teatro \u00e9 como um campo de treinos do desporto favorito dos seres humanos, aquele que o distingue dos animais: pensar. E aceitar ou n\u00e3o, ser moral e ser feliz<\/strong>.&#8221;<\/span><\/p>\n<p><span style=\"color: #000000; font-family: Calibri;\">\u00a0<\/span><\/p>\n<p><span style=\"color: #000000; font-family: Calibri;\">\u00a0<\/span><\/p>\n<p><span style=\"color: #000000; font-family: Calibri;\">No final desta pe\u00e7a, o objectivo consiste em regressar a cada um dos locais para apresentar a sequ\u00eancia total, o que se prev\u00ea que aconte\u00e7a a partir de Janeiro de 2018.<\/span><\/p>\n<p><span style=\"color: #000000; font-family: Calibri;\">\u00a0<\/span><\/p>\n<p><span style=\"color: #000000; font-family: Calibri;\">\u00a0<\/span><\/p>\n<p><span style=\"color: #000000; font-family: Calibri;\">Faz parte tamb\u00e9m do projecto ser partilhado por entidades de import\u00e2ncia e natureza muito diferentes. Montijo ser\u00e1 a primeira cidade visitada, com o apoio da C\u00e2mara Municipal e da Junta de Freguesia da Uni\u00e3o das Freguesias de Montijo e Afonsoeiro, estando em negocia\u00e7\u00f5es qual ser\u00e1 o segundo local; o terceiro bloco ser\u00e1 apresentado em Viseu, no Teatro Viriato (um teatro com larga pr\u00e1tica de projectos de cria\u00e7\u00e3o que aceitou tornar-se co-produtor de &#8220;Um D. Jo\u00e3o Portugu\u00eas&#8221;) e o quarto prev\u00ea-se que seja em Guimar\u00e3es.<\/span><\/p>\n","protected":false},"excerpt":{"rendered":"<p>&nbsp; &nbsp; Depois do encerramento do Teatro da Cornuc\u00f3pia, Luis Miguel Cintra apresenta no dia 01 de Abril, \u00e0s 21:00, no P\u00f3lo Da Junta do Afonsoeiro, no Montijo. O espect\u00e1culo &#8220;Um D.Jo\u00e3o Portugu\u00eas&#8221;, a partir da tradu\u00e7\u00e3o portuguesa divulgada no Teatro de Cordel Setecentista. Esta obra-prima de Moli\u00e9re, ser\u00e1 constru\u00eddo ao longo de 2017 em [&hellip;]<\/p>\n","protected":false},"author":13,"featured_media":21806,"comment_status":"open","ping_status":"closed","sticky":false,"template":"","format":"standard","meta":{"footnotes":""},"categories":[2,5],"tags":[283,3464],"class_list":["post-21805","post","type-post","status-publish","format-standard","has-post-thumbnail","hentry","category-cultura","category-teatro","tag-companhia-mascarenhas-martins","tag-luis-miguel-cintra"],"yoast_head":"<!-- This site is optimized with the Yoast SEO plugin v27.4 - https:\/\/yoast.com\/product\/yoast-seo-wordpress\/ -->\n<title>Luis Miguel Cintra apresenta Um D. Jo\u00e3o Portugu\u00eas | Infocul.pt - Arquivo Digital<\/title>\n<meta name=\"description\" content=\"Luis Miguel Cintra apresenta Um D. Jo\u00e3o Portugu\u00eas | Infocul.pt - Arquivo Digital\" \/>\n<meta name=\"robots\" content=\"noindex, follow, max-snippet:-1, max-image-preview:large, max-video-preview:-1\" \/>\n<meta property=\"og:locale\" content=\"pt_PT\" \/>\n<meta property=\"og:type\" content=\"article\" \/>\n<meta property=\"og:title\" content=\"Luis Miguel Cintra apresenta Um D. Jo\u00e3o Portugu\u00eas | Infocul.pt - Arquivo Digital\" \/>\n<meta property=\"og:description\" content=\"Luis Miguel Cintra apresenta Um D. Jo\u00e3o Portugu\u00eas | Infocul.pt - Arquivo Digital\" \/>\n<meta property=\"og:url\" content=\"https:\/\/infocul.pt\/arquivo\/cultura\/luis-miguel-cintra-apresenta-um-d-joao-portugues\/\" \/>\n<meta property=\"og:site_name\" content=\"Infocul.pt - Arquivo Digital\" \/>\n<meta property=\"article:publisher\" content=\"https:\/\/www.facebook.com\/Infocul-147816815585015\/\" \/>\n<meta property=\"article:published_time\" content=\"2017-03-29T08:18:32+00:00\" \/>\n<meta property=\"og:image\" content=\"https:\/\/infocul.pt\/arquivo\/wp-content\/uploads\/2017\/03\/Fotograma-ensaio-de-leitura.jpg\" \/>\n\t<meta property=\"og:image:width\" content=\"2048\" \/>\n\t<meta property=\"og:image:height\" content=\"1152\" \/>\n\t<meta property=\"og:image:type\" content=\"image\/jpeg\" \/>\n<meta name=\"author\" content=\"Redac\u00e7\u00e3o\" \/>\n<meta name=\"twitter:card\" content=\"summary_large_image\" \/>\n<meta name=\"twitter:creator\" content=\"@Infoculpt\" \/>\n<meta name=\"twitter:site\" content=\"@Infoculpt\" \/>\n<meta name=\"twitter:label1\" content=\"Escrito por\" \/>\n\t<meta name=\"twitter:data1\" content=\"Redac\u00e7\u00e3o\" \/>\n\t<meta name=\"twitter:label2\" content=\"Tempo estimado de leitura\" \/>\n\t<meta name=\"twitter:data2\" content=\"2 minutos\" \/>\n<script type=\"application\/ld+json\" class=\"yoast-schema-graph\">{\"@context\":\"https:\\\/\\\/schema.org\",\"@graph\":[{\"@type\":\"Article\",\"@id\":\"https:\\\/\\\/infocul.pt\\\/arquivo\\\/cultura\\\/luis-miguel-cintra-apresenta-um-d-joao-portugues\\\/#article\",\"isPartOf\":{\"@id\":\"https:\\\/\\\/infocul.pt\\\/arquivo\\\/cultura\\\/luis-miguel-cintra-apresenta-um-d-joao-portugues\\\/\"},\"author\":{\"name\":\"Redac\u00e7\u00e3o\",\"@id\":\"https:\\\/\\\/infocul.pt\\\/arquivo\\\/#\\\/schema\\\/person\\\/f243f45ae8d67639120a7586884f3abc\"},\"headline\":\"Luis Miguel Cintra apresenta Um D. Jo\u00e3o Portugu\u00eas\",\"datePublished\":\"2017-03-29T08:18:32+00:00\",\"mainEntityOfPage\":{\"@id\":\"https:\\\/\\\/infocul.pt\\\/arquivo\\\/cultura\\\/luis-miguel-cintra-apresenta-um-d-joao-portugues\\\/\"},\"wordCount\":451,\"commentCount\":0,\"publisher\":{\"@id\":\"https:\\\/\\\/infocul.pt\\\/arquivo\\\/#organization\"},\"image\":{\"@id\":\"https:\\\/\\\/infocul.pt\\\/arquivo\\\/cultura\\\/luis-miguel-cintra-apresenta-um-d-joao-portugues\\\/#primaryimage\"},\"thumbnailUrl\":\"https:\\\/\\\/infocul.pt\\\/arquivo\\\/wp-content\\\/uploads\\\/2017\\\/03\\\/Fotograma-ensaio-de-leitura.jpg\",\"keywords\":[\"Companhia Mascarenhas-Martins\",\"Luis Miguel Cintra\"],\"articleSection\":[\"Cultura\",\"Teatro\"],\"inLanguage\":\"pt-PT\"},{\"@type\":\"WebPage\",\"@id\":\"https:\\\/\\\/infocul.pt\\\/arquivo\\\/cultura\\\/luis-miguel-cintra-apresenta-um-d-joao-portugues\\\/\",\"url\":\"https:\\\/\\\/infocul.pt\\\/arquivo\\\/cultura\\\/luis-miguel-cintra-apresenta-um-d-joao-portugues\\\/\",\"name\":\"Luis Miguel Cintra apresenta Um D. Jo\u00e3o Portugu\u00eas | Infocul.pt - Arquivo Digital\",\"isPartOf\":{\"@id\":\"https:\\\/\\\/infocul.pt\\\/arquivo\\\/#website\"},\"primaryImageOfPage\":{\"@id\":\"https:\\\/\\\/infocul.pt\\\/arquivo\\\/cultura\\\/luis-miguel-cintra-apresenta-um-d-joao-portugues\\\/#primaryimage\"},\"image\":{\"@id\":\"https:\\\/\\\/infocul.pt\\\/arquivo\\\/cultura\\\/luis-miguel-cintra-apresenta-um-d-joao-portugues\\\/#primaryimage\"},\"thumbnailUrl\":\"https:\\\/\\\/infocul.pt\\\/arquivo\\\/wp-content\\\/uploads\\\/2017\\\/03\\\/Fotograma-ensaio-de-leitura.jpg\",\"datePublished\":\"2017-03-29T08:18:32+00:00\",\"description\":\"Luis Miguel Cintra apresenta Um D. Jo\u00e3o Portugu\u00eas | Infocul.pt - Arquivo Digital\",\"breadcrumb\":{\"@id\":\"https:\\\/\\\/infocul.pt\\\/arquivo\\\/cultura\\\/luis-miguel-cintra-apresenta-um-d-joao-portugues\\\/#breadcrumb\"},\"inLanguage\":\"pt-PT\",\"potentialAction\":[{\"@type\":\"ReadAction\",\"target\":[\"https:\\\/\\\/infocul.pt\\\/arquivo\\\/cultura\\\/luis-miguel-cintra-apresenta-um-d-joao-portugues\\\/\"]}]},{\"@type\":\"ImageObject\",\"inLanguage\":\"pt-PT\",\"@id\":\"https:\\\/\\\/infocul.pt\\\/arquivo\\\/cultura\\\/luis-miguel-cintra-apresenta-um-d-joao-portugues\\\/#primaryimage\",\"url\":\"https:\\\/\\\/infocul.pt\\\/arquivo\\\/wp-content\\\/uploads\\\/2017\\\/03\\\/Fotograma-ensaio-de-leitura.jpg\",\"contentUrl\":\"https:\\\/\\\/infocul.pt\\\/arquivo\\\/wp-content\\\/uploads\\\/2017\\\/03\\\/Fotograma-ensaio-de-leitura.jpg\",\"width\":2048,\"height\":1152},{\"@type\":\"BreadcrumbList\",\"@id\":\"https:\\\/\\\/infocul.pt\\\/arquivo\\\/cultura\\\/luis-miguel-cintra-apresenta-um-d-joao-portugues\\\/#breadcrumb\",\"itemListElement\":[{\"@type\":\"ListItem\",\"position\":1,\"name\":\"Home\",\"item\":\"https:\\\/\\\/infocul.pt\\\/arquivo\\\/\"},{\"@type\":\"ListItem\",\"position\":2,\"name\":\"Luis Miguel Cintra apresenta Um D. Jo\u00e3o Portugu\u00eas\"}]},{\"@type\":\"WebSite\",\"@id\":\"https:\\\/\\\/infocul.pt\\\/arquivo\\\/#website\",\"url\":\"https:\\\/\\\/infocul.pt\\\/arquivo\\\/\",\"name\":\"Infocul.pt - Arquivo Digital\",\"description\":\"Arquivo digital da Infocul.pt\",\"publisher\":{\"@id\":\"https:\\\/\\\/infocul.pt\\\/arquivo\\\/#organization\"},\"potentialAction\":[{\"@type\":\"SearchAction\",\"target\":{\"@type\":\"EntryPoint\",\"urlTemplate\":\"https:\\\/\\\/infocul.pt\\\/arquivo\\\/?s={search_term_string}\"},\"query-input\":{\"@type\":\"PropertyValueSpecification\",\"valueRequired\":true,\"valueName\":\"search_term_string\"}}],\"inLanguage\":\"pt-PT\"},{\"@type\":\"Organization\",\"@id\":\"https:\\\/\\\/infocul.pt\\\/arquivo\\\/#organization\",\"name\":\"Infocul.pt\",\"url\":\"https:\\\/\\\/infocul.pt\\\/arquivo\\\/\",\"logo\":{\"@type\":\"ImageObject\",\"inLanguage\":\"pt-PT\",\"@id\":\"https:\\\/\\\/infocul.pt\\\/arquivo\\\/#\\\/schema\\\/logo\\\/image\\\/\",\"url\":\"https:\\\/\\\/infocul.pt\\\/arquivo\\\/wp-content\\\/uploads\\\/2018\\\/12\\\/Infocul_logo-1.png\",\"contentUrl\":\"https:\\\/\\\/infocul.pt\\\/arquivo\\\/wp-content\\\/uploads\\\/2018\\\/12\\\/Infocul_logo-1.png\",\"width\":800,\"height\":800,\"caption\":\"Infocul.pt\"},\"image\":{\"@id\":\"https:\\\/\\\/infocul.pt\\\/arquivo\\\/#\\\/schema\\\/logo\\\/image\\\/\"},\"sameAs\":[\"https:\\\/\\\/www.facebook.com\\\/Infocul-147816815585015\\\/\",\"https:\\\/\\\/x.com\\\/Infoculpt\",\"http:\\\/\\\/www.pictaram.com\\\/user\\\/infocul.pt\\\/2370423710\",\"https:\\\/\\\/www.youtube.com\\\/channel\\\/UCYEB91AGI9FL9ek2i_IaQAA\"]},{\"@type\":\"Person\",\"@id\":\"https:\\\/\\\/infocul.pt\\\/arquivo\\\/#\\\/schema\\\/person\\\/f243f45ae8d67639120a7586884f3abc\",\"name\":\"Redac\u00e7\u00e3o\",\"image\":{\"@type\":\"ImageObject\",\"inLanguage\":\"pt-PT\",\"@id\":\"https:\\\/\\\/secure.gravatar.com\\\/avatar\\\/151b1b76c598ab5e749407223bd6c1bad4e41c4e95de3c3df83540ebee2deaf8?s=96&d=mm&r=g\",\"url\":\"https:\\\/\\\/secure.gravatar.com\\\/avatar\\\/151b1b76c598ab5e749407223bd6c1bad4e41c4e95de3c3df83540ebee2deaf8?s=96&d=mm&r=g\",\"contentUrl\":\"https:\\\/\\\/secure.gravatar.com\\\/avatar\\\/151b1b76c598ab5e749407223bd6c1bad4e41c4e95de3c3df83540ebee2deaf8?s=96&d=mm&r=g\",\"caption\":\"Redac\u00e7\u00e3o\"}}]}<\/script>\n<!-- \/ Yoast SEO plugin. -->","yoast_head_json":{"title":"Luis Miguel Cintra apresenta Um D. Jo\u00e3o Portugu\u00eas | Infocul.pt - Arquivo Digital","description":"Luis Miguel Cintra apresenta Um D. Jo\u00e3o Portugu\u00eas | Infocul.pt - Arquivo Digital","robots":{"index":"noindex","follow":"follow","max-snippet":"max-snippet:-1","max-image-preview":"max-image-preview:large","max-video-preview":"max-video-preview:-1"},"og_locale":"pt_PT","og_type":"article","og_title":"Luis Miguel Cintra apresenta Um D. Jo\u00e3o Portugu\u00eas | Infocul.pt - Arquivo Digital","og_description":"Luis Miguel Cintra apresenta Um D. Jo\u00e3o Portugu\u00eas | Infocul.pt - Arquivo Digital","og_url":"https:\/\/infocul.pt\/arquivo\/cultura\/luis-miguel-cintra-apresenta-um-d-joao-portugues\/","og_site_name":"Infocul.pt - Arquivo Digital","article_publisher":"https:\/\/www.facebook.com\/Infocul-147816815585015\/","article_published_time":"2017-03-29T08:18:32+00:00","og_image":[{"width":2048,"height":1152,"url":"https:\/\/infocul.pt\/arquivo\/wp-content\/uploads\/2017\/03\/Fotograma-ensaio-de-leitura.jpg","type":"image\/jpeg"}],"author":"Redac\u00e7\u00e3o","twitter_card":"summary_large_image","twitter_creator":"@Infoculpt","twitter_site":"@Infoculpt","twitter_misc":{"Escrito por":"Redac\u00e7\u00e3o","Tempo estimado de leitura":"2 minutos"},"schema":{"@context":"https:\/\/schema.org","@graph":[{"@type":"Article","@id":"https:\/\/infocul.pt\/arquivo\/cultura\/luis-miguel-cintra-apresenta-um-d-joao-portugues\/#article","isPartOf":{"@id":"https:\/\/infocul.pt\/arquivo\/cultura\/luis-miguel-cintra-apresenta-um-d-joao-portugues\/"},"author":{"name":"Redac\u00e7\u00e3o","@id":"https:\/\/infocul.pt\/arquivo\/#\/schema\/person\/f243f45ae8d67639120a7586884f3abc"},"headline":"Luis Miguel Cintra apresenta Um D. Jo\u00e3o Portugu\u00eas","datePublished":"2017-03-29T08:18:32+00:00","mainEntityOfPage":{"@id":"https:\/\/infocul.pt\/arquivo\/cultura\/luis-miguel-cintra-apresenta-um-d-joao-portugues\/"},"wordCount":451,"commentCount":0,"publisher":{"@id":"https:\/\/infocul.pt\/arquivo\/#organization"},"image":{"@id":"https:\/\/infocul.pt\/arquivo\/cultura\/luis-miguel-cintra-apresenta-um-d-joao-portugues\/#primaryimage"},"thumbnailUrl":"https:\/\/infocul.pt\/arquivo\/wp-content\/uploads\/2017\/03\/Fotograma-ensaio-de-leitura.jpg","keywords":["Companhia Mascarenhas-Martins","Luis Miguel Cintra"],"articleSection":["Cultura","Teatro"],"inLanguage":"pt-PT"},{"@type":"WebPage","@id":"https:\/\/infocul.pt\/arquivo\/cultura\/luis-miguel-cintra-apresenta-um-d-joao-portugues\/","url":"https:\/\/infocul.pt\/arquivo\/cultura\/luis-miguel-cintra-apresenta-um-d-joao-portugues\/","name":"Luis Miguel Cintra apresenta Um D. Jo\u00e3o Portugu\u00eas | Infocul.pt - Arquivo Digital","isPartOf":{"@id":"https:\/\/infocul.pt\/arquivo\/#website"},"primaryImageOfPage":{"@id":"https:\/\/infocul.pt\/arquivo\/cultura\/luis-miguel-cintra-apresenta-um-d-joao-portugues\/#primaryimage"},"image":{"@id":"https:\/\/infocul.pt\/arquivo\/cultura\/luis-miguel-cintra-apresenta-um-d-joao-portugues\/#primaryimage"},"thumbnailUrl":"https:\/\/infocul.pt\/arquivo\/wp-content\/uploads\/2017\/03\/Fotograma-ensaio-de-leitura.jpg","datePublished":"2017-03-29T08:18:32+00:00","description":"Luis Miguel Cintra apresenta Um D. Jo\u00e3o Portugu\u00eas | Infocul.pt - Arquivo Digital","breadcrumb":{"@id":"https:\/\/infocul.pt\/arquivo\/cultura\/luis-miguel-cintra-apresenta-um-d-joao-portugues\/#breadcrumb"},"inLanguage":"pt-PT","potentialAction":[{"@type":"ReadAction","target":["https:\/\/infocul.pt\/arquivo\/cultura\/luis-miguel-cintra-apresenta-um-d-joao-portugues\/"]}]},{"@type":"ImageObject","inLanguage":"pt-PT","@id":"https:\/\/infocul.pt\/arquivo\/cultura\/luis-miguel-cintra-apresenta-um-d-joao-portugues\/#primaryimage","url":"https:\/\/infocul.pt\/arquivo\/wp-content\/uploads\/2017\/03\/Fotograma-ensaio-de-leitura.jpg","contentUrl":"https:\/\/infocul.pt\/arquivo\/wp-content\/uploads\/2017\/03\/Fotograma-ensaio-de-leitura.jpg","width":2048,"height":1152},{"@type":"BreadcrumbList","@id":"https:\/\/infocul.pt\/arquivo\/cultura\/luis-miguel-cintra-apresenta-um-d-joao-portugues\/#breadcrumb","itemListElement":[{"@type":"ListItem","position":1,"name":"Home","item":"https:\/\/infocul.pt\/arquivo\/"},{"@type":"ListItem","position":2,"name":"Luis Miguel Cintra apresenta Um D. Jo\u00e3o Portugu\u00eas"}]},{"@type":"WebSite","@id":"https:\/\/infocul.pt\/arquivo\/#website","url":"https:\/\/infocul.pt\/arquivo\/","name":"Infocul.pt - Arquivo Digital","description":"Arquivo digital da Infocul.pt","publisher":{"@id":"https:\/\/infocul.pt\/arquivo\/#organization"},"potentialAction":[{"@type":"SearchAction","target":{"@type":"EntryPoint","urlTemplate":"https:\/\/infocul.pt\/arquivo\/?s={search_term_string}"},"query-input":{"@type":"PropertyValueSpecification","valueRequired":true,"valueName":"search_term_string"}}],"inLanguage":"pt-PT"},{"@type":"Organization","@id":"https:\/\/infocul.pt\/arquivo\/#organization","name":"Infocul.pt","url":"https:\/\/infocul.pt\/arquivo\/","logo":{"@type":"ImageObject","inLanguage":"pt-PT","@id":"https:\/\/infocul.pt\/arquivo\/#\/schema\/logo\/image\/","url":"https:\/\/infocul.pt\/arquivo\/wp-content\/uploads\/2018\/12\/Infocul_logo-1.png","contentUrl":"https:\/\/infocul.pt\/arquivo\/wp-content\/uploads\/2018\/12\/Infocul_logo-1.png","width":800,"height":800,"caption":"Infocul.pt"},"image":{"@id":"https:\/\/infocul.pt\/arquivo\/#\/schema\/logo\/image\/"},"sameAs":["https:\/\/www.facebook.com\/Infocul-147816815585015\/","https:\/\/x.com\/Infoculpt","http:\/\/www.pictaram.com\/user\/infocul.pt\/2370423710","https:\/\/www.youtube.com\/channel\/UCYEB91AGI9FL9ek2i_IaQAA"]},{"@type":"Person","@id":"https:\/\/infocul.pt\/arquivo\/#\/schema\/person\/f243f45ae8d67639120a7586884f3abc","name":"Redac\u00e7\u00e3o","image":{"@type":"ImageObject","inLanguage":"pt-PT","@id":"https:\/\/secure.gravatar.com\/avatar\/151b1b76c598ab5e749407223bd6c1bad4e41c4e95de3c3df83540ebee2deaf8?s=96&d=mm&r=g","url":"https:\/\/secure.gravatar.com\/avatar\/151b1b76c598ab5e749407223bd6c1bad4e41c4e95de3c3df83540ebee2deaf8?s=96&d=mm&r=g","contentUrl":"https:\/\/secure.gravatar.com\/avatar\/151b1b76c598ab5e749407223bd6c1bad4e41c4e95de3c3df83540ebee2deaf8?s=96&d=mm&r=g","caption":"Redac\u00e7\u00e3o"}}]}},"_links":{"self":[{"href":"https:\/\/infocul.pt\/arquivo\/wp-json\/wp\/v2\/posts\/21805","targetHints":{"allow":["GET"]}}],"collection":[{"href":"https:\/\/infocul.pt\/arquivo\/wp-json\/wp\/v2\/posts"}],"about":[{"href":"https:\/\/infocul.pt\/arquivo\/wp-json\/wp\/v2\/types\/post"}],"author":[{"embeddable":true,"href":"https:\/\/infocul.pt\/arquivo\/wp-json\/wp\/v2\/users\/13"}],"replies":[{"embeddable":true,"href":"https:\/\/infocul.pt\/arquivo\/wp-json\/wp\/v2\/comments?post=21805"}],"version-history":[{"count":0,"href":"https:\/\/infocul.pt\/arquivo\/wp-json\/wp\/v2\/posts\/21805\/revisions"}],"wp:featuredmedia":[{"embeddable":true,"href":"https:\/\/infocul.pt\/arquivo\/wp-json\/wp\/v2\/media\/21806"}],"wp:attachment":[{"href":"https:\/\/infocul.pt\/arquivo\/wp-json\/wp\/v2\/media?parent=21805"}],"wp:term":[{"taxonomy":"category","embeddable":true,"href":"https:\/\/infocul.pt\/arquivo\/wp-json\/wp\/v2\/categories?post=21805"},{"taxonomy":"post_tag","embeddable":true,"href":"https:\/\/infocul.pt\/arquivo\/wp-json\/wp\/v2\/tags?post=21805"}],"curies":[{"name":"wp","href":"https:\/\/api.w.org\/{rel}","templated":true}]}}