{"id":22093,"date":"2017-04-04T02:05:04","date_gmt":"2017-04-04T02:05:04","guid":{"rendered":"http:\/\/infocul.pt\/?p=22093"},"modified":"2017-04-04T02:05:04","modified_gmt":"2017-04-04T02:05:04","slug":"concertos-de-encerramento-de-estagios-de-orquestra-conservatorio-de-sintra","status":"publish","type":"post","link":"https:\/\/infocul.pt\/arquivo\/cultura\/concertos-de-encerramento-de-estagios-de-orquestra-conservatorio-de-sintra\/","title":{"rendered":"Concertos de encerramento de est\u00e1gios de orquestra do Conservat\u00f3rio de Sintra"},"content":{"rendered":"<p><img decoding=\"async\" class=\"aligncenter wp-image-22094 size-full lazyload\" data-src=\"http:\/\/infocul.pt\/wp-content\/uploads\/2017\/04\/Estagio-Orquestra-Estagio-Sopros.jpg\" alt=\"Estagio Orquestra Estagio Sopros\" width=\"1280\" height=\"960\" data-srcset=\"https:\/\/infocul.pt\/arquivo\/wp-content\/uploads\/2017\/04\/Estagio-Orquestra-Estagio-Sopros.jpg 1280w, https:\/\/infocul.pt\/arquivo\/wp-content\/uploads\/2017\/04\/Estagio-Orquestra-Estagio-Sopros-300x225.jpg 300w, https:\/\/infocul.pt\/arquivo\/wp-content\/uploads\/2017\/04\/Estagio-Orquestra-Estagio-Sopros-768x576.jpg 768w, https:\/\/infocul.pt\/arquivo\/wp-content\/uploads\/2017\/04\/Estagio-Orquestra-Estagio-Sopros-1024x768.jpg 1024w\" data-sizes=\"(max-width: 1280px) 100vw, 1280px\" src=\"data:image\/svg+xml;base64,PHN2ZyB3aWR0aD0iMSIgaGVpZ2h0PSIxIiB4bWxucz0iaHR0cDovL3d3dy53My5vcmcvMjAwMC9zdmciPjwvc3ZnPg==\" style=\"--smush-placeholder-width: 1280px; --smush-placeholder-aspect-ratio: 1280\/960;\" \/><\/p>\n<p>&nbsp;<\/p>\n<p><span style=\"color: #000000; font-family: Calibri;\">Nos dias 07 e 09 de Abril realizam-se os concertos de encerramento de est\u00e1gios de orquestra de sopros, de percuss\u00e3o e de cordas do Conservat\u00f3rio de Sintra.<\/span><!--more--><\/p>\n<p><span style=\"color: #000000; font-family: Calibri;\">\u00a0<\/span><\/p>\n<p><span style=\"color: #000000; font-family: Calibri;\">\u00a0<\/span><\/p>\n<p><span style=\"color: #000000; font-family: Calibri;\">Na primeira semana das f\u00e9rias da P\u00e1scoa o Conservat\u00f3rio de M\u00fasica de Sintra vai promover dois est\u00e1gios de orquestra de sopros, percuss\u00e3o e cordas. Sob a direc\u00e7\u00e3o de H\u00e9lder Gon\u00e7alves e Paulo Cordeiro, e com o apoio da Junta de Freguesia de Rio de Mouro, Russom\u00fasica e atelier Winds Corner, este sexto est\u00e1gio decorre de 05 a 07 de Abril e junta alunos do Conservat\u00f3rio e participantes externos que durante tr\u00eas dias t\u00eam a oportunidade adquirir conhecimentos t\u00e9cnicos espec\u00edficos a partir do programa proposto.\u00a0<\/span><\/p>\n<p><span style=\"color: #000000; font-family: Calibri;\">\u00a0<\/span><\/p>\n<p><span style=\"color: #000000; font-family: Calibri;\">\u00a0<\/span><\/p>\n<p><span style=\"color: #000000; font-family: Calibri;\">Exclusivo para alunos da Orquestra de C\u00e2mara do Conservat\u00f3rio, o Est\u00e1gio de Orquestra de Cordas proporciona um espa\u00e7o de trabalho intensivo, mas tamb\u00e9m de conv\u00edvio entre todos os alunos, que dedicam quatro dias das f\u00e9rias ao estudo de obras que permitem o seu aperfei\u00e7oamento t\u00e9cnico e art\u00edstico. O IX Est\u00e1gio de Orquestra de C\u00e2mara conta com a coordena\u00e7\u00e3o dos professores Paula Pestana, Lu\u00eds Estev\u00e3o da Silva e Pedro Texeira.<\/span><\/p>\n<p><span style=\"color: #000000; font-family: Calibri;\">\u00a0<\/span><\/p>\n<p><span style=\"color: #000000; font-family: Calibri;\">\u00a0<\/span><\/p>\n<p><span style=\"color: #000000; font-family: Calibri;\">O trabalho realizado ser\u00e1 apresentado ao p\u00fablico no dia 07 de Abril, \u00e0s 21:00, no Audit\u00f3rio da Igreja de Nossa Senhora da Paz, em Rio de Mouro e no dia 09 de Abril, no Semin\u00e1rio de Nossa Senhora de F\u00e1tima, em Alfragide, pelas 15:30. Neste espect\u00e1culo os alunos v\u00e3o apresentar alguns dos maiores sucessos da banda sueca ABBA.<\/span><\/p>\n<p><span style=\"color: #000000; font-family: Calibri;\">\u00a0<\/span><\/p>\n<p><span style=\"color: #000000; font-family: Calibri;\">\u00a0<\/span><\/p>\n<p><span style=\"color: #000000; font-family: Calibri;\">Estes concertos s\u00e3o de entrada livre.<\/span><\/p>\n","protected":false},"excerpt":{"rendered":"<p>&nbsp; Nos dias 07 e 09 de Abril realizam-se os concertos de encerramento de est\u00e1gios de orquestra de sopros, de percuss\u00e3o e de cordas do Conservat\u00f3rio de Sintra.<\/p>\n","protected":false},"author":13,"featured_media":22094,"comment_status":"open","ping_status":"closed","sticky":false,"template":"","format":"standard","meta":{"footnotes":""},"categories":[3,2],"tags":[2180],"class_list":["post-22093","post","type-post","status-publish","format-standard","has-post-thumbnail","hentry","category-concertos","category-cultura","tag-conservatorio-de-musica-de-sintra"],"yoast_head":"<!-- This site is optimized with the Yoast SEO plugin v27.5 - https:\/\/yoast.com\/product\/yoast-seo-wordpress\/ -->\n<title>Concertos de encerramento de est\u00e1gios de orquestra do Conservat\u00f3rio de Sintra | Infocul.pt - Arquivo Digital<\/title>\n<meta name=\"description\" content=\"Concertos de encerramento de est\u00e1gios de orquestra do Conservat\u00f3rio de Sintra | Infocul.pt - Arquivo Digital\" \/>\n<meta name=\"robots\" content=\"noindex, follow, max-snippet:-1, max-image-preview:large, max-video-preview:-1\" \/>\n<meta property=\"og:locale\" content=\"pt_PT\" \/>\n<meta property=\"og:type\" content=\"article\" \/>\n<meta property=\"og:title\" content=\"Concertos de encerramento de est\u00e1gios de orquestra do Conservat\u00f3rio de Sintra | Infocul.pt - Arquivo Digital\" \/>\n<meta property=\"og:description\" content=\"Concertos de encerramento de est\u00e1gios de orquestra do Conservat\u00f3rio de Sintra | Infocul.pt - Arquivo Digital\" \/>\n<meta property=\"og:url\" content=\"https:\/\/infocul.pt\/arquivo\/cultura\/concertos-de-encerramento-de-estagios-de-orquestra-conservatorio-de-sintra\/\" \/>\n<meta property=\"og:site_name\" content=\"Infocul.pt - Arquivo Digital\" \/>\n<meta property=\"article:publisher\" content=\"https:\/\/www.facebook.com\/Infocul-147816815585015\/\" \/>\n<meta property=\"article:published_time\" content=\"2017-04-04T02:05:04+00:00\" \/>\n<meta property=\"og:image\" content=\"https:\/\/infocul.pt\/arquivo\/wp-content\/uploads\/2017\/04\/Estagio-Orquestra-Estagio-Sopros.jpg\" \/>\n\t<meta property=\"og:image:width\" content=\"1280\" \/>\n\t<meta property=\"og:image:height\" content=\"960\" \/>\n\t<meta property=\"og:image:type\" content=\"image\/jpeg\" \/>\n<meta name=\"author\" content=\"Redac\u00e7\u00e3o\" \/>\n<meta name=\"twitter:card\" content=\"summary_large_image\" \/>\n<meta name=\"twitter:creator\" content=\"@Infoculpt\" \/>\n<meta name=\"twitter:site\" content=\"@Infoculpt\" \/>\n<meta name=\"twitter:label1\" content=\"Escrito por\" \/>\n\t<meta name=\"twitter:data1\" content=\"Redac\u00e7\u00e3o\" \/>\n\t<meta name=\"twitter:label2\" content=\"Tempo estimado de leitura\" \/>\n\t<meta name=\"twitter:data2\" content=\"1 minuto\" \/>\n<script type=\"application\/ld+json\" class=\"yoast-schema-graph\">{\"@context\":\"https:\\\/\\\/schema.org\",\"@graph\":[{\"@type\":\"Article\",\"@id\":\"https:\\\/\\\/infocul.pt\\\/arquivo\\\/cultura\\\/concertos-de-encerramento-de-estagios-de-orquestra-conservatorio-de-sintra\\\/#article\",\"isPartOf\":{\"@id\":\"https:\\\/\\\/infocul.pt\\\/arquivo\\\/cultura\\\/concertos-de-encerramento-de-estagios-de-orquestra-conservatorio-de-sintra\\\/\"},\"author\":{\"name\":\"Redac\u00e7\u00e3o\",\"@id\":\"https:\\\/\\\/infocul.pt\\\/arquivo\\\/#\\\/schema\\\/person\\\/f243f45ae8d67639120a7586884f3abc\"},\"headline\":\"Concertos de encerramento de est\u00e1gios de orquestra do Conservat\u00f3rio de Sintra\",\"datePublished\":\"2017-04-04T02:05:04+00:00\",\"mainEntityOfPage\":{\"@id\":\"https:\\\/\\\/infocul.pt\\\/arquivo\\\/cultura\\\/concertos-de-encerramento-de-estagios-de-orquestra-conservatorio-de-sintra\\\/\"},\"wordCount\":291,\"commentCount\":0,\"publisher\":{\"@id\":\"https:\\\/\\\/infocul.pt\\\/arquivo\\\/#organization\"},\"image\":{\"@id\":\"https:\\\/\\\/infocul.pt\\\/arquivo\\\/cultura\\\/concertos-de-encerramento-de-estagios-de-orquestra-conservatorio-de-sintra\\\/#primaryimage\"},\"thumbnailUrl\":\"https:\\\/\\\/infocul.pt\\\/arquivo\\\/wp-content\\\/uploads\\\/2017\\\/04\\\/Estagio-Orquestra-Estagio-Sopros.jpg\",\"keywords\":[\"Conservat\u00f3rio de M\u00fasica de Sintra\"],\"articleSection\":[\"Concertos\",\"Cultura\"],\"inLanguage\":\"pt-PT\"},{\"@type\":\"WebPage\",\"@id\":\"https:\\\/\\\/infocul.pt\\\/arquivo\\\/cultura\\\/concertos-de-encerramento-de-estagios-de-orquestra-conservatorio-de-sintra\\\/\",\"url\":\"https:\\\/\\\/infocul.pt\\\/arquivo\\\/cultura\\\/concertos-de-encerramento-de-estagios-de-orquestra-conservatorio-de-sintra\\\/\",\"name\":\"Concertos de encerramento de est\u00e1gios de orquestra do Conservat\u00f3rio de Sintra | Infocul.pt - Arquivo Digital\",\"isPartOf\":{\"@id\":\"https:\\\/\\\/infocul.pt\\\/arquivo\\\/#website\"},\"primaryImageOfPage\":{\"@id\":\"https:\\\/\\\/infocul.pt\\\/arquivo\\\/cultura\\\/concertos-de-encerramento-de-estagios-de-orquestra-conservatorio-de-sintra\\\/#primaryimage\"},\"image\":{\"@id\":\"https:\\\/\\\/infocul.pt\\\/arquivo\\\/cultura\\\/concertos-de-encerramento-de-estagios-de-orquestra-conservatorio-de-sintra\\\/#primaryimage\"},\"thumbnailUrl\":\"https:\\\/\\\/infocul.pt\\\/arquivo\\\/wp-content\\\/uploads\\\/2017\\\/04\\\/Estagio-Orquestra-Estagio-Sopros.jpg\",\"datePublished\":\"2017-04-04T02:05:04+00:00\",\"description\":\"Concertos de encerramento de est\u00e1gios de orquestra do Conservat\u00f3rio de Sintra | Infocul.pt - Arquivo Digital\",\"breadcrumb\":{\"@id\":\"https:\\\/\\\/infocul.pt\\\/arquivo\\\/cultura\\\/concertos-de-encerramento-de-estagios-de-orquestra-conservatorio-de-sintra\\\/#breadcrumb\"},\"inLanguage\":\"pt-PT\",\"potentialAction\":[{\"@type\":\"ReadAction\",\"target\":[\"https:\\\/\\\/infocul.pt\\\/arquivo\\\/cultura\\\/concertos-de-encerramento-de-estagios-de-orquestra-conservatorio-de-sintra\\\/\"]}]},{\"@type\":\"ImageObject\",\"inLanguage\":\"pt-PT\",\"@id\":\"https:\\\/\\\/infocul.pt\\\/arquivo\\\/cultura\\\/concertos-de-encerramento-de-estagios-de-orquestra-conservatorio-de-sintra\\\/#primaryimage\",\"url\":\"https:\\\/\\\/infocul.pt\\\/arquivo\\\/wp-content\\\/uploads\\\/2017\\\/04\\\/Estagio-Orquestra-Estagio-Sopros.jpg\",\"contentUrl\":\"https:\\\/\\\/infocul.pt\\\/arquivo\\\/wp-content\\\/uploads\\\/2017\\\/04\\\/Estagio-Orquestra-Estagio-Sopros.jpg\",\"width\":1280,\"height\":960},{\"@type\":\"BreadcrumbList\",\"@id\":\"https:\\\/\\\/infocul.pt\\\/arquivo\\\/cultura\\\/concertos-de-encerramento-de-estagios-de-orquestra-conservatorio-de-sintra\\\/#breadcrumb\",\"itemListElement\":[{\"@type\":\"ListItem\",\"position\":1,\"name\":\"Home\",\"item\":\"https:\\\/\\\/infocul.pt\\\/arquivo\\\/\"},{\"@type\":\"ListItem\",\"position\":2,\"name\":\"Concertos de encerramento de est\u00e1gios de orquestra do Conservat\u00f3rio de Sintra\"}]},{\"@type\":\"WebSite\",\"@id\":\"https:\\\/\\\/infocul.pt\\\/arquivo\\\/#website\",\"url\":\"https:\\\/\\\/infocul.pt\\\/arquivo\\\/\",\"name\":\"Infocul.pt - Arquivo Digital\",\"description\":\"Arquivo digital da Infocul.pt\",\"publisher\":{\"@id\":\"https:\\\/\\\/infocul.pt\\\/arquivo\\\/#organization\"},\"potentialAction\":[{\"@type\":\"SearchAction\",\"target\":{\"@type\":\"EntryPoint\",\"urlTemplate\":\"https:\\\/\\\/infocul.pt\\\/arquivo\\\/?s={search_term_string}\"},\"query-input\":{\"@type\":\"PropertyValueSpecification\",\"valueRequired\":true,\"valueName\":\"search_term_string\"}}],\"inLanguage\":\"pt-PT\"},{\"@type\":\"Organization\",\"@id\":\"https:\\\/\\\/infocul.pt\\\/arquivo\\\/#organization\",\"name\":\"Infocul.pt\",\"url\":\"https:\\\/\\\/infocul.pt\\\/arquivo\\\/\",\"logo\":{\"@type\":\"ImageObject\",\"inLanguage\":\"pt-PT\",\"@id\":\"https:\\\/\\\/infocul.pt\\\/arquivo\\\/#\\\/schema\\\/logo\\\/image\\\/\",\"url\":\"https:\\\/\\\/infocul.pt\\\/arquivo\\\/wp-content\\\/uploads\\\/2018\\\/12\\\/Infocul_logo-1.png\",\"contentUrl\":\"https:\\\/\\\/infocul.pt\\\/arquivo\\\/wp-content\\\/uploads\\\/2018\\\/12\\\/Infocul_logo-1.png\",\"width\":800,\"height\":800,\"caption\":\"Infocul.pt\"},\"image\":{\"@id\":\"https:\\\/\\\/infocul.pt\\\/arquivo\\\/#\\\/schema\\\/logo\\\/image\\\/\"},\"sameAs\":[\"https:\\\/\\\/www.facebook.com\\\/Infocul-147816815585015\\\/\",\"https:\\\/\\\/x.com\\\/Infoculpt\",\"http:\\\/\\\/www.pictaram.com\\\/user\\\/infocul.pt\\\/2370423710\",\"https:\\\/\\\/www.youtube.com\\\/channel\\\/UCYEB91AGI9FL9ek2i_IaQAA\"]},{\"@type\":\"Person\",\"@id\":\"https:\\\/\\\/infocul.pt\\\/arquivo\\\/#\\\/schema\\\/person\\\/f243f45ae8d67639120a7586884f3abc\",\"name\":\"Redac\u00e7\u00e3o\",\"image\":{\"@type\":\"ImageObject\",\"inLanguage\":\"pt-PT\",\"@id\":\"https:\\\/\\\/secure.gravatar.com\\\/avatar\\\/151b1b76c598ab5e749407223bd6c1bad4e41c4e95de3c3df83540ebee2deaf8?s=96&d=mm&r=g\",\"url\":\"https:\\\/\\\/secure.gravatar.com\\\/avatar\\\/151b1b76c598ab5e749407223bd6c1bad4e41c4e95de3c3df83540ebee2deaf8?s=96&d=mm&r=g\",\"contentUrl\":\"https:\\\/\\\/secure.gravatar.com\\\/avatar\\\/151b1b76c598ab5e749407223bd6c1bad4e41c4e95de3c3df83540ebee2deaf8?s=96&d=mm&r=g\",\"caption\":\"Redac\u00e7\u00e3o\"}}]}<\/script>\n<!-- \/ Yoast SEO plugin. -->","yoast_head_json":{"title":"Concertos de encerramento de est\u00e1gios de orquestra do Conservat\u00f3rio de Sintra | Infocul.pt - Arquivo Digital","description":"Concertos de encerramento de est\u00e1gios de orquestra do Conservat\u00f3rio de Sintra | Infocul.pt - Arquivo Digital","robots":{"index":"noindex","follow":"follow","max-snippet":"max-snippet:-1","max-image-preview":"max-image-preview:large","max-video-preview":"max-video-preview:-1"},"og_locale":"pt_PT","og_type":"article","og_title":"Concertos de encerramento de est\u00e1gios de orquestra do Conservat\u00f3rio de Sintra | Infocul.pt - Arquivo Digital","og_description":"Concertos de encerramento de est\u00e1gios de orquestra do Conservat\u00f3rio de Sintra | Infocul.pt - Arquivo Digital","og_url":"https:\/\/infocul.pt\/arquivo\/cultura\/concertos-de-encerramento-de-estagios-de-orquestra-conservatorio-de-sintra\/","og_site_name":"Infocul.pt - Arquivo Digital","article_publisher":"https:\/\/www.facebook.com\/Infocul-147816815585015\/","article_published_time":"2017-04-04T02:05:04+00:00","og_image":[{"width":1280,"height":960,"url":"https:\/\/infocul.pt\/arquivo\/wp-content\/uploads\/2017\/04\/Estagio-Orquestra-Estagio-Sopros.jpg","type":"image\/jpeg"}],"author":"Redac\u00e7\u00e3o","twitter_card":"summary_large_image","twitter_creator":"@Infoculpt","twitter_site":"@Infoculpt","twitter_misc":{"Escrito por":"Redac\u00e7\u00e3o","Tempo estimado de leitura":"1 minuto"},"schema":{"@context":"https:\/\/schema.org","@graph":[{"@type":"Article","@id":"https:\/\/infocul.pt\/arquivo\/cultura\/concertos-de-encerramento-de-estagios-de-orquestra-conservatorio-de-sintra\/#article","isPartOf":{"@id":"https:\/\/infocul.pt\/arquivo\/cultura\/concertos-de-encerramento-de-estagios-de-orquestra-conservatorio-de-sintra\/"},"author":{"name":"Redac\u00e7\u00e3o","@id":"https:\/\/infocul.pt\/arquivo\/#\/schema\/person\/f243f45ae8d67639120a7586884f3abc"},"headline":"Concertos de encerramento de est\u00e1gios de orquestra do Conservat\u00f3rio de Sintra","datePublished":"2017-04-04T02:05:04+00:00","mainEntityOfPage":{"@id":"https:\/\/infocul.pt\/arquivo\/cultura\/concertos-de-encerramento-de-estagios-de-orquestra-conservatorio-de-sintra\/"},"wordCount":291,"commentCount":0,"publisher":{"@id":"https:\/\/infocul.pt\/arquivo\/#organization"},"image":{"@id":"https:\/\/infocul.pt\/arquivo\/cultura\/concertos-de-encerramento-de-estagios-de-orquestra-conservatorio-de-sintra\/#primaryimage"},"thumbnailUrl":"https:\/\/infocul.pt\/arquivo\/wp-content\/uploads\/2017\/04\/Estagio-Orquestra-Estagio-Sopros.jpg","keywords":["Conservat\u00f3rio de M\u00fasica de Sintra"],"articleSection":["Concertos","Cultura"],"inLanguage":"pt-PT"},{"@type":"WebPage","@id":"https:\/\/infocul.pt\/arquivo\/cultura\/concertos-de-encerramento-de-estagios-de-orquestra-conservatorio-de-sintra\/","url":"https:\/\/infocul.pt\/arquivo\/cultura\/concertos-de-encerramento-de-estagios-de-orquestra-conservatorio-de-sintra\/","name":"Concertos de encerramento de est\u00e1gios de orquestra do Conservat\u00f3rio de Sintra | Infocul.pt - Arquivo Digital","isPartOf":{"@id":"https:\/\/infocul.pt\/arquivo\/#website"},"primaryImageOfPage":{"@id":"https:\/\/infocul.pt\/arquivo\/cultura\/concertos-de-encerramento-de-estagios-de-orquestra-conservatorio-de-sintra\/#primaryimage"},"image":{"@id":"https:\/\/infocul.pt\/arquivo\/cultura\/concertos-de-encerramento-de-estagios-de-orquestra-conservatorio-de-sintra\/#primaryimage"},"thumbnailUrl":"https:\/\/infocul.pt\/arquivo\/wp-content\/uploads\/2017\/04\/Estagio-Orquestra-Estagio-Sopros.jpg","datePublished":"2017-04-04T02:05:04+00:00","description":"Concertos de encerramento de est\u00e1gios de orquestra do Conservat\u00f3rio de Sintra | Infocul.pt - Arquivo Digital","breadcrumb":{"@id":"https:\/\/infocul.pt\/arquivo\/cultura\/concertos-de-encerramento-de-estagios-de-orquestra-conservatorio-de-sintra\/#breadcrumb"},"inLanguage":"pt-PT","potentialAction":[{"@type":"ReadAction","target":["https:\/\/infocul.pt\/arquivo\/cultura\/concertos-de-encerramento-de-estagios-de-orquestra-conservatorio-de-sintra\/"]}]},{"@type":"ImageObject","inLanguage":"pt-PT","@id":"https:\/\/infocul.pt\/arquivo\/cultura\/concertos-de-encerramento-de-estagios-de-orquestra-conservatorio-de-sintra\/#primaryimage","url":"https:\/\/infocul.pt\/arquivo\/wp-content\/uploads\/2017\/04\/Estagio-Orquestra-Estagio-Sopros.jpg","contentUrl":"https:\/\/infocul.pt\/arquivo\/wp-content\/uploads\/2017\/04\/Estagio-Orquestra-Estagio-Sopros.jpg","width":1280,"height":960},{"@type":"BreadcrumbList","@id":"https:\/\/infocul.pt\/arquivo\/cultura\/concertos-de-encerramento-de-estagios-de-orquestra-conservatorio-de-sintra\/#breadcrumb","itemListElement":[{"@type":"ListItem","position":1,"name":"Home","item":"https:\/\/infocul.pt\/arquivo\/"},{"@type":"ListItem","position":2,"name":"Concertos de encerramento de est\u00e1gios de orquestra do Conservat\u00f3rio de Sintra"}]},{"@type":"WebSite","@id":"https:\/\/infocul.pt\/arquivo\/#website","url":"https:\/\/infocul.pt\/arquivo\/","name":"Infocul.pt - Arquivo Digital","description":"Arquivo digital da Infocul.pt","publisher":{"@id":"https:\/\/infocul.pt\/arquivo\/#organization"},"potentialAction":[{"@type":"SearchAction","target":{"@type":"EntryPoint","urlTemplate":"https:\/\/infocul.pt\/arquivo\/?s={search_term_string}"},"query-input":{"@type":"PropertyValueSpecification","valueRequired":true,"valueName":"search_term_string"}}],"inLanguage":"pt-PT"},{"@type":"Organization","@id":"https:\/\/infocul.pt\/arquivo\/#organization","name":"Infocul.pt","url":"https:\/\/infocul.pt\/arquivo\/","logo":{"@type":"ImageObject","inLanguage":"pt-PT","@id":"https:\/\/infocul.pt\/arquivo\/#\/schema\/logo\/image\/","url":"https:\/\/infocul.pt\/arquivo\/wp-content\/uploads\/2018\/12\/Infocul_logo-1.png","contentUrl":"https:\/\/infocul.pt\/arquivo\/wp-content\/uploads\/2018\/12\/Infocul_logo-1.png","width":800,"height":800,"caption":"Infocul.pt"},"image":{"@id":"https:\/\/infocul.pt\/arquivo\/#\/schema\/logo\/image\/"},"sameAs":["https:\/\/www.facebook.com\/Infocul-147816815585015\/","https:\/\/x.com\/Infoculpt","http:\/\/www.pictaram.com\/user\/infocul.pt\/2370423710","https:\/\/www.youtube.com\/channel\/UCYEB91AGI9FL9ek2i_IaQAA"]},{"@type":"Person","@id":"https:\/\/infocul.pt\/arquivo\/#\/schema\/person\/f243f45ae8d67639120a7586884f3abc","name":"Redac\u00e7\u00e3o","image":{"@type":"ImageObject","inLanguage":"pt-PT","@id":"https:\/\/secure.gravatar.com\/avatar\/151b1b76c598ab5e749407223bd6c1bad4e41c4e95de3c3df83540ebee2deaf8?s=96&d=mm&r=g","url":"https:\/\/secure.gravatar.com\/avatar\/151b1b76c598ab5e749407223bd6c1bad4e41c4e95de3c3df83540ebee2deaf8?s=96&d=mm&r=g","contentUrl":"https:\/\/secure.gravatar.com\/avatar\/151b1b76c598ab5e749407223bd6c1bad4e41c4e95de3c3df83540ebee2deaf8?s=96&d=mm&r=g","caption":"Redac\u00e7\u00e3o"}}]}},"_links":{"self":[{"href":"https:\/\/infocul.pt\/arquivo\/wp-json\/wp\/v2\/posts\/22093","targetHints":{"allow":["GET"]}}],"collection":[{"href":"https:\/\/infocul.pt\/arquivo\/wp-json\/wp\/v2\/posts"}],"about":[{"href":"https:\/\/infocul.pt\/arquivo\/wp-json\/wp\/v2\/types\/post"}],"author":[{"embeddable":true,"href":"https:\/\/infocul.pt\/arquivo\/wp-json\/wp\/v2\/users\/13"}],"replies":[{"embeddable":true,"href":"https:\/\/infocul.pt\/arquivo\/wp-json\/wp\/v2\/comments?post=22093"}],"version-history":[{"count":0,"href":"https:\/\/infocul.pt\/arquivo\/wp-json\/wp\/v2\/posts\/22093\/revisions"}],"wp:featuredmedia":[{"embeddable":true,"href":"https:\/\/infocul.pt\/arquivo\/wp-json\/wp\/v2\/media\/22094"}],"wp:attachment":[{"href":"https:\/\/infocul.pt\/arquivo\/wp-json\/wp\/v2\/media?parent=22093"}],"wp:term":[{"taxonomy":"category","embeddable":true,"href":"https:\/\/infocul.pt\/arquivo\/wp-json\/wp\/v2\/categories?post=22093"},{"taxonomy":"post_tag","embeddable":true,"href":"https:\/\/infocul.pt\/arquivo\/wp-json\/wp\/v2\/tags?post=22093"}],"curies":[{"name":"wp","href":"https:\/\/api.w.org\/{rel}","templated":true}]}}