{"id":2384,"date":"2016-02-06T01:49:44","date_gmt":"2016-02-06T01:49:44","guid":{"rendered":"http:\/\/infocul.pt\/?p=2384"},"modified":"2016-02-06T01:50:07","modified_gmt":"2016-02-06T01:50:07","slug":"2384","status":"publish","type":"post","link":"https:\/\/infocul.pt\/arquivo\/uncategorized\/2384\/","title":{"rendered":"Carnide: Calend\u00e1rio preenchido de Cultura e Tradi\u00e7\u00e3o"},"content":{"rendered":"<p>\t<img decoding=\"async\" width=\"960\" height=\"361\" class=\"so-widget-image lazyload\" style=\"--smush-placeholder-width: 960px; --smush-placeholder-aspect-ratio: 960\/361;height: auto; display: block; max-width: 100%;\" data-src=\"http:\/\/infocul.pt\/wp-content\/uploads\/2016\/02\/Carnide.jpg\" src=\"data:image\/svg+xml;base64,PHN2ZyB3aWR0aD0iMSIgaGVpZ2h0PSIxIiB4bWxucz0iaHR0cDovL3d3dy53My5vcmcvMjAwMC9zdmciPjwvc3ZnPg==\"><\/p>\n<h3>A freguesia de Carnide apresenta um conjunto de actividades, que juntam a cultura e a tradi\u00e7\u00e3o,&nbsp; nos pr\u00f3ximos meses.<\/h3>\n<p><span style=\"color: rgb(0, 0, 0); font-family: Calibri;\">O m\u00eas de Fevereiro ter\u00e1 a I Feira do Fumeiro. Esta acontece de 18 a 21 de Fevereiro de 2016,entre as 11:00 e as 23:00. O evento realizar-se-\u00e1 no Jardim da Luz sendo a entrada livre. <\/span><\/p>\n<p><span style=\"color: rgb(0, 0, 0); font-family: Calibri;\">&nbsp;<\/span><\/p>\n<p><span style=\"color: rgb(0, 0, 0); font-family: Calibri;\">&nbsp;<\/span><\/p>\n<p><span style=\"color: rgb(0, 0, 0); font-family: Calibri;\">Em Mar\u00e7o haver\u00e1 a comemora\u00e7\u00e3o internacional do dia da mulher. A 8 de Mar\u00e7o realizar-se-\u00e1 um Jantar conv\u00edvio e um concerto com o grupo \u201cSegue-me \u00e0 Capela\u201d. A comemora\u00e7\u00e3o ocorre, tamb\u00e9m, no restaurante do Jardim da Luz. O bilhete custa doze euros e as reservas est\u00e3o limitadas at\u00e9 ao dia 02 de Mar\u00e7o. As inscri\u00e7\u00f5es\/reservas dever\u00e3o ser efectuadas na secretaria da Junta de Freguesia de Carnide, de 2\u00aa a 6\u00aa feira, das 09:30 \u00e0s 19:30. O pagamento \u00e9 feito no acto da inscri\u00e7\u00e3o. <\/span><\/p>\n<p><span style=\"color: rgb(0, 0, 0); font-family: Calibri;\">&nbsp;<\/span><\/p>\n<p><span style=\"color: rgb(0, 0, 0); font-family: Calibri;\">&nbsp;<\/span><\/p>\n<p><span style=\"color: rgb(0, 0, 0); font-family: Calibri;\">Ainda em Mar\u00e7o, dia 19, s\u00e3o as comemora\u00e7\u00f5es do dia internacional do teatro. O autor Ant\u00f3nio Torrado ser\u00e1 o homenageado. O hor\u00e1rio para esse dia ser\u00e1 o seguinte: <\/span><\/p>\n<p><span style=\"color: rgb(0, 0, 0); font-family: Calibri;\">&nbsp;<\/span><\/p>\n<p><span style=\"color: rgb(0, 0, 0); font-family: Calibri;\">17:00-Inaugura\u00e7\u00e3o da escultura\/cadeira, Largo das Pimenteiras. <\/span><\/p>\n<p><span style=\"color: rgb(0, 0, 0); font-family: Calibri;\">&nbsp;<\/span><\/p>\n<p><span style=\"color: rgb(0, 0, 0); font-family: Calibri;\">&nbsp;<\/span><\/p>\n<p><span style=\"color: rgb(0, 0, 0); font-family: Calibri;\">18:00- Inaugura\u00e7\u00e3o da exposi\u00e7\u00e3o sobre a vida e obra de Ant\u00f3nio Torrado, Casa do Coreto (Rua Neves Costa, Largo do Coreto). <\/span><\/p>\n<p><span style=\"color: rgb(0, 0, 0); font-family: Calibri;\">&nbsp;<\/span><\/p>\n<p><span style=\"color: rgb(0, 0, 0); font-family: Calibri;\">&nbsp;<\/span><\/p>\n<p><span style=\"color: rgb(0, 0, 0); font-family: Calibri;\">19:00-Estreia do espect\u00e1culo de teatro &#8220;ToZ\u00e9 Amigo&#8221;, uma co-produ\u00e7\u00e3o da Lua Cheia e da Tenda Produ\u00e7\u00f5es, Casa do Coreto (Rua Neves Costa, Largo do Coreto).Para&nbsp;assistir (entrada limitada), \u00e9 obrigat\u00f3rio reserva pr\u00e9via.&nbsp;A pe\u00e7a&nbsp;ter\u00e1 exibi\u00e7\u00f5es a 26 de Mar\u00e7o e dia 02 de Abril, \u00e0s 19:00 e \u00e0s 22:00. Os bilhetes custam cinco euros. <\/span><\/p>\n<p><span style=\"color: rgb(0, 0, 0); font-family: Calibri;\">&nbsp;<\/span><\/p>\n<p><span style=\"color: rgb(0, 0, 0); font-family: Calibri;\">&nbsp;<\/span><\/p>\n<p><span style=\"color: rgb(0, 0, 0); font-family: Calibri;\">O m\u00eas de Abril, o m\u00eas dos cravos, ser\u00e1 festejado com m\u00fasica. E ela come\u00e7a um dia antes do feriado. \u00c0s 21:30 a cantora Viviane actua no Largo do Coreto, num espect\u00e1culo de entrada livre. <\/span><\/p>\n<p><span style=\"color: rgb(0, 0, 0); font-family: Calibri;\">&nbsp;<\/span><\/p>\n<p><span style=\"color: rgb(0, 0, 0); font-family: Calibri;\">&nbsp;<\/span><\/p>\n<p><span style=\"color: rgb(0, 0, 0); font-family: Calibri;\">At\u00e9 Abril, Carnide promete muita anima\u00e7\u00e3o e cultura. <\/span><\/p>\n<p>&nbsp;<\/p>\n","protected":false},"excerpt":{"rendered":"<p>A freguesia de Carnide apresenta um conjunto de actividades, que juntam a cultura e a tradi\u00e7\u00e3o,&nbsp; nos pr\u00f3ximos meses. O m\u00eas de Fevereiro ter\u00e1 a I Feira do Fumeiro. Esta acontece de 18 a 21 de Fevereiro de 2016,entre as 11:00 e as 23:00. O evento realizar-se-\u00e1 no Jardim da Luz sendo a entrada livre. [&hellip;]<\/p>\n","protected":false},"author":13,"featured_media":2385,"comment_status":"open","ping_status":"closed","sticky":false,"template":"","format":"standard","meta":{"footnotes":""},"categories":[1],"tags":[503,505,501,502,506,504],"class_list":["post-2384","post","type-post","status-publish","format-standard","has-post-thumbnail","hentry","category-uncategorized","tag-25-de-abril","tag-antonio-torrado","tag-carnide","tag-dia-da-mulher","tag-feira-do-fumeiro","tag-viviane"],"yoast_head":"<!-- This site is optimized with the Yoast SEO plugin v27.4 - https:\/\/yoast.com\/product\/yoast-seo-wordpress\/ -->\n<title>Carnide: Calend\u00e1rio preenchido de Cultura e Tradi\u00e7\u00e3o | Infocul.pt - Arquivo Digital<\/title>\n<meta name=\"description\" content=\"Carnide: Calend\u00e1rio preenchido de Cultura e Tradi\u00e7\u00e3o | Infocul.pt - Arquivo Digital\" \/>\n<meta name=\"robots\" content=\"noindex, follow, max-snippet:-1, max-image-preview:large, max-video-preview:-1\" \/>\n<meta property=\"og:locale\" content=\"pt_PT\" \/>\n<meta property=\"og:type\" content=\"article\" \/>\n<meta property=\"og:title\" content=\"Carnide: Calend\u00e1rio preenchido de Cultura e Tradi\u00e7\u00e3o | Infocul.pt - Arquivo Digital\" \/>\n<meta property=\"og:description\" content=\"Carnide: Calend\u00e1rio preenchido de Cultura e Tradi\u00e7\u00e3o | Infocul.pt - Arquivo Digital\" \/>\n<meta property=\"og:url\" content=\"https:\/\/infocul.pt\/arquivo\/uncategorized\/2384\/\" \/>\n<meta property=\"og:site_name\" content=\"Infocul.pt - Arquivo Digital\" \/>\n<meta property=\"article:publisher\" content=\"https:\/\/www.facebook.com\/Infocul-147816815585015\/\" \/>\n<meta property=\"article:published_time\" content=\"2016-02-06T01:49:44+00:00\" \/>\n<meta property=\"article:modified_time\" content=\"2016-02-06T01:50:07+00:00\" \/>\n<meta property=\"og:image\" content=\"https:\/\/infocul.pt\/arquivo\/wp-content\/uploads\/2016\/02\/Carnide.jpg\" \/>\n\t<meta property=\"og:image:width\" content=\"960\" \/>\n\t<meta property=\"og:image:height\" content=\"361\" \/>\n\t<meta property=\"og:image:type\" content=\"image\/jpeg\" \/>\n<meta name=\"author\" content=\"Redac\u00e7\u00e3o\" \/>\n<meta name=\"twitter:card\" content=\"summary_large_image\" \/>\n<meta name=\"twitter:creator\" content=\"@Infoculpt\" \/>\n<meta name=\"twitter:site\" content=\"@Infoculpt\" \/>\n<meta name=\"twitter:label1\" content=\"Escrito por\" \/>\n\t<meta name=\"twitter:data1\" content=\"Redac\u00e7\u00e3o\" \/>\n\t<meta name=\"twitter:label2\" content=\"Tempo estimado de leitura\" \/>\n\t<meta name=\"twitter:data2\" content=\"2 minutos\" \/>\n<script type=\"application\/ld+json\" class=\"yoast-schema-graph\">{\"@context\":\"https:\\\/\\\/schema.org\",\"@graph\":[{\"@type\":\"Article\",\"@id\":\"https:\\\/\\\/infocul.pt\\\/arquivo\\\/uncategorized\\\/2384\\\/#article\",\"isPartOf\":{\"@id\":\"https:\\\/\\\/infocul.pt\\\/arquivo\\\/uncategorized\\\/2384\\\/\"},\"author\":{\"name\":\"Redac\u00e7\u00e3o\",\"@id\":\"https:\\\/\\\/infocul.pt\\\/arquivo\\\/#\\\/schema\\\/person\\\/f243f45ae8d67639120a7586884f3abc\"},\"headline\":\"Carnide: Calend\u00e1rio preenchido de Cultura e Tradi\u00e7\u00e3o\",\"datePublished\":\"2016-02-06T01:49:44+00:00\",\"dateModified\":\"2016-02-06T01:50:07+00:00\",\"mainEntityOfPage\":{\"@id\":\"https:\\\/\\\/infocul.pt\\\/arquivo\\\/uncategorized\\\/2384\\\/\"},\"wordCount\":339,\"commentCount\":0,\"publisher\":{\"@id\":\"https:\\\/\\\/infocul.pt\\\/arquivo\\\/#organization\"},\"image\":{\"@id\":\"https:\\\/\\\/infocul.pt\\\/arquivo\\\/uncategorized\\\/2384\\\/#primaryimage\"},\"thumbnailUrl\":\"https:\\\/\\\/infocul.pt\\\/arquivo\\\/wp-content\\\/uploads\\\/2016\\\/02\\\/Carnide.jpg\",\"keywords\":[\"25 de Abril\",\"Ant\u00f3nio Torrado\",\"Carnide\",\"Dia da Mulher\",\"Feira do Fumeiro\",\"Viviane\"],\"articleSection\":[\"Uncategorized\"],\"inLanguage\":\"pt-PT\"},{\"@type\":\"WebPage\",\"@id\":\"https:\\\/\\\/infocul.pt\\\/arquivo\\\/uncategorized\\\/2384\\\/\",\"url\":\"https:\\\/\\\/infocul.pt\\\/arquivo\\\/uncategorized\\\/2384\\\/\",\"name\":\"Carnide: Calend\u00e1rio preenchido de Cultura e Tradi\u00e7\u00e3o | Infocul.pt - Arquivo Digital\",\"isPartOf\":{\"@id\":\"https:\\\/\\\/infocul.pt\\\/arquivo\\\/#website\"},\"primaryImageOfPage\":{\"@id\":\"https:\\\/\\\/infocul.pt\\\/arquivo\\\/uncategorized\\\/2384\\\/#primaryimage\"},\"image\":{\"@id\":\"https:\\\/\\\/infocul.pt\\\/arquivo\\\/uncategorized\\\/2384\\\/#primaryimage\"},\"thumbnailUrl\":\"https:\\\/\\\/infocul.pt\\\/arquivo\\\/wp-content\\\/uploads\\\/2016\\\/02\\\/Carnide.jpg\",\"datePublished\":\"2016-02-06T01:49:44+00:00\",\"dateModified\":\"2016-02-06T01:50:07+00:00\",\"description\":\"Carnide: Calend\u00e1rio preenchido de Cultura e Tradi\u00e7\u00e3o | Infocul.pt - Arquivo Digital\",\"breadcrumb\":{\"@id\":\"https:\\\/\\\/infocul.pt\\\/arquivo\\\/uncategorized\\\/2384\\\/#breadcrumb\"},\"inLanguage\":\"pt-PT\",\"potentialAction\":[{\"@type\":\"ReadAction\",\"target\":[\"https:\\\/\\\/infocul.pt\\\/arquivo\\\/uncategorized\\\/2384\\\/\"]}]},{\"@type\":\"ImageObject\",\"inLanguage\":\"pt-PT\",\"@id\":\"https:\\\/\\\/infocul.pt\\\/arquivo\\\/uncategorized\\\/2384\\\/#primaryimage\",\"url\":\"https:\\\/\\\/infocul.pt\\\/arquivo\\\/wp-content\\\/uploads\\\/2016\\\/02\\\/Carnide.jpg\",\"contentUrl\":\"https:\\\/\\\/infocul.pt\\\/arquivo\\\/wp-content\\\/uploads\\\/2016\\\/02\\\/Carnide.jpg\",\"width\":960,\"height\":361},{\"@type\":\"BreadcrumbList\",\"@id\":\"https:\\\/\\\/infocul.pt\\\/arquivo\\\/uncategorized\\\/2384\\\/#breadcrumb\",\"itemListElement\":[{\"@type\":\"ListItem\",\"position\":1,\"name\":\"Home\",\"item\":\"https:\\\/\\\/infocul.pt\\\/arquivo\\\/\"},{\"@type\":\"ListItem\",\"position\":2,\"name\":\"Carnide: Calend\u00e1rio preenchido de Cultura e Tradi\u00e7\u00e3o\"}]},{\"@type\":\"WebSite\",\"@id\":\"https:\\\/\\\/infocul.pt\\\/arquivo\\\/#website\",\"url\":\"https:\\\/\\\/infocul.pt\\\/arquivo\\\/\",\"name\":\"Infocul.pt - Arquivo Digital\",\"description\":\"Arquivo digital da Infocul.pt\",\"publisher\":{\"@id\":\"https:\\\/\\\/infocul.pt\\\/arquivo\\\/#organization\"},\"potentialAction\":[{\"@type\":\"SearchAction\",\"target\":{\"@type\":\"EntryPoint\",\"urlTemplate\":\"https:\\\/\\\/infocul.pt\\\/arquivo\\\/?s={search_term_string}\"},\"query-input\":{\"@type\":\"PropertyValueSpecification\",\"valueRequired\":true,\"valueName\":\"search_term_string\"}}],\"inLanguage\":\"pt-PT\"},{\"@type\":\"Organization\",\"@id\":\"https:\\\/\\\/infocul.pt\\\/arquivo\\\/#organization\",\"name\":\"Infocul.pt\",\"url\":\"https:\\\/\\\/infocul.pt\\\/arquivo\\\/\",\"logo\":{\"@type\":\"ImageObject\",\"inLanguage\":\"pt-PT\",\"@id\":\"https:\\\/\\\/infocul.pt\\\/arquivo\\\/#\\\/schema\\\/logo\\\/image\\\/\",\"url\":\"https:\\\/\\\/infocul.pt\\\/arquivo\\\/wp-content\\\/uploads\\\/2018\\\/12\\\/Infocul_logo-1.png\",\"contentUrl\":\"https:\\\/\\\/infocul.pt\\\/arquivo\\\/wp-content\\\/uploads\\\/2018\\\/12\\\/Infocul_logo-1.png\",\"width\":800,\"height\":800,\"caption\":\"Infocul.pt\"},\"image\":{\"@id\":\"https:\\\/\\\/infocul.pt\\\/arquivo\\\/#\\\/schema\\\/logo\\\/image\\\/\"},\"sameAs\":[\"https:\\\/\\\/www.facebook.com\\\/Infocul-147816815585015\\\/\",\"https:\\\/\\\/x.com\\\/Infoculpt\",\"http:\\\/\\\/www.pictaram.com\\\/user\\\/infocul.pt\\\/2370423710\",\"https:\\\/\\\/www.youtube.com\\\/channel\\\/UCYEB91AGI9FL9ek2i_IaQAA\"]},{\"@type\":\"Person\",\"@id\":\"https:\\\/\\\/infocul.pt\\\/arquivo\\\/#\\\/schema\\\/person\\\/f243f45ae8d67639120a7586884f3abc\",\"name\":\"Redac\u00e7\u00e3o\",\"image\":{\"@type\":\"ImageObject\",\"inLanguage\":\"pt-PT\",\"@id\":\"https:\\\/\\\/secure.gravatar.com\\\/avatar\\\/151b1b76c598ab5e749407223bd6c1bad4e41c4e95de3c3df83540ebee2deaf8?s=96&d=mm&r=g\",\"url\":\"https:\\\/\\\/secure.gravatar.com\\\/avatar\\\/151b1b76c598ab5e749407223bd6c1bad4e41c4e95de3c3df83540ebee2deaf8?s=96&d=mm&r=g\",\"contentUrl\":\"https:\\\/\\\/secure.gravatar.com\\\/avatar\\\/151b1b76c598ab5e749407223bd6c1bad4e41c4e95de3c3df83540ebee2deaf8?s=96&d=mm&r=g\",\"caption\":\"Redac\u00e7\u00e3o\"}}]}<\/script>\n<!-- \/ Yoast SEO plugin. -->","yoast_head_json":{"title":"Carnide: Calend\u00e1rio preenchido de Cultura e Tradi\u00e7\u00e3o | Infocul.pt - Arquivo Digital","description":"Carnide: Calend\u00e1rio preenchido de Cultura e Tradi\u00e7\u00e3o | Infocul.pt - Arquivo Digital","robots":{"index":"noindex","follow":"follow","max-snippet":"max-snippet:-1","max-image-preview":"max-image-preview:large","max-video-preview":"max-video-preview:-1"},"og_locale":"pt_PT","og_type":"article","og_title":"Carnide: Calend\u00e1rio preenchido de Cultura e Tradi\u00e7\u00e3o | Infocul.pt - Arquivo Digital","og_description":"Carnide: Calend\u00e1rio preenchido de Cultura e Tradi\u00e7\u00e3o | Infocul.pt - Arquivo Digital","og_url":"https:\/\/infocul.pt\/arquivo\/uncategorized\/2384\/","og_site_name":"Infocul.pt - Arquivo Digital","article_publisher":"https:\/\/www.facebook.com\/Infocul-147816815585015\/","article_published_time":"2016-02-06T01:49:44+00:00","article_modified_time":"2016-02-06T01:50:07+00:00","og_image":[{"width":960,"height":361,"url":"https:\/\/infocul.pt\/arquivo\/wp-content\/uploads\/2016\/02\/Carnide.jpg","type":"image\/jpeg"}],"author":"Redac\u00e7\u00e3o","twitter_card":"summary_large_image","twitter_creator":"@Infoculpt","twitter_site":"@Infoculpt","twitter_misc":{"Escrito por":"Redac\u00e7\u00e3o","Tempo estimado de leitura":"2 minutos"},"schema":{"@context":"https:\/\/schema.org","@graph":[{"@type":"Article","@id":"https:\/\/infocul.pt\/arquivo\/uncategorized\/2384\/#article","isPartOf":{"@id":"https:\/\/infocul.pt\/arquivo\/uncategorized\/2384\/"},"author":{"name":"Redac\u00e7\u00e3o","@id":"https:\/\/infocul.pt\/arquivo\/#\/schema\/person\/f243f45ae8d67639120a7586884f3abc"},"headline":"Carnide: Calend\u00e1rio preenchido de Cultura e Tradi\u00e7\u00e3o","datePublished":"2016-02-06T01:49:44+00:00","dateModified":"2016-02-06T01:50:07+00:00","mainEntityOfPage":{"@id":"https:\/\/infocul.pt\/arquivo\/uncategorized\/2384\/"},"wordCount":339,"commentCount":0,"publisher":{"@id":"https:\/\/infocul.pt\/arquivo\/#organization"},"image":{"@id":"https:\/\/infocul.pt\/arquivo\/uncategorized\/2384\/#primaryimage"},"thumbnailUrl":"https:\/\/infocul.pt\/arquivo\/wp-content\/uploads\/2016\/02\/Carnide.jpg","keywords":["25 de Abril","Ant\u00f3nio Torrado","Carnide","Dia da Mulher","Feira do Fumeiro","Viviane"],"articleSection":["Uncategorized"],"inLanguage":"pt-PT"},{"@type":"WebPage","@id":"https:\/\/infocul.pt\/arquivo\/uncategorized\/2384\/","url":"https:\/\/infocul.pt\/arquivo\/uncategorized\/2384\/","name":"Carnide: Calend\u00e1rio preenchido de Cultura e Tradi\u00e7\u00e3o | Infocul.pt - Arquivo Digital","isPartOf":{"@id":"https:\/\/infocul.pt\/arquivo\/#website"},"primaryImageOfPage":{"@id":"https:\/\/infocul.pt\/arquivo\/uncategorized\/2384\/#primaryimage"},"image":{"@id":"https:\/\/infocul.pt\/arquivo\/uncategorized\/2384\/#primaryimage"},"thumbnailUrl":"https:\/\/infocul.pt\/arquivo\/wp-content\/uploads\/2016\/02\/Carnide.jpg","datePublished":"2016-02-06T01:49:44+00:00","dateModified":"2016-02-06T01:50:07+00:00","description":"Carnide: Calend\u00e1rio preenchido de Cultura e Tradi\u00e7\u00e3o | Infocul.pt - Arquivo Digital","breadcrumb":{"@id":"https:\/\/infocul.pt\/arquivo\/uncategorized\/2384\/#breadcrumb"},"inLanguage":"pt-PT","potentialAction":[{"@type":"ReadAction","target":["https:\/\/infocul.pt\/arquivo\/uncategorized\/2384\/"]}]},{"@type":"ImageObject","inLanguage":"pt-PT","@id":"https:\/\/infocul.pt\/arquivo\/uncategorized\/2384\/#primaryimage","url":"https:\/\/infocul.pt\/arquivo\/wp-content\/uploads\/2016\/02\/Carnide.jpg","contentUrl":"https:\/\/infocul.pt\/arquivo\/wp-content\/uploads\/2016\/02\/Carnide.jpg","width":960,"height":361},{"@type":"BreadcrumbList","@id":"https:\/\/infocul.pt\/arquivo\/uncategorized\/2384\/#breadcrumb","itemListElement":[{"@type":"ListItem","position":1,"name":"Home","item":"https:\/\/infocul.pt\/arquivo\/"},{"@type":"ListItem","position":2,"name":"Carnide: Calend\u00e1rio preenchido de Cultura e Tradi\u00e7\u00e3o"}]},{"@type":"WebSite","@id":"https:\/\/infocul.pt\/arquivo\/#website","url":"https:\/\/infocul.pt\/arquivo\/","name":"Infocul.pt - Arquivo Digital","description":"Arquivo digital da Infocul.pt","publisher":{"@id":"https:\/\/infocul.pt\/arquivo\/#organization"},"potentialAction":[{"@type":"SearchAction","target":{"@type":"EntryPoint","urlTemplate":"https:\/\/infocul.pt\/arquivo\/?s={search_term_string}"},"query-input":{"@type":"PropertyValueSpecification","valueRequired":true,"valueName":"search_term_string"}}],"inLanguage":"pt-PT"},{"@type":"Organization","@id":"https:\/\/infocul.pt\/arquivo\/#organization","name":"Infocul.pt","url":"https:\/\/infocul.pt\/arquivo\/","logo":{"@type":"ImageObject","inLanguage":"pt-PT","@id":"https:\/\/infocul.pt\/arquivo\/#\/schema\/logo\/image\/","url":"https:\/\/infocul.pt\/arquivo\/wp-content\/uploads\/2018\/12\/Infocul_logo-1.png","contentUrl":"https:\/\/infocul.pt\/arquivo\/wp-content\/uploads\/2018\/12\/Infocul_logo-1.png","width":800,"height":800,"caption":"Infocul.pt"},"image":{"@id":"https:\/\/infocul.pt\/arquivo\/#\/schema\/logo\/image\/"},"sameAs":["https:\/\/www.facebook.com\/Infocul-147816815585015\/","https:\/\/x.com\/Infoculpt","http:\/\/www.pictaram.com\/user\/infocul.pt\/2370423710","https:\/\/www.youtube.com\/channel\/UCYEB91AGI9FL9ek2i_IaQAA"]},{"@type":"Person","@id":"https:\/\/infocul.pt\/arquivo\/#\/schema\/person\/f243f45ae8d67639120a7586884f3abc","name":"Redac\u00e7\u00e3o","image":{"@type":"ImageObject","inLanguage":"pt-PT","@id":"https:\/\/secure.gravatar.com\/avatar\/151b1b76c598ab5e749407223bd6c1bad4e41c4e95de3c3df83540ebee2deaf8?s=96&d=mm&r=g","url":"https:\/\/secure.gravatar.com\/avatar\/151b1b76c598ab5e749407223bd6c1bad4e41c4e95de3c3df83540ebee2deaf8?s=96&d=mm&r=g","contentUrl":"https:\/\/secure.gravatar.com\/avatar\/151b1b76c598ab5e749407223bd6c1bad4e41c4e95de3c3df83540ebee2deaf8?s=96&d=mm&r=g","caption":"Redac\u00e7\u00e3o"}}]}},"_links":{"self":[{"href":"https:\/\/infocul.pt\/arquivo\/wp-json\/wp\/v2\/posts\/2384","targetHints":{"allow":["GET"]}}],"collection":[{"href":"https:\/\/infocul.pt\/arquivo\/wp-json\/wp\/v2\/posts"}],"about":[{"href":"https:\/\/infocul.pt\/arquivo\/wp-json\/wp\/v2\/types\/post"}],"author":[{"embeddable":true,"href":"https:\/\/infocul.pt\/arquivo\/wp-json\/wp\/v2\/users\/13"}],"replies":[{"embeddable":true,"href":"https:\/\/infocul.pt\/arquivo\/wp-json\/wp\/v2\/comments?post=2384"}],"version-history":[{"count":0,"href":"https:\/\/infocul.pt\/arquivo\/wp-json\/wp\/v2\/posts\/2384\/revisions"}],"wp:featuredmedia":[{"embeddable":true,"href":"https:\/\/infocul.pt\/arquivo\/wp-json\/wp\/v2\/media\/2385"}],"wp:attachment":[{"href":"https:\/\/infocul.pt\/arquivo\/wp-json\/wp\/v2\/media?parent=2384"}],"wp:term":[{"taxonomy":"category","embeddable":true,"href":"https:\/\/infocul.pt\/arquivo\/wp-json\/wp\/v2\/categories?post=2384"},{"taxonomy":"post_tag","embeddable":true,"href":"https:\/\/infocul.pt\/arquivo\/wp-json\/wp\/v2\/tags?post=2384"}],"curies":[{"name":"wp","href":"https:\/\/api.w.org\/{rel}","templated":true}]}}