{"id":23918,"date":"2017-05-09T16:25:46","date_gmt":"2017-05-09T16:25:46","guid":{"rendered":"http:\/\/infocul.pt\/?p=23918"},"modified":"2017-05-09T16:25:46","modified_gmt":"2017-05-09T16:25:46","slug":"exposicao-fikl-portuguese-storylines-no-palacio-nacional-da-ajuda","status":"publish","type":"post","link":"https:\/\/infocul.pt\/arquivo\/cultura\/exposicao-fikl-portuguese-storylines-no-palacio-nacional-da-ajuda\/","title":{"rendered":"Exposi\u00e7\u00e3o \u201cFikl. Portuguese Storylines\u201d no Pal\u00e1cio Nacional da Ajuda"},"content":{"rendered":"<p><img decoding=\"async\" class=\"aligncenter wp-image-23921 size-full lazyload\" data-src=\"http:\/\/infocul.pt\/wp-content\/uploads\/2017\/05\/Cartaz-Fikl.-Portuguese-Storylines.jpg\" alt=\"Cartaz Fikl. Portuguese Storylines\" width=\"1000\" height=\"1429\" data-srcset=\"https:\/\/infocul.pt\/arquivo\/wp-content\/uploads\/2017\/05\/Cartaz-Fikl.-Portuguese-Storylines.jpg 1000w, https:\/\/infocul.pt\/arquivo\/wp-content\/uploads\/2017\/05\/Cartaz-Fikl.-Portuguese-Storylines-210x300.jpg 210w, https:\/\/infocul.pt\/arquivo\/wp-content\/uploads\/2017\/05\/Cartaz-Fikl.-Portuguese-Storylines-768x1097.jpg 768w, https:\/\/infocul.pt\/arquivo\/wp-content\/uploads\/2017\/05\/Cartaz-Fikl.-Portuguese-Storylines-717x1024.jpg 717w\" data-sizes=\"(max-width: 1000px) 100vw, 1000px\" src=\"data:image\/svg+xml;base64,PHN2ZyB3aWR0aD0iMSIgaGVpZ2h0PSIxIiB4bWxucz0iaHR0cDovL3d3dy53My5vcmcvMjAwMC9zdmciPjwvc3ZnPg==\" style=\"--smush-placeholder-width: 1000px; --smush-placeholder-aspect-ratio: 1000\/1429;\" \/><\/p>\n<p>&nbsp;<\/p>\n<p><span style=\"color: #000000; font-family: Calibri;\">No \u00e2mbito da celebra\u00e7\u00e3o de 100 anos de rela\u00e7\u00f5es diplom\u00e1ticas luso-romenas, a Embaixada da Rom\u00e9nia, o Instituto Cultural Romeno, a Funda\u00e7\u00e3o Bonte e a Dire\u00e7\u00e3o Geral do Patrim\u00f3nio Cultural apresentam a exposi\u00e7\u00e3o &#8220;Fikl. Portuguese Storylines&#8221; de Gheorghe Fikl, entre 16 de maio e 31 de agosto, no Pal\u00e1cio Nacional da Ajuda.<\/span><!--more--><\/p>\n<p><span style=\"color: #000000; font-family: Calibri;\">\u00a0<\/span><\/p>\n<p><span style=\"color: #000000; font-family: Calibri;\">\u00a0<\/span><\/p>\n<p><span style=\"color: #000000; font-family: Calibri;\">Gheorghe Fikl \u00e9 um dos mais conceituados artistas romenos contempor\u00e2neos. Munido de uma mestria pict\u00f3rica exemplar, Fikl cria um universo visual sumptuoso e perturbador atrav\u00e9s de uma s\u00e9rie de composi\u00e7\u00f5es com v\u00e1rios revestimentos simb\u00f3licos em que animais angustiantes e de grande porte &#8211; touros, pav\u00f5es, c\u00e3es e ovelhas &#8211; s\u00e3o estranhos ocupantes de espa\u00e7os surrealistas, com um hedonismo violento e tr\u00e1gico, que proporciona tantos outros contextos de reflex\u00e3o sobre a condi\u00e7\u00e3o humana em tempo pessoal e hist\u00f3rico.<\/span><\/p>\n<p><span style=\"color: #000000; font-family: Calibri;\">\u00a0<\/span><\/p>\n<p><span style=\"color: #000000; font-family: Calibri;\">\u00a0<\/span><\/p>\n<p><span style=\"color: #000000; font-family: Calibri;\">A justaposi\u00e7\u00e3o de objetos encontrados, impress\u00f5es, interven\u00e7\u00f5es de pintura e fotografia despertou em Fikl um interesse particular pelas composi\u00e7\u00f5es inesperadas e desestabilizadoras, pelo forte contraste associativo. E atualmente, esta \u00e9 uma marca inconfund\u00edvel da sua cria\u00e7\u00e3o, em constante e subtil evolu\u00e7\u00e3o.<\/span><\/p>\n<p><span style=\"color: #000000; font-family: Calibri;\">\u00a0<\/span><\/p>\n<p><span style=\"color: #000000; font-family: Calibri;\">\u00a0<\/span><\/p>\n<p><span style=\"color: #000000; font-family: Calibri;\">Nas palavras de Ileana Pintilie, curadora de Fikl. Portuguese Storylines, &#8220;Fikl pinta com facilidade, com o prazer e a naturalidade de quem se entrega, numa paix\u00e3o contida, dissimulada entre gestos de amor pelos objetos sumptuosos, portadores de identidade espiritual; pelos lugares e paisagens, que na alma lhe ficaram. As suas pinturas aparecem como cortes de um mundo escondido irreal, do al\u00e9m. As fastuosas composi\u00e7\u00f5es parecem sa\u00eddas de um sonho que se desenrola repetidamente nos mesmos lugares.&#8221;<\/span><\/p>\n<p><span style=\"color: #000000; font-family: Calibri;\">\u00a0<\/span><\/p>\n<p><span style=\"color: #000000; font-family: Calibri;\">\u00a0<\/span><\/p>\n<p><span style=\"color: #000000; font-family: Calibri;\">Aberta ao p\u00fablico a partir de 16 de maio, no Pal\u00e1cio Nacional da Ajuda, em Lisboa, e parte integrante do programa ARCO Lisboa, a exposi\u00e7\u00e3o re\u00fane pinturas de tamanho monumental e obras digitais de importantes cole\u00e7\u00f5es privadas (cole\u00e7\u00e3o da Funda\u00e7\u00e3o Bonte, do Pr\u00edncipe Carlos de Gales, entre outras), que ser\u00e3o apresentadas em Lisboa gra\u00e7as ao apoio oferecido pelo colecionador Alain Bonte.<\/span><\/p>\n<p><span style=\"color: #000000; font-family: Calibri;\">\u00a0<\/span><\/p>\n<p><span style=\"color: #000000; font-family: Calibri;\">\u00a0<\/span><\/p>\n<p><span style=\"color: #000000; font-family: Calibri;\">A exposi\u00e7\u00e3o estar\u00e1 aberta todos os dias, das 10h00 \u00e0s 18h00 (\u00faltima entrada \u00e0s 17h30). \u00c0 quarta-feira, o Pal\u00e1cio Nacional da Ajuda encontra-se encerrado.<\/span><\/p>\n<p><span style=\"color: #000000; font-family: Calibri;\">\u00a0<\/span><\/p>\n<p><span style=\"color: #000000; font-family: Calibri;\">\u00a0<\/span><\/p>\n<p><span style=\"color: #000000; font-family: Calibri;\">\u00a0<\/span><\/p>\n<p><span style=\"color: #000000; font-family: Calibri;\">Gheorghe Fikl \u00e9 um dos mais impressionantes artistas romenos contempor\u00e2neos pela crescente valoriza\u00e7\u00e3o do seu trabalho e interesse por parte dos colecionadores. Estudou na Universidade de Arte e Design de Cluj-Napoca (Rom\u00e9nia) e na Faculdade de Belas Artes da Universidade do Oeste de Timisoara, sua cidade natal, tendo-se graduado em 1998 com uma tese que se encontra, desde essa altura, em exposi\u00e7\u00e3o permanente naquela Faculdade. Incentivado pelo Professor Romul Nu\u0163iu, Fikl formou-se inicialmente na \u00e1rea da experimenta\u00e7\u00e3o e instala\u00e7\u00e3o, com trabalhos inovadores em t\u00e9cnicas mistas, de grande originalidade de ideia e de execu\u00e7\u00e3o. Com exposi\u00e7\u00f5es individuais de pintura e fotografia em Timisoara (incluindo a mais recente, no Museu Nacional de Arte, que contribuiu de forma decisiva para a candidatura vencedora da cidade a Capital Europeia da Cultura), Bucareste, Luxemburgo e Nova Iorque, Gheorghe Fikl destacou-se em leil\u00f5es com transa\u00e7\u00f5es valiosas, tendo, desta forma, entrado em importantes cole\u00e7\u00f5es privadas na Rom\u00e9nia, EUA, Portugal, Gr\u00e3-Bretanha (incluindo a cole\u00e7\u00e3o do Pr\u00edncipe Carlos de Gales), Fran\u00e7a, Andorra, Luxemburgo, Alemanha. Vive e trabalha em Timisoara, Rom\u00e9nia. Desde 2016 o artista \u00e9 representado pela galeria AnnArt.<\/span><\/p>\n","protected":false},"excerpt":{"rendered":"<p>&nbsp; No \u00e2mbito da celebra\u00e7\u00e3o de 100 anos de rela\u00e7\u00f5es diplom\u00e1ticas luso-romenas, a Embaixada da Rom\u00e9nia, o Instituto Cultural Romeno, a Funda\u00e7\u00e3o Bonte e a Dire\u00e7\u00e3o Geral do Patrim\u00f3nio Cultural apresentam a exposi\u00e7\u00e3o &#8220;Fikl. Portuguese Storylines&#8221; de Gheorghe Fikl, entre 16 de maio e 31 de agosto, no Pal\u00e1cio Nacional da Ajuda.<\/p>\n","protected":false},"author":2,"featured_media":23921,"comment_status":"open","ping_status":"closed","sticky":false,"template":"","format":"standard","meta":{"footnotes":""},"categories":[2,9],"tags":[2179,313,3708],"class_list":["post-23918","post","type-post","status-publish","format-standard","has-post-thumbnail","hentry","category-cultura","category-outros","tag-palacio-nacional-da-ajuda","tag-portugal","tag-romenia"],"yoast_head":"<!-- This site is optimized with the Yoast SEO plugin v27.5 - https:\/\/yoast.com\/product\/yoast-seo-wordpress\/ -->\n<title>Exposi\u00e7\u00e3o \u201cFikl. Portuguese Storylines\u201d no Pal\u00e1cio Nacional da Ajuda | Infocul.pt - Arquivo Digital<\/title>\n<meta name=\"description\" content=\"Exposi\u00e7\u00e3o \u201cFikl. Portuguese Storylines\u201d no Pal\u00e1cio Nacional da Ajuda | Infocul.pt - Arquivo Digital\" \/>\n<meta name=\"robots\" content=\"noindex, follow, max-snippet:-1, max-image-preview:large, max-video-preview:-1\" \/>\n<meta property=\"og:locale\" content=\"pt_PT\" \/>\n<meta property=\"og:type\" content=\"article\" \/>\n<meta property=\"og:title\" content=\"Exposi\u00e7\u00e3o \u201cFikl. Portuguese Storylines\u201d no Pal\u00e1cio Nacional da Ajuda | Infocul.pt - Arquivo Digital\" \/>\n<meta property=\"og:description\" content=\"Exposi\u00e7\u00e3o \u201cFikl. Portuguese Storylines\u201d no Pal\u00e1cio Nacional da Ajuda | Infocul.pt - Arquivo Digital\" \/>\n<meta property=\"og:url\" content=\"https:\/\/infocul.pt\/arquivo\/cultura\/exposicao-fikl-portuguese-storylines-no-palacio-nacional-da-ajuda\/\" \/>\n<meta property=\"og:site_name\" content=\"Infocul.pt - Arquivo Digital\" \/>\n<meta property=\"article:publisher\" content=\"https:\/\/www.facebook.com\/Infocul-147816815585015\/\" \/>\n<meta property=\"article:published_time\" content=\"2017-05-09T16:25:46+00:00\" \/>\n<meta property=\"og:image\" content=\"https:\/\/infocul.pt\/arquivo\/wp-content\/uploads\/2017\/05\/Cartaz-Fikl.-Portuguese-Storylines.jpg\" \/>\n\t<meta property=\"og:image:width\" content=\"1000\" \/>\n\t<meta property=\"og:image:height\" content=\"1429\" \/>\n\t<meta property=\"og:image:type\" content=\"image\/jpeg\" \/>\n<meta name=\"author\" content=\"Rui Lavrador\" \/>\n<meta name=\"twitter:card\" content=\"summary_large_image\" \/>\n<meta name=\"twitter:creator\" content=\"@Infoculpt\" \/>\n<meta name=\"twitter:site\" content=\"@Infoculpt\" \/>\n<meta name=\"twitter:label1\" content=\"Escrito por\" \/>\n\t<meta name=\"twitter:data1\" content=\"Rui Lavrador\" \/>\n\t<meta name=\"twitter:label2\" content=\"Tempo estimado de leitura\" \/>\n\t<meta name=\"twitter:data2\" content=\"3 minutos\" \/>\n<script type=\"application\/ld+json\" class=\"yoast-schema-graph\">{\"@context\":\"https:\\\/\\\/schema.org\",\"@graph\":[{\"@type\":\"Article\",\"@id\":\"https:\\\/\\\/infocul.pt\\\/arquivo\\\/cultura\\\/exposicao-fikl-portuguese-storylines-no-palacio-nacional-da-ajuda\\\/#article\",\"isPartOf\":{\"@id\":\"https:\\\/\\\/infocul.pt\\\/arquivo\\\/cultura\\\/exposicao-fikl-portuguese-storylines-no-palacio-nacional-da-ajuda\\\/\"},\"author\":{\"name\":\"Rui Lavrador\",\"@id\":\"https:\\\/\\\/infocul.pt\\\/arquivo\\\/#\\\/schema\\\/person\\\/060a108d7f2d85fc6aae505119ee5234\"},\"headline\":\"Exposi\u00e7\u00e3o \u201cFikl. Portuguese Storylines\u201d no Pal\u00e1cio Nacional da Ajuda\",\"datePublished\":\"2017-05-09T16:25:46+00:00\",\"mainEntityOfPage\":{\"@id\":\"https:\\\/\\\/infocul.pt\\\/arquivo\\\/cultura\\\/exposicao-fikl-portuguese-storylines-no-palacio-nacional-da-ajuda\\\/\"},\"wordCount\":577,\"commentCount\":0,\"publisher\":{\"@id\":\"https:\\\/\\\/infocul.pt\\\/arquivo\\\/#organization\"},\"image\":{\"@id\":\"https:\\\/\\\/infocul.pt\\\/arquivo\\\/cultura\\\/exposicao-fikl-portuguese-storylines-no-palacio-nacional-da-ajuda\\\/#primaryimage\"},\"thumbnailUrl\":\"https:\\\/\\\/infocul.pt\\\/arquivo\\\/wp-content\\\/uploads\\\/2017\\\/05\\\/Cartaz-Fikl.-Portuguese-Storylines.jpg\",\"keywords\":[\"Pal\u00e1cio Nacional da Ajuda\",\"Portugal\",\"Rom\u00e9nia\"],\"articleSection\":[\"Cultura\",\"Outros\"],\"inLanguage\":\"pt-PT\"},{\"@type\":\"WebPage\",\"@id\":\"https:\\\/\\\/infocul.pt\\\/arquivo\\\/cultura\\\/exposicao-fikl-portuguese-storylines-no-palacio-nacional-da-ajuda\\\/\",\"url\":\"https:\\\/\\\/infocul.pt\\\/arquivo\\\/cultura\\\/exposicao-fikl-portuguese-storylines-no-palacio-nacional-da-ajuda\\\/\",\"name\":\"Exposi\u00e7\u00e3o \u201cFikl. Portuguese Storylines\u201d no Pal\u00e1cio Nacional da Ajuda | Infocul.pt - Arquivo Digital\",\"isPartOf\":{\"@id\":\"https:\\\/\\\/infocul.pt\\\/arquivo\\\/#website\"},\"primaryImageOfPage\":{\"@id\":\"https:\\\/\\\/infocul.pt\\\/arquivo\\\/cultura\\\/exposicao-fikl-portuguese-storylines-no-palacio-nacional-da-ajuda\\\/#primaryimage\"},\"image\":{\"@id\":\"https:\\\/\\\/infocul.pt\\\/arquivo\\\/cultura\\\/exposicao-fikl-portuguese-storylines-no-palacio-nacional-da-ajuda\\\/#primaryimage\"},\"thumbnailUrl\":\"https:\\\/\\\/infocul.pt\\\/arquivo\\\/wp-content\\\/uploads\\\/2017\\\/05\\\/Cartaz-Fikl.-Portuguese-Storylines.jpg\",\"datePublished\":\"2017-05-09T16:25:46+00:00\",\"description\":\"Exposi\u00e7\u00e3o \u201cFikl. Portuguese Storylines\u201d no Pal\u00e1cio Nacional da Ajuda | Infocul.pt - Arquivo Digital\",\"breadcrumb\":{\"@id\":\"https:\\\/\\\/infocul.pt\\\/arquivo\\\/cultura\\\/exposicao-fikl-portuguese-storylines-no-palacio-nacional-da-ajuda\\\/#breadcrumb\"},\"inLanguage\":\"pt-PT\",\"potentialAction\":[{\"@type\":\"ReadAction\",\"target\":[\"https:\\\/\\\/infocul.pt\\\/arquivo\\\/cultura\\\/exposicao-fikl-portuguese-storylines-no-palacio-nacional-da-ajuda\\\/\"]}]},{\"@type\":\"ImageObject\",\"inLanguage\":\"pt-PT\",\"@id\":\"https:\\\/\\\/infocul.pt\\\/arquivo\\\/cultura\\\/exposicao-fikl-portuguese-storylines-no-palacio-nacional-da-ajuda\\\/#primaryimage\",\"url\":\"https:\\\/\\\/infocul.pt\\\/arquivo\\\/wp-content\\\/uploads\\\/2017\\\/05\\\/Cartaz-Fikl.-Portuguese-Storylines.jpg\",\"contentUrl\":\"https:\\\/\\\/infocul.pt\\\/arquivo\\\/wp-content\\\/uploads\\\/2017\\\/05\\\/Cartaz-Fikl.-Portuguese-Storylines.jpg\",\"width\":1000,\"height\":1429},{\"@type\":\"BreadcrumbList\",\"@id\":\"https:\\\/\\\/infocul.pt\\\/arquivo\\\/cultura\\\/exposicao-fikl-portuguese-storylines-no-palacio-nacional-da-ajuda\\\/#breadcrumb\",\"itemListElement\":[{\"@type\":\"ListItem\",\"position\":1,\"name\":\"Home\",\"item\":\"https:\\\/\\\/infocul.pt\\\/arquivo\\\/\"},{\"@type\":\"ListItem\",\"position\":2,\"name\":\"Exposi\u00e7\u00e3o \u201cFikl. Portuguese Storylines\u201d no Pal\u00e1cio Nacional da Ajuda\"}]},{\"@type\":\"WebSite\",\"@id\":\"https:\\\/\\\/infocul.pt\\\/arquivo\\\/#website\",\"url\":\"https:\\\/\\\/infocul.pt\\\/arquivo\\\/\",\"name\":\"Infocul.pt - Arquivo Digital\",\"description\":\"Arquivo digital da Infocul.pt\",\"publisher\":{\"@id\":\"https:\\\/\\\/infocul.pt\\\/arquivo\\\/#organization\"},\"potentialAction\":[{\"@type\":\"SearchAction\",\"target\":{\"@type\":\"EntryPoint\",\"urlTemplate\":\"https:\\\/\\\/infocul.pt\\\/arquivo\\\/?s={search_term_string}\"},\"query-input\":{\"@type\":\"PropertyValueSpecification\",\"valueRequired\":true,\"valueName\":\"search_term_string\"}}],\"inLanguage\":\"pt-PT\"},{\"@type\":\"Organization\",\"@id\":\"https:\\\/\\\/infocul.pt\\\/arquivo\\\/#organization\",\"name\":\"Infocul.pt\",\"url\":\"https:\\\/\\\/infocul.pt\\\/arquivo\\\/\",\"logo\":{\"@type\":\"ImageObject\",\"inLanguage\":\"pt-PT\",\"@id\":\"https:\\\/\\\/infocul.pt\\\/arquivo\\\/#\\\/schema\\\/logo\\\/image\\\/\",\"url\":\"https:\\\/\\\/infocul.pt\\\/arquivo\\\/wp-content\\\/uploads\\\/2018\\\/12\\\/Infocul_logo-1.png\",\"contentUrl\":\"https:\\\/\\\/infocul.pt\\\/arquivo\\\/wp-content\\\/uploads\\\/2018\\\/12\\\/Infocul_logo-1.png\",\"width\":800,\"height\":800,\"caption\":\"Infocul.pt\"},\"image\":{\"@id\":\"https:\\\/\\\/infocul.pt\\\/arquivo\\\/#\\\/schema\\\/logo\\\/image\\\/\"},\"sameAs\":[\"https:\\\/\\\/www.facebook.com\\\/Infocul-147816815585015\\\/\",\"https:\\\/\\\/x.com\\\/Infoculpt\",\"http:\\\/\\\/www.pictaram.com\\\/user\\\/infocul.pt\\\/2370423710\",\"https:\\\/\\\/www.youtube.com\\\/channel\\\/UCYEB91AGI9FL9ek2i_IaQAA\"]},{\"@type\":\"Person\",\"@id\":\"https:\\\/\\\/infocul.pt\\\/arquivo\\\/#\\\/schema\\\/person\\\/060a108d7f2d85fc6aae505119ee5234\",\"name\":\"Rui Lavrador\",\"image\":{\"@type\":\"ImageObject\",\"inLanguage\":\"pt-PT\",\"@id\":\"https:\\\/\\\/secure.gravatar.com\\\/avatar\\\/93febd6873394aa8e975148548a0cb203acfdd42d2c85c5f1408e1a76678aece?s=96&d=mm&r=g\",\"url\":\"https:\\\/\\\/secure.gravatar.com\\\/avatar\\\/93febd6873394aa8e975148548a0cb203acfdd42d2c85c5f1408e1a76678aece?s=96&d=mm&r=g\",\"contentUrl\":\"https:\\\/\\\/secure.gravatar.com\\\/avatar\\\/93febd6873394aa8e975148548a0cb203acfdd42d2c85c5f1408e1a76678aece?s=96&d=mm&r=g\",\"caption\":\"Rui Lavrador\"},\"description\":\"Iniciou em 2011 o seu percurso em comunica\u00e7\u00e3o social, tendo integrado v\u00e1rios projectos editoriais. Durante o seu percurso integrou projectos como Jornal Hardm\u00fasica, LusoNot\u00edcias, Toureio.pt, ODigital.pt, entre outros \u00d3rg\u00e3os de Comunica\u00e7\u00e3o Social nacionais, na redac\u00e7\u00e3o de v\u00e1rios artigos. Entrevistou a grande maioria das personalidades mais importantes da vida social e cultural do pa\u00eds, destacando-se, tamb\u00e9m, na aprecia\u00e7\u00e3o de v\u00e1rios espect\u00e1culos. Durante o seu percurso, deu a conhecer v\u00e1rios artistas, at\u00e9 ent\u00e3o desconhecidos, ao grande p\u00fablico. Em 2015 criou e fundou o Infocul.pt, projecto no qual assume a direc\u00e7\u00e3o editorial.\",\"sameAs\":[\"http:\\\/\\\/www.infocul.pt\"]}]}<\/script>\n<!-- \/ Yoast SEO plugin. -->","yoast_head_json":{"title":"Exposi\u00e7\u00e3o \u201cFikl. Portuguese Storylines\u201d no Pal\u00e1cio Nacional da Ajuda | Infocul.pt - Arquivo Digital","description":"Exposi\u00e7\u00e3o \u201cFikl. Portuguese Storylines\u201d no Pal\u00e1cio Nacional da Ajuda | Infocul.pt - Arquivo Digital","robots":{"index":"noindex","follow":"follow","max-snippet":"max-snippet:-1","max-image-preview":"max-image-preview:large","max-video-preview":"max-video-preview:-1"},"og_locale":"pt_PT","og_type":"article","og_title":"Exposi\u00e7\u00e3o \u201cFikl. Portuguese Storylines\u201d no Pal\u00e1cio Nacional da Ajuda | Infocul.pt - Arquivo Digital","og_description":"Exposi\u00e7\u00e3o \u201cFikl. Portuguese Storylines\u201d no Pal\u00e1cio Nacional da Ajuda | Infocul.pt - Arquivo Digital","og_url":"https:\/\/infocul.pt\/arquivo\/cultura\/exposicao-fikl-portuguese-storylines-no-palacio-nacional-da-ajuda\/","og_site_name":"Infocul.pt - Arquivo Digital","article_publisher":"https:\/\/www.facebook.com\/Infocul-147816815585015\/","article_published_time":"2017-05-09T16:25:46+00:00","og_image":[{"width":1000,"height":1429,"url":"https:\/\/infocul.pt\/arquivo\/wp-content\/uploads\/2017\/05\/Cartaz-Fikl.-Portuguese-Storylines.jpg","type":"image\/jpeg"}],"author":"Rui Lavrador","twitter_card":"summary_large_image","twitter_creator":"@Infoculpt","twitter_site":"@Infoculpt","twitter_misc":{"Escrito por":"Rui Lavrador","Tempo estimado de leitura":"3 minutos"},"schema":{"@context":"https:\/\/schema.org","@graph":[{"@type":"Article","@id":"https:\/\/infocul.pt\/arquivo\/cultura\/exposicao-fikl-portuguese-storylines-no-palacio-nacional-da-ajuda\/#article","isPartOf":{"@id":"https:\/\/infocul.pt\/arquivo\/cultura\/exposicao-fikl-portuguese-storylines-no-palacio-nacional-da-ajuda\/"},"author":{"name":"Rui Lavrador","@id":"https:\/\/infocul.pt\/arquivo\/#\/schema\/person\/060a108d7f2d85fc6aae505119ee5234"},"headline":"Exposi\u00e7\u00e3o \u201cFikl. Portuguese Storylines\u201d no Pal\u00e1cio Nacional da Ajuda","datePublished":"2017-05-09T16:25:46+00:00","mainEntityOfPage":{"@id":"https:\/\/infocul.pt\/arquivo\/cultura\/exposicao-fikl-portuguese-storylines-no-palacio-nacional-da-ajuda\/"},"wordCount":577,"commentCount":0,"publisher":{"@id":"https:\/\/infocul.pt\/arquivo\/#organization"},"image":{"@id":"https:\/\/infocul.pt\/arquivo\/cultura\/exposicao-fikl-portuguese-storylines-no-palacio-nacional-da-ajuda\/#primaryimage"},"thumbnailUrl":"https:\/\/infocul.pt\/arquivo\/wp-content\/uploads\/2017\/05\/Cartaz-Fikl.-Portuguese-Storylines.jpg","keywords":["Pal\u00e1cio Nacional da Ajuda","Portugal","Rom\u00e9nia"],"articleSection":["Cultura","Outros"],"inLanguage":"pt-PT"},{"@type":"WebPage","@id":"https:\/\/infocul.pt\/arquivo\/cultura\/exposicao-fikl-portuguese-storylines-no-palacio-nacional-da-ajuda\/","url":"https:\/\/infocul.pt\/arquivo\/cultura\/exposicao-fikl-portuguese-storylines-no-palacio-nacional-da-ajuda\/","name":"Exposi\u00e7\u00e3o \u201cFikl. Portuguese Storylines\u201d no Pal\u00e1cio Nacional da Ajuda | Infocul.pt - Arquivo Digital","isPartOf":{"@id":"https:\/\/infocul.pt\/arquivo\/#website"},"primaryImageOfPage":{"@id":"https:\/\/infocul.pt\/arquivo\/cultura\/exposicao-fikl-portuguese-storylines-no-palacio-nacional-da-ajuda\/#primaryimage"},"image":{"@id":"https:\/\/infocul.pt\/arquivo\/cultura\/exposicao-fikl-portuguese-storylines-no-palacio-nacional-da-ajuda\/#primaryimage"},"thumbnailUrl":"https:\/\/infocul.pt\/arquivo\/wp-content\/uploads\/2017\/05\/Cartaz-Fikl.-Portuguese-Storylines.jpg","datePublished":"2017-05-09T16:25:46+00:00","description":"Exposi\u00e7\u00e3o \u201cFikl. Portuguese Storylines\u201d no Pal\u00e1cio Nacional da Ajuda | Infocul.pt - Arquivo Digital","breadcrumb":{"@id":"https:\/\/infocul.pt\/arquivo\/cultura\/exposicao-fikl-portuguese-storylines-no-palacio-nacional-da-ajuda\/#breadcrumb"},"inLanguage":"pt-PT","potentialAction":[{"@type":"ReadAction","target":["https:\/\/infocul.pt\/arquivo\/cultura\/exposicao-fikl-portuguese-storylines-no-palacio-nacional-da-ajuda\/"]}]},{"@type":"ImageObject","inLanguage":"pt-PT","@id":"https:\/\/infocul.pt\/arquivo\/cultura\/exposicao-fikl-portuguese-storylines-no-palacio-nacional-da-ajuda\/#primaryimage","url":"https:\/\/infocul.pt\/arquivo\/wp-content\/uploads\/2017\/05\/Cartaz-Fikl.-Portuguese-Storylines.jpg","contentUrl":"https:\/\/infocul.pt\/arquivo\/wp-content\/uploads\/2017\/05\/Cartaz-Fikl.-Portuguese-Storylines.jpg","width":1000,"height":1429},{"@type":"BreadcrumbList","@id":"https:\/\/infocul.pt\/arquivo\/cultura\/exposicao-fikl-portuguese-storylines-no-palacio-nacional-da-ajuda\/#breadcrumb","itemListElement":[{"@type":"ListItem","position":1,"name":"Home","item":"https:\/\/infocul.pt\/arquivo\/"},{"@type":"ListItem","position":2,"name":"Exposi\u00e7\u00e3o \u201cFikl. Portuguese Storylines\u201d no Pal\u00e1cio Nacional da Ajuda"}]},{"@type":"WebSite","@id":"https:\/\/infocul.pt\/arquivo\/#website","url":"https:\/\/infocul.pt\/arquivo\/","name":"Infocul.pt - Arquivo Digital","description":"Arquivo digital da Infocul.pt","publisher":{"@id":"https:\/\/infocul.pt\/arquivo\/#organization"},"potentialAction":[{"@type":"SearchAction","target":{"@type":"EntryPoint","urlTemplate":"https:\/\/infocul.pt\/arquivo\/?s={search_term_string}"},"query-input":{"@type":"PropertyValueSpecification","valueRequired":true,"valueName":"search_term_string"}}],"inLanguage":"pt-PT"},{"@type":"Organization","@id":"https:\/\/infocul.pt\/arquivo\/#organization","name":"Infocul.pt","url":"https:\/\/infocul.pt\/arquivo\/","logo":{"@type":"ImageObject","inLanguage":"pt-PT","@id":"https:\/\/infocul.pt\/arquivo\/#\/schema\/logo\/image\/","url":"https:\/\/infocul.pt\/arquivo\/wp-content\/uploads\/2018\/12\/Infocul_logo-1.png","contentUrl":"https:\/\/infocul.pt\/arquivo\/wp-content\/uploads\/2018\/12\/Infocul_logo-1.png","width":800,"height":800,"caption":"Infocul.pt"},"image":{"@id":"https:\/\/infocul.pt\/arquivo\/#\/schema\/logo\/image\/"},"sameAs":["https:\/\/www.facebook.com\/Infocul-147816815585015\/","https:\/\/x.com\/Infoculpt","http:\/\/www.pictaram.com\/user\/infocul.pt\/2370423710","https:\/\/www.youtube.com\/channel\/UCYEB91AGI9FL9ek2i_IaQAA"]},{"@type":"Person","@id":"https:\/\/infocul.pt\/arquivo\/#\/schema\/person\/060a108d7f2d85fc6aae505119ee5234","name":"Rui Lavrador","image":{"@type":"ImageObject","inLanguage":"pt-PT","@id":"https:\/\/secure.gravatar.com\/avatar\/93febd6873394aa8e975148548a0cb203acfdd42d2c85c5f1408e1a76678aece?s=96&d=mm&r=g","url":"https:\/\/secure.gravatar.com\/avatar\/93febd6873394aa8e975148548a0cb203acfdd42d2c85c5f1408e1a76678aece?s=96&d=mm&r=g","contentUrl":"https:\/\/secure.gravatar.com\/avatar\/93febd6873394aa8e975148548a0cb203acfdd42d2c85c5f1408e1a76678aece?s=96&d=mm&r=g","caption":"Rui Lavrador"},"description":"Iniciou em 2011 o seu percurso em comunica\u00e7\u00e3o social, tendo integrado v\u00e1rios projectos editoriais. Durante o seu percurso integrou projectos como Jornal Hardm\u00fasica, LusoNot\u00edcias, Toureio.pt, ODigital.pt, entre outros \u00d3rg\u00e3os de Comunica\u00e7\u00e3o Social nacionais, na redac\u00e7\u00e3o de v\u00e1rios artigos. Entrevistou a grande maioria das personalidades mais importantes da vida social e cultural do pa\u00eds, destacando-se, tamb\u00e9m, na aprecia\u00e7\u00e3o de v\u00e1rios espect\u00e1culos. Durante o seu percurso, deu a conhecer v\u00e1rios artistas, at\u00e9 ent\u00e3o desconhecidos, ao grande p\u00fablico. Em 2015 criou e fundou o Infocul.pt, projecto no qual assume a direc\u00e7\u00e3o editorial.","sameAs":["http:\/\/www.infocul.pt"]}]}},"_links":{"self":[{"href":"https:\/\/infocul.pt\/arquivo\/wp-json\/wp\/v2\/posts\/23918","targetHints":{"allow":["GET"]}}],"collection":[{"href":"https:\/\/infocul.pt\/arquivo\/wp-json\/wp\/v2\/posts"}],"about":[{"href":"https:\/\/infocul.pt\/arquivo\/wp-json\/wp\/v2\/types\/post"}],"author":[{"embeddable":true,"href":"https:\/\/infocul.pt\/arquivo\/wp-json\/wp\/v2\/users\/2"}],"replies":[{"embeddable":true,"href":"https:\/\/infocul.pt\/arquivo\/wp-json\/wp\/v2\/comments?post=23918"}],"version-history":[{"count":0,"href":"https:\/\/infocul.pt\/arquivo\/wp-json\/wp\/v2\/posts\/23918\/revisions"}],"wp:featuredmedia":[{"embeddable":true,"href":"https:\/\/infocul.pt\/arquivo\/wp-json\/wp\/v2\/media\/23921"}],"wp:attachment":[{"href":"https:\/\/infocul.pt\/arquivo\/wp-json\/wp\/v2\/media?parent=23918"}],"wp:term":[{"taxonomy":"category","embeddable":true,"href":"https:\/\/infocul.pt\/arquivo\/wp-json\/wp\/v2\/categories?post=23918"},{"taxonomy":"post_tag","embeddable":true,"href":"https:\/\/infocul.pt\/arquivo\/wp-json\/wp\/v2\/tags?post=23918"}],"curies":[{"name":"wp","href":"https:\/\/api.w.org\/{rel}","templated":true}]}}