{"id":23997,"date":"2017-05-10T20:37:36","date_gmt":"2017-05-10T20:37:36","guid":{"rendered":"http:\/\/infocul.pt\/?p=23997"},"modified":"2017-05-11T11:25:40","modified_gmt":"2017-05-11T11:25:40","slug":"cooperativa-dos-olivicultores-de-fatima-apresenta-garrafa-de-azeite-comemorativa-centenario-das-aparicoes","status":"publish","type":"post","link":"https:\/\/infocul.pt\/arquivo\/actualidade\/cooperativa-dos-olivicultores-de-fatima-apresenta-garrafa-de-azeite-comemorativa-centenario-das-aparicoes\/","title":{"rendered":"Cooperativa dos Olivicultores de F\u00e1tima apresenta garrafa de azeite comemorativa do Centen\u00e1rio das Apari\u00e7\u00f5es"},"content":{"rendered":"<p><img decoding=\"async\" class=\"aligncenter wp-image-23998 size-full lazyload\" data-src=\"http:\/\/infocul.pt\/wp-content\/uploads\/2017\/05\/azeite.jpg\" alt=\"azeite\" width=\"600\" height=\"482\" data-srcset=\"https:\/\/infocul.pt\/arquivo\/wp-content\/uploads\/2017\/05\/azeite.jpg 600w, https:\/\/infocul.pt\/arquivo\/wp-content\/uploads\/2017\/05\/azeite-300x241.jpg 300w\" data-sizes=\"(max-width: 600px) 100vw, 600px\" src=\"data:image\/svg+xml;base64,PHN2ZyB3aWR0aD0iMSIgaGVpZ2h0PSIxIiB4bWxucz0iaHR0cDovL3d3dy53My5vcmcvMjAwMC9zdmciPjwvc3ZnPg==\" style=\"--smush-placeholder-width: 600px; --smush-placeholder-aspect-ratio: 600\/482;\" \/><\/p>\n<p>&nbsp;<\/p>\n<p><span style=\"color: #000000; font-family: Calibri;\">O &#8220;Azeite F\u00e1tima&#8221; surge agora numa garrafa comemorativa para uma edi\u00e7\u00e3o limitada e numerada de 2017 garrafas. A iniciativa desta tiragem especial celebrativa do Centen\u00e1rio das Apari\u00e7\u00f5es cabe \u00e0 Cooperativa de Olivicultores de F\u00e1tima, detentora da marca. A edi\u00e7\u00e3o encontra-se \u00e0 venda exclusivamente na loja do Museu do Azeite, inaugurado em instala\u00e7\u00f5es da Cooperativa em 2014.<\/span><!--more--><\/p>\n<p><span style=\"color: #000000; font-family: Calibri;\">\u00a0<\/span><\/p>\n<p><span style=\"color: #000000; font-family: Calibri;\">\u00a0<\/span><\/p>\n<p><span style=\"color: #000000; font-family: Calibri;\">\u00a0<\/span><\/p>\n<p><span style=\"color: #000000; font-family: Calibri;\">&#8220;<strong>A Cooperativa dos Olivicultores de F\u00e1tima une-se desta forma \u00e0s diversas entidades e projetos que pretendem associar-se aos Cem Anos das Apari\u00e7\u00f5es. O produto e a qualidade do azeite s\u00e3o reconhecidos pois s\u00e3o os que habitualmente comercializamos, mas esta edi\u00e7\u00e3o limitada apresenta-se numa garrafa diferente, que quisemos festiva e exclusiva<\/strong>&#8220;, refere a Dire\u00e7\u00e3o da Cooperativa, que pretende tamb\u00e9m por esta forma &#8220;<strong>evocar as ra\u00edzes rurais da Freguesia de F\u00e1tima, com um produto de origem local<\/strong>&#8220;.<\/span><\/p>\n<p><span style=\"color: #000000; font-family: Calibri;\">\u00a0<\/span><\/p>\n<p><span style=\"color: #000000; font-family: Calibri;\">\u00a0<\/span><\/p>\n<p><span style=\"color: #000000; font-family: Calibri;\">\u00a0<\/span><\/p>\n<p><span style=\"color: #000000; font-family: Calibri;\">Apresentado como &#8220;<strong>Azeite Virgem Extra, obtido unicamente por processos mec\u00e2nicos<\/strong>&#8220;, o Azeite F\u00e1tima\/Centen\u00e1rio mostra-se engarrafado, numa garrafa estilizada de Meio Litro de linhas simples e elegantes, em vidro transparente, para real\u00e7ar o conte\u00fado. Uma moldura-estojo\u00a0em madeira permite o encaixe da garrafa e facilita o transporte.\u00a0<\/span><\/p>\n<p><span style=\"color: #000000; font-family: Calibri;\">\u00a0<\/span><\/p>\n<p><span style=\"color: #000000; font-family: Calibri;\">\u00a0<\/span><\/p>\n<p><span style=\"color: #000000; font-family: Calibri;\">\u00a0<\/span><\/p>\n<p><span style=\"color: #000000; font-family: Calibri;\">Esta tarde, a Dire\u00e7\u00e3o da Cooperativa de Olivicultores de F\u00e1tima entregou ao Santu\u00e1rio de F\u00e1tima alguns exemplares para ofertas especiais: a garrafa N.\u00ba 1 para ser oferecida ao Papa Francisco; a N.\u00ba 2 ao Bispo de Leiria-F\u00e1tima, D. Ant\u00f3nio Marto, e a N.\u00ba 1917, ano das Apari\u00e7\u00f5es de Nossa Senhora, ao pr\u00f3prio Santu\u00e1rio.<\/span><\/p>\n<p><span style=\"color: #000000; font-family: Calibri;\">\u00a0<\/span><\/p>\n<p><span style=\"color: #000000; font-family: Calibri;\">\u00a0<\/span><\/p>\n<p><span style=\"color: #000000; font-family: Calibri;\">\u00a0<\/span><\/p>\n<p><span style=\"color: #000000; font-family: Calibri;\">Al\u00e9m disso, a Cooperativa de Olivicultores pretende oferecer a garrafa N.\u00ba 3 ao Cardeal Patriarca de Lisboa e Presidente da Confer\u00eancia Episcopal Portuguesa, D. Manuel Clemente; a\u00a0N.\u00ba 4 ao Presidente da Rep\u00fablica Portuguesa, Marcelo Rebelo de Sousa; a N.\u00ba 1180, ano do Foral de Our\u00e9m, \u00e0 C\u00e2mara Municipal de Our\u00e9m, e a N.\u00ba 1568 \u00e0 Junta de Freguesia de F\u00e1tima, por ser data da funda\u00e7\u00e3o da autarquia local. A garrafa N.\u00ba 1916, ano das Apari\u00e7\u00f5es do Anjo, ser\u00e1 oferecida \u00e0 Par\u00f3quia de F\u00e1tima.\u00a0<\/span><\/p>\n<p><span style=\"color: #000000; font-family: Calibri;\">\u00a0<\/span><\/p>\n<p><span style=\"color: #000000; font-family: Calibri;\">\u00a0<\/span><\/p>\n<p><span style=\"color: #000000; font-family: Calibri;\">\u00a0<\/span><\/p>\n<p><span style=\"color: #000000; font-family: Calibri;\">A Cooperativa de Olivicultores de F\u00e1tima foi constitu\u00edda em 1951. Atualmente s\u00e3o tr\u00eas as suas \u00e1reas de trabalho: a produ\u00e7\u00e3o do azeite dos seus 938 associados, um deles o Santu\u00e1rio de F\u00e1tima; a produ\u00e7\u00e3o e comercializa\u00e7\u00e3o da marca pr\u00f3pria, registada em 2011, &#8220;Azeite F\u00e1tima&#8221;; e a promo\u00e7\u00e3o do Museu do Azeite, que surge para valorizar o trabalho da Olivicultura em Portugal, dando a conhecer os processos de produ\u00e7\u00e3o do azeite, e a pr\u00f3pria freguesia e regi\u00e3o.<\/span><\/p>\n","protected":false},"excerpt":{"rendered":"<p>&nbsp; O &#8220;Azeite F\u00e1tima&#8221; surge agora numa garrafa comemorativa para uma edi\u00e7\u00e3o limitada e numerada de 2017 garrafas. A iniciativa desta tiragem especial celebrativa do Centen\u00e1rio das Apari\u00e7\u00f5es cabe \u00e0 Cooperativa de Olivicultores de F\u00e1tima, detentora da marca. A edi\u00e7\u00e3o encontra-se \u00e0 venda exclusivamente na loja do Museu do Azeite, inaugurado em instala\u00e7\u00f5es da Cooperativa [&hellip;]<\/p>\n","protected":false},"author":2,"featured_media":23998,"comment_status":"open","ping_status":"closed","sticky":false,"template":"","format":"standard","meta":{"footnotes":""},"categories":[10,11],"tags":[1543,902],"class_list":["post-23997","post","type-post","status-publish","format-standard","has-post-thumbnail","hentry","category-actualidade","category-pais","tag-azeite","tag-fatima"],"yoast_head":"<!-- This site is optimized with the Yoast SEO plugin v27.4 - https:\/\/yoast.com\/product\/yoast-seo-wordpress\/ -->\n<title>Cooperativa dos Olivicultores de F\u00e1tima apresenta garrafa de azeite comemorativa do Centen\u00e1rio das Apari\u00e7\u00f5es | Infocul.pt - Arquivo Digital<\/title>\n<meta name=\"description\" content=\"Cooperativa dos Olivicultores de F\u00e1tima apresenta garrafa de azeite comemorativa do Centen\u00e1rio das Apari\u00e7\u00f5es | Infocul.pt - Arquivo Digital\" \/>\n<meta name=\"robots\" content=\"noindex, follow, max-snippet:-1, max-image-preview:large, max-video-preview:-1\" \/>\n<meta property=\"og:locale\" content=\"pt_PT\" \/>\n<meta property=\"og:type\" content=\"article\" \/>\n<meta property=\"og:title\" content=\"Cooperativa dos Olivicultores de F\u00e1tima apresenta garrafa de azeite comemorativa do Centen\u00e1rio das Apari\u00e7\u00f5es | Infocul.pt - Arquivo Digital\" \/>\n<meta property=\"og:description\" content=\"Cooperativa dos Olivicultores de F\u00e1tima apresenta garrafa de azeite comemorativa do Centen\u00e1rio das Apari\u00e7\u00f5es | Infocul.pt - Arquivo Digital\" \/>\n<meta property=\"og:url\" content=\"https:\/\/infocul.pt\/arquivo\/actualidade\/cooperativa-dos-olivicultores-de-fatima-apresenta-garrafa-de-azeite-comemorativa-centenario-das-aparicoes\/\" \/>\n<meta property=\"og:site_name\" content=\"Infocul.pt - Arquivo Digital\" \/>\n<meta property=\"article:publisher\" content=\"https:\/\/www.facebook.com\/Infocul-147816815585015\/\" \/>\n<meta property=\"article:published_time\" content=\"2017-05-10T20:37:36+00:00\" \/>\n<meta property=\"article:modified_time\" content=\"2017-05-11T11:25:40+00:00\" \/>\n<meta property=\"og:image\" content=\"https:\/\/infocul.pt\/arquivo\/wp-content\/uploads\/2017\/05\/azeite.jpg\" \/>\n\t<meta property=\"og:image:width\" content=\"600\" \/>\n\t<meta property=\"og:image:height\" content=\"482\" \/>\n\t<meta property=\"og:image:type\" content=\"image\/jpeg\" \/>\n<meta name=\"author\" content=\"Rui Lavrador\" \/>\n<meta name=\"twitter:card\" content=\"summary_large_image\" \/>\n<meta name=\"twitter:creator\" content=\"@Infoculpt\" \/>\n<meta name=\"twitter:site\" content=\"@Infoculpt\" \/>\n<meta name=\"twitter:label1\" content=\"Escrito por\" \/>\n\t<meta name=\"twitter:data1\" content=\"Rui Lavrador\" \/>\n\t<meta name=\"twitter:label2\" content=\"Tempo estimado de leitura\" \/>\n\t<meta name=\"twitter:data2\" content=\"2 minutos\" \/>\n<script type=\"application\/ld+json\" class=\"yoast-schema-graph\">{\"@context\":\"https:\\\/\\\/schema.org\",\"@graph\":[{\"@type\":\"Article\",\"@id\":\"https:\\\/\\\/infocul.pt\\\/arquivo\\\/actualidade\\\/cooperativa-dos-olivicultores-de-fatima-apresenta-garrafa-de-azeite-comemorativa-centenario-das-aparicoes\\\/#article\",\"isPartOf\":{\"@id\":\"https:\\\/\\\/infocul.pt\\\/arquivo\\\/actualidade\\\/cooperativa-dos-olivicultores-de-fatima-apresenta-garrafa-de-azeite-comemorativa-centenario-das-aparicoes\\\/\"},\"author\":{\"name\":\"Rui Lavrador\",\"@id\":\"https:\\\/\\\/infocul.pt\\\/arquivo\\\/#\\\/schema\\\/person\\\/060a108d7f2d85fc6aae505119ee5234\"},\"headline\":\"Cooperativa dos Olivicultores de F\u00e1tima apresenta garrafa de azeite comemorativa do Centen\u00e1rio das Apari\u00e7\u00f5es\",\"datePublished\":\"2017-05-10T20:37:36+00:00\",\"dateModified\":\"2017-05-11T11:25:40+00:00\",\"mainEntityOfPage\":{\"@id\":\"https:\\\/\\\/infocul.pt\\\/arquivo\\\/actualidade\\\/cooperativa-dos-olivicultores-de-fatima-apresenta-garrafa-de-azeite-comemorativa-centenario-das-aparicoes\\\/\"},\"wordCount\":447,\"commentCount\":0,\"publisher\":{\"@id\":\"https:\\\/\\\/infocul.pt\\\/arquivo\\\/#organization\"},\"image\":{\"@id\":\"https:\\\/\\\/infocul.pt\\\/arquivo\\\/actualidade\\\/cooperativa-dos-olivicultores-de-fatima-apresenta-garrafa-de-azeite-comemorativa-centenario-das-aparicoes\\\/#primaryimage\"},\"thumbnailUrl\":\"https:\\\/\\\/infocul.pt\\\/arquivo\\\/wp-content\\\/uploads\\\/2017\\\/05\\\/azeite.jpg\",\"keywords\":[\"Azeite\",\"F\u00e1tima\"],\"articleSection\":[\"Actualidade\",\"Pa\u00eds\"],\"inLanguage\":\"pt-PT\"},{\"@type\":\"WebPage\",\"@id\":\"https:\\\/\\\/infocul.pt\\\/arquivo\\\/actualidade\\\/cooperativa-dos-olivicultores-de-fatima-apresenta-garrafa-de-azeite-comemorativa-centenario-das-aparicoes\\\/\",\"url\":\"https:\\\/\\\/infocul.pt\\\/arquivo\\\/actualidade\\\/cooperativa-dos-olivicultores-de-fatima-apresenta-garrafa-de-azeite-comemorativa-centenario-das-aparicoes\\\/\",\"name\":\"Cooperativa dos Olivicultores de F\u00e1tima apresenta garrafa de azeite comemorativa do Centen\u00e1rio das Apari\u00e7\u00f5es | Infocul.pt - Arquivo Digital\",\"isPartOf\":{\"@id\":\"https:\\\/\\\/infocul.pt\\\/arquivo\\\/#website\"},\"primaryImageOfPage\":{\"@id\":\"https:\\\/\\\/infocul.pt\\\/arquivo\\\/actualidade\\\/cooperativa-dos-olivicultores-de-fatima-apresenta-garrafa-de-azeite-comemorativa-centenario-das-aparicoes\\\/#primaryimage\"},\"image\":{\"@id\":\"https:\\\/\\\/infocul.pt\\\/arquivo\\\/actualidade\\\/cooperativa-dos-olivicultores-de-fatima-apresenta-garrafa-de-azeite-comemorativa-centenario-das-aparicoes\\\/#primaryimage\"},\"thumbnailUrl\":\"https:\\\/\\\/infocul.pt\\\/arquivo\\\/wp-content\\\/uploads\\\/2017\\\/05\\\/azeite.jpg\",\"datePublished\":\"2017-05-10T20:37:36+00:00\",\"dateModified\":\"2017-05-11T11:25:40+00:00\",\"description\":\"Cooperativa dos Olivicultores de F\u00e1tima apresenta garrafa de azeite comemorativa do Centen\u00e1rio das Apari\u00e7\u00f5es | Infocul.pt - Arquivo Digital\",\"breadcrumb\":{\"@id\":\"https:\\\/\\\/infocul.pt\\\/arquivo\\\/actualidade\\\/cooperativa-dos-olivicultores-de-fatima-apresenta-garrafa-de-azeite-comemorativa-centenario-das-aparicoes\\\/#breadcrumb\"},\"inLanguage\":\"pt-PT\",\"potentialAction\":[{\"@type\":\"ReadAction\",\"target\":[\"https:\\\/\\\/infocul.pt\\\/arquivo\\\/actualidade\\\/cooperativa-dos-olivicultores-de-fatima-apresenta-garrafa-de-azeite-comemorativa-centenario-das-aparicoes\\\/\"]}]},{\"@type\":\"ImageObject\",\"inLanguage\":\"pt-PT\",\"@id\":\"https:\\\/\\\/infocul.pt\\\/arquivo\\\/actualidade\\\/cooperativa-dos-olivicultores-de-fatima-apresenta-garrafa-de-azeite-comemorativa-centenario-das-aparicoes\\\/#primaryimage\",\"url\":\"https:\\\/\\\/infocul.pt\\\/arquivo\\\/wp-content\\\/uploads\\\/2017\\\/05\\\/azeite.jpg\",\"contentUrl\":\"https:\\\/\\\/infocul.pt\\\/arquivo\\\/wp-content\\\/uploads\\\/2017\\\/05\\\/azeite.jpg\",\"width\":600,\"height\":482},{\"@type\":\"BreadcrumbList\",\"@id\":\"https:\\\/\\\/infocul.pt\\\/arquivo\\\/actualidade\\\/cooperativa-dos-olivicultores-de-fatima-apresenta-garrafa-de-azeite-comemorativa-centenario-das-aparicoes\\\/#breadcrumb\",\"itemListElement\":[{\"@type\":\"ListItem\",\"position\":1,\"name\":\"Home\",\"item\":\"https:\\\/\\\/infocul.pt\\\/arquivo\\\/\"},{\"@type\":\"ListItem\",\"position\":2,\"name\":\"Cooperativa dos Olivicultores de F\u00e1tima apresenta garrafa de azeite comemorativa do Centen\u00e1rio das Apari\u00e7\u00f5es\"}]},{\"@type\":\"WebSite\",\"@id\":\"https:\\\/\\\/infocul.pt\\\/arquivo\\\/#website\",\"url\":\"https:\\\/\\\/infocul.pt\\\/arquivo\\\/\",\"name\":\"Infocul.pt - Arquivo Digital\",\"description\":\"Arquivo digital da Infocul.pt\",\"publisher\":{\"@id\":\"https:\\\/\\\/infocul.pt\\\/arquivo\\\/#organization\"},\"potentialAction\":[{\"@type\":\"SearchAction\",\"target\":{\"@type\":\"EntryPoint\",\"urlTemplate\":\"https:\\\/\\\/infocul.pt\\\/arquivo\\\/?s={search_term_string}\"},\"query-input\":{\"@type\":\"PropertyValueSpecification\",\"valueRequired\":true,\"valueName\":\"search_term_string\"}}],\"inLanguage\":\"pt-PT\"},{\"@type\":\"Organization\",\"@id\":\"https:\\\/\\\/infocul.pt\\\/arquivo\\\/#organization\",\"name\":\"Infocul.pt\",\"url\":\"https:\\\/\\\/infocul.pt\\\/arquivo\\\/\",\"logo\":{\"@type\":\"ImageObject\",\"inLanguage\":\"pt-PT\",\"@id\":\"https:\\\/\\\/infocul.pt\\\/arquivo\\\/#\\\/schema\\\/logo\\\/image\\\/\",\"url\":\"https:\\\/\\\/infocul.pt\\\/arquivo\\\/wp-content\\\/uploads\\\/2018\\\/12\\\/Infocul_logo-1.png\",\"contentUrl\":\"https:\\\/\\\/infocul.pt\\\/arquivo\\\/wp-content\\\/uploads\\\/2018\\\/12\\\/Infocul_logo-1.png\",\"width\":800,\"height\":800,\"caption\":\"Infocul.pt\"},\"image\":{\"@id\":\"https:\\\/\\\/infocul.pt\\\/arquivo\\\/#\\\/schema\\\/logo\\\/image\\\/\"},\"sameAs\":[\"https:\\\/\\\/www.facebook.com\\\/Infocul-147816815585015\\\/\",\"https:\\\/\\\/x.com\\\/Infoculpt\",\"http:\\\/\\\/www.pictaram.com\\\/user\\\/infocul.pt\\\/2370423710\",\"https:\\\/\\\/www.youtube.com\\\/channel\\\/UCYEB91AGI9FL9ek2i_IaQAA\"]},{\"@type\":\"Person\",\"@id\":\"https:\\\/\\\/infocul.pt\\\/arquivo\\\/#\\\/schema\\\/person\\\/060a108d7f2d85fc6aae505119ee5234\",\"name\":\"Rui Lavrador\",\"image\":{\"@type\":\"ImageObject\",\"inLanguage\":\"pt-PT\",\"@id\":\"https:\\\/\\\/secure.gravatar.com\\\/avatar\\\/93febd6873394aa8e975148548a0cb203acfdd42d2c85c5f1408e1a76678aece?s=96&d=mm&r=g\",\"url\":\"https:\\\/\\\/secure.gravatar.com\\\/avatar\\\/93febd6873394aa8e975148548a0cb203acfdd42d2c85c5f1408e1a76678aece?s=96&d=mm&r=g\",\"contentUrl\":\"https:\\\/\\\/secure.gravatar.com\\\/avatar\\\/93febd6873394aa8e975148548a0cb203acfdd42d2c85c5f1408e1a76678aece?s=96&d=mm&r=g\",\"caption\":\"Rui Lavrador\"},\"description\":\"Iniciou em 2011 o seu percurso em comunica\u00e7\u00e3o social, tendo integrado v\u00e1rios projectos editoriais. Durante o seu percurso integrou projectos como Jornal Hardm\u00fasica, LusoNot\u00edcias, Toureio.pt, ODigital.pt, entre outros \u00d3rg\u00e3os de Comunica\u00e7\u00e3o Social nacionais, na redac\u00e7\u00e3o de v\u00e1rios artigos. Entrevistou a grande maioria das personalidades mais importantes da vida social e cultural do pa\u00eds, destacando-se, tamb\u00e9m, na aprecia\u00e7\u00e3o de v\u00e1rios espect\u00e1culos. Durante o seu percurso, deu a conhecer v\u00e1rios artistas, at\u00e9 ent\u00e3o desconhecidos, ao grande p\u00fablico. Em 2015 criou e fundou o Infocul.pt, projecto no qual assume a direc\u00e7\u00e3o editorial.\",\"sameAs\":[\"http:\\\/\\\/www.infocul.pt\"]}]}<\/script>\n<!-- \/ Yoast SEO plugin. -->","yoast_head_json":{"title":"Cooperativa dos Olivicultores de F\u00e1tima apresenta garrafa de azeite comemorativa do Centen\u00e1rio das Apari\u00e7\u00f5es | Infocul.pt - Arquivo Digital","description":"Cooperativa dos Olivicultores de F\u00e1tima apresenta garrafa de azeite comemorativa do Centen\u00e1rio das Apari\u00e7\u00f5es | Infocul.pt - Arquivo Digital","robots":{"index":"noindex","follow":"follow","max-snippet":"max-snippet:-1","max-image-preview":"max-image-preview:large","max-video-preview":"max-video-preview:-1"},"og_locale":"pt_PT","og_type":"article","og_title":"Cooperativa dos Olivicultores de F\u00e1tima apresenta garrafa de azeite comemorativa do Centen\u00e1rio das Apari\u00e7\u00f5es | Infocul.pt - Arquivo Digital","og_description":"Cooperativa dos Olivicultores de F\u00e1tima apresenta garrafa de azeite comemorativa do Centen\u00e1rio das Apari\u00e7\u00f5es | Infocul.pt - Arquivo Digital","og_url":"https:\/\/infocul.pt\/arquivo\/actualidade\/cooperativa-dos-olivicultores-de-fatima-apresenta-garrafa-de-azeite-comemorativa-centenario-das-aparicoes\/","og_site_name":"Infocul.pt - Arquivo Digital","article_publisher":"https:\/\/www.facebook.com\/Infocul-147816815585015\/","article_published_time":"2017-05-10T20:37:36+00:00","article_modified_time":"2017-05-11T11:25:40+00:00","og_image":[{"width":600,"height":482,"url":"https:\/\/infocul.pt\/arquivo\/wp-content\/uploads\/2017\/05\/azeite.jpg","type":"image\/jpeg"}],"author":"Rui Lavrador","twitter_card":"summary_large_image","twitter_creator":"@Infoculpt","twitter_site":"@Infoculpt","twitter_misc":{"Escrito por":"Rui Lavrador","Tempo estimado de leitura":"2 minutos"},"schema":{"@context":"https:\/\/schema.org","@graph":[{"@type":"Article","@id":"https:\/\/infocul.pt\/arquivo\/actualidade\/cooperativa-dos-olivicultores-de-fatima-apresenta-garrafa-de-azeite-comemorativa-centenario-das-aparicoes\/#article","isPartOf":{"@id":"https:\/\/infocul.pt\/arquivo\/actualidade\/cooperativa-dos-olivicultores-de-fatima-apresenta-garrafa-de-azeite-comemorativa-centenario-das-aparicoes\/"},"author":{"name":"Rui Lavrador","@id":"https:\/\/infocul.pt\/arquivo\/#\/schema\/person\/060a108d7f2d85fc6aae505119ee5234"},"headline":"Cooperativa dos Olivicultores de F\u00e1tima apresenta garrafa de azeite comemorativa do Centen\u00e1rio das Apari\u00e7\u00f5es","datePublished":"2017-05-10T20:37:36+00:00","dateModified":"2017-05-11T11:25:40+00:00","mainEntityOfPage":{"@id":"https:\/\/infocul.pt\/arquivo\/actualidade\/cooperativa-dos-olivicultores-de-fatima-apresenta-garrafa-de-azeite-comemorativa-centenario-das-aparicoes\/"},"wordCount":447,"commentCount":0,"publisher":{"@id":"https:\/\/infocul.pt\/arquivo\/#organization"},"image":{"@id":"https:\/\/infocul.pt\/arquivo\/actualidade\/cooperativa-dos-olivicultores-de-fatima-apresenta-garrafa-de-azeite-comemorativa-centenario-das-aparicoes\/#primaryimage"},"thumbnailUrl":"https:\/\/infocul.pt\/arquivo\/wp-content\/uploads\/2017\/05\/azeite.jpg","keywords":["Azeite","F\u00e1tima"],"articleSection":["Actualidade","Pa\u00eds"],"inLanguage":"pt-PT"},{"@type":"WebPage","@id":"https:\/\/infocul.pt\/arquivo\/actualidade\/cooperativa-dos-olivicultores-de-fatima-apresenta-garrafa-de-azeite-comemorativa-centenario-das-aparicoes\/","url":"https:\/\/infocul.pt\/arquivo\/actualidade\/cooperativa-dos-olivicultores-de-fatima-apresenta-garrafa-de-azeite-comemorativa-centenario-das-aparicoes\/","name":"Cooperativa dos Olivicultores de F\u00e1tima apresenta garrafa de azeite comemorativa do Centen\u00e1rio das Apari\u00e7\u00f5es | Infocul.pt - Arquivo Digital","isPartOf":{"@id":"https:\/\/infocul.pt\/arquivo\/#website"},"primaryImageOfPage":{"@id":"https:\/\/infocul.pt\/arquivo\/actualidade\/cooperativa-dos-olivicultores-de-fatima-apresenta-garrafa-de-azeite-comemorativa-centenario-das-aparicoes\/#primaryimage"},"image":{"@id":"https:\/\/infocul.pt\/arquivo\/actualidade\/cooperativa-dos-olivicultores-de-fatima-apresenta-garrafa-de-azeite-comemorativa-centenario-das-aparicoes\/#primaryimage"},"thumbnailUrl":"https:\/\/infocul.pt\/arquivo\/wp-content\/uploads\/2017\/05\/azeite.jpg","datePublished":"2017-05-10T20:37:36+00:00","dateModified":"2017-05-11T11:25:40+00:00","description":"Cooperativa dos Olivicultores de F\u00e1tima apresenta garrafa de azeite comemorativa do Centen\u00e1rio das Apari\u00e7\u00f5es | Infocul.pt - Arquivo Digital","breadcrumb":{"@id":"https:\/\/infocul.pt\/arquivo\/actualidade\/cooperativa-dos-olivicultores-de-fatima-apresenta-garrafa-de-azeite-comemorativa-centenario-das-aparicoes\/#breadcrumb"},"inLanguage":"pt-PT","potentialAction":[{"@type":"ReadAction","target":["https:\/\/infocul.pt\/arquivo\/actualidade\/cooperativa-dos-olivicultores-de-fatima-apresenta-garrafa-de-azeite-comemorativa-centenario-das-aparicoes\/"]}]},{"@type":"ImageObject","inLanguage":"pt-PT","@id":"https:\/\/infocul.pt\/arquivo\/actualidade\/cooperativa-dos-olivicultores-de-fatima-apresenta-garrafa-de-azeite-comemorativa-centenario-das-aparicoes\/#primaryimage","url":"https:\/\/infocul.pt\/arquivo\/wp-content\/uploads\/2017\/05\/azeite.jpg","contentUrl":"https:\/\/infocul.pt\/arquivo\/wp-content\/uploads\/2017\/05\/azeite.jpg","width":600,"height":482},{"@type":"BreadcrumbList","@id":"https:\/\/infocul.pt\/arquivo\/actualidade\/cooperativa-dos-olivicultores-de-fatima-apresenta-garrafa-de-azeite-comemorativa-centenario-das-aparicoes\/#breadcrumb","itemListElement":[{"@type":"ListItem","position":1,"name":"Home","item":"https:\/\/infocul.pt\/arquivo\/"},{"@type":"ListItem","position":2,"name":"Cooperativa dos Olivicultores de F\u00e1tima apresenta garrafa de azeite comemorativa do Centen\u00e1rio das Apari\u00e7\u00f5es"}]},{"@type":"WebSite","@id":"https:\/\/infocul.pt\/arquivo\/#website","url":"https:\/\/infocul.pt\/arquivo\/","name":"Infocul.pt - Arquivo Digital","description":"Arquivo digital da Infocul.pt","publisher":{"@id":"https:\/\/infocul.pt\/arquivo\/#organization"},"potentialAction":[{"@type":"SearchAction","target":{"@type":"EntryPoint","urlTemplate":"https:\/\/infocul.pt\/arquivo\/?s={search_term_string}"},"query-input":{"@type":"PropertyValueSpecification","valueRequired":true,"valueName":"search_term_string"}}],"inLanguage":"pt-PT"},{"@type":"Organization","@id":"https:\/\/infocul.pt\/arquivo\/#organization","name":"Infocul.pt","url":"https:\/\/infocul.pt\/arquivo\/","logo":{"@type":"ImageObject","inLanguage":"pt-PT","@id":"https:\/\/infocul.pt\/arquivo\/#\/schema\/logo\/image\/","url":"https:\/\/infocul.pt\/arquivo\/wp-content\/uploads\/2018\/12\/Infocul_logo-1.png","contentUrl":"https:\/\/infocul.pt\/arquivo\/wp-content\/uploads\/2018\/12\/Infocul_logo-1.png","width":800,"height":800,"caption":"Infocul.pt"},"image":{"@id":"https:\/\/infocul.pt\/arquivo\/#\/schema\/logo\/image\/"},"sameAs":["https:\/\/www.facebook.com\/Infocul-147816815585015\/","https:\/\/x.com\/Infoculpt","http:\/\/www.pictaram.com\/user\/infocul.pt\/2370423710","https:\/\/www.youtube.com\/channel\/UCYEB91AGI9FL9ek2i_IaQAA"]},{"@type":"Person","@id":"https:\/\/infocul.pt\/arquivo\/#\/schema\/person\/060a108d7f2d85fc6aae505119ee5234","name":"Rui Lavrador","image":{"@type":"ImageObject","inLanguage":"pt-PT","@id":"https:\/\/secure.gravatar.com\/avatar\/93febd6873394aa8e975148548a0cb203acfdd42d2c85c5f1408e1a76678aece?s=96&d=mm&r=g","url":"https:\/\/secure.gravatar.com\/avatar\/93febd6873394aa8e975148548a0cb203acfdd42d2c85c5f1408e1a76678aece?s=96&d=mm&r=g","contentUrl":"https:\/\/secure.gravatar.com\/avatar\/93febd6873394aa8e975148548a0cb203acfdd42d2c85c5f1408e1a76678aece?s=96&d=mm&r=g","caption":"Rui Lavrador"},"description":"Iniciou em 2011 o seu percurso em comunica\u00e7\u00e3o social, tendo integrado v\u00e1rios projectos editoriais. Durante o seu percurso integrou projectos como Jornal Hardm\u00fasica, LusoNot\u00edcias, Toureio.pt, ODigital.pt, entre outros \u00d3rg\u00e3os de Comunica\u00e7\u00e3o Social nacionais, na redac\u00e7\u00e3o de v\u00e1rios artigos. Entrevistou a grande maioria das personalidades mais importantes da vida social e cultural do pa\u00eds, destacando-se, tamb\u00e9m, na aprecia\u00e7\u00e3o de v\u00e1rios espect\u00e1culos. Durante o seu percurso, deu a conhecer v\u00e1rios artistas, at\u00e9 ent\u00e3o desconhecidos, ao grande p\u00fablico. Em 2015 criou e fundou o Infocul.pt, projecto no qual assume a direc\u00e7\u00e3o editorial.","sameAs":["http:\/\/www.infocul.pt"]}]}},"_links":{"self":[{"href":"https:\/\/infocul.pt\/arquivo\/wp-json\/wp\/v2\/posts\/23997","targetHints":{"allow":["GET"]}}],"collection":[{"href":"https:\/\/infocul.pt\/arquivo\/wp-json\/wp\/v2\/posts"}],"about":[{"href":"https:\/\/infocul.pt\/arquivo\/wp-json\/wp\/v2\/types\/post"}],"author":[{"embeddable":true,"href":"https:\/\/infocul.pt\/arquivo\/wp-json\/wp\/v2\/users\/2"}],"replies":[{"embeddable":true,"href":"https:\/\/infocul.pt\/arquivo\/wp-json\/wp\/v2\/comments?post=23997"}],"version-history":[{"count":0,"href":"https:\/\/infocul.pt\/arquivo\/wp-json\/wp\/v2\/posts\/23997\/revisions"}],"wp:featuredmedia":[{"embeddable":true,"href":"https:\/\/infocul.pt\/arquivo\/wp-json\/wp\/v2\/media\/23998"}],"wp:attachment":[{"href":"https:\/\/infocul.pt\/arquivo\/wp-json\/wp\/v2\/media?parent=23997"}],"wp:term":[{"taxonomy":"category","embeddable":true,"href":"https:\/\/infocul.pt\/arquivo\/wp-json\/wp\/v2\/categories?post=23997"},{"taxonomy":"post_tag","embeddable":true,"href":"https:\/\/infocul.pt\/arquivo\/wp-json\/wp\/v2\/tags?post=23997"}],"curies":[{"name":"wp","href":"https:\/\/api.w.org\/{rel}","templated":true}]}}