{"id":25254,"date":"2017-06-05T20:25:00","date_gmt":"2017-06-05T20:25:00","guid":{"rendered":"http:\/\/infocul.pt\/?p=25254"},"modified":"2017-06-07T10:35:46","modified_gmt":"2017-06-07T10:35:46","slug":"celebre-o-dia-de-portugal-com-katia-guerreiro","status":"publish","type":"post","link":"https:\/\/infocul.pt\/arquivo\/cultura\/celebre-o-dia-de-portugal-com-katia-guerreiro\/","title":{"rendered":"Celebre o Dia de Portugal com Katia Guerreiro"},"content":{"rendered":"<p><img decoding=\"async\" class=\"aligncenter wp-image-20549 size-full lazyload\" data-src=\"http:\/\/infocul.pt\/wp-content\/uploads\/2017\/03\/Katia-Guerreiro.jpg\" alt=\"Katia Guerreiro\" width=\"980\" height=\"655\" data-srcset=\"https:\/\/infocul.pt\/arquivo\/wp-content\/uploads\/2017\/03\/Katia-Guerreiro.jpg 980w, https:\/\/infocul.pt\/arquivo\/wp-content\/uploads\/2017\/03\/Katia-Guerreiro-300x201.jpg 300w, https:\/\/infocul.pt\/arquivo\/wp-content\/uploads\/2017\/03\/Katia-Guerreiro-768x513.jpg 768w, https:\/\/infocul.pt\/arquivo\/wp-content\/uploads\/2017\/03\/Katia-Guerreiro-272x182.jpg 272w\" data-sizes=\"(max-width: 980px) 100vw, 980px\" src=\"data:image\/svg+xml;base64,PHN2ZyB3aWR0aD0iMSIgaGVpZ2h0PSIxIiB4bWxucz0iaHR0cDovL3d3dy53My5vcmcvMjAwMC9zdmciPjwvc3ZnPg==\" style=\"--smush-placeholder-width: 980px; --smush-placeholder-aspect-ratio: 980\/655;\" \/><\/p>\n<p>&nbsp;<\/p>\n<p><span style=\"color: #000000; font-family: Calibri;\">No Dia de Portugal, de Cam\u00f5es e das Comunidades Portuguesas, 10 de Junho, Katia Guerreiro sobe a palco no Jardim Municipal de Oeiras, num espect\u00e1culo inserido nas festas locais.<\/span><!--more--><\/p>\n<p><span style=\"color: #000000; font-family: Calibri;\">\u00a0<\/span><\/p>\n<p><span style=\"color: #000000; font-family: Calibri;\">\u00a0<\/span><\/p>\n<p><span style=\"color: #000000; font-family: Calibri;\">Katia Guerreiro \u00e9 das mais importantes vozes do fado, actualmente, com um percurso feito a pulso e uma das maiores divulgadoras da l\u00edngua de Cam\u00f5es e do Fado al\u00e9m fronteiras, onde frequentemente esgota as mais importantes salas.<\/span><\/p>\n<p><span style=\"color: #000000; font-family: Calibri;\">\u00a0<\/span><\/p>\n<p><span style=\"color: #000000; font-family: Calibri;\">\u00a0<\/span><\/p>\n<p><span style=\"color: #000000; font-family: Calibri;\">Para dia 10 de Junho, em Oeiras, revela em entrevista ao Infocul que \u201c<strong>\u00e9 naturalmente o dia de celebrar a l\u00edngua portuguesa e o dia de Portugal. Estamos a pensar num alinhamento especial que passa por homenagear o pa\u00eds, a l\u00edngua e os poetas<\/strong>\u201d.<\/span><\/p>\n<p><span style=\"color: #000000; font-family: Calibri;\">\u00a0<\/span><\/p>\n<p><span style=\"color: #000000; font-family: Calibri;\">Em palco estar\u00e1 acompanhada por \u201c<strong>Pedro Castro e o Eurico Dion\u00edsio nas guitarras portuguesas, o Jo\u00e3o Veiga na viola e o Andr\u00e9 Ramos na viola baixo<\/strong>\u201d.<\/span><\/p>\n<p><span style=\"color: #000000; font-family: Calibri;\">\u00a0<\/span><\/p>\n<p><span style=\"color: #000000; font-family: Calibri;\">\u00a0<\/span><\/p>\n<p><span style=\"color: #000000; font-family: Calibri;\">\u201c<strong>Para quem cada vez que sobe os palco se veste com tudo o que significa ser portugu\u00eas, este \u00e9 o dia de express\u00e3o maior da portugalidade. Neste dia tenho muita vontade de recuperar temas que t\u00e3o intimamente sinto que toco cada peda\u00e7o do meu pa\u00eds<\/strong>\u201d diz-nos sobre a import\u00e2ncia do 10 de Junho para si.<\/span><\/p>\n<p><span style=\"color: #000000; font-family: Calibri;\">\u00a0<\/span><\/p>\n<p><span style=\"color: #000000; font-family: Calibri;\">\u00a0<\/span><\/p>\n<p><span style=\"color: #000000; font-family: Calibri;\">Recentemente, 22 de Maio, Katia Guerreiro subiu ao palco do MEO Arena como convidada de Pl\u00e1cido Domingo. Uma experi\u00eancia \u00fanica, dentro e fora de palco. \u201c<strong>Cantar com Pl\u00e1cido foi a maior honra que poderia ter recebido na minha carreira. Mas o que foi extraordin\u00e1rio em palco n\u00e3o consegue superar o que ganhei a n\u00edvel pessoal com este Senhor. Pl\u00e1cido \u0117 muito mais do que uma voz extraordin\u00e1ria voz em plena forma aos 76 anos de idade. \u0116 um homem simples, interessante e interessado, de uma generosidade que conhe\u00e7o em muito pouca gente. J\u00e1 nos conhec\u00edamos h\u00e1 muito tempo mas a nossa amizade, que entretanto se estendeu \u00e0 fam\u00edlia mais pr\u00f3xima, ganhou ra\u00edzes<\/strong>\u201d, diz-nos.<\/span><\/p>\n<p><span style=\"color: #000000; font-family: Calibri;\">\u00a0<\/span><\/p>\n<p><span style=\"color: #000000; font-family: Calibri;\">\u00a0<\/span><\/p>\n<p><span style=\"color: #000000; font-family: Calibri;\">Ao longo da sua carreira, tem efectuado muitos duetos, da\u00ed questionarmos quem escolheria para um dueto, ou com quem falta efectuar um dueto, com a fadista a referir que \u201c<strong>ainda tenho muito para andar e a vida se encarregar\u00e1 de me trazer o que merecer. Mais imediato, poderia ser um dueto com um dos meus outros \u00eddolos, que tenho a sorte de ser tamb\u00e9m minha amiga, a grande Luz Casal<\/strong>\u201d.<\/span><\/p>\n<p><span style=\"color: #000000; font-family: Calibri;\">\u00a0<\/span><\/p>\n<p><span style=\"color: #000000; font-family: Calibri;\">\u201c<strong>O At\u00e9 ao Fim tem-me feito viajar e sonhar em cada concerto. Diria, nesta altura, que \u0117 uma tourn\u00e9e de viragem, onde me reinventei, sem ter perdido a ess\u00eancia do que sou enquanto artista e mulher<\/strong>\u201d diz-nos quando questionada se j\u00e1 seria poss\u00edvel fazer um balan\u00e7o da digress\u00e3o deste \u00faltimo disco.<\/span><\/p>\n<p><span style=\"color: #000000; font-family: Calibri;\">\u00a0<\/span><\/p>\n<p><span style=\"color: #000000; font-family: Calibri;\">\u00a0<\/span><\/p>\n<p><span style=\"color: #000000; font-family: Calibri;\">O pr\u00f3ximo disco \u201c<strong>j\u00e1 est\u00e1 a ser trabalhado. Espero que no final deste ano possa sair. Mas ainda \u0117 cedo. Eu nunca tenho pressa, tenho \u0117 vontade de fazer bem e bonito, de prefer\u00eancia, bem rodeada a todos os n\u00edveis<\/strong>\u201d, acrescenta.<\/span><\/p>\n<p><span style=\"color: #000000; font-family: Calibri;\">\u00a0<\/span><\/p>\n<p><span style=\"color: #000000; font-family: Calibri;\">\u00a0<\/span><\/p>\n<p><span style=\"color: #000000; font-family: Calibri;\">Mas novidades podem n\u00e3o ficar por aqui, porque em Oeiras pode haver convidados, sendo que a artista revela \u201c<strong>ainda n\u00e3o sei. Vamos ver<\/strong>&#8230;\u201d.<\/span><\/p>\n<p><span style=\"color: #000000; font-family: Calibri;\">\u00a0<\/span><\/p>\n<p><span style=\"color: #000000; font-family: Calibri;\">\u00a0<\/span><\/p>\n<p><span style=\"color: #000000; font-family: Calibri;\">O concerto de Katia Guerreiro no Jardim Municipal de Oeiras, a 10 de Junho, tem in\u00edcio pelas 22:00.<\/span><\/p>\n","protected":false},"excerpt":{"rendered":"<p>&nbsp; No Dia de Portugal, de Cam\u00f5es e das Comunidades Portuguesas, 10 de Junho, Katia Guerreiro sobe a palco no Jardim Municipal de Oeiras, num espect\u00e1culo inserido nas festas locais.<\/p>\n","protected":false},"author":2,"featured_media":20549,"comment_status":"open","ping_status":"closed","sticky":false,"template":"","format":"standard","meta":{"footnotes":""},"categories":[3,2],"tags":[1561,42,394,377],"class_list":["post-25254","post","type-post","status-publish","format-standard","has-post-thumbnail","hentry","category-concertos","category-cultura","tag-dia-de-portugal","tag-fado","tag-katia-guerreiro","tag-oeiras"],"yoast_head":"<!-- This site is optimized with the Yoast SEO plugin v27.5 - https:\/\/yoast.com\/product\/yoast-seo-wordpress\/ -->\n<title>Celebre o Dia de Portugal com Katia Guerreiro | Infocul.pt - Arquivo Digital<\/title>\n<meta name=\"description\" content=\"Celebre o Dia de Portugal com Katia Guerreiro | Infocul.pt - Arquivo Digital\" \/>\n<meta name=\"robots\" content=\"noindex, follow, max-snippet:-1, max-image-preview:large, max-video-preview:-1\" \/>\n<meta property=\"og:locale\" content=\"pt_PT\" \/>\n<meta property=\"og:type\" content=\"article\" \/>\n<meta property=\"og:title\" content=\"Celebre o Dia de Portugal com Katia Guerreiro | Infocul.pt - Arquivo Digital\" \/>\n<meta property=\"og:description\" content=\"Celebre o Dia de Portugal com Katia Guerreiro | Infocul.pt - Arquivo Digital\" \/>\n<meta property=\"og:url\" content=\"https:\/\/infocul.pt\/arquivo\/cultura\/celebre-o-dia-de-portugal-com-katia-guerreiro\/\" \/>\n<meta property=\"og:site_name\" content=\"Infocul.pt - Arquivo Digital\" \/>\n<meta property=\"article:publisher\" content=\"https:\/\/www.facebook.com\/Infocul-147816815585015\/\" \/>\n<meta property=\"article:published_time\" content=\"2017-06-05T20:25:00+00:00\" \/>\n<meta property=\"article:modified_time\" content=\"2017-06-07T10:35:46+00:00\" \/>\n<meta property=\"og:image\" content=\"https:\/\/infocul.pt\/arquivo\/wp-content\/uploads\/2017\/03\/Katia-Guerreiro.jpg\" \/>\n\t<meta property=\"og:image:width\" content=\"980\" \/>\n\t<meta property=\"og:image:height\" content=\"655\" \/>\n\t<meta property=\"og:image:type\" content=\"image\/jpeg\" \/>\n<meta name=\"author\" content=\"Rui Lavrador\" \/>\n<meta name=\"twitter:card\" content=\"summary_large_image\" \/>\n<meta name=\"twitter:creator\" content=\"@Infoculpt\" \/>\n<meta name=\"twitter:site\" content=\"@Infoculpt\" \/>\n<meta name=\"twitter:label1\" content=\"Escrito por\" \/>\n\t<meta name=\"twitter:data1\" content=\"Rui Lavrador\" \/>\n\t<meta name=\"twitter:label2\" content=\"Tempo estimado de leitura\" \/>\n\t<meta name=\"twitter:data2\" content=\"3 minutos\" \/>\n<script type=\"application\/ld+json\" class=\"yoast-schema-graph\">{\"@context\":\"https:\\\/\\\/schema.org\",\"@graph\":[{\"@type\":\"Article\",\"@id\":\"https:\\\/\\\/infocul.pt\\\/arquivo\\\/cultura\\\/celebre-o-dia-de-portugal-com-katia-guerreiro\\\/#article\",\"isPartOf\":{\"@id\":\"https:\\\/\\\/infocul.pt\\\/arquivo\\\/cultura\\\/celebre-o-dia-de-portugal-com-katia-guerreiro\\\/\"},\"author\":{\"name\":\"Rui Lavrador\",\"@id\":\"https:\\\/\\\/infocul.pt\\\/arquivo\\\/#\\\/schema\\\/person\\\/060a108d7f2d85fc6aae505119ee5234\"},\"headline\":\"Celebre o Dia de Portugal com Katia Guerreiro\",\"datePublished\":\"2017-06-05T20:25:00+00:00\",\"dateModified\":\"2017-06-07T10:35:46+00:00\",\"mainEntityOfPage\":{\"@id\":\"https:\\\/\\\/infocul.pt\\\/arquivo\\\/cultura\\\/celebre-o-dia-de-portugal-com-katia-guerreiro\\\/\"},\"wordCount\":541,\"commentCount\":0,\"publisher\":{\"@id\":\"https:\\\/\\\/infocul.pt\\\/arquivo\\\/#organization\"},\"image\":{\"@id\":\"https:\\\/\\\/infocul.pt\\\/arquivo\\\/cultura\\\/celebre-o-dia-de-portugal-com-katia-guerreiro\\\/#primaryimage\"},\"thumbnailUrl\":\"https:\\\/\\\/infocul.pt\\\/arquivo\\\/wp-content\\\/uploads\\\/2017\\\/03\\\/Katia-Guerreiro.jpg\",\"keywords\":[\"Dia de Portugal\",\"Fado\",\"K\u00e1tia Guerreiro\",\"Oeiras\"],\"articleSection\":[\"Concertos\",\"Cultura\"],\"inLanguage\":\"pt-PT\"},{\"@type\":\"WebPage\",\"@id\":\"https:\\\/\\\/infocul.pt\\\/arquivo\\\/cultura\\\/celebre-o-dia-de-portugal-com-katia-guerreiro\\\/\",\"url\":\"https:\\\/\\\/infocul.pt\\\/arquivo\\\/cultura\\\/celebre-o-dia-de-portugal-com-katia-guerreiro\\\/\",\"name\":\"Celebre o Dia de Portugal com Katia Guerreiro | Infocul.pt - Arquivo Digital\",\"isPartOf\":{\"@id\":\"https:\\\/\\\/infocul.pt\\\/arquivo\\\/#website\"},\"primaryImageOfPage\":{\"@id\":\"https:\\\/\\\/infocul.pt\\\/arquivo\\\/cultura\\\/celebre-o-dia-de-portugal-com-katia-guerreiro\\\/#primaryimage\"},\"image\":{\"@id\":\"https:\\\/\\\/infocul.pt\\\/arquivo\\\/cultura\\\/celebre-o-dia-de-portugal-com-katia-guerreiro\\\/#primaryimage\"},\"thumbnailUrl\":\"https:\\\/\\\/infocul.pt\\\/arquivo\\\/wp-content\\\/uploads\\\/2017\\\/03\\\/Katia-Guerreiro.jpg\",\"datePublished\":\"2017-06-05T20:25:00+00:00\",\"dateModified\":\"2017-06-07T10:35:46+00:00\",\"description\":\"Celebre o Dia de Portugal com Katia Guerreiro | Infocul.pt - Arquivo Digital\",\"breadcrumb\":{\"@id\":\"https:\\\/\\\/infocul.pt\\\/arquivo\\\/cultura\\\/celebre-o-dia-de-portugal-com-katia-guerreiro\\\/#breadcrumb\"},\"inLanguage\":\"pt-PT\",\"potentialAction\":[{\"@type\":\"ReadAction\",\"target\":[\"https:\\\/\\\/infocul.pt\\\/arquivo\\\/cultura\\\/celebre-o-dia-de-portugal-com-katia-guerreiro\\\/\"]}]},{\"@type\":\"ImageObject\",\"inLanguage\":\"pt-PT\",\"@id\":\"https:\\\/\\\/infocul.pt\\\/arquivo\\\/cultura\\\/celebre-o-dia-de-portugal-com-katia-guerreiro\\\/#primaryimage\",\"url\":\"https:\\\/\\\/infocul.pt\\\/arquivo\\\/wp-content\\\/uploads\\\/2017\\\/03\\\/Katia-Guerreiro.jpg\",\"contentUrl\":\"https:\\\/\\\/infocul.pt\\\/arquivo\\\/wp-content\\\/uploads\\\/2017\\\/03\\\/Katia-Guerreiro.jpg\",\"width\":980,\"height\":655},{\"@type\":\"BreadcrumbList\",\"@id\":\"https:\\\/\\\/infocul.pt\\\/arquivo\\\/cultura\\\/celebre-o-dia-de-portugal-com-katia-guerreiro\\\/#breadcrumb\",\"itemListElement\":[{\"@type\":\"ListItem\",\"position\":1,\"name\":\"Home\",\"item\":\"https:\\\/\\\/infocul.pt\\\/arquivo\\\/\"},{\"@type\":\"ListItem\",\"position\":2,\"name\":\"Celebre o Dia de Portugal com Katia Guerreiro\"}]},{\"@type\":\"WebSite\",\"@id\":\"https:\\\/\\\/infocul.pt\\\/arquivo\\\/#website\",\"url\":\"https:\\\/\\\/infocul.pt\\\/arquivo\\\/\",\"name\":\"Infocul.pt - Arquivo Digital\",\"description\":\"Arquivo digital da Infocul.pt\",\"publisher\":{\"@id\":\"https:\\\/\\\/infocul.pt\\\/arquivo\\\/#organization\"},\"potentialAction\":[{\"@type\":\"SearchAction\",\"target\":{\"@type\":\"EntryPoint\",\"urlTemplate\":\"https:\\\/\\\/infocul.pt\\\/arquivo\\\/?s={search_term_string}\"},\"query-input\":{\"@type\":\"PropertyValueSpecification\",\"valueRequired\":true,\"valueName\":\"search_term_string\"}}],\"inLanguage\":\"pt-PT\"},{\"@type\":\"Organization\",\"@id\":\"https:\\\/\\\/infocul.pt\\\/arquivo\\\/#organization\",\"name\":\"Infocul.pt\",\"url\":\"https:\\\/\\\/infocul.pt\\\/arquivo\\\/\",\"logo\":{\"@type\":\"ImageObject\",\"inLanguage\":\"pt-PT\",\"@id\":\"https:\\\/\\\/infocul.pt\\\/arquivo\\\/#\\\/schema\\\/logo\\\/image\\\/\",\"url\":\"https:\\\/\\\/infocul.pt\\\/arquivo\\\/wp-content\\\/uploads\\\/2018\\\/12\\\/Infocul_logo-1.png\",\"contentUrl\":\"https:\\\/\\\/infocul.pt\\\/arquivo\\\/wp-content\\\/uploads\\\/2018\\\/12\\\/Infocul_logo-1.png\",\"width\":800,\"height\":800,\"caption\":\"Infocul.pt\"},\"image\":{\"@id\":\"https:\\\/\\\/infocul.pt\\\/arquivo\\\/#\\\/schema\\\/logo\\\/image\\\/\"},\"sameAs\":[\"https:\\\/\\\/www.facebook.com\\\/Infocul-147816815585015\\\/\",\"https:\\\/\\\/x.com\\\/Infoculpt\",\"http:\\\/\\\/www.pictaram.com\\\/user\\\/infocul.pt\\\/2370423710\",\"https:\\\/\\\/www.youtube.com\\\/channel\\\/UCYEB91AGI9FL9ek2i_IaQAA\"]},{\"@type\":\"Person\",\"@id\":\"https:\\\/\\\/infocul.pt\\\/arquivo\\\/#\\\/schema\\\/person\\\/060a108d7f2d85fc6aae505119ee5234\",\"name\":\"Rui Lavrador\",\"image\":{\"@type\":\"ImageObject\",\"inLanguage\":\"pt-PT\",\"@id\":\"https:\\\/\\\/secure.gravatar.com\\\/avatar\\\/93febd6873394aa8e975148548a0cb203acfdd42d2c85c5f1408e1a76678aece?s=96&d=mm&r=g\",\"url\":\"https:\\\/\\\/secure.gravatar.com\\\/avatar\\\/93febd6873394aa8e975148548a0cb203acfdd42d2c85c5f1408e1a76678aece?s=96&d=mm&r=g\",\"contentUrl\":\"https:\\\/\\\/secure.gravatar.com\\\/avatar\\\/93febd6873394aa8e975148548a0cb203acfdd42d2c85c5f1408e1a76678aece?s=96&d=mm&r=g\",\"caption\":\"Rui Lavrador\"},\"description\":\"Iniciou em 2011 o seu percurso em comunica\u00e7\u00e3o social, tendo integrado v\u00e1rios projectos editoriais. Durante o seu percurso integrou projectos como Jornal Hardm\u00fasica, LusoNot\u00edcias, Toureio.pt, ODigital.pt, entre outros \u00d3rg\u00e3os de Comunica\u00e7\u00e3o Social nacionais, na redac\u00e7\u00e3o de v\u00e1rios artigos. Entrevistou a grande maioria das personalidades mais importantes da vida social e cultural do pa\u00eds, destacando-se, tamb\u00e9m, na aprecia\u00e7\u00e3o de v\u00e1rios espect\u00e1culos. Durante o seu percurso, deu a conhecer v\u00e1rios artistas, at\u00e9 ent\u00e3o desconhecidos, ao grande p\u00fablico. Em 2015 criou e fundou o Infocul.pt, projecto no qual assume a direc\u00e7\u00e3o editorial.\",\"sameAs\":[\"http:\\\/\\\/www.infocul.pt\"]}]}<\/script>\n<!-- \/ Yoast SEO plugin. -->","yoast_head_json":{"title":"Celebre o Dia de Portugal com Katia Guerreiro | Infocul.pt - Arquivo Digital","description":"Celebre o Dia de Portugal com Katia Guerreiro | Infocul.pt - Arquivo Digital","robots":{"index":"noindex","follow":"follow","max-snippet":"max-snippet:-1","max-image-preview":"max-image-preview:large","max-video-preview":"max-video-preview:-1"},"og_locale":"pt_PT","og_type":"article","og_title":"Celebre o Dia de Portugal com Katia Guerreiro | Infocul.pt - Arquivo Digital","og_description":"Celebre o Dia de Portugal com Katia Guerreiro | Infocul.pt - Arquivo Digital","og_url":"https:\/\/infocul.pt\/arquivo\/cultura\/celebre-o-dia-de-portugal-com-katia-guerreiro\/","og_site_name":"Infocul.pt - Arquivo Digital","article_publisher":"https:\/\/www.facebook.com\/Infocul-147816815585015\/","article_published_time":"2017-06-05T20:25:00+00:00","article_modified_time":"2017-06-07T10:35:46+00:00","og_image":[{"width":980,"height":655,"url":"https:\/\/infocul.pt\/arquivo\/wp-content\/uploads\/2017\/03\/Katia-Guerreiro.jpg","type":"image\/jpeg"}],"author":"Rui Lavrador","twitter_card":"summary_large_image","twitter_creator":"@Infoculpt","twitter_site":"@Infoculpt","twitter_misc":{"Escrito por":"Rui Lavrador","Tempo estimado de leitura":"3 minutos"},"schema":{"@context":"https:\/\/schema.org","@graph":[{"@type":"Article","@id":"https:\/\/infocul.pt\/arquivo\/cultura\/celebre-o-dia-de-portugal-com-katia-guerreiro\/#article","isPartOf":{"@id":"https:\/\/infocul.pt\/arquivo\/cultura\/celebre-o-dia-de-portugal-com-katia-guerreiro\/"},"author":{"name":"Rui Lavrador","@id":"https:\/\/infocul.pt\/arquivo\/#\/schema\/person\/060a108d7f2d85fc6aae505119ee5234"},"headline":"Celebre o Dia de Portugal com Katia Guerreiro","datePublished":"2017-06-05T20:25:00+00:00","dateModified":"2017-06-07T10:35:46+00:00","mainEntityOfPage":{"@id":"https:\/\/infocul.pt\/arquivo\/cultura\/celebre-o-dia-de-portugal-com-katia-guerreiro\/"},"wordCount":541,"commentCount":0,"publisher":{"@id":"https:\/\/infocul.pt\/arquivo\/#organization"},"image":{"@id":"https:\/\/infocul.pt\/arquivo\/cultura\/celebre-o-dia-de-portugal-com-katia-guerreiro\/#primaryimage"},"thumbnailUrl":"https:\/\/infocul.pt\/arquivo\/wp-content\/uploads\/2017\/03\/Katia-Guerreiro.jpg","keywords":["Dia de Portugal","Fado","K\u00e1tia Guerreiro","Oeiras"],"articleSection":["Concertos","Cultura"],"inLanguage":"pt-PT"},{"@type":"WebPage","@id":"https:\/\/infocul.pt\/arquivo\/cultura\/celebre-o-dia-de-portugal-com-katia-guerreiro\/","url":"https:\/\/infocul.pt\/arquivo\/cultura\/celebre-o-dia-de-portugal-com-katia-guerreiro\/","name":"Celebre o Dia de Portugal com Katia Guerreiro | Infocul.pt - Arquivo Digital","isPartOf":{"@id":"https:\/\/infocul.pt\/arquivo\/#website"},"primaryImageOfPage":{"@id":"https:\/\/infocul.pt\/arquivo\/cultura\/celebre-o-dia-de-portugal-com-katia-guerreiro\/#primaryimage"},"image":{"@id":"https:\/\/infocul.pt\/arquivo\/cultura\/celebre-o-dia-de-portugal-com-katia-guerreiro\/#primaryimage"},"thumbnailUrl":"https:\/\/infocul.pt\/arquivo\/wp-content\/uploads\/2017\/03\/Katia-Guerreiro.jpg","datePublished":"2017-06-05T20:25:00+00:00","dateModified":"2017-06-07T10:35:46+00:00","description":"Celebre o Dia de Portugal com Katia Guerreiro | Infocul.pt - Arquivo Digital","breadcrumb":{"@id":"https:\/\/infocul.pt\/arquivo\/cultura\/celebre-o-dia-de-portugal-com-katia-guerreiro\/#breadcrumb"},"inLanguage":"pt-PT","potentialAction":[{"@type":"ReadAction","target":["https:\/\/infocul.pt\/arquivo\/cultura\/celebre-o-dia-de-portugal-com-katia-guerreiro\/"]}]},{"@type":"ImageObject","inLanguage":"pt-PT","@id":"https:\/\/infocul.pt\/arquivo\/cultura\/celebre-o-dia-de-portugal-com-katia-guerreiro\/#primaryimage","url":"https:\/\/infocul.pt\/arquivo\/wp-content\/uploads\/2017\/03\/Katia-Guerreiro.jpg","contentUrl":"https:\/\/infocul.pt\/arquivo\/wp-content\/uploads\/2017\/03\/Katia-Guerreiro.jpg","width":980,"height":655},{"@type":"BreadcrumbList","@id":"https:\/\/infocul.pt\/arquivo\/cultura\/celebre-o-dia-de-portugal-com-katia-guerreiro\/#breadcrumb","itemListElement":[{"@type":"ListItem","position":1,"name":"Home","item":"https:\/\/infocul.pt\/arquivo\/"},{"@type":"ListItem","position":2,"name":"Celebre o Dia de Portugal com Katia Guerreiro"}]},{"@type":"WebSite","@id":"https:\/\/infocul.pt\/arquivo\/#website","url":"https:\/\/infocul.pt\/arquivo\/","name":"Infocul.pt - Arquivo Digital","description":"Arquivo digital da Infocul.pt","publisher":{"@id":"https:\/\/infocul.pt\/arquivo\/#organization"},"potentialAction":[{"@type":"SearchAction","target":{"@type":"EntryPoint","urlTemplate":"https:\/\/infocul.pt\/arquivo\/?s={search_term_string}"},"query-input":{"@type":"PropertyValueSpecification","valueRequired":true,"valueName":"search_term_string"}}],"inLanguage":"pt-PT"},{"@type":"Organization","@id":"https:\/\/infocul.pt\/arquivo\/#organization","name":"Infocul.pt","url":"https:\/\/infocul.pt\/arquivo\/","logo":{"@type":"ImageObject","inLanguage":"pt-PT","@id":"https:\/\/infocul.pt\/arquivo\/#\/schema\/logo\/image\/","url":"https:\/\/infocul.pt\/arquivo\/wp-content\/uploads\/2018\/12\/Infocul_logo-1.png","contentUrl":"https:\/\/infocul.pt\/arquivo\/wp-content\/uploads\/2018\/12\/Infocul_logo-1.png","width":800,"height":800,"caption":"Infocul.pt"},"image":{"@id":"https:\/\/infocul.pt\/arquivo\/#\/schema\/logo\/image\/"},"sameAs":["https:\/\/www.facebook.com\/Infocul-147816815585015\/","https:\/\/x.com\/Infoculpt","http:\/\/www.pictaram.com\/user\/infocul.pt\/2370423710","https:\/\/www.youtube.com\/channel\/UCYEB91AGI9FL9ek2i_IaQAA"]},{"@type":"Person","@id":"https:\/\/infocul.pt\/arquivo\/#\/schema\/person\/060a108d7f2d85fc6aae505119ee5234","name":"Rui Lavrador","image":{"@type":"ImageObject","inLanguage":"pt-PT","@id":"https:\/\/secure.gravatar.com\/avatar\/93febd6873394aa8e975148548a0cb203acfdd42d2c85c5f1408e1a76678aece?s=96&d=mm&r=g","url":"https:\/\/secure.gravatar.com\/avatar\/93febd6873394aa8e975148548a0cb203acfdd42d2c85c5f1408e1a76678aece?s=96&d=mm&r=g","contentUrl":"https:\/\/secure.gravatar.com\/avatar\/93febd6873394aa8e975148548a0cb203acfdd42d2c85c5f1408e1a76678aece?s=96&d=mm&r=g","caption":"Rui Lavrador"},"description":"Iniciou em 2011 o seu percurso em comunica\u00e7\u00e3o social, tendo integrado v\u00e1rios projectos editoriais. Durante o seu percurso integrou projectos como Jornal Hardm\u00fasica, LusoNot\u00edcias, Toureio.pt, ODigital.pt, entre outros \u00d3rg\u00e3os de Comunica\u00e7\u00e3o Social nacionais, na redac\u00e7\u00e3o de v\u00e1rios artigos. Entrevistou a grande maioria das personalidades mais importantes da vida social e cultural do pa\u00eds, destacando-se, tamb\u00e9m, na aprecia\u00e7\u00e3o de v\u00e1rios espect\u00e1culos. Durante o seu percurso, deu a conhecer v\u00e1rios artistas, at\u00e9 ent\u00e3o desconhecidos, ao grande p\u00fablico. Em 2015 criou e fundou o Infocul.pt, projecto no qual assume a direc\u00e7\u00e3o editorial.","sameAs":["http:\/\/www.infocul.pt"]}]}},"_links":{"self":[{"href":"https:\/\/infocul.pt\/arquivo\/wp-json\/wp\/v2\/posts\/25254","targetHints":{"allow":["GET"]}}],"collection":[{"href":"https:\/\/infocul.pt\/arquivo\/wp-json\/wp\/v2\/posts"}],"about":[{"href":"https:\/\/infocul.pt\/arquivo\/wp-json\/wp\/v2\/types\/post"}],"author":[{"embeddable":true,"href":"https:\/\/infocul.pt\/arquivo\/wp-json\/wp\/v2\/users\/2"}],"replies":[{"embeddable":true,"href":"https:\/\/infocul.pt\/arquivo\/wp-json\/wp\/v2\/comments?post=25254"}],"version-history":[{"count":0,"href":"https:\/\/infocul.pt\/arquivo\/wp-json\/wp\/v2\/posts\/25254\/revisions"}],"wp:featuredmedia":[{"embeddable":true,"href":"https:\/\/infocul.pt\/arquivo\/wp-json\/wp\/v2\/media\/20549"}],"wp:attachment":[{"href":"https:\/\/infocul.pt\/arquivo\/wp-json\/wp\/v2\/media?parent=25254"}],"wp:term":[{"taxonomy":"category","embeddable":true,"href":"https:\/\/infocul.pt\/arquivo\/wp-json\/wp\/v2\/categories?post=25254"},{"taxonomy":"post_tag","embeddable":true,"href":"https:\/\/infocul.pt\/arquivo\/wp-json\/wp\/v2\/tags?post=25254"}],"curies":[{"name":"wp","href":"https:\/\/api.w.org\/{rel}","templated":true}]}}