{"id":2526,"date":"2016-02-10T19:53:21","date_gmt":"2016-02-10T19:53:21","guid":{"rendered":"http:\/\/infocul.pt\/?p=2526"},"modified":"2016-02-15T00:02:48","modified_gmt":"2016-02-15T00:02:48","slug":"santana-traz-luminosity-tour-a-portugal","status":"publish","type":"post","link":"https:\/\/infocul.pt\/arquivo\/cultura\/santana-traz-luminosity-tour-a-portugal\/","title":{"rendered":"Santana traz &#8220;Luminosity Tour&#8221; a Portugal"},"content":{"rendered":"<p>\t<img decoding=\"async\" width=\"604\" height=\"396\" class=\"so-widget-image lazyload\" style=\"--smush-placeholder-width: 604px; --smush-placeholder-aspect-ratio: 604\/396;height: auto; display: block; max-width: 100%;\" data-src=\"http:\/\/infocul.pt\/wp-content\/uploads\/2016\/02\/Santana.jpg\" src=\"data:image\/svg+xml;base64,PHN2ZyB3aWR0aD0iMSIgaGVpZ2h0PSIxIiB4bWxucz0iaHR0cDovL3d3dy53My5vcmcvMjAwMC9zdmciPjwvc3ZnPg==\"><\/p>\n<p><span style=\"color: rgb(0, 0, 0); font-family: Calibri;\"><strong>O Multi-instrumentista e compositor Carlos Santana vai actuar em Portugal com dois concertos em nome pr\u00f3prio no pr\u00f3ximo m\u00eas de Julho. O m\u00fasico actua dia 26 de Julho no Pavilh\u00e3o Multiusos de Gondomar e no dia seguinte em Lisboa, no MEO Arena.<\/strong> <\/span><\/p>\n<h3>&nbsp;<\/h3>\n<p><span style=\"color: rgb(0, 0, 0); font-family: Calibri;\">A digress\u00e3o &#8220;Luminosity 2016&#8221; tem o prop\u00f3sito de apresentar o novo longa dura\u00e7\u00e3o que ser\u00e1 editado no pr\u00f3ximo m\u00eas de Abril.<\/span><\/p>\n<p><span style=\"color: rgb(0, 0, 0); font-family: Calibri;\">&nbsp;<\/span><\/p>\n<p><span style=\"color: rgb(0, 0, 0); font-family: Calibri;\">&nbsp;<\/span><\/p>\n<p><span style=\"color: rgb(0, 0, 0); font-family: Calibri;\">O novo disco de est\u00fadio \u201cSantana IV\u201d ser\u00e1 apresentado ao p\u00fablico dia 15 de Abril, no que promete ser um regresso ao lineup dos anos 70, de novo ao lado de Gregg Rolie, Neal Schon, Michael Carabello e Michael Shrieve. A capa do novo \u00e1lbum vai trazer boas mem\u00f3rias aos f\u00e3s, uma vez que se trata de um remake da ic\u00f3nica imagem do disco hom\u00f3nimo de 1969.<\/span><\/p>\n<p><span style=\"color: rgb(0, 0, 0); font-family: Calibri;\">&nbsp;<\/span><\/p>\n<p><span style=\"color: rgb(0, 0, 0); font-family: Calibri;\">&nbsp;<\/span><\/p>\n<p><span style=\"color: rgb(0, 0, 0); font-family: Calibri;\">Santana conquistou uma grande projec\u00e7\u00e3o mundial em 1969 ap\u00f3s a actua\u00e7\u00e3o no festival Woodstock. Hoje conta com uma longa lista de pr\u00e9mios, entre os quais 10 Grammy Awards, tr\u00eas Latin Grammy Awards e um Billboard Century Award (1996). Ap\u00f3s 40 anos de carreira o m\u00fasico conta com uma vasta lista de \u00e1lbuns editados, tendo vendido mais de 100 milh\u00f5es de discos e atuado para mais de 100 milh\u00f5es de f\u00e3s em todo o mundo.<\/span><\/p>\n<p><span style=\"color: rgb(0, 0, 0); font-family: Calibri;\">&nbsp;<\/span><\/p>\n<p><span style=\"color: rgb(0, 0, 0); font-family: Calibri;\">&nbsp;<\/span><\/p>\n<p><span style=\"color: rgb(0, 0, 0); font-family: Calibri;\">Os membros do clube de f\u00e3s do m\u00fasico ter\u00e3o a oportunidade de comprar bilhete durante a pr\u00e9-venda que se realiza nos dias 11 e 12 de Fevereiro no site oficial do artista. J\u00e1 a venda geral ao p\u00fablico arranca dia 13 de Fevereiro, nos locais habituais. O artista ir\u00e1 doar 1 euro de cada bilhete vendido \u00e0 Milagro Foundation.<\/span><\/p>\n<p>&nbsp;<\/p>\n","protected":false},"excerpt":{"rendered":"<p>O Multi-instrumentista e compositor Carlos Santana vai actuar em Portugal com dois concertos em nome pr\u00f3prio no pr\u00f3ximo m\u00eas de Julho. O m\u00fasico actua dia 26 de Julho no Pavilh\u00e3o Multiusos de Gondomar e no dia seguinte em Lisboa, no MEO Arena. &nbsp; A digress\u00e3o &#8220;Luminosity 2016&#8221; tem o prop\u00f3sito de apresentar o novo longa [&hellip;]<\/p>\n","protected":false},"author":2,"featured_media":2527,"comment_status":"open","ping_status":"closed","sticky":false,"template":"","format":"standard","meta":{"footnotes":""},"categories":[3,2],"tags":[546,328,547],"class_list":["post-2526","post","type-post","status-publish","format-standard","has-post-thumbnail","hentry","category-concertos","category-cultura","tag-carlos-santana","tag-meo-arena","tag-multiusos-de-gondomar"],"yoast_head":"<!-- This site is optimized with the Yoast SEO plugin v27.5 - https:\/\/yoast.com\/product\/yoast-seo-wordpress\/ -->\n<title>Santana traz &quot;Luminosity Tour&quot; a Portugal | Infocul.pt - Arquivo Digital<\/title>\n<meta name=\"description\" content=\"Santana traz &quot;Luminosity Tour&quot; a Portugal | Infocul.pt - Arquivo Digital\" \/>\n<meta name=\"robots\" content=\"noindex, follow, max-snippet:-1, max-image-preview:large, max-video-preview:-1\" \/>\n<meta property=\"og:locale\" content=\"pt_PT\" \/>\n<meta property=\"og:type\" content=\"article\" \/>\n<meta property=\"og:title\" content=\"Santana traz &quot;Luminosity Tour&quot; a Portugal | Infocul.pt - Arquivo Digital\" \/>\n<meta property=\"og:description\" content=\"Santana traz &quot;Luminosity Tour&quot; a Portugal | Infocul.pt - Arquivo Digital\" \/>\n<meta property=\"og:url\" content=\"https:\/\/infocul.pt\/arquivo\/cultura\/santana-traz-luminosity-tour-a-portugal\/\" \/>\n<meta property=\"og:site_name\" content=\"Infocul.pt - Arquivo Digital\" \/>\n<meta property=\"article:publisher\" content=\"https:\/\/www.facebook.com\/Infocul-147816815585015\/\" \/>\n<meta property=\"article:published_time\" content=\"2016-02-10T19:53:21+00:00\" \/>\n<meta property=\"article:modified_time\" content=\"2016-02-15T00:02:48+00:00\" \/>\n<meta property=\"og:image\" content=\"https:\/\/infocul.pt\/arquivo\/wp-content\/uploads\/2016\/02\/Santana.jpg\" \/>\n\t<meta property=\"og:image:width\" content=\"604\" \/>\n\t<meta property=\"og:image:height\" content=\"396\" \/>\n\t<meta property=\"og:image:type\" content=\"image\/jpeg\" \/>\n<meta name=\"author\" content=\"Rui Lavrador\" \/>\n<meta name=\"twitter:card\" content=\"summary_large_image\" \/>\n<meta name=\"twitter:creator\" content=\"@Infoculpt\" \/>\n<meta name=\"twitter:site\" content=\"@Infoculpt\" \/>\n<meta name=\"twitter:label1\" content=\"Escrito por\" \/>\n\t<meta name=\"twitter:data1\" content=\"Rui Lavrador\" \/>\n\t<meta name=\"twitter:label2\" content=\"Tempo estimado de leitura\" \/>\n\t<meta name=\"twitter:data2\" content=\"1 minuto\" \/>\n<script type=\"application\/ld+json\" class=\"yoast-schema-graph\">{\"@context\":\"https:\\\/\\\/schema.org\",\"@graph\":[{\"@type\":\"Article\",\"@id\":\"https:\\\/\\\/infocul.pt\\\/arquivo\\\/cultura\\\/santana-traz-luminosity-tour-a-portugal\\\/#article\",\"isPartOf\":{\"@id\":\"https:\\\/\\\/infocul.pt\\\/arquivo\\\/cultura\\\/santana-traz-luminosity-tour-a-portugal\\\/\"},\"author\":{\"name\":\"Rui Lavrador\",\"@id\":\"https:\\\/\\\/infocul.pt\\\/arquivo\\\/#\\\/schema\\\/person\\\/060a108d7f2d85fc6aae505119ee5234\"},\"headline\":\"Santana traz &#8220;Luminosity Tour&#8221; a Portugal\",\"datePublished\":\"2016-02-10T19:53:21+00:00\",\"dateModified\":\"2016-02-15T00:02:48+00:00\",\"mainEntityOfPage\":{\"@id\":\"https:\\\/\\\/infocul.pt\\\/arquivo\\\/cultura\\\/santana-traz-luminosity-tour-a-portugal\\\/\"},\"wordCount\":292,\"commentCount\":0,\"publisher\":{\"@id\":\"https:\\\/\\\/infocul.pt\\\/arquivo\\\/#organization\"},\"image\":{\"@id\":\"https:\\\/\\\/infocul.pt\\\/arquivo\\\/cultura\\\/santana-traz-luminosity-tour-a-portugal\\\/#primaryimage\"},\"thumbnailUrl\":\"https:\\\/\\\/infocul.pt\\\/arquivo\\\/wp-content\\\/uploads\\\/2016\\\/02\\\/Santana.jpg\",\"keywords\":[\"Carlos Santana\",\"Meo Arena\",\"Multiusos de Gondomar\"],\"articleSection\":[\"Concertos\",\"Cultura\"],\"inLanguage\":\"pt-PT\"},{\"@type\":\"WebPage\",\"@id\":\"https:\\\/\\\/infocul.pt\\\/arquivo\\\/cultura\\\/santana-traz-luminosity-tour-a-portugal\\\/\",\"url\":\"https:\\\/\\\/infocul.pt\\\/arquivo\\\/cultura\\\/santana-traz-luminosity-tour-a-portugal\\\/\",\"name\":\"Santana traz \\\"Luminosity Tour\\\" a Portugal | Infocul.pt - Arquivo Digital\",\"isPartOf\":{\"@id\":\"https:\\\/\\\/infocul.pt\\\/arquivo\\\/#website\"},\"primaryImageOfPage\":{\"@id\":\"https:\\\/\\\/infocul.pt\\\/arquivo\\\/cultura\\\/santana-traz-luminosity-tour-a-portugal\\\/#primaryimage\"},\"image\":{\"@id\":\"https:\\\/\\\/infocul.pt\\\/arquivo\\\/cultura\\\/santana-traz-luminosity-tour-a-portugal\\\/#primaryimage\"},\"thumbnailUrl\":\"https:\\\/\\\/infocul.pt\\\/arquivo\\\/wp-content\\\/uploads\\\/2016\\\/02\\\/Santana.jpg\",\"datePublished\":\"2016-02-10T19:53:21+00:00\",\"dateModified\":\"2016-02-15T00:02:48+00:00\",\"description\":\"Santana traz \\\"Luminosity Tour\\\" a Portugal | Infocul.pt - Arquivo Digital\",\"breadcrumb\":{\"@id\":\"https:\\\/\\\/infocul.pt\\\/arquivo\\\/cultura\\\/santana-traz-luminosity-tour-a-portugal\\\/#breadcrumb\"},\"inLanguage\":\"pt-PT\",\"potentialAction\":[{\"@type\":\"ReadAction\",\"target\":[\"https:\\\/\\\/infocul.pt\\\/arquivo\\\/cultura\\\/santana-traz-luminosity-tour-a-portugal\\\/\"]}]},{\"@type\":\"ImageObject\",\"inLanguage\":\"pt-PT\",\"@id\":\"https:\\\/\\\/infocul.pt\\\/arquivo\\\/cultura\\\/santana-traz-luminosity-tour-a-portugal\\\/#primaryimage\",\"url\":\"https:\\\/\\\/infocul.pt\\\/arquivo\\\/wp-content\\\/uploads\\\/2016\\\/02\\\/Santana.jpg\",\"contentUrl\":\"https:\\\/\\\/infocul.pt\\\/arquivo\\\/wp-content\\\/uploads\\\/2016\\\/02\\\/Santana.jpg\",\"width\":604,\"height\":396},{\"@type\":\"BreadcrumbList\",\"@id\":\"https:\\\/\\\/infocul.pt\\\/arquivo\\\/cultura\\\/santana-traz-luminosity-tour-a-portugal\\\/#breadcrumb\",\"itemListElement\":[{\"@type\":\"ListItem\",\"position\":1,\"name\":\"Home\",\"item\":\"https:\\\/\\\/infocul.pt\\\/arquivo\\\/\"},{\"@type\":\"ListItem\",\"position\":2,\"name\":\"Santana traz &#8220;Luminosity Tour&#8221; a Portugal\"}]},{\"@type\":\"WebSite\",\"@id\":\"https:\\\/\\\/infocul.pt\\\/arquivo\\\/#website\",\"url\":\"https:\\\/\\\/infocul.pt\\\/arquivo\\\/\",\"name\":\"Infocul.pt - Arquivo Digital\",\"description\":\"Arquivo digital da Infocul.pt\",\"publisher\":{\"@id\":\"https:\\\/\\\/infocul.pt\\\/arquivo\\\/#organization\"},\"potentialAction\":[{\"@type\":\"SearchAction\",\"target\":{\"@type\":\"EntryPoint\",\"urlTemplate\":\"https:\\\/\\\/infocul.pt\\\/arquivo\\\/?s={search_term_string}\"},\"query-input\":{\"@type\":\"PropertyValueSpecification\",\"valueRequired\":true,\"valueName\":\"search_term_string\"}}],\"inLanguage\":\"pt-PT\"},{\"@type\":\"Organization\",\"@id\":\"https:\\\/\\\/infocul.pt\\\/arquivo\\\/#organization\",\"name\":\"Infocul.pt\",\"url\":\"https:\\\/\\\/infocul.pt\\\/arquivo\\\/\",\"logo\":{\"@type\":\"ImageObject\",\"inLanguage\":\"pt-PT\",\"@id\":\"https:\\\/\\\/infocul.pt\\\/arquivo\\\/#\\\/schema\\\/logo\\\/image\\\/\",\"url\":\"https:\\\/\\\/infocul.pt\\\/arquivo\\\/wp-content\\\/uploads\\\/2018\\\/12\\\/Infocul_logo-1.png\",\"contentUrl\":\"https:\\\/\\\/infocul.pt\\\/arquivo\\\/wp-content\\\/uploads\\\/2018\\\/12\\\/Infocul_logo-1.png\",\"width\":800,\"height\":800,\"caption\":\"Infocul.pt\"},\"image\":{\"@id\":\"https:\\\/\\\/infocul.pt\\\/arquivo\\\/#\\\/schema\\\/logo\\\/image\\\/\"},\"sameAs\":[\"https:\\\/\\\/www.facebook.com\\\/Infocul-147816815585015\\\/\",\"https:\\\/\\\/x.com\\\/Infoculpt\",\"http:\\\/\\\/www.pictaram.com\\\/user\\\/infocul.pt\\\/2370423710\",\"https:\\\/\\\/www.youtube.com\\\/channel\\\/UCYEB91AGI9FL9ek2i_IaQAA\"]},{\"@type\":\"Person\",\"@id\":\"https:\\\/\\\/infocul.pt\\\/arquivo\\\/#\\\/schema\\\/person\\\/060a108d7f2d85fc6aae505119ee5234\",\"name\":\"Rui Lavrador\",\"image\":{\"@type\":\"ImageObject\",\"inLanguage\":\"pt-PT\",\"@id\":\"https:\\\/\\\/secure.gravatar.com\\\/avatar\\\/93febd6873394aa8e975148548a0cb203acfdd42d2c85c5f1408e1a76678aece?s=96&d=mm&r=g\",\"url\":\"https:\\\/\\\/secure.gravatar.com\\\/avatar\\\/93febd6873394aa8e975148548a0cb203acfdd42d2c85c5f1408e1a76678aece?s=96&d=mm&r=g\",\"contentUrl\":\"https:\\\/\\\/secure.gravatar.com\\\/avatar\\\/93febd6873394aa8e975148548a0cb203acfdd42d2c85c5f1408e1a76678aece?s=96&d=mm&r=g\",\"caption\":\"Rui Lavrador\"},\"description\":\"Iniciou em 2011 o seu percurso em comunica\u00e7\u00e3o social, tendo integrado v\u00e1rios projectos editoriais. Durante o seu percurso integrou projectos como Jornal Hardm\u00fasica, LusoNot\u00edcias, Toureio.pt, ODigital.pt, entre outros \u00d3rg\u00e3os de Comunica\u00e7\u00e3o Social nacionais, na redac\u00e7\u00e3o de v\u00e1rios artigos. Entrevistou a grande maioria das personalidades mais importantes da vida social e cultural do pa\u00eds, destacando-se, tamb\u00e9m, na aprecia\u00e7\u00e3o de v\u00e1rios espect\u00e1culos. Durante o seu percurso, deu a conhecer v\u00e1rios artistas, at\u00e9 ent\u00e3o desconhecidos, ao grande p\u00fablico. Em 2015 criou e fundou o Infocul.pt, projecto no qual assume a direc\u00e7\u00e3o editorial.\",\"sameAs\":[\"http:\\\/\\\/www.infocul.pt\"]}]}<\/script>\n<!-- \/ Yoast SEO plugin. -->","yoast_head_json":{"title":"Santana traz \"Luminosity Tour\" a Portugal | Infocul.pt - Arquivo Digital","description":"Santana traz \"Luminosity Tour\" a Portugal | Infocul.pt - Arquivo Digital","robots":{"index":"noindex","follow":"follow","max-snippet":"max-snippet:-1","max-image-preview":"max-image-preview:large","max-video-preview":"max-video-preview:-1"},"og_locale":"pt_PT","og_type":"article","og_title":"Santana traz \"Luminosity Tour\" a Portugal | Infocul.pt - Arquivo Digital","og_description":"Santana traz \"Luminosity Tour\" a Portugal | Infocul.pt - Arquivo Digital","og_url":"https:\/\/infocul.pt\/arquivo\/cultura\/santana-traz-luminosity-tour-a-portugal\/","og_site_name":"Infocul.pt - Arquivo Digital","article_publisher":"https:\/\/www.facebook.com\/Infocul-147816815585015\/","article_published_time":"2016-02-10T19:53:21+00:00","article_modified_time":"2016-02-15T00:02:48+00:00","og_image":[{"width":604,"height":396,"url":"https:\/\/infocul.pt\/arquivo\/wp-content\/uploads\/2016\/02\/Santana.jpg","type":"image\/jpeg"}],"author":"Rui Lavrador","twitter_card":"summary_large_image","twitter_creator":"@Infoculpt","twitter_site":"@Infoculpt","twitter_misc":{"Escrito por":"Rui Lavrador","Tempo estimado de leitura":"1 minuto"},"schema":{"@context":"https:\/\/schema.org","@graph":[{"@type":"Article","@id":"https:\/\/infocul.pt\/arquivo\/cultura\/santana-traz-luminosity-tour-a-portugal\/#article","isPartOf":{"@id":"https:\/\/infocul.pt\/arquivo\/cultura\/santana-traz-luminosity-tour-a-portugal\/"},"author":{"name":"Rui Lavrador","@id":"https:\/\/infocul.pt\/arquivo\/#\/schema\/person\/060a108d7f2d85fc6aae505119ee5234"},"headline":"Santana traz &#8220;Luminosity Tour&#8221; a Portugal","datePublished":"2016-02-10T19:53:21+00:00","dateModified":"2016-02-15T00:02:48+00:00","mainEntityOfPage":{"@id":"https:\/\/infocul.pt\/arquivo\/cultura\/santana-traz-luminosity-tour-a-portugal\/"},"wordCount":292,"commentCount":0,"publisher":{"@id":"https:\/\/infocul.pt\/arquivo\/#organization"},"image":{"@id":"https:\/\/infocul.pt\/arquivo\/cultura\/santana-traz-luminosity-tour-a-portugal\/#primaryimage"},"thumbnailUrl":"https:\/\/infocul.pt\/arquivo\/wp-content\/uploads\/2016\/02\/Santana.jpg","keywords":["Carlos Santana","Meo Arena","Multiusos de Gondomar"],"articleSection":["Concertos","Cultura"],"inLanguage":"pt-PT"},{"@type":"WebPage","@id":"https:\/\/infocul.pt\/arquivo\/cultura\/santana-traz-luminosity-tour-a-portugal\/","url":"https:\/\/infocul.pt\/arquivo\/cultura\/santana-traz-luminosity-tour-a-portugal\/","name":"Santana traz \"Luminosity Tour\" a Portugal | Infocul.pt - Arquivo Digital","isPartOf":{"@id":"https:\/\/infocul.pt\/arquivo\/#website"},"primaryImageOfPage":{"@id":"https:\/\/infocul.pt\/arquivo\/cultura\/santana-traz-luminosity-tour-a-portugal\/#primaryimage"},"image":{"@id":"https:\/\/infocul.pt\/arquivo\/cultura\/santana-traz-luminosity-tour-a-portugal\/#primaryimage"},"thumbnailUrl":"https:\/\/infocul.pt\/arquivo\/wp-content\/uploads\/2016\/02\/Santana.jpg","datePublished":"2016-02-10T19:53:21+00:00","dateModified":"2016-02-15T00:02:48+00:00","description":"Santana traz \"Luminosity Tour\" a Portugal | Infocul.pt - Arquivo Digital","breadcrumb":{"@id":"https:\/\/infocul.pt\/arquivo\/cultura\/santana-traz-luminosity-tour-a-portugal\/#breadcrumb"},"inLanguage":"pt-PT","potentialAction":[{"@type":"ReadAction","target":["https:\/\/infocul.pt\/arquivo\/cultura\/santana-traz-luminosity-tour-a-portugal\/"]}]},{"@type":"ImageObject","inLanguage":"pt-PT","@id":"https:\/\/infocul.pt\/arquivo\/cultura\/santana-traz-luminosity-tour-a-portugal\/#primaryimage","url":"https:\/\/infocul.pt\/arquivo\/wp-content\/uploads\/2016\/02\/Santana.jpg","contentUrl":"https:\/\/infocul.pt\/arquivo\/wp-content\/uploads\/2016\/02\/Santana.jpg","width":604,"height":396},{"@type":"BreadcrumbList","@id":"https:\/\/infocul.pt\/arquivo\/cultura\/santana-traz-luminosity-tour-a-portugal\/#breadcrumb","itemListElement":[{"@type":"ListItem","position":1,"name":"Home","item":"https:\/\/infocul.pt\/arquivo\/"},{"@type":"ListItem","position":2,"name":"Santana traz &#8220;Luminosity Tour&#8221; a Portugal"}]},{"@type":"WebSite","@id":"https:\/\/infocul.pt\/arquivo\/#website","url":"https:\/\/infocul.pt\/arquivo\/","name":"Infocul.pt - Arquivo Digital","description":"Arquivo digital da Infocul.pt","publisher":{"@id":"https:\/\/infocul.pt\/arquivo\/#organization"},"potentialAction":[{"@type":"SearchAction","target":{"@type":"EntryPoint","urlTemplate":"https:\/\/infocul.pt\/arquivo\/?s={search_term_string}"},"query-input":{"@type":"PropertyValueSpecification","valueRequired":true,"valueName":"search_term_string"}}],"inLanguage":"pt-PT"},{"@type":"Organization","@id":"https:\/\/infocul.pt\/arquivo\/#organization","name":"Infocul.pt","url":"https:\/\/infocul.pt\/arquivo\/","logo":{"@type":"ImageObject","inLanguage":"pt-PT","@id":"https:\/\/infocul.pt\/arquivo\/#\/schema\/logo\/image\/","url":"https:\/\/infocul.pt\/arquivo\/wp-content\/uploads\/2018\/12\/Infocul_logo-1.png","contentUrl":"https:\/\/infocul.pt\/arquivo\/wp-content\/uploads\/2018\/12\/Infocul_logo-1.png","width":800,"height":800,"caption":"Infocul.pt"},"image":{"@id":"https:\/\/infocul.pt\/arquivo\/#\/schema\/logo\/image\/"},"sameAs":["https:\/\/www.facebook.com\/Infocul-147816815585015\/","https:\/\/x.com\/Infoculpt","http:\/\/www.pictaram.com\/user\/infocul.pt\/2370423710","https:\/\/www.youtube.com\/channel\/UCYEB91AGI9FL9ek2i_IaQAA"]},{"@type":"Person","@id":"https:\/\/infocul.pt\/arquivo\/#\/schema\/person\/060a108d7f2d85fc6aae505119ee5234","name":"Rui Lavrador","image":{"@type":"ImageObject","inLanguage":"pt-PT","@id":"https:\/\/secure.gravatar.com\/avatar\/93febd6873394aa8e975148548a0cb203acfdd42d2c85c5f1408e1a76678aece?s=96&d=mm&r=g","url":"https:\/\/secure.gravatar.com\/avatar\/93febd6873394aa8e975148548a0cb203acfdd42d2c85c5f1408e1a76678aece?s=96&d=mm&r=g","contentUrl":"https:\/\/secure.gravatar.com\/avatar\/93febd6873394aa8e975148548a0cb203acfdd42d2c85c5f1408e1a76678aece?s=96&d=mm&r=g","caption":"Rui Lavrador"},"description":"Iniciou em 2011 o seu percurso em comunica\u00e7\u00e3o social, tendo integrado v\u00e1rios projectos editoriais. Durante o seu percurso integrou projectos como Jornal Hardm\u00fasica, LusoNot\u00edcias, Toureio.pt, ODigital.pt, entre outros \u00d3rg\u00e3os de Comunica\u00e7\u00e3o Social nacionais, na redac\u00e7\u00e3o de v\u00e1rios artigos. Entrevistou a grande maioria das personalidades mais importantes da vida social e cultural do pa\u00eds, destacando-se, tamb\u00e9m, na aprecia\u00e7\u00e3o de v\u00e1rios espect\u00e1culos. Durante o seu percurso, deu a conhecer v\u00e1rios artistas, at\u00e9 ent\u00e3o desconhecidos, ao grande p\u00fablico. Em 2015 criou e fundou o Infocul.pt, projecto no qual assume a direc\u00e7\u00e3o editorial.","sameAs":["http:\/\/www.infocul.pt"]}]}},"_links":{"self":[{"href":"https:\/\/infocul.pt\/arquivo\/wp-json\/wp\/v2\/posts\/2526","targetHints":{"allow":["GET"]}}],"collection":[{"href":"https:\/\/infocul.pt\/arquivo\/wp-json\/wp\/v2\/posts"}],"about":[{"href":"https:\/\/infocul.pt\/arquivo\/wp-json\/wp\/v2\/types\/post"}],"author":[{"embeddable":true,"href":"https:\/\/infocul.pt\/arquivo\/wp-json\/wp\/v2\/users\/2"}],"replies":[{"embeddable":true,"href":"https:\/\/infocul.pt\/arquivo\/wp-json\/wp\/v2\/comments?post=2526"}],"version-history":[{"count":0,"href":"https:\/\/infocul.pt\/arquivo\/wp-json\/wp\/v2\/posts\/2526\/revisions"}],"wp:featuredmedia":[{"embeddable":true,"href":"https:\/\/infocul.pt\/arquivo\/wp-json\/wp\/v2\/media\/2527"}],"wp:attachment":[{"href":"https:\/\/infocul.pt\/arquivo\/wp-json\/wp\/v2\/media?parent=2526"}],"wp:term":[{"taxonomy":"category","embeddable":true,"href":"https:\/\/infocul.pt\/arquivo\/wp-json\/wp\/v2\/categories?post=2526"},{"taxonomy":"post_tag","embeddable":true,"href":"https:\/\/infocul.pt\/arquivo\/wp-json\/wp\/v2\/tags?post=2526"}],"curies":[{"name":"wp","href":"https:\/\/api.w.org\/{rel}","templated":true}]}}