{"id":25263,"date":"2017-06-06T19:47:36","date_gmt":"2017-06-06T19:47:36","guid":{"rendered":"http:\/\/infocul.pt\/?p=25263"},"modified":"2017-06-07T11:25:43","modified_gmt":"2017-06-07T11:25:43","slug":"luis-fonsi-actua-no-campo-pequeno-e-multiusos-de-gondomar","status":"publish","type":"post","link":"https:\/\/infocul.pt\/arquivo\/cultura\/luis-fonsi-actua-no-campo-pequeno-e-multiusos-de-gondomar\/","title":{"rendered":"Luis Fonsi actua no Campo Pequeno e Multiusos de Gondomar"},"content":{"rendered":"<p><img decoding=\"async\" class=\"aligncenter wp-image-18239 size-full lazyload\" data-src=\"http:\/\/infocul.pt\/wp-content\/uploads\/2017\/01\/Luis-Fonsi.jpg\" alt=\"Luis Fonsi\" width=\"642\" height=\"238\" data-srcset=\"https:\/\/infocul.pt\/arquivo\/wp-content\/uploads\/2017\/01\/Luis-Fonsi.jpg 642w, https:\/\/infocul.pt\/arquivo\/wp-content\/uploads\/2017\/01\/Luis-Fonsi-300x111.jpg 300w\" data-sizes=\"(max-width: 642px) 100vw, 642px\" src=\"data:image\/svg+xml;base64,PHN2ZyB3aWR0aD0iMSIgaGVpZ2h0PSIxIiB4bWxucz0iaHR0cDovL3d3dy53My5vcmcvMjAwMC9zdmciPjwvc3ZnPg==\" style=\"--smush-placeholder-width: 642px; --smush-placeholder-aspect-ratio: 642\/238;\" \/><\/p>\n<p>&nbsp;<\/p>\n<p><span style=\"color: #000000; font-family: Calibri;\">Luis Fonsi sobe ao palco do Campo Pequeno (Lisboa) no dia 18 e um dia depois segue para o Pavilh\u00e3o Multiusos de Gondomar.<\/span><!--more--><\/p>\n<p><span style=\"color: #000000; font-family: Calibri;\">\u00a0<\/span><\/p>\n<p><span style=\"color: #000000; font-family: Calibri;\">\u00a0<\/span><\/p>\n<p><span style=\"color: #000000; font-family: Calibri;\">&#8220;Despacito&#8221; \u00e9 o verdadeiro hino de 2017. A can\u00e7\u00e3o de Luis Fonsi e Daddy Yankee est\u00e1 nas bocas do mundo e j\u00e1 originou, inclusivamente, parcerias muito bem-sucedidas com a superestrela pop Justin Bieber. H\u00e1 muito que se aguarda com grande expectativa a estreia em palcos nacionais de Luis Fonsi, que acontecer\u00e1 finalmente j\u00e1 no m\u00eas de julho.<\/span><\/p>\n<p><span style=\"color: #000000; font-family: Calibri;\">\u00a0<\/span><\/p>\n<p><span style=\"color: #000000; font-family: Calibri;\">\u00a0<\/span><\/p>\n<p><span style=\"color: #000000; font-family: Calibri;\">O m\u00fasico vai apresentar &#8220;Despacito&#8221; e outros grandes \u00eaxitos no dia 18 de julho no Campo Pequeno, em Lisboa, e um dia depois no Pavilh\u00e3o Multiusos de Gondomar.<\/span><\/p>\n<p><span style=\"color: #000000; font-family: Calibri;\">\u00a0<\/span><\/p>\n<p><span style=\"color: #000000; font-family: Calibri;\">\u00a0<\/span><\/p>\n<p><span style=\"color: #000000; font-family: Calibri;\">&#8220;Despacito&#8221; \u00e9 um fen\u00f3meno global impar\u00e1vel. O v\u00eddeo deste tema, realizado por Carlos Perez\/Elastic People soma mais de 1,7 mil milh\u00f5es de visualiza\u00e7\u00f5es, sendo ainda o v\u00eddeo que, na hist\u00f3ria do YouTube, mais rapidamente ultrapassou a marca das 1,5 mil milh\u00f5es de visualiza\u00e7\u00f5es. J\u00e1 a vers\u00e3o de &#8220;Despacito&#8221; que junta Luis Fonsi e Daddy Yankee a Justin Bieber j\u00e1 conta com 250 milh\u00f5es de visualiza\u00e7\u00f5es no YouTube.<\/span><\/p>\n<p><iframe title=\"Luis Fonsi - Despacito ft. Daddy Yankee\" width=\"500\" height=\"281\" data-src=\"https:\/\/www.youtube.com\/embed\/kJQP7kiw5Fk?feature=oembed\" frameborder=\"0\" allow=\"accelerometer; autoplay; clipboard-write; encrypted-media; gyroscope; picture-in-picture; web-share\" referrerpolicy=\"strict-origin-when-cross-origin\" allowfullscreen src=\"data:image\/svg+xml;base64,PHN2ZyB3aWR0aD0iMSIgaGVpZ2h0PSIxIiB4bWxucz0iaHR0cDovL3d3dy53My5vcmcvMjAwMC9zdmciPjwvc3ZnPg==\" class=\"lazyload\" data-load-mode=\"1\"><\/iframe><\/p>\n<p><span style=\"color: #000000; font-family: Calibri;\">\u00a0<\/span><\/p>\n<p><span style=\"color: #000000; font-family: Calibri;\">No Spotify o single acumula cerca entre 10,5 e 11 milh\u00f5es de streams di\u00e1rios, sendo que a vers\u00e3o com\u00a0Justin Bieber\u00a0encontra-se h\u00e1 um m\u00eas em 1.\u00ba lugar no top Spotify Global. O single atingiu ainda o 1.\u00ba lugar do top de vendas do iTunes em 16 pa\u00edses.<\/span><\/p>\n<p><span style=\"color: #000000; font-family: Calibri;\">\u00a0<\/span><\/p>\n<p><span style=\"color: #000000; font-family: Calibri;\">\u00a0<\/span><\/p>\n<p><span style=\"color: #000000; font-family: Calibri;\">Fonsi afirmou sentir-se &#8220;profundamente grato pela grande aceita\u00e7\u00e3o que tem tido este tema e feliz por poder partilhar este grande \u00eaxito com o meu colega e amigo Daddy Yankee. &#8216;Despacito&#8217; \u00e9 uma homenagem \u00e0 minha terra, Porto Rico, ao seu ritmo e sabor, e enche-me de orgulho saber que estamos a contagiar tantas pessoas em todo o mundo com a nossa m\u00fasica e alegria.&#8221;\u00a0<\/span><\/p>\n<p><span style=\"color: #000000; font-family: Calibri;\">\u00a0<\/span><\/p>\n<p><span style=\"color: #000000; font-family: Calibri;\">\u00a0<\/span><\/p>\n<p><span style=\"color: #000000; font-family: Calibri;\">&#8220;Despacito&#8221; foi composto por\u00a0Fonsi\u00a0e Daddy Yankee em colabora\u00e7\u00e3o com a compositora Erika Ender, tendo sido produzido por Andr\u00e9s Torres e Mauricio Renginfo.<\/span><\/p>\n<p><span style=\"color: #000000; font-family: Calibri;\">\u00a0<\/span><\/p>\n<p><span style=\"color: #000000; font-family: Calibri;\">\u00a0<\/span><\/p>\n<p><span style=\"color: #000000; font-family: Calibri;\">Este e muitos outros sucessos de\u00a0Luis Fonsi\u00a0v\u00e3o abrilhantar a muito aguardada estreia do m\u00fasico em Portugal:\u00a018 de julho no Campo Pequeno\u00a0e\u00a019 de julho no Pavilh\u00e3o Multiusos de Gondomar. <\/span><\/p>\n","protected":false},"excerpt":{"rendered":"<p>&nbsp; Luis Fonsi sobe ao palco do Campo Pequeno (Lisboa) no dia 18 e um dia depois segue para o Pavilh\u00e3o Multiusos de Gondomar.<\/p>\n","protected":false},"author":2,"featured_media":18239,"comment_status":"open","ping_status":"closed","sticky":false,"template":"","format":"standard","meta":{"footnotes":""},"categories":[3,2],"tags":[244,2890,547],"class_list":["post-25263","post","type-post","status-publish","format-standard","has-post-thumbnail","hentry","category-concertos","category-cultura","tag-campo-pequeno","tag-luis-fonsi","tag-multiusos-de-gondomar"],"yoast_head":"<!-- This site is optimized with the Yoast SEO plugin v27.5 - https:\/\/yoast.com\/product\/yoast-seo-wordpress\/ -->\n<title>Luis Fonsi actua no Campo Pequeno e Multiusos de Gondomar | Infocul.pt - Arquivo Digital<\/title>\n<meta name=\"description\" content=\"Luis Fonsi actua no Campo Pequeno e Multiusos de Gondomar | Infocul.pt - Arquivo Digital\" \/>\n<meta name=\"robots\" content=\"noindex, follow, max-snippet:-1, max-image-preview:large, max-video-preview:-1\" \/>\n<meta property=\"og:locale\" content=\"pt_PT\" \/>\n<meta property=\"og:type\" content=\"article\" \/>\n<meta property=\"og:title\" content=\"Luis Fonsi actua no Campo Pequeno e Multiusos de Gondomar | Infocul.pt - Arquivo Digital\" \/>\n<meta property=\"og:description\" content=\"Luis Fonsi actua no Campo Pequeno e Multiusos de Gondomar | Infocul.pt - Arquivo Digital\" \/>\n<meta property=\"og:url\" content=\"https:\/\/infocul.pt\/arquivo\/cultura\/luis-fonsi-actua-no-campo-pequeno-e-multiusos-de-gondomar\/\" \/>\n<meta property=\"og:site_name\" content=\"Infocul.pt - Arquivo Digital\" \/>\n<meta property=\"article:publisher\" content=\"https:\/\/www.facebook.com\/Infocul-147816815585015\/\" \/>\n<meta property=\"article:published_time\" content=\"2017-06-06T19:47:36+00:00\" \/>\n<meta property=\"article:modified_time\" content=\"2017-06-07T11:25:43+00:00\" \/>\n<meta property=\"og:image\" content=\"https:\/\/infocul.pt\/arquivo\/wp-content\/uploads\/2017\/01\/Luis-Fonsi.jpg\" \/>\n\t<meta property=\"og:image:width\" content=\"642\" \/>\n\t<meta property=\"og:image:height\" content=\"238\" \/>\n\t<meta property=\"og:image:type\" content=\"image\/jpeg\" \/>\n<meta name=\"author\" content=\"Rui Lavrador\" \/>\n<meta name=\"twitter:card\" content=\"summary_large_image\" \/>\n<meta name=\"twitter:creator\" content=\"@Infoculpt\" \/>\n<meta name=\"twitter:site\" content=\"@Infoculpt\" \/>\n<meta name=\"twitter:label1\" content=\"Escrito por\" \/>\n\t<meta name=\"twitter:data1\" content=\"Rui Lavrador\" \/>\n\t<meta name=\"twitter:label2\" content=\"Tempo estimado de leitura\" \/>\n\t<meta name=\"twitter:data2\" content=\"2 minutos\" \/>\n<script type=\"application\/ld+json\" class=\"yoast-schema-graph\">{\"@context\":\"https:\\\/\\\/schema.org\",\"@graph\":[{\"@type\":\"Article\",\"@id\":\"https:\\\/\\\/infocul.pt\\\/arquivo\\\/cultura\\\/luis-fonsi-actua-no-campo-pequeno-e-multiusos-de-gondomar\\\/#article\",\"isPartOf\":{\"@id\":\"https:\\\/\\\/infocul.pt\\\/arquivo\\\/cultura\\\/luis-fonsi-actua-no-campo-pequeno-e-multiusos-de-gondomar\\\/\"},\"author\":{\"name\":\"Rui Lavrador\",\"@id\":\"https:\\\/\\\/infocul.pt\\\/arquivo\\\/#\\\/schema\\\/person\\\/060a108d7f2d85fc6aae505119ee5234\"},\"headline\":\"Luis Fonsi actua no Campo Pequeno e Multiusos de Gondomar\",\"datePublished\":\"2017-06-06T19:47:36+00:00\",\"dateModified\":\"2017-06-07T11:25:43+00:00\",\"mainEntityOfPage\":{\"@id\":\"https:\\\/\\\/infocul.pt\\\/arquivo\\\/cultura\\\/luis-fonsi-actua-no-campo-pequeno-e-multiusos-de-gondomar\\\/\"},\"wordCount\":377,\"commentCount\":0,\"publisher\":{\"@id\":\"https:\\\/\\\/infocul.pt\\\/arquivo\\\/#organization\"},\"image\":{\"@id\":\"https:\\\/\\\/infocul.pt\\\/arquivo\\\/cultura\\\/luis-fonsi-actua-no-campo-pequeno-e-multiusos-de-gondomar\\\/#primaryimage\"},\"thumbnailUrl\":\"https:\\\/\\\/infocul.pt\\\/arquivo\\\/wp-content\\\/uploads\\\/2017\\\/01\\\/Luis-Fonsi.jpg\",\"keywords\":[\"Campo Pequeno\",\"Luis Fonsi\",\"Multiusos de Gondomar\"],\"articleSection\":[\"Concertos\",\"Cultura\"],\"inLanguage\":\"pt-PT\"},{\"@type\":\"WebPage\",\"@id\":\"https:\\\/\\\/infocul.pt\\\/arquivo\\\/cultura\\\/luis-fonsi-actua-no-campo-pequeno-e-multiusos-de-gondomar\\\/\",\"url\":\"https:\\\/\\\/infocul.pt\\\/arquivo\\\/cultura\\\/luis-fonsi-actua-no-campo-pequeno-e-multiusos-de-gondomar\\\/\",\"name\":\"Luis Fonsi actua no Campo Pequeno e Multiusos de Gondomar | Infocul.pt - Arquivo Digital\",\"isPartOf\":{\"@id\":\"https:\\\/\\\/infocul.pt\\\/arquivo\\\/#website\"},\"primaryImageOfPage\":{\"@id\":\"https:\\\/\\\/infocul.pt\\\/arquivo\\\/cultura\\\/luis-fonsi-actua-no-campo-pequeno-e-multiusos-de-gondomar\\\/#primaryimage\"},\"image\":{\"@id\":\"https:\\\/\\\/infocul.pt\\\/arquivo\\\/cultura\\\/luis-fonsi-actua-no-campo-pequeno-e-multiusos-de-gondomar\\\/#primaryimage\"},\"thumbnailUrl\":\"https:\\\/\\\/infocul.pt\\\/arquivo\\\/wp-content\\\/uploads\\\/2017\\\/01\\\/Luis-Fonsi.jpg\",\"datePublished\":\"2017-06-06T19:47:36+00:00\",\"dateModified\":\"2017-06-07T11:25:43+00:00\",\"description\":\"Luis Fonsi actua no Campo Pequeno e Multiusos de Gondomar | Infocul.pt - Arquivo Digital\",\"breadcrumb\":{\"@id\":\"https:\\\/\\\/infocul.pt\\\/arquivo\\\/cultura\\\/luis-fonsi-actua-no-campo-pequeno-e-multiusos-de-gondomar\\\/#breadcrumb\"},\"inLanguage\":\"pt-PT\",\"potentialAction\":[{\"@type\":\"ReadAction\",\"target\":[\"https:\\\/\\\/infocul.pt\\\/arquivo\\\/cultura\\\/luis-fonsi-actua-no-campo-pequeno-e-multiusos-de-gondomar\\\/\"]}]},{\"@type\":\"ImageObject\",\"inLanguage\":\"pt-PT\",\"@id\":\"https:\\\/\\\/infocul.pt\\\/arquivo\\\/cultura\\\/luis-fonsi-actua-no-campo-pequeno-e-multiusos-de-gondomar\\\/#primaryimage\",\"url\":\"https:\\\/\\\/infocul.pt\\\/arquivo\\\/wp-content\\\/uploads\\\/2017\\\/01\\\/Luis-Fonsi.jpg\",\"contentUrl\":\"https:\\\/\\\/infocul.pt\\\/arquivo\\\/wp-content\\\/uploads\\\/2017\\\/01\\\/Luis-Fonsi.jpg\",\"width\":642,\"height\":238},{\"@type\":\"BreadcrumbList\",\"@id\":\"https:\\\/\\\/infocul.pt\\\/arquivo\\\/cultura\\\/luis-fonsi-actua-no-campo-pequeno-e-multiusos-de-gondomar\\\/#breadcrumb\",\"itemListElement\":[{\"@type\":\"ListItem\",\"position\":1,\"name\":\"Home\",\"item\":\"https:\\\/\\\/infocul.pt\\\/arquivo\\\/\"},{\"@type\":\"ListItem\",\"position\":2,\"name\":\"Luis Fonsi actua no Campo Pequeno e Multiusos de Gondomar\"}]},{\"@type\":\"WebSite\",\"@id\":\"https:\\\/\\\/infocul.pt\\\/arquivo\\\/#website\",\"url\":\"https:\\\/\\\/infocul.pt\\\/arquivo\\\/\",\"name\":\"Infocul.pt - Arquivo Digital\",\"description\":\"Arquivo digital da Infocul.pt\",\"publisher\":{\"@id\":\"https:\\\/\\\/infocul.pt\\\/arquivo\\\/#organization\"},\"potentialAction\":[{\"@type\":\"SearchAction\",\"target\":{\"@type\":\"EntryPoint\",\"urlTemplate\":\"https:\\\/\\\/infocul.pt\\\/arquivo\\\/?s={search_term_string}\"},\"query-input\":{\"@type\":\"PropertyValueSpecification\",\"valueRequired\":true,\"valueName\":\"search_term_string\"}}],\"inLanguage\":\"pt-PT\"},{\"@type\":\"Organization\",\"@id\":\"https:\\\/\\\/infocul.pt\\\/arquivo\\\/#organization\",\"name\":\"Infocul.pt\",\"url\":\"https:\\\/\\\/infocul.pt\\\/arquivo\\\/\",\"logo\":{\"@type\":\"ImageObject\",\"inLanguage\":\"pt-PT\",\"@id\":\"https:\\\/\\\/infocul.pt\\\/arquivo\\\/#\\\/schema\\\/logo\\\/image\\\/\",\"url\":\"https:\\\/\\\/infocul.pt\\\/arquivo\\\/wp-content\\\/uploads\\\/2018\\\/12\\\/Infocul_logo-1.png\",\"contentUrl\":\"https:\\\/\\\/infocul.pt\\\/arquivo\\\/wp-content\\\/uploads\\\/2018\\\/12\\\/Infocul_logo-1.png\",\"width\":800,\"height\":800,\"caption\":\"Infocul.pt\"},\"image\":{\"@id\":\"https:\\\/\\\/infocul.pt\\\/arquivo\\\/#\\\/schema\\\/logo\\\/image\\\/\"},\"sameAs\":[\"https:\\\/\\\/www.facebook.com\\\/Infocul-147816815585015\\\/\",\"https:\\\/\\\/x.com\\\/Infoculpt\",\"http:\\\/\\\/www.pictaram.com\\\/user\\\/infocul.pt\\\/2370423710\",\"https:\\\/\\\/www.youtube.com\\\/channel\\\/UCYEB91AGI9FL9ek2i_IaQAA\"]},{\"@type\":\"Person\",\"@id\":\"https:\\\/\\\/infocul.pt\\\/arquivo\\\/#\\\/schema\\\/person\\\/060a108d7f2d85fc6aae505119ee5234\",\"name\":\"Rui Lavrador\",\"image\":{\"@type\":\"ImageObject\",\"inLanguage\":\"pt-PT\",\"@id\":\"https:\\\/\\\/secure.gravatar.com\\\/avatar\\\/93febd6873394aa8e975148548a0cb203acfdd42d2c85c5f1408e1a76678aece?s=96&d=mm&r=g\",\"url\":\"https:\\\/\\\/secure.gravatar.com\\\/avatar\\\/93febd6873394aa8e975148548a0cb203acfdd42d2c85c5f1408e1a76678aece?s=96&d=mm&r=g\",\"contentUrl\":\"https:\\\/\\\/secure.gravatar.com\\\/avatar\\\/93febd6873394aa8e975148548a0cb203acfdd42d2c85c5f1408e1a76678aece?s=96&d=mm&r=g\",\"caption\":\"Rui Lavrador\"},\"description\":\"Iniciou em 2011 o seu percurso em comunica\u00e7\u00e3o social, tendo integrado v\u00e1rios projectos editoriais. Durante o seu percurso integrou projectos como Jornal Hardm\u00fasica, LusoNot\u00edcias, Toureio.pt, ODigital.pt, entre outros \u00d3rg\u00e3os de Comunica\u00e7\u00e3o Social nacionais, na redac\u00e7\u00e3o de v\u00e1rios artigos. Entrevistou a grande maioria das personalidades mais importantes da vida social e cultural do pa\u00eds, destacando-se, tamb\u00e9m, na aprecia\u00e7\u00e3o de v\u00e1rios espect\u00e1culos. Durante o seu percurso, deu a conhecer v\u00e1rios artistas, at\u00e9 ent\u00e3o desconhecidos, ao grande p\u00fablico. Em 2015 criou e fundou o Infocul.pt, projecto no qual assume a direc\u00e7\u00e3o editorial.\",\"sameAs\":[\"http:\\\/\\\/www.infocul.pt\"]}]}<\/script>\n<!-- \/ Yoast SEO plugin. -->","yoast_head_json":{"title":"Luis Fonsi actua no Campo Pequeno e Multiusos de Gondomar | Infocul.pt - Arquivo Digital","description":"Luis Fonsi actua no Campo Pequeno e Multiusos de Gondomar | Infocul.pt - Arquivo Digital","robots":{"index":"noindex","follow":"follow","max-snippet":"max-snippet:-1","max-image-preview":"max-image-preview:large","max-video-preview":"max-video-preview:-1"},"og_locale":"pt_PT","og_type":"article","og_title":"Luis Fonsi actua no Campo Pequeno e Multiusos de Gondomar | Infocul.pt - Arquivo Digital","og_description":"Luis Fonsi actua no Campo Pequeno e Multiusos de Gondomar | Infocul.pt - Arquivo Digital","og_url":"https:\/\/infocul.pt\/arquivo\/cultura\/luis-fonsi-actua-no-campo-pequeno-e-multiusos-de-gondomar\/","og_site_name":"Infocul.pt - Arquivo Digital","article_publisher":"https:\/\/www.facebook.com\/Infocul-147816815585015\/","article_published_time":"2017-06-06T19:47:36+00:00","article_modified_time":"2017-06-07T11:25:43+00:00","og_image":[{"width":642,"height":238,"url":"https:\/\/infocul.pt\/arquivo\/wp-content\/uploads\/2017\/01\/Luis-Fonsi.jpg","type":"image\/jpeg"}],"author":"Rui Lavrador","twitter_card":"summary_large_image","twitter_creator":"@Infoculpt","twitter_site":"@Infoculpt","twitter_misc":{"Escrito por":"Rui Lavrador","Tempo estimado de leitura":"2 minutos"},"schema":{"@context":"https:\/\/schema.org","@graph":[{"@type":"Article","@id":"https:\/\/infocul.pt\/arquivo\/cultura\/luis-fonsi-actua-no-campo-pequeno-e-multiusos-de-gondomar\/#article","isPartOf":{"@id":"https:\/\/infocul.pt\/arquivo\/cultura\/luis-fonsi-actua-no-campo-pequeno-e-multiusos-de-gondomar\/"},"author":{"name":"Rui Lavrador","@id":"https:\/\/infocul.pt\/arquivo\/#\/schema\/person\/060a108d7f2d85fc6aae505119ee5234"},"headline":"Luis Fonsi actua no Campo Pequeno e Multiusos de Gondomar","datePublished":"2017-06-06T19:47:36+00:00","dateModified":"2017-06-07T11:25:43+00:00","mainEntityOfPage":{"@id":"https:\/\/infocul.pt\/arquivo\/cultura\/luis-fonsi-actua-no-campo-pequeno-e-multiusos-de-gondomar\/"},"wordCount":377,"commentCount":0,"publisher":{"@id":"https:\/\/infocul.pt\/arquivo\/#organization"},"image":{"@id":"https:\/\/infocul.pt\/arquivo\/cultura\/luis-fonsi-actua-no-campo-pequeno-e-multiusos-de-gondomar\/#primaryimage"},"thumbnailUrl":"https:\/\/infocul.pt\/arquivo\/wp-content\/uploads\/2017\/01\/Luis-Fonsi.jpg","keywords":["Campo Pequeno","Luis Fonsi","Multiusos de Gondomar"],"articleSection":["Concertos","Cultura"],"inLanguage":"pt-PT"},{"@type":"WebPage","@id":"https:\/\/infocul.pt\/arquivo\/cultura\/luis-fonsi-actua-no-campo-pequeno-e-multiusos-de-gondomar\/","url":"https:\/\/infocul.pt\/arquivo\/cultura\/luis-fonsi-actua-no-campo-pequeno-e-multiusos-de-gondomar\/","name":"Luis Fonsi actua no Campo Pequeno e Multiusos de Gondomar | Infocul.pt - Arquivo Digital","isPartOf":{"@id":"https:\/\/infocul.pt\/arquivo\/#website"},"primaryImageOfPage":{"@id":"https:\/\/infocul.pt\/arquivo\/cultura\/luis-fonsi-actua-no-campo-pequeno-e-multiusos-de-gondomar\/#primaryimage"},"image":{"@id":"https:\/\/infocul.pt\/arquivo\/cultura\/luis-fonsi-actua-no-campo-pequeno-e-multiusos-de-gondomar\/#primaryimage"},"thumbnailUrl":"https:\/\/infocul.pt\/arquivo\/wp-content\/uploads\/2017\/01\/Luis-Fonsi.jpg","datePublished":"2017-06-06T19:47:36+00:00","dateModified":"2017-06-07T11:25:43+00:00","description":"Luis Fonsi actua no Campo Pequeno e Multiusos de Gondomar | Infocul.pt - Arquivo Digital","breadcrumb":{"@id":"https:\/\/infocul.pt\/arquivo\/cultura\/luis-fonsi-actua-no-campo-pequeno-e-multiusos-de-gondomar\/#breadcrumb"},"inLanguage":"pt-PT","potentialAction":[{"@type":"ReadAction","target":["https:\/\/infocul.pt\/arquivo\/cultura\/luis-fonsi-actua-no-campo-pequeno-e-multiusos-de-gondomar\/"]}]},{"@type":"ImageObject","inLanguage":"pt-PT","@id":"https:\/\/infocul.pt\/arquivo\/cultura\/luis-fonsi-actua-no-campo-pequeno-e-multiusos-de-gondomar\/#primaryimage","url":"https:\/\/infocul.pt\/arquivo\/wp-content\/uploads\/2017\/01\/Luis-Fonsi.jpg","contentUrl":"https:\/\/infocul.pt\/arquivo\/wp-content\/uploads\/2017\/01\/Luis-Fonsi.jpg","width":642,"height":238},{"@type":"BreadcrumbList","@id":"https:\/\/infocul.pt\/arquivo\/cultura\/luis-fonsi-actua-no-campo-pequeno-e-multiusos-de-gondomar\/#breadcrumb","itemListElement":[{"@type":"ListItem","position":1,"name":"Home","item":"https:\/\/infocul.pt\/arquivo\/"},{"@type":"ListItem","position":2,"name":"Luis Fonsi actua no Campo Pequeno e Multiusos de Gondomar"}]},{"@type":"WebSite","@id":"https:\/\/infocul.pt\/arquivo\/#website","url":"https:\/\/infocul.pt\/arquivo\/","name":"Infocul.pt - Arquivo Digital","description":"Arquivo digital da Infocul.pt","publisher":{"@id":"https:\/\/infocul.pt\/arquivo\/#organization"},"potentialAction":[{"@type":"SearchAction","target":{"@type":"EntryPoint","urlTemplate":"https:\/\/infocul.pt\/arquivo\/?s={search_term_string}"},"query-input":{"@type":"PropertyValueSpecification","valueRequired":true,"valueName":"search_term_string"}}],"inLanguage":"pt-PT"},{"@type":"Organization","@id":"https:\/\/infocul.pt\/arquivo\/#organization","name":"Infocul.pt","url":"https:\/\/infocul.pt\/arquivo\/","logo":{"@type":"ImageObject","inLanguage":"pt-PT","@id":"https:\/\/infocul.pt\/arquivo\/#\/schema\/logo\/image\/","url":"https:\/\/infocul.pt\/arquivo\/wp-content\/uploads\/2018\/12\/Infocul_logo-1.png","contentUrl":"https:\/\/infocul.pt\/arquivo\/wp-content\/uploads\/2018\/12\/Infocul_logo-1.png","width":800,"height":800,"caption":"Infocul.pt"},"image":{"@id":"https:\/\/infocul.pt\/arquivo\/#\/schema\/logo\/image\/"},"sameAs":["https:\/\/www.facebook.com\/Infocul-147816815585015\/","https:\/\/x.com\/Infoculpt","http:\/\/www.pictaram.com\/user\/infocul.pt\/2370423710","https:\/\/www.youtube.com\/channel\/UCYEB91AGI9FL9ek2i_IaQAA"]},{"@type":"Person","@id":"https:\/\/infocul.pt\/arquivo\/#\/schema\/person\/060a108d7f2d85fc6aae505119ee5234","name":"Rui Lavrador","image":{"@type":"ImageObject","inLanguage":"pt-PT","@id":"https:\/\/secure.gravatar.com\/avatar\/93febd6873394aa8e975148548a0cb203acfdd42d2c85c5f1408e1a76678aece?s=96&d=mm&r=g","url":"https:\/\/secure.gravatar.com\/avatar\/93febd6873394aa8e975148548a0cb203acfdd42d2c85c5f1408e1a76678aece?s=96&d=mm&r=g","contentUrl":"https:\/\/secure.gravatar.com\/avatar\/93febd6873394aa8e975148548a0cb203acfdd42d2c85c5f1408e1a76678aece?s=96&d=mm&r=g","caption":"Rui Lavrador"},"description":"Iniciou em 2011 o seu percurso em comunica\u00e7\u00e3o social, tendo integrado v\u00e1rios projectos editoriais. Durante o seu percurso integrou projectos como Jornal Hardm\u00fasica, LusoNot\u00edcias, Toureio.pt, ODigital.pt, entre outros \u00d3rg\u00e3os de Comunica\u00e7\u00e3o Social nacionais, na redac\u00e7\u00e3o de v\u00e1rios artigos. Entrevistou a grande maioria das personalidades mais importantes da vida social e cultural do pa\u00eds, destacando-se, tamb\u00e9m, na aprecia\u00e7\u00e3o de v\u00e1rios espect\u00e1culos. Durante o seu percurso, deu a conhecer v\u00e1rios artistas, at\u00e9 ent\u00e3o desconhecidos, ao grande p\u00fablico. Em 2015 criou e fundou o Infocul.pt, projecto no qual assume a direc\u00e7\u00e3o editorial.","sameAs":["http:\/\/www.infocul.pt"]}]}},"_links":{"self":[{"href":"https:\/\/infocul.pt\/arquivo\/wp-json\/wp\/v2\/posts\/25263","targetHints":{"allow":["GET"]}}],"collection":[{"href":"https:\/\/infocul.pt\/arquivo\/wp-json\/wp\/v2\/posts"}],"about":[{"href":"https:\/\/infocul.pt\/arquivo\/wp-json\/wp\/v2\/types\/post"}],"author":[{"embeddable":true,"href":"https:\/\/infocul.pt\/arquivo\/wp-json\/wp\/v2\/users\/2"}],"replies":[{"embeddable":true,"href":"https:\/\/infocul.pt\/arquivo\/wp-json\/wp\/v2\/comments?post=25263"}],"version-history":[{"count":0,"href":"https:\/\/infocul.pt\/arquivo\/wp-json\/wp\/v2\/posts\/25263\/revisions"}],"wp:featuredmedia":[{"embeddable":true,"href":"https:\/\/infocul.pt\/arquivo\/wp-json\/wp\/v2\/media\/18239"}],"wp:attachment":[{"href":"https:\/\/infocul.pt\/arquivo\/wp-json\/wp\/v2\/media?parent=25263"}],"wp:term":[{"taxonomy":"category","embeddable":true,"href":"https:\/\/infocul.pt\/arquivo\/wp-json\/wp\/v2\/categories?post=25263"},{"taxonomy":"post_tag","embeddable":true,"href":"https:\/\/infocul.pt\/arquivo\/wp-json\/wp\/v2\/tags?post=25263"}],"curies":[{"name":"wp","href":"https:\/\/api.w.org\/{rel}","templated":true}]}}