{"id":25613,"date":"2017-06-14T06:55:47","date_gmt":"2017-06-14T06:55:47","guid":{"rendered":"http:\/\/infocul.pt\/?p=25613"},"modified":"2017-06-14T06:55:47","modified_gmt":"2017-06-14T06:55:47","slug":"comedia-de-luis-miguel-cintra-chega-setubal","status":"publish","type":"post","link":"https:\/\/infocul.pt\/arquivo\/cultura\/comedia-de-luis-miguel-cintra-chega-setubal\/","title":{"rendered":"Com\u00e9dia de Lu\u00eds Miguel Cintra chega a Set\u00fabal"},"content":{"rendered":"<p><img decoding=\"async\" class=\"aligncenter wp-image-25614 size-full lazyload\" data-src=\"http:\/\/infocul.pt\/wp-content\/uploads\/2017\/06\/Cartaz-A3FINALrev2_final.jpg\" alt=\"Cartaz A3FINALrev2_final\" width=\"2339\" height=\"3308\" data-srcset=\"https:\/\/infocul.pt\/arquivo\/wp-content\/uploads\/2017\/06\/Cartaz-A3FINALrev2_final.jpg 1810w, https:\/\/infocul.pt\/arquivo\/wp-content\/uploads\/2017\/06\/Cartaz-A3FINALrev2_final-212x300.jpg 212w, https:\/\/infocul.pt\/arquivo\/wp-content\/uploads\/2017\/06\/Cartaz-A3FINALrev2_final-768x1086.jpg 768w, https:\/\/infocul.pt\/arquivo\/wp-content\/uploads\/2017\/06\/Cartaz-A3FINALrev2_final-724x1024.jpg 724w\" data-sizes=\"(max-width: 2339px) 100vw, 2339px\" src=\"data:image\/svg+xml;base64,PHN2ZyB3aWR0aD0iMSIgaGVpZ2h0PSIxIiB4bWxucz0iaHR0cDovL3d3dy53My5vcmcvMjAwMC9zdmciPjwvc3ZnPg==\" style=\"--smush-placeholder-width: 2339px; --smush-placeholder-aspect-ratio: 2339\/3308;\" \/><\/p>\n<p>&nbsp;<\/p>\n<p><span style=\"color: #000000; font-family: Calibri;\">Depois de ter sido apresentado em Abril no Montijo, &#8220;Um D.Jo\u00e3o Portugu\u00eas&#8221;, que tem encena\u00e7\u00e3o de Luis Miguel Cintra, chega agora a Set\u00fabal com v\u00e1rias sess\u00f5es abertas ao p\u00fablico. Esta divertida com\u00e9dia poder\u00e1 ser vista no Cais 3 do Porto de Set\u00fabal.<\/span><!--more--><\/p>\n<p><span style=\"color: #000000; font-family: Calibri;\">\u00a0<\/span><\/p>\n<p><span style=\"color: #000000; font-family: Calibri;\">\u00a0<\/span><\/p>\n<p><span style=\"color: #000000; font-family: Calibri;\">Para al\u00e9m da leitura (25 de Junho \u00e0s 16:00), apresenta\u00e7\u00f5es desta pe\u00e7a (2 no total, 15 e 16 de Julho \u00e0s 21:30, e um Ensaio aberto, 08 de Julho \u00e0s 16:00), tamb\u00e9m haver\u00e1 espa\u00e7o para uma conversa (24 de Junho \u00e0s 21:30) sobre as diferentes formas de levar os grandes cl\u00e1ssicos \u00e0 cena.<\/span><\/p>\n<p><span style=\"color: #000000; font-family: Calibri;\">\u00a0<\/span><\/p>\n<p><span style=\"color: #000000; font-family: Calibri;\">\u00a0<\/span><\/p>\n<p><span style=\"color: #000000; font-family: Calibri;\">Ao longo do ano de todo o ano de 2017, Luis Miguel Cintra e um grupo de actores que trabalharam consigo no Teatro Cornuc\u00f3pia v\u00e3o construir um espect\u00e1culo em quatro cidades, abrindo o processo de cria\u00e7\u00e3o aos espectadores em v\u00e1rias fases do seu desenvolvimento. Trabalho de mesa, ensaios, conversas sobre dramaturgia ou espa\u00e7o c\u00e9nico; tudo o que est\u00e1 por detr\u00e1s da cria\u00e7\u00e3o de um espect\u00e1culo ser\u00e1 motivo de debate nas sess\u00f5es abertas ao p\u00fablico em Set\u00fabal, durante a prepara\u00e7\u00e3o do segundo bloco de trabalho, intitulado &#8220;O mar (e de rosas)&#8221;.<\/span><\/p>\n<p><span style=\"color: #000000; font-family: Calibri;\">\u00a0<\/span><\/p>\n<p><span style=\"color: #000000; font-family: Calibri;\">\u00a0<\/span><\/p>\n<p><span style=\"color: #000000; font-family: Calibri;\">D. Jo\u00e3o e Esganarelo est\u00e3o envolvidos numa aventura junto ao mar. O protagonista seduz duas raparigas populares, duas pescadeiras, divertindo-se a gerar ci\u00fames entre as duas e o namorado de uma delas. Quer D. Jo\u00e3o, quer Esganarelo, surgem como marginais da sociedade, quase como num &#8220;road movie&#8221;. A pretensa riqueza correspondente \u00e0 fama de nobreza de D. Jo\u00e3o \u00e9 pura apar\u00eancia. N\u00e3o \u00e9 junto dos pobres, nem junto dos fidalgos, que encontra o seu lugar na vida.<\/span><\/p>\n<p><span style=\"color: #000000; font-family: Calibri;\">\u00a0<\/span><\/p>\n<p><span style=\"color: #000000; font-family: Calibri;\">\u00a0<\/span><\/p>\n<p><span style=\"color: #000000; font-family: Calibri;\">Este trabalho, que tem no elenco nomes como Andr\u00e9 Pardal, Bernardo Souto, Dinis Gomes, at\u00e9 ao final do ano passar\u00e1 por Viseu e Guimar\u00e3es.<\/span><\/p>\n","protected":false},"excerpt":{"rendered":"<p>&nbsp; Depois de ter sido apresentado em Abril no Montijo, &#8220;Um D.Jo\u00e3o Portugu\u00eas&#8221;, que tem encena\u00e7\u00e3o de Luis Miguel Cintra, chega agora a Set\u00fabal com v\u00e1rias sess\u00f5es abertas ao p\u00fablico. Esta divertida com\u00e9dia poder\u00e1 ser vista no Cais 3 do Porto de Set\u00fabal.<\/p>\n","protected":false},"author":13,"featured_media":25614,"comment_status":"open","ping_status":"closed","sticky":false,"template":"","format":"standard","meta":{"footnotes":""},"categories":[2,5],"tags":[283,3464],"class_list":["post-25613","post","type-post","status-publish","format-standard","has-post-thumbnail","hentry","category-cultura","category-teatro","tag-companhia-mascarenhas-martins","tag-luis-miguel-cintra"],"yoast_head":"<!-- This site is optimized with the Yoast SEO plugin v27.4 - https:\/\/yoast.com\/product\/yoast-seo-wordpress\/ -->\n<title>Com\u00e9dia de Lu\u00eds Miguel Cintra chega a Set\u00fabal | Infocul.pt - Arquivo Digital<\/title>\n<meta name=\"description\" content=\"Com\u00e9dia de Lu\u00eds Miguel Cintra chega a Set\u00fabal | Infocul.pt - Arquivo Digital\" \/>\n<meta name=\"robots\" content=\"noindex, follow, max-snippet:-1, max-image-preview:large, max-video-preview:-1\" \/>\n<meta property=\"og:locale\" content=\"pt_PT\" \/>\n<meta property=\"og:type\" content=\"article\" \/>\n<meta property=\"og:title\" content=\"Com\u00e9dia de Lu\u00eds Miguel Cintra chega a Set\u00fabal | Infocul.pt - Arquivo Digital\" \/>\n<meta property=\"og:description\" content=\"Com\u00e9dia de Lu\u00eds Miguel Cintra chega a Set\u00fabal | Infocul.pt - Arquivo Digital\" \/>\n<meta property=\"og:url\" content=\"https:\/\/infocul.pt\/arquivo\/cultura\/comedia-de-luis-miguel-cintra-chega-setubal\/\" \/>\n<meta property=\"og:site_name\" content=\"Infocul.pt - Arquivo Digital\" \/>\n<meta property=\"article:publisher\" content=\"https:\/\/www.facebook.com\/Infocul-147816815585015\/\" \/>\n<meta property=\"article:published_time\" content=\"2017-06-14T06:55:47+00:00\" \/>\n<meta property=\"og:image\" content=\"https:\/\/infocul.pt\/arquivo\/wp-content\/uploads\/2017\/06\/Cartaz-A3FINALrev2_final.jpg\" \/>\n\t<meta property=\"og:image:width\" content=\"1810\" \/>\n\t<meta property=\"og:image:height\" content=\"2560\" \/>\n\t<meta property=\"og:image:type\" content=\"image\/jpeg\" \/>\n<meta name=\"author\" content=\"Redac\u00e7\u00e3o\" \/>\n<meta name=\"twitter:card\" content=\"summary_large_image\" \/>\n<meta name=\"twitter:creator\" content=\"@Infoculpt\" \/>\n<meta name=\"twitter:site\" content=\"@Infoculpt\" \/>\n<meta name=\"twitter:label1\" content=\"Escrito por\" \/>\n\t<meta name=\"twitter:data1\" content=\"Redac\u00e7\u00e3o\" \/>\n\t<meta name=\"twitter:label2\" content=\"Tempo estimado de leitura\" \/>\n\t<meta name=\"twitter:data2\" content=\"2 minutos\" \/>\n<script type=\"application\/ld+json\" class=\"yoast-schema-graph\">{\"@context\":\"https:\\\/\\\/schema.org\",\"@graph\":[{\"@type\":\"Article\",\"@id\":\"https:\\\/\\\/infocul.pt\\\/arquivo\\\/cultura\\\/comedia-de-luis-miguel-cintra-chega-setubal\\\/#article\",\"isPartOf\":{\"@id\":\"https:\\\/\\\/infocul.pt\\\/arquivo\\\/cultura\\\/comedia-de-luis-miguel-cintra-chega-setubal\\\/\"},\"author\":{\"name\":\"Redac\u00e7\u00e3o\",\"@id\":\"https:\\\/\\\/infocul.pt\\\/arquivo\\\/#\\\/schema\\\/person\\\/f243f45ae8d67639120a7586884f3abc\"},\"headline\":\"Com\u00e9dia de Lu\u00eds Miguel Cintra chega a Set\u00fabal\",\"datePublished\":\"2017-06-14T06:55:47+00:00\",\"mainEntityOfPage\":{\"@id\":\"https:\\\/\\\/infocul.pt\\\/arquivo\\\/cultura\\\/comedia-de-luis-miguel-cintra-chega-setubal\\\/\"},\"wordCount\":320,\"commentCount\":0,\"publisher\":{\"@id\":\"https:\\\/\\\/infocul.pt\\\/arquivo\\\/#organization\"},\"image\":{\"@id\":\"https:\\\/\\\/infocul.pt\\\/arquivo\\\/cultura\\\/comedia-de-luis-miguel-cintra-chega-setubal\\\/#primaryimage\"},\"thumbnailUrl\":\"https:\\\/\\\/infocul.pt\\\/arquivo\\\/wp-content\\\/uploads\\\/2017\\\/06\\\/Cartaz-A3FINALrev2_final.jpg\",\"keywords\":[\"Companhia Mascarenhas-Martins\",\"Luis Miguel Cintra\"],\"articleSection\":[\"Cultura\",\"Teatro\"],\"inLanguage\":\"pt-PT\"},{\"@type\":\"WebPage\",\"@id\":\"https:\\\/\\\/infocul.pt\\\/arquivo\\\/cultura\\\/comedia-de-luis-miguel-cintra-chega-setubal\\\/\",\"url\":\"https:\\\/\\\/infocul.pt\\\/arquivo\\\/cultura\\\/comedia-de-luis-miguel-cintra-chega-setubal\\\/\",\"name\":\"Com\u00e9dia de Lu\u00eds Miguel Cintra chega a Set\u00fabal | Infocul.pt - Arquivo Digital\",\"isPartOf\":{\"@id\":\"https:\\\/\\\/infocul.pt\\\/arquivo\\\/#website\"},\"primaryImageOfPage\":{\"@id\":\"https:\\\/\\\/infocul.pt\\\/arquivo\\\/cultura\\\/comedia-de-luis-miguel-cintra-chega-setubal\\\/#primaryimage\"},\"image\":{\"@id\":\"https:\\\/\\\/infocul.pt\\\/arquivo\\\/cultura\\\/comedia-de-luis-miguel-cintra-chega-setubal\\\/#primaryimage\"},\"thumbnailUrl\":\"https:\\\/\\\/infocul.pt\\\/arquivo\\\/wp-content\\\/uploads\\\/2017\\\/06\\\/Cartaz-A3FINALrev2_final.jpg\",\"datePublished\":\"2017-06-14T06:55:47+00:00\",\"description\":\"Com\u00e9dia de Lu\u00eds Miguel Cintra chega a Set\u00fabal | Infocul.pt - Arquivo Digital\",\"breadcrumb\":{\"@id\":\"https:\\\/\\\/infocul.pt\\\/arquivo\\\/cultura\\\/comedia-de-luis-miguel-cintra-chega-setubal\\\/#breadcrumb\"},\"inLanguage\":\"pt-PT\",\"potentialAction\":[{\"@type\":\"ReadAction\",\"target\":[\"https:\\\/\\\/infocul.pt\\\/arquivo\\\/cultura\\\/comedia-de-luis-miguel-cintra-chega-setubal\\\/\"]}]},{\"@type\":\"ImageObject\",\"inLanguage\":\"pt-PT\",\"@id\":\"https:\\\/\\\/infocul.pt\\\/arquivo\\\/cultura\\\/comedia-de-luis-miguel-cintra-chega-setubal\\\/#primaryimage\",\"url\":\"https:\\\/\\\/infocul.pt\\\/arquivo\\\/wp-content\\\/uploads\\\/2017\\\/06\\\/Cartaz-A3FINALrev2_final.jpg\",\"contentUrl\":\"https:\\\/\\\/infocul.pt\\\/arquivo\\\/wp-content\\\/uploads\\\/2017\\\/06\\\/Cartaz-A3FINALrev2_final.jpg\",\"width\":1810,\"height\":2560},{\"@type\":\"BreadcrumbList\",\"@id\":\"https:\\\/\\\/infocul.pt\\\/arquivo\\\/cultura\\\/comedia-de-luis-miguel-cintra-chega-setubal\\\/#breadcrumb\",\"itemListElement\":[{\"@type\":\"ListItem\",\"position\":1,\"name\":\"Home\",\"item\":\"https:\\\/\\\/infocul.pt\\\/arquivo\\\/\"},{\"@type\":\"ListItem\",\"position\":2,\"name\":\"Com\u00e9dia de Lu\u00eds Miguel Cintra chega a Set\u00fabal\"}]},{\"@type\":\"WebSite\",\"@id\":\"https:\\\/\\\/infocul.pt\\\/arquivo\\\/#website\",\"url\":\"https:\\\/\\\/infocul.pt\\\/arquivo\\\/\",\"name\":\"Infocul.pt - Arquivo Digital\",\"description\":\"Arquivo digital da Infocul.pt\",\"publisher\":{\"@id\":\"https:\\\/\\\/infocul.pt\\\/arquivo\\\/#organization\"},\"potentialAction\":[{\"@type\":\"SearchAction\",\"target\":{\"@type\":\"EntryPoint\",\"urlTemplate\":\"https:\\\/\\\/infocul.pt\\\/arquivo\\\/?s={search_term_string}\"},\"query-input\":{\"@type\":\"PropertyValueSpecification\",\"valueRequired\":true,\"valueName\":\"search_term_string\"}}],\"inLanguage\":\"pt-PT\"},{\"@type\":\"Organization\",\"@id\":\"https:\\\/\\\/infocul.pt\\\/arquivo\\\/#organization\",\"name\":\"Infocul.pt\",\"url\":\"https:\\\/\\\/infocul.pt\\\/arquivo\\\/\",\"logo\":{\"@type\":\"ImageObject\",\"inLanguage\":\"pt-PT\",\"@id\":\"https:\\\/\\\/infocul.pt\\\/arquivo\\\/#\\\/schema\\\/logo\\\/image\\\/\",\"url\":\"https:\\\/\\\/infocul.pt\\\/arquivo\\\/wp-content\\\/uploads\\\/2018\\\/12\\\/Infocul_logo-1.png\",\"contentUrl\":\"https:\\\/\\\/infocul.pt\\\/arquivo\\\/wp-content\\\/uploads\\\/2018\\\/12\\\/Infocul_logo-1.png\",\"width\":800,\"height\":800,\"caption\":\"Infocul.pt\"},\"image\":{\"@id\":\"https:\\\/\\\/infocul.pt\\\/arquivo\\\/#\\\/schema\\\/logo\\\/image\\\/\"},\"sameAs\":[\"https:\\\/\\\/www.facebook.com\\\/Infocul-147816815585015\\\/\",\"https:\\\/\\\/x.com\\\/Infoculpt\",\"http:\\\/\\\/www.pictaram.com\\\/user\\\/infocul.pt\\\/2370423710\",\"https:\\\/\\\/www.youtube.com\\\/channel\\\/UCYEB91AGI9FL9ek2i_IaQAA\"]},{\"@type\":\"Person\",\"@id\":\"https:\\\/\\\/infocul.pt\\\/arquivo\\\/#\\\/schema\\\/person\\\/f243f45ae8d67639120a7586884f3abc\",\"name\":\"Redac\u00e7\u00e3o\",\"image\":{\"@type\":\"ImageObject\",\"inLanguage\":\"pt-PT\",\"@id\":\"https:\\\/\\\/secure.gravatar.com\\\/avatar\\\/151b1b76c598ab5e749407223bd6c1bad4e41c4e95de3c3df83540ebee2deaf8?s=96&d=mm&r=g\",\"url\":\"https:\\\/\\\/secure.gravatar.com\\\/avatar\\\/151b1b76c598ab5e749407223bd6c1bad4e41c4e95de3c3df83540ebee2deaf8?s=96&d=mm&r=g\",\"contentUrl\":\"https:\\\/\\\/secure.gravatar.com\\\/avatar\\\/151b1b76c598ab5e749407223bd6c1bad4e41c4e95de3c3df83540ebee2deaf8?s=96&d=mm&r=g\",\"caption\":\"Redac\u00e7\u00e3o\"}}]}<\/script>\n<!-- \/ Yoast SEO plugin. -->","yoast_head_json":{"title":"Com\u00e9dia de Lu\u00eds Miguel Cintra chega a Set\u00fabal | Infocul.pt - Arquivo Digital","description":"Com\u00e9dia de Lu\u00eds Miguel Cintra chega a Set\u00fabal | Infocul.pt - Arquivo Digital","robots":{"index":"noindex","follow":"follow","max-snippet":"max-snippet:-1","max-image-preview":"max-image-preview:large","max-video-preview":"max-video-preview:-1"},"og_locale":"pt_PT","og_type":"article","og_title":"Com\u00e9dia de Lu\u00eds Miguel Cintra chega a Set\u00fabal | Infocul.pt - Arquivo Digital","og_description":"Com\u00e9dia de Lu\u00eds Miguel Cintra chega a Set\u00fabal | Infocul.pt - Arquivo Digital","og_url":"https:\/\/infocul.pt\/arquivo\/cultura\/comedia-de-luis-miguel-cintra-chega-setubal\/","og_site_name":"Infocul.pt - Arquivo Digital","article_publisher":"https:\/\/www.facebook.com\/Infocul-147816815585015\/","article_published_time":"2017-06-14T06:55:47+00:00","og_image":[{"width":1810,"height":2560,"url":"https:\/\/infocul.pt\/arquivo\/wp-content\/uploads\/2017\/06\/Cartaz-A3FINALrev2_final.jpg","type":"image\/jpeg"}],"author":"Redac\u00e7\u00e3o","twitter_card":"summary_large_image","twitter_creator":"@Infoculpt","twitter_site":"@Infoculpt","twitter_misc":{"Escrito por":"Redac\u00e7\u00e3o","Tempo estimado de leitura":"2 minutos"},"schema":{"@context":"https:\/\/schema.org","@graph":[{"@type":"Article","@id":"https:\/\/infocul.pt\/arquivo\/cultura\/comedia-de-luis-miguel-cintra-chega-setubal\/#article","isPartOf":{"@id":"https:\/\/infocul.pt\/arquivo\/cultura\/comedia-de-luis-miguel-cintra-chega-setubal\/"},"author":{"name":"Redac\u00e7\u00e3o","@id":"https:\/\/infocul.pt\/arquivo\/#\/schema\/person\/f243f45ae8d67639120a7586884f3abc"},"headline":"Com\u00e9dia de Lu\u00eds Miguel Cintra chega a Set\u00fabal","datePublished":"2017-06-14T06:55:47+00:00","mainEntityOfPage":{"@id":"https:\/\/infocul.pt\/arquivo\/cultura\/comedia-de-luis-miguel-cintra-chega-setubal\/"},"wordCount":320,"commentCount":0,"publisher":{"@id":"https:\/\/infocul.pt\/arquivo\/#organization"},"image":{"@id":"https:\/\/infocul.pt\/arquivo\/cultura\/comedia-de-luis-miguel-cintra-chega-setubal\/#primaryimage"},"thumbnailUrl":"https:\/\/infocul.pt\/arquivo\/wp-content\/uploads\/2017\/06\/Cartaz-A3FINALrev2_final.jpg","keywords":["Companhia Mascarenhas-Martins","Luis Miguel Cintra"],"articleSection":["Cultura","Teatro"],"inLanguage":"pt-PT"},{"@type":"WebPage","@id":"https:\/\/infocul.pt\/arquivo\/cultura\/comedia-de-luis-miguel-cintra-chega-setubal\/","url":"https:\/\/infocul.pt\/arquivo\/cultura\/comedia-de-luis-miguel-cintra-chega-setubal\/","name":"Com\u00e9dia de Lu\u00eds Miguel Cintra chega a Set\u00fabal | Infocul.pt - Arquivo Digital","isPartOf":{"@id":"https:\/\/infocul.pt\/arquivo\/#website"},"primaryImageOfPage":{"@id":"https:\/\/infocul.pt\/arquivo\/cultura\/comedia-de-luis-miguel-cintra-chega-setubal\/#primaryimage"},"image":{"@id":"https:\/\/infocul.pt\/arquivo\/cultura\/comedia-de-luis-miguel-cintra-chega-setubal\/#primaryimage"},"thumbnailUrl":"https:\/\/infocul.pt\/arquivo\/wp-content\/uploads\/2017\/06\/Cartaz-A3FINALrev2_final.jpg","datePublished":"2017-06-14T06:55:47+00:00","description":"Com\u00e9dia de Lu\u00eds Miguel Cintra chega a Set\u00fabal | Infocul.pt - Arquivo Digital","breadcrumb":{"@id":"https:\/\/infocul.pt\/arquivo\/cultura\/comedia-de-luis-miguel-cintra-chega-setubal\/#breadcrumb"},"inLanguage":"pt-PT","potentialAction":[{"@type":"ReadAction","target":["https:\/\/infocul.pt\/arquivo\/cultura\/comedia-de-luis-miguel-cintra-chega-setubal\/"]}]},{"@type":"ImageObject","inLanguage":"pt-PT","@id":"https:\/\/infocul.pt\/arquivo\/cultura\/comedia-de-luis-miguel-cintra-chega-setubal\/#primaryimage","url":"https:\/\/infocul.pt\/arquivo\/wp-content\/uploads\/2017\/06\/Cartaz-A3FINALrev2_final.jpg","contentUrl":"https:\/\/infocul.pt\/arquivo\/wp-content\/uploads\/2017\/06\/Cartaz-A3FINALrev2_final.jpg","width":1810,"height":2560},{"@type":"BreadcrumbList","@id":"https:\/\/infocul.pt\/arquivo\/cultura\/comedia-de-luis-miguel-cintra-chega-setubal\/#breadcrumb","itemListElement":[{"@type":"ListItem","position":1,"name":"Home","item":"https:\/\/infocul.pt\/arquivo\/"},{"@type":"ListItem","position":2,"name":"Com\u00e9dia de Lu\u00eds Miguel Cintra chega a Set\u00fabal"}]},{"@type":"WebSite","@id":"https:\/\/infocul.pt\/arquivo\/#website","url":"https:\/\/infocul.pt\/arquivo\/","name":"Infocul.pt - Arquivo Digital","description":"Arquivo digital da Infocul.pt","publisher":{"@id":"https:\/\/infocul.pt\/arquivo\/#organization"},"potentialAction":[{"@type":"SearchAction","target":{"@type":"EntryPoint","urlTemplate":"https:\/\/infocul.pt\/arquivo\/?s={search_term_string}"},"query-input":{"@type":"PropertyValueSpecification","valueRequired":true,"valueName":"search_term_string"}}],"inLanguage":"pt-PT"},{"@type":"Organization","@id":"https:\/\/infocul.pt\/arquivo\/#organization","name":"Infocul.pt","url":"https:\/\/infocul.pt\/arquivo\/","logo":{"@type":"ImageObject","inLanguage":"pt-PT","@id":"https:\/\/infocul.pt\/arquivo\/#\/schema\/logo\/image\/","url":"https:\/\/infocul.pt\/arquivo\/wp-content\/uploads\/2018\/12\/Infocul_logo-1.png","contentUrl":"https:\/\/infocul.pt\/arquivo\/wp-content\/uploads\/2018\/12\/Infocul_logo-1.png","width":800,"height":800,"caption":"Infocul.pt"},"image":{"@id":"https:\/\/infocul.pt\/arquivo\/#\/schema\/logo\/image\/"},"sameAs":["https:\/\/www.facebook.com\/Infocul-147816815585015\/","https:\/\/x.com\/Infoculpt","http:\/\/www.pictaram.com\/user\/infocul.pt\/2370423710","https:\/\/www.youtube.com\/channel\/UCYEB91AGI9FL9ek2i_IaQAA"]},{"@type":"Person","@id":"https:\/\/infocul.pt\/arquivo\/#\/schema\/person\/f243f45ae8d67639120a7586884f3abc","name":"Redac\u00e7\u00e3o","image":{"@type":"ImageObject","inLanguage":"pt-PT","@id":"https:\/\/secure.gravatar.com\/avatar\/151b1b76c598ab5e749407223bd6c1bad4e41c4e95de3c3df83540ebee2deaf8?s=96&d=mm&r=g","url":"https:\/\/secure.gravatar.com\/avatar\/151b1b76c598ab5e749407223bd6c1bad4e41c4e95de3c3df83540ebee2deaf8?s=96&d=mm&r=g","contentUrl":"https:\/\/secure.gravatar.com\/avatar\/151b1b76c598ab5e749407223bd6c1bad4e41c4e95de3c3df83540ebee2deaf8?s=96&d=mm&r=g","caption":"Redac\u00e7\u00e3o"}}]}},"_links":{"self":[{"href":"https:\/\/infocul.pt\/arquivo\/wp-json\/wp\/v2\/posts\/25613","targetHints":{"allow":["GET"]}}],"collection":[{"href":"https:\/\/infocul.pt\/arquivo\/wp-json\/wp\/v2\/posts"}],"about":[{"href":"https:\/\/infocul.pt\/arquivo\/wp-json\/wp\/v2\/types\/post"}],"author":[{"embeddable":true,"href":"https:\/\/infocul.pt\/arquivo\/wp-json\/wp\/v2\/users\/13"}],"replies":[{"embeddable":true,"href":"https:\/\/infocul.pt\/arquivo\/wp-json\/wp\/v2\/comments?post=25613"}],"version-history":[{"count":0,"href":"https:\/\/infocul.pt\/arquivo\/wp-json\/wp\/v2\/posts\/25613\/revisions"}],"wp:featuredmedia":[{"embeddable":true,"href":"https:\/\/infocul.pt\/arquivo\/wp-json\/wp\/v2\/media\/25614"}],"wp:attachment":[{"href":"https:\/\/infocul.pt\/arquivo\/wp-json\/wp\/v2\/media?parent=25613"}],"wp:term":[{"taxonomy":"category","embeddable":true,"href":"https:\/\/infocul.pt\/arquivo\/wp-json\/wp\/v2\/categories?post=25613"},{"taxonomy":"post_tag","embeddable":true,"href":"https:\/\/infocul.pt\/arquivo\/wp-json\/wp\/v2\/tags?post=25613"}],"curies":[{"name":"wp","href":"https:\/\/api.w.org\/{rel}","templated":true}]}}