{"id":25833,"date":"2017-06-19T11:29:14","date_gmt":"2017-06-19T11:29:14","guid":{"rendered":"http:\/\/infocul.pt\/?p=25833"},"modified":"2017-06-20T11:32:33","modified_gmt":"2017-06-20T11:32:33","slug":"junta-de-freguesia-matosinhos-leca-da-palmeira-apoia-pedrogao-grande","status":"publish","type":"post","link":"https:\/\/infocul.pt\/arquivo\/actualidade\/junta-de-freguesia-matosinhos-leca-da-palmeira-apoia-pedrogao-grande\/","title":{"rendered":"Junta de Freguesia Matosinhos- Le\u00e7a da Palmeira apoia Pedr\u00f3g\u00e3o Grande"},"content":{"rendered":"<p><img decoding=\"async\" class=\"aligncenter wp-image-17676 size-full lazyload\" data-src=\"http:\/\/infocul.pt\/wp-content\/uploads\/2017\/01\/Matosinhos-Le\u00e7a-da-Palmeira.jpg\" alt=\"matosinhos-leca-da-palmeira\" width=\"960\" height=\"960\" data-srcset=\"https:\/\/infocul.pt\/arquivo\/wp-content\/uploads\/2017\/01\/Matosinhos-Le\u00e7a-da-Palmeira.jpg 960w, https:\/\/infocul.pt\/arquivo\/wp-content\/uploads\/2017\/01\/Matosinhos-Le\u00e7a-da-Palmeira-150x150.jpg 150w, https:\/\/infocul.pt\/arquivo\/wp-content\/uploads\/2017\/01\/Matosinhos-Le\u00e7a-da-Palmeira-300x300.jpg 300w, https:\/\/infocul.pt\/arquivo\/wp-content\/uploads\/2017\/01\/Matosinhos-Le\u00e7a-da-Palmeira-768x768.jpg 768w, https:\/\/infocul.pt\/arquivo\/wp-content\/uploads\/2017\/01\/Matosinhos-Le\u00e7a-da-Palmeira-280x280.jpg 280w\" data-sizes=\"(max-width: 960px) 100vw, 960px\" src=\"data:image\/svg+xml;base64,PHN2ZyB3aWR0aD0iMSIgaGVpZ2h0PSIxIiB4bWxucz0iaHR0cDovL3d3dy53My5vcmcvMjAwMC9zdmciPjwvc3ZnPg==\" style=\"--smush-placeholder-width: 960px; --smush-placeholder-aspect-ratio: 960\/960;\" \/><\/p>\n<p>&nbsp;<\/p>\n<p><span style=\"color: #000000; font-family: Calibri;\">Na sequ\u00eancia da trag\u00e9dia ocorrida em Pedr\u00f3g\u00e3o Grande e seguindo o apelo da Ministra da Administra\u00e7\u00e3o Interna, Constan\u00e7a Urbana de Sousa, esta Junta de Freguesia ir\u00e1, a partir de hoje, 19 de Junho, proceder a uma campanha de recolha de Material Hospitalar (soro fisiol\u00f3gico, compressas e pomadas de cicatriza\u00e7\u00e3o). <\/span><!--more--><\/p>\n<p><span style=\"color: #000000; font-family: Calibri;\">\u00a0<\/span><\/p>\n<p><span style=\"color: #000000; font-family: Calibri;\">\u00a0<\/span><\/p>\n<p><span style=\"color: #000000; font-family: Calibri;\">Os bens angariados ser\u00e3o encaminhados para as freguesias afectadas, designadamente, para o apoio aos Bombeiros que se encontram no teatro de opera\u00e7\u00f5es, a combater, de forma estoica, os inc\u00eandios, bem como para os habitantes locais. Recorde-se que, segundo informa\u00e7\u00f5es de \u00faltima hora, este fat\u00eddico inc\u00eandio, que afectou os munic\u00edpios de Pedr\u00f3g\u00e3o Grande, Figueir\u00f3 dos Vinhos, Castanheira de P\u00eara e Sert\u00e3, tamb\u00e9m se alastrou aos distritos de Leiria e Castelo Branco. <\/span><\/p>\n<p><span style=\"color: #000000; font-family: Calibri;\">\u00a0<\/span><\/p>\n<p><span style=\"color: #000000; font-family: Calibri;\">\u00a0<\/span><\/p>\n<p><span style=\"color: #000000; font-family: Calibri;\">O Presidente da Junta, Pedro Sousa, deslocar-se-\u00e0 ao local da trag\u00e9dia para levar a ajuda aos Soldados da Paz e apresentar a sua solidariedade para com os seus colegas autarcas<\/span><span style=\"color: #000000; font-family: Calibri;\">\u00a0\u00a0\u00a0\u00a0 <\/span><span style=\"color: #000000; font-family: Calibri;\">e popula\u00e7\u00e3o afectada pelos inc\u00eandios.<\/span><span style=\"color: #000000; font-family: Calibri;\">\u00a0 <\/span><\/p>\n<p><span style=\"color: #000000; font-family: Calibri;\">\u00a0<\/span><\/p>\n<p><span style=\"color: #000000; font-family: Calibri;\">\u00a0<\/span><\/p>\n<p><span style=\"color: #000000; font-family: Calibri;\">&#8220;<strong>Todos somos Protec\u00e7\u00e3o Civil. Eu, enquanto representante m\u00e1ximo do Gabinete Local de Protec\u00e7\u00e3o Civil, sinto que tenho uma responsabilidade acrescida neste momento. N\u00e3o consigo ficar de bra\u00e7os cruzados. Ao saber do drama que aquelas pessoas est\u00e3o a enfrentar, das dificuldades dos nossos Soldados da Paz e da dor de quem perdeu um ente querido, s\u00f3 podemos \u00e9 tentar ajudar, deixar o nosso contributo<\/strong>&#8220;, disse Pedro Sousa. <\/span><\/p>\n<p><span style=\"color: #000000; font-family: Calibri;\">\u00a0<\/span><\/p>\n<p><span style=\"color: #000000; font-family: Calibri;\">\u00a0<\/span><\/p>\n<p><span style=\"color: #000000; font-family: Calibri;\">O material hospitalar dever\u00e1 ser entregue nos edif\u00edcios da Junta de Freguesia, em Matosinhos e Le\u00e7a da Palmeira.<\/span><\/p>\n","protected":false},"excerpt":{"rendered":"<p>&nbsp; Na sequ\u00eancia da trag\u00e9dia ocorrida em Pedr\u00f3g\u00e3o Grande e seguindo o apelo da Ministra da Administra\u00e7\u00e3o Interna, Constan\u00e7a Urbana de Sousa, esta Junta de Freguesia ir\u00e1, a partir de hoje, 19 de Junho, proceder a uma campanha de recolha de Material Hospitalar (soro fisiol\u00f3gico, compressas e pomadas de cicatriza\u00e7\u00e3o).<\/p>\n","protected":false},"author":2,"featured_media":17676,"comment_status":"open","ping_status":"closed","sticky":false,"template":"","format":"standard","meta":{"footnotes":""},"categories":[10,11],"tags":[3879,3880],"class_list":["post-25833","post","type-post","status-publish","format-standard","has-post-thumbnail","hentry","category-actualidade","category-pais","tag-matoinhos-leca-da-palmeira","tag-pedrogao-grande"],"yoast_head":"<!-- This site is optimized with the Yoast SEO plugin v27.4 - https:\/\/yoast.com\/product\/yoast-seo-wordpress\/ -->\n<title>Junta de Freguesia Matosinhos- Le\u00e7a da Palmeira apoia Pedr\u00f3g\u00e3o Grande | Infocul.pt - Arquivo Digital<\/title>\n<meta name=\"description\" content=\"Junta de Freguesia Matosinhos- Le\u00e7a da Palmeira apoia Pedr\u00f3g\u00e3o Grande | Infocul.pt - Arquivo Digital\" \/>\n<meta name=\"robots\" content=\"noindex, follow, max-snippet:-1, max-image-preview:large, max-video-preview:-1\" \/>\n<meta property=\"og:locale\" content=\"pt_PT\" \/>\n<meta property=\"og:type\" content=\"article\" \/>\n<meta property=\"og:title\" content=\"Junta de Freguesia Matosinhos- Le\u00e7a da Palmeira apoia Pedr\u00f3g\u00e3o Grande | Infocul.pt - Arquivo Digital\" \/>\n<meta property=\"og:description\" content=\"Junta de Freguesia Matosinhos- Le\u00e7a da Palmeira apoia Pedr\u00f3g\u00e3o Grande | Infocul.pt - Arquivo Digital\" \/>\n<meta property=\"og:url\" content=\"https:\/\/infocul.pt\/arquivo\/actualidade\/junta-de-freguesia-matosinhos-leca-da-palmeira-apoia-pedrogao-grande\/\" \/>\n<meta property=\"og:site_name\" content=\"Infocul.pt - Arquivo Digital\" \/>\n<meta property=\"article:publisher\" content=\"https:\/\/www.facebook.com\/Infocul-147816815585015\/\" \/>\n<meta property=\"article:published_time\" content=\"2017-06-19T11:29:14+00:00\" \/>\n<meta property=\"article:modified_time\" content=\"2017-06-20T11:32:33+00:00\" \/>\n<meta property=\"og:image\" content=\"https:\/\/infocul.pt\/arquivo\/wp-content\/uploads\/2017\/01\/Matosinhos-Le\u00e7a-da-Palmeira.jpg\" \/>\n\t<meta property=\"og:image:width\" content=\"960\" \/>\n\t<meta property=\"og:image:height\" content=\"960\" \/>\n\t<meta property=\"og:image:type\" content=\"image\/jpeg\" \/>\n<meta name=\"author\" content=\"Rui Lavrador\" \/>\n<meta name=\"twitter:card\" content=\"summary_large_image\" \/>\n<meta name=\"twitter:creator\" content=\"@Infoculpt\" \/>\n<meta name=\"twitter:site\" content=\"@Infoculpt\" \/>\n<meta name=\"twitter:label1\" content=\"Escrito por\" \/>\n\t<meta name=\"twitter:data1\" content=\"Rui Lavrador\" \/>\n\t<meta name=\"twitter:label2\" content=\"Tempo estimado de leitura\" \/>\n\t<meta name=\"twitter:data2\" content=\"1 minuto\" \/>\n<script type=\"application\/ld+json\" class=\"yoast-schema-graph\">{\"@context\":\"https:\\\/\\\/schema.org\",\"@graph\":[{\"@type\":\"Article\",\"@id\":\"https:\\\/\\\/infocul.pt\\\/arquivo\\\/actualidade\\\/junta-de-freguesia-matosinhos-leca-da-palmeira-apoia-pedrogao-grande\\\/#article\",\"isPartOf\":{\"@id\":\"https:\\\/\\\/infocul.pt\\\/arquivo\\\/actualidade\\\/junta-de-freguesia-matosinhos-leca-da-palmeira-apoia-pedrogao-grande\\\/\"},\"author\":{\"name\":\"Rui Lavrador\",\"@id\":\"https:\\\/\\\/infocul.pt\\\/arquivo\\\/#\\\/schema\\\/person\\\/060a108d7f2d85fc6aae505119ee5234\"},\"headline\":\"Junta de Freguesia Matosinhos- Le\u00e7a da Palmeira apoia Pedr\u00f3g\u00e3o Grande\",\"datePublished\":\"2017-06-19T11:29:14+00:00\",\"dateModified\":\"2017-06-20T11:32:33+00:00\",\"mainEntityOfPage\":{\"@id\":\"https:\\\/\\\/infocul.pt\\\/arquivo\\\/actualidade\\\/junta-de-freguesia-matosinhos-leca-da-palmeira-apoia-pedrogao-grande\\\/\"},\"wordCount\":280,\"commentCount\":0,\"publisher\":{\"@id\":\"https:\\\/\\\/infocul.pt\\\/arquivo\\\/#organization\"},\"image\":{\"@id\":\"https:\\\/\\\/infocul.pt\\\/arquivo\\\/actualidade\\\/junta-de-freguesia-matosinhos-leca-da-palmeira-apoia-pedrogao-grande\\\/#primaryimage\"},\"thumbnailUrl\":\"https:\\\/\\\/infocul.pt\\\/arquivo\\\/wp-content\\\/uploads\\\/2017\\\/01\\\/Matosinhos-Le\u00e7a-da-Palmeira.jpg\",\"keywords\":[\"Matoinhos-Le\u00e7a da Palmeira\",\"Pedr\u00f3g\u00e3o Grande\"],\"articleSection\":[\"Actualidade\",\"Pa\u00eds\"],\"inLanguage\":\"pt-PT\"},{\"@type\":\"WebPage\",\"@id\":\"https:\\\/\\\/infocul.pt\\\/arquivo\\\/actualidade\\\/junta-de-freguesia-matosinhos-leca-da-palmeira-apoia-pedrogao-grande\\\/\",\"url\":\"https:\\\/\\\/infocul.pt\\\/arquivo\\\/actualidade\\\/junta-de-freguesia-matosinhos-leca-da-palmeira-apoia-pedrogao-grande\\\/\",\"name\":\"Junta de Freguesia Matosinhos- Le\u00e7a da Palmeira apoia Pedr\u00f3g\u00e3o Grande | Infocul.pt - Arquivo Digital\",\"isPartOf\":{\"@id\":\"https:\\\/\\\/infocul.pt\\\/arquivo\\\/#website\"},\"primaryImageOfPage\":{\"@id\":\"https:\\\/\\\/infocul.pt\\\/arquivo\\\/actualidade\\\/junta-de-freguesia-matosinhos-leca-da-palmeira-apoia-pedrogao-grande\\\/#primaryimage\"},\"image\":{\"@id\":\"https:\\\/\\\/infocul.pt\\\/arquivo\\\/actualidade\\\/junta-de-freguesia-matosinhos-leca-da-palmeira-apoia-pedrogao-grande\\\/#primaryimage\"},\"thumbnailUrl\":\"https:\\\/\\\/infocul.pt\\\/arquivo\\\/wp-content\\\/uploads\\\/2017\\\/01\\\/Matosinhos-Le\u00e7a-da-Palmeira.jpg\",\"datePublished\":\"2017-06-19T11:29:14+00:00\",\"dateModified\":\"2017-06-20T11:32:33+00:00\",\"description\":\"Junta de Freguesia Matosinhos- Le\u00e7a da Palmeira apoia Pedr\u00f3g\u00e3o Grande | Infocul.pt - Arquivo Digital\",\"breadcrumb\":{\"@id\":\"https:\\\/\\\/infocul.pt\\\/arquivo\\\/actualidade\\\/junta-de-freguesia-matosinhos-leca-da-palmeira-apoia-pedrogao-grande\\\/#breadcrumb\"},\"inLanguage\":\"pt-PT\",\"potentialAction\":[{\"@type\":\"ReadAction\",\"target\":[\"https:\\\/\\\/infocul.pt\\\/arquivo\\\/actualidade\\\/junta-de-freguesia-matosinhos-leca-da-palmeira-apoia-pedrogao-grande\\\/\"]}]},{\"@type\":\"ImageObject\",\"inLanguage\":\"pt-PT\",\"@id\":\"https:\\\/\\\/infocul.pt\\\/arquivo\\\/actualidade\\\/junta-de-freguesia-matosinhos-leca-da-palmeira-apoia-pedrogao-grande\\\/#primaryimage\",\"url\":\"https:\\\/\\\/infocul.pt\\\/arquivo\\\/wp-content\\\/uploads\\\/2017\\\/01\\\/Matosinhos-Le\u00e7a-da-Palmeira.jpg\",\"contentUrl\":\"https:\\\/\\\/infocul.pt\\\/arquivo\\\/wp-content\\\/uploads\\\/2017\\\/01\\\/Matosinhos-Le\u00e7a-da-Palmeira.jpg\",\"width\":960,\"height\":960},{\"@type\":\"BreadcrumbList\",\"@id\":\"https:\\\/\\\/infocul.pt\\\/arquivo\\\/actualidade\\\/junta-de-freguesia-matosinhos-leca-da-palmeira-apoia-pedrogao-grande\\\/#breadcrumb\",\"itemListElement\":[{\"@type\":\"ListItem\",\"position\":1,\"name\":\"Home\",\"item\":\"https:\\\/\\\/infocul.pt\\\/arquivo\\\/\"},{\"@type\":\"ListItem\",\"position\":2,\"name\":\"Junta de Freguesia Matosinhos- Le\u00e7a da Palmeira apoia Pedr\u00f3g\u00e3o Grande\"}]},{\"@type\":\"WebSite\",\"@id\":\"https:\\\/\\\/infocul.pt\\\/arquivo\\\/#website\",\"url\":\"https:\\\/\\\/infocul.pt\\\/arquivo\\\/\",\"name\":\"Infocul.pt - Arquivo Digital\",\"description\":\"Arquivo digital da Infocul.pt\",\"publisher\":{\"@id\":\"https:\\\/\\\/infocul.pt\\\/arquivo\\\/#organization\"},\"potentialAction\":[{\"@type\":\"SearchAction\",\"target\":{\"@type\":\"EntryPoint\",\"urlTemplate\":\"https:\\\/\\\/infocul.pt\\\/arquivo\\\/?s={search_term_string}\"},\"query-input\":{\"@type\":\"PropertyValueSpecification\",\"valueRequired\":true,\"valueName\":\"search_term_string\"}}],\"inLanguage\":\"pt-PT\"},{\"@type\":\"Organization\",\"@id\":\"https:\\\/\\\/infocul.pt\\\/arquivo\\\/#organization\",\"name\":\"Infocul.pt\",\"url\":\"https:\\\/\\\/infocul.pt\\\/arquivo\\\/\",\"logo\":{\"@type\":\"ImageObject\",\"inLanguage\":\"pt-PT\",\"@id\":\"https:\\\/\\\/infocul.pt\\\/arquivo\\\/#\\\/schema\\\/logo\\\/image\\\/\",\"url\":\"https:\\\/\\\/infocul.pt\\\/arquivo\\\/wp-content\\\/uploads\\\/2018\\\/12\\\/Infocul_logo-1.png\",\"contentUrl\":\"https:\\\/\\\/infocul.pt\\\/arquivo\\\/wp-content\\\/uploads\\\/2018\\\/12\\\/Infocul_logo-1.png\",\"width\":800,\"height\":800,\"caption\":\"Infocul.pt\"},\"image\":{\"@id\":\"https:\\\/\\\/infocul.pt\\\/arquivo\\\/#\\\/schema\\\/logo\\\/image\\\/\"},\"sameAs\":[\"https:\\\/\\\/www.facebook.com\\\/Infocul-147816815585015\\\/\",\"https:\\\/\\\/x.com\\\/Infoculpt\",\"http:\\\/\\\/www.pictaram.com\\\/user\\\/infocul.pt\\\/2370423710\",\"https:\\\/\\\/www.youtube.com\\\/channel\\\/UCYEB91AGI9FL9ek2i_IaQAA\"]},{\"@type\":\"Person\",\"@id\":\"https:\\\/\\\/infocul.pt\\\/arquivo\\\/#\\\/schema\\\/person\\\/060a108d7f2d85fc6aae505119ee5234\",\"name\":\"Rui Lavrador\",\"image\":{\"@type\":\"ImageObject\",\"inLanguage\":\"pt-PT\",\"@id\":\"https:\\\/\\\/secure.gravatar.com\\\/avatar\\\/93febd6873394aa8e975148548a0cb203acfdd42d2c85c5f1408e1a76678aece?s=96&d=mm&r=g\",\"url\":\"https:\\\/\\\/secure.gravatar.com\\\/avatar\\\/93febd6873394aa8e975148548a0cb203acfdd42d2c85c5f1408e1a76678aece?s=96&d=mm&r=g\",\"contentUrl\":\"https:\\\/\\\/secure.gravatar.com\\\/avatar\\\/93febd6873394aa8e975148548a0cb203acfdd42d2c85c5f1408e1a76678aece?s=96&d=mm&r=g\",\"caption\":\"Rui Lavrador\"},\"description\":\"Iniciou em 2011 o seu percurso em comunica\u00e7\u00e3o social, tendo integrado v\u00e1rios projectos editoriais. Durante o seu percurso integrou projectos como Jornal Hardm\u00fasica, LusoNot\u00edcias, Toureio.pt, ODigital.pt, entre outros \u00d3rg\u00e3os de Comunica\u00e7\u00e3o Social nacionais, na redac\u00e7\u00e3o de v\u00e1rios artigos. Entrevistou a grande maioria das personalidades mais importantes da vida social e cultural do pa\u00eds, destacando-se, tamb\u00e9m, na aprecia\u00e7\u00e3o de v\u00e1rios espect\u00e1culos. Durante o seu percurso, deu a conhecer v\u00e1rios artistas, at\u00e9 ent\u00e3o desconhecidos, ao grande p\u00fablico. Em 2015 criou e fundou o Infocul.pt, projecto no qual assume a direc\u00e7\u00e3o editorial.\",\"sameAs\":[\"http:\\\/\\\/www.infocul.pt\"]}]}<\/script>\n<!-- \/ Yoast SEO plugin. -->","yoast_head_json":{"title":"Junta de Freguesia Matosinhos- Le\u00e7a da Palmeira apoia Pedr\u00f3g\u00e3o Grande | Infocul.pt - Arquivo Digital","description":"Junta de Freguesia Matosinhos- Le\u00e7a da Palmeira apoia Pedr\u00f3g\u00e3o Grande | Infocul.pt - Arquivo Digital","robots":{"index":"noindex","follow":"follow","max-snippet":"max-snippet:-1","max-image-preview":"max-image-preview:large","max-video-preview":"max-video-preview:-1"},"og_locale":"pt_PT","og_type":"article","og_title":"Junta de Freguesia Matosinhos- Le\u00e7a da Palmeira apoia Pedr\u00f3g\u00e3o Grande | Infocul.pt - Arquivo Digital","og_description":"Junta de Freguesia Matosinhos- Le\u00e7a da Palmeira apoia Pedr\u00f3g\u00e3o Grande | Infocul.pt - Arquivo Digital","og_url":"https:\/\/infocul.pt\/arquivo\/actualidade\/junta-de-freguesia-matosinhos-leca-da-palmeira-apoia-pedrogao-grande\/","og_site_name":"Infocul.pt - Arquivo Digital","article_publisher":"https:\/\/www.facebook.com\/Infocul-147816815585015\/","article_published_time":"2017-06-19T11:29:14+00:00","article_modified_time":"2017-06-20T11:32:33+00:00","og_image":[{"width":960,"height":960,"url":"https:\/\/infocul.pt\/arquivo\/wp-content\/uploads\/2017\/01\/Matosinhos-Le\u00e7a-da-Palmeira.jpg","type":"image\/jpeg"}],"author":"Rui Lavrador","twitter_card":"summary_large_image","twitter_creator":"@Infoculpt","twitter_site":"@Infoculpt","twitter_misc":{"Escrito por":"Rui Lavrador","Tempo estimado de leitura":"1 minuto"},"schema":{"@context":"https:\/\/schema.org","@graph":[{"@type":"Article","@id":"https:\/\/infocul.pt\/arquivo\/actualidade\/junta-de-freguesia-matosinhos-leca-da-palmeira-apoia-pedrogao-grande\/#article","isPartOf":{"@id":"https:\/\/infocul.pt\/arquivo\/actualidade\/junta-de-freguesia-matosinhos-leca-da-palmeira-apoia-pedrogao-grande\/"},"author":{"name":"Rui Lavrador","@id":"https:\/\/infocul.pt\/arquivo\/#\/schema\/person\/060a108d7f2d85fc6aae505119ee5234"},"headline":"Junta de Freguesia Matosinhos- Le\u00e7a da Palmeira apoia Pedr\u00f3g\u00e3o Grande","datePublished":"2017-06-19T11:29:14+00:00","dateModified":"2017-06-20T11:32:33+00:00","mainEntityOfPage":{"@id":"https:\/\/infocul.pt\/arquivo\/actualidade\/junta-de-freguesia-matosinhos-leca-da-palmeira-apoia-pedrogao-grande\/"},"wordCount":280,"commentCount":0,"publisher":{"@id":"https:\/\/infocul.pt\/arquivo\/#organization"},"image":{"@id":"https:\/\/infocul.pt\/arquivo\/actualidade\/junta-de-freguesia-matosinhos-leca-da-palmeira-apoia-pedrogao-grande\/#primaryimage"},"thumbnailUrl":"https:\/\/infocul.pt\/arquivo\/wp-content\/uploads\/2017\/01\/Matosinhos-Le\u00e7a-da-Palmeira.jpg","keywords":["Matoinhos-Le\u00e7a da Palmeira","Pedr\u00f3g\u00e3o Grande"],"articleSection":["Actualidade","Pa\u00eds"],"inLanguage":"pt-PT"},{"@type":"WebPage","@id":"https:\/\/infocul.pt\/arquivo\/actualidade\/junta-de-freguesia-matosinhos-leca-da-palmeira-apoia-pedrogao-grande\/","url":"https:\/\/infocul.pt\/arquivo\/actualidade\/junta-de-freguesia-matosinhos-leca-da-palmeira-apoia-pedrogao-grande\/","name":"Junta de Freguesia Matosinhos- Le\u00e7a da Palmeira apoia Pedr\u00f3g\u00e3o Grande | Infocul.pt - Arquivo Digital","isPartOf":{"@id":"https:\/\/infocul.pt\/arquivo\/#website"},"primaryImageOfPage":{"@id":"https:\/\/infocul.pt\/arquivo\/actualidade\/junta-de-freguesia-matosinhos-leca-da-palmeira-apoia-pedrogao-grande\/#primaryimage"},"image":{"@id":"https:\/\/infocul.pt\/arquivo\/actualidade\/junta-de-freguesia-matosinhos-leca-da-palmeira-apoia-pedrogao-grande\/#primaryimage"},"thumbnailUrl":"https:\/\/infocul.pt\/arquivo\/wp-content\/uploads\/2017\/01\/Matosinhos-Le\u00e7a-da-Palmeira.jpg","datePublished":"2017-06-19T11:29:14+00:00","dateModified":"2017-06-20T11:32:33+00:00","description":"Junta de Freguesia Matosinhos- Le\u00e7a da Palmeira apoia Pedr\u00f3g\u00e3o Grande | Infocul.pt - Arquivo Digital","breadcrumb":{"@id":"https:\/\/infocul.pt\/arquivo\/actualidade\/junta-de-freguesia-matosinhos-leca-da-palmeira-apoia-pedrogao-grande\/#breadcrumb"},"inLanguage":"pt-PT","potentialAction":[{"@type":"ReadAction","target":["https:\/\/infocul.pt\/arquivo\/actualidade\/junta-de-freguesia-matosinhos-leca-da-palmeira-apoia-pedrogao-grande\/"]}]},{"@type":"ImageObject","inLanguage":"pt-PT","@id":"https:\/\/infocul.pt\/arquivo\/actualidade\/junta-de-freguesia-matosinhos-leca-da-palmeira-apoia-pedrogao-grande\/#primaryimage","url":"https:\/\/infocul.pt\/arquivo\/wp-content\/uploads\/2017\/01\/Matosinhos-Le\u00e7a-da-Palmeira.jpg","contentUrl":"https:\/\/infocul.pt\/arquivo\/wp-content\/uploads\/2017\/01\/Matosinhos-Le\u00e7a-da-Palmeira.jpg","width":960,"height":960},{"@type":"BreadcrumbList","@id":"https:\/\/infocul.pt\/arquivo\/actualidade\/junta-de-freguesia-matosinhos-leca-da-palmeira-apoia-pedrogao-grande\/#breadcrumb","itemListElement":[{"@type":"ListItem","position":1,"name":"Home","item":"https:\/\/infocul.pt\/arquivo\/"},{"@type":"ListItem","position":2,"name":"Junta de Freguesia Matosinhos- Le\u00e7a da Palmeira apoia Pedr\u00f3g\u00e3o Grande"}]},{"@type":"WebSite","@id":"https:\/\/infocul.pt\/arquivo\/#website","url":"https:\/\/infocul.pt\/arquivo\/","name":"Infocul.pt - Arquivo Digital","description":"Arquivo digital da Infocul.pt","publisher":{"@id":"https:\/\/infocul.pt\/arquivo\/#organization"},"potentialAction":[{"@type":"SearchAction","target":{"@type":"EntryPoint","urlTemplate":"https:\/\/infocul.pt\/arquivo\/?s={search_term_string}"},"query-input":{"@type":"PropertyValueSpecification","valueRequired":true,"valueName":"search_term_string"}}],"inLanguage":"pt-PT"},{"@type":"Organization","@id":"https:\/\/infocul.pt\/arquivo\/#organization","name":"Infocul.pt","url":"https:\/\/infocul.pt\/arquivo\/","logo":{"@type":"ImageObject","inLanguage":"pt-PT","@id":"https:\/\/infocul.pt\/arquivo\/#\/schema\/logo\/image\/","url":"https:\/\/infocul.pt\/arquivo\/wp-content\/uploads\/2018\/12\/Infocul_logo-1.png","contentUrl":"https:\/\/infocul.pt\/arquivo\/wp-content\/uploads\/2018\/12\/Infocul_logo-1.png","width":800,"height":800,"caption":"Infocul.pt"},"image":{"@id":"https:\/\/infocul.pt\/arquivo\/#\/schema\/logo\/image\/"},"sameAs":["https:\/\/www.facebook.com\/Infocul-147816815585015\/","https:\/\/x.com\/Infoculpt","http:\/\/www.pictaram.com\/user\/infocul.pt\/2370423710","https:\/\/www.youtube.com\/channel\/UCYEB91AGI9FL9ek2i_IaQAA"]},{"@type":"Person","@id":"https:\/\/infocul.pt\/arquivo\/#\/schema\/person\/060a108d7f2d85fc6aae505119ee5234","name":"Rui Lavrador","image":{"@type":"ImageObject","inLanguage":"pt-PT","@id":"https:\/\/secure.gravatar.com\/avatar\/93febd6873394aa8e975148548a0cb203acfdd42d2c85c5f1408e1a76678aece?s=96&d=mm&r=g","url":"https:\/\/secure.gravatar.com\/avatar\/93febd6873394aa8e975148548a0cb203acfdd42d2c85c5f1408e1a76678aece?s=96&d=mm&r=g","contentUrl":"https:\/\/secure.gravatar.com\/avatar\/93febd6873394aa8e975148548a0cb203acfdd42d2c85c5f1408e1a76678aece?s=96&d=mm&r=g","caption":"Rui Lavrador"},"description":"Iniciou em 2011 o seu percurso em comunica\u00e7\u00e3o social, tendo integrado v\u00e1rios projectos editoriais. Durante o seu percurso integrou projectos como Jornal Hardm\u00fasica, LusoNot\u00edcias, Toureio.pt, ODigital.pt, entre outros \u00d3rg\u00e3os de Comunica\u00e7\u00e3o Social nacionais, na redac\u00e7\u00e3o de v\u00e1rios artigos. Entrevistou a grande maioria das personalidades mais importantes da vida social e cultural do pa\u00eds, destacando-se, tamb\u00e9m, na aprecia\u00e7\u00e3o de v\u00e1rios espect\u00e1culos. Durante o seu percurso, deu a conhecer v\u00e1rios artistas, at\u00e9 ent\u00e3o desconhecidos, ao grande p\u00fablico. Em 2015 criou e fundou o Infocul.pt, projecto no qual assume a direc\u00e7\u00e3o editorial.","sameAs":["http:\/\/www.infocul.pt"]}]}},"_links":{"self":[{"href":"https:\/\/infocul.pt\/arquivo\/wp-json\/wp\/v2\/posts\/25833","targetHints":{"allow":["GET"]}}],"collection":[{"href":"https:\/\/infocul.pt\/arquivo\/wp-json\/wp\/v2\/posts"}],"about":[{"href":"https:\/\/infocul.pt\/arquivo\/wp-json\/wp\/v2\/types\/post"}],"author":[{"embeddable":true,"href":"https:\/\/infocul.pt\/arquivo\/wp-json\/wp\/v2\/users\/2"}],"replies":[{"embeddable":true,"href":"https:\/\/infocul.pt\/arquivo\/wp-json\/wp\/v2\/comments?post=25833"}],"version-history":[{"count":0,"href":"https:\/\/infocul.pt\/arquivo\/wp-json\/wp\/v2\/posts\/25833\/revisions"}],"wp:featuredmedia":[{"embeddable":true,"href":"https:\/\/infocul.pt\/arquivo\/wp-json\/wp\/v2\/media\/17676"}],"wp:attachment":[{"href":"https:\/\/infocul.pt\/arquivo\/wp-json\/wp\/v2\/media?parent=25833"}],"wp:term":[{"taxonomy":"category","embeddable":true,"href":"https:\/\/infocul.pt\/arquivo\/wp-json\/wp\/v2\/categories?post=25833"},{"taxonomy":"post_tag","embeddable":true,"href":"https:\/\/infocul.pt\/arquivo\/wp-json\/wp\/v2\/tags?post=25833"}],"curies":[{"name":"wp","href":"https:\/\/api.w.org\/{rel}","templated":true}]}}