{"id":26128,"date":"2017-06-25T10:06:44","date_gmt":"2017-06-25T10:06:44","guid":{"rendered":"http:\/\/infocul.pt\/?p=26128"},"modified":"2017-06-26T09:32:04","modified_gmt":"2017-06-26T09:32:04","slug":"ganhoes-de-castro-verde-foram-ao-ccb-ensinar-cante-alentejano","status":"publish","type":"post","link":"https:\/\/infocul.pt\/arquivo\/cultura\/ganhoes-de-castro-verde-foram-ao-ccb-ensinar-cante-alentejano\/","title":{"rendered":"Ganh\u00f5es de Castro Verde foram ao CCB ensinar Cante Alentejano"},"content":{"rendered":"<p><img decoding=\"async\" class=\"aligncenter wp-image-162 size-full lazyload\" data-src=\"http:\/\/infocul.pt\/wp-content\/uploads\/2015\/12\/ccb.jpg\" alt=\"ccb\" width=\"500\" height=\"375\" data-srcset=\"https:\/\/infocul.pt\/arquivo\/wp-content\/uploads\/2015\/12\/ccb.jpg 500w, https:\/\/infocul.pt\/arquivo\/wp-content\/uploads\/2015\/12\/ccb-300x225.jpg 300w\" data-sizes=\"(max-width: 500px) 100vw, 500px\" src=\"data:image\/svg+xml;base64,PHN2ZyB3aWR0aD0iMSIgaGVpZ2h0PSIxIiB4bWxucz0iaHR0cDovL3d3dy53My5vcmcvMjAwMC9zdmciPjwvc3ZnPg==\" style=\"--smush-placeholder-width: 500px; --smush-placeholder-aspect-ratio: 500\/375;\" \/><\/p>\n<p>&nbsp;<\/p>\n<p><span style=\"color: #000000; font-family: Calibri;\">Os Ganh\u00f5es de Castro Verde promoveram uma Oficina de Cante no CCB, no passado s\u00e1bado. Uma iniciativa que juntou o grupo com muitos apreciadores de cante alentejano na sala de ensaio do Centro Cultural de Bel\u00e9m, em que foi poss\u00edvel cantar e aprender um pouco mais sobre as modas do cancioneiro alentejano.<\/span><!--more--><\/p>\n<p><span style=\"color: #000000; font-family: Calibri;\">\u00a0<\/span><\/p>\n<p><span style=\"color: #000000; font-family: Calibri;\">\u00a0<\/span><\/p>\n<p><span style=\"color: #000000; font-family: Calibri;\">Este grupo coral foi criado em 1972, sendo que em 1995 \u00e9 criada a Associa\u00e7\u00e3o de Cante Alentejano Os Ganh\u00f5es de Castro Verde, que tem como objectivos a \u201c<strong>Preserva\u00e7\u00e3o e divulga\u00e7\u00e3o do cante alentejano; Preserva\u00e7\u00e3o dos usos e costumes do concelho de Castro Verde; Manter em funcionamento grupos corais de cante alentejano; Promover ac\u00e7\u00f5es por sua iniciativa ou colaborar com outras entidades, com vista \u00e0 referida preserva\u00e7\u00e3o e divulga\u00e7\u00e3o do cante alentejano; Filiar-se em organismos nacionais e internacionais, de acordo com as necessidades da realiza\u00e7\u00e3o do objecto e fins da Associa\u00e7\u00e3o<\/strong>\u201d.<\/span><\/p>\n<p><span style=\"color: #000000; font-family: Calibri;\">\u00a0<\/span><\/p>\n<p><span style=\"color: #000000; font-family: Calibri;\">\u00a0<\/span><\/p>\n<p><span style=\"color: #000000; font-family: Calibri;\">S\u00e3o representantes de Castro Verde e uns dos maiores divulgadores e defensores do cante alentejano. Al\u00e9m da Oficina de Cante, Os Ganh\u00f5es de Castro Verde integraram o espect\u00e1culo \u201cTerra Ch\u00e3\u201d com a Companhia de Bailado de \u00c9vora, que subiu ao palco do Pequeno Audit\u00f3rio do CCB nos dias 23 e 24 de Junho.<\/span><\/p>\n<p><span style=\"color: #000000; font-family: Calibri;\">\u00a0<\/span><\/p>\n<p><span style=\"color: #000000; font-family: Calibri;\">\u00a0<\/span><\/p>\n<p><span style=\"color: #000000; font-family: Calibri;\">Na Oficina de Cante, bem conseguida, houve a explica\u00e7\u00e3o de algumas modas do cancioneiro alentejano, a explica\u00e7\u00e3o do que \u00e9 o \u201cPonto\u201d, o \u201cAlto\u201d e as suas fun\u00e7\u00f5es e caracter\u00edsticas no cante alentejano. <\/span><\/p>\n<p><span style=\"color: #000000; font-family: Calibri;\">\u00a0<\/span><\/p>\n<p><span style=\"color: #000000; font-family: Calibri;\">\u201cGanh\u00f5es\u201d significa \u201c<strong>homens que trabalhavam no campo, na lavoura. Havia duas categorias de Ganh\u00f5es, os de pens\u00e3o, que trabalhavam todo o ano numa determinada herdade, e os \u201crasos\u201d que trabalhavam no que aparecia para fazer: sementeiras, apanha da azeitona, colheitas, etc. Estes mo\u00e7os de lavoura trabalhavam de sol a sol e viviam unicamente do seu trabalho<\/strong>\u201d.<\/span><\/p>\n<p><span style=\"color: #000000; font-family: Calibri;\">\u00a0<\/span><\/p>\n<p><span style=\"color: #000000; font-family: Calibri;\">\u00a0<\/span><\/p>\n<p><span style=\"color: #000000; font-family: Calibri;\">Mas se em tempos idos o Cante estava muito associado ao trabalho, actualmente est\u00e1 mais associado ao lazer e ao conv\u00edvio. Facilmente se pode encontrar gente a cantar \u00e0 alentejana nas t\u00edpicas tascas e tabernas alentejanas. <\/span><\/p>\n<p><span style=\"color: #000000; font-family: Calibri;\">\u00a0<\/span><\/p>\n<p><span style=\"color: #000000; font-family: Calibri;\">\u00a0<\/span><\/p>\n<p><span style=\"color: #000000; font-family: Calibri;\">\u201cMeu l\u00edrio roxo do campo\u201d, \u201cRama da Oliveira\u201d, \u201cJ\u00e1 passei ao mar alto\u201d, \u201cIa chegando \u00e0s areias\u201d, \u201cA Vila de Castro Verde\u201d, \u201cFui colher uma rom\u00e3\u201d, \u201cEstava dormindo acordei\u201d, \u201cD\u00e1-me uma pinguinha de \u00e1gua\u201d, \u201cVai de Centro ao Centro\u201d, \u201c\u00c9 t\u00e3o Grande o Alentejo\u201d ou \u201cCeifeira Linda Ceifeira\u201d foram ensinadas e posteriormente cantadas pelo grupo e pelos curiosos que aderiram a esta iniciativa.<\/span><\/p>\n<p><span style=\"color: #000000; font-family: Calibri;\">\u00a0<\/span><\/p>\n<p><span style=\"color: #000000; font-family: Calibri;\">\u00a0<\/span><\/p>\n<p><span style=\"color: #000000; font-family: Calibri;\">Esta iniciativa tem especial relev\u00e2ncia por permitir que se conhe\u00e7a um pouco mais a fundo o cante alentejano, para se perceber a forma interpretativa e as mensagens que tenta transmitir. Uma iniciativa louv\u00e1vel e que esperamos se possa repetir em breve.<\/span><\/p>\n","protected":false},"excerpt":{"rendered":"<p>&nbsp; Os Ganh\u00f5es de Castro Verde promoveram uma Oficina de Cante no CCB, no passado s\u00e1bado. Uma iniciativa que juntou o grupo com muitos apreciadores de cante alentejano na sala de ensaio do Centro Cultural de Bel\u00e9m, em que foi poss\u00edvel cantar e aprender um pouco mais sobre as modas do cancioneiro alentejano.<\/p>\n","protected":false},"author":2,"featured_media":162,"comment_status":"open","ping_status":"closed","sticky":false,"template":"","format":"standard","meta":{"footnotes":""},"categories":[2,9],"tags":[249,90,1259,59,1224],"class_list":["post-26128","post","type-post","status-publish","format-standard","has-post-thumbnail","hentry","category-cultura","category-outros","tag-alentejo","tag-cante-alentejano","tag-castro-verde","tag-ccb","tag-ganhoes-de-castro-verde"],"yoast_head":"<!-- This site is optimized with the Yoast SEO plugin v27.4 - https:\/\/yoast.com\/product\/yoast-seo-wordpress\/ -->\n<title>Ganh\u00f5es de Castro Verde foram ao CCB ensinar Cante Alentejano | Infocul.pt - Arquivo Digital<\/title>\n<meta name=\"description\" content=\"Ganh\u00f5es de Castro Verde foram ao CCB ensinar Cante Alentejano | Infocul.pt - Arquivo Digital\" \/>\n<meta name=\"robots\" content=\"noindex, follow, max-snippet:-1, max-image-preview:large, max-video-preview:-1\" \/>\n<meta property=\"og:locale\" content=\"pt_PT\" \/>\n<meta property=\"og:type\" content=\"article\" \/>\n<meta property=\"og:title\" content=\"Ganh\u00f5es de Castro Verde foram ao CCB ensinar Cante Alentejano | Infocul.pt - Arquivo Digital\" \/>\n<meta property=\"og:description\" content=\"Ganh\u00f5es de Castro Verde foram ao CCB ensinar Cante Alentejano | Infocul.pt - Arquivo Digital\" \/>\n<meta property=\"og:url\" content=\"https:\/\/infocul.pt\/arquivo\/cultura\/ganhoes-de-castro-verde-foram-ao-ccb-ensinar-cante-alentejano\/\" \/>\n<meta property=\"og:site_name\" content=\"Infocul.pt - Arquivo Digital\" \/>\n<meta property=\"article:publisher\" content=\"https:\/\/www.facebook.com\/Infocul-147816815585015\/\" \/>\n<meta property=\"article:published_time\" content=\"2017-06-25T10:06:44+00:00\" \/>\n<meta property=\"article:modified_time\" content=\"2017-06-26T09:32:04+00:00\" \/>\n<meta property=\"og:image\" content=\"https:\/\/infocul.pt\/arquivo\/wp-content\/uploads\/2015\/12\/ccb.jpg\" \/>\n\t<meta property=\"og:image:width\" content=\"500\" \/>\n\t<meta property=\"og:image:height\" content=\"375\" \/>\n\t<meta property=\"og:image:type\" content=\"image\/jpeg\" \/>\n<meta name=\"author\" content=\"Rui Lavrador\" \/>\n<meta name=\"twitter:card\" content=\"summary_large_image\" \/>\n<meta name=\"twitter:creator\" content=\"@Infoculpt\" \/>\n<meta name=\"twitter:site\" content=\"@Infoculpt\" \/>\n<meta name=\"twitter:label1\" content=\"Escrito por\" \/>\n\t<meta name=\"twitter:data1\" content=\"Rui Lavrador\" \/>\n\t<meta name=\"twitter:label2\" content=\"Tempo estimado de leitura\" \/>\n\t<meta name=\"twitter:data2\" content=\"2 minutos\" \/>\n<script type=\"application\/ld+json\" class=\"yoast-schema-graph\">{\"@context\":\"https:\\\/\\\/schema.org\",\"@graph\":[{\"@type\":\"Article\",\"@id\":\"https:\\\/\\\/infocul.pt\\\/arquivo\\\/cultura\\\/ganhoes-de-castro-verde-foram-ao-ccb-ensinar-cante-alentejano\\\/#article\",\"isPartOf\":{\"@id\":\"https:\\\/\\\/infocul.pt\\\/arquivo\\\/cultura\\\/ganhoes-de-castro-verde-foram-ao-ccb-ensinar-cante-alentejano\\\/\"},\"author\":{\"name\":\"Rui Lavrador\",\"@id\":\"https:\\\/\\\/infocul.pt\\\/arquivo\\\/#\\\/schema\\\/person\\\/060a108d7f2d85fc6aae505119ee5234\"},\"headline\":\"Ganh\u00f5es de Castro Verde foram ao CCB ensinar Cante Alentejano\",\"datePublished\":\"2017-06-25T10:06:44+00:00\",\"dateModified\":\"2017-06-26T09:32:04+00:00\",\"mainEntityOfPage\":{\"@id\":\"https:\\\/\\\/infocul.pt\\\/arquivo\\\/cultura\\\/ganhoes-de-castro-verde-foram-ao-ccb-ensinar-cante-alentejano\\\/\"},\"wordCount\":463,\"commentCount\":0,\"publisher\":{\"@id\":\"https:\\\/\\\/infocul.pt\\\/arquivo\\\/#organization\"},\"image\":{\"@id\":\"https:\\\/\\\/infocul.pt\\\/arquivo\\\/cultura\\\/ganhoes-de-castro-verde-foram-ao-ccb-ensinar-cante-alentejano\\\/#primaryimage\"},\"thumbnailUrl\":\"https:\\\/\\\/infocul.pt\\\/arquivo\\\/wp-content\\\/uploads\\\/2015\\\/12\\\/ccb.jpg\",\"keywords\":[\"Alentejo\",\"Cante Alentejano\",\"Castro Verde\",\"CCB\",\"Ganh\u00f5es de Castro Verde\"],\"articleSection\":[\"Cultura\",\"Outros\"],\"inLanguage\":\"pt-PT\"},{\"@type\":\"WebPage\",\"@id\":\"https:\\\/\\\/infocul.pt\\\/arquivo\\\/cultura\\\/ganhoes-de-castro-verde-foram-ao-ccb-ensinar-cante-alentejano\\\/\",\"url\":\"https:\\\/\\\/infocul.pt\\\/arquivo\\\/cultura\\\/ganhoes-de-castro-verde-foram-ao-ccb-ensinar-cante-alentejano\\\/\",\"name\":\"Ganh\u00f5es de Castro Verde foram ao CCB ensinar Cante Alentejano | Infocul.pt - Arquivo Digital\",\"isPartOf\":{\"@id\":\"https:\\\/\\\/infocul.pt\\\/arquivo\\\/#website\"},\"primaryImageOfPage\":{\"@id\":\"https:\\\/\\\/infocul.pt\\\/arquivo\\\/cultura\\\/ganhoes-de-castro-verde-foram-ao-ccb-ensinar-cante-alentejano\\\/#primaryimage\"},\"image\":{\"@id\":\"https:\\\/\\\/infocul.pt\\\/arquivo\\\/cultura\\\/ganhoes-de-castro-verde-foram-ao-ccb-ensinar-cante-alentejano\\\/#primaryimage\"},\"thumbnailUrl\":\"https:\\\/\\\/infocul.pt\\\/arquivo\\\/wp-content\\\/uploads\\\/2015\\\/12\\\/ccb.jpg\",\"datePublished\":\"2017-06-25T10:06:44+00:00\",\"dateModified\":\"2017-06-26T09:32:04+00:00\",\"description\":\"Ganh\u00f5es de Castro Verde foram ao CCB ensinar Cante Alentejano | Infocul.pt - Arquivo Digital\",\"breadcrumb\":{\"@id\":\"https:\\\/\\\/infocul.pt\\\/arquivo\\\/cultura\\\/ganhoes-de-castro-verde-foram-ao-ccb-ensinar-cante-alentejano\\\/#breadcrumb\"},\"inLanguage\":\"pt-PT\",\"potentialAction\":[{\"@type\":\"ReadAction\",\"target\":[\"https:\\\/\\\/infocul.pt\\\/arquivo\\\/cultura\\\/ganhoes-de-castro-verde-foram-ao-ccb-ensinar-cante-alentejano\\\/\"]}]},{\"@type\":\"ImageObject\",\"inLanguage\":\"pt-PT\",\"@id\":\"https:\\\/\\\/infocul.pt\\\/arquivo\\\/cultura\\\/ganhoes-de-castro-verde-foram-ao-ccb-ensinar-cante-alentejano\\\/#primaryimage\",\"url\":\"https:\\\/\\\/infocul.pt\\\/arquivo\\\/wp-content\\\/uploads\\\/2015\\\/12\\\/ccb.jpg\",\"contentUrl\":\"https:\\\/\\\/infocul.pt\\\/arquivo\\\/wp-content\\\/uploads\\\/2015\\\/12\\\/ccb.jpg\",\"width\":500,\"height\":375},{\"@type\":\"BreadcrumbList\",\"@id\":\"https:\\\/\\\/infocul.pt\\\/arquivo\\\/cultura\\\/ganhoes-de-castro-verde-foram-ao-ccb-ensinar-cante-alentejano\\\/#breadcrumb\",\"itemListElement\":[{\"@type\":\"ListItem\",\"position\":1,\"name\":\"Home\",\"item\":\"https:\\\/\\\/infocul.pt\\\/arquivo\\\/\"},{\"@type\":\"ListItem\",\"position\":2,\"name\":\"Ganh\u00f5es de Castro Verde foram ao CCB ensinar Cante Alentejano\"}]},{\"@type\":\"WebSite\",\"@id\":\"https:\\\/\\\/infocul.pt\\\/arquivo\\\/#website\",\"url\":\"https:\\\/\\\/infocul.pt\\\/arquivo\\\/\",\"name\":\"Infocul.pt - Arquivo Digital\",\"description\":\"Arquivo digital da Infocul.pt\",\"publisher\":{\"@id\":\"https:\\\/\\\/infocul.pt\\\/arquivo\\\/#organization\"},\"potentialAction\":[{\"@type\":\"SearchAction\",\"target\":{\"@type\":\"EntryPoint\",\"urlTemplate\":\"https:\\\/\\\/infocul.pt\\\/arquivo\\\/?s={search_term_string}\"},\"query-input\":{\"@type\":\"PropertyValueSpecification\",\"valueRequired\":true,\"valueName\":\"search_term_string\"}}],\"inLanguage\":\"pt-PT\"},{\"@type\":\"Organization\",\"@id\":\"https:\\\/\\\/infocul.pt\\\/arquivo\\\/#organization\",\"name\":\"Infocul.pt\",\"url\":\"https:\\\/\\\/infocul.pt\\\/arquivo\\\/\",\"logo\":{\"@type\":\"ImageObject\",\"inLanguage\":\"pt-PT\",\"@id\":\"https:\\\/\\\/infocul.pt\\\/arquivo\\\/#\\\/schema\\\/logo\\\/image\\\/\",\"url\":\"https:\\\/\\\/infocul.pt\\\/arquivo\\\/wp-content\\\/uploads\\\/2018\\\/12\\\/Infocul_logo-1.png\",\"contentUrl\":\"https:\\\/\\\/infocul.pt\\\/arquivo\\\/wp-content\\\/uploads\\\/2018\\\/12\\\/Infocul_logo-1.png\",\"width\":800,\"height\":800,\"caption\":\"Infocul.pt\"},\"image\":{\"@id\":\"https:\\\/\\\/infocul.pt\\\/arquivo\\\/#\\\/schema\\\/logo\\\/image\\\/\"},\"sameAs\":[\"https:\\\/\\\/www.facebook.com\\\/Infocul-147816815585015\\\/\",\"https:\\\/\\\/x.com\\\/Infoculpt\",\"http:\\\/\\\/www.pictaram.com\\\/user\\\/infocul.pt\\\/2370423710\",\"https:\\\/\\\/www.youtube.com\\\/channel\\\/UCYEB91AGI9FL9ek2i_IaQAA\"]},{\"@type\":\"Person\",\"@id\":\"https:\\\/\\\/infocul.pt\\\/arquivo\\\/#\\\/schema\\\/person\\\/060a108d7f2d85fc6aae505119ee5234\",\"name\":\"Rui Lavrador\",\"image\":{\"@type\":\"ImageObject\",\"inLanguage\":\"pt-PT\",\"@id\":\"https:\\\/\\\/secure.gravatar.com\\\/avatar\\\/93febd6873394aa8e975148548a0cb203acfdd42d2c85c5f1408e1a76678aece?s=96&d=mm&r=g\",\"url\":\"https:\\\/\\\/secure.gravatar.com\\\/avatar\\\/93febd6873394aa8e975148548a0cb203acfdd42d2c85c5f1408e1a76678aece?s=96&d=mm&r=g\",\"contentUrl\":\"https:\\\/\\\/secure.gravatar.com\\\/avatar\\\/93febd6873394aa8e975148548a0cb203acfdd42d2c85c5f1408e1a76678aece?s=96&d=mm&r=g\",\"caption\":\"Rui Lavrador\"},\"description\":\"Iniciou em 2011 o seu percurso em comunica\u00e7\u00e3o social, tendo integrado v\u00e1rios projectos editoriais. Durante o seu percurso integrou projectos como Jornal Hardm\u00fasica, LusoNot\u00edcias, Toureio.pt, ODigital.pt, entre outros \u00d3rg\u00e3os de Comunica\u00e7\u00e3o Social nacionais, na redac\u00e7\u00e3o de v\u00e1rios artigos. Entrevistou a grande maioria das personalidades mais importantes da vida social e cultural do pa\u00eds, destacando-se, tamb\u00e9m, na aprecia\u00e7\u00e3o de v\u00e1rios espect\u00e1culos. Durante o seu percurso, deu a conhecer v\u00e1rios artistas, at\u00e9 ent\u00e3o desconhecidos, ao grande p\u00fablico. Em 2015 criou e fundou o Infocul.pt, projecto no qual assume a direc\u00e7\u00e3o editorial.\",\"sameAs\":[\"http:\\\/\\\/www.infocul.pt\"]}]}<\/script>\n<!-- \/ Yoast SEO plugin. -->","yoast_head_json":{"title":"Ganh\u00f5es de Castro Verde foram ao CCB ensinar Cante Alentejano | Infocul.pt - Arquivo Digital","description":"Ganh\u00f5es de Castro Verde foram ao CCB ensinar Cante Alentejano | Infocul.pt - Arquivo Digital","robots":{"index":"noindex","follow":"follow","max-snippet":"max-snippet:-1","max-image-preview":"max-image-preview:large","max-video-preview":"max-video-preview:-1"},"og_locale":"pt_PT","og_type":"article","og_title":"Ganh\u00f5es de Castro Verde foram ao CCB ensinar Cante Alentejano | Infocul.pt - Arquivo Digital","og_description":"Ganh\u00f5es de Castro Verde foram ao CCB ensinar Cante Alentejano | Infocul.pt - Arquivo Digital","og_url":"https:\/\/infocul.pt\/arquivo\/cultura\/ganhoes-de-castro-verde-foram-ao-ccb-ensinar-cante-alentejano\/","og_site_name":"Infocul.pt - Arquivo Digital","article_publisher":"https:\/\/www.facebook.com\/Infocul-147816815585015\/","article_published_time":"2017-06-25T10:06:44+00:00","article_modified_time":"2017-06-26T09:32:04+00:00","og_image":[{"width":500,"height":375,"url":"https:\/\/infocul.pt\/arquivo\/wp-content\/uploads\/2015\/12\/ccb.jpg","type":"image\/jpeg"}],"author":"Rui Lavrador","twitter_card":"summary_large_image","twitter_creator":"@Infoculpt","twitter_site":"@Infoculpt","twitter_misc":{"Escrito por":"Rui Lavrador","Tempo estimado de leitura":"2 minutos"},"schema":{"@context":"https:\/\/schema.org","@graph":[{"@type":"Article","@id":"https:\/\/infocul.pt\/arquivo\/cultura\/ganhoes-de-castro-verde-foram-ao-ccb-ensinar-cante-alentejano\/#article","isPartOf":{"@id":"https:\/\/infocul.pt\/arquivo\/cultura\/ganhoes-de-castro-verde-foram-ao-ccb-ensinar-cante-alentejano\/"},"author":{"name":"Rui Lavrador","@id":"https:\/\/infocul.pt\/arquivo\/#\/schema\/person\/060a108d7f2d85fc6aae505119ee5234"},"headline":"Ganh\u00f5es de Castro Verde foram ao CCB ensinar Cante Alentejano","datePublished":"2017-06-25T10:06:44+00:00","dateModified":"2017-06-26T09:32:04+00:00","mainEntityOfPage":{"@id":"https:\/\/infocul.pt\/arquivo\/cultura\/ganhoes-de-castro-verde-foram-ao-ccb-ensinar-cante-alentejano\/"},"wordCount":463,"commentCount":0,"publisher":{"@id":"https:\/\/infocul.pt\/arquivo\/#organization"},"image":{"@id":"https:\/\/infocul.pt\/arquivo\/cultura\/ganhoes-de-castro-verde-foram-ao-ccb-ensinar-cante-alentejano\/#primaryimage"},"thumbnailUrl":"https:\/\/infocul.pt\/arquivo\/wp-content\/uploads\/2015\/12\/ccb.jpg","keywords":["Alentejo","Cante Alentejano","Castro Verde","CCB","Ganh\u00f5es de Castro Verde"],"articleSection":["Cultura","Outros"],"inLanguage":"pt-PT"},{"@type":"WebPage","@id":"https:\/\/infocul.pt\/arquivo\/cultura\/ganhoes-de-castro-verde-foram-ao-ccb-ensinar-cante-alentejano\/","url":"https:\/\/infocul.pt\/arquivo\/cultura\/ganhoes-de-castro-verde-foram-ao-ccb-ensinar-cante-alentejano\/","name":"Ganh\u00f5es de Castro Verde foram ao CCB ensinar Cante Alentejano | Infocul.pt - Arquivo Digital","isPartOf":{"@id":"https:\/\/infocul.pt\/arquivo\/#website"},"primaryImageOfPage":{"@id":"https:\/\/infocul.pt\/arquivo\/cultura\/ganhoes-de-castro-verde-foram-ao-ccb-ensinar-cante-alentejano\/#primaryimage"},"image":{"@id":"https:\/\/infocul.pt\/arquivo\/cultura\/ganhoes-de-castro-verde-foram-ao-ccb-ensinar-cante-alentejano\/#primaryimage"},"thumbnailUrl":"https:\/\/infocul.pt\/arquivo\/wp-content\/uploads\/2015\/12\/ccb.jpg","datePublished":"2017-06-25T10:06:44+00:00","dateModified":"2017-06-26T09:32:04+00:00","description":"Ganh\u00f5es de Castro Verde foram ao CCB ensinar Cante Alentejano | Infocul.pt - Arquivo Digital","breadcrumb":{"@id":"https:\/\/infocul.pt\/arquivo\/cultura\/ganhoes-de-castro-verde-foram-ao-ccb-ensinar-cante-alentejano\/#breadcrumb"},"inLanguage":"pt-PT","potentialAction":[{"@type":"ReadAction","target":["https:\/\/infocul.pt\/arquivo\/cultura\/ganhoes-de-castro-verde-foram-ao-ccb-ensinar-cante-alentejano\/"]}]},{"@type":"ImageObject","inLanguage":"pt-PT","@id":"https:\/\/infocul.pt\/arquivo\/cultura\/ganhoes-de-castro-verde-foram-ao-ccb-ensinar-cante-alentejano\/#primaryimage","url":"https:\/\/infocul.pt\/arquivo\/wp-content\/uploads\/2015\/12\/ccb.jpg","contentUrl":"https:\/\/infocul.pt\/arquivo\/wp-content\/uploads\/2015\/12\/ccb.jpg","width":500,"height":375},{"@type":"BreadcrumbList","@id":"https:\/\/infocul.pt\/arquivo\/cultura\/ganhoes-de-castro-verde-foram-ao-ccb-ensinar-cante-alentejano\/#breadcrumb","itemListElement":[{"@type":"ListItem","position":1,"name":"Home","item":"https:\/\/infocul.pt\/arquivo\/"},{"@type":"ListItem","position":2,"name":"Ganh\u00f5es de Castro Verde foram ao CCB ensinar Cante Alentejano"}]},{"@type":"WebSite","@id":"https:\/\/infocul.pt\/arquivo\/#website","url":"https:\/\/infocul.pt\/arquivo\/","name":"Infocul.pt - Arquivo Digital","description":"Arquivo digital da Infocul.pt","publisher":{"@id":"https:\/\/infocul.pt\/arquivo\/#organization"},"potentialAction":[{"@type":"SearchAction","target":{"@type":"EntryPoint","urlTemplate":"https:\/\/infocul.pt\/arquivo\/?s={search_term_string}"},"query-input":{"@type":"PropertyValueSpecification","valueRequired":true,"valueName":"search_term_string"}}],"inLanguage":"pt-PT"},{"@type":"Organization","@id":"https:\/\/infocul.pt\/arquivo\/#organization","name":"Infocul.pt","url":"https:\/\/infocul.pt\/arquivo\/","logo":{"@type":"ImageObject","inLanguage":"pt-PT","@id":"https:\/\/infocul.pt\/arquivo\/#\/schema\/logo\/image\/","url":"https:\/\/infocul.pt\/arquivo\/wp-content\/uploads\/2018\/12\/Infocul_logo-1.png","contentUrl":"https:\/\/infocul.pt\/arquivo\/wp-content\/uploads\/2018\/12\/Infocul_logo-1.png","width":800,"height":800,"caption":"Infocul.pt"},"image":{"@id":"https:\/\/infocul.pt\/arquivo\/#\/schema\/logo\/image\/"},"sameAs":["https:\/\/www.facebook.com\/Infocul-147816815585015\/","https:\/\/x.com\/Infoculpt","http:\/\/www.pictaram.com\/user\/infocul.pt\/2370423710","https:\/\/www.youtube.com\/channel\/UCYEB91AGI9FL9ek2i_IaQAA"]},{"@type":"Person","@id":"https:\/\/infocul.pt\/arquivo\/#\/schema\/person\/060a108d7f2d85fc6aae505119ee5234","name":"Rui Lavrador","image":{"@type":"ImageObject","inLanguage":"pt-PT","@id":"https:\/\/secure.gravatar.com\/avatar\/93febd6873394aa8e975148548a0cb203acfdd42d2c85c5f1408e1a76678aece?s=96&d=mm&r=g","url":"https:\/\/secure.gravatar.com\/avatar\/93febd6873394aa8e975148548a0cb203acfdd42d2c85c5f1408e1a76678aece?s=96&d=mm&r=g","contentUrl":"https:\/\/secure.gravatar.com\/avatar\/93febd6873394aa8e975148548a0cb203acfdd42d2c85c5f1408e1a76678aece?s=96&d=mm&r=g","caption":"Rui Lavrador"},"description":"Iniciou em 2011 o seu percurso em comunica\u00e7\u00e3o social, tendo integrado v\u00e1rios projectos editoriais. Durante o seu percurso integrou projectos como Jornal Hardm\u00fasica, LusoNot\u00edcias, Toureio.pt, ODigital.pt, entre outros \u00d3rg\u00e3os de Comunica\u00e7\u00e3o Social nacionais, na redac\u00e7\u00e3o de v\u00e1rios artigos. Entrevistou a grande maioria das personalidades mais importantes da vida social e cultural do pa\u00eds, destacando-se, tamb\u00e9m, na aprecia\u00e7\u00e3o de v\u00e1rios espect\u00e1culos. Durante o seu percurso, deu a conhecer v\u00e1rios artistas, at\u00e9 ent\u00e3o desconhecidos, ao grande p\u00fablico. Em 2015 criou e fundou o Infocul.pt, projecto no qual assume a direc\u00e7\u00e3o editorial.","sameAs":["http:\/\/www.infocul.pt"]}]}},"_links":{"self":[{"href":"https:\/\/infocul.pt\/arquivo\/wp-json\/wp\/v2\/posts\/26128","targetHints":{"allow":["GET"]}}],"collection":[{"href":"https:\/\/infocul.pt\/arquivo\/wp-json\/wp\/v2\/posts"}],"about":[{"href":"https:\/\/infocul.pt\/arquivo\/wp-json\/wp\/v2\/types\/post"}],"author":[{"embeddable":true,"href":"https:\/\/infocul.pt\/arquivo\/wp-json\/wp\/v2\/users\/2"}],"replies":[{"embeddable":true,"href":"https:\/\/infocul.pt\/arquivo\/wp-json\/wp\/v2\/comments?post=26128"}],"version-history":[{"count":0,"href":"https:\/\/infocul.pt\/arquivo\/wp-json\/wp\/v2\/posts\/26128\/revisions"}],"wp:featuredmedia":[{"embeddable":true,"href":"https:\/\/infocul.pt\/arquivo\/wp-json\/wp\/v2\/media\/162"}],"wp:attachment":[{"href":"https:\/\/infocul.pt\/arquivo\/wp-json\/wp\/v2\/media?parent=26128"}],"wp:term":[{"taxonomy":"category","embeddable":true,"href":"https:\/\/infocul.pt\/arquivo\/wp-json\/wp\/v2\/categories?post=26128"},{"taxonomy":"post_tag","embeddable":true,"href":"https:\/\/infocul.pt\/arquivo\/wp-json\/wp\/v2\/tags?post=26128"}],"curies":[{"name":"wp","href":"https:\/\/api.w.org\/{rel}","templated":true}]}}