{"id":26780,"date":"2017-07-10T11:29:53","date_gmt":"2017-07-10T11:29:53","guid":{"rendered":"http:\/\/infocul.pt\/?p=26780"},"modified":"2017-07-10T11:29:53","modified_gmt":"2017-07-10T11:29:53","slug":"ibis-lanca-campanha-inedita-com-snapchat-spectacles","status":"publish","type":"post","link":"https:\/\/infocul.pt\/arquivo\/actualidade\/ibis-lanca-campanha-inedita-com-snapchat-spectacles\/","title":{"rendered":"ibis lan\u00e7a campanha in\u00e9dita com Snapchat Spectacles"},"content":{"rendered":"<p><img decoding=\"async\" class=\"aligncenter wp-image-26781 size-full lazyload\" data-src=\"http:\/\/infocul.pt\/wp-content\/uploads\/2017\/07\/ibis.jpg\" alt=\"ibis\" width=\"940\" height=\"310\" data-srcset=\"https:\/\/infocul.pt\/arquivo\/wp-content\/uploads\/2017\/07\/ibis.jpg 940w, https:\/\/infocul.pt\/arquivo\/wp-content\/uploads\/2017\/07\/ibis-300x99.jpg 300w, https:\/\/infocul.pt\/arquivo\/wp-content\/uploads\/2017\/07\/ibis-768x253.jpg 768w\" data-sizes=\"(max-width: 940px) 100vw, 940px\" src=\"data:image\/svg+xml;base64,PHN2ZyB3aWR0aD0iMSIgaGVpZ2h0PSIxIiB4bWxucz0iaHR0cDovL3d3dy53My5vcmcvMjAwMC9zdmciPjwvc3ZnPg==\" style=\"--smush-placeholder-width: 940px; --smush-placeholder-aspect-ratio: 940\/310;\" \/><br \/>\nA ibis e a ag\u00eancia MRM McCann lan\u00e7am uma nova campanha digital inovadora destinadas aos Millennials: SNAP&#8217;EYES by ibis. O conceito \u00e9 simples: tr\u00eas cidades e tr\u00eas ambientes a descobrir atrav\u00e9s das lentes das Snapchat Spectacles do bloguer Alex Vizeo&#8230; uma viagem que pode ser controlada pelos internautas!\u00a0 <!--more--><br \/>\n&nbsp;<\/p>\n<p>&nbsp;<\/p>\n<p>&nbsp;<\/p>\n<p>&nbsp;<\/p>\n<p>De 10 a 15 de julho, o bloguer de viagens Alex Vizeo vai visitar Londres, Barcelona e Berlim. Com os Snapchat Spectacles, os \u00f3culos conectados de Snapchat, o bloguer vai propor uma vis\u00e3o \u00fanica e divertida destas tr\u00eas cidades. A originalidade da campanha reside na experi\u00eancia imersiva onde os utilizadores do Snapchat v\u00e3o decidir o que Alex vai fazer: Fish&amp;Chips ou Kidney Pie? Um passeio em Trabant ou uma ida a um museu ao ar livre? Um ser\u00e3o de descanso em Barceloneta ou uma noite festiva numa discoteca da moda? Alex Vizeo vai ser guiado pelos internautas que ter\u00e3o apenas de responder aos Snaps da conta @ibishotels para influenciar o programa do bloguer.<\/p>\n<p><strong>ibis inspira os v\u00e1rios viajantes que temos em n\u00f3s<\/strong><br \/>\nCom Snap&#8217;Eyes by ibis, as marcas ibis d\u00e3o vida \u00e0 sua vis\u00e3o do que \u00e9 uma viagem, patente na nova assinatura &#8220;ibis for you, you and you&#8221;. Porque nunca somos duas vezes o mesmo viajante, as marcas ibis, ibis Styles e ibis budget ofereceram experi\u00eancias diferentes independentemente da viagem, da idade ou do estilo de vida de cada um.<\/p>\n<p>Com a ag\u00eancia MRM McCann, a ibis pretende alavancar a assinatura da marca nas redes sociais com uma promessa forte: ibis inspira todos os tipos de viajantes que temos em n\u00f3s.<\/p>\n<p><strong>3 cidades, 3 ambientes, v\u00e1rios desafios!<\/strong><br \/>\nEm Londres, Alex Vizeo ficar\u00e1 hospedado no ibis Styles London Southwark e ir\u00e1 propor aos seus seguidores algumas atividades que mostrar\u00e3o o lado urbano e moderno da capital brit\u00e2nica. Em Barcelona, a partir do ibis Barcelona Centro Sagrada Familia, Alex dar\u00e1 a escolher entre um ambiente relaxante ou um clima festivo e de dan\u00e7a. Finalmente, a partir do ibis budget Berlin City Potsdamer Platz, o bloguer partilhar\u00e1 os seus planos para fazer descobrir uma Berlim moderna e alternativa, acess\u00edvel para todos.<\/p>\n<p>\u00ab<strong>Alguns meses depois do sucesso do Sleepathon by ibis, para o lan\u00e7amento da sua conta de Snapchat, as marcas ibis seguem as novas tend\u00eancias nas redes sociais com os Snapchat Spectacles. Estes \u00f3culos 100% conectados, com um design moderno, oferecem uma experi\u00eancia imersiva in\u00e9dita e divertida. O que ir\u00e1 seduzir os jovens clientes ibis que est\u00e3o sempre \u00e0 procura de momentos \u00fanicos e espont\u00e2neos no decorrer das suas viagens<\/strong>\u00bb, explica Martine Gorce-Momboisse, SVP Global Marketing Eco and Midscale Brands.<\/p>\n","protected":false},"excerpt":{"rendered":"<p>A ibis e a ag\u00eancia MRM McCann lan\u00e7am uma nova campanha digital inovadora destinadas aos Millennials: SNAP&#8217;EYES by ibis. O conceito \u00e9 simples: tr\u00eas cidades e tr\u00eas ambientes a descobrir atrav\u00e9s das lentes das Snapchat Spectacles do bloguer Alex Vizeo&#8230; uma viagem que pode ser controlada pelos internautas!\u00a0<\/p>\n","protected":false},"author":2,"featured_media":26781,"comment_status":"open","ping_status":"closed","sticky":false,"template":"","format":"standard","meta":{"footnotes":""},"categories":[10,13],"tags":[3945],"class_list":["post-26780","post","type-post","status-publish","format-standard","has-post-thumbnail","hentry","category-actualidade","category-turismo","tag-ibis"],"yoast_head":"<!-- This site is optimized with the Yoast SEO plugin v27.4 - https:\/\/yoast.com\/product\/yoast-seo-wordpress\/ -->\n<title>ibis lan\u00e7a campanha in\u00e9dita com Snapchat Spectacles | Infocul.pt - Arquivo Digital<\/title>\n<meta name=\"description\" content=\"ibis lan\u00e7a campanha in\u00e9dita com Snapchat Spectacles | Infocul.pt - Arquivo Digital\" \/>\n<meta name=\"robots\" content=\"noindex, follow, max-snippet:-1, max-image-preview:large, max-video-preview:-1\" \/>\n<meta property=\"og:locale\" content=\"pt_PT\" \/>\n<meta property=\"og:type\" content=\"article\" \/>\n<meta property=\"og:title\" content=\"ibis lan\u00e7a campanha in\u00e9dita com Snapchat Spectacles | Infocul.pt - Arquivo Digital\" \/>\n<meta property=\"og:description\" content=\"ibis lan\u00e7a campanha in\u00e9dita com Snapchat Spectacles | Infocul.pt - Arquivo Digital\" \/>\n<meta property=\"og:url\" content=\"https:\/\/infocul.pt\/arquivo\/actualidade\/ibis-lanca-campanha-inedita-com-snapchat-spectacles\/\" \/>\n<meta property=\"og:site_name\" content=\"Infocul.pt - Arquivo Digital\" \/>\n<meta property=\"article:publisher\" content=\"https:\/\/www.facebook.com\/Infocul-147816815585015\/\" \/>\n<meta property=\"article:published_time\" content=\"2017-07-10T11:29:53+00:00\" \/>\n<meta property=\"og:image\" content=\"https:\/\/infocul.pt\/arquivo\/wp-content\/uploads\/2017\/07\/ibis.jpg\" \/>\n\t<meta property=\"og:image:width\" content=\"940\" \/>\n\t<meta property=\"og:image:height\" content=\"310\" \/>\n\t<meta property=\"og:image:type\" content=\"image\/jpeg\" \/>\n<meta name=\"author\" content=\"Rui Lavrador\" \/>\n<meta name=\"twitter:card\" content=\"summary_large_image\" \/>\n<meta name=\"twitter:creator\" content=\"@Infoculpt\" \/>\n<meta name=\"twitter:site\" content=\"@Infoculpt\" \/>\n<meta name=\"twitter:label1\" content=\"Escrito por\" \/>\n\t<meta name=\"twitter:data1\" content=\"Rui Lavrador\" \/>\n\t<meta name=\"twitter:label2\" content=\"Tempo estimado de leitura\" \/>\n\t<meta name=\"twitter:data2\" content=\"2 minutos\" \/>\n<script type=\"application\/ld+json\" class=\"yoast-schema-graph\">{\"@context\":\"https:\\\/\\\/schema.org\",\"@graph\":[{\"@type\":\"Article\",\"@id\":\"https:\\\/\\\/infocul.pt\\\/arquivo\\\/actualidade\\\/ibis-lanca-campanha-inedita-com-snapchat-spectacles\\\/#article\",\"isPartOf\":{\"@id\":\"https:\\\/\\\/infocul.pt\\\/arquivo\\\/actualidade\\\/ibis-lanca-campanha-inedita-com-snapchat-spectacles\\\/\"},\"author\":{\"name\":\"Rui Lavrador\",\"@id\":\"https:\\\/\\\/infocul.pt\\\/arquivo\\\/#\\\/schema\\\/person\\\/060a108d7f2d85fc6aae505119ee5234\"},\"headline\":\"ibis lan\u00e7a campanha in\u00e9dita com Snapchat Spectacles\",\"datePublished\":\"2017-07-10T11:29:53+00:00\",\"mainEntityOfPage\":{\"@id\":\"https:\\\/\\\/infocul.pt\\\/arquivo\\\/actualidade\\\/ibis-lanca-campanha-inedita-com-snapchat-spectacles\\\/\"},\"wordCount\":463,\"commentCount\":0,\"publisher\":{\"@id\":\"https:\\\/\\\/infocul.pt\\\/arquivo\\\/#organization\"},\"image\":{\"@id\":\"https:\\\/\\\/infocul.pt\\\/arquivo\\\/actualidade\\\/ibis-lanca-campanha-inedita-com-snapchat-spectacles\\\/#primaryimage\"},\"thumbnailUrl\":\"https:\\\/\\\/infocul.pt\\\/arquivo\\\/wp-content\\\/uploads\\\/2017\\\/07\\\/ibis.jpg\",\"keywords\":[\"Ibis\"],\"articleSection\":[\"Actualidade\",\"Turismo\"],\"inLanguage\":\"pt-PT\"},{\"@type\":\"WebPage\",\"@id\":\"https:\\\/\\\/infocul.pt\\\/arquivo\\\/actualidade\\\/ibis-lanca-campanha-inedita-com-snapchat-spectacles\\\/\",\"url\":\"https:\\\/\\\/infocul.pt\\\/arquivo\\\/actualidade\\\/ibis-lanca-campanha-inedita-com-snapchat-spectacles\\\/\",\"name\":\"ibis lan\u00e7a campanha in\u00e9dita com Snapchat Spectacles | Infocul.pt - Arquivo Digital\",\"isPartOf\":{\"@id\":\"https:\\\/\\\/infocul.pt\\\/arquivo\\\/#website\"},\"primaryImageOfPage\":{\"@id\":\"https:\\\/\\\/infocul.pt\\\/arquivo\\\/actualidade\\\/ibis-lanca-campanha-inedita-com-snapchat-spectacles\\\/#primaryimage\"},\"image\":{\"@id\":\"https:\\\/\\\/infocul.pt\\\/arquivo\\\/actualidade\\\/ibis-lanca-campanha-inedita-com-snapchat-spectacles\\\/#primaryimage\"},\"thumbnailUrl\":\"https:\\\/\\\/infocul.pt\\\/arquivo\\\/wp-content\\\/uploads\\\/2017\\\/07\\\/ibis.jpg\",\"datePublished\":\"2017-07-10T11:29:53+00:00\",\"description\":\"ibis lan\u00e7a campanha in\u00e9dita com Snapchat Spectacles | Infocul.pt - Arquivo Digital\",\"breadcrumb\":{\"@id\":\"https:\\\/\\\/infocul.pt\\\/arquivo\\\/actualidade\\\/ibis-lanca-campanha-inedita-com-snapchat-spectacles\\\/#breadcrumb\"},\"inLanguage\":\"pt-PT\",\"potentialAction\":[{\"@type\":\"ReadAction\",\"target\":[\"https:\\\/\\\/infocul.pt\\\/arquivo\\\/actualidade\\\/ibis-lanca-campanha-inedita-com-snapchat-spectacles\\\/\"]}]},{\"@type\":\"ImageObject\",\"inLanguage\":\"pt-PT\",\"@id\":\"https:\\\/\\\/infocul.pt\\\/arquivo\\\/actualidade\\\/ibis-lanca-campanha-inedita-com-snapchat-spectacles\\\/#primaryimage\",\"url\":\"https:\\\/\\\/infocul.pt\\\/arquivo\\\/wp-content\\\/uploads\\\/2017\\\/07\\\/ibis.jpg\",\"contentUrl\":\"https:\\\/\\\/infocul.pt\\\/arquivo\\\/wp-content\\\/uploads\\\/2017\\\/07\\\/ibis.jpg\",\"width\":940,\"height\":310},{\"@type\":\"BreadcrumbList\",\"@id\":\"https:\\\/\\\/infocul.pt\\\/arquivo\\\/actualidade\\\/ibis-lanca-campanha-inedita-com-snapchat-spectacles\\\/#breadcrumb\",\"itemListElement\":[{\"@type\":\"ListItem\",\"position\":1,\"name\":\"Home\",\"item\":\"https:\\\/\\\/infocul.pt\\\/arquivo\\\/\"},{\"@type\":\"ListItem\",\"position\":2,\"name\":\"ibis lan\u00e7a campanha in\u00e9dita com Snapchat Spectacles\"}]},{\"@type\":\"WebSite\",\"@id\":\"https:\\\/\\\/infocul.pt\\\/arquivo\\\/#website\",\"url\":\"https:\\\/\\\/infocul.pt\\\/arquivo\\\/\",\"name\":\"Infocul.pt - Arquivo Digital\",\"description\":\"Arquivo digital da Infocul.pt\",\"publisher\":{\"@id\":\"https:\\\/\\\/infocul.pt\\\/arquivo\\\/#organization\"},\"potentialAction\":[{\"@type\":\"SearchAction\",\"target\":{\"@type\":\"EntryPoint\",\"urlTemplate\":\"https:\\\/\\\/infocul.pt\\\/arquivo\\\/?s={search_term_string}\"},\"query-input\":{\"@type\":\"PropertyValueSpecification\",\"valueRequired\":true,\"valueName\":\"search_term_string\"}}],\"inLanguage\":\"pt-PT\"},{\"@type\":\"Organization\",\"@id\":\"https:\\\/\\\/infocul.pt\\\/arquivo\\\/#organization\",\"name\":\"Infocul.pt\",\"url\":\"https:\\\/\\\/infocul.pt\\\/arquivo\\\/\",\"logo\":{\"@type\":\"ImageObject\",\"inLanguage\":\"pt-PT\",\"@id\":\"https:\\\/\\\/infocul.pt\\\/arquivo\\\/#\\\/schema\\\/logo\\\/image\\\/\",\"url\":\"https:\\\/\\\/infocul.pt\\\/arquivo\\\/wp-content\\\/uploads\\\/2018\\\/12\\\/Infocul_logo-1.png\",\"contentUrl\":\"https:\\\/\\\/infocul.pt\\\/arquivo\\\/wp-content\\\/uploads\\\/2018\\\/12\\\/Infocul_logo-1.png\",\"width\":800,\"height\":800,\"caption\":\"Infocul.pt\"},\"image\":{\"@id\":\"https:\\\/\\\/infocul.pt\\\/arquivo\\\/#\\\/schema\\\/logo\\\/image\\\/\"},\"sameAs\":[\"https:\\\/\\\/www.facebook.com\\\/Infocul-147816815585015\\\/\",\"https:\\\/\\\/x.com\\\/Infoculpt\",\"http:\\\/\\\/www.pictaram.com\\\/user\\\/infocul.pt\\\/2370423710\",\"https:\\\/\\\/www.youtube.com\\\/channel\\\/UCYEB91AGI9FL9ek2i_IaQAA\"]},{\"@type\":\"Person\",\"@id\":\"https:\\\/\\\/infocul.pt\\\/arquivo\\\/#\\\/schema\\\/person\\\/060a108d7f2d85fc6aae505119ee5234\",\"name\":\"Rui Lavrador\",\"image\":{\"@type\":\"ImageObject\",\"inLanguage\":\"pt-PT\",\"@id\":\"https:\\\/\\\/secure.gravatar.com\\\/avatar\\\/93febd6873394aa8e975148548a0cb203acfdd42d2c85c5f1408e1a76678aece?s=96&d=mm&r=g\",\"url\":\"https:\\\/\\\/secure.gravatar.com\\\/avatar\\\/93febd6873394aa8e975148548a0cb203acfdd42d2c85c5f1408e1a76678aece?s=96&d=mm&r=g\",\"contentUrl\":\"https:\\\/\\\/secure.gravatar.com\\\/avatar\\\/93febd6873394aa8e975148548a0cb203acfdd42d2c85c5f1408e1a76678aece?s=96&d=mm&r=g\",\"caption\":\"Rui Lavrador\"},\"description\":\"Iniciou em 2011 o seu percurso em comunica\u00e7\u00e3o social, tendo integrado v\u00e1rios projectos editoriais. Durante o seu percurso integrou projectos como Jornal Hardm\u00fasica, LusoNot\u00edcias, Toureio.pt, ODigital.pt, entre outros \u00d3rg\u00e3os de Comunica\u00e7\u00e3o Social nacionais, na redac\u00e7\u00e3o de v\u00e1rios artigos. Entrevistou a grande maioria das personalidades mais importantes da vida social e cultural do pa\u00eds, destacando-se, tamb\u00e9m, na aprecia\u00e7\u00e3o de v\u00e1rios espect\u00e1culos. Durante o seu percurso, deu a conhecer v\u00e1rios artistas, at\u00e9 ent\u00e3o desconhecidos, ao grande p\u00fablico. Em 2015 criou e fundou o Infocul.pt, projecto no qual assume a direc\u00e7\u00e3o editorial.\",\"sameAs\":[\"http:\\\/\\\/www.infocul.pt\"]}]}<\/script>\n<!-- \/ Yoast SEO plugin. -->","yoast_head_json":{"title":"ibis lan\u00e7a campanha in\u00e9dita com Snapchat Spectacles | Infocul.pt - Arquivo Digital","description":"ibis lan\u00e7a campanha in\u00e9dita com Snapchat Spectacles | Infocul.pt - Arquivo Digital","robots":{"index":"noindex","follow":"follow","max-snippet":"max-snippet:-1","max-image-preview":"max-image-preview:large","max-video-preview":"max-video-preview:-1"},"og_locale":"pt_PT","og_type":"article","og_title":"ibis lan\u00e7a campanha in\u00e9dita com Snapchat Spectacles | Infocul.pt - Arquivo Digital","og_description":"ibis lan\u00e7a campanha in\u00e9dita com Snapchat Spectacles | Infocul.pt - Arquivo Digital","og_url":"https:\/\/infocul.pt\/arquivo\/actualidade\/ibis-lanca-campanha-inedita-com-snapchat-spectacles\/","og_site_name":"Infocul.pt - Arquivo Digital","article_publisher":"https:\/\/www.facebook.com\/Infocul-147816815585015\/","article_published_time":"2017-07-10T11:29:53+00:00","og_image":[{"width":940,"height":310,"url":"https:\/\/infocul.pt\/arquivo\/wp-content\/uploads\/2017\/07\/ibis.jpg","type":"image\/jpeg"}],"author":"Rui Lavrador","twitter_card":"summary_large_image","twitter_creator":"@Infoculpt","twitter_site":"@Infoculpt","twitter_misc":{"Escrito por":"Rui Lavrador","Tempo estimado de leitura":"2 minutos"},"schema":{"@context":"https:\/\/schema.org","@graph":[{"@type":"Article","@id":"https:\/\/infocul.pt\/arquivo\/actualidade\/ibis-lanca-campanha-inedita-com-snapchat-spectacles\/#article","isPartOf":{"@id":"https:\/\/infocul.pt\/arquivo\/actualidade\/ibis-lanca-campanha-inedita-com-snapchat-spectacles\/"},"author":{"name":"Rui Lavrador","@id":"https:\/\/infocul.pt\/arquivo\/#\/schema\/person\/060a108d7f2d85fc6aae505119ee5234"},"headline":"ibis lan\u00e7a campanha in\u00e9dita com Snapchat Spectacles","datePublished":"2017-07-10T11:29:53+00:00","mainEntityOfPage":{"@id":"https:\/\/infocul.pt\/arquivo\/actualidade\/ibis-lanca-campanha-inedita-com-snapchat-spectacles\/"},"wordCount":463,"commentCount":0,"publisher":{"@id":"https:\/\/infocul.pt\/arquivo\/#organization"},"image":{"@id":"https:\/\/infocul.pt\/arquivo\/actualidade\/ibis-lanca-campanha-inedita-com-snapchat-spectacles\/#primaryimage"},"thumbnailUrl":"https:\/\/infocul.pt\/arquivo\/wp-content\/uploads\/2017\/07\/ibis.jpg","keywords":["Ibis"],"articleSection":["Actualidade","Turismo"],"inLanguage":"pt-PT"},{"@type":"WebPage","@id":"https:\/\/infocul.pt\/arquivo\/actualidade\/ibis-lanca-campanha-inedita-com-snapchat-spectacles\/","url":"https:\/\/infocul.pt\/arquivo\/actualidade\/ibis-lanca-campanha-inedita-com-snapchat-spectacles\/","name":"ibis lan\u00e7a campanha in\u00e9dita com Snapchat Spectacles | Infocul.pt - Arquivo Digital","isPartOf":{"@id":"https:\/\/infocul.pt\/arquivo\/#website"},"primaryImageOfPage":{"@id":"https:\/\/infocul.pt\/arquivo\/actualidade\/ibis-lanca-campanha-inedita-com-snapchat-spectacles\/#primaryimage"},"image":{"@id":"https:\/\/infocul.pt\/arquivo\/actualidade\/ibis-lanca-campanha-inedita-com-snapchat-spectacles\/#primaryimage"},"thumbnailUrl":"https:\/\/infocul.pt\/arquivo\/wp-content\/uploads\/2017\/07\/ibis.jpg","datePublished":"2017-07-10T11:29:53+00:00","description":"ibis lan\u00e7a campanha in\u00e9dita com Snapchat Spectacles | Infocul.pt - Arquivo Digital","breadcrumb":{"@id":"https:\/\/infocul.pt\/arquivo\/actualidade\/ibis-lanca-campanha-inedita-com-snapchat-spectacles\/#breadcrumb"},"inLanguage":"pt-PT","potentialAction":[{"@type":"ReadAction","target":["https:\/\/infocul.pt\/arquivo\/actualidade\/ibis-lanca-campanha-inedita-com-snapchat-spectacles\/"]}]},{"@type":"ImageObject","inLanguage":"pt-PT","@id":"https:\/\/infocul.pt\/arquivo\/actualidade\/ibis-lanca-campanha-inedita-com-snapchat-spectacles\/#primaryimage","url":"https:\/\/infocul.pt\/arquivo\/wp-content\/uploads\/2017\/07\/ibis.jpg","contentUrl":"https:\/\/infocul.pt\/arquivo\/wp-content\/uploads\/2017\/07\/ibis.jpg","width":940,"height":310},{"@type":"BreadcrumbList","@id":"https:\/\/infocul.pt\/arquivo\/actualidade\/ibis-lanca-campanha-inedita-com-snapchat-spectacles\/#breadcrumb","itemListElement":[{"@type":"ListItem","position":1,"name":"Home","item":"https:\/\/infocul.pt\/arquivo\/"},{"@type":"ListItem","position":2,"name":"ibis lan\u00e7a campanha in\u00e9dita com Snapchat Spectacles"}]},{"@type":"WebSite","@id":"https:\/\/infocul.pt\/arquivo\/#website","url":"https:\/\/infocul.pt\/arquivo\/","name":"Infocul.pt - Arquivo Digital","description":"Arquivo digital da Infocul.pt","publisher":{"@id":"https:\/\/infocul.pt\/arquivo\/#organization"},"potentialAction":[{"@type":"SearchAction","target":{"@type":"EntryPoint","urlTemplate":"https:\/\/infocul.pt\/arquivo\/?s={search_term_string}"},"query-input":{"@type":"PropertyValueSpecification","valueRequired":true,"valueName":"search_term_string"}}],"inLanguage":"pt-PT"},{"@type":"Organization","@id":"https:\/\/infocul.pt\/arquivo\/#organization","name":"Infocul.pt","url":"https:\/\/infocul.pt\/arquivo\/","logo":{"@type":"ImageObject","inLanguage":"pt-PT","@id":"https:\/\/infocul.pt\/arquivo\/#\/schema\/logo\/image\/","url":"https:\/\/infocul.pt\/arquivo\/wp-content\/uploads\/2018\/12\/Infocul_logo-1.png","contentUrl":"https:\/\/infocul.pt\/arquivo\/wp-content\/uploads\/2018\/12\/Infocul_logo-1.png","width":800,"height":800,"caption":"Infocul.pt"},"image":{"@id":"https:\/\/infocul.pt\/arquivo\/#\/schema\/logo\/image\/"},"sameAs":["https:\/\/www.facebook.com\/Infocul-147816815585015\/","https:\/\/x.com\/Infoculpt","http:\/\/www.pictaram.com\/user\/infocul.pt\/2370423710","https:\/\/www.youtube.com\/channel\/UCYEB91AGI9FL9ek2i_IaQAA"]},{"@type":"Person","@id":"https:\/\/infocul.pt\/arquivo\/#\/schema\/person\/060a108d7f2d85fc6aae505119ee5234","name":"Rui Lavrador","image":{"@type":"ImageObject","inLanguage":"pt-PT","@id":"https:\/\/secure.gravatar.com\/avatar\/93febd6873394aa8e975148548a0cb203acfdd42d2c85c5f1408e1a76678aece?s=96&d=mm&r=g","url":"https:\/\/secure.gravatar.com\/avatar\/93febd6873394aa8e975148548a0cb203acfdd42d2c85c5f1408e1a76678aece?s=96&d=mm&r=g","contentUrl":"https:\/\/secure.gravatar.com\/avatar\/93febd6873394aa8e975148548a0cb203acfdd42d2c85c5f1408e1a76678aece?s=96&d=mm&r=g","caption":"Rui Lavrador"},"description":"Iniciou em 2011 o seu percurso em comunica\u00e7\u00e3o social, tendo integrado v\u00e1rios projectos editoriais. Durante o seu percurso integrou projectos como Jornal Hardm\u00fasica, LusoNot\u00edcias, Toureio.pt, ODigital.pt, entre outros \u00d3rg\u00e3os de Comunica\u00e7\u00e3o Social nacionais, na redac\u00e7\u00e3o de v\u00e1rios artigos. Entrevistou a grande maioria das personalidades mais importantes da vida social e cultural do pa\u00eds, destacando-se, tamb\u00e9m, na aprecia\u00e7\u00e3o de v\u00e1rios espect\u00e1culos. Durante o seu percurso, deu a conhecer v\u00e1rios artistas, at\u00e9 ent\u00e3o desconhecidos, ao grande p\u00fablico. Em 2015 criou e fundou o Infocul.pt, projecto no qual assume a direc\u00e7\u00e3o editorial.","sameAs":["http:\/\/www.infocul.pt"]}]}},"_links":{"self":[{"href":"https:\/\/infocul.pt\/arquivo\/wp-json\/wp\/v2\/posts\/26780","targetHints":{"allow":["GET"]}}],"collection":[{"href":"https:\/\/infocul.pt\/arquivo\/wp-json\/wp\/v2\/posts"}],"about":[{"href":"https:\/\/infocul.pt\/arquivo\/wp-json\/wp\/v2\/types\/post"}],"author":[{"embeddable":true,"href":"https:\/\/infocul.pt\/arquivo\/wp-json\/wp\/v2\/users\/2"}],"replies":[{"embeddable":true,"href":"https:\/\/infocul.pt\/arquivo\/wp-json\/wp\/v2\/comments?post=26780"}],"version-history":[{"count":0,"href":"https:\/\/infocul.pt\/arquivo\/wp-json\/wp\/v2\/posts\/26780\/revisions"}],"wp:featuredmedia":[{"embeddable":true,"href":"https:\/\/infocul.pt\/arquivo\/wp-json\/wp\/v2\/media\/26781"}],"wp:attachment":[{"href":"https:\/\/infocul.pt\/arquivo\/wp-json\/wp\/v2\/media?parent=26780"}],"wp:term":[{"taxonomy":"category","embeddable":true,"href":"https:\/\/infocul.pt\/arquivo\/wp-json\/wp\/v2\/categories?post=26780"},{"taxonomy":"post_tag","embeddable":true,"href":"https:\/\/infocul.pt\/arquivo\/wp-json\/wp\/v2\/tags?post=26780"}],"curies":[{"name":"wp","href":"https:\/\/api.w.org\/{rel}","templated":true}]}}