{"id":26918,"date":"2017-07-12T19:36:07","date_gmt":"2017-07-12T19:36:07","guid":{"rendered":"http:\/\/infocul.pt\/?p=26918"},"modified":"2017-07-12T19:36:07","modified_gmt":"2017-07-12T19:36:07","slug":"feira-da-luz-esta-de-regresso-e-com-cartaz-apostar-na-portugalidade","status":"publish","type":"post","link":"https:\/\/infocul.pt\/arquivo\/cultura\/feira-da-luz-esta-de-regresso-e-com-cartaz-apostar-na-portugalidade\/","title":{"rendered":"Feira da Luz est\u00e1 de regresso e com cartaz a apostar na portugalidade"},"content":{"rendered":"<p><img decoding=\"async\" class=\"aligncenter wp-image-26919 size-full lazyload\" data-src=\"http:\/\/infocul.pt\/wp-content\/uploads\/2017\/07\/CARTAZ_CONCERTOS_WEB.jpg\" alt=\"CARTAZ_CONCERTOS_WEB\" width=\"886\" height=\"1252\" data-srcset=\"https:\/\/infocul.pt\/arquivo\/wp-content\/uploads\/2017\/07\/CARTAZ_CONCERTOS_WEB.jpg 886w, https:\/\/infocul.pt\/arquivo\/wp-content\/uploads\/2017\/07\/CARTAZ_CONCERTOS_WEB-212x300.jpg 212w, https:\/\/infocul.pt\/arquivo\/wp-content\/uploads\/2017\/07\/CARTAZ_CONCERTOS_WEB-768x1085.jpg 768w, https:\/\/infocul.pt\/arquivo\/wp-content\/uploads\/2017\/07\/CARTAZ_CONCERTOS_WEB-725x1024.jpg 725w\" data-sizes=\"(max-width: 886px) 100vw, 886px\" src=\"data:image\/svg+xml;base64,PHN2ZyB3aWR0aD0iMSIgaGVpZ2h0PSIxIiB4bWxucz0iaHR0cDovL3d3dy53My5vcmcvMjAwMC9zdmciPjwvc3ZnPg==\" style=\"--smush-placeholder-width: 886px; --smush-placeholder-aspect-ratio: 886\/1252;\" \/><\/p>\n<p>&nbsp;<\/p>\n<p>&nbsp;<\/p>\n<p>A Feira da Luz regressa ao Largo da Luz, em Carnide, de 26 de Agosto a 24 de Setembro. Esta feira, que \u00e9 t\u00e3o antiga como o pr\u00f3prio culto mas que come\u00e7ou a adquirir uma maior proje\u00e7\u00e3o durante os s\u00e9culos XVI e XVII, est\u00e1 ligada \u00e0 tradicional romaria que se realiza anualmente, durante o m\u00eas de Setembro, no Santu\u00e1rio da Nossa Senhora da Luz.<!--more--><\/p>\n<p>No recinto da feira poder\u00e3o ser vistas <strong>exposi\u00e7\u00f5es, mostras de artesanato<\/strong>, o desfile da <strong>marcha popular de Carnide<\/strong>, tardes musicais dinamizadas pelos agrupamentos (<strong>Grupo de M\u00fasica da Associa\u00e7\u00e3o de Moradores Lupeca, Momento poesia GAC, ArpiCantares, Cante Alentejano ARPIC, Grupo Cavaquinhos ARPIC e o Coro da Academia S\u00e9nior da JFC<\/strong>), <strong>pe\u00e7as de teatro, dan\u00e7as tradicionais<\/strong> (com o<strong> grupo Ahkorda, A Batalha do Modesto Camelo Amarelo<\/strong> e ainda \u00a0uma mostra de dan\u00e7as escocesas), actua\u00e7\u00e3o de ranchos folcl\u00f3ricos (<strong>Rancho de Folclore Etnogr\u00e1fico &#8220;Os Moleiros Pomarinho&#8221;, Rancho Tradicional de Cinf\u00e3es Grupo Etnogr\u00e1fico Dan\u00e7as e Cantares do Minho, Rancho Folcl\u00f3rico Neveiros do Coentral, Rancho Folcl\u00f3rico Dan\u00e7as e Cantares de Campelos e o Rancho Folcl\u00f3rico &#8220;As Macanitas&#8221; de Tercena<\/strong>), anima\u00e7\u00e3o de rua (com a produ\u00e7\u00e3o da companhia de teatro <strong>Umbigo, Lua Cheia, Teatro Carnide, Tenda Produ\u00e7\u00f5es, Junta de Freguesia de Carnide ou Associa\u00e7\u00e3o Alto Astral de Capoeira<\/strong>), a oficina de pesquisa e investiga\u00e7\u00e3o &#8220;Quem est\u00e1 livre, livre est\u00e1&#8221; ou a de &#8220;Cabe\u00e7udos&#8221;, confer\u00eancias, palestras (sobre cuidados paliativos ou nutricionismo), confiss\u00f5es.<\/p>\n<p>Os mais novos ter\u00e3o pinturas faciais e modelagem de bal\u00f5es ou o <strong>Palha\u00e7o Manu<\/strong> que vai animar as tardes da Feira da Luz.<\/p>\n<p>A Feira da Luz tamb\u00e9m vai dinamizar <strong>Visitas Guiadas ao Centro Hist\u00f3rico do bairro de Carnide<\/strong>, mais precisamente ao Lar Maria Droste, \u00e0 Igreja da Luz e a Fonte do Machado ou ao Bairro Padre Cruz. Este evento tamb\u00e9m vai receber uma Aldeia do Desporto.<\/p>\n<p>Inserido neste evento temos o <strong>Festival Kiosquorama<\/strong>. Este \u00e9 um festival gratuito e itinerante que \u00a0tem vindo a decorrer em jardins e coretos pela \u00a0Europa. Pelo quarto ano consecutivo, e depois de edi\u00e7\u00f5es em Madrid e Paris, Kiosquorama volta a pisar solo Lisboeta, mais precisamente o do Largo do Coreto de Carnide. A convite do Lisboa na rua, Kiosquorama prop\u00f5e concertos ao ar livre, com nomes emergentes da m\u00fasica no palco tanto parisiense como lisboeta.<\/p>\n<p>Na edi\u00e7\u00e3o deste ano v\u00e3o ser emitidos e comentados os filmes: &#8220;<strong>Los Barcos&#8221;, &#8220;Fuera de Cuadro&#8221;, &#8220;Mauro en Caiena&#8221; ou &#8220;O\u00fa Est la Jungle&#8221;<\/strong>. Estes filmes ser\u00e3o comentados pelos respectivos realizadores e por \u00c1lvaro Domingues (investigador em Geografia humana).<\/p>\n<p>Da programa\u00e7\u00e3o musical deste ano da feira destacam-se os concertos de <strong>FF<\/strong> (26 de Agosto \u00e0s 21:30); <strong>Mia Rose<\/strong> (02 de Setembro \u00e0s 21:30); <strong>Amor Electro<\/strong> (09 de Setembro \u00e0s 21:30); <strong>The Black Mamba<\/strong> (16 de Setembro \u00e0s 21:30); <strong>Tiago Bettencourt<\/strong> (24 de Setembro \u00e0s 21:30); <strong>Carapaus, Azeite &amp; Alho<\/strong> ( 01 de Setembro \u00e0s 21:30); &#8220;<strong>Projecto com voz<\/strong>&#8221; (03 de Setembro \u00e0s 21:30); <strong>Criatura<\/strong> (08 de Setembro \u00e0s 21:30); <strong>Telmo Pires<\/strong> (15 de Setembro \u00e0s 21:30); <strong>Augusto Can\u00e1rio<\/strong> (22 de Setembro \u00e0s 21:30) e os <strong>Namorados da Cidade<\/strong> (23 de Setembro \u00e0s 21:30).<\/p>\n<p>No dia 04 e at\u00e9 ao fim do m\u00eas de Setembro vai decorrer no Jardim da Luz, das 16:00 \u00e0s 21:00, uma <strong>campanha de colheita de sangue<\/strong> e registo de <strong>dadores de medula \u00f3ssea<\/strong>. Esta recolha \u00e9 organizada pelo Instituto Portugu\u00eas do Sangue.<\/p>\n<p>No dia 05 tamb\u00e9m vai acontecer, pelas 19:00, a eucaristia na Igreja da Luz. A prociss\u00e3o das velas vai acontecer na Igreja da Luz, a partir das 19:00 e vai passar pelo recinto da Feira da Luz.<\/p>\n<p>J\u00e1 a 08 de Setembro, pelas 19:00, haver\u00e1 a solenidade da Natividade da Virgem de Santa Maria. Esta \u00e9 uma eucaristia solene com Renova\u00e7\u00e3o e Promessas dos Irm\u00e3os da Real Irmandade de Santa Maria da Luz. Neste mesmo dia haver\u00e1, pelas 21:00, uma actua\u00e7\u00e3o do Coro Lit\u00fargico de Nossa Senhora da Luz e o Coro da Par\u00f3quia de Oeiras.<\/p>\n<p>A 10 de Setembro, a partir das 21:00, a noite ser\u00e1 dedicada \u00e0s Tunas. No recinto v\u00e3o actuar a Actuatuna, Tuna Sabes, EscsTunis, Tuna da Universidade Europeia e a Samarituna.<\/p>\n<p>Nos dias 11,12 e 13 de Setembro a Unidade M\u00f3vel de Sa\u00fade-&#8220;Sa\u00fade + Pr\u00f3xima&#8221; vai estar instalada no Interior do Jardim da Luz, das 11:15 \u00e0s 14:30 e das 15:30 \u00e0s 19:45.<\/p>\n<p>O Restaurante da Feira vai receber no dia 14 de Setembro, \u00e0s 20:00, o &#8220;Jantar Anima\u00e7\u00f5es de Ver\u00e3o&#8221;. Dois dias depois, no dia 16, a partir das 21:00 e em frente do palco do recinto haver\u00e1 um divertido Flashmob.<\/p>\n<p>No dia 20 de Setembro, a partir das 18:30 e no Stand da Junta de Freguesia vai acontecer a apresenta\u00e7\u00e3o do livro &#8220;Armando era o nome do carteiro&#8221;, da autoria de Henrique Madeira. Tamb\u00e9m neste stand, \u00e0s 18:30 do dia 21, vai acontecer a entrega dos pr\u00e9mios do concurso de fotografia &#8220;Carnide \u00c9&#8230;&#8221;.<\/p>\n<p>No dia seguinte, 21, haver\u00e1 no Restaurante da Feira um jantar recep\u00e7\u00e3o aos agentes educativos. J\u00e1 \u00e0s 21:30, no Audit\u00f3rio do Centro Cultural Franciscano, haver\u00e1 a apresenta\u00e7\u00e3o da curta metragem &#8220;A \u00c1rvore das Am\u00eandoas&#8221;, do realizador Vitor Bom Norte.<\/p>\n<p>A missa de solenidade em honra de Nossa Senhora da Luz vai acontecer na Igreja da Luz no dia 24 de Setembro, a partir das 15:00. Esta missa ser\u00e1 seguida pela prociss\u00e3o em honra da Nossa Senhora da Luz. Esta prociss\u00e3o v\u00e3o come\u00e7ar \u00e0s 16:00 e vai ter o seguinte itiner\u00e1rio: Igreja da Luz, Rua da Fonte, Rua Maria Brown, Largo do Jogo da Bola, Estrada da Correia, Rua Neves Costa, Travessa do Pregoeiro, Azinhaga das Carmelitas, Largo da Luz (volta \u00e0 Feira da Luz) e Igreja da Luz. Depois desta prociss\u00e3o, e a partir das 17:30 haver\u00e1 um desfile da Fanfarra dos Bombeiros Volunt\u00e1rios de Odivelas e um concerto da banda de m\u00fasica dos Bombeiros Volunt\u00e1rios da P\u00f3voa de Santa Iria.<\/p>\n<p>A Feira da Luz \u00e9, actualmente, organizada pela Junta de Freguesia de Carnide.<\/p>\n","protected":false},"excerpt":{"rendered":"<p>&nbsp; &nbsp; A Feira da Luz regressa ao Largo da Luz, em Carnide, de 26 de Agosto a 24 de Setembro. Esta feira, que \u00e9 t\u00e3o antiga como o pr\u00f3prio culto mas que come\u00e7ou a adquirir uma maior proje\u00e7\u00e3o durante os s\u00e9culos XVI e XVII, est\u00e1 ligada \u00e0 tradicional romaria que se realiza anualmente, durante [&hellip;]<\/p>\n","protected":false},"author":13,"featured_media":26919,"comment_status":"open","ping_status":"closed","sticky":false,"template":"","format":"standard","meta":{"footnotes":""},"categories":[2,9],"tags":[1760],"class_list":["post-26918","post","type-post","status-publish","format-standard","has-post-thumbnail","hentry","category-cultura","category-outros","tag-feira-da-luz"],"yoast_head":"<!-- This site is optimized with the Yoast SEO plugin v27.4 - https:\/\/yoast.com\/product\/yoast-seo-wordpress\/ -->\n<title>Feira da Luz est\u00e1 de regresso e com cartaz a apostar na portugalidade | Infocul.pt - Arquivo Digital<\/title>\n<meta name=\"description\" content=\"Feira da Luz est\u00e1 de regresso e com cartaz a apostar na portugalidade | Infocul.pt - Arquivo Digital\" \/>\n<meta name=\"robots\" content=\"noindex, follow, max-snippet:-1, max-image-preview:large, max-video-preview:-1\" \/>\n<meta property=\"og:locale\" content=\"pt_PT\" \/>\n<meta property=\"og:type\" content=\"article\" \/>\n<meta property=\"og:title\" content=\"Feira da Luz est\u00e1 de regresso e com cartaz a apostar na portugalidade | Infocul.pt - Arquivo Digital\" \/>\n<meta property=\"og:description\" content=\"Feira da Luz est\u00e1 de regresso e com cartaz a apostar na portugalidade | Infocul.pt - Arquivo Digital\" \/>\n<meta property=\"og:url\" content=\"https:\/\/infocul.pt\/arquivo\/cultura\/feira-da-luz-esta-de-regresso-e-com-cartaz-apostar-na-portugalidade\/\" \/>\n<meta property=\"og:site_name\" content=\"Infocul.pt - Arquivo Digital\" \/>\n<meta property=\"article:publisher\" content=\"https:\/\/www.facebook.com\/Infocul-147816815585015\/\" \/>\n<meta property=\"article:published_time\" content=\"2017-07-12T19:36:07+00:00\" \/>\n<meta property=\"og:image\" content=\"https:\/\/infocul.pt\/arquivo\/wp-content\/uploads\/2017\/07\/CARTAZ_CONCERTOS_WEB.jpg\" \/>\n\t<meta property=\"og:image:width\" content=\"886\" \/>\n\t<meta property=\"og:image:height\" content=\"1252\" \/>\n\t<meta property=\"og:image:type\" content=\"image\/jpeg\" \/>\n<meta name=\"author\" content=\"Redac\u00e7\u00e3o\" \/>\n<meta name=\"twitter:card\" content=\"summary_large_image\" \/>\n<meta name=\"twitter:creator\" content=\"@Infoculpt\" \/>\n<meta name=\"twitter:site\" content=\"@Infoculpt\" \/>\n<meta name=\"twitter:label1\" content=\"Escrito por\" \/>\n\t<meta name=\"twitter:data1\" content=\"Redac\u00e7\u00e3o\" \/>\n\t<meta name=\"twitter:label2\" content=\"Tempo estimado de leitura\" \/>\n\t<meta name=\"twitter:data2\" content=\"5 minutos\" \/>\n<script type=\"application\/ld+json\" class=\"yoast-schema-graph\">{\"@context\":\"https:\\\/\\\/schema.org\",\"@graph\":[{\"@type\":\"Article\",\"@id\":\"https:\\\/\\\/infocul.pt\\\/arquivo\\\/cultura\\\/feira-da-luz-esta-de-regresso-e-com-cartaz-apostar-na-portugalidade\\\/#article\",\"isPartOf\":{\"@id\":\"https:\\\/\\\/infocul.pt\\\/arquivo\\\/cultura\\\/feira-da-luz-esta-de-regresso-e-com-cartaz-apostar-na-portugalidade\\\/\"},\"author\":{\"name\":\"Redac\u00e7\u00e3o\",\"@id\":\"https:\\\/\\\/infocul.pt\\\/arquivo\\\/#\\\/schema\\\/person\\\/f243f45ae8d67639120a7586884f3abc\"},\"headline\":\"Feira da Luz est\u00e1 de regresso e com cartaz a apostar na portugalidade\",\"datePublished\":\"2017-07-12T19:36:07+00:00\",\"mainEntityOfPage\":{\"@id\":\"https:\\\/\\\/infocul.pt\\\/arquivo\\\/cultura\\\/feira-da-luz-esta-de-regresso-e-com-cartaz-apostar-na-portugalidade\\\/\"},\"wordCount\":1001,\"commentCount\":0,\"publisher\":{\"@id\":\"https:\\\/\\\/infocul.pt\\\/arquivo\\\/#organization\"},\"image\":{\"@id\":\"https:\\\/\\\/infocul.pt\\\/arquivo\\\/cultura\\\/feira-da-luz-esta-de-regresso-e-com-cartaz-apostar-na-portugalidade\\\/#primaryimage\"},\"thumbnailUrl\":\"https:\\\/\\\/infocul.pt\\\/arquivo\\\/wp-content\\\/uploads\\\/2017\\\/07\\\/CARTAZ_CONCERTOS_WEB.jpg\",\"keywords\":[\"Feira da Luz\"],\"articleSection\":[\"Cultura\",\"Outros\"],\"inLanguage\":\"pt-PT\"},{\"@type\":\"WebPage\",\"@id\":\"https:\\\/\\\/infocul.pt\\\/arquivo\\\/cultura\\\/feira-da-luz-esta-de-regresso-e-com-cartaz-apostar-na-portugalidade\\\/\",\"url\":\"https:\\\/\\\/infocul.pt\\\/arquivo\\\/cultura\\\/feira-da-luz-esta-de-regresso-e-com-cartaz-apostar-na-portugalidade\\\/\",\"name\":\"Feira da Luz est\u00e1 de regresso e com cartaz a apostar na portugalidade | Infocul.pt - Arquivo Digital\",\"isPartOf\":{\"@id\":\"https:\\\/\\\/infocul.pt\\\/arquivo\\\/#website\"},\"primaryImageOfPage\":{\"@id\":\"https:\\\/\\\/infocul.pt\\\/arquivo\\\/cultura\\\/feira-da-luz-esta-de-regresso-e-com-cartaz-apostar-na-portugalidade\\\/#primaryimage\"},\"image\":{\"@id\":\"https:\\\/\\\/infocul.pt\\\/arquivo\\\/cultura\\\/feira-da-luz-esta-de-regresso-e-com-cartaz-apostar-na-portugalidade\\\/#primaryimage\"},\"thumbnailUrl\":\"https:\\\/\\\/infocul.pt\\\/arquivo\\\/wp-content\\\/uploads\\\/2017\\\/07\\\/CARTAZ_CONCERTOS_WEB.jpg\",\"datePublished\":\"2017-07-12T19:36:07+00:00\",\"description\":\"Feira da Luz est\u00e1 de regresso e com cartaz a apostar na portugalidade | Infocul.pt - Arquivo Digital\",\"breadcrumb\":{\"@id\":\"https:\\\/\\\/infocul.pt\\\/arquivo\\\/cultura\\\/feira-da-luz-esta-de-regresso-e-com-cartaz-apostar-na-portugalidade\\\/#breadcrumb\"},\"inLanguage\":\"pt-PT\",\"potentialAction\":[{\"@type\":\"ReadAction\",\"target\":[\"https:\\\/\\\/infocul.pt\\\/arquivo\\\/cultura\\\/feira-da-luz-esta-de-regresso-e-com-cartaz-apostar-na-portugalidade\\\/\"]}]},{\"@type\":\"ImageObject\",\"inLanguage\":\"pt-PT\",\"@id\":\"https:\\\/\\\/infocul.pt\\\/arquivo\\\/cultura\\\/feira-da-luz-esta-de-regresso-e-com-cartaz-apostar-na-portugalidade\\\/#primaryimage\",\"url\":\"https:\\\/\\\/infocul.pt\\\/arquivo\\\/wp-content\\\/uploads\\\/2017\\\/07\\\/CARTAZ_CONCERTOS_WEB.jpg\",\"contentUrl\":\"https:\\\/\\\/infocul.pt\\\/arquivo\\\/wp-content\\\/uploads\\\/2017\\\/07\\\/CARTAZ_CONCERTOS_WEB.jpg\",\"width\":886,\"height\":1252},{\"@type\":\"BreadcrumbList\",\"@id\":\"https:\\\/\\\/infocul.pt\\\/arquivo\\\/cultura\\\/feira-da-luz-esta-de-regresso-e-com-cartaz-apostar-na-portugalidade\\\/#breadcrumb\",\"itemListElement\":[{\"@type\":\"ListItem\",\"position\":1,\"name\":\"Home\",\"item\":\"https:\\\/\\\/infocul.pt\\\/arquivo\\\/\"},{\"@type\":\"ListItem\",\"position\":2,\"name\":\"Feira da Luz est\u00e1 de regresso e com cartaz a apostar na portugalidade\"}]},{\"@type\":\"WebSite\",\"@id\":\"https:\\\/\\\/infocul.pt\\\/arquivo\\\/#website\",\"url\":\"https:\\\/\\\/infocul.pt\\\/arquivo\\\/\",\"name\":\"Infocul.pt - Arquivo Digital\",\"description\":\"Arquivo digital da Infocul.pt\",\"publisher\":{\"@id\":\"https:\\\/\\\/infocul.pt\\\/arquivo\\\/#organization\"},\"potentialAction\":[{\"@type\":\"SearchAction\",\"target\":{\"@type\":\"EntryPoint\",\"urlTemplate\":\"https:\\\/\\\/infocul.pt\\\/arquivo\\\/?s={search_term_string}\"},\"query-input\":{\"@type\":\"PropertyValueSpecification\",\"valueRequired\":true,\"valueName\":\"search_term_string\"}}],\"inLanguage\":\"pt-PT\"},{\"@type\":\"Organization\",\"@id\":\"https:\\\/\\\/infocul.pt\\\/arquivo\\\/#organization\",\"name\":\"Infocul.pt\",\"url\":\"https:\\\/\\\/infocul.pt\\\/arquivo\\\/\",\"logo\":{\"@type\":\"ImageObject\",\"inLanguage\":\"pt-PT\",\"@id\":\"https:\\\/\\\/infocul.pt\\\/arquivo\\\/#\\\/schema\\\/logo\\\/image\\\/\",\"url\":\"https:\\\/\\\/infocul.pt\\\/arquivo\\\/wp-content\\\/uploads\\\/2018\\\/12\\\/Infocul_logo-1.png\",\"contentUrl\":\"https:\\\/\\\/infocul.pt\\\/arquivo\\\/wp-content\\\/uploads\\\/2018\\\/12\\\/Infocul_logo-1.png\",\"width\":800,\"height\":800,\"caption\":\"Infocul.pt\"},\"image\":{\"@id\":\"https:\\\/\\\/infocul.pt\\\/arquivo\\\/#\\\/schema\\\/logo\\\/image\\\/\"},\"sameAs\":[\"https:\\\/\\\/www.facebook.com\\\/Infocul-147816815585015\\\/\",\"https:\\\/\\\/x.com\\\/Infoculpt\",\"http:\\\/\\\/www.pictaram.com\\\/user\\\/infocul.pt\\\/2370423710\",\"https:\\\/\\\/www.youtube.com\\\/channel\\\/UCYEB91AGI9FL9ek2i_IaQAA\"]},{\"@type\":\"Person\",\"@id\":\"https:\\\/\\\/infocul.pt\\\/arquivo\\\/#\\\/schema\\\/person\\\/f243f45ae8d67639120a7586884f3abc\",\"name\":\"Redac\u00e7\u00e3o\",\"image\":{\"@type\":\"ImageObject\",\"inLanguage\":\"pt-PT\",\"@id\":\"https:\\\/\\\/secure.gravatar.com\\\/avatar\\\/151b1b76c598ab5e749407223bd6c1bad4e41c4e95de3c3df83540ebee2deaf8?s=96&d=mm&r=g\",\"url\":\"https:\\\/\\\/secure.gravatar.com\\\/avatar\\\/151b1b76c598ab5e749407223bd6c1bad4e41c4e95de3c3df83540ebee2deaf8?s=96&d=mm&r=g\",\"contentUrl\":\"https:\\\/\\\/secure.gravatar.com\\\/avatar\\\/151b1b76c598ab5e749407223bd6c1bad4e41c4e95de3c3df83540ebee2deaf8?s=96&d=mm&r=g\",\"caption\":\"Redac\u00e7\u00e3o\"}}]}<\/script>\n<!-- \/ Yoast SEO plugin. -->","yoast_head_json":{"title":"Feira da Luz est\u00e1 de regresso e com cartaz a apostar na portugalidade | Infocul.pt - Arquivo Digital","description":"Feira da Luz est\u00e1 de regresso e com cartaz a apostar na portugalidade | Infocul.pt - Arquivo Digital","robots":{"index":"noindex","follow":"follow","max-snippet":"max-snippet:-1","max-image-preview":"max-image-preview:large","max-video-preview":"max-video-preview:-1"},"og_locale":"pt_PT","og_type":"article","og_title":"Feira da Luz est\u00e1 de regresso e com cartaz a apostar na portugalidade | Infocul.pt - Arquivo Digital","og_description":"Feira da Luz est\u00e1 de regresso e com cartaz a apostar na portugalidade | Infocul.pt - Arquivo Digital","og_url":"https:\/\/infocul.pt\/arquivo\/cultura\/feira-da-luz-esta-de-regresso-e-com-cartaz-apostar-na-portugalidade\/","og_site_name":"Infocul.pt - Arquivo Digital","article_publisher":"https:\/\/www.facebook.com\/Infocul-147816815585015\/","article_published_time":"2017-07-12T19:36:07+00:00","og_image":[{"width":886,"height":1252,"url":"https:\/\/infocul.pt\/arquivo\/wp-content\/uploads\/2017\/07\/CARTAZ_CONCERTOS_WEB.jpg","type":"image\/jpeg"}],"author":"Redac\u00e7\u00e3o","twitter_card":"summary_large_image","twitter_creator":"@Infoculpt","twitter_site":"@Infoculpt","twitter_misc":{"Escrito por":"Redac\u00e7\u00e3o","Tempo estimado de leitura":"5 minutos"},"schema":{"@context":"https:\/\/schema.org","@graph":[{"@type":"Article","@id":"https:\/\/infocul.pt\/arquivo\/cultura\/feira-da-luz-esta-de-regresso-e-com-cartaz-apostar-na-portugalidade\/#article","isPartOf":{"@id":"https:\/\/infocul.pt\/arquivo\/cultura\/feira-da-luz-esta-de-regresso-e-com-cartaz-apostar-na-portugalidade\/"},"author":{"name":"Redac\u00e7\u00e3o","@id":"https:\/\/infocul.pt\/arquivo\/#\/schema\/person\/f243f45ae8d67639120a7586884f3abc"},"headline":"Feira da Luz est\u00e1 de regresso e com cartaz a apostar na portugalidade","datePublished":"2017-07-12T19:36:07+00:00","mainEntityOfPage":{"@id":"https:\/\/infocul.pt\/arquivo\/cultura\/feira-da-luz-esta-de-regresso-e-com-cartaz-apostar-na-portugalidade\/"},"wordCount":1001,"commentCount":0,"publisher":{"@id":"https:\/\/infocul.pt\/arquivo\/#organization"},"image":{"@id":"https:\/\/infocul.pt\/arquivo\/cultura\/feira-da-luz-esta-de-regresso-e-com-cartaz-apostar-na-portugalidade\/#primaryimage"},"thumbnailUrl":"https:\/\/infocul.pt\/arquivo\/wp-content\/uploads\/2017\/07\/CARTAZ_CONCERTOS_WEB.jpg","keywords":["Feira da Luz"],"articleSection":["Cultura","Outros"],"inLanguage":"pt-PT"},{"@type":"WebPage","@id":"https:\/\/infocul.pt\/arquivo\/cultura\/feira-da-luz-esta-de-regresso-e-com-cartaz-apostar-na-portugalidade\/","url":"https:\/\/infocul.pt\/arquivo\/cultura\/feira-da-luz-esta-de-regresso-e-com-cartaz-apostar-na-portugalidade\/","name":"Feira da Luz est\u00e1 de regresso e com cartaz a apostar na portugalidade | Infocul.pt - Arquivo Digital","isPartOf":{"@id":"https:\/\/infocul.pt\/arquivo\/#website"},"primaryImageOfPage":{"@id":"https:\/\/infocul.pt\/arquivo\/cultura\/feira-da-luz-esta-de-regresso-e-com-cartaz-apostar-na-portugalidade\/#primaryimage"},"image":{"@id":"https:\/\/infocul.pt\/arquivo\/cultura\/feira-da-luz-esta-de-regresso-e-com-cartaz-apostar-na-portugalidade\/#primaryimage"},"thumbnailUrl":"https:\/\/infocul.pt\/arquivo\/wp-content\/uploads\/2017\/07\/CARTAZ_CONCERTOS_WEB.jpg","datePublished":"2017-07-12T19:36:07+00:00","description":"Feira da Luz est\u00e1 de regresso e com cartaz a apostar na portugalidade | Infocul.pt - Arquivo Digital","breadcrumb":{"@id":"https:\/\/infocul.pt\/arquivo\/cultura\/feira-da-luz-esta-de-regresso-e-com-cartaz-apostar-na-portugalidade\/#breadcrumb"},"inLanguage":"pt-PT","potentialAction":[{"@type":"ReadAction","target":["https:\/\/infocul.pt\/arquivo\/cultura\/feira-da-luz-esta-de-regresso-e-com-cartaz-apostar-na-portugalidade\/"]}]},{"@type":"ImageObject","inLanguage":"pt-PT","@id":"https:\/\/infocul.pt\/arquivo\/cultura\/feira-da-luz-esta-de-regresso-e-com-cartaz-apostar-na-portugalidade\/#primaryimage","url":"https:\/\/infocul.pt\/arquivo\/wp-content\/uploads\/2017\/07\/CARTAZ_CONCERTOS_WEB.jpg","contentUrl":"https:\/\/infocul.pt\/arquivo\/wp-content\/uploads\/2017\/07\/CARTAZ_CONCERTOS_WEB.jpg","width":886,"height":1252},{"@type":"BreadcrumbList","@id":"https:\/\/infocul.pt\/arquivo\/cultura\/feira-da-luz-esta-de-regresso-e-com-cartaz-apostar-na-portugalidade\/#breadcrumb","itemListElement":[{"@type":"ListItem","position":1,"name":"Home","item":"https:\/\/infocul.pt\/arquivo\/"},{"@type":"ListItem","position":2,"name":"Feira da Luz est\u00e1 de regresso e com cartaz a apostar na portugalidade"}]},{"@type":"WebSite","@id":"https:\/\/infocul.pt\/arquivo\/#website","url":"https:\/\/infocul.pt\/arquivo\/","name":"Infocul.pt - Arquivo Digital","description":"Arquivo digital da Infocul.pt","publisher":{"@id":"https:\/\/infocul.pt\/arquivo\/#organization"},"potentialAction":[{"@type":"SearchAction","target":{"@type":"EntryPoint","urlTemplate":"https:\/\/infocul.pt\/arquivo\/?s={search_term_string}"},"query-input":{"@type":"PropertyValueSpecification","valueRequired":true,"valueName":"search_term_string"}}],"inLanguage":"pt-PT"},{"@type":"Organization","@id":"https:\/\/infocul.pt\/arquivo\/#organization","name":"Infocul.pt","url":"https:\/\/infocul.pt\/arquivo\/","logo":{"@type":"ImageObject","inLanguage":"pt-PT","@id":"https:\/\/infocul.pt\/arquivo\/#\/schema\/logo\/image\/","url":"https:\/\/infocul.pt\/arquivo\/wp-content\/uploads\/2018\/12\/Infocul_logo-1.png","contentUrl":"https:\/\/infocul.pt\/arquivo\/wp-content\/uploads\/2018\/12\/Infocul_logo-1.png","width":800,"height":800,"caption":"Infocul.pt"},"image":{"@id":"https:\/\/infocul.pt\/arquivo\/#\/schema\/logo\/image\/"},"sameAs":["https:\/\/www.facebook.com\/Infocul-147816815585015\/","https:\/\/x.com\/Infoculpt","http:\/\/www.pictaram.com\/user\/infocul.pt\/2370423710","https:\/\/www.youtube.com\/channel\/UCYEB91AGI9FL9ek2i_IaQAA"]},{"@type":"Person","@id":"https:\/\/infocul.pt\/arquivo\/#\/schema\/person\/f243f45ae8d67639120a7586884f3abc","name":"Redac\u00e7\u00e3o","image":{"@type":"ImageObject","inLanguage":"pt-PT","@id":"https:\/\/secure.gravatar.com\/avatar\/151b1b76c598ab5e749407223bd6c1bad4e41c4e95de3c3df83540ebee2deaf8?s=96&d=mm&r=g","url":"https:\/\/secure.gravatar.com\/avatar\/151b1b76c598ab5e749407223bd6c1bad4e41c4e95de3c3df83540ebee2deaf8?s=96&d=mm&r=g","contentUrl":"https:\/\/secure.gravatar.com\/avatar\/151b1b76c598ab5e749407223bd6c1bad4e41c4e95de3c3df83540ebee2deaf8?s=96&d=mm&r=g","caption":"Redac\u00e7\u00e3o"}}]}},"_links":{"self":[{"href":"https:\/\/infocul.pt\/arquivo\/wp-json\/wp\/v2\/posts\/26918","targetHints":{"allow":["GET"]}}],"collection":[{"href":"https:\/\/infocul.pt\/arquivo\/wp-json\/wp\/v2\/posts"}],"about":[{"href":"https:\/\/infocul.pt\/arquivo\/wp-json\/wp\/v2\/types\/post"}],"author":[{"embeddable":true,"href":"https:\/\/infocul.pt\/arquivo\/wp-json\/wp\/v2\/users\/13"}],"replies":[{"embeddable":true,"href":"https:\/\/infocul.pt\/arquivo\/wp-json\/wp\/v2\/comments?post=26918"}],"version-history":[{"count":0,"href":"https:\/\/infocul.pt\/arquivo\/wp-json\/wp\/v2\/posts\/26918\/revisions"}],"wp:featuredmedia":[{"embeddable":true,"href":"https:\/\/infocul.pt\/arquivo\/wp-json\/wp\/v2\/media\/26919"}],"wp:attachment":[{"href":"https:\/\/infocul.pt\/arquivo\/wp-json\/wp\/v2\/media?parent=26918"}],"wp:term":[{"taxonomy":"category","embeddable":true,"href":"https:\/\/infocul.pt\/arquivo\/wp-json\/wp\/v2\/categories?post=26918"},{"taxonomy":"post_tag","embeddable":true,"href":"https:\/\/infocul.pt\/arquivo\/wp-json\/wp\/v2\/tags?post=26918"}],"curies":[{"name":"wp","href":"https:\/\/api.w.org\/{rel}","templated":true}]}}