{"id":27900,"date":"2017-07-31T14:16:24","date_gmt":"2017-07-31T14:16:24","guid":{"rendered":"http:\/\/infocul.pt\/?p=27900"},"modified":"2017-08-01T12:57:13","modified_gmt":"2017-08-01T12:57:13","slug":"pedrogao-grande-recebe-gala-das-7-maravilhas-aldeias","status":"publish","type":"post","link":"https:\/\/infocul.pt\/arquivo\/actualidade\/pedrogao-grande-recebe-gala-das-7-maravilhas-aldeias\/","title":{"rendered":"Pedr\u00f3g\u00e3o Grande recebe Gala das 7 Maravilhas- Aldeias"},"content":{"rendered":"<p><img decoding=\"async\" class=\"aligncenter wp-image-27901 size-full lazyload\" data-src=\"http:\/\/infocul.pt\/wp-content\/uploads\/2017\/07\/Outdoor-Pedrogao-Grande.jpeg\" alt=\"Outdoor Pedrogao Grande\" width=\"640\" height=\"457\" data-srcset=\"https:\/\/infocul.pt\/arquivo\/wp-content\/uploads\/2017\/07\/Outdoor-Pedrogao-Grande.jpeg 640w, https:\/\/infocul.pt\/arquivo\/wp-content\/uploads\/2017\/07\/Outdoor-Pedrogao-Grande-300x214.jpeg 300w, https:\/\/infocul.pt\/arquivo\/wp-content\/uploads\/2017\/07\/Outdoor-Pedrogao-Grande-100x70.jpeg 100w\" data-sizes=\"(max-width: 640px) 100vw, 640px\" src=\"data:image\/svg+xml;base64,PHN2ZyB3aWR0aD0iMSIgaGVpZ2h0PSIxIiB4bWxucz0iaHR0cDovL3d3dy53My5vcmcvMjAwMC9zdmciPjwvc3ZnPg==\" style=\"--smush-placeholder-width: 640px; --smush-placeholder-aspect-ratio: 640\/457;\" \/><\/p>\n<p>&nbsp;<\/p>\n<p>&nbsp;<\/p>\n<p>Castanheira de Pera, Figueir\u00f3 dos Vinhos e Pedr\u00f3g\u00e3o Grande tornam-se s\u00edmbolos da prote\u00e7\u00e3o do territ\u00f3rio e acolhem Gala dedicada \u00e0s Aldeias em \u00c1reas Protegidas. O renascimento da regi\u00e3o afetada \u00e9 uma prioridade com a qual a organiza\u00e7\u00e3o das\u00a0 7 Maravilhas de Portugal\u00ae &#8211; Aldeias quer colaborar ao alterar o local da Gala para Pedr\u00f3g\u00e3o Grande.<!--more--><\/p>\n<p>&nbsp;<\/p>\n<p>&nbsp;<\/p>\n<p>&nbsp;<\/p>\n<p>Ontem \u00e0 noite, durante a Gala das Aldeias Remotas, em que se apuraram como finalistas Castro Laboreiro e Pi\u00f3d\u00e3o, a organiza\u00e7\u00e3o das 7 Maravilhas de Portugal\u00ae \u2013 Aldeias revelou a altera\u00e7\u00e3o do local da \u00faltima Gala eliminat\u00f3ria dedicada \u00e0s Aldeias em \u00c1reas Protegidas. Inicialmente prevista para os A\u00e7ores, em Porto Martins na Ilha Terceira, a Gala das Aldeias em \u00c1reas Protegidas transita agora para Pedr\u00f3g\u00e3o Grande.<\/p>\n<p>&nbsp;<\/p>\n<p>&nbsp;<\/p>\n<p>&nbsp;<\/p>\n<p>&nbsp;<\/p>\n<p>Luis Segad\u00e3es, presidente das 7 Maravilhas, explica: \u201c<em><strong>Obrigado povo portugu\u00eas, vamos renascer\u201d \u00e9 uma mensagem que se pode encontrar na chegada a Pedr\u00f3g\u00e3o Grande e que nos arrepia pela for\u00e7a que transmite. Numa altura em que homenageamos as Aldeias em \u00c1reas Protegidas quisemos falar da necessidade de proteger todo o nosso territ\u00f3rio, todo o pa\u00eds, as nossas florestas e as nossas aldeias. A vontade que a regi\u00e3o tem de renascer o mais r\u00e1pido poss\u00edvel, levou a que nos mobiliz\u00e1ssemos para esse objetivo colocando todos os nossos meios de divulga\u00e7\u00e3o e a influ\u00eancia positiva que conseguimos junto do grande p\u00fablico ao servi\u00e7o desta causa<\/strong><\/em>\u201d.<\/p>\n<p>&nbsp;<\/p>\n<p>&nbsp;<\/p>\n<p>&nbsp;<\/p>\n<p>A 20 de agosto, o programa durante o dia vai ser emitido a partir da Praia das Rocas em Castanheira de Pera, com conte\u00fados sobre os tr\u00eas munic\u00edpios, que mostrem o potencial tur\u00edstico da regi\u00e3o e que apelem \u00e0 visita de turistas nacionais e internacionais. \u00c0 noite a Gala \u00e9 emitida de Pedr\u00f3g\u00e3o Grande, junto aos Bombeiros Volunt\u00e1rios.<\/p>\n<p>&nbsp;<\/p>\n<p>&nbsp;<\/p>\n<p>&nbsp;<\/p>\n<p>\u201c<em><strong>A organiza\u00e7\u00e3o tomou esta decis\u00e3o com a colabora\u00e7\u00e3o e compreens\u00e3o do Governo Regional dos A\u00e7ores, a quem agradecemos a disponibilidade por se associar tamb\u00e9m a esta causa<\/strong><\/em>\u201d, acrescenta Luis Segad\u00e3es.<\/p>\n<p>&nbsp;<\/p>\n<p>&nbsp;<\/p>\n<p>&nbsp;<\/p>\n<p>Os A\u00e7ores continuam a fazer parte da rota e da programa\u00e7\u00e3o televisiva das 7 Maravilhas, com um programa de dia inteiro a emitir pela RTP a 27 de agosto a partir de Angra do Hero\u00edsmo. Este programa ser\u00e1 dedicado aos A\u00e7ores e \u00e0s seis aldeias a\u00e7orianas pr\u00e9-finalistas, bem como vai apresentar as 14 finalistas apuradas nas Galas anteriores (duas em cada Gala).<\/p>\n<p>&nbsp;<\/p>\n<p>&nbsp;<\/p>\n<p>&nbsp;<\/p>\n<p>A elei\u00e7\u00e3o das 7 Maravilhas de Portugal\u00ae \u2013 Aldeias est\u00e1 organizada em 7 Galas eliminat\u00f3rias por categoria e as 49 aldeias a concurso s\u00e3o votadas por chamada telef\u00f3nica. As Galas s\u00e3o emitidas em direto pela RTP todos os domingos de julho e agosto, a partir das 21h e durante cerca de 2 horas. Em cada Gala s\u00e3o apuradas duas finalistas, que passam \u00e0 fase final de vota\u00e7\u00e3o (de 27 de agosto a 3 de setembro).<\/p>\n<p>&nbsp;<\/p>\n<p>&nbsp;<\/p>\n<p>&nbsp;<\/p>\n<p>As 7 eleitas s\u00e3o conhecidas a 3 de setembro, no Pi\u00f3d\u00e3o, na Declara\u00e7\u00e3o Oficial das 7 Maravilhas de Portugal\u00ae \u2013 Aldeias.<\/p>\n<p>&nbsp;<\/p>\n<p>&nbsp;<\/p>\n<p>&nbsp;<\/p>\n<p>As 7 Maravilhas de Portugal\u00ae &#8211; Aldeias s\u00e3o patrocinadas pela Iki Mobile, primeira marca portuguesa de telem\u00f3veis em corti\u00e7a. A Kia \u00e9 o Carro Oficial do projeto, acompanhando este roadshow por todo o pa\u00eds.<\/p>\n","protected":false},"excerpt":{"rendered":"<p>&nbsp; &nbsp; Castanheira de Pera, Figueir\u00f3 dos Vinhos e Pedr\u00f3g\u00e3o Grande tornam-se s\u00edmbolos da prote\u00e7\u00e3o do territ\u00f3rio e acolhem Gala dedicada \u00e0s Aldeias em \u00c1reas Protegidas. O renascimento da regi\u00e3o afetada \u00e9 uma prioridade com a qual a organiza\u00e7\u00e3o das\u00a0 7 Maravilhas de Portugal\u00ae &#8211; Aldeias quer colaborar ao alterar o local da Gala para [&hellip;]<\/p>\n","protected":false},"author":2,"featured_media":27901,"comment_status":"open","ping_status":"closed","sticky":false,"template":"","format":"standard","meta":{"footnotes":""},"categories":[10,13],"tags":[3270,3880],"class_list":["post-27900","post","type-post","status-publish","format-standard","has-post-thumbnail","hentry","category-actualidade","category-turismo","tag-7-maravilhas","tag-pedrogao-grande"],"yoast_head":"<!-- This site is optimized with the Yoast SEO plugin v27.4 - https:\/\/yoast.com\/product\/yoast-seo-wordpress\/ -->\n<title>Pedr\u00f3g\u00e3o Grande recebe Gala das 7 Maravilhas- Aldeias | Infocul.pt - Arquivo Digital<\/title>\n<meta name=\"description\" content=\"Pedr\u00f3g\u00e3o Grande recebe Gala das 7 Maravilhas- Aldeias | Infocul.pt - Arquivo Digital\" \/>\n<meta name=\"robots\" content=\"noindex, follow, max-snippet:-1, max-image-preview:large, max-video-preview:-1\" \/>\n<meta property=\"og:locale\" content=\"pt_PT\" \/>\n<meta property=\"og:type\" content=\"article\" \/>\n<meta property=\"og:title\" content=\"Pedr\u00f3g\u00e3o Grande recebe Gala das 7 Maravilhas- Aldeias | Infocul.pt - Arquivo Digital\" \/>\n<meta property=\"og:description\" content=\"Pedr\u00f3g\u00e3o Grande recebe Gala das 7 Maravilhas- Aldeias | Infocul.pt - Arquivo Digital\" \/>\n<meta property=\"og:url\" content=\"https:\/\/infocul.pt\/arquivo\/actualidade\/pedrogao-grande-recebe-gala-das-7-maravilhas-aldeias\/\" \/>\n<meta property=\"og:site_name\" content=\"Infocul.pt - Arquivo Digital\" \/>\n<meta property=\"article:publisher\" content=\"https:\/\/www.facebook.com\/Infocul-147816815585015\/\" \/>\n<meta property=\"article:published_time\" content=\"2017-07-31T14:16:24+00:00\" \/>\n<meta property=\"article:modified_time\" content=\"2017-08-01T12:57:13+00:00\" \/>\n<meta property=\"og:image\" content=\"https:\/\/infocul.pt\/arquivo\/wp-content\/uploads\/2017\/07\/Outdoor-Pedrogao-Grande.jpeg\" \/>\n\t<meta property=\"og:image:width\" content=\"640\" \/>\n\t<meta property=\"og:image:height\" content=\"457\" \/>\n\t<meta property=\"og:image:type\" content=\"image\/jpeg\" \/>\n<meta name=\"author\" content=\"Rui Lavrador\" \/>\n<meta name=\"twitter:card\" content=\"summary_large_image\" \/>\n<meta name=\"twitter:creator\" content=\"@Infoculpt\" \/>\n<meta name=\"twitter:site\" content=\"@Infoculpt\" \/>\n<meta name=\"twitter:label1\" content=\"Escrito por\" \/>\n\t<meta name=\"twitter:data1\" content=\"Rui Lavrador\" \/>\n\t<meta name=\"twitter:label2\" content=\"Tempo estimado de leitura\" \/>\n\t<meta name=\"twitter:data2\" content=\"3 minutos\" \/>\n<script type=\"application\/ld+json\" class=\"yoast-schema-graph\">{\"@context\":\"https:\\\/\\\/schema.org\",\"@graph\":[{\"@type\":\"Article\",\"@id\":\"https:\\\/\\\/infocul.pt\\\/arquivo\\\/actualidade\\\/pedrogao-grande-recebe-gala-das-7-maravilhas-aldeias\\\/#article\",\"isPartOf\":{\"@id\":\"https:\\\/\\\/infocul.pt\\\/arquivo\\\/actualidade\\\/pedrogao-grande-recebe-gala-das-7-maravilhas-aldeias\\\/\"},\"author\":{\"name\":\"Rui Lavrador\",\"@id\":\"https:\\\/\\\/infocul.pt\\\/arquivo\\\/#\\\/schema\\\/person\\\/060a108d7f2d85fc6aae505119ee5234\"},\"headline\":\"Pedr\u00f3g\u00e3o Grande recebe Gala das 7 Maravilhas- Aldeias\",\"datePublished\":\"2017-07-31T14:16:24+00:00\",\"dateModified\":\"2017-08-01T12:57:13+00:00\",\"mainEntityOfPage\":{\"@id\":\"https:\\\/\\\/infocul.pt\\\/arquivo\\\/actualidade\\\/pedrogao-grande-recebe-gala-das-7-maravilhas-aldeias\\\/\"},\"wordCount\":580,\"commentCount\":0,\"publisher\":{\"@id\":\"https:\\\/\\\/infocul.pt\\\/arquivo\\\/#organization\"},\"image\":{\"@id\":\"https:\\\/\\\/infocul.pt\\\/arquivo\\\/actualidade\\\/pedrogao-grande-recebe-gala-das-7-maravilhas-aldeias\\\/#primaryimage\"},\"thumbnailUrl\":\"https:\\\/\\\/infocul.pt\\\/arquivo\\\/wp-content\\\/uploads\\\/2017\\\/07\\\/Outdoor-Pedrogao-Grande.jpeg\",\"keywords\":[\"7 Maravilhas\",\"Pedr\u00f3g\u00e3o Grande\"],\"articleSection\":[\"Actualidade\",\"Turismo\"],\"inLanguage\":\"pt-PT\"},{\"@type\":\"WebPage\",\"@id\":\"https:\\\/\\\/infocul.pt\\\/arquivo\\\/actualidade\\\/pedrogao-grande-recebe-gala-das-7-maravilhas-aldeias\\\/\",\"url\":\"https:\\\/\\\/infocul.pt\\\/arquivo\\\/actualidade\\\/pedrogao-grande-recebe-gala-das-7-maravilhas-aldeias\\\/\",\"name\":\"Pedr\u00f3g\u00e3o Grande recebe Gala das 7 Maravilhas- Aldeias | Infocul.pt - Arquivo Digital\",\"isPartOf\":{\"@id\":\"https:\\\/\\\/infocul.pt\\\/arquivo\\\/#website\"},\"primaryImageOfPage\":{\"@id\":\"https:\\\/\\\/infocul.pt\\\/arquivo\\\/actualidade\\\/pedrogao-grande-recebe-gala-das-7-maravilhas-aldeias\\\/#primaryimage\"},\"image\":{\"@id\":\"https:\\\/\\\/infocul.pt\\\/arquivo\\\/actualidade\\\/pedrogao-grande-recebe-gala-das-7-maravilhas-aldeias\\\/#primaryimage\"},\"thumbnailUrl\":\"https:\\\/\\\/infocul.pt\\\/arquivo\\\/wp-content\\\/uploads\\\/2017\\\/07\\\/Outdoor-Pedrogao-Grande.jpeg\",\"datePublished\":\"2017-07-31T14:16:24+00:00\",\"dateModified\":\"2017-08-01T12:57:13+00:00\",\"description\":\"Pedr\u00f3g\u00e3o Grande recebe Gala das 7 Maravilhas- Aldeias | Infocul.pt - Arquivo Digital\",\"breadcrumb\":{\"@id\":\"https:\\\/\\\/infocul.pt\\\/arquivo\\\/actualidade\\\/pedrogao-grande-recebe-gala-das-7-maravilhas-aldeias\\\/#breadcrumb\"},\"inLanguage\":\"pt-PT\",\"potentialAction\":[{\"@type\":\"ReadAction\",\"target\":[\"https:\\\/\\\/infocul.pt\\\/arquivo\\\/actualidade\\\/pedrogao-grande-recebe-gala-das-7-maravilhas-aldeias\\\/\"]}]},{\"@type\":\"ImageObject\",\"inLanguage\":\"pt-PT\",\"@id\":\"https:\\\/\\\/infocul.pt\\\/arquivo\\\/actualidade\\\/pedrogao-grande-recebe-gala-das-7-maravilhas-aldeias\\\/#primaryimage\",\"url\":\"https:\\\/\\\/infocul.pt\\\/arquivo\\\/wp-content\\\/uploads\\\/2017\\\/07\\\/Outdoor-Pedrogao-Grande.jpeg\",\"contentUrl\":\"https:\\\/\\\/infocul.pt\\\/arquivo\\\/wp-content\\\/uploads\\\/2017\\\/07\\\/Outdoor-Pedrogao-Grande.jpeg\",\"width\":640,\"height\":457},{\"@type\":\"BreadcrumbList\",\"@id\":\"https:\\\/\\\/infocul.pt\\\/arquivo\\\/actualidade\\\/pedrogao-grande-recebe-gala-das-7-maravilhas-aldeias\\\/#breadcrumb\",\"itemListElement\":[{\"@type\":\"ListItem\",\"position\":1,\"name\":\"Home\",\"item\":\"https:\\\/\\\/infocul.pt\\\/arquivo\\\/\"},{\"@type\":\"ListItem\",\"position\":2,\"name\":\"Pedr\u00f3g\u00e3o Grande recebe Gala das 7 Maravilhas- Aldeias\"}]},{\"@type\":\"WebSite\",\"@id\":\"https:\\\/\\\/infocul.pt\\\/arquivo\\\/#website\",\"url\":\"https:\\\/\\\/infocul.pt\\\/arquivo\\\/\",\"name\":\"Infocul.pt - Arquivo Digital\",\"description\":\"Arquivo digital da Infocul.pt\",\"publisher\":{\"@id\":\"https:\\\/\\\/infocul.pt\\\/arquivo\\\/#organization\"},\"potentialAction\":[{\"@type\":\"SearchAction\",\"target\":{\"@type\":\"EntryPoint\",\"urlTemplate\":\"https:\\\/\\\/infocul.pt\\\/arquivo\\\/?s={search_term_string}\"},\"query-input\":{\"@type\":\"PropertyValueSpecification\",\"valueRequired\":true,\"valueName\":\"search_term_string\"}}],\"inLanguage\":\"pt-PT\"},{\"@type\":\"Organization\",\"@id\":\"https:\\\/\\\/infocul.pt\\\/arquivo\\\/#organization\",\"name\":\"Infocul.pt\",\"url\":\"https:\\\/\\\/infocul.pt\\\/arquivo\\\/\",\"logo\":{\"@type\":\"ImageObject\",\"inLanguage\":\"pt-PT\",\"@id\":\"https:\\\/\\\/infocul.pt\\\/arquivo\\\/#\\\/schema\\\/logo\\\/image\\\/\",\"url\":\"https:\\\/\\\/infocul.pt\\\/arquivo\\\/wp-content\\\/uploads\\\/2018\\\/12\\\/Infocul_logo-1.png\",\"contentUrl\":\"https:\\\/\\\/infocul.pt\\\/arquivo\\\/wp-content\\\/uploads\\\/2018\\\/12\\\/Infocul_logo-1.png\",\"width\":800,\"height\":800,\"caption\":\"Infocul.pt\"},\"image\":{\"@id\":\"https:\\\/\\\/infocul.pt\\\/arquivo\\\/#\\\/schema\\\/logo\\\/image\\\/\"},\"sameAs\":[\"https:\\\/\\\/www.facebook.com\\\/Infocul-147816815585015\\\/\",\"https:\\\/\\\/x.com\\\/Infoculpt\",\"http:\\\/\\\/www.pictaram.com\\\/user\\\/infocul.pt\\\/2370423710\",\"https:\\\/\\\/www.youtube.com\\\/channel\\\/UCYEB91AGI9FL9ek2i_IaQAA\"]},{\"@type\":\"Person\",\"@id\":\"https:\\\/\\\/infocul.pt\\\/arquivo\\\/#\\\/schema\\\/person\\\/060a108d7f2d85fc6aae505119ee5234\",\"name\":\"Rui Lavrador\",\"image\":{\"@type\":\"ImageObject\",\"inLanguage\":\"pt-PT\",\"@id\":\"https:\\\/\\\/secure.gravatar.com\\\/avatar\\\/93febd6873394aa8e975148548a0cb203acfdd42d2c85c5f1408e1a76678aece?s=96&d=mm&r=g\",\"url\":\"https:\\\/\\\/secure.gravatar.com\\\/avatar\\\/93febd6873394aa8e975148548a0cb203acfdd42d2c85c5f1408e1a76678aece?s=96&d=mm&r=g\",\"contentUrl\":\"https:\\\/\\\/secure.gravatar.com\\\/avatar\\\/93febd6873394aa8e975148548a0cb203acfdd42d2c85c5f1408e1a76678aece?s=96&d=mm&r=g\",\"caption\":\"Rui Lavrador\"},\"description\":\"Iniciou em 2011 o seu percurso em comunica\u00e7\u00e3o social, tendo integrado v\u00e1rios projectos editoriais. Durante o seu percurso integrou projectos como Jornal Hardm\u00fasica, LusoNot\u00edcias, Toureio.pt, ODigital.pt, entre outros \u00d3rg\u00e3os de Comunica\u00e7\u00e3o Social nacionais, na redac\u00e7\u00e3o de v\u00e1rios artigos. Entrevistou a grande maioria das personalidades mais importantes da vida social e cultural do pa\u00eds, destacando-se, tamb\u00e9m, na aprecia\u00e7\u00e3o de v\u00e1rios espect\u00e1culos. Durante o seu percurso, deu a conhecer v\u00e1rios artistas, at\u00e9 ent\u00e3o desconhecidos, ao grande p\u00fablico. Em 2015 criou e fundou o Infocul.pt, projecto no qual assume a direc\u00e7\u00e3o editorial.\",\"sameAs\":[\"http:\\\/\\\/www.infocul.pt\"]}]}<\/script>\n<!-- \/ Yoast SEO plugin. -->","yoast_head_json":{"title":"Pedr\u00f3g\u00e3o Grande recebe Gala das 7 Maravilhas- Aldeias | Infocul.pt - Arquivo Digital","description":"Pedr\u00f3g\u00e3o Grande recebe Gala das 7 Maravilhas- Aldeias | Infocul.pt - Arquivo Digital","robots":{"index":"noindex","follow":"follow","max-snippet":"max-snippet:-1","max-image-preview":"max-image-preview:large","max-video-preview":"max-video-preview:-1"},"og_locale":"pt_PT","og_type":"article","og_title":"Pedr\u00f3g\u00e3o Grande recebe Gala das 7 Maravilhas- Aldeias | Infocul.pt - Arquivo Digital","og_description":"Pedr\u00f3g\u00e3o Grande recebe Gala das 7 Maravilhas- Aldeias | Infocul.pt - Arquivo Digital","og_url":"https:\/\/infocul.pt\/arquivo\/actualidade\/pedrogao-grande-recebe-gala-das-7-maravilhas-aldeias\/","og_site_name":"Infocul.pt - Arquivo Digital","article_publisher":"https:\/\/www.facebook.com\/Infocul-147816815585015\/","article_published_time":"2017-07-31T14:16:24+00:00","article_modified_time":"2017-08-01T12:57:13+00:00","og_image":[{"width":640,"height":457,"url":"https:\/\/infocul.pt\/arquivo\/wp-content\/uploads\/2017\/07\/Outdoor-Pedrogao-Grande.jpeg","type":"image\/jpeg"}],"author":"Rui Lavrador","twitter_card":"summary_large_image","twitter_creator":"@Infoculpt","twitter_site":"@Infoculpt","twitter_misc":{"Escrito por":"Rui Lavrador","Tempo estimado de leitura":"3 minutos"},"schema":{"@context":"https:\/\/schema.org","@graph":[{"@type":"Article","@id":"https:\/\/infocul.pt\/arquivo\/actualidade\/pedrogao-grande-recebe-gala-das-7-maravilhas-aldeias\/#article","isPartOf":{"@id":"https:\/\/infocul.pt\/arquivo\/actualidade\/pedrogao-grande-recebe-gala-das-7-maravilhas-aldeias\/"},"author":{"name":"Rui Lavrador","@id":"https:\/\/infocul.pt\/arquivo\/#\/schema\/person\/060a108d7f2d85fc6aae505119ee5234"},"headline":"Pedr\u00f3g\u00e3o Grande recebe Gala das 7 Maravilhas- Aldeias","datePublished":"2017-07-31T14:16:24+00:00","dateModified":"2017-08-01T12:57:13+00:00","mainEntityOfPage":{"@id":"https:\/\/infocul.pt\/arquivo\/actualidade\/pedrogao-grande-recebe-gala-das-7-maravilhas-aldeias\/"},"wordCount":580,"commentCount":0,"publisher":{"@id":"https:\/\/infocul.pt\/arquivo\/#organization"},"image":{"@id":"https:\/\/infocul.pt\/arquivo\/actualidade\/pedrogao-grande-recebe-gala-das-7-maravilhas-aldeias\/#primaryimage"},"thumbnailUrl":"https:\/\/infocul.pt\/arquivo\/wp-content\/uploads\/2017\/07\/Outdoor-Pedrogao-Grande.jpeg","keywords":["7 Maravilhas","Pedr\u00f3g\u00e3o Grande"],"articleSection":["Actualidade","Turismo"],"inLanguage":"pt-PT"},{"@type":"WebPage","@id":"https:\/\/infocul.pt\/arquivo\/actualidade\/pedrogao-grande-recebe-gala-das-7-maravilhas-aldeias\/","url":"https:\/\/infocul.pt\/arquivo\/actualidade\/pedrogao-grande-recebe-gala-das-7-maravilhas-aldeias\/","name":"Pedr\u00f3g\u00e3o Grande recebe Gala das 7 Maravilhas- Aldeias | Infocul.pt - Arquivo Digital","isPartOf":{"@id":"https:\/\/infocul.pt\/arquivo\/#website"},"primaryImageOfPage":{"@id":"https:\/\/infocul.pt\/arquivo\/actualidade\/pedrogao-grande-recebe-gala-das-7-maravilhas-aldeias\/#primaryimage"},"image":{"@id":"https:\/\/infocul.pt\/arquivo\/actualidade\/pedrogao-grande-recebe-gala-das-7-maravilhas-aldeias\/#primaryimage"},"thumbnailUrl":"https:\/\/infocul.pt\/arquivo\/wp-content\/uploads\/2017\/07\/Outdoor-Pedrogao-Grande.jpeg","datePublished":"2017-07-31T14:16:24+00:00","dateModified":"2017-08-01T12:57:13+00:00","description":"Pedr\u00f3g\u00e3o Grande recebe Gala das 7 Maravilhas- Aldeias | Infocul.pt - Arquivo Digital","breadcrumb":{"@id":"https:\/\/infocul.pt\/arquivo\/actualidade\/pedrogao-grande-recebe-gala-das-7-maravilhas-aldeias\/#breadcrumb"},"inLanguage":"pt-PT","potentialAction":[{"@type":"ReadAction","target":["https:\/\/infocul.pt\/arquivo\/actualidade\/pedrogao-grande-recebe-gala-das-7-maravilhas-aldeias\/"]}]},{"@type":"ImageObject","inLanguage":"pt-PT","@id":"https:\/\/infocul.pt\/arquivo\/actualidade\/pedrogao-grande-recebe-gala-das-7-maravilhas-aldeias\/#primaryimage","url":"https:\/\/infocul.pt\/arquivo\/wp-content\/uploads\/2017\/07\/Outdoor-Pedrogao-Grande.jpeg","contentUrl":"https:\/\/infocul.pt\/arquivo\/wp-content\/uploads\/2017\/07\/Outdoor-Pedrogao-Grande.jpeg","width":640,"height":457},{"@type":"BreadcrumbList","@id":"https:\/\/infocul.pt\/arquivo\/actualidade\/pedrogao-grande-recebe-gala-das-7-maravilhas-aldeias\/#breadcrumb","itemListElement":[{"@type":"ListItem","position":1,"name":"Home","item":"https:\/\/infocul.pt\/arquivo\/"},{"@type":"ListItem","position":2,"name":"Pedr\u00f3g\u00e3o Grande recebe Gala das 7 Maravilhas- Aldeias"}]},{"@type":"WebSite","@id":"https:\/\/infocul.pt\/arquivo\/#website","url":"https:\/\/infocul.pt\/arquivo\/","name":"Infocul.pt - Arquivo Digital","description":"Arquivo digital da Infocul.pt","publisher":{"@id":"https:\/\/infocul.pt\/arquivo\/#organization"},"potentialAction":[{"@type":"SearchAction","target":{"@type":"EntryPoint","urlTemplate":"https:\/\/infocul.pt\/arquivo\/?s={search_term_string}"},"query-input":{"@type":"PropertyValueSpecification","valueRequired":true,"valueName":"search_term_string"}}],"inLanguage":"pt-PT"},{"@type":"Organization","@id":"https:\/\/infocul.pt\/arquivo\/#organization","name":"Infocul.pt","url":"https:\/\/infocul.pt\/arquivo\/","logo":{"@type":"ImageObject","inLanguage":"pt-PT","@id":"https:\/\/infocul.pt\/arquivo\/#\/schema\/logo\/image\/","url":"https:\/\/infocul.pt\/arquivo\/wp-content\/uploads\/2018\/12\/Infocul_logo-1.png","contentUrl":"https:\/\/infocul.pt\/arquivo\/wp-content\/uploads\/2018\/12\/Infocul_logo-1.png","width":800,"height":800,"caption":"Infocul.pt"},"image":{"@id":"https:\/\/infocul.pt\/arquivo\/#\/schema\/logo\/image\/"},"sameAs":["https:\/\/www.facebook.com\/Infocul-147816815585015\/","https:\/\/x.com\/Infoculpt","http:\/\/www.pictaram.com\/user\/infocul.pt\/2370423710","https:\/\/www.youtube.com\/channel\/UCYEB91AGI9FL9ek2i_IaQAA"]},{"@type":"Person","@id":"https:\/\/infocul.pt\/arquivo\/#\/schema\/person\/060a108d7f2d85fc6aae505119ee5234","name":"Rui Lavrador","image":{"@type":"ImageObject","inLanguage":"pt-PT","@id":"https:\/\/secure.gravatar.com\/avatar\/93febd6873394aa8e975148548a0cb203acfdd42d2c85c5f1408e1a76678aece?s=96&d=mm&r=g","url":"https:\/\/secure.gravatar.com\/avatar\/93febd6873394aa8e975148548a0cb203acfdd42d2c85c5f1408e1a76678aece?s=96&d=mm&r=g","contentUrl":"https:\/\/secure.gravatar.com\/avatar\/93febd6873394aa8e975148548a0cb203acfdd42d2c85c5f1408e1a76678aece?s=96&d=mm&r=g","caption":"Rui Lavrador"},"description":"Iniciou em 2011 o seu percurso em comunica\u00e7\u00e3o social, tendo integrado v\u00e1rios projectos editoriais. Durante o seu percurso integrou projectos como Jornal Hardm\u00fasica, LusoNot\u00edcias, Toureio.pt, ODigital.pt, entre outros \u00d3rg\u00e3os de Comunica\u00e7\u00e3o Social nacionais, na redac\u00e7\u00e3o de v\u00e1rios artigos. Entrevistou a grande maioria das personalidades mais importantes da vida social e cultural do pa\u00eds, destacando-se, tamb\u00e9m, na aprecia\u00e7\u00e3o de v\u00e1rios espect\u00e1culos. Durante o seu percurso, deu a conhecer v\u00e1rios artistas, at\u00e9 ent\u00e3o desconhecidos, ao grande p\u00fablico. Em 2015 criou e fundou o Infocul.pt, projecto no qual assume a direc\u00e7\u00e3o editorial.","sameAs":["http:\/\/www.infocul.pt"]}]}},"_links":{"self":[{"href":"https:\/\/infocul.pt\/arquivo\/wp-json\/wp\/v2\/posts\/27900","targetHints":{"allow":["GET"]}}],"collection":[{"href":"https:\/\/infocul.pt\/arquivo\/wp-json\/wp\/v2\/posts"}],"about":[{"href":"https:\/\/infocul.pt\/arquivo\/wp-json\/wp\/v2\/types\/post"}],"author":[{"embeddable":true,"href":"https:\/\/infocul.pt\/arquivo\/wp-json\/wp\/v2\/users\/2"}],"replies":[{"embeddable":true,"href":"https:\/\/infocul.pt\/arquivo\/wp-json\/wp\/v2\/comments?post=27900"}],"version-history":[{"count":0,"href":"https:\/\/infocul.pt\/arquivo\/wp-json\/wp\/v2\/posts\/27900\/revisions"}],"wp:featuredmedia":[{"embeddable":true,"href":"https:\/\/infocul.pt\/arquivo\/wp-json\/wp\/v2\/media\/27901"}],"wp:attachment":[{"href":"https:\/\/infocul.pt\/arquivo\/wp-json\/wp\/v2\/media?parent=27900"}],"wp:term":[{"taxonomy":"category","embeddable":true,"href":"https:\/\/infocul.pt\/arquivo\/wp-json\/wp\/v2\/categories?post=27900"},{"taxonomy":"post_tag","embeddable":true,"href":"https:\/\/infocul.pt\/arquivo\/wp-json\/wp\/v2\/tags?post=27900"}],"curies":[{"name":"wp","href":"https:\/\/api.w.org\/{rel}","templated":true}]}}