{"id":2823,"date":"2016-02-15T23:45:17","date_gmt":"2016-02-15T23:45:17","guid":{"rendered":"http:\/\/infocul.pt\/?p=2823"},"modified":"2016-02-15T23:45:17","modified_gmt":"2016-02-15T23:45:17","slug":"2823","status":"publish","type":"post","link":"https:\/\/infocul.pt\/arquivo\/cultura\/2823\/","title":{"rendered":"&#8220;Toda a gente e ningu\u00e9m&#8221; no Cinema-Teatro Joaquim d&#8217;Almeida"},"content":{"rendered":"<p>\t<img decoding=\"async\" width=\"2048\" height=\"1341\" class=\"so-widget-image lazyload\" style=\"--smush-placeholder-width: 2048px; --smush-placeholder-aspect-ratio: 2048\/1341;height: auto; display: block; max-width: 100%;\" data-src=\"http:\/\/infocul.pt\/wp-content\/uploads\/2016\/02\/Montijo.png\" src=\"data:image\/svg+xml;base64,PHN2ZyB3aWR0aD0iMSIgaGVpZ2h0PSIxIiB4bWxucz0iaHR0cDovL3d3dy53My5vcmcvMjAwMC9zdmciPjwvc3ZnPg==\"><\/p>\n<p><span style=\"color: rgb(0, 0, 0); font-family: Calibri;\"><strong>O primeiro espect\u00e1culo da Companhia Mascarenhas-Martins, \u201cToda a gente e ningu\u00e9m\u201d, estreia no Cinema-Teatro Joaquim d&#8217;Almeida no dia 3 de Mar\u00e7o, Quinta-feira, \u00e0s 21:30.<\/strong> <\/span><\/p>\n<h3>&nbsp;<\/h3>\n<p>Trata-se de um retrato da vida contempor\u00e2nea, escrito a partir de observa\u00e7\u00f5es do quotidiano, com encena\u00e7\u00e3o de Levi Martins. \u201cToda a gente e ningu\u00e9m\u201d estar\u00e1 em cena entre 3 e 5 de Mar\u00e7o e os seus int\u00e9rpretes s\u00e3o Jo\u00e3o Jacinto e Maria Mascarenhas.<\/p>\n<p>&nbsp;<\/p>\n<p>&nbsp;<\/p>\n<p>&#8220;Eu hei nome Todo o Mundo e meu tempo todo enteiro, sempre \u00e9 buscar dinheiro e sempre nisto me fundo&#8221;. &#8220;E eu hei nome Ningu\u00e9m e busco a conci\u00eancia&#8221;. Quando Gil Vicente escreveu o Auto da Lusit\u00e2nia (1532), imaginou as personagens \u201cTodo o Mundo e Ningu\u00e9m\u201d.<\/p>\n<p>&nbsp;<\/p>\n<p>&nbsp;<\/p>\n<p>A sua interac\u00e7\u00e3o revelava, de forma simples, a oposi\u00e7\u00e3o que existe entre estes dois conceitos gerais: &#8220;toda a gente&#8221; e &#8220;ningu\u00e9m&#8221;. Foi a partir dessa mesma oposi\u00e7\u00e3o que surgiu \u201cToda a gente e ningu\u00e9m\u201d, uma cria\u00e7\u00e3o que coloca em cena tr\u00eas pares de personagens que se confrontam com aquilo que acontece no decorrer de um s\u00f3 dia.<\/p>\n<p>&nbsp;<\/p>\n<p>&nbsp;<\/p>\n<p>O espect\u00e1culo de estreia da Companhia Mascarenhas-Martins, nova estrutura sediada no Montijo, parte da preocupa\u00e7\u00e3o dos seus criadores em pensar que teatro pode fazer-se na actualidade, que consiga dialogar com as inquieta\u00e7\u00f5es e o quotidiano dos espectadores.<\/p>\n<p>&nbsp;<\/p>\n<p>&nbsp;<\/p>\n<p>\u201c<strong>O que significa fundar uma companhia hoje? Qual o ponto de partida para um primeiro espect\u00e1culo? A tentativa de responder a estas perguntas levou-nos a um conjunto de premissas: queremos fazer teatro que tenha uma rela\u00e7\u00e3o clara com a actualidade; queremos come\u00e7ar com um espect\u00e1culo que parta dos nossos pontos de vista e n\u00e3o de uma escolha de repert\u00f3rio; temos como objectivo contribuir para uma renova\u00e7\u00e3o do panorama art\u00edstico, acreditando que \u00e9 urgente trabalhar para que n\u00e3o exista, da parte dos espectadores, qualquer tipo de desconfian\u00e7a quanto \u00e0quilo que \u00e9 a cria\u00e7\u00e3o art\u00edstica honesta; acreditamos ainda que \u00e9 necess\u00e1rio libertar a arte de qualquer tipo de instrumentaliza\u00e7\u00e3o. Entendemos a cria\u00e7\u00e3o art\u00edstica como um gesto de liberdade<\/strong>\u201d revelam em nota de imprensa.<\/p>\n<p>&nbsp;<\/p>\n<p>&nbsp;<\/p>\n<p>Nota: apesar da alus\u00e3o a Gil Vicente, este espect\u00e1culo n\u00e3o tem nenhuma rela\u00e7\u00e3o directa com a sua obra.<\/p>\n<p>&nbsp;<\/p>\n<p>&nbsp;<\/p>\n<p>A pe\u00e7a estar\u00e1 em cena de 03 a 05 de Mar\u00e7o pelas 21:30. Os bilhetes t\u00eam um custo entre quatro a seis euros.<\/p>\n","protected":false},"excerpt":{"rendered":"<p>O primeiro espect\u00e1culo da Companhia Mascarenhas-Martins, \u201cToda a gente e ningu\u00e9m\u201d, estreia no Cinema-Teatro Joaquim d&#8217;Almeida no dia 3 de Mar\u00e7o, Quinta-feira, \u00e0s 21:30. &nbsp; Trata-se de um retrato da vida contempor\u00e2nea, escrito a partir de observa\u00e7\u00f5es do quotidiano, com encena\u00e7\u00e3o de Levi Martins. \u201cToda a gente e ningu\u00e9m\u201d estar\u00e1 em cena entre 3 e [&hellip;]<\/p>\n","protected":false},"author":2,"featured_media":2824,"comment_status":"open","ping_status":"closed","sticky":false,"template":"","format":"standard","meta":{"footnotes":""},"categories":[2,5],"tags":[591,283,282],"class_list":["post-2823","post","type-post","status-publish","format-standard","has-post-thumbnail","hentry","category-cultura","category-teatro","tag-cinema-teatro-joaquim-dalmeida","tag-companhia-mascarenhas-martins","tag-montijo"],"yoast_head":"<!-- This site is optimized with the Yoast SEO plugin v27.4 - https:\/\/yoast.com\/product\/yoast-seo-wordpress\/ -->\n<title>&quot;Toda a gente e ningu\u00e9m&quot; no Cinema-Teatro Joaquim d&#039;Almeida | Infocul.pt - Arquivo Digital<\/title>\n<meta name=\"description\" content=\"&quot;Toda a gente e ningu\u00e9m&quot; no Cinema-Teatro Joaquim d&#039;Almeida | Infocul.pt - Arquivo Digital\" \/>\n<meta name=\"robots\" content=\"noindex, follow, max-snippet:-1, max-image-preview:large, max-video-preview:-1\" \/>\n<meta property=\"og:locale\" content=\"pt_PT\" \/>\n<meta property=\"og:type\" content=\"article\" \/>\n<meta property=\"og:title\" content=\"&quot;Toda a gente e ningu\u00e9m&quot; no Cinema-Teatro Joaquim d&#039;Almeida | Infocul.pt - Arquivo Digital\" \/>\n<meta property=\"og:description\" content=\"&quot;Toda a gente e ningu\u00e9m&quot; no Cinema-Teatro Joaquim d&#039;Almeida | Infocul.pt - Arquivo Digital\" \/>\n<meta property=\"og:url\" content=\"https:\/\/infocul.pt\/arquivo\/cultura\/2823\/\" \/>\n<meta property=\"og:site_name\" content=\"Infocul.pt - Arquivo Digital\" \/>\n<meta property=\"article:publisher\" content=\"https:\/\/www.facebook.com\/Infocul-147816815585015\/\" \/>\n<meta property=\"article:published_time\" content=\"2016-02-15T23:45:17+00:00\" \/>\n<meta property=\"og:image\" content=\"https:\/\/infocul.pt\/arquivo\/wp-content\/uploads\/2016\/02\/Montijo.png\" \/>\n\t<meta property=\"og:image:width\" content=\"2048\" \/>\n\t<meta property=\"og:image:height\" content=\"1341\" \/>\n\t<meta property=\"og:image:type\" content=\"image\/png\" \/>\n<meta name=\"author\" content=\"Rui Lavrador\" \/>\n<meta name=\"twitter:card\" content=\"summary_large_image\" \/>\n<meta name=\"twitter:creator\" content=\"@Infoculpt\" \/>\n<meta name=\"twitter:site\" content=\"@Infoculpt\" \/>\n<meta name=\"twitter:label1\" content=\"Escrito por\" \/>\n\t<meta name=\"twitter:data1\" content=\"Rui Lavrador\" \/>\n\t<meta name=\"twitter:label2\" content=\"Tempo estimado de leitura\" \/>\n\t<meta name=\"twitter:data2\" content=\"2 minutos\" \/>\n<script type=\"application\/ld+json\" class=\"yoast-schema-graph\">{\"@context\":\"https:\\\/\\\/schema.org\",\"@graph\":[{\"@type\":\"Article\",\"@id\":\"https:\\\/\\\/infocul.pt\\\/arquivo\\\/cultura\\\/2823\\\/#article\",\"isPartOf\":{\"@id\":\"https:\\\/\\\/infocul.pt\\\/arquivo\\\/cultura\\\/2823\\\/\"},\"author\":{\"name\":\"Rui Lavrador\",\"@id\":\"https:\\\/\\\/infocul.pt\\\/arquivo\\\/#\\\/schema\\\/person\\\/060a108d7f2d85fc6aae505119ee5234\"},\"headline\":\"&#8220;Toda a gente e ningu\u00e9m&#8221; no Cinema-Teatro Joaquim d&#8217;Almeida\",\"datePublished\":\"2016-02-15T23:45:17+00:00\",\"mainEntityOfPage\":{\"@id\":\"https:\\\/\\\/infocul.pt\\\/arquivo\\\/cultura\\\/2823\\\/\"},\"wordCount\":430,\"commentCount\":0,\"publisher\":{\"@id\":\"https:\\\/\\\/infocul.pt\\\/arquivo\\\/#organization\"},\"image\":{\"@id\":\"https:\\\/\\\/infocul.pt\\\/arquivo\\\/cultura\\\/2823\\\/#primaryimage\"},\"thumbnailUrl\":\"https:\\\/\\\/infocul.pt\\\/arquivo\\\/wp-content\\\/uploads\\\/2016\\\/02\\\/Montijo.png\",\"keywords\":[\"Cinema-Teatro Joaquim D'Almeida\",\"Companhia Mascarenhas-Martins\",\"Montijo\"],\"articleSection\":[\"Cultura\",\"Teatro\"],\"inLanguage\":\"pt-PT\"},{\"@type\":\"WebPage\",\"@id\":\"https:\\\/\\\/infocul.pt\\\/arquivo\\\/cultura\\\/2823\\\/\",\"url\":\"https:\\\/\\\/infocul.pt\\\/arquivo\\\/cultura\\\/2823\\\/\",\"name\":\"\\\"Toda a gente e ningu\u00e9m\\\" no Cinema-Teatro Joaquim d'Almeida | Infocul.pt - Arquivo Digital\",\"isPartOf\":{\"@id\":\"https:\\\/\\\/infocul.pt\\\/arquivo\\\/#website\"},\"primaryImageOfPage\":{\"@id\":\"https:\\\/\\\/infocul.pt\\\/arquivo\\\/cultura\\\/2823\\\/#primaryimage\"},\"image\":{\"@id\":\"https:\\\/\\\/infocul.pt\\\/arquivo\\\/cultura\\\/2823\\\/#primaryimage\"},\"thumbnailUrl\":\"https:\\\/\\\/infocul.pt\\\/arquivo\\\/wp-content\\\/uploads\\\/2016\\\/02\\\/Montijo.png\",\"datePublished\":\"2016-02-15T23:45:17+00:00\",\"description\":\"\\\"Toda a gente e ningu\u00e9m\\\" no Cinema-Teatro Joaquim d'Almeida | Infocul.pt - Arquivo Digital\",\"breadcrumb\":{\"@id\":\"https:\\\/\\\/infocul.pt\\\/arquivo\\\/cultura\\\/2823\\\/#breadcrumb\"},\"inLanguage\":\"pt-PT\",\"potentialAction\":[{\"@type\":\"ReadAction\",\"target\":[\"https:\\\/\\\/infocul.pt\\\/arquivo\\\/cultura\\\/2823\\\/\"]}]},{\"@type\":\"ImageObject\",\"inLanguage\":\"pt-PT\",\"@id\":\"https:\\\/\\\/infocul.pt\\\/arquivo\\\/cultura\\\/2823\\\/#primaryimage\",\"url\":\"https:\\\/\\\/infocul.pt\\\/arquivo\\\/wp-content\\\/uploads\\\/2016\\\/02\\\/Montijo.png\",\"contentUrl\":\"https:\\\/\\\/infocul.pt\\\/arquivo\\\/wp-content\\\/uploads\\\/2016\\\/02\\\/Montijo.png\",\"width\":2048,\"height\":1341},{\"@type\":\"BreadcrumbList\",\"@id\":\"https:\\\/\\\/infocul.pt\\\/arquivo\\\/cultura\\\/2823\\\/#breadcrumb\",\"itemListElement\":[{\"@type\":\"ListItem\",\"position\":1,\"name\":\"Home\",\"item\":\"https:\\\/\\\/infocul.pt\\\/arquivo\\\/\"},{\"@type\":\"ListItem\",\"position\":2,\"name\":\"&#8220;Toda a gente e ningu\u00e9m&#8221; no Cinema-Teatro Joaquim d&#8217;Almeida\"}]},{\"@type\":\"WebSite\",\"@id\":\"https:\\\/\\\/infocul.pt\\\/arquivo\\\/#website\",\"url\":\"https:\\\/\\\/infocul.pt\\\/arquivo\\\/\",\"name\":\"Infocul.pt - Arquivo Digital\",\"description\":\"Arquivo digital da Infocul.pt\",\"publisher\":{\"@id\":\"https:\\\/\\\/infocul.pt\\\/arquivo\\\/#organization\"},\"potentialAction\":[{\"@type\":\"SearchAction\",\"target\":{\"@type\":\"EntryPoint\",\"urlTemplate\":\"https:\\\/\\\/infocul.pt\\\/arquivo\\\/?s={search_term_string}\"},\"query-input\":{\"@type\":\"PropertyValueSpecification\",\"valueRequired\":true,\"valueName\":\"search_term_string\"}}],\"inLanguage\":\"pt-PT\"},{\"@type\":\"Organization\",\"@id\":\"https:\\\/\\\/infocul.pt\\\/arquivo\\\/#organization\",\"name\":\"Infocul.pt\",\"url\":\"https:\\\/\\\/infocul.pt\\\/arquivo\\\/\",\"logo\":{\"@type\":\"ImageObject\",\"inLanguage\":\"pt-PT\",\"@id\":\"https:\\\/\\\/infocul.pt\\\/arquivo\\\/#\\\/schema\\\/logo\\\/image\\\/\",\"url\":\"https:\\\/\\\/infocul.pt\\\/arquivo\\\/wp-content\\\/uploads\\\/2018\\\/12\\\/Infocul_logo-1.png\",\"contentUrl\":\"https:\\\/\\\/infocul.pt\\\/arquivo\\\/wp-content\\\/uploads\\\/2018\\\/12\\\/Infocul_logo-1.png\",\"width\":800,\"height\":800,\"caption\":\"Infocul.pt\"},\"image\":{\"@id\":\"https:\\\/\\\/infocul.pt\\\/arquivo\\\/#\\\/schema\\\/logo\\\/image\\\/\"},\"sameAs\":[\"https:\\\/\\\/www.facebook.com\\\/Infocul-147816815585015\\\/\",\"https:\\\/\\\/x.com\\\/Infoculpt\",\"http:\\\/\\\/www.pictaram.com\\\/user\\\/infocul.pt\\\/2370423710\",\"https:\\\/\\\/www.youtube.com\\\/channel\\\/UCYEB91AGI9FL9ek2i_IaQAA\"]},{\"@type\":\"Person\",\"@id\":\"https:\\\/\\\/infocul.pt\\\/arquivo\\\/#\\\/schema\\\/person\\\/060a108d7f2d85fc6aae505119ee5234\",\"name\":\"Rui Lavrador\",\"image\":{\"@type\":\"ImageObject\",\"inLanguage\":\"pt-PT\",\"@id\":\"https:\\\/\\\/secure.gravatar.com\\\/avatar\\\/93febd6873394aa8e975148548a0cb203acfdd42d2c85c5f1408e1a76678aece?s=96&d=mm&r=g\",\"url\":\"https:\\\/\\\/secure.gravatar.com\\\/avatar\\\/93febd6873394aa8e975148548a0cb203acfdd42d2c85c5f1408e1a76678aece?s=96&d=mm&r=g\",\"contentUrl\":\"https:\\\/\\\/secure.gravatar.com\\\/avatar\\\/93febd6873394aa8e975148548a0cb203acfdd42d2c85c5f1408e1a76678aece?s=96&d=mm&r=g\",\"caption\":\"Rui Lavrador\"},\"description\":\"Iniciou em 2011 o seu percurso em comunica\u00e7\u00e3o social, tendo integrado v\u00e1rios projectos editoriais. Durante o seu percurso integrou projectos como Jornal Hardm\u00fasica, LusoNot\u00edcias, Toureio.pt, ODigital.pt, entre outros \u00d3rg\u00e3os de Comunica\u00e7\u00e3o Social nacionais, na redac\u00e7\u00e3o de v\u00e1rios artigos. Entrevistou a grande maioria das personalidades mais importantes da vida social e cultural do pa\u00eds, destacando-se, tamb\u00e9m, na aprecia\u00e7\u00e3o de v\u00e1rios espect\u00e1culos. Durante o seu percurso, deu a conhecer v\u00e1rios artistas, at\u00e9 ent\u00e3o desconhecidos, ao grande p\u00fablico. Em 2015 criou e fundou o Infocul.pt, projecto no qual assume a direc\u00e7\u00e3o editorial.\",\"sameAs\":[\"http:\\\/\\\/www.infocul.pt\"]}]}<\/script>\n<!-- \/ Yoast SEO plugin. -->","yoast_head_json":{"title":"\"Toda a gente e ningu\u00e9m\" no Cinema-Teatro Joaquim d'Almeida | Infocul.pt - Arquivo Digital","description":"\"Toda a gente e ningu\u00e9m\" no Cinema-Teatro Joaquim d'Almeida | Infocul.pt - Arquivo Digital","robots":{"index":"noindex","follow":"follow","max-snippet":"max-snippet:-1","max-image-preview":"max-image-preview:large","max-video-preview":"max-video-preview:-1"},"og_locale":"pt_PT","og_type":"article","og_title":"\"Toda a gente e ningu\u00e9m\" no Cinema-Teatro Joaquim d'Almeida | Infocul.pt - Arquivo Digital","og_description":"\"Toda a gente e ningu\u00e9m\" no Cinema-Teatro Joaquim d'Almeida | Infocul.pt - Arquivo Digital","og_url":"https:\/\/infocul.pt\/arquivo\/cultura\/2823\/","og_site_name":"Infocul.pt - Arquivo Digital","article_publisher":"https:\/\/www.facebook.com\/Infocul-147816815585015\/","article_published_time":"2016-02-15T23:45:17+00:00","og_image":[{"width":2048,"height":1341,"url":"https:\/\/infocul.pt\/arquivo\/wp-content\/uploads\/2016\/02\/Montijo.png","type":"image\/png"}],"author":"Rui Lavrador","twitter_card":"summary_large_image","twitter_creator":"@Infoculpt","twitter_site":"@Infoculpt","twitter_misc":{"Escrito por":"Rui Lavrador","Tempo estimado de leitura":"2 minutos"},"schema":{"@context":"https:\/\/schema.org","@graph":[{"@type":"Article","@id":"https:\/\/infocul.pt\/arquivo\/cultura\/2823\/#article","isPartOf":{"@id":"https:\/\/infocul.pt\/arquivo\/cultura\/2823\/"},"author":{"name":"Rui Lavrador","@id":"https:\/\/infocul.pt\/arquivo\/#\/schema\/person\/060a108d7f2d85fc6aae505119ee5234"},"headline":"&#8220;Toda a gente e ningu\u00e9m&#8221; no Cinema-Teatro Joaquim d&#8217;Almeida","datePublished":"2016-02-15T23:45:17+00:00","mainEntityOfPage":{"@id":"https:\/\/infocul.pt\/arquivo\/cultura\/2823\/"},"wordCount":430,"commentCount":0,"publisher":{"@id":"https:\/\/infocul.pt\/arquivo\/#organization"},"image":{"@id":"https:\/\/infocul.pt\/arquivo\/cultura\/2823\/#primaryimage"},"thumbnailUrl":"https:\/\/infocul.pt\/arquivo\/wp-content\/uploads\/2016\/02\/Montijo.png","keywords":["Cinema-Teatro Joaquim D'Almeida","Companhia Mascarenhas-Martins","Montijo"],"articleSection":["Cultura","Teatro"],"inLanguage":"pt-PT"},{"@type":"WebPage","@id":"https:\/\/infocul.pt\/arquivo\/cultura\/2823\/","url":"https:\/\/infocul.pt\/arquivo\/cultura\/2823\/","name":"\"Toda a gente e ningu\u00e9m\" no Cinema-Teatro Joaquim d'Almeida | Infocul.pt - Arquivo Digital","isPartOf":{"@id":"https:\/\/infocul.pt\/arquivo\/#website"},"primaryImageOfPage":{"@id":"https:\/\/infocul.pt\/arquivo\/cultura\/2823\/#primaryimage"},"image":{"@id":"https:\/\/infocul.pt\/arquivo\/cultura\/2823\/#primaryimage"},"thumbnailUrl":"https:\/\/infocul.pt\/arquivo\/wp-content\/uploads\/2016\/02\/Montijo.png","datePublished":"2016-02-15T23:45:17+00:00","description":"\"Toda a gente e ningu\u00e9m\" no Cinema-Teatro Joaquim d'Almeida | Infocul.pt - Arquivo Digital","breadcrumb":{"@id":"https:\/\/infocul.pt\/arquivo\/cultura\/2823\/#breadcrumb"},"inLanguage":"pt-PT","potentialAction":[{"@type":"ReadAction","target":["https:\/\/infocul.pt\/arquivo\/cultura\/2823\/"]}]},{"@type":"ImageObject","inLanguage":"pt-PT","@id":"https:\/\/infocul.pt\/arquivo\/cultura\/2823\/#primaryimage","url":"https:\/\/infocul.pt\/arquivo\/wp-content\/uploads\/2016\/02\/Montijo.png","contentUrl":"https:\/\/infocul.pt\/arquivo\/wp-content\/uploads\/2016\/02\/Montijo.png","width":2048,"height":1341},{"@type":"BreadcrumbList","@id":"https:\/\/infocul.pt\/arquivo\/cultura\/2823\/#breadcrumb","itemListElement":[{"@type":"ListItem","position":1,"name":"Home","item":"https:\/\/infocul.pt\/arquivo\/"},{"@type":"ListItem","position":2,"name":"&#8220;Toda a gente e ningu\u00e9m&#8221; no Cinema-Teatro Joaquim d&#8217;Almeida"}]},{"@type":"WebSite","@id":"https:\/\/infocul.pt\/arquivo\/#website","url":"https:\/\/infocul.pt\/arquivo\/","name":"Infocul.pt - Arquivo Digital","description":"Arquivo digital da Infocul.pt","publisher":{"@id":"https:\/\/infocul.pt\/arquivo\/#organization"},"potentialAction":[{"@type":"SearchAction","target":{"@type":"EntryPoint","urlTemplate":"https:\/\/infocul.pt\/arquivo\/?s={search_term_string}"},"query-input":{"@type":"PropertyValueSpecification","valueRequired":true,"valueName":"search_term_string"}}],"inLanguage":"pt-PT"},{"@type":"Organization","@id":"https:\/\/infocul.pt\/arquivo\/#organization","name":"Infocul.pt","url":"https:\/\/infocul.pt\/arquivo\/","logo":{"@type":"ImageObject","inLanguage":"pt-PT","@id":"https:\/\/infocul.pt\/arquivo\/#\/schema\/logo\/image\/","url":"https:\/\/infocul.pt\/arquivo\/wp-content\/uploads\/2018\/12\/Infocul_logo-1.png","contentUrl":"https:\/\/infocul.pt\/arquivo\/wp-content\/uploads\/2018\/12\/Infocul_logo-1.png","width":800,"height":800,"caption":"Infocul.pt"},"image":{"@id":"https:\/\/infocul.pt\/arquivo\/#\/schema\/logo\/image\/"},"sameAs":["https:\/\/www.facebook.com\/Infocul-147816815585015\/","https:\/\/x.com\/Infoculpt","http:\/\/www.pictaram.com\/user\/infocul.pt\/2370423710","https:\/\/www.youtube.com\/channel\/UCYEB91AGI9FL9ek2i_IaQAA"]},{"@type":"Person","@id":"https:\/\/infocul.pt\/arquivo\/#\/schema\/person\/060a108d7f2d85fc6aae505119ee5234","name":"Rui Lavrador","image":{"@type":"ImageObject","inLanguage":"pt-PT","@id":"https:\/\/secure.gravatar.com\/avatar\/93febd6873394aa8e975148548a0cb203acfdd42d2c85c5f1408e1a76678aece?s=96&d=mm&r=g","url":"https:\/\/secure.gravatar.com\/avatar\/93febd6873394aa8e975148548a0cb203acfdd42d2c85c5f1408e1a76678aece?s=96&d=mm&r=g","contentUrl":"https:\/\/secure.gravatar.com\/avatar\/93febd6873394aa8e975148548a0cb203acfdd42d2c85c5f1408e1a76678aece?s=96&d=mm&r=g","caption":"Rui Lavrador"},"description":"Iniciou em 2011 o seu percurso em comunica\u00e7\u00e3o social, tendo integrado v\u00e1rios projectos editoriais. Durante o seu percurso integrou projectos como Jornal Hardm\u00fasica, LusoNot\u00edcias, Toureio.pt, ODigital.pt, entre outros \u00d3rg\u00e3os de Comunica\u00e7\u00e3o Social nacionais, na redac\u00e7\u00e3o de v\u00e1rios artigos. Entrevistou a grande maioria das personalidades mais importantes da vida social e cultural do pa\u00eds, destacando-se, tamb\u00e9m, na aprecia\u00e7\u00e3o de v\u00e1rios espect\u00e1culos. Durante o seu percurso, deu a conhecer v\u00e1rios artistas, at\u00e9 ent\u00e3o desconhecidos, ao grande p\u00fablico. Em 2015 criou e fundou o Infocul.pt, projecto no qual assume a direc\u00e7\u00e3o editorial.","sameAs":["http:\/\/www.infocul.pt"]}]}},"_links":{"self":[{"href":"https:\/\/infocul.pt\/arquivo\/wp-json\/wp\/v2\/posts\/2823","targetHints":{"allow":["GET"]}}],"collection":[{"href":"https:\/\/infocul.pt\/arquivo\/wp-json\/wp\/v2\/posts"}],"about":[{"href":"https:\/\/infocul.pt\/arquivo\/wp-json\/wp\/v2\/types\/post"}],"author":[{"embeddable":true,"href":"https:\/\/infocul.pt\/arquivo\/wp-json\/wp\/v2\/users\/2"}],"replies":[{"embeddable":true,"href":"https:\/\/infocul.pt\/arquivo\/wp-json\/wp\/v2\/comments?post=2823"}],"version-history":[{"count":0,"href":"https:\/\/infocul.pt\/arquivo\/wp-json\/wp\/v2\/posts\/2823\/revisions"}],"wp:featuredmedia":[{"embeddable":true,"href":"https:\/\/infocul.pt\/arquivo\/wp-json\/wp\/v2\/media\/2824"}],"wp:attachment":[{"href":"https:\/\/infocul.pt\/arquivo\/wp-json\/wp\/v2\/media?parent=2823"}],"wp:term":[{"taxonomy":"category","embeddable":true,"href":"https:\/\/infocul.pt\/arquivo\/wp-json\/wp\/v2\/categories?post=2823"},{"taxonomy":"post_tag","embeddable":true,"href":"https:\/\/infocul.pt\/arquivo\/wp-json\/wp\/v2\/tags?post=2823"}],"curies":[{"name":"wp","href":"https:\/\/api.w.org\/{rel}","templated":true}]}}