{"id":28386,"date":"2017-08-12T16:35:55","date_gmt":"2017-08-12T16:35:55","guid":{"rendered":"http:\/\/infocul.pt\/?p=28386"},"modified":"2017-08-12T16:35:55","modified_gmt":"2017-08-12T16:35:55","slug":"feira-da-luz-vai-animar-carnide","status":"publish","type":"post","link":"https:\/\/infocul.pt\/arquivo\/cultura\/feira-da-luz-vai-animar-carnide\/","title":{"rendered":"Feira da Luz vai animar Carnide"},"content":{"rendered":"<p><img decoding=\"async\" class=\"aligncenter wp-image-26919 size-full lazyload\" data-src=\"http:\/\/infocul.pt\/wp-content\/uploads\/2017\/07\/CARTAZ_CONCERTOS_WEB.jpg\" alt=\"CARTAZ_CONCERTOS_WEB\" width=\"886\" height=\"1252\" data-srcset=\"https:\/\/infocul.pt\/arquivo\/wp-content\/uploads\/2017\/07\/CARTAZ_CONCERTOS_WEB.jpg 886w, https:\/\/infocul.pt\/arquivo\/wp-content\/uploads\/2017\/07\/CARTAZ_CONCERTOS_WEB-212x300.jpg 212w, https:\/\/infocul.pt\/arquivo\/wp-content\/uploads\/2017\/07\/CARTAZ_CONCERTOS_WEB-768x1085.jpg 768w, https:\/\/infocul.pt\/arquivo\/wp-content\/uploads\/2017\/07\/CARTAZ_CONCERTOS_WEB-725x1024.jpg 725w\" data-sizes=\"(max-width: 886px) 100vw, 886px\" src=\"data:image\/svg+xml;base64,PHN2ZyB3aWR0aD0iMSIgaGVpZ2h0PSIxIiB4bWxucz0iaHR0cDovL3d3dy53My5vcmcvMjAwMC9zdmciPjwvc3ZnPg==\" style=\"--smush-placeholder-width: 886px; --smush-placeholder-aspect-ratio: 886\/1252;\" \/><\/p>\n<p>&nbsp;<\/p>\n<p>&nbsp;<\/p>\n<p>A Feira da Luz est\u00e1 de regresso ao Largo da Luz, em Carnide. De 26 de Agosto a 24 de Setembro esta feira, que \u00e9 uma das mais antigas do pa\u00eds e est\u00e1 ligada \u00e0 romaria que se realiza at\u00e9 ao Santu\u00e1rio da Nossa Senhora da Luz, vai apresentar uma programa\u00e7\u00e3o que apela ao melhor da portugalidade.<!--more--><\/p>\n<p>&nbsp;<\/p>\n<p>&nbsp;<\/p>\n<p>&nbsp;<\/p>\n<p>No recinto desta feira podem ser vistas exposi\u00e7\u00f5es; mostras de artesanato; o desfile da marcha popular de Carnide; tardes musicais (est\u00e3o ser\u00e3o dinamizadas pelos grupos de M\u00fasica da Associa\u00e7\u00e3o de Moradores Lupeca, Momento poesia GAC, ArpiCantares, Cante Alentejano ARPIC, Grupo Cavaquinhos ARPIC e o Coro da Academia S\u00e9nior da JFC); pe\u00e7as de teatro; momentos de dan\u00e7as tradicionais ( estes v\u00e3o acontecer com o grupo Ahkorda, A Batalha do Modesto Camelo Amarelo); actua\u00e7\u00f5es de ranchos folcl\u00f3ricos (Rancho de Folclore Etnogr\u00e1fico &#8220;Os Moleiros Pomarinho&#8221;, Rancho Tradicional de Cinf\u00e3es Grupo Etnogr\u00e1fico Dan\u00e7as e Cantares do Minho, Rancho Folcl\u00f3rico Neveiros do Coentral, Rancho Folcl\u00f3rico Dan\u00e7as e Cantares de Campelos e o Rancho Folcl\u00f3rico &#8220;As Macanitas&#8221; de Tercena); anima\u00e7\u00f5es de rua ( estas v\u00e3o contar com a produ\u00e7\u00e3o da companhia de teatro Umbigo, Lua Cheia, Teatro Carnide, Tenda Produ\u00e7\u00f5es, Junta de Freguesia de Carnide ou Associa\u00e7\u00e3o Alto Astral de Capoeira); oficinas de pesquisa; confer\u00eancias e palestras.<\/p>\n<p>&nbsp;<\/p>\n<p>&nbsp;<\/p>\n<p>&nbsp;<\/p>\n<p>Os mais novos v\u00e3o poder contar com pinturas faciais, modelagem de bal\u00f5es, palha\u00e7os ou uma Aldeia do Desporto.<\/p>\n<p>&nbsp;<\/p>\n<p>&nbsp;<\/p>\n<p>&nbsp;<\/p>\n<p>A n\u00edvel musical, v\u00e3o poder ser vistos os concertos de: FF (26 de Agosto \u00e0s 21:30); Mia Rose (02 de Setembro \u00e0s 21:30); Amor Electro (09 de Setembro \u00e0s 21:30); The Black Mamba (16 de Setembro \u00e0s 21:30); Tiago Bettencourt (24 de Setembro \u00e0s 21:30); Carapaus, Azeite &amp; Alho ( 01 de Setembro \u00e0s 21:30); &#8220;Projecto com voz&#8221; (03 de Setembro \u00e0s 21:30); Criatura (08 de Setembro \u00e0s 21:30); Telmo Pires (15 de Setembro \u00e0s 21:30); Augusto Can\u00e1rio (22 de Setembro \u00e0s 21:30) e os Namorados da Cidade (23 de Setembro \u00e0s 21:30).<\/p>\n<p>&nbsp;<\/p>\n<p>&nbsp;<\/p>\n<p>&nbsp;<\/p>\n<p>De 04 e at\u00e9 ao fim do m\u00eas de Setembro, vai decorrer no Jardim da Luz, das 16:00 \u00e0s 21:00, uma campanha de colheita de sangue e registo de dadores de medula \u00f3ssea. Esta recolha \u00e9 organizada pelo Instituto Portugu\u00eas do Sangue.<\/p>\n<p>&nbsp;<\/p>\n<p>&nbsp;<\/p>\n<p>&nbsp;<\/p>\n<p>No dia 05, pelas 19:00, vai acontecer a eucaristia na Igreja da Luz. A prociss\u00e3o das velas vai acontecer na Igreja da Luz, a partir das 19:00 e vai passar por todo o recinto da Feira da Luz.<\/p>\n<p>&nbsp;<\/p>\n<p>&nbsp;<\/p>\n<p>&nbsp;<\/p>\n<p>A 08 de Setembro, pelas 19:00, vai acontecer a solenidade da Natividade da Virgem de Santa Maria. Esta \u00e9 uma eucaristia solene com Renova\u00e7\u00e3o e Promessas dos Irm\u00e3os da Real Irmandade de Santa Maria da Luz. Neste mesmo dia haver\u00e1, pelas 21:00, uma actua\u00e7\u00e3o do Coro Lit\u00fargico de Nossa Senhora da Luz e o Coro da Par\u00f3quia de Oeiras.<\/p>\n<p>&nbsp;<\/p>\n<p>&nbsp;<\/p>\n<p>&nbsp;<\/p>\n<p>O dia 10 de Setembro vai ser dedicado \u00e0s Tunas. No recinto v\u00e3o actuar a Actuatuna, Tuna Sabes, EscsTunis, Tuna da Universidade Europeia e a Samarituna.<\/p>\n<p>&nbsp;<\/p>\n<p>&nbsp;<\/p>\n<p>&nbsp;<\/p>\n<p>De 11 a 13 de Setembro, a Unidade M\u00f3vel de Sa\u00fade-&#8220;Sa\u00fade + Pr\u00f3xima&#8221; vai estar instalada no Interior do Jardim da Luz.<\/p>\n<p>&nbsp;<\/p>\n<p>&nbsp;<\/p>\n<p>&nbsp;<\/p>\n<p>O &#8220;Jantar Anima\u00e7\u00f5es de Ver\u00e3o&#8221; vai acontecer no Restaurante da Feira no dia 14 de Setembro, \u00e0s 22:00.<\/p>\n<p>&nbsp;<\/p>\n<p>&nbsp;<\/p>\n<p>&nbsp;<\/p>\n<p>Dois dias depois, no dia 16, a partir das 21:00, haver\u00e1 um divertido Flashmob junto do palco.<\/p>\n<p>&nbsp;<\/p>\n<p>&nbsp;<\/p>\n<p>&nbsp;<\/p>\n<p>O livro &#8220;Armando era o nome do carteiro&#8221;, da autoria de Henrique Madeira, vai ser apresentado no Stand da Junta de Freguesia no dia 20 de Setembro, a partir das 18:30. Tamb\u00e9m neste stand, no dia 21, vai acontecer a entrega dos pr\u00e9mios do concurso de fotografia &#8220;Carnide \u00c9&#8230;&#8221;. Tamb\u00e9m neste dia, haver\u00e1 no Restaurante da Feira um jantar recep\u00e7\u00e3o aos agentes educativos. J\u00e1 \u00e0s 21:30, no Audit\u00f3rio do Centro Cultural Franciscano, haver\u00e1 a apresenta\u00e7\u00e3o da curta metragem &#8220;A \u00c1rvore das Am\u00eandoas&#8221;, do realizador Vitor Bom Norte.<\/p>\n<p>&nbsp;<\/p>\n<p>&nbsp;<\/p>\n<p>&nbsp;<\/p>\n<p>A missa de solenidade em honra de Nossa Senhora da Luz vai acontecer na Igreja da Luz no dia 24 de Setembro, a partir das 15:00. Esta missa ser\u00e1 seguida pela prociss\u00e3o em honra da Nossa Senhora da Luz. Depois desta prociss\u00e3o e a partir das 17:30 haver\u00e1 um desfile da Fanfarra dos Bombeiros Volunt\u00e1rios de Odivelas e um concerto da banda de m\u00fasica dos Bombeiros Volunt\u00e1rios da P\u00f3voa de Santa Iria.<\/p>\n<p>&nbsp;<\/p>\n<p>&nbsp;<\/p>\n<p>&nbsp;<\/p>\n<p>A Feira da Luz tamb\u00e9m vai dinamizar Visitas Guiadas ao Centro Hist\u00f3rico do bairro de Carnide, mais precisamente ao: Lar Maria Droste, \u00e0 Igreja da Luz, \u00e0 Fonte do Machado ou ao Bairro Padre Cruz.<\/p>\n<p>&nbsp;<\/p>\n<p>&nbsp;<\/p>\n<p>&nbsp;<\/p>\n<p>Inserido neste evento temos o Festival Kiosquorama. Este \u00e9 um festival gratuito e itinerante que \u00a0tem vindo a percorrer v\u00e1rios coretos e jardins da Europa. O Kiosquorama volta a Lisboa, mais precisamente ao Largo do Coreto de Carnide.<\/p>\n<p>&nbsp;<\/p>\n<p>&nbsp;<\/p>\n<p>&nbsp;<\/p>\n<p>Na edi\u00e7\u00e3o deste ano da Feira da Luz v\u00e3o ser emitidos e comentados os filmes: &#8220;Los Barcos&#8221;, &#8220;Fuera de Cuadro&#8221;, &#8220;Mauro en Caiena&#8221; ou &#8220;O\u00fa Est la Jungle&#8221;. Estas pel\u00edculas v\u00e3o ser comentadas pelos seus realizadores e por \u00c1lvaro Domingues (investigador em Geografia humana).<\/p>\n<p>Esta feira \u00e9 organizada pela Junta de Freguesia de Carnide.<\/p>\n","protected":false},"excerpt":{"rendered":"<p>&nbsp; &nbsp; A Feira da Luz est\u00e1 de regresso ao Largo da Luz, em Carnide. De 26 de Agosto a 24 de Setembro esta feira, que \u00e9 uma das mais antigas do pa\u00eds e est\u00e1 ligada \u00e0 romaria que se realiza at\u00e9 ao Santu\u00e1rio da Nossa Senhora da Luz, vai apresentar uma programa\u00e7\u00e3o que apela [&hellip;]<\/p>\n","protected":false},"author":2,"featured_media":26919,"comment_status":"open","ping_status":"closed","sticky":false,"template":"","format":"standard","meta":{"footnotes":""},"categories":[2,9],"tags":[501,1760],"class_list":["post-28386","post","type-post","status-publish","format-standard","has-post-thumbnail","hentry","category-cultura","category-outros","tag-carnide","tag-feira-da-luz"],"yoast_head":"<!-- This site is optimized with the Yoast SEO plugin v27.4 - https:\/\/yoast.com\/product\/yoast-seo-wordpress\/ -->\n<title>Feira da Luz vai animar Carnide | Infocul.pt - Arquivo Digital<\/title>\n<meta name=\"description\" content=\"Feira da Luz vai animar Carnide | Infocul.pt - Arquivo Digital\" \/>\n<meta name=\"robots\" content=\"noindex, follow, max-snippet:-1, max-image-preview:large, max-video-preview:-1\" \/>\n<meta property=\"og:locale\" content=\"pt_PT\" \/>\n<meta property=\"og:type\" content=\"article\" \/>\n<meta property=\"og:title\" content=\"Feira da Luz vai animar Carnide | Infocul.pt - Arquivo Digital\" \/>\n<meta property=\"og:description\" content=\"Feira da Luz vai animar Carnide | Infocul.pt - Arquivo Digital\" \/>\n<meta property=\"og:url\" content=\"https:\/\/infocul.pt\/arquivo\/cultura\/feira-da-luz-vai-animar-carnide\/\" \/>\n<meta property=\"og:site_name\" content=\"Infocul.pt - Arquivo Digital\" \/>\n<meta property=\"article:publisher\" content=\"https:\/\/www.facebook.com\/Infocul-147816815585015\/\" \/>\n<meta property=\"article:published_time\" content=\"2017-08-12T16:35:55+00:00\" \/>\n<meta property=\"og:image\" content=\"https:\/\/infocul.pt\/arquivo\/wp-content\/uploads\/2017\/07\/CARTAZ_CONCERTOS_WEB.jpg\" \/>\n\t<meta property=\"og:image:width\" content=\"886\" \/>\n\t<meta property=\"og:image:height\" content=\"1252\" \/>\n\t<meta property=\"og:image:type\" content=\"image\/jpeg\" \/>\n<meta name=\"author\" content=\"Rui Lavrador\" \/>\n<meta name=\"twitter:card\" content=\"summary_large_image\" \/>\n<meta name=\"twitter:creator\" content=\"@Infoculpt\" \/>\n<meta name=\"twitter:site\" content=\"@Infoculpt\" \/>\n<meta name=\"twitter:label1\" content=\"Escrito por\" \/>\n\t<meta name=\"twitter:data1\" content=\"Rui Lavrador\" \/>\n\t<meta name=\"twitter:label2\" content=\"Tempo estimado de leitura\" \/>\n\t<meta name=\"twitter:data2\" content=\"4 minutos\" \/>\n<script type=\"application\/ld+json\" class=\"yoast-schema-graph\">{\"@context\":\"https:\\\/\\\/schema.org\",\"@graph\":[{\"@type\":\"Article\",\"@id\":\"https:\\\/\\\/infocul.pt\\\/arquivo\\\/cultura\\\/feira-da-luz-vai-animar-carnide\\\/#article\",\"isPartOf\":{\"@id\":\"https:\\\/\\\/infocul.pt\\\/arquivo\\\/cultura\\\/feira-da-luz-vai-animar-carnide\\\/\"},\"author\":{\"name\":\"Rui Lavrador\",\"@id\":\"https:\\\/\\\/infocul.pt\\\/arquivo\\\/#\\\/schema\\\/person\\\/060a108d7f2d85fc6aae505119ee5234\"},\"headline\":\"Feira da Luz vai animar Carnide\",\"datePublished\":\"2017-08-12T16:35:55+00:00\",\"mainEntityOfPage\":{\"@id\":\"https:\\\/\\\/infocul.pt\\\/arquivo\\\/cultura\\\/feira-da-luz-vai-animar-carnide\\\/\"},\"wordCount\":890,\"commentCount\":0,\"publisher\":{\"@id\":\"https:\\\/\\\/infocul.pt\\\/arquivo\\\/#organization\"},\"image\":{\"@id\":\"https:\\\/\\\/infocul.pt\\\/arquivo\\\/cultura\\\/feira-da-luz-vai-animar-carnide\\\/#primaryimage\"},\"thumbnailUrl\":\"https:\\\/\\\/infocul.pt\\\/arquivo\\\/wp-content\\\/uploads\\\/2017\\\/07\\\/CARTAZ_CONCERTOS_WEB.jpg\",\"keywords\":[\"Carnide\",\"Feira da Luz\"],\"articleSection\":[\"Cultura\",\"Outros\"],\"inLanguage\":\"pt-PT\"},{\"@type\":\"WebPage\",\"@id\":\"https:\\\/\\\/infocul.pt\\\/arquivo\\\/cultura\\\/feira-da-luz-vai-animar-carnide\\\/\",\"url\":\"https:\\\/\\\/infocul.pt\\\/arquivo\\\/cultura\\\/feira-da-luz-vai-animar-carnide\\\/\",\"name\":\"Feira da Luz vai animar Carnide | Infocul.pt - Arquivo Digital\",\"isPartOf\":{\"@id\":\"https:\\\/\\\/infocul.pt\\\/arquivo\\\/#website\"},\"primaryImageOfPage\":{\"@id\":\"https:\\\/\\\/infocul.pt\\\/arquivo\\\/cultura\\\/feira-da-luz-vai-animar-carnide\\\/#primaryimage\"},\"image\":{\"@id\":\"https:\\\/\\\/infocul.pt\\\/arquivo\\\/cultura\\\/feira-da-luz-vai-animar-carnide\\\/#primaryimage\"},\"thumbnailUrl\":\"https:\\\/\\\/infocul.pt\\\/arquivo\\\/wp-content\\\/uploads\\\/2017\\\/07\\\/CARTAZ_CONCERTOS_WEB.jpg\",\"datePublished\":\"2017-08-12T16:35:55+00:00\",\"description\":\"Feira da Luz vai animar Carnide | Infocul.pt - Arquivo Digital\",\"breadcrumb\":{\"@id\":\"https:\\\/\\\/infocul.pt\\\/arquivo\\\/cultura\\\/feira-da-luz-vai-animar-carnide\\\/#breadcrumb\"},\"inLanguage\":\"pt-PT\",\"potentialAction\":[{\"@type\":\"ReadAction\",\"target\":[\"https:\\\/\\\/infocul.pt\\\/arquivo\\\/cultura\\\/feira-da-luz-vai-animar-carnide\\\/\"]}]},{\"@type\":\"ImageObject\",\"inLanguage\":\"pt-PT\",\"@id\":\"https:\\\/\\\/infocul.pt\\\/arquivo\\\/cultura\\\/feira-da-luz-vai-animar-carnide\\\/#primaryimage\",\"url\":\"https:\\\/\\\/infocul.pt\\\/arquivo\\\/wp-content\\\/uploads\\\/2017\\\/07\\\/CARTAZ_CONCERTOS_WEB.jpg\",\"contentUrl\":\"https:\\\/\\\/infocul.pt\\\/arquivo\\\/wp-content\\\/uploads\\\/2017\\\/07\\\/CARTAZ_CONCERTOS_WEB.jpg\",\"width\":886,\"height\":1252},{\"@type\":\"BreadcrumbList\",\"@id\":\"https:\\\/\\\/infocul.pt\\\/arquivo\\\/cultura\\\/feira-da-luz-vai-animar-carnide\\\/#breadcrumb\",\"itemListElement\":[{\"@type\":\"ListItem\",\"position\":1,\"name\":\"Home\",\"item\":\"https:\\\/\\\/infocul.pt\\\/arquivo\\\/\"},{\"@type\":\"ListItem\",\"position\":2,\"name\":\"Feira da Luz vai animar Carnide\"}]},{\"@type\":\"WebSite\",\"@id\":\"https:\\\/\\\/infocul.pt\\\/arquivo\\\/#website\",\"url\":\"https:\\\/\\\/infocul.pt\\\/arquivo\\\/\",\"name\":\"Infocul.pt - Arquivo Digital\",\"description\":\"Arquivo digital da Infocul.pt\",\"publisher\":{\"@id\":\"https:\\\/\\\/infocul.pt\\\/arquivo\\\/#organization\"},\"potentialAction\":[{\"@type\":\"SearchAction\",\"target\":{\"@type\":\"EntryPoint\",\"urlTemplate\":\"https:\\\/\\\/infocul.pt\\\/arquivo\\\/?s={search_term_string}\"},\"query-input\":{\"@type\":\"PropertyValueSpecification\",\"valueRequired\":true,\"valueName\":\"search_term_string\"}}],\"inLanguage\":\"pt-PT\"},{\"@type\":\"Organization\",\"@id\":\"https:\\\/\\\/infocul.pt\\\/arquivo\\\/#organization\",\"name\":\"Infocul.pt\",\"url\":\"https:\\\/\\\/infocul.pt\\\/arquivo\\\/\",\"logo\":{\"@type\":\"ImageObject\",\"inLanguage\":\"pt-PT\",\"@id\":\"https:\\\/\\\/infocul.pt\\\/arquivo\\\/#\\\/schema\\\/logo\\\/image\\\/\",\"url\":\"https:\\\/\\\/infocul.pt\\\/arquivo\\\/wp-content\\\/uploads\\\/2018\\\/12\\\/Infocul_logo-1.png\",\"contentUrl\":\"https:\\\/\\\/infocul.pt\\\/arquivo\\\/wp-content\\\/uploads\\\/2018\\\/12\\\/Infocul_logo-1.png\",\"width\":800,\"height\":800,\"caption\":\"Infocul.pt\"},\"image\":{\"@id\":\"https:\\\/\\\/infocul.pt\\\/arquivo\\\/#\\\/schema\\\/logo\\\/image\\\/\"},\"sameAs\":[\"https:\\\/\\\/www.facebook.com\\\/Infocul-147816815585015\\\/\",\"https:\\\/\\\/x.com\\\/Infoculpt\",\"http:\\\/\\\/www.pictaram.com\\\/user\\\/infocul.pt\\\/2370423710\",\"https:\\\/\\\/www.youtube.com\\\/channel\\\/UCYEB91AGI9FL9ek2i_IaQAA\"]},{\"@type\":\"Person\",\"@id\":\"https:\\\/\\\/infocul.pt\\\/arquivo\\\/#\\\/schema\\\/person\\\/060a108d7f2d85fc6aae505119ee5234\",\"name\":\"Rui Lavrador\",\"image\":{\"@type\":\"ImageObject\",\"inLanguage\":\"pt-PT\",\"@id\":\"https:\\\/\\\/secure.gravatar.com\\\/avatar\\\/93febd6873394aa8e975148548a0cb203acfdd42d2c85c5f1408e1a76678aece?s=96&d=mm&r=g\",\"url\":\"https:\\\/\\\/secure.gravatar.com\\\/avatar\\\/93febd6873394aa8e975148548a0cb203acfdd42d2c85c5f1408e1a76678aece?s=96&d=mm&r=g\",\"contentUrl\":\"https:\\\/\\\/secure.gravatar.com\\\/avatar\\\/93febd6873394aa8e975148548a0cb203acfdd42d2c85c5f1408e1a76678aece?s=96&d=mm&r=g\",\"caption\":\"Rui Lavrador\"},\"description\":\"Iniciou em 2011 o seu percurso em comunica\u00e7\u00e3o social, tendo integrado v\u00e1rios projectos editoriais. Durante o seu percurso integrou projectos como Jornal Hardm\u00fasica, LusoNot\u00edcias, Toureio.pt, ODigital.pt, entre outros \u00d3rg\u00e3os de Comunica\u00e7\u00e3o Social nacionais, na redac\u00e7\u00e3o de v\u00e1rios artigos. Entrevistou a grande maioria das personalidades mais importantes da vida social e cultural do pa\u00eds, destacando-se, tamb\u00e9m, na aprecia\u00e7\u00e3o de v\u00e1rios espect\u00e1culos. Durante o seu percurso, deu a conhecer v\u00e1rios artistas, at\u00e9 ent\u00e3o desconhecidos, ao grande p\u00fablico. Em 2015 criou e fundou o Infocul.pt, projecto no qual assume a direc\u00e7\u00e3o editorial.\",\"sameAs\":[\"http:\\\/\\\/www.infocul.pt\"]}]}<\/script>\n<!-- \/ Yoast SEO plugin. -->","yoast_head_json":{"title":"Feira da Luz vai animar Carnide | Infocul.pt - Arquivo Digital","description":"Feira da Luz vai animar Carnide | Infocul.pt - Arquivo Digital","robots":{"index":"noindex","follow":"follow","max-snippet":"max-snippet:-1","max-image-preview":"max-image-preview:large","max-video-preview":"max-video-preview:-1"},"og_locale":"pt_PT","og_type":"article","og_title":"Feira da Luz vai animar Carnide | Infocul.pt - Arquivo Digital","og_description":"Feira da Luz vai animar Carnide | Infocul.pt - Arquivo Digital","og_url":"https:\/\/infocul.pt\/arquivo\/cultura\/feira-da-luz-vai-animar-carnide\/","og_site_name":"Infocul.pt - Arquivo Digital","article_publisher":"https:\/\/www.facebook.com\/Infocul-147816815585015\/","article_published_time":"2017-08-12T16:35:55+00:00","og_image":[{"width":886,"height":1252,"url":"https:\/\/infocul.pt\/arquivo\/wp-content\/uploads\/2017\/07\/CARTAZ_CONCERTOS_WEB.jpg","type":"image\/jpeg"}],"author":"Rui Lavrador","twitter_card":"summary_large_image","twitter_creator":"@Infoculpt","twitter_site":"@Infoculpt","twitter_misc":{"Escrito por":"Rui Lavrador","Tempo estimado de leitura":"4 minutos"},"schema":{"@context":"https:\/\/schema.org","@graph":[{"@type":"Article","@id":"https:\/\/infocul.pt\/arquivo\/cultura\/feira-da-luz-vai-animar-carnide\/#article","isPartOf":{"@id":"https:\/\/infocul.pt\/arquivo\/cultura\/feira-da-luz-vai-animar-carnide\/"},"author":{"name":"Rui Lavrador","@id":"https:\/\/infocul.pt\/arquivo\/#\/schema\/person\/060a108d7f2d85fc6aae505119ee5234"},"headline":"Feira da Luz vai animar Carnide","datePublished":"2017-08-12T16:35:55+00:00","mainEntityOfPage":{"@id":"https:\/\/infocul.pt\/arquivo\/cultura\/feira-da-luz-vai-animar-carnide\/"},"wordCount":890,"commentCount":0,"publisher":{"@id":"https:\/\/infocul.pt\/arquivo\/#organization"},"image":{"@id":"https:\/\/infocul.pt\/arquivo\/cultura\/feira-da-luz-vai-animar-carnide\/#primaryimage"},"thumbnailUrl":"https:\/\/infocul.pt\/arquivo\/wp-content\/uploads\/2017\/07\/CARTAZ_CONCERTOS_WEB.jpg","keywords":["Carnide","Feira da Luz"],"articleSection":["Cultura","Outros"],"inLanguage":"pt-PT"},{"@type":"WebPage","@id":"https:\/\/infocul.pt\/arquivo\/cultura\/feira-da-luz-vai-animar-carnide\/","url":"https:\/\/infocul.pt\/arquivo\/cultura\/feira-da-luz-vai-animar-carnide\/","name":"Feira da Luz vai animar Carnide | Infocul.pt - Arquivo Digital","isPartOf":{"@id":"https:\/\/infocul.pt\/arquivo\/#website"},"primaryImageOfPage":{"@id":"https:\/\/infocul.pt\/arquivo\/cultura\/feira-da-luz-vai-animar-carnide\/#primaryimage"},"image":{"@id":"https:\/\/infocul.pt\/arquivo\/cultura\/feira-da-luz-vai-animar-carnide\/#primaryimage"},"thumbnailUrl":"https:\/\/infocul.pt\/arquivo\/wp-content\/uploads\/2017\/07\/CARTAZ_CONCERTOS_WEB.jpg","datePublished":"2017-08-12T16:35:55+00:00","description":"Feira da Luz vai animar Carnide | Infocul.pt - Arquivo Digital","breadcrumb":{"@id":"https:\/\/infocul.pt\/arquivo\/cultura\/feira-da-luz-vai-animar-carnide\/#breadcrumb"},"inLanguage":"pt-PT","potentialAction":[{"@type":"ReadAction","target":["https:\/\/infocul.pt\/arquivo\/cultura\/feira-da-luz-vai-animar-carnide\/"]}]},{"@type":"ImageObject","inLanguage":"pt-PT","@id":"https:\/\/infocul.pt\/arquivo\/cultura\/feira-da-luz-vai-animar-carnide\/#primaryimage","url":"https:\/\/infocul.pt\/arquivo\/wp-content\/uploads\/2017\/07\/CARTAZ_CONCERTOS_WEB.jpg","contentUrl":"https:\/\/infocul.pt\/arquivo\/wp-content\/uploads\/2017\/07\/CARTAZ_CONCERTOS_WEB.jpg","width":886,"height":1252},{"@type":"BreadcrumbList","@id":"https:\/\/infocul.pt\/arquivo\/cultura\/feira-da-luz-vai-animar-carnide\/#breadcrumb","itemListElement":[{"@type":"ListItem","position":1,"name":"Home","item":"https:\/\/infocul.pt\/arquivo\/"},{"@type":"ListItem","position":2,"name":"Feira da Luz vai animar Carnide"}]},{"@type":"WebSite","@id":"https:\/\/infocul.pt\/arquivo\/#website","url":"https:\/\/infocul.pt\/arquivo\/","name":"Infocul.pt - Arquivo Digital","description":"Arquivo digital da Infocul.pt","publisher":{"@id":"https:\/\/infocul.pt\/arquivo\/#organization"},"potentialAction":[{"@type":"SearchAction","target":{"@type":"EntryPoint","urlTemplate":"https:\/\/infocul.pt\/arquivo\/?s={search_term_string}"},"query-input":{"@type":"PropertyValueSpecification","valueRequired":true,"valueName":"search_term_string"}}],"inLanguage":"pt-PT"},{"@type":"Organization","@id":"https:\/\/infocul.pt\/arquivo\/#organization","name":"Infocul.pt","url":"https:\/\/infocul.pt\/arquivo\/","logo":{"@type":"ImageObject","inLanguage":"pt-PT","@id":"https:\/\/infocul.pt\/arquivo\/#\/schema\/logo\/image\/","url":"https:\/\/infocul.pt\/arquivo\/wp-content\/uploads\/2018\/12\/Infocul_logo-1.png","contentUrl":"https:\/\/infocul.pt\/arquivo\/wp-content\/uploads\/2018\/12\/Infocul_logo-1.png","width":800,"height":800,"caption":"Infocul.pt"},"image":{"@id":"https:\/\/infocul.pt\/arquivo\/#\/schema\/logo\/image\/"},"sameAs":["https:\/\/www.facebook.com\/Infocul-147816815585015\/","https:\/\/x.com\/Infoculpt","http:\/\/www.pictaram.com\/user\/infocul.pt\/2370423710","https:\/\/www.youtube.com\/channel\/UCYEB91AGI9FL9ek2i_IaQAA"]},{"@type":"Person","@id":"https:\/\/infocul.pt\/arquivo\/#\/schema\/person\/060a108d7f2d85fc6aae505119ee5234","name":"Rui Lavrador","image":{"@type":"ImageObject","inLanguage":"pt-PT","@id":"https:\/\/secure.gravatar.com\/avatar\/93febd6873394aa8e975148548a0cb203acfdd42d2c85c5f1408e1a76678aece?s=96&d=mm&r=g","url":"https:\/\/secure.gravatar.com\/avatar\/93febd6873394aa8e975148548a0cb203acfdd42d2c85c5f1408e1a76678aece?s=96&d=mm&r=g","contentUrl":"https:\/\/secure.gravatar.com\/avatar\/93febd6873394aa8e975148548a0cb203acfdd42d2c85c5f1408e1a76678aece?s=96&d=mm&r=g","caption":"Rui Lavrador"},"description":"Iniciou em 2011 o seu percurso em comunica\u00e7\u00e3o social, tendo integrado v\u00e1rios projectos editoriais. Durante o seu percurso integrou projectos como Jornal Hardm\u00fasica, LusoNot\u00edcias, Toureio.pt, ODigital.pt, entre outros \u00d3rg\u00e3os de Comunica\u00e7\u00e3o Social nacionais, na redac\u00e7\u00e3o de v\u00e1rios artigos. Entrevistou a grande maioria das personalidades mais importantes da vida social e cultural do pa\u00eds, destacando-se, tamb\u00e9m, na aprecia\u00e7\u00e3o de v\u00e1rios espect\u00e1culos. Durante o seu percurso, deu a conhecer v\u00e1rios artistas, at\u00e9 ent\u00e3o desconhecidos, ao grande p\u00fablico. Em 2015 criou e fundou o Infocul.pt, projecto no qual assume a direc\u00e7\u00e3o editorial.","sameAs":["http:\/\/www.infocul.pt"]}]}},"_links":{"self":[{"href":"https:\/\/infocul.pt\/arquivo\/wp-json\/wp\/v2\/posts\/28386","targetHints":{"allow":["GET"]}}],"collection":[{"href":"https:\/\/infocul.pt\/arquivo\/wp-json\/wp\/v2\/posts"}],"about":[{"href":"https:\/\/infocul.pt\/arquivo\/wp-json\/wp\/v2\/types\/post"}],"author":[{"embeddable":true,"href":"https:\/\/infocul.pt\/arquivo\/wp-json\/wp\/v2\/users\/2"}],"replies":[{"embeddable":true,"href":"https:\/\/infocul.pt\/arquivo\/wp-json\/wp\/v2\/comments?post=28386"}],"version-history":[{"count":0,"href":"https:\/\/infocul.pt\/arquivo\/wp-json\/wp\/v2\/posts\/28386\/revisions"}],"wp:featuredmedia":[{"embeddable":true,"href":"https:\/\/infocul.pt\/arquivo\/wp-json\/wp\/v2\/media\/26919"}],"wp:attachment":[{"href":"https:\/\/infocul.pt\/arquivo\/wp-json\/wp\/v2\/media?parent=28386"}],"wp:term":[{"taxonomy":"category","embeddable":true,"href":"https:\/\/infocul.pt\/arquivo\/wp-json\/wp\/v2\/categories?post=28386"},{"taxonomy":"post_tag","embeddable":true,"href":"https:\/\/infocul.pt\/arquivo\/wp-json\/wp\/v2\/tags?post=28386"}],"curies":[{"name":"wp","href":"https:\/\/api.w.org\/{rel}","templated":true}]}}