{"id":3015,"date":"2016-02-20T10:46:05","date_gmt":"2016-02-20T10:46:05","guid":{"rendered":"http:\/\/infocul.pt\/?p=3015"},"modified":"2016-02-20T10:46:05","modified_gmt":"2016-02-20T10:46:05","slug":"casino-estoril-recebe-o-baile-com-carla-chambel-henrique-carvalho-e-rui-neto","status":"publish","type":"post","link":"https:\/\/infocul.pt\/arquivo\/cultura\/casino-estoril-recebe-o-baile-com-carla-chambel-henrique-carvalho-e-rui-neto\/","title":{"rendered":"Casino Estoril recebe &#8220;O Baile&#8221; com Carla Chambel, Henrique Carvalho e Rui Neto"},"content":{"rendered":"<p>\t<img decoding=\"async\" width=\"720\" height=\"540\" class=\"so-widget-image lazyload\" style=\"--smush-placeholder-width: 720px; --smush-placeholder-aspect-ratio: 720\/540;height: auto; display: block; max-width: 100%;\" data-src=\"http:\/\/infocul.pt\/wp-content\/uploads\/2016\/02\/O-baile.png\" src=\"data:image\/svg+xml;base64,PHN2ZyB3aWR0aD0iMSIgaGVpZ2h0PSIxIiB4bWxucz0iaHR0cDovL3d3dy53My5vcmcvMjAwMC9zdmciPjwvc3ZnPg==\"><\/p>\n<p><span style=\"color: rgb(0, 0, 0); font-family: Calibri;\"><strong>O Audit\u00f3rio do Casino Estoril acolhe, no pr\u00f3ximo dia 9 de Mar\u00e7o, \u00e0s 21:30, a antestreia de \u201cO Baile\u201d. Trata-se de uma pe\u00e7a que se distingue pelas interpreta\u00e7\u00f5es de Carla Chambel, Henrique de Carvalho e Rui Neto.<\/strong> <\/span><\/p>\n<h3>&nbsp;<\/h3>\n<p>Ser\u00e1 inaugurada, ainda, no \u00e1trio principal do Casino Estoril, uma exposi\u00e7\u00e3o com pe\u00e7as originais e objectos pessoais dos actores Laura Alves, Paulo Renato e Ruy de Carvalho que protagonizaram, em 1959, \u201cO Baile\u201d no Teatro Monumental, em Lisboa. Com estreia agendada para o dia seguinte, 10 de Mar\u00e7o, o ciclo de representa\u00e7\u00f5es de \u201cO Baile\u201d renova-se de Quinta-Feira a Domingo, no Audit\u00f3rio.<\/p>\n<p>&nbsp;<\/p>\n<p>&nbsp;<\/p>\n<p>Em \u201cO Baile\u201d a ac\u00e7\u00e3o percorre tr\u00eas gera\u00e7\u00f5es ao longo do s\u00e9culo XX. Centra-se em tr\u00eas personagens de classe m\u00e9dia\/alta Lisboeta: numa mulher, Ad\u00e9lia, casada com o Pedro, por sua vez amigo \u00edntimo de Juli\u00e3o, antigo namorado dela, personagem que, por amor a ela e por amizade a ele, se manteve sempre muito pr\u00f3ximo do casal, chegando at\u00e9 a viver na mesma casa como h\u00f3spede.<\/p>\n<p>&nbsp;<\/p>\n<p>&nbsp;<\/p>\n<p>Contudo, n\u00e3o se trata de um trio amoroso. Os anos avan\u00e7am e tudo muda quando ambos ficam a saber que Ad\u00e9lia tem uma doen\u00e7a fatal. A sua eventual morte prematura exige deles uma mudan\u00e7a radical, n\u00e3o muito dif\u00edcil para o Pedro, mas dolorosa para Juli\u00e3o. S\u00e3o os momentos em que sentimos uma mulher com desejos secretos de liberdade, de emancipa\u00e7\u00e3o social e de isolamento conjugal. Surge, ent\u00e3o, um baile de m\u00e1scaras, o qual vai trazer \u00e0 tona algo que nunca morrer\u00e1: o amor.<\/p>\n<p>&nbsp;<\/p>\n<p>&nbsp;<\/p>\n<p>Recorde-se que, \u201cO Baile\u201d estreou, a 31 de Julho de 1959, no Teatro Monumental, em Lisboa. Ruy de Carvalho, Laura Alves, Paulo Renato e Ruy de Carvalho foram os grandes protagonistas desta pe\u00e7a que registou um dos mais expressivos sucessos de bilheteira daquela \u00e9poca.<\/p>\n","protected":false},"excerpt":{"rendered":"<p>O Audit\u00f3rio do Casino Estoril acolhe, no pr\u00f3ximo dia 9 de Mar\u00e7o, \u00e0s 21:30, a antestreia de \u201cO Baile\u201d. Trata-se de uma pe\u00e7a que se distingue pelas interpreta\u00e7\u00f5es de Carla Chambel, Henrique de Carvalho e Rui Neto. &nbsp; Ser\u00e1 inaugurada, ainda, no \u00e1trio principal do Casino Estoril, uma exposi\u00e7\u00e3o com pe\u00e7as originais e objectos pessoais [&hellip;]<\/p>\n","protected":false},"author":2,"featured_media":3016,"comment_status":"open","ping_status":"closed","sticky":false,"template":"","format":"standard","meta":{"footnotes":""},"categories":[2,5],"tags":[637,50,638,639],"class_list":["post-3015","post","type-post","status-publish","format-standard","has-post-thumbnail","hentry","category-cultura","category-teatro","tag-carla-chambel","tag-casino-estoril","tag-henrique-carvalho","tag-rui-neto"],"yoast_head":"<!-- This site is optimized with the Yoast SEO plugin v27.4 - https:\/\/yoast.com\/product\/yoast-seo-wordpress\/ -->\n<title>Casino Estoril recebe &quot;O Baile&quot; com Carla Chambel, Henrique Carvalho e Rui Neto | Infocul.pt - Arquivo Digital<\/title>\n<meta name=\"description\" content=\"Casino Estoril recebe &quot;O Baile&quot; com Carla Chambel, Henrique Carvalho e Rui Neto | Infocul.pt - Arquivo Digital\" \/>\n<meta name=\"robots\" content=\"noindex, follow, max-snippet:-1, max-image-preview:large, max-video-preview:-1\" \/>\n<meta property=\"og:locale\" content=\"pt_PT\" \/>\n<meta property=\"og:type\" content=\"article\" \/>\n<meta property=\"og:title\" content=\"Casino Estoril recebe &quot;O Baile&quot; com Carla Chambel, Henrique Carvalho e Rui Neto | Infocul.pt - Arquivo Digital\" \/>\n<meta property=\"og:description\" content=\"Casino Estoril recebe &quot;O Baile&quot; com Carla Chambel, Henrique Carvalho e Rui Neto | Infocul.pt - Arquivo Digital\" \/>\n<meta property=\"og:url\" content=\"https:\/\/infocul.pt\/arquivo\/cultura\/casino-estoril-recebe-o-baile-com-carla-chambel-henrique-carvalho-e-rui-neto\/\" \/>\n<meta property=\"og:site_name\" content=\"Infocul.pt - Arquivo Digital\" \/>\n<meta property=\"article:publisher\" content=\"https:\/\/www.facebook.com\/Infocul-147816815585015\/\" \/>\n<meta property=\"article:published_time\" content=\"2016-02-20T10:46:05+00:00\" \/>\n<meta property=\"og:image\" content=\"https:\/\/infocul.pt\/arquivo\/wp-content\/uploads\/2016\/02\/O-baile.png\" \/>\n\t<meta property=\"og:image:width\" content=\"720\" \/>\n\t<meta property=\"og:image:height\" content=\"540\" \/>\n\t<meta property=\"og:image:type\" content=\"image\/png\" \/>\n<meta name=\"author\" content=\"Rui Lavrador\" \/>\n<meta name=\"twitter:card\" content=\"summary_large_image\" \/>\n<meta name=\"twitter:creator\" content=\"@Infoculpt\" \/>\n<meta name=\"twitter:site\" content=\"@Infoculpt\" \/>\n<meta name=\"twitter:label1\" content=\"Escrito por\" \/>\n\t<meta name=\"twitter:data1\" content=\"Rui Lavrador\" \/>\n\t<meta name=\"twitter:label2\" content=\"Tempo estimado de leitura\" \/>\n\t<meta name=\"twitter:data2\" content=\"2 minutos\" \/>\n<script type=\"application\/ld+json\" class=\"yoast-schema-graph\">{\"@context\":\"https:\\\/\\\/schema.org\",\"@graph\":[{\"@type\":\"Article\",\"@id\":\"https:\\\/\\\/infocul.pt\\\/arquivo\\\/cultura\\\/casino-estoril-recebe-o-baile-com-carla-chambel-henrique-carvalho-e-rui-neto\\\/#article\",\"isPartOf\":{\"@id\":\"https:\\\/\\\/infocul.pt\\\/arquivo\\\/cultura\\\/casino-estoril-recebe-o-baile-com-carla-chambel-henrique-carvalho-e-rui-neto\\\/\"},\"author\":{\"name\":\"Rui Lavrador\",\"@id\":\"https:\\\/\\\/infocul.pt\\\/arquivo\\\/#\\\/schema\\\/person\\\/060a108d7f2d85fc6aae505119ee5234\"},\"headline\":\"Casino Estoril recebe &#8220;O Baile&#8221; com Carla Chambel, Henrique Carvalho e Rui Neto\",\"datePublished\":\"2016-02-20T10:46:05+00:00\",\"mainEntityOfPage\":{\"@id\":\"https:\\\/\\\/infocul.pt\\\/arquivo\\\/cultura\\\/casino-estoril-recebe-o-baile-com-carla-chambel-henrique-carvalho-e-rui-neto\\\/\"},\"wordCount\":338,\"commentCount\":0,\"publisher\":{\"@id\":\"https:\\\/\\\/infocul.pt\\\/arquivo\\\/#organization\"},\"image\":{\"@id\":\"https:\\\/\\\/infocul.pt\\\/arquivo\\\/cultura\\\/casino-estoril-recebe-o-baile-com-carla-chambel-henrique-carvalho-e-rui-neto\\\/#primaryimage\"},\"thumbnailUrl\":\"https:\\\/\\\/infocul.pt\\\/arquivo\\\/wp-content\\\/uploads\\\/2016\\\/02\\\/O-baile.png\",\"keywords\":[\"Carla Chambel\",\"Casino Estoril\",\"Henrique Carvalho\",\"Rui Neto\"],\"articleSection\":[\"Cultura\",\"Teatro\"],\"inLanguage\":\"pt-PT\"},{\"@type\":\"WebPage\",\"@id\":\"https:\\\/\\\/infocul.pt\\\/arquivo\\\/cultura\\\/casino-estoril-recebe-o-baile-com-carla-chambel-henrique-carvalho-e-rui-neto\\\/\",\"url\":\"https:\\\/\\\/infocul.pt\\\/arquivo\\\/cultura\\\/casino-estoril-recebe-o-baile-com-carla-chambel-henrique-carvalho-e-rui-neto\\\/\",\"name\":\"Casino Estoril recebe \\\"O Baile\\\" com Carla Chambel, Henrique Carvalho e Rui Neto | Infocul.pt - Arquivo Digital\",\"isPartOf\":{\"@id\":\"https:\\\/\\\/infocul.pt\\\/arquivo\\\/#website\"},\"primaryImageOfPage\":{\"@id\":\"https:\\\/\\\/infocul.pt\\\/arquivo\\\/cultura\\\/casino-estoril-recebe-o-baile-com-carla-chambel-henrique-carvalho-e-rui-neto\\\/#primaryimage\"},\"image\":{\"@id\":\"https:\\\/\\\/infocul.pt\\\/arquivo\\\/cultura\\\/casino-estoril-recebe-o-baile-com-carla-chambel-henrique-carvalho-e-rui-neto\\\/#primaryimage\"},\"thumbnailUrl\":\"https:\\\/\\\/infocul.pt\\\/arquivo\\\/wp-content\\\/uploads\\\/2016\\\/02\\\/O-baile.png\",\"datePublished\":\"2016-02-20T10:46:05+00:00\",\"description\":\"Casino Estoril recebe \\\"O Baile\\\" com Carla Chambel, Henrique Carvalho e Rui Neto | Infocul.pt - Arquivo Digital\",\"breadcrumb\":{\"@id\":\"https:\\\/\\\/infocul.pt\\\/arquivo\\\/cultura\\\/casino-estoril-recebe-o-baile-com-carla-chambel-henrique-carvalho-e-rui-neto\\\/#breadcrumb\"},\"inLanguage\":\"pt-PT\",\"potentialAction\":[{\"@type\":\"ReadAction\",\"target\":[\"https:\\\/\\\/infocul.pt\\\/arquivo\\\/cultura\\\/casino-estoril-recebe-o-baile-com-carla-chambel-henrique-carvalho-e-rui-neto\\\/\"]}]},{\"@type\":\"ImageObject\",\"inLanguage\":\"pt-PT\",\"@id\":\"https:\\\/\\\/infocul.pt\\\/arquivo\\\/cultura\\\/casino-estoril-recebe-o-baile-com-carla-chambel-henrique-carvalho-e-rui-neto\\\/#primaryimage\",\"url\":\"https:\\\/\\\/infocul.pt\\\/arquivo\\\/wp-content\\\/uploads\\\/2016\\\/02\\\/O-baile.png\",\"contentUrl\":\"https:\\\/\\\/infocul.pt\\\/arquivo\\\/wp-content\\\/uploads\\\/2016\\\/02\\\/O-baile.png\",\"width\":720,\"height\":540},{\"@type\":\"BreadcrumbList\",\"@id\":\"https:\\\/\\\/infocul.pt\\\/arquivo\\\/cultura\\\/casino-estoril-recebe-o-baile-com-carla-chambel-henrique-carvalho-e-rui-neto\\\/#breadcrumb\",\"itemListElement\":[{\"@type\":\"ListItem\",\"position\":1,\"name\":\"Home\",\"item\":\"https:\\\/\\\/infocul.pt\\\/arquivo\\\/\"},{\"@type\":\"ListItem\",\"position\":2,\"name\":\"Casino Estoril recebe &#8220;O Baile&#8221; com Carla Chambel, Henrique Carvalho e Rui Neto\"}]},{\"@type\":\"WebSite\",\"@id\":\"https:\\\/\\\/infocul.pt\\\/arquivo\\\/#website\",\"url\":\"https:\\\/\\\/infocul.pt\\\/arquivo\\\/\",\"name\":\"Infocul.pt - Arquivo Digital\",\"description\":\"Arquivo digital da Infocul.pt\",\"publisher\":{\"@id\":\"https:\\\/\\\/infocul.pt\\\/arquivo\\\/#organization\"},\"potentialAction\":[{\"@type\":\"SearchAction\",\"target\":{\"@type\":\"EntryPoint\",\"urlTemplate\":\"https:\\\/\\\/infocul.pt\\\/arquivo\\\/?s={search_term_string}\"},\"query-input\":{\"@type\":\"PropertyValueSpecification\",\"valueRequired\":true,\"valueName\":\"search_term_string\"}}],\"inLanguage\":\"pt-PT\"},{\"@type\":\"Organization\",\"@id\":\"https:\\\/\\\/infocul.pt\\\/arquivo\\\/#organization\",\"name\":\"Infocul.pt\",\"url\":\"https:\\\/\\\/infocul.pt\\\/arquivo\\\/\",\"logo\":{\"@type\":\"ImageObject\",\"inLanguage\":\"pt-PT\",\"@id\":\"https:\\\/\\\/infocul.pt\\\/arquivo\\\/#\\\/schema\\\/logo\\\/image\\\/\",\"url\":\"https:\\\/\\\/infocul.pt\\\/arquivo\\\/wp-content\\\/uploads\\\/2018\\\/12\\\/Infocul_logo-1.png\",\"contentUrl\":\"https:\\\/\\\/infocul.pt\\\/arquivo\\\/wp-content\\\/uploads\\\/2018\\\/12\\\/Infocul_logo-1.png\",\"width\":800,\"height\":800,\"caption\":\"Infocul.pt\"},\"image\":{\"@id\":\"https:\\\/\\\/infocul.pt\\\/arquivo\\\/#\\\/schema\\\/logo\\\/image\\\/\"},\"sameAs\":[\"https:\\\/\\\/www.facebook.com\\\/Infocul-147816815585015\\\/\",\"https:\\\/\\\/x.com\\\/Infoculpt\",\"http:\\\/\\\/www.pictaram.com\\\/user\\\/infocul.pt\\\/2370423710\",\"https:\\\/\\\/www.youtube.com\\\/channel\\\/UCYEB91AGI9FL9ek2i_IaQAA\"]},{\"@type\":\"Person\",\"@id\":\"https:\\\/\\\/infocul.pt\\\/arquivo\\\/#\\\/schema\\\/person\\\/060a108d7f2d85fc6aae505119ee5234\",\"name\":\"Rui Lavrador\",\"image\":{\"@type\":\"ImageObject\",\"inLanguage\":\"pt-PT\",\"@id\":\"https:\\\/\\\/secure.gravatar.com\\\/avatar\\\/93febd6873394aa8e975148548a0cb203acfdd42d2c85c5f1408e1a76678aece?s=96&d=mm&r=g\",\"url\":\"https:\\\/\\\/secure.gravatar.com\\\/avatar\\\/93febd6873394aa8e975148548a0cb203acfdd42d2c85c5f1408e1a76678aece?s=96&d=mm&r=g\",\"contentUrl\":\"https:\\\/\\\/secure.gravatar.com\\\/avatar\\\/93febd6873394aa8e975148548a0cb203acfdd42d2c85c5f1408e1a76678aece?s=96&d=mm&r=g\",\"caption\":\"Rui Lavrador\"},\"description\":\"Iniciou em 2011 o seu percurso em comunica\u00e7\u00e3o social, tendo integrado v\u00e1rios projectos editoriais. Durante o seu percurso integrou projectos como Jornal Hardm\u00fasica, LusoNot\u00edcias, Toureio.pt, ODigital.pt, entre outros \u00d3rg\u00e3os de Comunica\u00e7\u00e3o Social nacionais, na redac\u00e7\u00e3o de v\u00e1rios artigos. Entrevistou a grande maioria das personalidades mais importantes da vida social e cultural do pa\u00eds, destacando-se, tamb\u00e9m, na aprecia\u00e7\u00e3o de v\u00e1rios espect\u00e1culos. Durante o seu percurso, deu a conhecer v\u00e1rios artistas, at\u00e9 ent\u00e3o desconhecidos, ao grande p\u00fablico. Em 2015 criou e fundou o Infocul.pt, projecto no qual assume a direc\u00e7\u00e3o editorial.\",\"sameAs\":[\"http:\\\/\\\/www.infocul.pt\"]}]}<\/script>\n<!-- \/ Yoast SEO plugin. -->","yoast_head_json":{"title":"Casino Estoril recebe \"O Baile\" com Carla Chambel, Henrique Carvalho e Rui Neto | Infocul.pt - Arquivo Digital","description":"Casino Estoril recebe \"O Baile\" com Carla Chambel, Henrique Carvalho e Rui Neto | Infocul.pt - Arquivo Digital","robots":{"index":"noindex","follow":"follow","max-snippet":"max-snippet:-1","max-image-preview":"max-image-preview:large","max-video-preview":"max-video-preview:-1"},"og_locale":"pt_PT","og_type":"article","og_title":"Casino Estoril recebe \"O Baile\" com Carla Chambel, Henrique Carvalho e Rui Neto | Infocul.pt - Arquivo Digital","og_description":"Casino Estoril recebe \"O Baile\" com Carla Chambel, Henrique Carvalho e Rui Neto | Infocul.pt - Arquivo Digital","og_url":"https:\/\/infocul.pt\/arquivo\/cultura\/casino-estoril-recebe-o-baile-com-carla-chambel-henrique-carvalho-e-rui-neto\/","og_site_name":"Infocul.pt - Arquivo Digital","article_publisher":"https:\/\/www.facebook.com\/Infocul-147816815585015\/","article_published_time":"2016-02-20T10:46:05+00:00","og_image":[{"width":720,"height":540,"url":"https:\/\/infocul.pt\/arquivo\/wp-content\/uploads\/2016\/02\/O-baile.png","type":"image\/png"}],"author":"Rui Lavrador","twitter_card":"summary_large_image","twitter_creator":"@Infoculpt","twitter_site":"@Infoculpt","twitter_misc":{"Escrito por":"Rui Lavrador","Tempo estimado de leitura":"2 minutos"},"schema":{"@context":"https:\/\/schema.org","@graph":[{"@type":"Article","@id":"https:\/\/infocul.pt\/arquivo\/cultura\/casino-estoril-recebe-o-baile-com-carla-chambel-henrique-carvalho-e-rui-neto\/#article","isPartOf":{"@id":"https:\/\/infocul.pt\/arquivo\/cultura\/casino-estoril-recebe-o-baile-com-carla-chambel-henrique-carvalho-e-rui-neto\/"},"author":{"name":"Rui Lavrador","@id":"https:\/\/infocul.pt\/arquivo\/#\/schema\/person\/060a108d7f2d85fc6aae505119ee5234"},"headline":"Casino Estoril recebe &#8220;O Baile&#8221; com Carla Chambel, Henrique Carvalho e Rui Neto","datePublished":"2016-02-20T10:46:05+00:00","mainEntityOfPage":{"@id":"https:\/\/infocul.pt\/arquivo\/cultura\/casino-estoril-recebe-o-baile-com-carla-chambel-henrique-carvalho-e-rui-neto\/"},"wordCount":338,"commentCount":0,"publisher":{"@id":"https:\/\/infocul.pt\/arquivo\/#organization"},"image":{"@id":"https:\/\/infocul.pt\/arquivo\/cultura\/casino-estoril-recebe-o-baile-com-carla-chambel-henrique-carvalho-e-rui-neto\/#primaryimage"},"thumbnailUrl":"https:\/\/infocul.pt\/arquivo\/wp-content\/uploads\/2016\/02\/O-baile.png","keywords":["Carla Chambel","Casino Estoril","Henrique Carvalho","Rui Neto"],"articleSection":["Cultura","Teatro"],"inLanguage":"pt-PT"},{"@type":"WebPage","@id":"https:\/\/infocul.pt\/arquivo\/cultura\/casino-estoril-recebe-o-baile-com-carla-chambel-henrique-carvalho-e-rui-neto\/","url":"https:\/\/infocul.pt\/arquivo\/cultura\/casino-estoril-recebe-o-baile-com-carla-chambel-henrique-carvalho-e-rui-neto\/","name":"Casino Estoril recebe \"O Baile\" com Carla Chambel, Henrique Carvalho e Rui Neto | Infocul.pt - Arquivo Digital","isPartOf":{"@id":"https:\/\/infocul.pt\/arquivo\/#website"},"primaryImageOfPage":{"@id":"https:\/\/infocul.pt\/arquivo\/cultura\/casino-estoril-recebe-o-baile-com-carla-chambel-henrique-carvalho-e-rui-neto\/#primaryimage"},"image":{"@id":"https:\/\/infocul.pt\/arquivo\/cultura\/casino-estoril-recebe-o-baile-com-carla-chambel-henrique-carvalho-e-rui-neto\/#primaryimage"},"thumbnailUrl":"https:\/\/infocul.pt\/arquivo\/wp-content\/uploads\/2016\/02\/O-baile.png","datePublished":"2016-02-20T10:46:05+00:00","description":"Casino Estoril recebe \"O Baile\" com Carla Chambel, Henrique Carvalho e Rui Neto | Infocul.pt - Arquivo Digital","breadcrumb":{"@id":"https:\/\/infocul.pt\/arquivo\/cultura\/casino-estoril-recebe-o-baile-com-carla-chambel-henrique-carvalho-e-rui-neto\/#breadcrumb"},"inLanguage":"pt-PT","potentialAction":[{"@type":"ReadAction","target":["https:\/\/infocul.pt\/arquivo\/cultura\/casino-estoril-recebe-o-baile-com-carla-chambel-henrique-carvalho-e-rui-neto\/"]}]},{"@type":"ImageObject","inLanguage":"pt-PT","@id":"https:\/\/infocul.pt\/arquivo\/cultura\/casino-estoril-recebe-o-baile-com-carla-chambel-henrique-carvalho-e-rui-neto\/#primaryimage","url":"https:\/\/infocul.pt\/arquivo\/wp-content\/uploads\/2016\/02\/O-baile.png","contentUrl":"https:\/\/infocul.pt\/arquivo\/wp-content\/uploads\/2016\/02\/O-baile.png","width":720,"height":540},{"@type":"BreadcrumbList","@id":"https:\/\/infocul.pt\/arquivo\/cultura\/casino-estoril-recebe-o-baile-com-carla-chambel-henrique-carvalho-e-rui-neto\/#breadcrumb","itemListElement":[{"@type":"ListItem","position":1,"name":"Home","item":"https:\/\/infocul.pt\/arquivo\/"},{"@type":"ListItem","position":2,"name":"Casino Estoril recebe &#8220;O Baile&#8221; com Carla Chambel, Henrique Carvalho e Rui Neto"}]},{"@type":"WebSite","@id":"https:\/\/infocul.pt\/arquivo\/#website","url":"https:\/\/infocul.pt\/arquivo\/","name":"Infocul.pt - Arquivo Digital","description":"Arquivo digital da Infocul.pt","publisher":{"@id":"https:\/\/infocul.pt\/arquivo\/#organization"},"potentialAction":[{"@type":"SearchAction","target":{"@type":"EntryPoint","urlTemplate":"https:\/\/infocul.pt\/arquivo\/?s={search_term_string}"},"query-input":{"@type":"PropertyValueSpecification","valueRequired":true,"valueName":"search_term_string"}}],"inLanguage":"pt-PT"},{"@type":"Organization","@id":"https:\/\/infocul.pt\/arquivo\/#organization","name":"Infocul.pt","url":"https:\/\/infocul.pt\/arquivo\/","logo":{"@type":"ImageObject","inLanguage":"pt-PT","@id":"https:\/\/infocul.pt\/arquivo\/#\/schema\/logo\/image\/","url":"https:\/\/infocul.pt\/arquivo\/wp-content\/uploads\/2018\/12\/Infocul_logo-1.png","contentUrl":"https:\/\/infocul.pt\/arquivo\/wp-content\/uploads\/2018\/12\/Infocul_logo-1.png","width":800,"height":800,"caption":"Infocul.pt"},"image":{"@id":"https:\/\/infocul.pt\/arquivo\/#\/schema\/logo\/image\/"},"sameAs":["https:\/\/www.facebook.com\/Infocul-147816815585015\/","https:\/\/x.com\/Infoculpt","http:\/\/www.pictaram.com\/user\/infocul.pt\/2370423710","https:\/\/www.youtube.com\/channel\/UCYEB91AGI9FL9ek2i_IaQAA"]},{"@type":"Person","@id":"https:\/\/infocul.pt\/arquivo\/#\/schema\/person\/060a108d7f2d85fc6aae505119ee5234","name":"Rui Lavrador","image":{"@type":"ImageObject","inLanguage":"pt-PT","@id":"https:\/\/secure.gravatar.com\/avatar\/93febd6873394aa8e975148548a0cb203acfdd42d2c85c5f1408e1a76678aece?s=96&d=mm&r=g","url":"https:\/\/secure.gravatar.com\/avatar\/93febd6873394aa8e975148548a0cb203acfdd42d2c85c5f1408e1a76678aece?s=96&d=mm&r=g","contentUrl":"https:\/\/secure.gravatar.com\/avatar\/93febd6873394aa8e975148548a0cb203acfdd42d2c85c5f1408e1a76678aece?s=96&d=mm&r=g","caption":"Rui Lavrador"},"description":"Iniciou em 2011 o seu percurso em comunica\u00e7\u00e3o social, tendo integrado v\u00e1rios projectos editoriais. Durante o seu percurso integrou projectos como Jornal Hardm\u00fasica, LusoNot\u00edcias, Toureio.pt, ODigital.pt, entre outros \u00d3rg\u00e3os de Comunica\u00e7\u00e3o Social nacionais, na redac\u00e7\u00e3o de v\u00e1rios artigos. Entrevistou a grande maioria das personalidades mais importantes da vida social e cultural do pa\u00eds, destacando-se, tamb\u00e9m, na aprecia\u00e7\u00e3o de v\u00e1rios espect\u00e1culos. Durante o seu percurso, deu a conhecer v\u00e1rios artistas, at\u00e9 ent\u00e3o desconhecidos, ao grande p\u00fablico. Em 2015 criou e fundou o Infocul.pt, projecto no qual assume a direc\u00e7\u00e3o editorial.","sameAs":["http:\/\/www.infocul.pt"]}]}},"_links":{"self":[{"href":"https:\/\/infocul.pt\/arquivo\/wp-json\/wp\/v2\/posts\/3015","targetHints":{"allow":["GET"]}}],"collection":[{"href":"https:\/\/infocul.pt\/arquivo\/wp-json\/wp\/v2\/posts"}],"about":[{"href":"https:\/\/infocul.pt\/arquivo\/wp-json\/wp\/v2\/types\/post"}],"author":[{"embeddable":true,"href":"https:\/\/infocul.pt\/arquivo\/wp-json\/wp\/v2\/users\/2"}],"replies":[{"embeddable":true,"href":"https:\/\/infocul.pt\/arquivo\/wp-json\/wp\/v2\/comments?post=3015"}],"version-history":[{"count":0,"href":"https:\/\/infocul.pt\/arquivo\/wp-json\/wp\/v2\/posts\/3015\/revisions"}],"wp:featuredmedia":[{"embeddable":true,"href":"https:\/\/infocul.pt\/arquivo\/wp-json\/wp\/v2\/media\/3016"}],"wp:attachment":[{"href":"https:\/\/infocul.pt\/arquivo\/wp-json\/wp\/v2\/media?parent=3015"}],"wp:term":[{"taxonomy":"category","embeddable":true,"href":"https:\/\/infocul.pt\/arquivo\/wp-json\/wp\/v2\/categories?post=3015"},{"taxonomy":"post_tag","embeddable":true,"href":"https:\/\/infocul.pt\/arquivo\/wp-json\/wp\/v2\/tags?post=3015"}],"curies":[{"name":"wp","href":"https:\/\/api.w.org\/{rel}","templated":true}]}}