{"id":3629,"date":"2016-03-01T20:32:57","date_gmt":"2016-03-01T20:32:57","guid":{"rendered":"http:\/\/infocul.pt\/?p=3629"},"modified":"2016-03-01T20:32:57","modified_gmt":"2016-03-01T20:32:57","slug":"3629eu-e-que-sou-o-presidente-da-junta-de-carnide-para-ver-na-sic","status":"publish","type":"post","link":"https:\/\/infocul.pt\/arquivo\/actualidade\/3629eu-e-que-sou-o-presidente-da-junta-de-carnide-para-ver-na-sic\/","title":{"rendered":"&#8220;Eu \u00e9 que sou o Presidente da Junta&#8221; de Carnide, para ver na SIC"},"content":{"rendered":"<p>\t<img decoding=\"async\" width=\"1050\" height=\"576\" class=\"so-widget-image lazyload\" style=\"--smush-placeholder-width: 1050px; --smush-placeholder-aspect-ratio: 1050\/576;height: auto; display: block; max-width: 100%;\" data-src=\"http:\/\/infocul.pt\/wp-content\/uploads\/2016\/03\/Carnide12.png\" src=\"data:image\/svg+xml;base64,PHN2ZyB3aWR0aD0iMSIgaGVpZ2h0PSIxIiB4bWxucz0iaHR0cDovL3d3dy53My5vcmcvMjAwMC9zdmciPjwvc3ZnPg==\"><\/p>\n<p><span style=\"color: rgb(0, 0, 0); font-family: Calibri;\"><strong>\u00c0s quintas feiras, o &#8216;Jornal da Noite&#8217; da SIC vai ao encontro dos governantes mais pr\u00f3ximos da popula\u00e7\u00e3o. O pr\u00f3ximo destino \u00e9 Carnide.<\/strong> <\/span><\/p>\n<h3>&nbsp;<\/h3>\n<p><span style=\"color: rgb(0, 0, 0); font-family: Calibri;\">Com o maior bairro social da Pen\u00edsula Ib\u00e9rica na freguesia, o presidente da junta de Carnide encara os desafios como trunfos. \u00c9 uma das maiores freguesias de Lisboa e apresenta-se como a &#8220;Freguesia da Participa\u00e7\u00e3o&#8221;. <\/span><\/p>\n<p><span style=\"color: rgb(0, 0, 0); font-family: Calibri;\">&nbsp;<\/span><\/p>\n<p><span style=\"color: rgb(0, 0, 0); font-family: Calibri;\">&nbsp;<\/span><\/p>\n<p><span style=\"color: rgb(0, 0, 0); font-family: Calibri;\">Com a mascote SOU, leva a aprendizagem da cidadania a todas as escolas e jardins de inf\u00e2ncia da freguesia. Foi a primeira Junta de Freguesia do pa\u00eds a ter um or\u00e7amento participativo e nos \u00faltimos anos levou ainda mais longe a aposta na participa\u00e7\u00e3o directa dos cidad\u00e3os na identifica\u00e7\u00e3o e resolu\u00e7\u00e3o dos problemas comuns. <\/span><\/p>\n<p><span style=\"color: rgb(0, 0, 0); font-family: Calibri;\">&nbsp;<\/span><\/p>\n<p><span style=\"color: rgb(0, 0, 0); font-family: Calibri;\">&nbsp;<\/span><\/p>\n<p><span style=\"color: rgb(0, 0, 0); font-family: Calibri;\">Um trabalho de Miriam Alves, Filipe Ferreira e Marco Carrasqueira, com grafismo de Carla Gon\u00e7alves.<\/span><\/p>\n<p><span style=\"color: rgb(0, 0, 0); font-family: Calibri;\">&nbsp;<\/span><\/p>\n<p><span style=\"color: rgb(0, 0, 0); font-family: Calibri;\">&nbsp;<\/span><\/p>\n<p><span style=\"color: rgb(0, 0, 0); font-family: Calibri;\">Para ver esta quinta feira, dia 3, no &#8216;Jornal da Noite&#8217; e em perman\u00eancia, com todas as freguesias j\u00e1 visitadas, no site da SIC Not\u00edcias<\/span><\/p>\n<p>&nbsp;<\/p>\n","protected":false},"excerpt":{"rendered":"<p>\u00c0s quintas feiras, o &#8216;Jornal da Noite&#8217; da SIC vai ao encontro dos governantes mais pr\u00f3ximos da popula\u00e7\u00e3o. O pr\u00f3ximo destino \u00e9 Carnide. &nbsp; Com o maior bairro social da Pen\u00edsula Ib\u00e9rica na freguesia, o presidente da junta de Carnide encara os desafios como trunfos. \u00c9 uma das maiores freguesias de Lisboa e apresenta-se como [&hellip;]<\/p>\n","protected":false},"author":2,"featured_media":3630,"comment_status":"open","ping_status":"closed","sticky":false,"template":"","format":"standard","meta":{"footnotes":""},"categories":[10,14],"tags":[501,534],"class_list":["post-3629","post","type-post","status-publish","format-standard","has-post-thumbnail","hentry","category-actualidade","category-televisao","tag-carnide","tag-sic"],"yoast_head":"<!-- This site is optimized with the Yoast SEO plugin v27.4 - https:\/\/yoast.com\/product\/yoast-seo-wordpress\/ -->\n<title>&quot;Eu \u00e9 que sou o Presidente da Junta&quot; de Carnide, para ver na SIC | Infocul.pt - Arquivo Digital<\/title>\n<meta name=\"description\" content=\"&quot;Eu \u00e9 que sou o Presidente da Junta&quot; de Carnide, para ver na SIC | Infocul.pt - Arquivo Digital\" \/>\n<meta name=\"robots\" content=\"noindex, follow, max-snippet:-1, max-image-preview:large, max-video-preview:-1\" \/>\n<meta property=\"og:locale\" content=\"pt_PT\" \/>\n<meta property=\"og:type\" content=\"article\" \/>\n<meta property=\"og:title\" content=\"&quot;Eu \u00e9 que sou o Presidente da Junta&quot; de Carnide, para ver na SIC | Infocul.pt - Arquivo Digital\" \/>\n<meta property=\"og:description\" content=\"&quot;Eu \u00e9 que sou o Presidente da Junta&quot; de Carnide, para ver na SIC | Infocul.pt - Arquivo Digital\" \/>\n<meta property=\"og:url\" content=\"https:\/\/infocul.pt\/arquivo\/actualidade\/3629eu-e-que-sou-o-presidente-da-junta-de-carnide-para-ver-na-sic\/\" \/>\n<meta property=\"og:site_name\" content=\"Infocul.pt - Arquivo Digital\" \/>\n<meta property=\"article:publisher\" content=\"https:\/\/www.facebook.com\/Infocul-147816815585015\/\" \/>\n<meta property=\"article:published_time\" content=\"2016-03-01T20:32:57+00:00\" \/>\n<meta property=\"og:image\" content=\"https:\/\/infocul.pt\/arquivo\/wp-content\/uploads\/2016\/03\/Carnide12.png\" \/>\n\t<meta property=\"og:image:width\" content=\"1050\" \/>\n\t<meta property=\"og:image:height\" content=\"576\" \/>\n\t<meta property=\"og:image:type\" content=\"image\/png\" \/>\n<meta name=\"author\" content=\"Rui Lavrador\" \/>\n<meta name=\"twitter:card\" content=\"summary_large_image\" \/>\n<meta name=\"twitter:creator\" content=\"@Infoculpt\" \/>\n<meta name=\"twitter:site\" content=\"@Infoculpt\" \/>\n<meta name=\"twitter:label1\" content=\"Escrito por\" \/>\n\t<meta name=\"twitter:data1\" content=\"Rui Lavrador\" \/>\n\t<meta name=\"twitter:label2\" content=\"Tempo estimado de leitura\" \/>\n\t<meta name=\"twitter:data2\" content=\"1 minuto\" \/>\n<script type=\"application\/ld+json\" class=\"yoast-schema-graph\">{\"@context\":\"https:\\\/\\\/schema.org\",\"@graph\":[{\"@type\":\"Article\",\"@id\":\"https:\\\/\\\/infocul.pt\\\/arquivo\\\/actualidade\\\/3629eu-e-que-sou-o-presidente-da-junta-de-carnide-para-ver-na-sic\\\/#article\",\"isPartOf\":{\"@id\":\"https:\\\/\\\/infocul.pt\\\/arquivo\\\/actualidade\\\/3629eu-e-que-sou-o-presidente-da-junta-de-carnide-para-ver-na-sic\\\/\"},\"author\":{\"name\":\"Rui Lavrador\",\"@id\":\"https:\\\/\\\/infocul.pt\\\/arquivo\\\/#\\\/schema\\\/person\\\/060a108d7f2d85fc6aae505119ee5234\"},\"headline\":\"&#8220;Eu \u00e9 que sou o Presidente da Junta&#8221; de Carnide, para ver na SIC\",\"datePublished\":\"2016-03-01T20:32:57+00:00\",\"mainEntityOfPage\":{\"@id\":\"https:\\\/\\\/infocul.pt\\\/arquivo\\\/actualidade\\\/3629eu-e-que-sou-o-presidente-da-junta-de-carnide-para-ver-na-sic\\\/\"},\"wordCount\":186,\"commentCount\":0,\"publisher\":{\"@id\":\"https:\\\/\\\/infocul.pt\\\/arquivo\\\/#organization\"},\"image\":{\"@id\":\"https:\\\/\\\/infocul.pt\\\/arquivo\\\/actualidade\\\/3629eu-e-que-sou-o-presidente-da-junta-de-carnide-para-ver-na-sic\\\/#primaryimage\"},\"thumbnailUrl\":\"https:\\\/\\\/infocul.pt\\\/arquivo\\\/wp-content\\\/uploads\\\/2016\\\/03\\\/Carnide12.png\",\"keywords\":[\"Carnide\",\"SIC\"],\"articleSection\":[\"Actualidade\",\"Televis\u00e3o\"],\"inLanguage\":\"pt-PT\"},{\"@type\":\"WebPage\",\"@id\":\"https:\\\/\\\/infocul.pt\\\/arquivo\\\/actualidade\\\/3629eu-e-que-sou-o-presidente-da-junta-de-carnide-para-ver-na-sic\\\/\",\"url\":\"https:\\\/\\\/infocul.pt\\\/arquivo\\\/actualidade\\\/3629eu-e-que-sou-o-presidente-da-junta-de-carnide-para-ver-na-sic\\\/\",\"name\":\"\\\"Eu \u00e9 que sou o Presidente da Junta\\\" de Carnide, para ver na SIC | Infocul.pt - Arquivo Digital\",\"isPartOf\":{\"@id\":\"https:\\\/\\\/infocul.pt\\\/arquivo\\\/#website\"},\"primaryImageOfPage\":{\"@id\":\"https:\\\/\\\/infocul.pt\\\/arquivo\\\/actualidade\\\/3629eu-e-que-sou-o-presidente-da-junta-de-carnide-para-ver-na-sic\\\/#primaryimage\"},\"image\":{\"@id\":\"https:\\\/\\\/infocul.pt\\\/arquivo\\\/actualidade\\\/3629eu-e-que-sou-o-presidente-da-junta-de-carnide-para-ver-na-sic\\\/#primaryimage\"},\"thumbnailUrl\":\"https:\\\/\\\/infocul.pt\\\/arquivo\\\/wp-content\\\/uploads\\\/2016\\\/03\\\/Carnide12.png\",\"datePublished\":\"2016-03-01T20:32:57+00:00\",\"description\":\"\\\"Eu \u00e9 que sou o Presidente da Junta\\\" de Carnide, para ver na SIC | Infocul.pt - Arquivo Digital\",\"breadcrumb\":{\"@id\":\"https:\\\/\\\/infocul.pt\\\/arquivo\\\/actualidade\\\/3629eu-e-que-sou-o-presidente-da-junta-de-carnide-para-ver-na-sic\\\/#breadcrumb\"},\"inLanguage\":\"pt-PT\",\"potentialAction\":[{\"@type\":\"ReadAction\",\"target\":[\"https:\\\/\\\/infocul.pt\\\/arquivo\\\/actualidade\\\/3629eu-e-que-sou-o-presidente-da-junta-de-carnide-para-ver-na-sic\\\/\"]}]},{\"@type\":\"ImageObject\",\"inLanguage\":\"pt-PT\",\"@id\":\"https:\\\/\\\/infocul.pt\\\/arquivo\\\/actualidade\\\/3629eu-e-que-sou-o-presidente-da-junta-de-carnide-para-ver-na-sic\\\/#primaryimage\",\"url\":\"https:\\\/\\\/infocul.pt\\\/arquivo\\\/wp-content\\\/uploads\\\/2016\\\/03\\\/Carnide12.png\",\"contentUrl\":\"https:\\\/\\\/infocul.pt\\\/arquivo\\\/wp-content\\\/uploads\\\/2016\\\/03\\\/Carnide12.png\",\"width\":1050,\"height\":576},{\"@type\":\"BreadcrumbList\",\"@id\":\"https:\\\/\\\/infocul.pt\\\/arquivo\\\/actualidade\\\/3629eu-e-que-sou-o-presidente-da-junta-de-carnide-para-ver-na-sic\\\/#breadcrumb\",\"itemListElement\":[{\"@type\":\"ListItem\",\"position\":1,\"name\":\"Home\",\"item\":\"https:\\\/\\\/infocul.pt\\\/arquivo\\\/\"},{\"@type\":\"ListItem\",\"position\":2,\"name\":\"&#8220;Eu \u00e9 que sou o Presidente da Junta&#8221; de Carnide, para ver na SIC\"}]},{\"@type\":\"WebSite\",\"@id\":\"https:\\\/\\\/infocul.pt\\\/arquivo\\\/#website\",\"url\":\"https:\\\/\\\/infocul.pt\\\/arquivo\\\/\",\"name\":\"Infocul.pt - Arquivo Digital\",\"description\":\"Arquivo digital da Infocul.pt\",\"publisher\":{\"@id\":\"https:\\\/\\\/infocul.pt\\\/arquivo\\\/#organization\"},\"potentialAction\":[{\"@type\":\"SearchAction\",\"target\":{\"@type\":\"EntryPoint\",\"urlTemplate\":\"https:\\\/\\\/infocul.pt\\\/arquivo\\\/?s={search_term_string}\"},\"query-input\":{\"@type\":\"PropertyValueSpecification\",\"valueRequired\":true,\"valueName\":\"search_term_string\"}}],\"inLanguage\":\"pt-PT\"},{\"@type\":\"Organization\",\"@id\":\"https:\\\/\\\/infocul.pt\\\/arquivo\\\/#organization\",\"name\":\"Infocul.pt\",\"url\":\"https:\\\/\\\/infocul.pt\\\/arquivo\\\/\",\"logo\":{\"@type\":\"ImageObject\",\"inLanguage\":\"pt-PT\",\"@id\":\"https:\\\/\\\/infocul.pt\\\/arquivo\\\/#\\\/schema\\\/logo\\\/image\\\/\",\"url\":\"https:\\\/\\\/infocul.pt\\\/arquivo\\\/wp-content\\\/uploads\\\/2018\\\/12\\\/Infocul_logo-1.png\",\"contentUrl\":\"https:\\\/\\\/infocul.pt\\\/arquivo\\\/wp-content\\\/uploads\\\/2018\\\/12\\\/Infocul_logo-1.png\",\"width\":800,\"height\":800,\"caption\":\"Infocul.pt\"},\"image\":{\"@id\":\"https:\\\/\\\/infocul.pt\\\/arquivo\\\/#\\\/schema\\\/logo\\\/image\\\/\"},\"sameAs\":[\"https:\\\/\\\/www.facebook.com\\\/Infocul-147816815585015\\\/\",\"https:\\\/\\\/x.com\\\/Infoculpt\",\"http:\\\/\\\/www.pictaram.com\\\/user\\\/infocul.pt\\\/2370423710\",\"https:\\\/\\\/www.youtube.com\\\/channel\\\/UCYEB91AGI9FL9ek2i_IaQAA\"]},{\"@type\":\"Person\",\"@id\":\"https:\\\/\\\/infocul.pt\\\/arquivo\\\/#\\\/schema\\\/person\\\/060a108d7f2d85fc6aae505119ee5234\",\"name\":\"Rui Lavrador\",\"image\":{\"@type\":\"ImageObject\",\"inLanguage\":\"pt-PT\",\"@id\":\"https:\\\/\\\/secure.gravatar.com\\\/avatar\\\/93febd6873394aa8e975148548a0cb203acfdd42d2c85c5f1408e1a76678aece?s=96&d=mm&r=g\",\"url\":\"https:\\\/\\\/secure.gravatar.com\\\/avatar\\\/93febd6873394aa8e975148548a0cb203acfdd42d2c85c5f1408e1a76678aece?s=96&d=mm&r=g\",\"contentUrl\":\"https:\\\/\\\/secure.gravatar.com\\\/avatar\\\/93febd6873394aa8e975148548a0cb203acfdd42d2c85c5f1408e1a76678aece?s=96&d=mm&r=g\",\"caption\":\"Rui Lavrador\"},\"description\":\"Iniciou em 2011 o seu percurso em comunica\u00e7\u00e3o social, tendo integrado v\u00e1rios projectos editoriais. Durante o seu percurso integrou projectos como Jornal Hardm\u00fasica, LusoNot\u00edcias, Toureio.pt, ODigital.pt, entre outros \u00d3rg\u00e3os de Comunica\u00e7\u00e3o Social nacionais, na redac\u00e7\u00e3o de v\u00e1rios artigos. Entrevistou a grande maioria das personalidades mais importantes da vida social e cultural do pa\u00eds, destacando-se, tamb\u00e9m, na aprecia\u00e7\u00e3o de v\u00e1rios espect\u00e1culos. Durante o seu percurso, deu a conhecer v\u00e1rios artistas, at\u00e9 ent\u00e3o desconhecidos, ao grande p\u00fablico. Em 2015 criou e fundou o Infocul.pt, projecto no qual assume a direc\u00e7\u00e3o editorial.\",\"sameAs\":[\"http:\\\/\\\/www.infocul.pt\"]}]}<\/script>\n<!-- \/ Yoast SEO plugin. -->","yoast_head_json":{"title":"\"Eu \u00e9 que sou o Presidente da Junta\" de Carnide, para ver na SIC | Infocul.pt - Arquivo Digital","description":"\"Eu \u00e9 que sou o Presidente da Junta\" de Carnide, para ver na SIC | Infocul.pt - Arquivo Digital","robots":{"index":"noindex","follow":"follow","max-snippet":"max-snippet:-1","max-image-preview":"max-image-preview:large","max-video-preview":"max-video-preview:-1"},"og_locale":"pt_PT","og_type":"article","og_title":"\"Eu \u00e9 que sou o Presidente da Junta\" de Carnide, para ver na SIC | Infocul.pt - Arquivo Digital","og_description":"\"Eu \u00e9 que sou o Presidente da Junta\" de Carnide, para ver na SIC | Infocul.pt - Arquivo Digital","og_url":"https:\/\/infocul.pt\/arquivo\/actualidade\/3629eu-e-que-sou-o-presidente-da-junta-de-carnide-para-ver-na-sic\/","og_site_name":"Infocul.pt - Arquivo Digital","article_publisher":"https:\/\/www.facebook.com\/Infocul-147816815585015\/","article_published_time":"2016-03-01T20:32:57+00:00","og_image":[{"width":1050,"height":576,"url":"https:\/\/infocul.pt\/arquivo\/wp-content\/uploads\/2016\/03\/Carnide12.png","type":"image\/png"}],"author":"Rui Lavrador","twitter_card":"summary_large_image","twitter_creator":"@Infoculpt","twitter_site":"@Infoculpt","twitter_misc":{"Escrito por":"Rui Lavrador","Tempo estimado de leitura":"1 minuto"},"schema":{"@context":"https:\/\/schema.org","@graph":[{"@type":"Article","@id":"https:\/\/infocul.pt\/arquivo\/actualidade\/3629eu-e-que-sou-o-presidente-da-junta-de-carnide-para-ver-na-sic\/#article","isPartOf":{"@id":"https:\/\/infocul.pt\/arquivo\/actualidade\/3629eu-e-que-sou-o-presidente-da-junta-de-carnide-para-ver-na-sic\/"},"author":{"name":"Rui Lavrador","@id":"https:\/\/infocul.pt\/arquivo\/#\/schema\/person\/060a108d7f2d85fc6aae505119ee5234"},"headline":"&#8220;Eu \u00e9 que sou o Presidente da Junta&#8221; de Carnide, para ver na SIC","datePublished":"2016-03-01T20:32:57+00:00","mainEntityOfPage":{"@id":"https:\/\/infocul.pt\/arquivo\/actualidade\/3629eu-e-que-sou-o-presidente-da-junta-de-carnide-para-ver-na-sic\/"},"wordCount":186,"commentCount":0,"publisher":{"@id":"https:\/\/infocul.pt\/arquivo\/#organization"},"image":{"@id":"https:\/\/infocul.pt\/arquivo\/actualidade\/3629eu-e-que-sou-o-presidente-da-junta-de-carnide-para-ver-na-sic\/#primaryimage"},"thumbnailUrl":"https:\/\/infocul.pt\/arquivo\/wp-content\/uploads\/2016\/03\/Carnide12.png","keywords":["Carnide","SIC"],"articleSection":["Actualidade","Televis\u00e3o"],"inLanguage":"pt-PT"},{"@type":"WebPage","@id":"https:\/\/infocul.pt\/arquivo\/actualidade\/3629eu-e-que-sou-o-presidente-da-junta-de-carnide-para-ver-na-sic\/","url":"https:\/\/infocul.pt\/arquivo\/actualidade\/3629eu-e-que-sou-o-presidente-da-junta-de-carnide-para-ver-na-sic\/","name":"\"Eu \u00e9 que sou o Presidente da Junta\" de Carnide, para ver na SIC | Infocul.pt - Arquivo Digital","isPartOf":{"@id":"https:\/\/infocul.pt\/arquivo\/#website"},"primaryImageOfPage":{"@id":"https:\/\/infocul.pt\/arquivo\/actualidade\/3629eu-e-que-sou-o-presidente-da-junta-de-carnide-para-ver-na-sic\/#primaryimage"},"image":{"@id":"https:\/\/infocul.pt\/arquivo\/actualidade\/3629eu-e-que-sou-o-presidente-da-junta-de-carnide-para-ver-na-sic\/#primaryimage"},"thumbnailUrl":"https:\/\/infocul.pt\/arquivo\/wp-content\/uploads\/2016\/03\/Carnide12.png","datePublished":"2016-03-01T20:32:57+00:00","description":"\"Eu \u00e9 que sou o Presidente da Junta\" de Carnide, para ver na SIC | Infocul.pt - Arquivo Digital","breadcrumb":{"@id":"https:\/\/infocul.pt\/arquivo\/actualidade\/3629eu-e-que-sou-o-presidente-da-junta-de-carnide-para-ver-na-sic\/#breadcrumb"},"inLanguage":"pt-PT","potentialAction":[{"@type":"ReadAction","target":["https:\/\/infocul.pt\/arquivo\/actualidade\/3629eu-e-que-sou-o-presidente-da-junta-de-carnide-para-ver-na-sic\/"]}]},{"@type":"ImageObject","inLanguage":"pt-PT","@id":"https:\/\/infocul.pt\/arquivo\/actualidade\/3629eu-e-que-sou-o-presidente-da-junta-de-carnide-para-ver-na-sic\/#primaryimage","url":"https:\/\/infocul.pt\/arquivo\/wp-content\/uploads\/2016\/03\/Carnide12.png","contentUrl":"https:\/\/infocul.pt\/arquivo\/wp-content\/uploads\/2016\/03\/Carnide12.png","width":1050,"height":576},{"@type":"BreadcrumbList","@id":"https:\/\/infocul.pt\/arquivo\/actualidade\/3629eu-e-que-sou-o-presidente-da-junta-de-carnide-para-ver-na-sic\/#breadcrumb","itemListElement":[{"@type":"ListItem","position":1,"name":"Home","item":"https:\/\/infocul.pt\/arquivo\/"},{"@type":"ListItem","position":2,"name":"&#8220;Eu \u00e9 que sou o Presidente da Junta&#8221; de Carnide, para ver na SIC"}]},{"@type":"WebSite","@id":"https:\/\/infocul.pt\/arquivo\/#website","url":"https:\/\/infocul.pt\/arquivo\/","name":"Infocul.pt - Arquivo Digital","description":"Arquivo digital da Infocul.pt","publisher":{"@id":"https:\/\/infocul.pt\/arquivo\/#organization"},"potentialAction":[{"@type":"SearchAction","target":{"@type":"EntryPoint","urlTemplate":"https:\/\/infocul.pt\/arquivo\/?s={search_term_string}"},"query-input":{"@type":"PropertyValueSpecification","valueRequired":true,"valueName":"search_term_string"}}],"inLanguage":"pt-PT"},{"@type":"Organization","@id":"https:\/\/infocul.pt\/arquivo\/#organization","name":"Infocul.pt","url":"https:\/\/infocul.pt\/arquivo\/","logo":{"@type":"ImageObject","inLanguage":"pt-PT","@id":"https:\/\/infocul.pt\/arquivo\/#\/schema\/logo\/image\/","url":"https:\/\/infocul.pt\/arquivo\/wp-content\/uploads\/2018\/12\/Infocul_logo-1.png","contentUrl":"https:\/\/infocul.pt\/arquivo\/wp-content\/uploads\/2018\/12\/Infocul_logo-1.png","width":800,"height":800,"caption":"Infocul.pt"},"image":{"@id":"https:\/\/infocul.pt\/arquivo\/#\/schema\/logo\/image\/"},"sameAs":["https:\/\/www.facebook.com\/Infocul-147816815585015\/","https:\/\/x.com\/Infoculpt","http:\/\/www.pictaram.com\/user\/infocul.pt\/2370423710","https:\/\/www.youtube.com\/channel\/UCYEB91AGI9FL9ek2i_IaQAA"]},{"@type":"Person","@id":"https:\/\/infocul.pt\/arquivo\/#\/schema\/person\/060a108d7f2d85fc6aae505119ee5234","name":"Rui Lavrador","image":{"@type":"ImageObject","inLanguage":"pt-PT","@id":"https:\/\/secure.gravatar.com\/avatar\/93febd6873394aa8e975148548a0cb203acfdd42d2c85c5f1408e1a76678aece?s=96&d=mm&r=g","url":"https:\/\/secure.gravatar.com\/avatar\/93febd6873394aa8e975148548a0cb203acfdd42d2c85c5f1408e1a76678aece?s=96&d=mm&r=g","contentUrl":"https:\/\/secure.gravatar.com\/avatar\/93febd6873394aa8e975148548a0cb203acfdd42d2c85c5f1408e1a76678aece?s=96&d=mm&r=g","caption":"Rui Lavrador"},"description":"Iniciou em 2011 o seu percurso em comunica\u00e7\u00e3o social, tendo integrado v\u00e1rios projectos editoriais. Durante o seu percurso integrou projectos como Jornal Hardm\u00fasica, LusoNot\u00edcias, Toureio.pt, ODigital.pt, entre outros \u00d3rg\u00e3os de Comunica\u00e7\u00e3o Social nacionais, na redac\u00e7\u00e3o de v\u00e1rios artigos. Entrevistou a grande maioria das personalidades mais importantes da vida social e cultural do pa\u00eds, destacando-se, tamb\u00e9m, na aprecia\u00e7\u00e3o de v\u00e1rios espect\u00e1culos. Durante o seu percurso, deu a conhecer v\u00e1rios artistas, at\u00e9 ent\u00e3o desconhecidos, ao grande p\u00fablico. Em 2015 criou e fundou o Infocul.pt, projecto no qual assume a direc\u00e7\u00e3o editorial.","sameAs":["http:\/\/www.infocul.pt"]}]}},"_links":{"self":[{"href":"https:\/\/infocul.pt\/arquivo\/wp-json\/wp\/v2\/posts\/3629","targetHints":{"allow":["GET"]}}],"collection":[{"href":"https:\/\/infocul.pt\/arquivo\/wp-json\/wp\/v2\/posts"}],"about":[{"href":"https:\/\/infocul.pt\/arquivo\/wp-json\/wp\/v2\/types\/post"}],"author":[{"embeddable":true,"href":"https:\/\/infocul.pt\/arquivo\/wp-json\/wp\/v2\/users\/2"}],"replies":[{"embeddable":true,"href":"https:\/\/infocul.pt\/arquivo\/wp-json\/wp\/v2\/comments?post=3629"}],"version-history":[{"count":0,"href":"https:\/\/infocul.pt\/arquivo\/wp-json\/wp\/v2\/posts\/3629\/revisions"}],"wp:featuredmedia":[{"embeddable":true,"href":"https:\/\/infocul.pt\/arquivo\/wp-json\/wp\/v2\/media\/3630"}],"wp:attachment":[{"href":"https:\/\/infocul.pt\/arquivo\/wp-json\/wp\/v2\/media?parent=3629"}],"wp:term":[{"taxonomy":"category","embeddable":true,"href":"https:\/\/infocul.pt\/arquivo\/wp-json\/wp\/v2\/categories?post=3629"},{"taxonomy":"post_tag","embeddable":true,"href":"https:\/\/infocul.pt\/arquivo\/wp-json\/wp\/v2\/tags?post=3629"}],"curies":[{"name":"wp","href":"https:\/\/api.w.org\/{rel}","templated":true}]}}