{"id":3638,"date":"2016-03-01T22:28:48","date_gmt":"2016-03-01T22:28:48","guid":{"rendered":"http:\/\/infocul.pt\/?p=3638"},"modified":"2016-03-01T23:53:25","modified_gmt":"2016-03-01T23:53:25","slug":"3638apresentado-o-cartaz-do-palco-vodafone-no-rock-in-rio","status":"publish","type":"post","link":"https:\/\/infocul.pt\/arquivo\/cultura\/3638apresentado-o-cartaz-do-palco-vodafone-no-rock-in-rio\/","title":{"rendered":"Apresentado o cartaz do Palco Vodafone no Rock in Rio"},"content":{"rendered":"<p><!-- Nextend Smart Slider 3 #68 - BEGIN --><\/p>\n<p>                    <img decoding=\"async\" title=\"\" class=\"n2-ss-slide-background-image n2-ss-slide-fill lazyload\" style=\"opacity: 1;\" alt=\"\" data-src=\"\/\/infocul.pt\/wp-content\/uploads\/2016\/03\/Todos-os-intervenientes.jpg\" src=\"data:image\/svg+xml;base64,PHN2ZyB3aWR0aD0iMSIgaGVpZ2h0PSIxIiB4bWxucz0iaHR0cDovL3d3dy53My5vcmcvMjAwMC9zdmciPjwvc3ZnPg==\"><img decoding=\"async\" title=\"\" class=\"n2-ss-slide-background-image n2-ss-slide-fill lazyload\" style=\"opacity: 1;\" alt=\"\" data-src=\"\/\/infocul.pt\/wp-content\/uploads\/2016\/03\/B-Fachada-01.jpg\" src=\"data:image\/svg+xml;base64,PHN2ZyB3aWR0aD0iMSIgaGVpZ2h0PSIxIiB4bWxucz0iaHR0cDovL3d3dy53My5vcmcvMjAwMC9zdmciPjwvc3ZnPg==\"><img decoding=\"async\" title=\"\" class=\"n2-ss-slide-background-image n2-ss-slide-fill lazyload\" style=\"opacity: 1;\" alt=\"\" data-src=\"\/\/infocul.pt\/wp-content\/uploads\/2016\/03\/B-Fachada-02.jpg\" src=\"data:image\/svg+xml;base64,PHN2ZyB3aWR0aD0iMSIgaGVpZ2h0PSIxIiB4bWxucz0iaHR0cDovL3d3dy53My5vcmcvMjAwMC9zdmciPjwvc3ZnPg==\"><img decoding=\"async\" title=\"\" class=\"n2-ss-slide-background-image n2-ss-slide-fill lazyload\" style=\"opacity: 1;\" alt=\"\" data-src=\"\/\/infocul.pt\/wp-content\/uploads\/2016\/03\/B-Fachada-03.jpg\" src=\"data:image\/svg+xml;base64,PHN2ZyB3aWR0aD0iMSIgaGVpZ2h0PSIxIiB4bWxucz0iaHR0cDovL3d3dy53My5vcmcvMjAwMC9zdmciPjwvc3ZnPg==\"><img decoding=\"async\" title=\"\" class=\"n2-ss-slide-background-image n2-ss-slide-fill lazyload\" style=\"opacity: 1;\" alt=\"\" data-src=\"\/\/infocul.pt\/wp-content\/uploads\/2016\/03\/B-Fachada-04.jpg\" src=\"data:image\/svg+xml;base64,PHN2ZyB3aWR0aD0iMSIgaGVpZ2h0PSIxIiB4bWxucz0iaHR0cDovL3d3dy53My5vcmcvMjAwMC9zdmciPjwvc3ZnPg==\"><img decoding=\"async\" title=\"\" class=\"n2-ss-slide-background-image n2-ss-slide-fill lazyload\" style=\"opacity: 1;\" alt=\"\" data-src=\"\/\/infocul.pt\/wp-content\/uploads\/2016\/03\/Keep-Razors-Sharp-01.jpg\" src=\"data:image\/svg+xml;base64,PHN2ZyB3aWR0aD0iMSIgaGVpZ2h0PSIxIiB4bWxucz0iaHR0cDovL3d3dy53My5vcmcvMjAwMC9zdmciPjwvc3ZnPg==\"><img decoding=\"async\" title=\"\" class=\"n2-ss-slide-background-image n2-ss-slide-fill lazyload\" style=\"opacity: 1;\" alt=\"\" data-src=\"\/\/infocul.pt\/wp-content\/uploads\/2016\/03\/Keep-Razors-Sharp-02.jpg\" src=\"data:image\/svg+xml;base64,PHN2ZyB3aWR0aD0iMSIgaGVpZ2h0PSIxIiB4bWxucz0iaHR0cDovL3d3dy53My5vcmcvMjAwMC9zdmciPjwvc3ZnPg==\"><img decoding=\"async\" title=\"\" class=\"n2-ss-slide-background-image n2-ss-slide-fill lazyload\" style=\"opacity: 1;\" alt=\"\" data-src=\"\/\/infocul.pt\/wp-content\/uploads\/2016\/03\/Keep-Razors-Sharp-03.jpg\" src=\"data:image\/svg+xml;base64,PHN2ZyB3aWR0aD0iMSIgaGVpZ2h0PSIxIiB4bWxucz0iaHR0cDovL3d3dy53My5vcmcvMjAwMC9zdmciPjwvc3ZnPg==\"><img decoding=\"async\" title=\"\" class=\"n2-ss-slide-background-image n2-ss-slide-fill lazyload\" style=\"opacity: 1;\" alt=\"\" data-src=\"\/\/infocul.pt\/wp-content\/uploads\/2016\/03\/Keep-Razors-Sharp-04.jpg\" src=\"data:image\/svg+xml;base64,PHN2ZyB3aWR0aD0iMSIgaGVpZ2h0PSIxIiB4bWxucz0iaHR0cDovL3d3dy53My5vcmcvMjAwMC9zdmciPjwvc3ZnPg==\"><img decoding=\"async\" title=\"\" class=\"n2-ss-slide-background-image n2-ss-slide-fill lazyload\" style=\"opacity: 1;\" alt=\"\" data-src=\"\/\/infocul.pt\/wp-content\/uploads\/2016\/03\/Leonor-Dias-01.jpg\" src=\"data:image\/svg+xml;base64,PHN2ZyB3aWR0aD0iMSIgaGVpZ2h0PSIxIiB4bWxucz0iaHR0cDovL3d3dy53My5vcmcvMjAwMC9zdmciPjwvc3ZnPg==\"><img decoding=\"async\" title=\"\" class=\"n2-ss-slide-background-image n2-ss-slide-fill lazyload\" style=\"opacity: 1;\" alt=\"\" data-src=\"\/\/infocul.pt\/wp-content\/uploads\/2016\/03\/Leonor-Dias-02.jpg\" src=\"data:image\/svg+xml;base64,PHN2ZyB3aWR0aD0iMSIgaGVpZ2h0PSIxIiB4bWxucz0iaHR0cDovL3d3dy53My5vcmcvMjAwMC9zdmciPjwvc3ZnPg==\"><img decoding=\"async\" title=\"\" class=\"n2-ss-slide-background-image n2-ss-slide-fill lazyload\" style=\"opacity: 1;\" alt=\"\" data-src=\"\/\/infocul.pt\/wp-content\/uploads\/2016\/03\/Lonor-Dias-e-Roberta-Medina.jpg\" src=\"data:image\/svg+xml;base64,PHN2ZyB3aWR0aD0iMSIgaGVpZ2h0PSIxIiB4bWxucz0iaHR0cDovL3d3dy53My5vcmcvMjAwMC9zdmciPjwvc3ZnPg==\"><img decoding=\"async\" title=\"\" class=\"n2-ss-slide-background-image n2-ss-slide-fill lazyload\" style=\"opacity: 1;\" alt=\"\" data-src=\"\/\/infocul.pt\/wp-content\/uploads\/2016\/03\/Palco.jpg\" src=\"data:image\/svg+xml;base64,PHN2ZyB3aWR0aD0iMSIgaGVpZ2h0PSIxIiB4bWxucz0iaHR0cDovL3d3dy53My5vcmcvMjAwMC9zdmciPjwvc3ZnPg==\"><img decoding=\"async\" title=\"\" class=\"n2-ss-slide-background-image n2-ss-slide-fill lazyload\" style=\"opacity: 1;\" alt=\"\" data-src=\"\/\/infocul.pt\/wp-content\/uploads\/2016\/03\/Pedro-Moreira-Dias-e-Joaquim-Quadros.jpg\" src=\"data:image\/svg+xml;base64,PHN2ZyB3aWR0aD0iMSIgaGVpZ2h0PSIxIiB4bWxucz0iaHR0cDovL3d3dy53My5vcmcvMjAwMC9zdmciPjwvc3ZnPg==\"><img decoding=\"async\" title=\"\" class=\"n2-ss-slide-background-image n2-ss-slide-fill lazyload\" style=\"opacity: 1;\" alt=\"\" data-src=\"\/\/infocul.pt\/wp-content\/uploads\/2016\/03\/Pedro-Moreira-Dias-Joaquim-Quadros-e-Z\u00e9-Ricardo01.jpg\" src=\"data:image\/svg+xml;base64,PHN2ZyB3aWR0aD0iMSIgaGVpZ2h0PSIxIiB4bWxucz0iaHR0cDovL3d3dy53My5vcmcvMjAwMC9zdmciPjwvc3ZnPg==\"><img decoding=\"async\" title=\"\" class=\"n2-ss-slide-background-image n2-ss-slide-fill lazyload\" style=\"opacity: 1;\" alt=\"\" data-src=\"\/\/infocul.pt\/wp-content\/uploads\/2016\/03\/Pedro-Moreira-Dias-Joaquim-Quadros-e-Z\u00e9-Ricardo02.jpg\" src=\"data:image\/svg+xml;base64,PHN2ZyB3aWR0aD0iMSIgaGVpZ2h0PSIxIiB4bWxucz0iaHR0cDovL3d3dy53My5vcmcvMjAwMC9zdmciPjwvc3ZnPg==\"><img decoding=\"async\" title=\"\" class=\"n2-ss-slide-background-image n2-ss-slide-fill lazyload\" style=\"opacity: 1;\" alt=\"\" data-src=\"\/\/infocul.pt\/wp-content\/uploads\/2016\/03\/Pedro-Moreira-Dias-Joaquim-Quadros-Roberta-Medina-e-Leonor-Dias.jpg\" src=\"data:image\/svg+xml;base64,PHN2ZyB3aWR0aD0iMSIgaGVpZ2h0PSIxIiB4bWxucz0iaHR0cDovL3d3dy53My5vcmcvMjAwMC9zdmciPjwvc3ZnPg==\"><img decoding=\"async\" title=\"\" class=\"n2-ss-slide-background-image n2-ss-slide-fill lazyload\" style=\"opacity: 1;\" alt=\"\" data-src=\"\/\/infocul.pt\/wp-content\/uploads\/2016\/03\/Roberta-Medina-01.jpg\" src=\"data:image\/svg+xml;base64,PHN2ZyB3aWR0aD0iMSIgaGVpZ2h0PSIxIiB4bWxucz0iaHR0cDovL3d3dy53My5vcmcvMjAwMC9zdmciPjwvc3ZnPg==\"><img decoding=\"async\" title=\"\" class=\"n2-ss-slide-background-image n2-ss-slide-fill lazyload\" style=\"opacity: 1;\" alt=\"\" data-src=\"\/\/infocul.pt\/wp-content\/uploads\/2016\/03\/Roberta-Medina-02.jpg\" src=\"data:image\/svg+xml;base64,PHN2ZyB3aWR0aD0iMSIgaGVpZ2h0PSIxIiB4bWxucz0iaHR0cDovL3d3dy53My5vcmcvMjAwMC9zdmciPjwvc3ZnPg==\"><img decoding=\"async\" title=\"\" class=\"n2-ss-slide-background-image n2-ss-slide-fill lazyload\" style=\"opacity: 1;\" alt=\"\" data-src=\"\/\/infocul.pt\/wp-content\/uploads\/2016\/03\/Roberta-Medina-03.jpg\" src=\"data:image\/svg+xml;base64,PHN2ZyB3aWR0aD0iMSIgaGVpZ2h0PSIxIiB4bWxucz0iaHR0cDovL3d3dy53My5vcmcvMjAwMC9zdmciPjwvc3ZnPg==\"><img decoding=\"async\" title=\"\" class=\"n2-ss-slide-background-image n2-ss-slide-fill lazyload\" style=\"opacity: 1;\" alt=\"\" data-src=\"\/\/infocul.pt\/wp-content\/uploads\/2016\/03\/Roberta-Medina.jpg\" src=\"data:image\/svg+xml;base64,PHN2ZyB3aWR0aD0iMSIgaGVpZ2h0PSIxIiB4bWxucz0iaHR0cDovL3d3dy53My5vcmcvMjAwMC9zdmciPjwvc3ZnPg==\"><img decoding=\"async\" title=\"\" class=\"n2-ss-slide-background-image n2-ss-slide-fill lazyload\" style=\"opacity: 1;\" alt=\"\" data-src=\"\/\/infocul.pt\/wp-content\/uploads\/2016\/03\/Todos-os-intervenientes-1.jpg\" src=\"data:image\/svg+xml;base64,PHN2ZyB3aWR0aD0iMSIgaGVpZ2h0PSIxIiB4bWxucz0iaHR0cDovL3d3dy53My5vcmcvMjAwMC9zdmciPjwvc3ZnPg==\"><img decoding=\"async\" title=\"\" class=\"n2-ss-slide-background-image n2-ss-slide-fill lazyload\" style=\"opacity: 1;\" alt=\"\" data-src=\"\/\/infocul.pt\/wp-content\/uploads\/2016\/03\/Z\u00e9-Ricardo-e-Roberta-Medina.jpg\" src=\"data:image\/svg+xml;base64,PHN2ZyB3aWR0aD0iMSIgaGVpZ2h0PSIxIiB4bWxucz0iaHR0cDovL3d3dy53My5vcmcvMjAwMC9zdmciPjwvc3ZnPg==\"><img decoding=\"async\" title=\"\" class=\"n2-ss-slide-background-image n2-ss-slide-fill lazyload\" style=\"opacity: 1;\" alt=\"\" data-src=\"\/\/infocul.pt\/wp-content\/uploads\/2016\/03\/Z\u00e9-Ricardo01.jpg\" src=\"data:image\/svg+xml;base64,PHN2ZyB3aWR0aD0iMSIgaGVpZ2h0PSIxIiB4bWxucz0iaHR0cDovL3d3dy53My5vcmcvMjAwMC9zdmciPjwvc3ZnPg==\"><img decoding=\"async\" title=\"\" class=\"n2-ss-slide-background-image n2-ss-slide-fill lazyload\" style=\"opacity: 1;\" alt=\"\" data-src=\"\/\/infocul.pt\/wp-content\/uploads\/2016\/03\/Z\u00e9-Ricardo02.jpg\" src=\"data:image\/svg+xml;base64,PHN2ZyB3aWR0aD0iMSIgaGVpZ2h0PSIxIiB4bWxucz0iaHR0cDovL3d3dy53My5vcmcvMjAwMC9zdmciPjwvc3ZnPg==\"><img decoding=\"async\" title=\"\" class=\"n2-ss-slide-background-image n2-ss-slide-fill lazyload\" style=\"opacity: 1;\" alt=\"\" data-src=\"\/\/infocul.pt\/wp-content\/uploads\/2016\/03\/Z\u00e9-Ricardo03.jpg\" src=\"data:image\/svg+xml;base64,PHN2ZyB3aWR0aD0iMSIgaGVpZ2h0PSIxIiB4bWxucz0iaHR0cDovL3d3dy53My5vcmcvMjAwMC9zdmciPjwvc3ZnPg==\">                <\/p>\n<p>        <img decoding=\"async\" alt=\"arrow\" src=\"data:image\/svg+xml;base64,PHN2ZyB3aWR0aD0iMzIiIGhlaWdodD0iMzIiIHZpZXdCb3g9IjAgMCAzMiAzMiIgeG1sbnM9Imh0dHA6Ly93d3cudzMub3JnLzIwMDAvc3ZnIj48cGF0aCBkPSJNMTEuNDMzIDE1Ljk5MkwyMi42OSA1LjcxMmMuMzkzLS4zOS4zOTMtMS4wMyAwLTEuNDItLjM5My0uMzktMS4wMy0uMzktMS40MjMgMGwtMTEuOTggMTAuOTRjLS4yMS4yMS0uMy40OS0uMjg1Ljc2LS4wMTUuMjguMDc1LjU2LjI4NC43N2wxMS45OCAxMC45NGMuMzkzLjM5IDEuMDMuMzkgMS40MjQgMCAuMzkzLS40LjM5My0xLjAzIDAtMS40MmwtMTEuMjU3LTEwLjI5IiBmaWxsPSIjZmZmZmZmIiBvcGFjaXR5PSIwLjgiIGZpbGwtcnVsZT0iZXZlbm9kZCIvPjwvc3ZnPg==\"><img decoding=\"async\" alt=\"arrow\" src=\"data:image\/svg+xml;base64,PHN2ZyB3aWR0aD0iMzIiIGhlaWdodD0iMzIiIHZpZXdCb3g9IjAgMCAzMiAzMiIgeG1sbnM9Imh0dHA6Ly93d3cudzMub3JnLzIwMDAvc3ZnIj48cGF0aCBkPSJNMTAuNzIyIDQuMjkzYy0uMzk0LS4zOS0xLjAzMi0uMzktMS40MjcgMC0uMzkzLjM5LS4zOTMgMS4wMyAwIDEuNDJsMTEuMjgzIDEwLjI4LTExLjI4MyAxMC4yOWMtLjM5My4zOS0uMzkzIDEuMDIgMCAxLjQyLjM5NS4zOSAxLjAzMy4zOSAxLjQyNyAwbDEyLjAwNy0xMC45NGMuMjEtLjIxLjMtLjQ5LjI4NC0uNzcuMDE0LS4yNy0uMDc2LS41NS0uMjg2LS43NkwxMC43MiA0LjI5M3oiIGZpbGw9IiNmZmZmZmYiIG9wYWNpdHk9IjAuOCIgZmlsbC1ydWxlPSJldmVub2RkIi8+PC9zdmc+\"><br \/>\n<img decoding=\"async\" class=\"nextend-thumbnail-button nextend-thumbnail-previous\" alt=\"\" src=\"data:image\/svg+xml;base64,PHN2ZyB3aWR0aD0iMjYiIGhlaWdodD0iMjYiIHhtbG5zPSJodHRwOi8vd3d3LnczLm9yZy8yMDAwL3N2ZyI+CiAgICA8ZyBmaWxsPSJub25lIiBmaWxsLXJ1bGU9ImV2ZW5vZGQiPgogICAgICAgIDxjaXJjbGUgc3Ryb2tlPSIjZmZmIiBzdHJva2Utd2lkdGg9IjIiIG9wYWNpdHk9Ii41IiBmaWxsPSIjMDAwIiBjeD0iMTMiIGN5PSIxMyIgcj0iMTIiLz4KICAgICAgICA8cGF0aCBkPSJNMTMuNDM1IDkuMTc4Yy0uMTI2LS4xMjEtLjI3LS4xODItLjQzNi0uMTgyLS4xNjQgMC0uMzA2LjA2MS0uNDI4LjE4MmwtNC4zOCA0LjE3NWMtLjEyNi4xMjEtLjE4OC4yNjItLjE4OC40MjQgMCAuMTYxLjA2Mi4zMDIuMTg4LjQyM2wuNjUuNjIyYy4xMjYuMTIxLjI3My4xODIuNDQxLjE4Mi4xNyAwIC4zMTQtLjA2MS40MzYtLjE4MmwzLjMxNC0zLjE2MSAzLjI0OSAzLjE2MWMuMTI2LjEyMS4yNjkuMTgyLjQzMi4xODIuMTY0IDAgLjMwNy0uMDYxLjQzMy0uMTgybC42NjItLjYyMmMuMTI2LS4xMjEuMTg5LS4yNjIuMTg5LS40MjMgMC0uMTYyLS4wNjMtLjMwMy0uMTg5LS40MjRsLTQuMzczLTQuMTc1eiIgZmlsbD0iI2ZmZiIvPgogICAgPC9nPgo8L3N2Zz4=\"><img decoding=\"async\" class=\"nextend-thumbnail-button nextend-thumbnail-next n2-active\" alt=\"\" src=\"data:image\/svg+xml;base64,PHN2ZyB4bWxucz0iaHR0cDovL3d3dy53My5vcmcvMjAwMC9zdmciIHdpZHRoPSIyNiIgaGVpZ2h0PSIyNiI+CiAgICA8ZyBmaWxsPSJub25lIj4KICAgICAgICA8Y2lyY2xlIGN4PSIxMyIgY3k9IjEzIiByPSIxMiIgZmlsbD0iIzAwMCIgc3Ryb2tlPSIjZmZmIiBzdHJva2Utd2lkdGg9IjIiIG9wYWNpdHk9Ii41Ii8+CiAgICAgICAgPHBhdGggZmlsbD0iI2ZmZiIgZD0iTTEyLjU2NSAxNi44MjJjLjEyNi4xMi4yNy4xODIuNDM2LjE4Mi4xNjggMCAuMzEtLjA2LjQzLS4xODJsNC4zOC00LjE3NWMuMTI4LS4xMi4xOS0uMjYyLjE5LS40MjQgMC0uMTYtLjA2Mi0uMzAyLS4xOS0uNDIzbC0uNjUtLjYyMmMtLjEyNS0uMTItLjI3Mi0uMTgyLS40NC0uMTgyLS4xNyAwLS4zMTQuMDYtLjQzNi4xODJsLTMuMzE0IDMuMTYtMy4yNS0zLjE2Yy0uMTI2LS4xMi0uMjctLjE4Mi0uNDMtLjE4Mi0uMTY2IDAtLjMxLjA2LS40MzUuMTgybC0uNjYyLjYyMmMtLjEyNi4xMi0uMTkuMjYyLS4xOS40MjMgMCAuMTYyLjA2NC4zMDMuMTkuNDI0bDQuMzczIDQuMTc1eiIvPgogICAgPC9nPgo8L3N2Zz4=\"><\/p>\n<table>\n<tbody>\n<tr>\n<td><\/td>\n<td><\/td>\n<td><\/td>\n<td><\/td>\n<td><\/td>\n<td><\/td>\n<td><\/td>\n<td><\/td>\n<td><\/td>\n<td><\/td>\n<td><\/td>\n<td><\/td>\n<td><\/td>\n<td><\/td>\n<td><\/td>\n<td><\/td>\n<td><\/td>\n<td><\/td>\n<td><\/td>\n<td><\/td>\n<td><\/td>\n<td><\/td>\n<td><\/td>\n<td><\/td>\n<td><\/td>\n<td><\/td>\n<\/tr>\n<\/tbody>\n<\/table>\n<p><img decoding=\"async\" style=\"width: 100%; max-width: 3000px;\" alt=\"\" src=\"data:image\/svg+xml;base64,PHN2ZyB4bWxucz0iaHR0cDovL3d3dy53My5vcmcvMjAwMC9zdmciIHZlcnNpb249IjEuMCIgd2lkdGg9IjkwMCIgaGVpZ2h0PSI1MDAiID48L3N2Zz4=\"><br \/>\n<!-- Nextend Smart Slider 3 #68 - END --><\/p>\n<p><span style=\"color: rgb(0, 0, 0); font-family: Calibri;\"><strong>O cartaz para a segunda edi\u00e7\u00e3o do palco Vodafone, no Rock in Rio-Lisboa 2016, j\u00e1 foi apresentado. A confer\u00eancia de imprensa aconteceu no cinema S\u00e3o Jorge, na sala Manoel de Oliveira, e contou com a actua\u00e7\u00e3o de duas das bandas que v\u00e3o estar no palco Vodafone. Na apresenta\u00e7\u00e3o estiveram presentes: Roberta Medina, Z\u00e9 Ricardo (director art\u00edstico do Rock in Rio) e Leonor Dias ( respons\u00e1vel pela comunica\u00e7\u00e3o da Vodafone Portugal).<\/strong> <\/span><\/p>\n<h3>&nbsp;<\/h3>\n<p>&#8220;<strong>A Vodafone tem muito orgulho em doze anos de trabalho em equipa. N\u00f3s como patrocinadores gostamos de deixar a nossa marca e a m\u00fasica \u00e9 algo que corre nas nossas veias. A m\u00fasica \u00e9 um territ\u00f3rio de comunica\u00e7\u00e3o para a nossa marca<\/strong>&#8220;, \u00e9 desta forma que a doutora Leonor Dias iniciou a confer\u00eancia de imprensa. Para al\u00e9m de estarem presentes no Rock in Rio, a Vodafone tamb\u00e9m est\u00e1 no Paredes de Coura e no Mexefest. Esta \u00e9 a segunda edi\u00e7\u00e3o do palco Vodafone. As duas marcas est\u00e3o juntas h\u00e1 12 anos.<\/p>\n<p>&nbsp;<\/p>\n<p>&nbsp;<\/p>\n<p>&#8221; <strong>O palco Vodafone \u00e9 uma grande porta. \u00c9 a vez da m\u00fasica alternativa ser para o grande p\u00fablico<\/strong>&#8220;, diz a respons\u00e1vel pela realiza\u00e7\u00e3o do Rock in Rio Lisboa e Madrid. A m\u00fasica alternativa \u00e9 muito variada e pode ir do rock ao psicad\u00e9lico.<\/p>\n<p>&nbsp;<\/p>\n<p>&nbsp;<\/p>\n<p>J\u00e1 Z\u00e9 Ricardo afirma que o trabalho realizado &#8220;<strong>\u00e9 uma responsabilidade e enche o nosso cora\u00e7\u00e3o de felicidade. A m\u00fasica alternativa n\u00e3o \u00e9 s\u00f3 para um nicho. Queremos trazer o foco para a m\u00fasica alternativa<\/strong>&#8220;. O director art\u00edstico espera que o palco Vodafone surpreenda e que as pessoas entendam o conceito. &#8220;<strong>Existe uma ideia por detr\u00e1s da line-up. A maior expectativa \u00e9 chegarmos ao cora\u00e7\u00e3o das pessoas que gostam deste tipo de m\u00fasica<\/strong>&#8220;.<\/p>\n<p>&nbsp;<\/p>\n<p>&nbsp;<\/p>\n<p>Os Black Lips e os Metz s\u00e3o dois dos nomes a ver, a 19 e 27 de Maio, respectivamente, num total de 15 bandas de culto a actuarem neste palco que \u00e9 dedicado \u00e0 m\u00fasica alternativa. &#8220;<strong>A m\u00fasica alternativa est\u00e1 a ganhar cada vez mais for\u00e7a<\/strong>&#8220;, acredita a representante do Rock in Rio em Portugal. J\u00e1 para a representante da Vodafone Portugal:&#8221; <strong>Queremos lan\u00e7ar talento e o palco \u00e9 muito igual ao nosso estilo<\/strong>&#8220;.<\/p>\n<p>&nbsp;<\/p>\n<p>&nbsp;<\/p>\n<p>&#8221; <strong>O Rock in Rio sempre quebrou paradigmas. A Vodafone \u00e9 o parceiro ideal para os provocar<\/strong>&#8220;, diz Z\u00e9 Ricardo. Venha ao festival e seja surpreendido.<\/p>\n<p>&nbsp;<\/p>\n<p>&nbsp;<\/p>\n<p>A banda de Atlanta, Black Lips, \u00e9 conhecida por terem actua\u00e7\u00f5es ao vivo bastante irreverentes. S\u00e3o os representantes do garage rock. Igualmente a 19 de Maio actuam os portugueses Keep Razors Sharp que em 2014 foram eleitos pela revista Blitz como uma aposta nacional a ter em conta.<\/p>\n<p>&nbsp;<\/p>\n<p>&nbsp;<\/p>\n<p>A 20 de Maio actuam os brasileiros Boogarins e os portugueses Sensible Soccers. Em 2014 e depois de lan\u00e7arem o primeiro \u00e1lbum &#8220;8&#8221;, in\u00fameros jornalistas especializados elegeram este trabalho como o melhor disco nacional do ano. Os Boogarins s\u00e3o uma banda do estado de Goi\u00e2nia, um aut\u00eantico celeiro para a m\u00fasica brasileira. Esta banda \u00e9 a representa\u00e7\u00e3o sul-americana neste palco e s\u00e3o os &#8220;herdeiros&#8221; do tropicalismo iniciado pelos Mutantes.<\/p>\n<p>&nbsp;<\/p>\n<p>&nbsp;<\/p>\n<p>&#8221; <strong>O grupo de artistas que temos representa muito a m\u00fasica alternativa em todo o mundo. Faz com que saiamos daqui muito mais ricos enquanto pessoas. Conhecemos coisas novas, compreendemos coisas novas. \u00c9 isto que queremos mostrar ao p\u00fablico do Rock in R<\/strong>io&#8221;, disse Roberta Medina. Mas o festival n\u00e3o \u00e9 s\u00f3 m\u00fasica mainstream ou alternativa. A old music pode ser ouvida no palco ra\u00edzes.<\/p>\n<p>&nbsp;<\/p>\n<p>&nbsp;<\/p>\n<p>A 27 de Maio, no mesmo dia em que tocam os Metz(do Canad\u00e1), atua a banda que passou pela primeira vez na emiss\u00e3o da Vodafone FM ( em 2011). Eles s\u00e3o os Glockenwise e o single chamava-se &#8220;Scumbag&#8221;. \u00c9 um dia dedicado ao rock visceral, um aut\u00eantico soco no est\u00f4mago. Este \u00e9 o mesmo dia em que os Hollywood Vampires atuam no palco principal.<\/p>\n<p>&nbsp;<\/p>\n<p>&nbsp;<\/p>\n<p>Pelo segundo ano consecutivo, que a Vodafone trata da curadoria de um dos palcos daquele que \u00e9 apelidado como o maior festival de m\u00fasica e entretenimento do mundo. Na edi\u00e7\u00e3o anterior passaram por este palco os Linda Martini, cada vez mais reconhecidos pelo p\u00fablico. J\u00e1 este ano, os Capit\u00e3o Fausto e o B-Fachada, dois exemplos de vitalidade no panorama musical portugu\u00eas, v\u00e3o ser dois dos representantes nacionais ( mas n\u00e3o os \u00fanicos) a animarem os finais de tarde\/princ\u00edpios de noite na cidade do rock.<\/p>\n<p>&nbsp;<\/p>\n<p>&nbsp;<\/p>\n<p>Mas quais s\u00e3o as principais diferen\u00e7as deste palco de um ano para o outro? &#8220;<strong>A proposta \u00e9 um pouco diferente. Cada hist\u00f3ria \u00e9 uma hist\u00f3ria<\/strong>&#8220;, responde Z\u00e9 Ricardo enquanto Roberta Medina afirmou &#8220;<strong>o sunset tem sido a oportunidade de trazer o habitual mas com apresenta\u00e7\u00f5es diferentes<\/strong>&#8220;.<\/p>\n<p>&nbsp;<\/p>\n<p>&nbsp;<\/p>\n<p>Os Capit\u00e3o Fausto atuam no dia 28 de Maio. A banda \u00e9 considerada pela critica como uma das mais fortes promessas da m\u00fasica nacional e j\u00e1 receberam rasgados elogios de nomes como: Z\u00e9 Pedro, Adolfo Lux\u00faria Canibal e Rui Reininho. A banda apresenta um novo cd na actua\u00e7\u00e3o no festival. Os americanos Real State tocam surf pop e utilizam vozes e guitarras onduladas. A banda veio muito pouco a Portugal.<\/p>\n<p>&nbsp;<\/p>\n<p>&nbsp;<\/p>\n<p>A 29 de Maio, o \u00faltimo dia, atuam as espanholas Hinds que tocam garage rock. Esta banda de quatro raparigas t\u00eam uma carreia curta, lan\u00e7aram um cd em janeiro, mas j\u00e1 foram ouvidas pelos Black Keys. Nos pr\u00f3ximos meses v\u00e3o andar com os Black Lips em digress\u00e3o. A representa\u00e7\u00e3o portuguesa fica a cargo do canto-autor B-Fachada. O m\u00fasico \u00e9 dos mais produtivos a n\u00edvel nacional. J\u00e1 lan\u00e7ou, desde 2007, mais de dez discos. A viola braguesa \u00e9 uma das suas imagens de marca. B- Fachada atuou na confer\u00eancia de imprensa onde homenageou Zeca Afonso. Para Z\u00e9 Ricardo, B-Fachada &#8220;<strong>\u00e9 um artista singular devido \u00e0 sua ousadia, apresenta\u00e7\u00e3o e poesia nas letras. \u00c9 um dos melhores<\/strong>&#8220;.<\/p>\n<p>&nbsp;<\/p>\n<p>&nbsp;<\/p>\n<p>Este palco serve para dar visibilidade a promessas da m\u00fasica nacional e internacional que, muitas vezes, n\u00e3o s\u00e3o conhecidas pelo grande p\u00fablico. \u00c9 um palco promotor de novas tend\u00eancias. &#8220;<strong>Estamos a dar novos palcos para a m\u00fasica indie<\/strong>&#8220;, afirma Leonor Dias. J\u00e1 para Z\u00e9 Ricardo, este cartaz demonstra que a m\u00fasica alternativa est\u00e1 em ebuli\u00e7\u00e3o e n\u00e3o acontece apenas nos Estados Unidos ou em Inglaterra.<\/p>\n<p>&nbsp;<\/p>\n<p>&nbsp;<\/p>\n<p>Uma das novidades para este ano \u00e9 a cria\u00e7\u00e3o do Vodafone Wild Card que serve para apostar em jovens promessas portuguesas. Este wild card foi criado em parceria com a Vodafone FM. Os nomes dos cinco artistas que v\u00e3o ser agraciados com este &#8220;pr\u00e9mio&#8221; ser\u00e3o anunciados, brevemente, em antena. &#8221; <strong>Em cada um dos cinco dias temos uma cabe\u00e7a-de-cartaz internacional, uma nacional e um wildcard para bandas portuguesas do qual muito nos orgulhamos<\/strong>&#8220;, disse Leonor&#8230;<\/p>\n<p>&nbsp;<\/p>\n<p>&nbsp;<\/p>\n<p>A Vodafone Portugal \u00e9 o patrocinador oficial do Rock in Rio-Lisboa 2016. &#8220;<strong>As duas marcas est\u00e3o muito bem uma para a outra pois s\u00e3o duas marcas internacionais<\/strong>&#8220;, afirma a representante da Vodafone nacional. O festival atrai centenas de milhares de pessoas para Lisboa para ouvirem o melhor da m\u00fasica mundial.<\/p>\n<p>&nbsp;<\/p>\n<p>&nbsp;<\/p>\n<p>A s\u00e9tima edi\u00e7\u00e3o do Rock in Rio-Lisboa realiza-se no Parque da Bela Vista nos dias 19,20,27,28 e 29 de Maio. Ao longo destes dias os portugueses v\u00e3o poder assistir a grandes concertos e ao espect\u00e1culo &#8220;Rock in Rio-O Musical&#8221;, que j\u00e1 passou pelos teatros do Rio de Janeiro e S\u00e3o Paulo.<\/p>\n<p>&nbsp;<\/p>\n<p>&nbsp;<\/p>\n<p>O espect\u00e1culo vai transportar os fans numa viagem que passa pelo Brasil, Portugal, Espanha e Estados Unidos. S\u00e3o trinta anos de muita m\u00fasica. Para Roberta Medina, s\u00e3o &#8220;<strong>30 anos de uma mistura musical. Queremos misturar estilos de m\u00fasica e de pessoas. Temos uma riqueza cultural pois aprendemos a olhar para tudo. N\u00e3o fica nosso nem deles. Fica um novo olhar. O Rock in Rio reflecte um pouco do mundo<\/strong>&#8220;.<\/p>\n<p>&nbsp;<\/p>\n<p>&nbsp;<\/p>\n<p>E ainda deixa um convite para todos irem ao festival. &#8220;<strong>Espero que todos venham para a cidade do rock pois v\u00e3o ser dias de muita alegria, muita divers\u00e3o e com muita m\u00fasica boa<\/strong>&#8220;. Os bilhetes j\u00e1 est\u00e3o \u00e0 venda.<\/p>\n","protected":false},"excerpt":{"rendered":"<p>O cartaz para a segunda edi\u00e7\u00e3o do palco Vodafone, no Rock in Rio-Lisboa 2016, j\u00e1 foi apresentado. A confer\u00eancia de imprensa aconteceu no cinema S\u00e3o Jorge, na sala Manoel de Oliveira, e contou com a actua\u00e7\u00e3o de duas das bandas que v\u00e3o estar no palco Vodafone. Na apresenta\u00e7\u00e3o estiveram presentes: Roberta Medina, Z\u00e9 Ricardo (director [&hellip;]<\/p>\n","protected":false},"author":13,"featured_media":3646,"comment_status":"open","ping_status":"closed","sticky":false,"template":"","format":"standard","meta":{"footnotes":""},"categories":[3,2],"tags":[428,739],"class_list":["post-3638","post","type-post","status-publish","format-standard","has-post-thumbnail","hentry","category-concertos","category-cultura","tag-rock-in-rio","tag-vodafone"],"yoast_head":"<!-- This site is optimized with the Yoast SEO plugin v27.4 - https:\/\/yoast.com\/product\/yoast-seo-wordpress\/ -->\n<title>Apresentado o cartaz do Palco Vodafone no Rock in Rio | Infocul.pt - Arquivo Digital<\/title>\n<meta name=\"description\" content=\"Apresentado o cartaz do Palco Vodafone no Rock in Rio | Infocul.pt - Arquivo Digital\" \/>\n<meta name=\"robots\" content=\"noindex, follow, max-snippet:-1, max-image-preview:large, max-video-preview:-1\" \/>\n<meta property=\"og:locale\" content=\"pt_PT\" \/>\n<meta property=\"og:type\" content=\"article\" \/>\n<meta property=\"og:title\" content=\"Apresentado o cartaz do Palco Vodafone no Rock in Rio | Infocul.pt - Arquivo Digital\" \/>\n<meta property=\"og:description\" content=\"Apresentado o cartaz do Palco Vodafone no Rock in Rio | Infocul.pt - Arquivo Digital\" \/>\n<meta property=\"og:url\" content=\"https:\/\/infocul.pt\/arquivo\/cultura\/3638apresentado-o-cartaz-do-palco-vodafone-no-rock-in-rio\/\" \/>\n<meta property=\"og:site_name\" content=\"Infocul.pt - Arquivo Digital\" \/>\n<meta property=\"article:publisher\" content=\"https:\/\/www.facebook.com\/Infocul-147816815585015\/\" \/>\n<meta property=\"article:published_time\" content=\"2016-03-01T22:28:48+00:00\" \/>\n<meta property=\"article:modified_time\" content=\"2016-03-01T23:53:25+00:00\" \/>\n<meta property=\"og:image\" content=\"https:\/\/infocul.pt\/arquivo\/wp-content\/uploads\/2016\/03\/Todos-os-intervenientes.jpg\" \/>\n\t<meta property=\"og:image:width\" content=\"600\" \/>\n\t<meta property=\"og:image:height\" content=\"400\" \/>\n\t<meta property=\"og:image:type\" content=\"image\/jpeg\" \/>\n<meta name=\"author\" content=\"Redac\u00e7\u00e3o\" \/>\n<meta name=\"twitter:card\" content=\"summary_large_image\" \/>\n<meta name=\"twitter:creator\" content=\"@Infoculpt\" \/>\n<meta name=\"twitter:site\" content=\"@Infoculpt\" \/>\n<meta name=\"twitter:label1\" content=\"Escrito por\" \/>\n\t<meta name=\"twitter:data1\" content=\"Redac\u00e7\u00e3o\" \/>\n\t<meta name=\"twitter:label2\" content=\"Tempo estimado de leitura\" \/>\n\t<meta name=\"twitter:data2\" content=\"7 minutos\" \/>\n<script type=\"application\/ld+json\" class=\"yoast-schema-graph\">{\"@context\":\"https:\\\/\\\/schema.org\",\"@graph\":[{\"@type\":\"Article\",\"@id\":\"https:\\\/\\\/infocul.pt\\\/arquivo\\\/cultura\\\/3638apresentado-o-cartaz-do-palco-vodafone-no-rock-in-rio\\\/#article\",\"isPartOf\":{\"@id\":\"https:\\\/\\\/infocul.pt\\\/arquivo\\\/cultura\\\/3638apresentado-o-cartaz-do-palco-vodafone-no-rock-in-rio\\\/\"},\"author\":{\"name\":\"Redac\u00e7\u00e3o\",\"@id\":\"https:\\\/\\\/infocul.pt\\\/arquivo\\\/#\\\/schema\\\/person\\\/f243f45ae8d67639120a7586884f3abc\"},\"headline\":\"Apresentado o cartaz do Palco Vodafone no Rock in Rio\",\"datePublished\":\"2016-03-01T22:28:48+00:00\",\"dateModified\":\"2016-03-01T23:53:25+00:00\",\"mainEntityOfPage\":{\"@id\":\"https:\\\/\\\/infocul.pt\\\/arquivo\\\/cultura\\\/3638apresentado-o-cartaz-do-palco-vodafone-no-rock-in-rio\\\/\"},\"wordCount\":1395,\"commentCount\":0,\"publisher\":{\"@id\":\"https:\\\/\\\/infocul.pt\\\/arquivo\\\/#organization\"},\"image\":{\"@id\":\"https:\\\/\\\/infocul.pt\\\/arquivo\\\/cultura\\\/3638apresentado-o-cartaz-do-palco-vodafone-no-rock-in-rio\\\/#primaryimage\"},\"thumbnailUrl\":\"https:\\\/\\\/infocul.pt\\\/arquivo\\\/wp-content\\\/uploads\\\/2016\\\/03\\\/Todos-os-intervenientes.jpg\",\"keywords\":[\"Rock in Rio\",\"Vodafone\"],\"articleSection\":[\"Concertos\",\"Cultura\"],\"inLanguage\":\"pt-PT\"},{\"@type\":\"WebPage\",\"@id\":\"https:\\\/\\\/infocul.pt\\\/arquivo\\\/cultura\\\/3638apresentado-o-cartaz-do-palco-vodafone-no-rock-in-rio\\\/\",\"url\":\"https:\\\/\\\/infocul.pt\\\/arquivo\\\/cultura\\\/3638apresentado-o-cartaz-do-palco-vodafone-no-rock-in-rio\\\/\",\"name\":\"Apresentado o cartaz do Palco Vodafone no Rock in Rio | Infocul.pt - Arquivo Digital\",\"isPartOf\":{\"@id\":\"https:\\\/\\\/infocul.pt\\\/arquivo\\\/#website\"},\"primaryImageOfPage\":{\"@id\":\"https:\\\/\\\/infocul.pt\\\/arquivo\\\/cultura\\\/3638apresentado-o-cartaz-do-palco-vodafone-no-rock-in-rio\\\/#primaryimage\"},\"image\":{\"@id\":\"https:\\\/\\\/infocul.pt\\\/arquivo\\\/cultura\\\/3638apresentado-o-cartaz-do-palco-vodafone-no-rock-in-rio\\\/#primaryimage\"},\"thumbnailUrl\":\"https:\\\/\\\/infocul.pt\\\/arquivo\\\/wp-content\\\/uploads\\\/2016\\\/03\\\/Todos-os-intervenientes.jpg\",\"datePublished\":\"2016-03-01T22:28:48+00:00\",\"dateModified\":\"2016-03-01T23:53:25+00:00\",\"description\":\"Apresentado o cartaz do Palco Vodafone no Rock in Rio | Infocul.pt - Arquivo Digital\",\"breadcrumb\":{\"@id\":\"https:\\\/\\\/infocul.pt\\\/arquivo\\\/cultura\\\/3638apresentado-o-cartaz-do-palco-vodafone-no-rock-in-rio\\\/#breadcrumb\"},\"inLanguage\":\"pt-PT\",\"potentialAction\":[{\"@type\":\"ReadAction\",\"target\":[\"https:\\\/\\\/infocul.pt\\\/arquivo\\\/cultura\\\/3638apresentado-o-cartaz-do-palco-vodafone-no-rock-in-rio\\\/\"]}]},{\"@type\":\"ImageObject\",\"inLanguage\":\"pt-PT\",\"@id\":\"https:\\\/\\\/infocul.pt\\\/arquivo\\\/cultura\\\/3638apresentado-o-cartaz-do-palco-vodafone-no-rock-in-rio\\\/#primaryimage\",\"url\":\"https:\\\/\\\/infocul.pt\\\/arquivo\\\/wp-content\\\/uploads\\\/2016\\\/03\\\/Todos-os-intervenientes.jpg\",\"contentUrl\":\"https:\\\/\\\/infocul.pt\\\/arquivo\\\/wp-content\\\/uploads\\\/2016\\\/03\\\/Todos-os-intervenientes.jpg\",\"width\":600,\"height\":400},{\"@type\":\"BreadcrumbList\",\"@id\":\"https:\\\/\\\/infocul.pt\\\/arquivo\\\/cultura\\\/3638apresentado-o-cartaz-do-palco-vodafone-no-rock-in-rio\\\/#breadcrumb\",\"itemListElement\":[{\"@type\":\"ListItem\",\"position\":1,\"name\":\"Home\",\"item\":\"https:\\\/\\\/infocul.pt\\\/arquivo\\\/\"},{\"@type\":\"ListItem\",\"position\":2,\"name\":\"Apresentado o cartaz do Palco Vodafone no Rock in Rio\"}]},{\"@type\":\"WebSite\",\"@id\":\"https:\\\/\\\/infocul.pt\\\/arquivo\\\/#website\",\"url\":\"https:\\\/\\\/infocul.pt\\\/arquivo\\\/\",\"name\":\"Infocul.pt - Arquivo Digital\",\"description\":\"Arquivo digital da Infocul.pt\",\"publisher\":{\"@id\":\"https:\\\/\\\/infocul.pt\\\/arquivo\\\/#organization\"},\"potentialAction\":[{\"@type\":\"SearchAction\",\"target\":{\"@type\":\"EntryPoint\",\"urlTemplate\":\"https:\\\/\\\/infocul.pt\\\/arquivo\\\/?s={search_term_string}\"},\"query-input\":{\"@type\":\"PropertyValueSpecification\",\"valueRequired\":true,\"valueName\":\"search_term_string\"}}],\"inLanguage\":\"pt-PT\"},{\"@type\":\"Organization\",\"@id\":\"https:\\\/\\\/infocul.pt\\\/arquivo\\\/#organization\",\"name\":\"Infocul.pt\",\"url\":\"https:\\\/\\\/infocul.pt\\\/arquivo\\\/\",\"logo\":{\"@type\":\"ImageObject\",\"inLanguage\":\"pt-PT\",\"@id\":\"https:\\\/\\\/infocul.pt\\\/arquivo\\\/#\\\/schema\\\/logo\\\/image\\\/\",\"url\":\"https:\\\/\\\/infocul.pt\\\/arquivo\\\/wp-content\\\/uploads\\\/2018\\\/12\\\/Infocul_logo-1.png\",\"contentUrl\":\"https:\\\/\\\/infocul.pt\\\/arquivo\\\/wp-content\\\/uploads\\\/2018\\\/12\\\/Infocul_logo-1.png\",\"width\":800,\"height\":800,\"caption\":\"Infocul.pt\"},\"image\":{\"@id\":\"https:\\\/\\\/infocul.pt\\\/arquivo\\\/#\\\/schema\\\/logo\\\/image\\\/\"},\"sameAs\":[\"https:\\\/\\\/www.facebook.com\\\/Infocul-147816815585015\\\/\",\"https:\\\/\\\/x.com\\\/Infoculpt\",\"http:\\\/\\\/www.pictaram.com\\\/user\\\/infocul.pt\\\/2370423710\",\"https:\\\/\\\/www.youtube.com\\\/channel\\\/UCYEB91AGI9FL9ek2i_IaQAA\"]},{\"@type\":\"Person\",\"@id\":\"https:\\\/\\\/infocul.pt\\\/arquivo\\\/#\\\/schema\\\/person\\\/f243f45ae8d67639120a7586884f3abc\",\"name\":\"Redac\u00e7\u00e3o\",\"image\":{\"@type\":\"ImageObject\",\"inLanguage\":\"pt-PT\",\"@id\":\"https:\\\/\\\/secure.gravatar.com\\\/avatar\\\/151b1b76c598ab5e749407223bd6c1bad4e41c4e95de3c3df83540ebee2deaf8?s=96&d=mm&r=g\",\"url\":\"https:\\\/\\\/secure.gravatar.com\\\/avatar\\\/151b1b76c598ab5e749407223bd6c1bad4e41c4e95de3c3df83540ebee2deaf8?s=96&d=mm&r=g\",\"contentUrl\":\"https:\\\/\\\/secure.gravatar.com\\\/avatar\\\/151b1b76c598ab5e749407223bd6c1bad4e41c4e95de3c3df83540ebee2deaf8?s=96&d=mm&r=g\",\"caption\":\"Redac\u00e7\u00e3o\"}}]}<\/script>\n<!-- \/ Yoast SEO plugin. -->","yoast_head_json":{"title":"Apresentado o cartaz do Palco Vodafone no Rock in Rio | Infocul.pt - Arquivo Digital","description":"Apresentado o cartaz do Palco Vodafone no Rock in Rio | Infocul.pt - Arquivo Digital","robots":{"index":"noindex","follow":"follow","max-snippet":"max-snippet:-1","max-image-preview":"max-image-preview:large","max-video-preview":"max-video-preview:-1"},"og_locale":"pt_PT","og_type":"article","og_title":"Apresentado o cartaz do Palco Vodafone no Rock in Rio | Infocul.pt - Arquivo Digital","og_description":"Apresentado o cartaz do Palco Vodafone no Rock in Rio | Infocul.pt - Arquivo Digital","og_url":"https:\/\/infocul.pt\/arquivo\/cultura\/3638apresentado-o-cartaz-do-palco-vodafone-no-rock-in-rio\/","og_site_name":"Infocul.pt - Arquivo Digital","article_publisher":"https:\/\/www.facebook.com\/Infocul-147816815585015\/","article_published_time":"2016-03-01T22:28:48+00:00","article_modified_time":"2016-03-01T23:53:25+00:00","og_image":[{"width":600,"height":400,"url":"https:\/\/infocul.pt\/arquivo\/wp-content\/uploads\/2016\/03\/Todos-os-intervenientes.jpg","type":"image\/jpeg"}],"author":"Redac\u00e7\u00e3o","twitter_card":"summary_large_image","twitter_creator":"@Infoculpt","twitter_site":"@Infoculpt","twitter_misc":{"Escrito por":"Redac\u00e7\u00e3o","Tempo estimado de leitura":"7 minutos"},"schema":{"@context":"https:\/\/schema.org","@graph":[{"@type":"Article","@id":"https:\/\/infocul.pt\/arquivo\/cultura\/3638apresentado-o-cartaz-do-palco-vodafone-no-rock-in-rio\/#article","isPartOf":{"@id":"https:\/\/infocul.pt\/arquivo\/cultura\/3638apresentado-o-cartaz-do-palco-vodafone-no-rock-in-rio\/"},"author":{"name":"Redac\u00e7\u00e3o","@id":"https:\/\/infocul.pt\/arquivo\/#\/schema\/person\/f243f45ae8d67639120a7586884f3abc"},"headline":"Apresentado o cartaz do Palco Vodafone no Rock in Rio","datePublished":"2016-03-01T22:28:48+00:00","dateModified":"2016-03-01T23:53:25+00:00","mainEntityOfPage":{"@id":"https:\/\/infocul.pt\/arquivo\/cultura\/3638apresentado-o-cartaz-do-palco-vodafone-no-rock-in-rio\/"},"wordCount":1395,"commentCount":0,"publisher":{"@id":"https:\/\/infocul.pt\/arquivo\/#organization"},"image":{"@id":"https:\/\/infocul.pt\/arquivo\/cultura\/3638apresentado-o-cartaz-do-palco-vodafone-no-rock-in-rio\/#primaryimage"},"thumbnailUrl":"https:\/\/infocul.pt\/arquivo\/wp-content\/uploads\/2016\/03\/Todos-os-intervenientes.jpg","keywords":["Rock in Rio","Vodafone"],"articleSection":["Concertos","Cultura"],"inLanguage":"pt-PT"},{"@type":"WebPage","@id":"https:\/\/infocul.pt\/arquivo\/cultura\/3638apresentado-o-cartaz-do-palco-vodafone-no-rock-in-rio\/","url":"https:\/\/infocul.pt\/arquivo\/cultura\/3638apresentado-o-cartaz-do-palco-vodafone-no-rock-in-rio\/","name":"Apresentado o cartaz do Palco Vodafone no Rock in Rio | Infocul.pt - Arquivo Digital","isPartOf":{"@id":"https:\/\/infocul.pt\/arquivo\/#website"},"primaryImageOfPage":{"@id":"https:\/\/infocul.pt\/arquivo\/cultura\/3638apresentado-o-cartaz-do-palco-vodafone-no-rock-in-rio\/#primaryimage"},"image":{"@id":"https:\/\/infocul.pt\/arquivo\/cultura\/3638apresentado-o-cartaz-do-palco-vodafone-no-rock-in-rio\/#primaryimage"},"thumbnailUrl":"https:\/\/infocul.pt\/arquivo\/wp-content\/uploads\/2016\/03\/Todos-os-intervenientes.jpg","datePublished":"2016-03-01T22:28:48+00:00","dateModified":"2016-03-01T23:53:25+00:00","description":"Apresentado o cartaz do Palco Vodafone no Rock in Rio | Infocul.pt - Arquivo Digital","breadcrumb":{"@id":"https:\/\/infocul.pt\/arquivo\/cultura\/3638apresentado-o-cartaz-do-palco-vodafone-no-rock-in-rio\/#breadcrumb"},"inLanguage":"pt-PT","potentialAction":[{"@type":"ReadAction","target":["https:\/\/infocul.pt\/arquivo\/cultura\/3638apresentado-o-cartaz-do-palco-vodafone-no-rock-in-rio\/"]}]},{"@type":"ImageObject","inLanguage":"pt-PT","@id":"https:\/\/infocul.pt\/arquivo\/cultura\/3638apresentado-o-cartaz-do-palco-vodafone-no-rock-in-rio\/#primaryimage","url":"https:\/\/infocul.pt\/arquivo\/wp-content\/uploads\/2016\/03\/Todos-os-intervenientes.jpg","contentUrl":"https:\/\/infocul.pt\/arquivo\/wp-content\/uploads\/2016\/03\/Todos-os-intervenientes.jpg","width":600,"height":400},{"@type":"BreadcrumbList","@id":"https:\/\/infocul.pt\/arquivo\/cultura\/3638apresentado-o-cartaz-do-palco-vodafone-no-rock-in-rio\/#breadcrumb","itemListElement":[{"@type":"ListItem","position":1,"name":"Home","item":"https:\/\/infocul.pt\/arquivo\/"},{"@type":"ListItem","position":2,"name":"Apresentado o cartaz do Palco Vodafone no Rock in Rio"}]},{"@type":"WebSite","@id":"https:\/\/infocul.pt\/arquivo\/#website","url":"https:\/\/infocul.pt\/arquivo\/","name":"Infocul.pt - Arquivo Digital","description":"Arquivo digital da Infocul.pt","publisher":{"@id":"https:\/\/infocul.pt\/arquivo\/#organization"},"potentialAction":[{"@type":"SearchAction","target":{"@type":"EntryPoint","urlTemplate":"https:\/\/infocul.pt\/arquivo\/?s={search_term_string}"},"query-input":{"@type":"PropertyValueSpecification","valueRequired":true,"valueName":"search_term_string"}}],"inLanguage":"pt-PT"},{"@type":"Organization","@id":"https:\/\/infocul.pt\/arquivo\/#organization","name":"Infocul.pt","url":"https:\/\/infocul.pt\/arquivo\/","logo":{"@type":"ImageObject","inLanguage":"pt-PT","@id":"https:\/\/infocul.pt\/arquivo\/#\/schema\/logo\/image\/","url":"https:\/\/infocul.pt\/arquivo\/wp-content\/uploads\/2018\/12\/Infocul_logo-1.png","contentUrl":"https:\/\/infocul.pt\/arquivo\/wp-content\/uploads\/2018\/12\/Infocul_logo-1.png","width":800,"height":800,"caption":"Infocul.pt"},"image":{"@id":"https:\/\/infocul.pt\/arquivo\/#\/schema\/logo\/image\/"},"sameAs":["https:\/\/www.facebook.com\/Infocul-147816815585015\/","https:\/\/x.com\/Infoculpt","http:\/\/www.pictaram.com\/user\/infocul.pt\/2370423710","https:\/\/www.youtube.com\/channel\/UCYEB91AGI9FL9ek2i_IaQAA"]},{"@type":"Person","@id":"https:\/\/infocul.pt\/arquivo\/#\/schema\/person\/f243f45ae8d67639120a7586884f3abc","name":"Redac\u00e7\u00e3o","image":{"@type":"ImageObject","inLanguage":"pt-PT","@id":"https:\/\/secure.gravatar.com\/avatar\/151b1b76c598ab5e749407223bd6c1bad4e41c4e95de3c3df83540ebee2deaf8?s=96&d=mm&r=g","url":"https:\/\/secure.gravatar.com\/avatar\/151b1b76c598ab5e749407223bd6c1bad4e41c4e95de3c3df83540ebee2deaf8?s=96&d=mm&r=g","contentUrl":"https:\/\/secure.gravatar.com\/avatar\/151b1b76c598ab5e749407223bd6c1bad4e41c4e95de3c3df83540ebee2deaf8?s=96&d=mm&r=g","caption":"Redac\u00e7\u00e3o"}}]}},"_links":{"self":[{"href":"https:\/\/infocul.pt\/arquivo\/wp-json\/wp\/v2\/posts\/3638","targetHints":{"allow":["GET"]}}],"collection":[{"href":"https:\/\/infocul.pt\/arquivo\/wp-json\/wp\/v2\/posts"}],"about":[{"href":"https:\/\/infocul.pt\/arquivo\/wp-json\/wp\/v2\/types\/post"}],"author":[{"embeddable":true,"href":"https:\/\/infocul.pt\/arquivo\/wp-json\/wp\/v2\/users\/13"}],"replies":[{"embeddable":true,"href":"https:\/\/infocul.pt\/arquivo\/wp-json\/wp\/v2\/comments?post=3638"}],"version-history":[{"count":0,"href":"https:\/\/infocul.pt\/arquivo\/wp-json\/wp\/v2\/posts\/3638\/revisions"}],"wp:featuredmedia":[{"embeddable":true,"href":"https:\/\/infocul.pt\/arquivo\/wp-json\/wp\/v2\/media\/3646"}],"wp:attachment":[{"href":"https:\/\/infocul.pt\/arquivo\/wp-json\/wp\/v2\/media?parent=3638"}],"wp:term":[{"taxonomy":"category","embeddable":true,"href":"https:\/\/infocul.pt\/arquivo\/wp-json\/wp\/v2\/categories?post=3638"},{"taxonomy":"post_tag","embeddable":true,"href":"https:\/\/infocul.pt\/arquivo\/wp-json\/wp\/v2\/tags?post=3638"}],"curies":[{"name":"wp","href":"https:\/\/api.w.org\/{rel}","templated":true}]}}