{"id":4460,"date":"2016-03-18T08:24:04","date_gmt":"2016-03-18T08:24:04","guid":{"rendered":"http:\/\/infocul.pt\/?p=4460"},"modified":"2016-03-22T20:55:59","modified_gmt":"2016-03-22T20:55:59","slug":"conheca-a-rainha-das-flores-a-nova-novela-da-sic","status":"publish","type":"post","link":"https:\/\/infocul.pt\/arquivo\/actualidade\/conheca-a-rainha-das-flores-a-nova-novela-da-sic\/","title":{"rendered":"Conhe\u00e7a a &#8220;Rainha das Flores&#8221;: A nova novela da SIC"},"content":{"rendered":"<p>\t<img decoding=\"async\" width=\"600\" height=\"400\" class=\"so-widget-image lazyload\" style=\"--smush-placeholder-width: 600px; --smush-placeholder-aspect-ratio: 600\/400;height: auto; display: block; max-width: 100%;\" data-src=\"http:\/\/infocul.pt\/wp-content\/uploads\/2016\/03\/Rainha-das-Flores-01.jpg\" src=\"data:image\/svg+xml;base64,PHN2ZyB3aWR0aD0iMSIgaGVpZ2h0PSIxIiB4bWxucz0iaHR0cDovL3d3dy53My5vcmcvMjAwMC9zdmciPjwvc3ZnPg==\"><\/p>\n<p><span style=\"color: rgb(0, 0, 0); font-family: Calibri;\"><strong>\u201cRainha das Flores\u201d \u00e9 o nome da trama que brevemente ir\u00e1 estrear na antena da SIC para substituir \u201cPoderosas\u201d.<\/strong> <\/span><\/p>\n<h3>&nbsp;<\/h3>\n<p>O nome desta novela foi o mesmo que o autor apresentou na sinopse e a SIC aprovou. &#8220;<strong>Estou muito contente com este projecto, estou muito contente com o texto. Acho que temos um texto muito bom. \u00c9 a minha convic\u00e7\u00e3o que a segunda linha vai subir bastante. As pessoas v\u00e3o ficar apaixonadas pela hist\u00f3ria. Gosto muito da hist\u00f3ria e do pano de fundo da novela. Confesso que estou f\u00e3 desta coisa das flores<\/strong>&#8220;, confessa Gabriela Sobral. A novela de Alexandre Castro tem a sua estreia prevista para Maio e conta com a direc\u00e7\u00e3o de Patr\u00edcia Sequeira.<\/p>\n<p>&nbsp;<\/p>\n<p>&nbsp;<\/p>\n<p>A apresenta\u00e7\u00e3o da novela decorreu na Estufa Real, entre flores e pav\u00f5es. O cen\u00e1rio ideal para uma hist\u00f3ria que vai abordar temas como a mente, a produ\u00e7\u00e3o de flores ou a religi\u00e3o. O autor admitiu que enquanto escrevia perguntava-se sobre o que faria se acordasse sem conhecer a mulher ou o filho. A religi\u00e3o \u00e9 outro tema forte. O autor confessa-se ateu mas concorda com a nova forma da religi\u00e3o que o Papa Francisco tem vindo a apresentar.<\/p>\n<p>&nbsp;<\/p>\n<p>&nbsp;<\/p>\n<p>Nesta apresenta\u00e7\u00e3o estiveram presentes o autor; elenco e a direc\u00e7\u00e3o do canal de Carnaxide e da SP Produ\u00e7\u00f5es, nas pessoas de Gabriela Sobral, J\u00falia Pinheiro ou Jorge Marecos. Durante a apresenta\u00e7\u00e3o foi apresentado um pequeno v\u00eddeo com os testes de imagens de cada uma das personagens. &#8220;<strong>Temos muita f\u00e9 neste projecto<\/strong>&#8220;, conta Jorge Marecos.<\/p>\n<p>&nbsp;<\/p>\n<p>&nbsp;<\/p>\n<p>&#8220;<strong>A SIC exporta bastante fic\u00e7\u00e3o e produtos vencedores. J\u00e1 o foi com Mar Salgado, est\u00e1 a ser com Cora\u00e7\u00e3o de Ouro e esperemos que seja o mesmo com esta novela. Mas primeiro queremos vencer em Portugal<\/strong>&#8220;, garante Gabriela Sobral. &#8220;<strong>O nosso projecto art\u00edstico em termos de fic\u00e7\u00e3o \u00e9 muito bom. Temos um projecto art\u00edstico acima da m\u00e9dia, de excel\u00eancia na nossa fic\u00e7\u00e3o<\/strong>&#8220;, conclui. Depois da morte de Nicolau Breyner, Gabriela Sobral n\u00e3o podia deixar de relembrar o amigo e &#8220;pai&#8221; da fic\u00e7\u00e3o em Portugal:&#8221;<strong> era uma pessoa que fazia todo o sentido nesta vida, neste meio art\u00edstico. No meio das pessoas onde ele vivia e se relacionava. N\u00f3s estamos sempre a dizer que n\u00e3o existem insubstitu\u00edveis mas para mim o Nicolau \u00e9 uma pessoa insubstitu\u00edvel. N\u00e3o h\u00e1 ningu\u00e9m como ele. O que recordo dele \u00e9 uma alegria de viver contagiante<\/strong>&#8220;.<\/p>\n<p>&nbsp;<\/p>\n<p>&nbsp;<\/p>\n<p>Os actores encontram-se a trabalhar desde 7 de Mar\u00e7o e j\u00e1 realizaram os comuns testes de imagem. A trama vai ter grava\u00e7\u00f5es em Tomar , Holanda, Madeira e Lisboa. Em Tomar e arredores, onde vai-se desenrolar parte da hist\u00f3ria, est\u00e3o a ser recrutados figurantes para a recrea\u00e7\u00e3o do 13 de Maio. Nesta hist\u00f3ria o arranque vai acontecer com uma peregrina\u00e7\u00e3o a F\u00e1tima, algo bem t\u00edpico. &#8220;<strong>J\u00e1 tinha lido v\u00e1rias hist\u00f3rias de acidentes em peregrina\u00e7\u00f5es. Houve um acidente muito grave em Abril do ano passado em que morreram muitas pessoas e eu fiquei muito tocado com essa hist\u00f3ria. Esse era apenas o gatilho pois ela podia ter perdido a mem\u00f3ria depois de ter ca\u00eddo de um pr\u00e9dio<\/strong>&#8220;, conta Alexandre Castro.<\/p>\n<p>&nbsp;<\/p>\n<p>&nbsp;<\/p>\n<p>Rainha das Flores conta a hist\u00f3ria de Rosa, v\u00edtima de uma amn\u00e9sia que faz com que esta esque\u00e7a os \u00faltimos anos da sua vida, e de Narcisa que tenta aproveitar-se do acidente da irm\u00e3 para ter a vida que sempre desejou. Tamb\u00e9m \u00e9 a hist\u00f3ria de Daniel, marido de Rosa, que de um dia para o outro torna-se num aut\u00eantico desconhecido para a mulher. Conseguir\u00e1 reconquistar o amor da mulher da sua vida ou vai perd\u00ea-la para Marcelo, o m\u00e9dico que vai salvar Rosa ap\u00f3s esta ser atropelada numa peregrina\u00e7\u00e3o a F\u00e1tima?<\/p>\n<p>&nbsp;<\/p>\n<p>&nbsp;<\/p>\n<p>Vai poder acompanhar esta hist\u00f3ria em Maio no hor\u00e1rio das 22:30. Os primeiros 56 epis\u00f3dios j\u00e1 foram escritos e Alexandre Castro confessou que as personagens est\u00e3o muito vivas para si. &#8220;Estou muito contente com este elenco&#8221;, diz o autor.<\/p>\n<p>&nbsp;<\/p>\n<p>&nbsp;<\/p>\n<p>A segunda linha de fic\u00e7\u00e3o estreou h\u00e1 um ano atr\u00e1s com a novela Poderosas da autoria de Patr\u00edcia M\u00fcller e com Rog\u00e9rio Samora, Margarida Marinho, Soraia Chaves, Maria Jo\u00e3o Lu\u00eds e Joana Ribeiro como protagonistas.<\/p>\n<p>&nbsp;<\/p>\n<p>&nbsp;<\/p>\n<p>J\u00e1 a nova novela vai contar com as seguintes caras: Sandra Barata Belo, Isabel Abreu, Lu\u00eds Garcia, Pep\u00ea Rapazote, B\u00e1rbara Louren\u00e7o, Madalena Arag\u00e3o, Rosa do Canto, Ant\u00f3nio Fonseca, Cristina Homem de Mello, Marco Delgado, Gon\u00e7alo Diniz, Leonor Seixas, Bruno Lagrange, Marina Mota, Jos\u00e9 Condessa, Ricardo Carri\u00e7o, Sara Salgado, Ant\u00f3nio Cameller, Jo\u00e3o Ricardo, Maria D&#8217;Aires, Jo\u00e3o Arrais, Marco Costa, D\u00e9bora Monteiro, Afonso Lagarto, Liliana Santos, Pedro Sousa, Sofia Correia, Mafalda Jara, Joaquim Horta e Lu\u00eds Gaspar.<\/p>\n<p>&nbsp;<\/p>\n<p>&nbsp;<\/p>\n<p>&#8220;<strong>Temos uma estrela no protagonismo que \u00e9 a Sandra Barata Bello que j\u00e1 foi estrela numa novela na SIC chamada Perfeito Cora\u00e7\u00e3o. Temos uma protagonista que j\u00e1 bisou<\/strong>&#8220;, explica Gabriela Sobral. O autor da novela admitiu que n\u00e3o escreveu nenhuma personagem a pensar num determinado actor. &#8220;<strong>Tenho estado muito pr\u00f3ximo deles, tenho tido muitas reuni\u00f5es com eles e estou muito contente. Sou muito democr\u00e1tico. Gosto muito de ouvir a opini\u00e3o deles. Acho que faz parte do meu trabalho e da constru\u00e7\u00e3o das personagens. Acho que \u00e9 importante que eles percebam que eu estou dispon\u00edvel para ouvi-los. Porque sei que eles tamb\u00e9m est\u00e3o dispostos a ler o meu texto e interpreta-lo da melhor maneira poss\u00edvel<\/strong>&#8220;, diz o autor.<\/p>\n<p>&nbsp;<\/p>\n<p>&nbsp;<\/p>\n<p>Algumas destas caras s\u00e3o &#8220;novas&#8221; na fic\u00e7\u00e3o da SIC, como \u00e9 o caso de: Jos\u00e9 Condessa ou Marina Mota que volta a trabalhar em telenovelas depois de ter desempenhado um papel em Destinos Cruzados, da TVI. &#8220;<strong>Gosto de ir buscar pessoas que estejam dispon\u00edveis, de refrescar os elencos. H\u00e1 uma bela preocupa\u00e7\u00e3o nisso, de mostrar coisas novas. Exemplo disso \u00e9 a Isabel Abreu que \u00e9 uma actriz que eu ando atr\u00e1s h\u00e1 anos. Gostava imenso que ela viesse fazer novela comigo mas n\u00e3o tem dado. N\u00e3o era porque ela n\u00e3o quisesse mas os projectos dela criavam uma certa atrofia mas agora foi poss\u00edvel, foi o timing perfeito. \u00c9 uma actriz maravilhosa<\/strong>!&#8221;, conta Gabriela Sobral.<\/p>\n<p>&nbsp;<\/p>\n<p>&nbsp;<\/p>\n<p>A personagem de Marina Mota ser\u00e1 a presidente de um clube de nata\u00e7\u00e3o. A nata\u00e7\u00e3o e o atletismo s\u00e3o dois desportos que v\u00e3o estar bem presentes ao longo da hist\u00f3ria.<\/p>\n<p>&nbsp;<\/p>\n<p>&nbsp;<\/p>\n<p>Uma das surpresas \u00e9 o autor. Alexandre Castro assina esta hist\u00f3ria. O guionista chegou a trabalhar com Rui Vilhena e Joana Jorge. Fez parte da equipa da novela angolana Jikulumessu.<\/p>\n<p>&nbsp;<\/p>\n<p>&nbsp;<\/p>\n<p>O mesmo autor trabalhou ainda ao lado de Rui Vilhena na fic\u00e7\u00e3o da TVI, destacando-se as produ\u00e7\u00f5es Tempo de Viver, Olhos nos Olhos e Sedu\u00e7\u00e3o. O autor conta que a ideia para esta novela nasceu quando estava a preparar o terceiro trabalho para Angola. &#8220;<strong>Pensei que estava na altura de fazer uma hist\u00f3ria minha<\/strong>&#8220;, conta Alexandre Castro. Escreveu a sinopse em dois meses.<\/p>\n<p>&nbsp;<\/p>\n<p>&nbsp;<\/p>\n<p>&nbsp;<\/p>\n<p>&#8220;<strong>Estou pronto. S\u00f3 h\u00e1 duas op\u00e7\u00f5es aqui: ou voc\u00ea aceita fazer ou n\u00e3o aceita. Eu aceitei fazer e tenho que arranjar maneiras de dar a volta a isso<\/strong>&#8220;, desabafa o autor. Esta \u00e9 a primeira grande estreia na grelha da SIC em 2016. Ainda durante este ano tamb\u00e9m vamos poder ver a sucessora de Cora\u00e7\u00e3o de Ouro que tem, como nome provis\u00f3rio, Golpe do Destino.<\/p>\n<p>&nbsp;<\/p>\n<p>&nbsp;<\/p>\n<p>Rainha das Flores vai ser a nova rainha das noites dos portugueses. A Rainha das Flores vai trazer a paz, o amor e a paix\u00e3o a todos os lares.<\/p>\n","protected":false},"excerpt":{"rendered":"<p>\u201cRainha das Flores\u201d \u00e9 o nome da trama que brevemente ir\u00e1 estrear na antena da SIC para substituir \u201cPoderosas\u201d. &nbsp; O nome desta novela foi o mesmo que o autor apresentou na sinopse e a SIC aprovou. &#8220;Estou muito contente com este projecto, estou muito contente com o texto. Acho que temos um texto muito [&hellip;]<\/p>\n","protected":false},"author":13,"featured_media":4461,"comment_status":"open","ping_status":"closed","sticky":false,"template":"","format":"standard","meta":{"footnotes":""},"categories":[10,14],"tags":[838,534],"class_list":["post-4460","post","type-post","status-publish","format-standard","has-post-thumbnail","hentry","category-actualidade","category-televisao","tag-rainha-das-flores","tag-sic"],"yoast_head":"<!-- This site is optimized with the Yoast SEO plugin v27.4 - https:\/\/yoast.com\/product\/yoast-seo-wordpress\/ -->\n<title>Conhe\u00e7a a &quot;Rainha das Flores&quot;: A nova novela da SIC | Infocul.pt - Arquivo Digital<\/title>\n<meta name=\"description\" content=\"Conhe\u00e7a a &quot;Rainha das Flores&quot;: A nova novela da SIC | Infocul.pt - Arquivo Digital\" \/>\n<meta name=\"robots\" content=\"noindex, follow, max-snippet:-1, max-image-preview:large, max-video-preview:-1\" \/>\n<meta property=\"og:locale\" content=\"pt_PT\" \/>\n<meta property=\"og:type\" content=\"article\" \/>\n<meta property=\"og:title\" content=\"Conhe\u00e7a a &quot;Rainha das Flores&quot;: A nova novela da SIC | Infocul.pt - Arquivo Digital\" \/>\n<meta property=\"og:description\" content=\"Conhe\u00e7a a &quot;Rainha das Flores&quot;: A nova novela da SIC | Infocul.pt - Arquivo Digital\" \/>\n<meta property=\"og:url\" content=\"https:\/\/infocul.pt\/arquivo\/actualidade\/conheca-a-rainha-das-flores-a-nova-novela-da-sic\/\" \/>\n<meta property=\"og:site_name\" content=\"Infocul.pt - Arquivo Digital\" \/>\n<meta property=\"article:publisher\" content=\"https:\/\/www.facebook.com\/Infocul-147816815585015\/\" \/>\n<meta property=\"article:published_time\" content=\"2016-03-18T08:24:04+00:00\" \/>\n<meta property=\"article:modified_time\" content=\"2016-03-22T20:55:59+00:00\" \/>\n<meta property=\"og:image\" content=\"https:\/\/infocul.pt\/arquivo\/wp-content\/uploads\/2016\/03\/Rainha-das-Flores-01.jpg\" \/>\n\t<meta property=\"og:image:width\" content=\"600\" \/>\n\t<meta property=\"og:image:height\" content=\"400\" \/>\n\t<meta property=\"og:image:type\" content=\"image\/jpeg\" \/>\n<meta name=\"author\" content=\"Redac\u00e7\u00e3o\" \/>\n<meta name=\"twitter:card\" content=\"summary_large_image\" \/>\n<meta name=\"twitter:creator\" content=\"@Infoculpt\" \/>\n<meta name=\"twitter:site\" content=\"@Infoculpt\" \/>\n<meta name=\"twitter:label1\" content=\"Escrito por\" \/>\n\t<meta name=\"twitter:data1\" content=\"Redac\u00e7\u00e3o\" \/>\n\t<meta name=\"twitter:label2\" content=\"Tempo estimado de leitura\" \/>\n\t<meta name=\"twitter:data2\" content=\"7 minutos\" \/>\n<script type=\"application\/ld+json\" class=\"yoast-schema-graph\">{\"@context\":\"https:\\\/\\\/schema.org\",\"@graph\":[{\"@type\":\"Article\",\"@id\":\"https:\\\/\\\/infocul.pt\\\/arquivo\\\/actualidade\\\/conheca-a-rainha-das-flores-a-nova-novela-da-sic\\\/#article\",\"isPartOf\":{\"@id\":\"https:\\\/\\\/infocul.pt\\\/arquivo\\\/actualidade\\\/conheca-a-rainha-das-flores-a-nova-novela-da-sic\\\/\"},\"author\":{\"name\":\"Redac\u00e7\u00e3o\",\"@id\":\"https:\\\/\\\/infocul.pt\\\/arquivo\\\/#\\\/schema\\\/person\\\/f243f45ae8d67639120a7586884f3abc\"},\"headline\":\"Conhe\u00e7a a &#8220;Rainha das Flores&#8221;: A nova novela da SIC\",\"datePublished\":\"2016-03-18T08:24:04+00:00\",\"dateModified\":\"2016-03-22T20:55:59+00:00\",\"mainEntityOfPage\":{\"@id\":\"https:\\\/\\\/infocul.pt\\\/arquivo\\\/actualidade\\\/conheca-a-rainha-das-flores-a-nova-novela-da-sic\\\/\"},\"wordCount\":1342,\"commentCount\":0,\"publisher\":{\"@id\":\"https:\\\/\\\/infocul.pt\\\/arquivo\\\/#organization\"},\"image\":{\"@id\":\"https:\\\/\\\/infocul.pt\\\/arquivo\\\/actualidade\\\/conheca-a-rainha-das-flores-a-nova-novela-da-sic\\\/#primaryimage\"},\"thumbnailUrl\":\"https:\\\/\\\/infocul.pt\\\/arquivo\\\/wp-content\\\/uploads\\\/2016\\\/03\\\/Rainha-das-Flores-01.jpg\",\"keywords\":[\"Rainha das Flores\",\"SIC\"],\"articleSection\":[\"Actualidade\",\"Televis\u00e3o\"],\"inLanguage\":\"pt-PT\"},{\"@type\":\"WebPage\",\"@id\":\"https:\\\/\\\/infocul.pt\\\/arquivo\\\/actualidade\\\/conheca-a-rainha-das-flores-a-nova-novela-da-sic\\\/\",\"url\":\"https:\\\/\\\/infocul.pt\\\/arquivo\\\/actualidade\\\/conheca-a-rainha-das-flores-a-nova-novela-da-sic\\\/\",\"name\":\"Conhe\u00e7a a \\\"Rainha das Flores\\\": A nova novela da SIC | Infocul.pt - Arquivo Digital\",\"isPartOf\":{\"@id\":\"https:\\\/\\\/infocul.pt\\\/arquivo\\\/#website\"},\"primaryImageOfPage\":{\"@id\":\"https:\\\/\\\/infocul.pt\\\/arquivo\\\/actualidade\\\/conheca-a-rainha-das-flores-a-nova-novela-da-sic\\\/#primaryimage\"},\"image\":{\"@id\":\"https:\\\/\\\/infocul.pt\\\/arquivo\\\/actualidade\\\/conheca-a-rainha-das-flores-a-nova-novela-da-sic\\\/#primaryimage\"},\"thumbnailUrl\":\"https:\\\/\\\/infocul.pt\\\/arquivo\\\/wp-content\\\/uploads\\\/2016\\\/03\\\/Rainha-das-Flores-01.jpg\",\"datePublished\":\"2016-03-18T08:24:04+00:00\",\"dateModified\":\"2016-03-22T20:55:59+00:00\",\"description\":\"Conhe\u00e7a a \\\"Rainha das Flores\\\": A nova novela da SIC | Infocul.pt - Arquivo Digital\",\"breadcrumb\":{\"@id\":\"https:\\\/\\\/infocul.pt\\\/arquivo\\\/actualidade\\\/conheca-a-rainha-das-flores-a-nova-novela-da-sic\\\/#breadcrumb\"},\"inLanguage\":\"pt-PT\",\"potentialAction\":[{\"@type\":\"ReadAction\",\"target\":[\"https:\\\/\\\/infocul.pt\\\/arquivo\\\/actualidade\\\/conheca-a-rainha-das-flores-a-nova-novela-da-sic\\\/\"]}]},{\"@type\":\"ImageObject\",\"inLanguage\":\"pt-PT\",\"@id\":\"https:\\\/\\\/infocul.pt\\\/arquivo\\\/actualidade\\\/conheca-a-rainha-das-flores-a-nova-novela-da-sic\\\/#primaryimage\",\"url\":\"https:\\\/\\\/infocul.pt\\\/arquivo\\\/wp-content\\\/uploads\\\/2016\\\/03\\\/Rainha-das-Flores-01.jpg\",\"contentUrl\":\"https:\\\/\\\/infocul.pt\\\/arquivo\\\/wp-content\\\/uploads\\\/2016\\\/03\\\/Rainha-das-Flores-01.jpg\",\"width\":600,\"height\":400},{\"@type\":\"BreadcrumbList\",\"@id\":\"https:\\\/\\\/infocul.pt\\\/arquivo\\\/actualidade\\\/conheca-a-rainha-das-flores-a-nova-novela-da-sic\\\/#breadcrumb\",\"itemListElement\":[{\"@type\":\"ListItem\",\"position\":1,\"name\":\"Home\",\"item\":\"https:\\\/\\\/infocul.pt\\\/arquivo\\\/\"},{\"@type\":\"ListItem\",\"position\":2,\"name\":\"Conhe\u00e7a a &#8220;Rainha das Flores&#8221;: A nova novela da SIC\"}]},{\"@type\":\"WebSite\",\"@id\":\"https:\\\/\\\/infocul.pt\\\/arquivo\\\/#website\",\"url\":\"https:\\\/\\\/infocul.pt\\\/arquivo\\\/\",\"name\":\"Infocul.pt - Arquivo Digital\",\"description\":\"Arquivo digital da Infocul.pt\",\"publisher\":{\"@id\":\"https:\\\/\\\/infocul.pt\\\/arquivo\\\/#organization\"},\"potentialAction\":[{\"@type\":\"SearchAction\",\"target\":{\"@type\":\"EntryPoint\",\"urlTemplate\":\"https:\\\/\\\/infocul.pt\\\/arquivo\\\/?s={search_term_string}\"},\"query-input\":{\"@type\":\"PropertyValueSpecification\",\"valueRequired\":true,\"valueName\":\"search_term_string\"}}],\"inLanguage\":\"pt-PT\"},{\"@type\":\"Organization\",\"@id\":\"https:\\\/\\\/infocul.pt\\\/arquivo\\\/#organization\",\"name\":\"Infocul.pt\",\"url\":\"https:\\\/\\\/infocul.pt\\\/arquivo\\\/\",\"logo\":{\"@type\":\"ImageObject\",\"inLanguage\":\"pt-PT\",\"@id\":\"https:\\\/\\\/infocul.pt\\\/arquivo\\\/#\\\/schema\\\/logo\\\/image\\\/\",\"url\":\"https:\\\/\\\/infocul.pt\\\/arquivo\\\/wp-content\\\/uploads\\\/2018\\\/12\\\/Infocul_logo-1.png\",\"contentUrl\":\"https:\\\/\\\/infocul.pt\\\/arquivo\\\/wp-content\\\/uploads\\\/2018\\\/12\\\/Infocul_logo-1.png\",\"width\":800,\"height\":800,\"caption\":\"Infocul.pt\"},\"image\":{\"@id\":\"https:\\\/\\\/infocul.pt\\\/arquivo\\\/#\\\/schema\\\/logo\\\/image\\\/\"},\"sameAs\":[\"https:\\\/\\\/www.facebook.com\\\/Infocul-147816815585015\\\/\",\"https:\\\/\\\/x.com\\\/Infoculpt\",\"http:\\\/\\\/www.pictaram.com\\\/user\\\/infocul.pt\\\/2370423710\",\"https:\\\/\\\/www.youtube.com\\\/channel\\\/UCYEB91AGI9FL9ek2i_IaQAA\"]},{\"@type\":\"Person\",\"@id\":\"https:\\\/\\\/infocul.pt\\\/arquivo\\\/#\\\/schema\\\/person\\\/f243f45ae8d67639120a7586884f3abc\",\"name\":\"Redac\u00e7\u00e3o\",\"image\":{\"@type\":\"ImageObject\",\"inLanguage\":\"pt-PT\",\"@id\":\"https:\\\/\\\/secure.gravatar.com\\\/avatar\\\/151b1b76c598ab5e749407223bd6c1bad4e41c4e95de3c3df83540ebee2deaf8?s=96&d=mm&r=g\",\"url\":\"https:\\\/\\\/secure.gravatar.com\\\/avatar\\\/151b1b76c598ab5e749407223bd6c1bad4e41c4e95de3c3df83540ebee2deaf8?s=96&d=mm&r=g\",\"contentUrl\":\"https:\\\/\\\/secure.gravatar.com\\\/avatar\\\/151b1b76c598ab5e749407223bd6c1bad4e41c4e95de3c3df83540ebee2deaf8?s=96&d=mm&r=g\",\"caption\":\"Redac\u00e7\u00e3o\"}}]}<\/script>\n<!-- \/ Yoast SEO plugin. -->","yoast_head_json":{"title":"Conhe\u00e7a a \"Rainha das Flores\": A nova novela da SIC | Infocul.pt - Arquivo Digital","description":"Conhe\u00e7a a \"Rainha das Flores\": A nova novela da SIC | Infocul.pt - Arquivo Digital","robots":{"index":"noindex","follow":"follow","max-snippet":"max-snippet:-1","max-image-preview":"max-image-preview:large","max-video-preview":"max-video-preview:-1"},"og_locale":"pt_PT","og_type":"article","og_title":"Conhe\u00e7a a \"Rainha das Flores\": A nova novela da SIC | Infocul.pt - Arquivo Digital","og_description":"Conhe\u00e7a a \"Rainha das Flores\": A nova novela da SIC | Infocul.pt - Arquivo Digital","og_url":"https:\/\/infocul.pt\/arquivo\/actualidade\/conheca-a-rainha-das-flores-a-nova-novela-da-sic\/","og_site_name":"Infocul.pt - Arquivo Digital","article_publisher":"https:\/\/www.facebook.com\/Infocul-147816815585015\/","article_published_time":"2016-03-18T08:24:04+00:00","article_modified_time":"2016-03-22T20:55:59+00:00","og_image":[{"width":600,"height":400,"url":"https:\/\/infocul.pt\/arquivo\/wp-content\/uploads\/2016\/03\/Rainha-das-Flores-01.jpg","type":"image\/jpeg"}],"author":"Redac\u00e7\u00e3o","twitter_card":"summary_large_image","twitter_creator":"@Infoculpt","twitter_site":"@Infoculpt","twitter_misc":{"Escrito por":"Redac\u00e7\u00e3o","Tempo estimado de leitura":"7 minutos"},"schema":{"@context":"https:\/\/schema.org","@graph":[{"@type":"Article","@id":"https:\/\/infocul.pt\/arquivo\/actualidade\/conheca-a-rainha-das-flores-a-nova-novela-da-sic\/#article","isPartOf":{"@id":"https:\/\/infocul.pt\/arquivo\/actualidade\/conheca-a-rainha-das-flores-a-nova-novela-da-sic\/"},"author":{"name":"Redac\u00e7\u00e3o","@id":"https:\/\/infocul.pt\/arquivo\/#\/schema\/person\/f243f45ae8d67639120a7586884f3abc"},"headline":"Conhe\u00e7a a &#8220;Rainha das Flores&#8221;: A nova novela da SIC","datePublished":"2016-03-18T08:24:04+00:00","dateModified":"2016-03-22T20:55:59+00:00","mainEntityOfPage":{"@id":"https:\/\/infocul.pt\/arquivo\/actualidade\/conheca-a-rainha-das-flores-a-nova-novela-da-sic\/"},"wordCount":1342,"commentCount":0,"publisher":{"@id":"https:\/\/infocul.pt\/arquivo\/#organization"},"image":{"@id":"https:\/\/infocul.pt\/arquivo\/actualidade\/conheca-a-rainha-das-flores-a-nova-novela-da-sic\/#primaryimage"},"thumbnailUrl":"https:\/\/infocul.pt\/arquivo\/wp-content\/uploads\/2016\/03\/Rainha-das-Flores-01.jpg","keywords":["Rainha das Flores","SIC"],"articleSection":["Actualidade","Televis\u00e3o"],"inLanguage":"pt-PT"},{"@type":"WebPage","@id":"https:\/\/infocul.pt\/arquivo\/actualidade\/conheca-a-rainha-das-flores-a-nova-novela-da-sic\/","url":"https:\/\/infocul.pt\/arquivo\/actualidade\/conheca-a-rainha-das-flores-a-nova-novela-da-sic\/","name":"Conhe\u00e7a a \"Rainha das Flores\": A nova novela da SIC | Infocul.pt - Arquivo Digital","isPartOf":{"@id":"https:\/\/infocul.pt\/arquivo\/#website"},"primaryImageOfPage":{"@id":"https:\/\/infocul.pt\/arquivo\/actualidade\/conheca-a-rainha-das-flores-a-nova-novela-da-sic\/#primaryimage"},"image":{"@id":"https:\/\/infocul.pt\/arquivo\/actualidade\/conheca-a-rainha-das-flores-a-nova-novela-da-sic\/#primaryimage"},"thumbnailUrl":"https:\/\/infocul.pt\/arquivo\/wp-content\/uploads\/2016\/03\/Rainha-das-Flores-01.jpg","datePublished":"2016-03-18T08:24:04+00:00","dateModified":"2016-03-22T20:55:59+00:00","description":"Conhe\u00e7a a \"Rainha das Flores\": A nova novela da SIC | Infocul.pt - Arquivo Digital","breadcrumb":{"@id":"https:\/\/infocul.pt\/arquivo\/actualidade\/conheca-a-rainha-das-flores-a-nova-novela-da-sic\/#breadcrumb"},"inLanguage":"pt-PT","potentialAction":[{"@type":"ReadAction","target":["https:\/\/infocul.pt\/arquivo\/actualidade\/conheca-a-rainha-das-flores-a-nova-novela-da-sic\/"]}]},{"@type":"ImageObject","inLanguage":"pt-PT","@id":"https:\/\/infocul.pt\/arquivo\/actualidade\/conheca-a-rainha-das-flores-a-nova-novela-da-sic\/#primaryimage","url":"https:\/\/infocul.pt\/arquivo\/wp-content\/uploads\/2016\/03\/Rainha-das-Flores-01.jpg","contentUrl":"https:\/\/infocul.pt\/arquivo\/wp-content\/uploads\/2016\/03\/Rainha-das-Flores-01.jpg","width":600,"height":400},{"@type":"BreadcrumbList","@id":"https:\/\/infocul.pt\/arquivo\/actualidade\/conheca-a-rainha-das-flores-a-nova-novela-da-sic\/#breadcrumb","itemListElement":[{"@type":"ListItem","position":1,"name":"Home","item":"https:\/\/infocul.pt\/arquivo\/"},{"@type":"ListItem","position":2,"name":"Conhe\u00e7a a &#8220;Rainha das Flores&#8221;: A nova novela da SIC"}]},{"@type":"WebSite","@id":"https:\/\/infocul.pt\/arquivo\/#website","url":"https:\/\/infocul.pt\/arquivo\/","name":"Infocul.pt - Arquivo Digital","description":"Arquivo digital da Infocul.pt","publisher":{"@id":"https:\/\/infocul.pt\/arquivo\/#organization"},"potentialAction":[{"@type":"SearchAction","target":{"@type":"EntryPoint","urlTemplate":"https:\/\/infocul.pt\/arquivo\/?s={search_term_string}"},"query-input":{"@type":"PropertyValueSpecification","valueRequired":true,"valueName":"search_term_string"}}],"inLanguage":"pt-PT"},{"@type":"Organization","@id":"https:\/\/infocul.pt\/arquivo\/#organization","name":"Infocul.pt","url":"https:\/\/infocul.pt\/arquivo\/","logo":{"@type":"ImageObject","inLanguage":"pt-PT","@id":"https:\/\/infocul.pt\/arquivo\/#\/schema\/logo\/image\/","url":"https:\/\/infocul.pt\/arquivo\/wp-content\/uploads\/2018\/12\/Infocul_logo-1.png","contentUrl":"https:\/\/infocul.pt\/arquivo\/wp-content\/uploads\/2018\/12\/Infocul_logo-1.png","width":800,"height":800,"caption":"Infocul.pt"},"image":{"@id":"https:\/\/infocul.pt\/arquivo\/#\/schema\/logo\/image\/"},"sameAs":["https:\/\/www.facebook.com\/Infocul-147816815585015\/","https:\/\/x.com\/Infoculpt","http:\/\/www.pictaram.com\/user\/infocul.pt\/2370423710","https:\/\/www.youtube.com\/channel\/UCYEB91AGI9FL9ek2i_IaQAA"]},{"@type":"Person","@id":"https:\/\/infocul.pt\/arquivo\/#\/schema\/person\/f243f45ae8d67639120a7586884f3abc","name":"Redac\u00e7\u00e3o","image":{"@type":"ImageObject","inLanguage":"pt-PT","@id":"https:\/\/secure.gravatar.com\/avatar\/151b1b76c598ab5e749407223bd6c1bad4e41c4e95de3c3df83540ebee2deaf8?s=96&d=mm&r=g","url":"https:\/\/secure.gravatar.com\/avatar\/151b1b76c598ab5e749407223bd6c1bad4e41c4e95de3c3df83540ebee2deaf8?s=96&d=mm&r=g","contentUrl":"https:\/\/secure.gravatar.com\/avatar\/151b1b76c598ab5e749407223bd6c1bad4e41c4e95de3c3df83540ebee2deaf8?s=96&d=mm&r=g","caption":"Redac\u00e7\u00e3o"}}]}},"_links":{"self":[{"href":"https:\/\/infocul.pt\/arquivo\/wp-json\/wp\/v2\/posts\/4460","targetHints":{"allow":["GET"]}}],"collection":[{"href":"https:\/\/infocul.pt\/arquivo\/wp-json\/wp\/v2\/posts"}],"about":[{"href":"https:\/\/infocul.pt\/arquivo\/wp-json\/wp\/v2\/types\/post"}],"author":[{"embeddable":true,"href":"https:\/\/infocul.pt\/arquivo\/wp-json\/wp\/v2\/users\/13"}],"replies":[{"embeddable":true,"href":"https:\/\/infocul.pt\/arquivo\/wp-json\/wp\/v2\/comments?post=4460"}],"version-history":[{"count":0,"href":"https:\/\/infocul.pt\/arquivo\/wp-json\/wp\/v2\/posts\/4460\/revisions"}],"wp:featuredmedia":[{"embeddable":true,"href":"https:\/\/infocul.pt\/arquivo\/wp-json\/wp\/v2\/media\/4461"}],"wp:attachment":[{"href":"https:\/\/infocul.pt\/arquivo\/wp-json\/wp\/v2\/media?parent=4460"}],"wp:term":[{"taxonomy":"category","embeddable":true,"href":"https:\/\/infocul.pt\/arquivo\/wp-json\/wp\/v2\/categories?post=4460"},{"taxonomy":"post_tag","embeddable":true,"href":"https:\/\/infocul.pt\/arquivo\/wp-json\/wp\/v2\/tags?post=4460"}],"curies":[{"name":"wp","href":"https:\/\/api.w.org\/{rel}","templated":true}]}}