{"id":45644,"date":"2018-08-04T00:00:44","date_gmt":"2018-08-03T23:00:44","guid":{"rendered":"https:\/\/infocul.pt\/?p=45644"},"modified":"2018-08-01T13:10:42","modified_gmt":"2018-08-01T12:10:42","slug":"facebook-e-instagram-lancam-novas-ferramentas-para-gerir-o-tempo-que-passa-nestas-aplicacoes","status":"publish","type":"post","link":"https:\/\/infocul.pt\/arquivo\/actualidade\/facebook-e-instagram-lancam-novas-ferramentas-para-gerir-o-tempo-que-passa-nestas-aplicacoes\/","title":{"rendered":"Facebook e Instagram lan\u00e7am novas ferramentas para gerir o tempo que passa nestas aplica\u00e7\u00f5es"},"content":{"rendered":"<p><img decoding=\"async\" class=\"aligncenter wp-image-45645 size-large lazyload\" data-src=\"https:\/\/infocul.pt\/arquivo\/wp-content\/uploads\/2018\/08\/EN_Press-Mocks_7.26.18-1024x585.png\" alt=\"\" width=\"806\" height=\"460\" data-srcset=\"https:\/\/infocul.pt\/arquivo\/wp-content\/uploads\/2018\/08\/EN_Press-Mocks_7.26.18-1024x585.png 1024w, https:\/\/infocul.pt\/arquivo\/wp-content\/uploads\/2018\/08\/EN_Press-Mocks_7.26.18-300x171.png 300w, https:\/\/infocul.pt\/arquivo\/wp-content\/uploads\/2018\/08\/EN_Press-Mocks_7.26.18-768x439.png 768w\" data-sizes=\"(max-width: 806px) 100vw, 806px\" src=\"data:image\/svg+xml;base64,PHN2ZyB3aWR0aD0iMSIgaGVpZ2h0PSIxIiB4bWxucz0iaHR0cDovL3d3dy53My5vcmcvMjAwMC9zdmciPjwvc3ZnPg==\" style=\"--smush-placeholder-width: 806px; --smush-placeholder-aspect-ratio: 806\/460;\" \/><\/p>\n<p>&nbsp;<\/p>\n<p>&nbsp;<\/p>\n<p><span style=\"color: #000000; font-family: Calibri;\">O Facebook e o Instagram acabam de anunciar o lan\u00e7amento de novas ferramentas que ajudam os utilizadores a gerirem o tempo que passam nestas aplica\u00e7\u00f5es: um painel de actividades, um lembrete di\u00e1rio e uma nova forma de limitar as notifica\u00e7\u00f5es. Estas ferramentas foram desenvolvidas por inspira\u00e7\u00e3o e em colabora\u00e7\u00e3o com organiza\u00e7\u00f5es e peritos especialistas em sa\u00fade mental, acad\u00e9micos e numa an\u00e1lise aprofundada do feedback dado pela comunidade.<\/span><!--more--><\/p>\n<p><span style=\"color: #000000; font-family: Calibri;\">\u00a0<\/span><\/p>\n<p><span style=\"color: #000000; font-family: Calibri;\">O Facebook e o Instagram querem que o tempo que as pessoas passam nestas aplica\u00e7\u00f5es seja intencional, positivo e inspirador. Estas novas ferramentas dar\u00e3o mais controlo aos utilizadores sobre este tempo passado nas plataformas e ambicionam tamb\u00e9m promover um maior di\u00e1logo entre pais e adolescentes sobre h\u00e1bitos online saud\u00e1veis e adequados.<\/span><\/p>\n<p><span style=\"color: #000000; font-family: Calibri;\">\u00a0<\/span><\/p>\n<p><span style=\"color: #000000; font-family: Calibri;\">Para aceder a estas ferramentas \u00e9 preciso aceder \u00e0 p\u00e1gina das &#8216;Defini\u00e7\u00f5es&#8217; de cada uma das plataformas: no Instagram optar por &#8216;A sua Actividade&#8217; e no Facebook &#8216;O Tempo que passa no Facebook&#8217;. No topo, ver\u00e1 um painel que mostra o tempo m\u00e9dio passado naquela aplica\u00e7\u00e3o, naquele dispositivo. \u00c9 tamb\u00e9m disponibilizada informa\u00e7\u00e3o sobre o tempo total di\u00e1rio. Abaixo deste painel, \u00e9 poss\u00edvel definir um lembrete di\u00e1rio que o alertar\u00e1 quando chegar ao limite de tempo que definiu, para aquela aplica\u00e7\u00e3o, por dia. Estes lembretes podem ser alterados ou cancelados a qualquer altura. Se aceder \u00e0s &#8216;Defini\u00e7\u00f5es das Notifica\u00e7\u00f5es&#8217; encontrar\u00e1 a op\u00e7\u00e3o &#8216;Silenciar Notifica\u00e7\u00f5es Push&#8217;, que limitar\u00e1 as notifica\u00e7\u00f5es de ambas as plataformas durante o per\u00edodo de tempo em que precisa de estar concentrado.<\/span><\/p>\n<p><span style=\"color: #000000; font-family: Calibri;\">\u00a0<\/span><\/p>\n<p><span style=\"color: #000000; font-family: Calibri;\">O Facebook e o Instagram t\u00eam a responsabilidade de ajudar as pessoas a perceberem quanto tempo passam nestas plataformas, para que estas possam melhorar a gest\u00e3o da sua experi\u00eancia. Em Dezembro de 2017, foram partilhadas algumas explica\u00e7\u00f5es sobre o que a equipa do Facebook est\u00e1 a fazer para criar experi\u00eancias que ajudem os utilizadores unirem-se e desenvolverem rela\u00e7\u00f5es.<\/span><\/p>\n<p><span style=\"color: #000000; font-family: Calibri;\">\u00a0<\/span><\/p>\n<p><span style=\"color: #000000; font-family: Calibri;\">\u00a0<\/span><\/p>\n<p><span style=\"color: #000000; font-family: Calibri;\">Apesar de admitirem que ainda h\u00e1 muito a fazer, durante o \u00faltimo ano, o Facebook e o Instagram disponibilizaram um conjunto de ferramentas para ajudarem as pessoas a controlarem melhor a sua experi\u00eancia nestas aplica\u00e7\u00f5es. No Facebook, a qualidade do Feed de Not\u00edcias foi melhorada para mostrar aos utilizadores quais os posts mais relevantes, com op\u00e7\u00f5es como Ver Primeiro, Esconder, Deixar de Seguir e Snooze de Palavras-Chave. No Instagram, foram lan\u00e7adas ferramentas poderosas para cuidar proactivamente da comunidade \u2013 tais como filtros de palavras-chave, ecr\u00e3s de sensibilidade ou filtros de coment\u00e1rios ofensivos e bullying, entre outros.<\/span><\/p>\n<p><span style=\"color: #000000; font-family: Calibri;\">\u00a0<\/span><\/p>\n<p><span style=\"color: #000000; font-family: Calibri;\">O Facebook mant\u00e9m tamb\u00e9m em curso o seu compromisso global na preven\u00e7\u00e3o do suic\u00eddio, incluindo a expans\u00e3o da deten\u00e7\u00e3o proactiva e uma melhoria na identifica\u00e7\u00e3o da primeira resposta a dar. Esta abordagem foi concebida em colabora\u00e7\u00e3o com organiza\u00e7\u00f5es de sa\u00fade mental como a Save.org, por exemplo, e com a partilha de experi\u00eancias de quem j\u00e1 pensou em ou tentou suicidar-se. <\/span><\/p>\n<p><span style=\"color: #000000; font-family: Calibri;\">\u00a0<\/span><\/p>\n<p><span style=\"color: #000000; font-family: Calibri;\">\u00a0<\/span><\/p>\n<p><span style=\"color: #000000; font-family: Calibri;\">Em Mar\u00e7o, o Facebook Safety Summit reuniu mais de 100 organiza\u00e7\u00f5es, investigadores, especialistas e adolescentes para abordarem um vasto leque de temas \u2013 de quest\u00f5es sobre seguran\u00e7a e tecnologia ao impacto que a tecnologia tem no nosso bem-estar. Foi tamb\u00e9m iniciada uma parceria com o Scholastic and Yale Center for Emotional Intelligence para o desenvolvimento e lan\u00e7amento de &#8216;Best Selves&#8217;, curr\u00edculos sociais e de aprendizagem emocional, concebidos para fornecer aos professores li\u00e7\u00f5es f\u00e1ceis para ajudarem os estudantes a desenvolverem comportamentos pro-sociais. O Facebook trabalhou tamb\u00e9m em conjunto com o Stand for Children, o Making Caring Common de Harvard e outros especialistas no desenvolvimento de um curr\u00edculo de &#8216;bondade&#8217; e o lan\u00e7amento do Kids Schools Challenge, na qual se podem inscrever escolas secund\u00e1rias para o ensino de um curr\u00edculo de bondade (&#8216;kindness curriculum&#8217;) durante 30 dias.<\/span><\/p>\n<p><span style=\"color: #000000; font-family: Calibri;\">\u00a0<\/span><\/p>\n<p><span style=\"color: #000000; font-family: Calibri;\">Em suma, n\u00e3o se trata apenas do tempo que as pessoas passam no Facebook e no Instagram, mas da qualidade deste tempo. O Facebook assume a responsabilidade de falar abertamente sobre o impacto que o tempo passado online tem nas pessoas \u2013 e esta responsabilidade \u00e9 levada muito a s\u00e9rio. Estas novas ferramentas s\u00e3o um primeiro passo importante, num empenho cont\u00ednuo em gerar e manter comunidades seguras, am\u00e1veis e solid\u00e1rias para todos.<\/span><\/p>\n<p><span style=\"color: #000000; font-family: Calibri;\">\u00a0<\/span><\/p>\n<p><span style=\"color: #000000; font-family: Calibri;\">A disponibiliza\u00e7\u00e3o destas ferramentas ser\u00e1 feita, a n\u00edvel global, de forma gradual, durante as pr\u00f3ximas semanas.<\/span><\/p>\n<p><span style=\"color: #000000; font-family: Calibri;\">\u00a0<\/span><\/p>\n<p><span style=\"color: #000000; font-family: Calibri;\">Para mais informa\u00e7\u00f5es clique <a href=\"https:\/\/newsroom.fb.com\/news\/2018\/08\/manage-your-time\/\" target=\"_blank\" rel=\"noopener\">aqui<\/a>.<\/span><\/p>\n","protected":false},"excerpt":{"rendered":"<p>&nbsp; &nbsp; O Facebook e o Instagram acabam de anunciar o lan\u00e7amento de novas ferramentas que ajudam os utilizadores a gerirem o tempo que passam nestas aplica\u00e7\u00f5es: um painel de actividades, um lembrete di\u00e1rio e uma nova forma de limitar as notifica\u00e7\u00f5es. Estas ferramentas foram desenvolvidas por inspira\u00e7\u00e3o e em colabora\u00e7\u00e3o com organiza\u00e7\u00f5es e peritos [&hellip;]<\/p>\n","protected":false},"author":13,"featured_media":45645,"comment_status":"open","ping_status":"closed","sticky":false,"template":"","format":"standard","meta":{"footnotes":""},"categories":[10,12],"tags":[4449,1681],"class_list":["post-45644","post","type-post","status-publish","format-standard","has-post-thumbnail","hentry","category-actualidade","category-mundo","tag-facebook","tag-instagram"],"yoast_head":"<!-- This site is optimized with the Yoast SEO plugin v27.4 - https:\/\/yoast.com\/product\/yoast-seo-wordpress\/ -->\n<title>Facebook e Instagram lan\u00e7am novas ferramentas para gerir o tempo que passa nestas aplica\u00e7\u00f5es | Infocul.pt - Arquivo Digital<\/title>\n<meta name=\"description\" content=\"Facebook e Instagram lan\u00e7am novas ferramentas para gerir o tempo que passa nestas aplica\u00e7\u00f5es | Infocul.pt - Arquivo Digital\" \/>\n<meta name=\"robots\" content=\"noindex, follow, max-snippet:-1, max-image-preview:large, max-video-preview:-1\" \/>\n<meta property=\"og:locale\" content=\"pt_PT\" \/>\n<meta property=\"og:type\" content=\"article\" \/>\n<meta property=\"og:title\" content=\"Facebook e Instagram lan\u00e7am novas ferramentas para gerir o tempo que passa nestas aplica\u00e7\u00f5es | Infocul.pt - Arquivo Digital\" \/>\n<meta property=\"og:description\" content=\"Facebook e Instagram lan\u00e7am novas ferramentas para gerir o tempo que passa nestas aplica\u00e7\u00f5es | Infocul.pt - Arquivo Digital\" \/>\n<meta property=\"og:url\" content=\"https:\/\/infocul.pt\/arquivo\/actualidade\/facebook-e-instagram-lancam-novas-ferramentas-para-gerir-o-tempo-que-passa-nestas-aplicacoes\/\" \/>\n<meta property=\"og:site_name\" content=\"Infocul.pt - Arquivo Digital\" \/>\n<meta property=\"article:publisher\" content=\"https:\/\/www.facebook.com\/Infocul-147816815585015\/\" \/>\n<meta property=\"article:published_time\" content=\"2018-08-03T23:00:44+00:00\" \/>\n<meta property=\"og:image\" content=\"https:\/\/infocul.pt\/arquivo\/wp-content\/uploads\/2018\/08\/EN_Press-Mocks_7.26.18.png\" \/>\n\t<meta property=\"og:image:width\" content=\"2800\" \/>\n\t<meta property=\"og:image:height\" content=\"1600\" \/>\n\t<meta property=\"og:image:type\" content=\"image\/png\" \/>\n<meta name=\"author\" content=\"Redac\u00e7\u00e3o\" \/>\n<meta name=\"twitter:card\" content=\"summary_large_image\" \/>\n<meta name=\"twitter:creator\" content=\"@Infoculpt\" \/>\n<meta name=\"twitter:site\" content=\"@Infoculpt\" \/>\n<meta name=\"twitter:label1\" content=\"Escrito por\" \/>\n\t<meta name=\"twitter:data1\" content=\"Redac\u00e7\u00e3o\" \/>\n\t<meta name=\"twitter:label2\" content=\"Tempo estimado de leitura\" \/>\n\t<meta name=\"twitter:data2\" content=\"4 minutos\" \/>\n<script type=\"application\/ld+json\" class=\"yoast-schema-graph\">{\"@context\":\"https:\\\/\\\/schema.org\",\"@graph\":[{\"@type\":\"Article\",\"@id\":\"https:\\\/\\\/infocul.pt\\\/arquivo\\\/actualidade\\\/facebook-e-instagram-lancam-novas-ferramentas-para-gerir-o-tempo-que-passa-nestas-aplicacoes\\\/#article\",\"isPartOf\":{\"@id\":\"https:\\\/\\\/infocul.pt\\\/arquivo\\\/actualidade\\\/facebook-e-instagram-lancam-novas-ferramentas-para-gerir-o-tempo-que-passa-nestas-aplicacoes\\\/\"},\"author\":{\"name\":\"Redac\u00e7\u00e3o\",\"@id\":\"https:\\\/\\\/infocul.pt\\\/arquivo\\\/#\\\/schema\\\/person\\\/f243f45ae8d67639120a7586884f3abc\"},\"headline\":\"Facebook e Instagram lan\u00e7am novas ferramentas para gerir o tempo que passa nestas aplica\u00e7\u00f5es\",\"datePublished\":\"2018-08-03T23:00:44+00:00\",\"mainEntityOfPage\":{\"@id\":\"https:\\\/\\\/infocul.pt\\\/arquivo\\\/actualidade\\\/facebook-e-instagram-lancam-novas-ferramentas-para-gerir-o-tempo-que-passa-nestas-aplicacoes\\\/\"},\"wordCount\":771,\"commentCount\":0,\"publisher\":{\"@id\":\"https:\\\/\\\/infocul.pt\\\/arquivo\\\/#organization\"},\"image\":{\"@id\":\"https:\\\/\\\/infocul.pt\\\/arquivo\\\/actualidade\\\/facebook-e-instagram-lancam-novas-ferramentas-para-gerir-o-tempo-que-passa-nestas-aplicacoes\\\/#primaryimage\"},\"thumbnailUrl\":\"https:\\\/\\\/infocul.pt\\\/arquivo\\\/wp-content\\\/uploads\\\/2018\\\/08\\\/EN_Press-Mocks_7.26.18.png\",\"keywords\":[\"Facebook\",\"Instagram\"],\"articleSection\":[\"Actualidade\",\"Mundo\"],\"inLanguage\":\"pt-PT\"},{\"@type\":\"WebPage\",\"@id\":\"https:\\\/\\\/infocul.pt\\\/arquivo\\\/actualidade\\\/facebook-e-instagram-lancam-novas-ferramentas-para-gerir-o-tempo-que-passa-nestas-aplicacoes\\\/\",\"url\":\"https:\\\/\\\/infocul.pt\\\/arquivo\\\/actualidade\\\/facebook-e-instagram-lancam-novas-ferramentas-para-gerir-o-tempo-que-passa-nestas-aplicacoes\\\/\",\"name\":\"Facebook e Instagram lan\u00e7am novas ferramentas para gerir o tempo que passa nestas aplica\u00e7\u00f5es | Infocul.pt - Arquivo Digital\",\"isPartOf\":{\"@id\":\"https:\\\/\\\/infocul.pt\\\/arquivo\\\/#website\"},\"primaryImageOfPage\":{\"@id\":\"https:\\\/\\\/infocul.pt\\\/arquivo\\\/actualidade\\\/facebook-e-instagram-lancam-novas-ferramentas-para-gerir-o-tempo-que-passa-nestas-aplicacoes\\\/#primaryimage\"},\"image\":{\"@id\":\"https:\\\/\\\/infocul.pt\\\/arquivo\\\/actualidade\\\/facebook-e-instagram-lancam-novas-ferramentas-para-gerir-o-tempo-que-passa-nestas-aplicacoes\\\/#primaryimage\"},\"thumbnailUrl\":\"https:\\\/\\\/infocul.pt\\\/arquivo\\\/wp-content\\\/uploads\\\/2018\\\/08\\\/EN_Press-Mocks_7.26.18.png\",\"datePublished\":\"2018-08-03T23:00:44+00:00\",\"description\":\"Facebook e Instagram lan\u00e7am novas ferramentas para gerir o tempo que passa nestas aplica\u00e7\u00f5es | Infocul.pt - Arquivo Digital\",\"breadcrumb\":{\"@id\":\"https:\\\/\\\/infocul.pt\\\/arquivo\\\/actualidade\\\/facebook-e-instagram-lancam-novas-ferramentas-para-gerir-o-tempo-que-passa-nestas-aplicacoes\\\/#breadcrumb\"},\"inLanguage\":\"pt-PT\",\"potentialAction\":[{\"@type\":\"ReadAction\",\"target\":[\"https:\\\/\\\/infocul.pt\\\/arquivo\\\/actualidade\\\/facebook-e-instagram-lancam-novas-ferramentas-para-gerir-o-tempo-que-passa-nestas-aplicacoes\\\/\"]}]},{\"@type\":\"ImageObject\",\"inLanguage\":\"pt-PT\",\"@id\":\"https:\\\/\\\/infocul.pt\\\/arquivo\\\/actualidade\\\/facebook-e-instagram-lancam-novas-ferramentas-para-gerir-o-tempo-que-passa-nestas-aplicacoes\\\/#primaryimage\",\"url\":\"https:\\\/\\\/infocul.pt\\\/arquivo\\\/wp-content\\\/uploads\\\/2018\\\/08\\\/EN_Press-Mocks_7.26.18.png\",\"contentUrl\":\"https:\\\/\\\/infocul.pt\\\/arquivo\\\/wp-content\\\/uploads\\\/2018\\\/08\\\/EN_Press-Mocks_7.26.18.png\",\"width\":2800,\"height\":1600},{\"@type\":\"BreadcrumbList\",\"@id\":\"https:\\\/\\\/infocul.pt\\\/arquivo\\\/actualidade\\\/facebook-e-instagram-lancam-novas-ferramentas-para-gerir-o-tempo-que-passa-nestas-aplicacoes\\\/#breadcrumb\",\"itemListElement\":[{\"@type\":\"ListItem\",\"position\":1,\"name\":\"Home\",\"item\":\"https:\\\/\\\/infocul.pt\\\/arquivo\\\/\"},{\"@type\":\"ListItem\",\"position\":2,\"name\":\"Facebook e Instagram lan\u00e7am novas ferramentas para gerir o tempo que passa nestas aplica\u00e7\u00f5es\"}]},{\"@type\":\"WebSite\",\"@id\":\"https:\\\/\\\/infocul.pt\\\/arquivo\\\/#website\",\"url\":\"https:\\\/\\\/infocul.pt\\\/arquivo\\\/\",\"name\":\"Infocul.pt - Arquivo Digital\",\"description\":\"Arquivo digital da Infocul.pt\",\"publisher\":{\"@id\":\"https:\\\/\\\/infocul.pt\\\/arquivo\\\/#organization\"},\"potentialAction\":[{\"@type\":\"SearchAction\",\"target\":{\"@type\":\"EntryPoint\",\"urlTemplate\":\"https:\\\/\\\/infocul.pt\\\/arquivo\\\/?s={search_term_string}\"},\"query-input\":{\"@type\":\"PropertyValueSpecification\",\"valueRequired\":true,\"valueName\":\"search_term_string\"}}],\"inLanguage\":\"pt-PT\"},{\"@type\":\"Organization\",\"@id\":\"https:\\\/\\\/infocul.pt\\\/arquivo\\\/#organization\",\"name\":\"Infocul.pt\",\"url\":\"https:\\\/\\\/infocul.pt\\\/arquivo\\\/\",\"logo\":{\"@type\":\"ImageObject\",\"inLanguage\":\"pt-PT\",\"@id\":\"https:\\\/\\\/infocul.pt\\\/arquivo\\\/#\\\/schema\\\/logo\\\/image\\\/\",\"url\":\"https:\\\/\\\/infocul.pt\\\/arquivo\\\/wp-content\\\/uploads\\\/2018\\\/12\\\/Infocul_logo-1.png\",\"contentUrl\":\"https:\\\/\\\/infocul.pt\\\/arquivo\\\/wp-content\\\/uploads\\\/2018\\\/12\\\/Infocul_logo-1.png\",\"width\":800,\"height\":800,\"caption\":\"Infocul.pt\"},\"image\":{\"@id\":\"https:\\\/\\\/infocul.pt\\\/arquivo\\\/#\\\/schema\\\/logo\\\/image\\\/\"},\"sameAs\":[\"https:\\\/\\\/www.facebook.com\\\/Infocul-147816815585015\\\/\",\"https:\\\/\\\/x.com\\\/Infoculpt\",\"http:\\\/\\\/www.pictaram.com\\\/user\\\/infocul.pt\\\/2370423710\",\"https:\\\/\\\/www.youtube.com\\\/channel\\\/UCYEB91AGI9FL9ek2i_IaQAA\"]},{\"@type\":\"Person\",\"@id\":\"https:\\\/\\\/infocul.pt\\\/arquivo\\\/#\\\/schema\\\/person\\\/f243f45ae8d67639120a7586884f3abc\",\"name\":\"Redac\u00e7\u00e3o\",\"image\":{\"@type\":\"ImageObject\",\"inLanguage\":\"pt-PT\",\"@id\":\"https:\\\/\\\/secure.gravatar.com\\\/avatar\\\/151b1b76c598ab5e749407223bd6c1bad4e41c4e95de3c3df83540ebee2deaf8?s=96&d=mm&r=g\",\"url\":\"https:\\\/\\\/secure.gravatar.com\\\/avatar\\\/151b1b76c598ab5e749407223bd6c1bad4e41c4e95de3c3df83540ebee2deaf8?s=96&d=mm&r=g\",\"contentUrl\":\"https:\\\/\\\/secure.gravatar.com\\\/avatar\\\/151b1b76c598ab5e749407223bd6c1bad4e41c4e95de3c3df83540ebee2deaf8?s=96&d=mm&r=g\",\"caption\":\"Redac\u00e7\u00e3o\"}}]}<\/script>\n<!-- \/ Yoast SEO plugin. -->","yoast_head_json":{"title":"Facebook e Instagram lan\u00e7am novas ferramentas para gerir o tempo que passa nestas aplica\u00e7\u00f5es | Infocul.pt - Arquivo Digital","description":"Facebook e Instagram lan\u00e7am novas ferramentas para gerir o tempo que passa nestas aplica\u00e7\u00f5es | Infocul.pt - Arquivo Digital","robots":{"index":"noindex","follow":"follow","max-snippet":"max-snippet:-1","max-image-preview":"max-image-preview:large","max-video-preview":"max-video-preview:-1"},"og_locale":"pt_PT","og_type":"article","og_title":"Facebook e Instagram lan\u00e7am novas ferramentas para gerir o tempo que passa nestas aplica\u00e7\u00f5es | Infocul.pt - Arquivo Digital","og_description":"Facebook e Instagram lan\u00e7am novas ferramentas para gerir o tempo que passa nestas aplica\u00e7\u00f5es | Infocul.pt - Arquivo Digital","og_url":"https:\/\/infocul.pt\/arquivo\/actualidade\/facebook-e-instagram-lancam-novas-ferramentas-para-gerir-o-tempo-que-passa-nestas-aplicacoes\/","og_site_name":"Infocul.pt - Arquivo Digital","article_publisher":"https:\/\/www.facebook.com\/Infocul-147816815585015\/","article_published_time":"2018-08-03T23:00:44+00:00","og_image":[{"width":2800,"height":1600,"url":"https:\/\/infocul.pt\/arquivo\/wp-content\/uploads\/2018\/08\/EN_Press-Mocks_7.26.18.png","type":"image\/png"}],"author":"Redac\u00e7\u00e3o","twitter_card":"summary_large_image","twitter_creator":"@Infoculpt","twitter_site":"@Infoculpt","twitter_misc":{"Escrito por":"Redac\u00e7\u00e3o","Tempo estimado de leitura":"4 minutos"},"schema":{"@context":"https:\/\/schema.org","@graph":[{"@type":"Article","@id":"https:\/\/infocul.pt\/arquivo\/actualidade\/facebook-e-instagram-lancam-novas-ferramentas-para-gerir-o-tempo-que-passa-nestas-aplicacoes\/#article","isPartOf":{"@id":"https:\/\/infocul.pt\/arquivo\/actualidade\/facebook-e-instagram-lancam-novas-ferramentas-para-gerir-o-tempo-que-passa-nestas-aplicacoes\/"},"author":{"name":"Redac\u00e7\u00e3o","@id":"https:\/\/infocul.pt\/arquivo\/#\/schema\/person\/f243f45ae8d67639120a7586884f3abc"},"headline":"Facebook e Instagram lan\u00e7am novas ferramentas para gerir o tempo que passa nestas aplica\u00e7\u00f5es","datePublished":"2018-08-03T23:00:44+00:00","mainEntityOfPage":{"@id":"https:\/\/infocul.pt\/arquivo\/actualidade\/facebook-e-instagram-lancam-novas-ferramentas-para-gerir-o-tempo-que-passa-nestas-aplicacoes\/"},"wordCount":771,"commentCount":0,"publisher":{"@id":"https:\/\/infocul.pt\/arquivo\/#organization"},"image":{"@id":"https:\/\/infocul.pt\/arquivo\/actualidade\/facebook-e-instagram-lancam-novas-ferramentas-para-gerir-o-tempo-que-passa-nestas-aplicacoes\/#primaryimage"},"thumbnailUrl":"https:\/\/infocul.pt\/arquivo\/wp-content\/uploads\/2018\/08\/EN_Press-Mocks_7.26.18.png","keywords":["Facebook","Instagram"],"articleSection":["Actualidade","Mundo"],"inLanguage":"pt-PT"},{"@type":"WebPage","@id":"https:\/\/infocul.pt\/arquivo\/actualidade\/facebook-e-instagram-lancam-novas-ferramentas-para-gerir-o-tempo-que-passa-nestas-aplicacoes\/","url":"https:\/\/infocul.pt\/arquivo\/actualidade\/facebook-e-instagram-lancam-novas-ferramentas-para-gerir-o-tempo-que-passa-nestas-aplicacoes\/","name":"Facebook e Instagram lan\u00e7am novas ferramentas para gerir o tempo que passa nestas aplica\u00e7\u00f5es | Infocul.pt - Arquivo Digital","isPartOf":{"@id":"https:\/\/infocul.pt\/arquivo\/#website"},"primaryImageOfPage":{"@id":"https:\/\/infocul.pt\/arquivo\/actualidade\/facebook-e-instagram-lancam-novas-ferramentas-para-gerir-o-tempo-que-passa-nestas-aplicacoes\/#primaryimage"},"image":{"@id":"https:\/\/infocul.pt\/arquivo\/actualidade\/facebook-e-instagram-lancam-novas-ferramentas-para-gerir-o-tempo-que-passa-nestas-aplicacoes\/#primaryimage"},"thumbnailUrl":"https:\/\/infocul.pt\/arquivo\/wp-content\/uploads\/2018\/08\/EN_Press-Mocks_7.26.18.png","datePublished":"2018-08-03T23:00:44+00:00","description":"Facebook e Instagram lan\u00e7am novas ferramentas para gerir o tempo que passa nestas aplica\u00e7\u00f5es | Infocul.pt - Arquivo Digital","breadcrumb":{"@id":"https:\/\/infocul.pt\/arquivo\/actualidade\/facebook-e-instagram-lancam-novas-ferramentas-para-gerir-o-tempo-que-passa-nestas-aplicacoes\/#breadcrumb"},"inLanguage":"pt-PT","potentialAction":[{"@type":"ReadAction","target":["https:\/\/infocul.pt\/arquivo\/actualidade\/facebook-e-instagram-lancam-novas-ferramentas-para-gerir-o-tempo-que-passa-nestas-aplicacoes\/"]}]},{"@type":"ImageObject","inLanguage":"pt-PT","@id":"https:\/\/infocul.pt\/arquivo\/actualidade\/facebook-e-instagram-lancam-novas-ferramentas-para-gerir-o-tempo-que-passa-nestas-aplicacoes\/#primaryimage","url":"https:\/\/infocul.pt\/arquivo\/wp-content\/uploads\/2018\/08\/EN_Press-Mocks_7.26.18.png","contentUrl":"https:\/\/infocul.pt\/arquivo\/wp-content\/uploads\/2018\/08\/EN_Press-Mocks_7.26.18.png","width":2800,"height":1600},{"@type":"BreadcrumbList","@id":"https:\/\/infocul.pt\/arquivo\/actualidade\/facebook-e-instagram-lancam-novas-ferramentas-para-gerir-o-tempo-que-passa-nestas-aplicacoes\/#breadcrumb","itemListElement":[{"@type":"ListItem","position":1,"name":"Home","item":"https:\/\/infocul.pt\/arquivo\/"},{"@type":"ListItem","position":2,"name":"Facebook e Instagram lan\u00e7am novas ferramentas para gerir o tempo que passa nestas aplica\u00e7\u00f5es"}]},{"@type":"WebSite","@id":"https:\/\/infocul.pt\/arquivo\/#website","url":"https:\/\/infocul.pt\/arquivo\/","name":"Infocul.pt - Arquivo Digital","description":"Arquivo digital da Infocul.pt","publisher":{"@id":"https:\/\/infocul.pt\/arquivo\/#organization"},"potentialAction":[{"@type":"SearchAction","target":{"@type":"EntryPoint","urlTemplate":"https:\/\/infocul.pt\/arquivo\/?s={search_term_string}"},"query-input":{"@type":"PropertyValueSpecification","valueRequired":true,"valueName":"search_term_string"}}],"inLanguage":"pt-PT"},{"@type":"Organization","@id":"https:\/\/infocul.pt\/arquivo\/#organization","name":"Infocul.pt","url":"https:\/\/infocul.pt\/arquivo\/","logo":{"@type":"ImageObject","inLanguage":"pt-PT","@id":"https:\/\/infocul.pt\/arquivo\/#\/schema\/logo\/image\/","url":"https:\/\/infocul.pt\/arquivo\/wp-content\/uploads\/2018\/12\/Infocul_logo-1.png","contentUrl":"https:\/\/infocul.pt\/arquivo\/wp-content\/uploads\/2018\/12\/Infocul_logo-1.png","width":800,"height":800,"caption":"Infocul.pt"},"image":{"@id":"https:\/\/infocul.pt\/arquivo\/#\/schema\/logo\/image\/"},"sameAs":["https:\/\/www.facebook.com\/Infocul-147816815585015\/","https:\/\/x.com\/Infoculpt","http:\/\/www.pictaram.com\/user\/infocul.pt\/2370423710","https:\/\/www.youtube.com\/channel\/UCYEB91AGI9FL9ek2i_IaQAA"]},{"@type":"Person","@id":"https:\/\/infocul.pt\/arquivo\/#\/schema\/person\/f243f45ae8d67639120a7586884f3abc","name":"Redac\u00e7\u00e3o","image":{"@type":"ImageObject","inLanguage":"pt-PT","@id":"https:\/\/secure.gravatar.com\/avatar\/151b1b76c598ab5e749407223bd6c1bad4e41c4e95de3c3df83540ebee2deaf8?s=96&d=mm&r=g","url":"https:\/\/secure.gravatar.com\/avatar\/151b1b76c598ab5e749407223bd6c1bad4e41c4e95de3c3df83540ebee2deaf8?s=96&d=mm&r=g","contentUrl":"https:\/\/secure.gravatar.com\/avatar\/151b1b76c598ab5e749407223bd6c1bad4e41c4e95de3c3df83540ebee2deaf8?s=96&d=mm&r=g","caption":"Redac\u00e7\u00e3o"}}]}},"_links":{"self":[{"href":"https:\/\/infocul.pt\/arquivo\/wp-json\/wp\/v2\/posts\/45644","targetHints":{"allow":["GET"]}}],"collection":[{"href":"https:\/\/infocul.pt\/arquivo\/wp-json\/wp\/v2\/posts"}],"about":[{"href":"https:\/\/infocul.pt\/arquivo\/wp-json\/wp\/v2\/types\/post"}],"author":[{"embeddable":true,"href":"https:\/\/infocul.pt\/arquivo\/wp-json\/wp\/v2\/users\/13"}],"replies":[{"embeddable":true,"href":"https:\/\/infocul.pt\/arquivo\/wp-json\/wp\/v2\/comments?post=45644"}],"version-history":[{"count":0,"href":"https:\/\/infocul.pt\/arquivo\/wp-json\/wp\/v2\/posts\/45644\/revisions"}],"wp:featuredmedia":[{"embeddable":true,"href":"https:\/\/infocul.pt\/arquivo\/wp-json\/wp\/v2\/media\/45645"}],"wp:attachment":[{"href":"https:\/\/infocul.pt\/arquivo\/wp-json\/wp\/v2\/media?parent=45644"}],"wp:term":[{"taxonomy":"category","embeddable":true,"href":"https:\/\/infocul.pt\/arquivo\/wp-json\/wp\/v2\/categories?post=45644"},{"taxonomy":"post_tag","embeddable":true,"href":"https:\/\/infocul.pt\/arquivo\/wp-json\/wp\/v2\/tags?post=45644"}],"curies":[{"name":"wp","href":"https:\/\/api.w.org\/{rel}","templated":true}]}}