{"id":4568,"date":"2016-03-20T11:00:14","date_gmt":"2016-03-20T11:00:14","guid":{"rendered":"http:\/\/infocul.pt\/?p=4568"},"modified":"2016-03-20T12:37:30","modified_gmt":"2016-03-20T12:37:30","slug":"carnide-homenageou-antonio-torrado-em-momento-dedicado-ao-dia-mundial-do-teatro","status":"publish","type":"post","link":"https:\/\/infocul.pt\/arquivo\/cultura\/carnide-homenageou-antonio-torrado-em-momento-dedicado-ao-dia-mundial-do-teatro\/","title":{"rendered":"Carnide homenageou Ant\u00f3nio Torrado em momento dedicado ao Dia Mundial do Teatro"},"content":{"rendered":"<p><!-- Nextend Smart Slider 3 #83 - BEGIN --><\/p>\n<p>                    <img decoding=\"async\" title=\"\" class=\"n2-ss-slide-background-image n2-ss-slide-fill lazyload\" style=\"opacity: 1;\" alt=\"\" data-src=\"\/\/infocul.pt\/wp-content\/uploads\/2016\/03\/Homenagem-a-Ant\u00f3nio-Torrado11.jpg\" src=\"data:image\/svg+xml;base64,PHN2ZyB3aWR0aD0iMSIgaGVpZ2h0PSIxIiB4bWxucz0iaHR0cDovL3d3dy53My5vcmcvMjAwMC9zdmciPjwvc3ZnPg==\"><img decoding=\"async\" title=\"\" class=\"n2-ss-slide-background-image n2-ss-slide-fill lazyload\" style=\"opacity: 1;\" alt=\"\" data-src=\"\/\/infocul.pt\/wp-content\/uploads\/2016\/03\/Homenagem-a-Ant\u00f3nio-Torrado01.jpg\" src=\"data:image\/svg+xml;base64,PHN2ZyB3aWR0aD0iMSIgaGVpZ2h0PSIxIiB4bWxucz0iaHR0cDovL3d3dy53My5vcmcvMjAwMC9zdmciPjwvc3ZnPg==\"><img decoding=\"async\" title=\"\" class=\"n2-ss-slide-background-image n2-ss-slide-fill lazyload\" style=\"opacity: 1;\" alt=\"\" data-src=\"\/\/infocul.pt\/wp-content\/uploads\/2016\/03\/Homenagem-a-Ant\u00f3nio-Torrado02.jpg\" src=\"data:image\/svg+xml;base64,PHN2ZyB3aWR0aD0iMSIgaGVpZ2h0PSIxIiB4bWxucz0iaHR0cDovL3d3dy53My5vcmcvMjAwMC9zdmciPjwvc3ZnPg==\"><img decoding=\"async\" title=\"\" class=\"n2-ss-slide-background-image n2-ss-slide-fill lazyload\" style=\"opacity: 1;\" alt=\"\" data-src=\"\/\/infocul.pt\/wp-content\/uploads\/2016\/03\/Homenagem-a-Ant\u00f3nio-Torrado03.jpg\" src=\"data:image\/svg+xml;base64,PHN2ZyB3aWR0aD0iMSIgaGVpZ2h0PSIxIiB4bWxucz0iaHR0cDovL3d3dy53My5vcmcvMjAwMC9zdmciPjwvc3ZnPg==\"><img decoding=\"async\" title=\"\" class=\"n2-ss-slide-background-image n2-ss-slide-fill lazyload\" style=\"opacity: 1;\" alt=\"\" data-src=\"\/\/infocul.pt\/wp-content\/uploads\/2016\/03\/Homenagem-a-Ant\u00f3nio-Torrado04.jpg\" src=\"data:image\/svg+xml;base64,PHN2ZyB3aWR0aD0iMSIgaGVpZ2h0PSIxIiB4bWxucz0iaHR0cDovL3d3dy53My5vcmcvMjAwMC9zdmciPjwvc3ZnPg==\"><img decoding=\"async\" title=\"\" class=\"n2-ss-slide-background-image n2-ss-slide-fill lazyload\" style=\"opacity: 1;\" alt=\"\" data-src=\"\/\/infocul.pt\/wp-content\/uploads\/2016\/03\/Homenagem-a-Ant\u00f3nio-Torrado05.jpg\" src=\"data:image\/svg+xml;base64,PHN2ZyB3aWR0aD0iMSIgaGVpZ2h0PSIxIiB4bWxucz0iaHR0cDovL3d3dy53My5vcmcvMjAwMC9zdmciPjwvc3ZnPg==\"><img decoding=\"async\" title=\"\" class=\"n2-ss-slide-background-image n2-ss-slide-fill lazyload\" style=\"opacity: 1;\" alt=\"\" data-src=\"\/\/infocul.pt\/wp-content\/uploads\/2016\/03\/Homenagem-a-Ant\u00f3nio-Torrado06.jpg\" src=\"data:image\/svg+xml;base64,PHN2ZyB3aWR0aD0iMSIgaGVpZ2h0PSIxIiB4bWxucz0iaHR0cDovL3d3dy53My5vcmcvMjAwMC9zdmciPjwvc3ZnPg==\"><img decoding=\"async\" title=\"\" class=\"n2-ss-slide-background-image n2-ss-slide-fill lazyload\" style=\"opacity: 1;\" alt=\"\" data-src=\"\/\/infocul.pt\/wp-content\/uploads\/2016\/03\/Homenagem-a-Ant\u00f3nio-Torrado07.jpg\" src=\"data:image\/svg+xml;base64,PHN2ZyB3aWR0aD0iMSIgaGVpZ2h0PSIxIiB4bWxucz0iaHR0cDovL3d3dy53My5vcmcvMjAwMC9zdmciPjwvc3ZnPg==\"><img decoding=\"async\" title=\"\" class=\"n2-ss-slide-background-image n2-ss-slide-fill lazyload\" style=\"opacity: 1;\" alt=\"\" data-src=\"\/\/infocul.pt\/wp-content\/uploads\/2016\/03\/Homenagem-a-Ant\u00f3nio-Torrado08.jpg\" src=\"data:image\/svg+xml;base64,PHN2ZyB3aWR0aD0iMSIgaGVpZ2h0PSIxIiB4bWxucz0iaHR0cDovL3d3dy53My5vcmcvMjAwMC9zdmciPjwvc3ZnPg==\"><img decoding=\"async\" title=\"\" class=\"n2-ss-slide-background-image n2-ss-slide-fill lazyload\" style=\"opacity: 1;\" alt=\"\" data-src=\"\/\/infocul.pt\/wp-content\/uploads\/2016\/03\/Homenagem-a-Ant\u00f3nio-Torrado09.jpg\" src=\"data:image\/svg+xml;base64,PHN2ZyB3aWR0aD0iMSIgaGVpZ2h0PSIxIiB4bWxucz0iaHR0cDovL3d3dy53My5vcmcvMjAwMC9zdmciPjwvc3ZnPg==\"><img decoding=\"async\" title=\"\" class=\"n2-ss-slide-background-image n2-ss-slide-fill lazyload\" style=\"opacity: 1;\" alt=\"\" data-src=\"\/\/infocul.pt\/wp-content\/uploads\/2016\/03\/Homenagem-a-Ant\u00f3nio-Torrado10.jpg\" src=\"data:image\/svg+xml;base64,PHN2ZyB3aWR0aD0iMSIgaGVpZ2h0PSIxIiB4bWxucz0iaHR0cDovL3d3dy53My5vcmcvMjAwMC9zdmciPjwvc3ZnPg==\"><img decoding=\"async\" title=\"\" class=\"n2-ss-slide-background-image n2-ss-slide-fill lazyload\" style=\"opacity: 1;\" alt=\"\" data-src=\"\/\/infocul.pt\/wp-content\/uploads\/2016\/03\/Homenagem-a-Ant\u00f3nio-Torrado11-1.jpg\" src=\"data:image\/svg+xml;base64,PHN2ZyB3aWR0aD0iMSIgaGVpZ2h0PSIxIiB4bWxucz0iaHR0cDovL3d3dy53My5vcmcvMjAwMC9zdmciPjwvc3ZnPg==\"><img decoding=\"async\" title=\"\" class=\"n2-ss-slide-background-image n2-ss-slide-fill lazyload\" style=\"opacity: 1;\" alt=\"\" data-src=\"\/\/infocul.pt\/wp-content\/uploads\/2016\/03\/Homenagem-a-Ant\u00f3nio-Torrado12.jpg\" src=\"data:image\/svg+xml;base64,PHN2ZyB3aWR0aD0iMSIgaGVpZ2h0PSIxIiB4bWxucz0iaHR0cDovL3d3dy53My5vcmcvMjAwMC9zdmciPjwvc3ZnPg==\"><img decoding=\"async\" title=\"\" class=\"n2-ss-slide-background-image n2-ss-slide-fill lazyload\" style=\"opacity: 1;\" alt=\"\" data-src=\"\/\/infocul.pt\/wp-content\/uploads\/2016\/03\/Homenagem-a-Ant\u00f3nio-Torrado13.jpg\" src=\"data:image\/svg+xml;base64,PHN2ZyB3aWR0aD0iMSIgaGVpZ2h0PSIxIiB4bWxucz0iaHR0cDovL3d3dy53My5vcmcvMjAwMC9zdmciPjwvc3ZnPg==\"><img decoding=\"async\" title=\"\" class=\"n2-ss-slide-background-image n2-ss-slide-fill lazyload\" style=\"opacity: 1;\" alt=\"\" data-src=\"\/\/infocul.pt\/wp-content\/uploads\/2016\/03\/Homenagem-a-Ant\u00f3nio-Torrado14.jpg\" src=\"data:image\/svg+xml;base64,PHN2ZyB3aWR0aD0iMSIgaGVpZ2h0PSIxIiB4bWxucz0iaHR0cDovL3d3dy53My5vcmcvMjAwMC9zdmciPjwvc3ZnPg==\"><img decoding=\"async\" title=\"\" class=\"n2-ss-slide-background-image n2-ss-slide-fill lazyload\" style=\"opacity: 1;\" alt=\"\" data-src=\"\/\/infocul.pt\/wp-content\/uploads\/2016\/03\/Homenagem-a-Ant\u00f3nio-Torrado15.jpg\" src=\"data:image\/svg+xml;base64,PHN2ZyB3aWR0aD0iMSIgaGVpZ2h0PSIxIiB4bWxucz0iaHR0cDovL3d3dy53My5vcmcvMjAwMC9zdmciPjwvc3ZnPg==\"><img decoding=\"async\" title=\"\" class=\"n2-ss-slide-background-image n2-ss-slide-fill lazyload\" style=\"opacity: 1;\" alt=\"\" data-src=\"\/\/infocul.pt\/wp-content\/uploads\/2016\/03\/Homenagem-a-Ant\u00f3nio-Torrado16.jpg\" src=\"data:image\/svg+xml;base64,PHN2ZyB3aWR0aD0iMSIgaGVpZ2h0PSIxIiB4bWxucz0iaHR0cDovL3d3dy53My5vcmcvMjAwMC9zdmciPjwvc3ZnPg==\"><img decoding=\"async\" title=\"\" class=\"n2-ss-slide-background-image n2-ss-slide-fill lazyload\" style=\"opacity: 1;\" alt=\"\" data-src=\"\/\/infocul.pt\/wp-content\/uploads\/2016\/03\/Homenagem-a-Ant\u00f3nio-Torrado17.jpg\" src=\"data:image\/svg+xml;base64,PHN2ZyB3aWR0aD0iMSIgaGVpZ2h0PSIxIiB4bWxucz0iaHR0cDovL3d3dy53My5vcmcvMjAwMC9zdmciPjwvc3ZnPg==\"><img decoding=\"async\" title=\"\" class=\"n2-ss-slide-background-image n2-ss-slide-fill lazyload\" style=\"opacity: 1;\" alt=\"\" data-src=\"\/\/infocul.pt\/wp-content\/uploads\/2016\/03\/Homenagem-a-Ant\u00f3nio-Torrado18.jpg\" src=\"data:image\/svg+xml;base64,PHN2ZyB3aWR0aD0iMSIgaGVpZ2h0PSIxIiB4bWxucz0iaHR0cDovL3d3dy53My5vcmcvMjAwMC9zdmciPjwvc3ZnPg==\"><img decoding=\"async\" title=\"\" class=\"n2-ss-slide-background-image n2-ss-slide-fill lazyload\" style=\"opacity: 1;\" alt=\"\" data-src=\"\/\/infocul.pt\/wp-content\/uploads\/2016\/03\/Homenagem-a-Ant\u00f3nio-Torrado19.jpg\" src=\"data:image\/svg+xml;base64,PHN2ZyB3aWR0aD0iMSIgaGVpZ2h0PSIxIiB4bWxucz0iaHR0cDovL3d3dy53My5vcmcvMjAwMC9zdmciPjwvc3ZnPg==\"><img decoding=\"async\" title=\"\" class=\"n2-ss-slide-background-image n2-ss-slide-fill lazyload\" style=\"opacity: 1;\" alt=\"\" data-src=\"\/\/infocul.pt\/wp-content\/uploads\/2016\/03\/Homenagem-a-Ant\u00f3nio-Torrado20.jpg\" src=\"data:image\/svg+xml;base64,PHN2ZyB3aWR0aD0iMSIgaGVpZ2h0PSIxIiB4bWxucz0iaHR0cDovL3d3dy53My5vcmcvMjAwMC9zdmciPjwvc3ZnPg==\"><img decoding=\"async\" title=\"\" class=\"n2-ss-slide-background-image n2-ss-slide-fill lazyload\" style=\"opacity: 1;\" alt=\"\" data-src=\"\/\/infocul.pt\/wp-content\/uploads\/2016\/03\/Homenagem-a-Ant\u00f3nio-Torrado21.jpg\" src=\"data:image\/svg+xml;base64,PHN2ZyB3aWR0aD0iMSIgaGVpZ2h0PSIxIiB4bWxucz0iaHR0cDovL3d3dy53My5vcmcvMjAwMC9zdmciPjwvc3ZnPg==\"><img decoding=\"async\" title=\"\" class=\"n2-ss-slide-background-image n2-ss-slide-fill lazyload\" style=\"opacity: 1;\" alt=\"\" data-src=\"\/\/infocul.pt\/wp-content\/uploads\/2016\/03\/Homenagem-a-Ant\u00f3nio-Torrado22.jpg\" src=\"data:image\/svg+xml;base64,PHN2ZyB3aWR0aD0iMSIgaGVpZ2h0PSIxIiB4bWxucz0iaHR0cDovL3d3dy53My5vcmcvMjAwMC9zdmciPjwvc3ZnPg==\"><img decoding=\"async\" title=\"\" class=\"n2-ss-slide-background-image n2-ss-slide-fill lazyload\" style=\"opacity: 1;\" alt=\"\" data-src=\"\/\/infocul.pt\/wp-content\/uploads\/2016\/03\/Homenagem-a-Ant\u00f3nio-Torrado23.jpg\" src=\"data:image\/svg+xml;base64,PHN2ZyB3aWR0aD0iMSIgaGVpZ2h0PSIxIiB4bWxucz0iaHR0cDovL3d3dy53My5vcmcvMjAwMC9zdmciPjwvc3ZnPg==\"><img decoding=\"async\" title=\"\" class=\"n2-ss-slide-background-image n2-ss-slide-fill lazyload\" style=\"opacity: 1;\" alt=\"\" data-src=\"\/\/infocul.pt\/wp-content\/uploads\/2016\/03\/Ant\u00f3nio-Barros01.jpg\" src=\"data:image\/svg+xml;base64,PHN2ZyB3aWR0aD0iMSIgaGVpZ2h0PSIxIiB4bWxucz0iaHR0cDovL3d3dy53My5vcmcvMjAwMC9zdmciPjwvc3ZnPg==\"><img decoding=\"async\" title=\"\" class=\"n2-ss-slide-background-image n2-ss-slide-fill lazyload\" style=\"opacity: 1;\" alt=\"\" data-src=\"\/\/infocul.pt\/wp-content\/uploads\/2016\/03\/Ant\u00f3nio-Barros02.jpg\" src=\"data:image\/svg+xml;base64,PHN2ZyB3aWR0aD0iMSIgaGVpZ2h0PSIxIiB4bWxucz0iaHR0cDovL3d3dy53My5vcmcvMjAwMC9zdmciPjwvc3ZnPg==\"><img decoding=\"async\" title=\"\" class=\"n2-ss-slide-background-image n2-ss-slide-fill lazyload\" style=\"opacity: 1;\" alt=\"\" data-src=\"\/\/infocul.pt\/wp-content\/uploads\/2016\/03\/Ant\u00f3nio-Torrado01.jpg\" src=\"data:image\/svg+xml;base64,PHN2ZyB3aWR0aD0iMSIgaGVpZ2h0PSIxIiB4bWxucz0iaHR0cDovL3d3dy53My5vcmcvMjAwMC9zdmciPjwvc3ZnPg==\"><img decoding=\"async\" title=\"\" class=\"n2-ss-slide-background-image n2-ss-slide-fill lazyload\" style=\"opacity: 1;\" alt=\"\" data-src=\"\/\/infocul.pt\/wp-content\/uploads\/2016\/03\/Ant\u00f3nio-Torrado02.jpg\" src=\"data:image\/svg+xml;base64,PHN2ZyB3aWR0aD0iMSIgaGVpZ2h0PSIxIiB4bWxucz0iaHR0cDovL3d3dy53My5vcmcvMjAwMC9zdmciPjwvc3ZnPg==\"><img decoding=\"async\" title=\"\" class=\"n2-ss-slide-background-image n2-ss-slide-fill lazyload\" style=\"opacity: 1;\" alt=\"\" data-src=\"\/\/infocul.pt\/wp-content\/uploads\/2016\/03\/Ant\u00f3nio-Torrado03.jpg\" src=\"data:image\/svg+xml;base64,PHN2ZyB3aWR0aD0iMSIgaGVpZ2h0PSIxIiB4bWxucz0iaHR0cDovL3d3dy53My5vcmcvMjAwMC9zdmciPjwvc3ZnPg==\"><img decoding=\"async\" title=\"\" class=\"n2-ss-slide-background-image n2-ss-slide-fill lazyload\" style=\"opacity: 1;\" alt=\"\" data-src=\"\/\/infocul.pt\/wp-content\/uploads\/2016\/03\/Ant\u00f3nio-Torrado04.jpg\" src=\"data:image\/svg+xml;base64,PHN2ZyB3aWR0aD0iMSIgaGVpZ2h0PSIxIiB4bWxucz0iaHR0cDovL3d3dy53My5vcmcvMjAwMC9zdmciPjwvc3ZnPg==\"><img decoding=\"async\" title=\"\" class=\"n2-ss-slide-background-image n2-ss-slide-fill lazyload\" style=\"opacity: 1;\" alt=\"\" data-src=\"\/\/infocul.pt\/wp-content\/uploads\/2016\/03\/Carla-Chambel-01.jpg\" src=\"data:image\/svg+xml;base64,PHN2ZyB3aWR0aD0iMSIgaGVpZ2h0PSIxIiB4bWxucz0iaHR0cDovL3d3dy53My5vcmcvMjAwMC9zdmciPjwvc3ZnPg==\"><img decoding=\"async\" title=\"\" class=\"n2-ss-slide-background-image n2-ss-slide-fill lazyload\" style=\"opacity: 1;\" alt=\"\" data-src=\"\/\/infocul.pt\/wp-content\/uploads\/2016\/03\/Carla-Chambel-02.jpg\" src=\"data:image\/svg+xml;base64,PHN2ZyB3aWR0aD0iMSIgaGVpZ2h0PSIxIiB4bWxucz0iaHR0cDovL3d3dy53My5vcmcvMjAwMC9zdmciPjwvc3ZnPg==\"><img decoding=\"async\" title=\"\" class=\"n2-ss-slide-background-image n2-ss-slide-fill lazyload\" style=\"opacity: 1;\" alt=\"\" data-src=\"\/\/infocul.pt\/wp-content\/uploads\/2016\/03\/Carla-Chambel-03.jpg\" src=\"data:image\/svg+xml;base64,PHN2ZyB3aWR0aD0iMSIgaGVpZ2h0PSIxIiB4bWxucz0iaHR0cDovL3d3dy53My5vcmcvMjAwMC9zdmciPjwvc3ZnPg==\"><img decoding=\"async\" title=\"\" class=\"n2-ss-slide-background-image n2-ss-slide-fill lazyload\" style=\"opacity: 1;\" alt=\"\" data-src=\"\/\/infocul.pt\/wp-content\/uploads\/2016\/03\/Carla-Chambel-04.jpg\" src=\"data:image\/svg+xml;base64,PHN2ZyB3aWR0aD0iMSIgaGVpZ2h0PSIxIiB4bWxucz0iaHR0cDovL3d3dy53My5vcmcvMjAwMC9zdmciPjwvc3ZnPg==\"><img decoding=\"async\" title=\"\" class=\"n2-ss-slide-background-image n2-ss-slide-fill lazyload\" style=\"opacity: 1;\" alt=\"\" data-src=\"\/\/infocul.pt\/wp-content\/uploads\/2016\/03\/Carla-Chambel-05.jpg\" src=\"data:image\/svg+xml;base64,PHN2ZyB3aWR0aD0iMSIgaGVpZ2h0PSIxIiB4bWxucz0iaHR0cDovL3d3dy53My5vcmcvMjAwMC9zdmciPjwvc3ZnPg==\"><img decoding=\"async\" title=\"\" class=\"n2-ss-slide-background-image n2-ss-slide-fill lazyload\" style=\"opacity: 1;\" alt=\"\" data-src=\"\/\/infocul.pt\/wp-content\/uploads\/2016\/03\/Carla-Chambel-06.jpg\" src=\"data:image\/svg+xml;base64,PHN2ZyB3aWR0aD0iMSIgaGVpZ2h0PSIxIiB4bWxucz0iaHR0cDovL3d3dy53My5vcmcvMjAwMC9zdmciPjwvc3ZnPg==\"><img decoding=\"async\" title=\"\" class=\"n2-ss-slide-background-image n2-ss-slide-fill lazyload\" style=\"opacity: 1;\" alt=\"\" data-src=\"\/\/infocul.pt\/wp-content\/uploads\/2016\/03\/Fl\u00e1vio-Sousa-01.jpg\" src=\"data:image\/svg+xml;base64,PHN2ZyB3aWR0aD0iMSIgaGVpZ2h0PSIxIiB4bWxucz0iaHR0cDovL3d3dy53My5vcmcvMjAwMC9zdmciPjwvc3ZnPg==\"><img decoding=\"async\" title=\"\" class=\"n2-ss-slide-background-image n2-ss-slide-fill lazyload\" style=\"opacity: 1;\" alt=\"\" data-src=\"\/\/infocul.pt\/wp-content\/uploads\/2016\/03\/Fl\u00e1vio-Sousa-02.jpg\" src=\"data:image\/svg+xml;base64,PHN2ZyB3aWR0aD0iMSIgaGVpZ2h0PSIxIiB4bWxucz0iaHR0cDovL3d3dy53My5vcmcvMjAwMC9zdmciPjwvc3ZnPg==\"><img decoding=\"async\" title=\"\" class=\"n2-ss-slide-background-image n2-ss-slide-fill lazyload\" style=\"opacity: 1;\" alt=\"\" data-src=\"\/\/infocul.pt\/wp-content\/uploads\/2016\/03\/Fl\u00e1vio-Sousa-03.jpg\" src=\"data:image\/svg+xml;base64,PHN2ZyB3aWR0aD0iMSIgaGVpZ2h0PSIxIiB4bWxucz0iaHR0cDovL3d3dy53My5vcmcvMjAwMC9zdmciPjwvc3ZnPg==\">                <\/p>\n<p>        <img decoding=\"async\" alt=\"arrow\" src=\"data:image\/svg+xml;base64,PHN2ZyB3aWR0aD0iMzIiIGhlaWdodD0iMzIiIHZpZXdCb3g9IjAgMCAzMiAzMiIgeG1sbnM9Imh0dHA6Ly93d3cudzMub3JnLzIwMDAvc3ZnIj48cGF0aCBkPSJNMTEuNDMzIDE1Ljk5MkwyMi42OSA1LjcxMmMuMzkzLS4zOS4zOTMtMS4wMyAwLTEuNDItLjM5My0uMzktMS4wMy0uMzktMS40MjMgMGwtMTEuOTggMTAuOTRjLS4yMS4yMS0uMy40OS0uMjg1Ljc2LS4wMTUuMjguMDc1LjU2LjI4NC43N2wxMS45OCAxMC45NGMuMzkzLjM5IDEuMDMuMzkgMS40MjQgMCAuMzkzLS40LjM5My0xLjAzIDAtMS40MmwtMTEuMjU3LTEwLjI5IiBmaWxsPSIjZmZmZmZmIiBvcGFjaXR5PSIwLjgiIGZpbGwtcnVsZT0iZXZlbm9kZCIvPjwvc3ZnPg==\"><img decoding=\"async\" alt=\"arrow\" src=\"data:image\/svg+xml;base64,PHN2ZyB3aWR0aD0iMzIiIGhlaWdodD0iMzIiIHZpZXdCb3g9IjAgMCAzMiAzMiIgeG1sbnM9Imh0dHA6Ly93d3cudzMub3JnLzIwMDAvc3ZnIj48cGF0aCBkPSJNMTAuNzIyIDQuMjkzYy0uMzk0LS4zOS0xLjAzMi0uMzktMS40MjcgMC0uMzkzLjM5LS4zOTMgMS4wMyAwIDEuNDJsMTEuMjgzIDEwLjI4LTExLjI4MyAxMC4yOWMtLjM5My4zOS0uMzkzIDEuMDIgMCAxLjQyLjM5NS4zOSAxLjAzMy4zOSAxLjQyNyAwbDEyLjAwNy0xMC45NGMuMjEtLjIxLjMtLjQ5LjI4NC0uNzcuMDE0LS4yNy0uMDc2LS41NS0uMjg2LS43NkwxMC43MiA0LjI5M3oiIGZpbGw9IiNmZmZmZmYiIG9wYWNpdHk9IjAuOCIgZmlsbC1ydWxlPSJldmVub2RkIi8+PC9zdmc+\"><br \/>\n<img decoding=\"async\" class=\"nextend-thumbnail-button nextend-thumbnail-previous\" alt=\"\" src=\"data:image\/svg+xml;base64,PHN2ZyB3aWR0aD0iMjYiIGhlaWdodD0iMjYiIHhtbG5zPSJodHRwOi8vd3d3LnczLm9yZy8yMDAwL3N2ZyI+CiAgICA8ZyBmaWxsPSJub25lIiBmaWxsLXJ1bGU9ImV2ZW5vZGQiPgogICAgICAgIDxjaXJjbGUgc3Ryb2tlPSIjZmZmIiBzdHJva2Utd2lkdGg9IjIiIG9wYWNpdHk9Ii41IiBmaWxsPSIjMDAwIiBjeD0iMTMiIGN5PSIxMyIgcj0iMTIiLz4KICAgICAgICA8cGF0aCBkPSJNMTMuNDM1IDkuMTc4Yy0uMTI2LS4xMjEtLjI3LS4xODItLjQzNi0uMTgyLS4xNjQgMC0uMzA2LjA2MS0uNDI4LjE4MmwtNC4zOCA0LjE3NWMtLjEyNi4xMjEtLjE4OC4yNjItLjE4OC40MjQgMCAuMTYxLjA2Mi4zMDIuMTg4LjQyM2wuNjUuNjIyYy4xMjYuMTIxLjI3My4xODIuNDQxLjE4Mi4xNyAwIC4zMTQtLjA2MS40MzYtLjE4MmwzLjMxNC0zLjE2MSAzLjI0OSAzLjE2MWMuMTI2LjEyMS4yNjkuMTgyLjQzMi4xODIuMTY0IDAgLjMwNy0uMDYxLjQzMy0uMTgybC42NjItLjYyMmMuMTI2LS4xMjEuMTg5LS4yNjIuMTg5LS40MjMgMC0uMTYyLS4wNjMtLjMwMy0uMTg5LS40MjRsLTQuMzczLTQuMTc1eiIgZmlsbD0iI2ZmZiIvPgogICAgPC9nPgo8L3N2Zz4=\"><img decoding=\"async\" class=\"nextend-thumbnail-button nextend-thumbnail-next n2-active\" alt=\"\" src=\"data:image\/svg+xml;base64,PHN2ZyB4bWxucz0iaHR0cDovL3d3dy53My5vcmcvMjAwMC9zdmciIHdpZHRoPSIyNiIgaGVpZ2h0PSIyNiI+CiAgICA8ZyBmaWxsPSJub25lIj4KICAgICAgICA8Y2lyY2xlIGN4PSIxMyIgY3k9IjEzIiByPSIxMiIgZmlsbD0iIzAwMCIgc3Ryb2tlPSIjZmZmIiBzdHJva2Utd2lkdGg9IjIiIG9wYWNpdHk9Ii41Ii8+CiAgICAgICAgPHBhdGggZmlsbD0iI2ZmZiIgZD0iTTEyLjU2NSAxNi44MjJjLjEyNi4xMi4yNy4xODIuNDM2LjE4Mi4xNjggMCAuMzEtLjA2LjQzLS4xODJsNC4zOC00LjE3NWMuMTI4LS4xMi4xOS0uMjYyLjE5LS40MjQgMC0uMTYtLjA2Mi0uMzAyLS4xOS0uNDIzbC0uNjUtLjYyMmMtLjEyNS0uMTItLjI3Mi0uMTgyLS40NC0uMTgyLS4xNyAwLS4zMTQuMDYtLjQzNi4xODJsLTMuMzE0IDMuMTYtMy4yNS0zLjE2Yy0uMTI2LS4xMi0uMjctLjE4Mi0uNDMtLjE4Mi0uMTY2IDAtLjMxLjA2LS40MzUuMTgybC0uNjYyLjYyMmMtLjEyNi4xMi0uMTkuMjYyLS4xOS40MjMgMCAuMTYyLjA2NC4zMDMuMTkuNDI0bDQuMzczIDQuMTc1eiIvPgogICAgPC9nPgo8L3N2Zz4=\"><\/p>\n<table>\n<tbody>\n<tr>\n<td><\/td>\n<td><\/td>\n<td><\/td>\n<td><\/td>\n<td><\/td>\n<td><\/td>\n<td><\/td>\n<td><\/td>\n<td><\/td>\n<td><\/td>\n<td><\/td>\n<td><\/td>\n<td><\/td>\n<td><\/td>\n<td><\/td>\n<td><\/td>\n<td><\/td>\n<td><\/td>\n<td><\/td>\n<td><\/td>\n<td><\/td>\n<td><\/td>\n<td><\/td>\n<td><\/td>\n<td><\/td>\n<td><\/td>\n<td><\/td>\n<td><\/td>\n<td><\/td>\n<td><\/td>\n<td><\/td>\n<td><\/td>\n<td><\/td>\n<td><\/td>\n<td><\/td>\n<td><\/td>\n<td><\/td>\n<td><\/td>\n<td><\/td>\n<\/tr>\n<\/tbody>\n<\/table>\n<p><img decoding=\"async\" style=\"width: 100%; max-width: 3000px;\" alt=\"\" src=\"data:image\/svg+xml;base64,PHN2ZyB4bWxucz0iaHR0cDovL3d3dy53My5vcmcvMjAwMC9zdmciIHZlcnNpb249IjEuMCIgd2lkdGg9IjkwMCIgaGVpZ2h0PSI1MDAiID48L3N2Zz4=\"><br \/>\n<!-- Nextend Smart Slider 3 #83 - END --><\/p>\n<p><strong><span style=\"color: rgb(0, 0, 0); font-family: Calibri;\">Numa comemora\u00e7\u00e3o antecipada do Dia Mundial do Teatro, a Junta de Freguesia de Carnide homenageou o escritor Ant\u00f3nio Torrado com a coloca\u00e7\u00e3o de uma cadeira no jardim do Largo das Pimenteiras, uma exposi\u00e7\u00e3o sobre a vida e obra do escritor na Casa do Coreto, onde decorreu tamb\u00e9m a representa\u00e7\u00e3o de uma pe\u00e7a acerca de Ant\u00f3nio Torrado produzida pela Tenda e Lua Cheia.<\/span><\/strong><\/p>\n<h3>&nbsp;<\/h3>\n<p>Nascido em Atenas, o teatro viu em 1961 o Instituto Internacional do Teatro da UNESCO criar o Dia Mundial do Teatro. Desde essa data v\u00e1rias s\u00e3o as actividades a n\u00edvel global que comemoram a efem\u00e9ride. Portugal n\u00e3o \u00e9 excep\u00e7\u00e3o. Na freguesia de Carnide em Lisboa a cultura tem um peso enorme sendo muitos os movimentos e correntes culturais que criam uma din\u00e2mica muito pr\u00f3pria nesta freguesia.<\/p>\n<p>&nbsp;<\/p>\n<p>&nbsp;<\/p>\n<p>Este ano e numa antecipa\u00e7\u00e3o ao Dia Mundial do Teatro, por motivos de agenda, decorreu este s\u00e1bado uma homenagem ao escritor Ant\u00f3nio Torrado. Pouco passava das 17:00 quando foi desvendada a cadeira no jardim do Largo das Pimenteiras em sua homenagem (tal como em anos anteriores aconteceu com outras personalidades), da autoria de Jos\u00e9 Barros, seguindo-se uma exposi\u00e7\u00e3o sobre a vida e obra do escritor na Casa do Coreto, onde decorreu tamb\u00e9m a representa\u00e7\u00e3o de uma pe\u00e7a acerca de Ant\u00f3nio Torrado produzida pela Tenda e Lua Cheia.<\/p>\n<p>&nbsp;<\/p>\n<p>&nbsp;<\/p>\n<p>Ant\u00f3nio Torrado nasceu a 21 de Novembro de 1939 na cidade de Lisboa, filho de pais naturais da Beira Baixa. Licenciado em filosofia pela Universidade de Coimbra, a sua obra \u00e9 vasta e de reconhecido valor. Viajando desde a literatura infantil (onde \u00e9 reconhecido como um dos melhores de sempre), a escrita tradicional e popular, mas tamb\u00e9m com merit\u00f3rio trabalho na poesia. Escrevendo v\u00e1rias pe\u00e7as representadas em palco, Ant\u00f3nio Torrado nunca escondeu o enorme amor que tem pelo teatro.<\/p>\n<p>&nbsp;<\/p>\n<p>&nbsp;<\/p>\n<p>O presidente da Junta de Freguesia de Carnide fez quest\u00e3o de intitular esta homenagem como um \u201c<strong>momento<\/strong>\u201d e n\u00e3o uma \u201c<strong>cerim\u00f3nia<\/strong>\u201d durante o evento no Largo das Pimenteiras. Em entrevista ao Infocul.pt revelou que a rede de cultura de Carnide (na qual \u00e9 decidido o homenageado em cada ano e em que \u00e9 realizado um trabalho de desenvolvimento cultural na freguesia), \u00e9 constitu\u00edda \u201c<strong>por um conjunto de parceiros, for\u00e7as vivas culturais da freguesia, e \u00e9 numa base de discuss\u00e3o colectiva mensal<\/strong>\u201d que tem como objectivo \u201c<strong>criar trabalho, criar sinergias, partilhar recursos, haver uma programa\u00e7\u00e3o integrada<\/strong>\u201d pois \u201c<strong>muitos munic\u00edpios e freguesias t\u00eam muitas coisas a acontecer ao mesmo tempo e quando h\u00e1 articula\u00e7\u00e3o isto \u00e9 mais simples tentando que n\u00e3o se coincida<\/strong>\u201d.<\/p>\n<p>&nbsp;<\/p>\n<p>Na cerim\u00f3nia no Largo das Pimenteiras houve lugar aos habituais discursos, destacando-se o do escultor Jos\u00e9 Barros e o de Ant\u00f3nio Torrado. O escultor explicou a obra concebida destacando-se na mesma o facto de ser totalmente constru\u00edda em inox, de numa das pernas estar suportada em livros (representando toda a obra de Torrado), no topo ter uma coroa e na parte traseira da cadeira constar uma torneira e uma h\u00e9lice.<\/p>\n<p>&nbsp;<\/p>\n<p>&nbsp;<\/p>\n<p>O homenageado do dia (ou melhor escrevendo, deste ano) come\u00e7ou por elogiar a gest\u00e3o da junta de freguesia, destacando o apoio da mesma aos grupos mais carenciados, considerando-se \u201c<strong>o melhor dramaturgo do meu pr\u00e9dio<\/strong>\u201d numa readapta\u00e7\u00e3o de uma frase de Varela Silva e culminando a sua interven\u00e7\u00e3o dizendo que o \u201c<strong>grande homenageado \u00e9 o teatro<\/strong>\u201d.<\/p>\n<p>&nbsp;<\/p>\n<p>&nbsp;<\/p>\n<p>No Largo das Pimenteiras houve ainda lugar a um momento extraordin\u00e1rio interpretado por Carla Chambel. Baseada na obra de Torrado, a actriz interpretou um excerto de uma das pe\u00e7as escritas pelo artista e cantou. O seu talento \u00e9 por todos reconhecido e provou-o mais uma vez.<\/p>\n<p>&nbsp;<\/p>\n<p>&nbsp;<\/p>\n<p>Em entrevista ao Infocul.pt a actriz destacou o \u201c<strong>privil\u00e9gio<\/strong>\u201d de interpretar Torrado, porque \u201c<strong>nos textos dele \u00e9 tudo t\u00e3o simples mas ao mesmo tempo eficaz e m\u00e1gico ou seja ele consegue comunicar as hist\u00f3rias com uma alegria e leveza, mas com mensagens bonitas e o melhor dos homens<\/strong>\u201d.<\/p>\n<p>&nbsp;<\/p>\n<p>&nbsp;<\/p>\n<p>Finda a primeira parte da homenagem os presentes foram convidados a ir at\u00e9 \u00e0 Casa do Coreto onde est\u00e1 patente uma exposi\u00e7\u00e3o da vida e obra do escritor. Muitas fotografias, excertos de reportagens, livros. Um mundo onde a imagina\u00e7\u00e3o se perde, a alma se renova e o conhecimento aumenta.<\/p>\n<p>&nbsp;<\/p>\n<p>&nbsp;<\/p>\n<p>A tarde terminou com a estreia do espect\u00e1culo de teatro &#8220;ToZ\u00e9 Amigo&#8221;, uma co-produ\u00e7\u00e3o da Lua Cheia e da Tenda Produ\u00e7\u00f5es. Num texto assinado por H\u00e9lder Gamboa baseado na obra e vida de Ant\u00f3nio Torrado, foi emocionante ver um grupo de seniores representarem t\u00e3o bem. O amor e entrega com que subiram a palco levou-nos a viajar pelo Mundo de Torrado, pela sua genialidade, pelos seus amores, pelos seus medos. Pela sua hist\u00f3ria, uma hist\u00f3ria que continuar\u00e1 por certo a ser escrita em p\u00e1ginas de ouro. Para quem n\u00e3o assistiu a este espect\u00e1culo poder\u00e1 v\u00ea-lo nos dias 26 de Mar\u00e7o e 02 de Abril, \u00e0s 19:00 e \u00e0s 22:00. Os bilhetes custam cinco euros.<\/p>\n<p>&nbsp;<\/p>\n<p>&nbsp;<\/p>\n<p>F\u00e1bio Sousa foi ainda por n\u00f3s questionado sobre a politica de proximidade promovida na freguesia, revelando que \u201c<strong>a participa\u00e7\u00e3o d\u00e1 muito trabalho mas de facto n\u00f3s acreditamos mesmo que tomamos melhores decis\u00f5es quando envolvemos as pessoas. Em que se oi\u00e7a as pessoas, os seus representantes culturais, desportivos. Faz-nos sentido que n\u00e3o seja a Junta de Freguesia a impor isto ou aquilo, mas que seja uma decis\u00e3o colectiva com v\u00e1rios nomes em cima da mesa e muita pesquisa<\/strong>\u201d.<\/p>\n<p>&nbsp;<\/p>\n<p>&nbsp;<\/p>\n<p>Recordamos que a 24 de Abril Carnide ter\u00e1 um concerto que dar\u00e1 inicio \u00e0s comemora\u00e7\u00f5es do 25 de Abril, a cargo de Viviane no Largo do Coreto.<\/p>\n<p>\t<img decoding=\"async\" width=\"620\" height=\"413\" class=\"so-widget-image lazyload\" style=\"--smush-placeholder-width: 620px; --smush-placeholder-aspect-ratio: 620\/413;height: auto; display: block; max-width: 100%;\" data-src=\"http:\/\/infocul.pt\/wp-content\/uploads\/2016\/03\/Carla-Chambel-04.jpg\" src=\"data:image\/svg+xml;base64,PHN2ZyB3aWR0aD0iMSIgaGVpZ2h0PSIxIiB4bWxucz0iaHR0cDovL3d3dy53My5vcmcvMjAwMC9zdmciPjwvc3ZnPg==\"><\/p>\n","protected":false},"excerpt":{"rendered":"<p>Numa comemora\u00e7\u00e3o antecipada do Dia Mundial do Teatro, a Junta de Freguesia de Carnide homenageou o escritor Ant\u00f3nio Torrado com a coloca\u00e7\u00e3o de uma cadeira no jardim do Largo das Pimenteiras, uma exposi\u00e7\u00e3o sobre a vida e obra do escritor na Casa do Coreto, onde decorreu tamb\u00e9m a representa\u00e7\u00e3o de uma pe\u00e7a acerca de Ant\u00f3nio [&hellip;]<\/p>\n","protected":false},"author":2,"featured_media":4583,"comment_status":"open","ping_status":"closed","sticky":false,"template":"","format":"standard","meta":{"footnotes":""},"categories":[2,5],"tags":[505,637,501,850,849],"class_list":["post-4568","post","type-post","status-publish","format-standard","has-post-thumbnail","hentry","category-cultura","category-teatro","tag-antonio-torrado","tag-carla-chambel","tag-carnide","tag-dia-mundial-do-teatro","tag-joao-barros"],"yoast_head":"<!-- This site is optimized with the Yoast SEO plugin v27.4 - https:\/\/yoast.com\/product\/yoast-seo-wordpress\/ -->\n<title>Carnide homenageou Ant\u00f3nio Torrado em momento dedicado ao Dia Mundial do Teatro | Infocul.pt - Arquivo Digital<\/title>\n<meta name=\"description\" content=\"Carnide homenageou Ant\u00f3nio Torrado em momento dedicado ao Dia Mundial do Teatro | Infocul.pt - Arquivo Digital\" \/>\n<meta name=\"robots\" content=\"noindex, follow, max-snippet:-1, max-image-preview:large, max-video-preview:-1\" \/>\n<meta property=\"og:locale\" content=\"pt_PT\" \/>\n<meta property=\"og:type\" content=\"article\" \/>\n<meta property=\"og:title\" content=\"Carnide homenageou Ant\u00f3nio Torrado em momento dedicado ao Dia Mundial do Teatro | Infocul.pt - Arquivo Digital\" \/>\n<meta property=\"og:description\" content=\"Carnide homenageou Ant\u00f3nio Torrado em momento dedicado ao Dia Mundial do Teatro | Infocul.pt - Arquivo Digital\" \/>\n<meta property=\"og:url\" content=\"https:\/\/infocul.pt\/arquivo\/cultura\/carnide-homenageou-antonio-torrado-em-momento-dedicado-ao-dia-mundial-do-teatro\/\" \/>\n<meta property=\"og:site_name\" content=\"Infocul.pt - Arquivo Digital\" \/>\n<meta property=\"article:publisher\" content=\"https:\/\/www.facebook.com\/Infocul-147816815585015\/\" \/>\n<meta property=\"article:published_time\" content=\"2016-03-20T11:00:14+00:00\" \/>\n<meta property=\"article:modified_time\" content=\"2016-03-20T12:37:30+00:00\" \/>\n<meta property=\"og:image\" content=\"https:\/\/infocul.pt\/arquivo\/wp-content\/uploads\/2016\/03\/Homenagem-a-Ant\u00f3nio-Torrado11.jpg\" \/>\n\t<meta property=\"og:image:width\" content=\"620\" \/>\n\t<meta property=\"og:image:height\" content=\"413\" \/>\n\t<meta property=\"og:image:type\" content=\"image\/jpeg\" \/>\n<meta name=\"author\" content=\"Rui Lavrador\" \/>\n<meta name=\"twitter:card\" content=\"summary_large_image\" \/>\n<meta name=\"twitter:creator\" content=\"@Infoculpt\" \/>\n<meta name=\"twitter:site\" content=\"@Infoculpt\" \/>\n<meta name=\"twitter:label1\" content=\"Escrito por\" \/>\n\t<meta name=\"twitter:data1\" content=\"Rui Lavrador\" \/>\n\t<meta name=\"twitter:label2\" content=\"Tempo estimado de leitura\" \/>\n\t<meta name=\"twitter:data2\" content=\"5 minutos\" \/>\n<script type=\"application\/ld+json\" class=\"yoast-schema-graph\">{\"@context\":\"https:\\\/\\\/schema.org\",\"@graph\":[{\"@type\":\"Article\",\"@id\":\"https:\\\/\\\/infocul.pt\\\/arquivo\\\/cultura\\\/carnide-homenageou-antonio-torrado-em-momento-dedicado-ao-dia-mundial-do-teatro\\\/#article\",\"isPartOf\":{\"@id\":\"https:\\\/\\\/infocul.pt\\\/arquivo\\\/cultura\\\/carnide-homenageou-antonio-torrado-em-momento-dedicado-ao-dia-mundial-do-teatro\\\/\"},\"author\":{\"name\":\"Rui Lavrador\",\"@id\":\"https:\\\/\\\/infocul.pt\\\/arquivo\\\/#\\\/schema\\\/person\\\/060a108d7f2d85fc6aae505119ee5234\"},\"headline\":\"Carnide homenageou Ant\u00f3nio Torrado em momento dedicado ao Dia Mundial do Teatro\",\"datePublished\":\"2016-03-20T11:00:14+00:00\",\"dateModified\":\"2016-03-20T12:37:30+00:00\",\"mainEntityOfPage\":{\"@id\":\"https:\\\/\\\/infocul.pt\\\/arquivo\\\/cultura\\\/carnide-homenageou-antonio-torrado-em-momento-dedicado-ao-dia-mundial-do-teatro\\\/\"},\"wordCount\":997,\"commentCount\":0,\"publisher\":{\"@id\":\"https:\\\/\\\/infocul.pt\\\/arquivo\\\/#organization\"},\"image\":{\"@id\":\"https:\\\/\\\/infocul.pt\\\/arquivo\\\/cultura\\\/carnide-homenageou-antonio-torrado-em-momento-dedicado-ao-dia-mundial-do-teatro\\\/#primaryimage\"},\"thumbnailUrl\":\"https:\\\/\\\/infocul.pt\\\/arquivo\\\/wp-content\\\/uploads\\\/2016\\\/03\\\/Homenagem-a-Ant\u00f3nio-Torrado11.jpg\",\"keywords\":[\"Ant\u00f3nio Torrado\",\"Carla Chambel\",\"Carnide\",\"Dia Mundial do Teatro\",\"Jo\u00e3o Barros\"],\"articleSection\":[\"Cultura\",\"Teatro\"],\"inLanguage\":\"pt-PT\"},{\"@type\":\"WebPage\",\"@id\":\"https:\\\/\\\/infocul.pt\\\/arquivo\\\/cultura\\\/carnide-homenageou-antonio-torrado-em-momento-dedicado-ao-dia-mundial-do-teatro\\\/\",\"url\":\"https:\\\/\\\/infocul.pt\\\/arquivo\\\/cultura\\\/carnide-homenageou-antonio-torrado-em-momento-dedicado-ao-dia-mundial-do-teatro\\\/\",\"name\":\"Carnide homenageou Ant\u00f3nio Torrado em momento dedicado ao Dia Mundial do Teatro | Infocul.pt - Arquivo Digital\",\"isPartOf\":{\"@id\":\"https:\\\/\\\/infocul.pt\\\/arquivo\\\/#website\"},\"primaryImageOfPage\":{\"@id\":\"https:\\\/\\\/infocul.pt\\\/arquivo\\\/cultura\\\/carnide-homenageou-antonio-torrado-em-momento-dedicado-ao-dia-mundial-do-teatro\\\/#primaryimage\"},\"image\":{\"@id\":\"https:\\\/\\\/infocul.pt\\\/arquivo\\\/cultura\\\/carnide-homenageou-antonio-torrado-em-momento-dedicado-ao-dia-mundial-do-teatro\\\/#primaryimage\"},\"thumbnailUrl\":\"https:\\\/\\\/infocul.pt\\\/arquivo\\\/wp-content\\\/uploads\\\/2016\\\/03\\\/Homenagem-a-Ant\u00f3nio-Torrado11.jpg\",\"datePublished\":\"2016-03-20T11:00:14+00:00\",\"dateModified\":\"2016-03-20T12:37:30+00:00\",\"description\":\"Carnide homenageou Ant\u00f3nio Torrado em momento dedicado ao Dia Mundial do Teatro | Infocul.pt - Arquivo Digital\",\"breadcrumb\":{\"@id\":\"https:\\\/\\\/infocul.pt\\\/arquivo\\\/cultura\\\/carnide-homenageou-antonio-torrado-em-momento-dedicado-ao-dia-mundial-do-teatro\\\/#breadcrumb\"},\"inLanguage\":\"pt-PT\",\"potentialAction\":[{\"@type\":\"ReadAction\",\"target\":[\"https:\\\/\\\/infocul.pt\\\/arquivo\\\/cultura\\\/carnide-homenageou-antonio-torrado-em-momento-dedicado-ao-dia-mundial-do-teatro\\\/\"]}]},{\"@type\":\"ImageObject\",\"inLanguage\":\"pt-PT\",\"@id\":\"https:\\\/\\\/infocul.pt\\\/arquivo\\\/cultura\\\/carnide-homenageou-antonio-torrado-em-momento-dedicado-ao-dia-mundial-do-teatro\\\/#primaryimage\",\"url\":\"https:\\\/\\\/infocul.pt\\\/arquivo\\\/wp-content\\\/uploads\\\/2016\\\/03\\\/Homenagem-a-Ant\u00f3nio-Torrado11.jpg\",\"contentUrl\":\"https:\\\/\\\/infocul.pt\\\/arquivo\\\/wp-content\\\/uploads\\\/2016\\\/03\\\/Homenagem-a-Ant\u00f3nio-Torrado11.jpg\",\"width\":620,\"height\":413},{\"@type\":\"BreadcrumbList\",\"@id\":\"https:\\\/\\\/infocul.pt\\\/arquivo\\\/cultura\\\/carnide-homenageou-antonio-torrado-em-momento-dedicado-ao-dia-mundial-do-teatro\\\/#breadcrumb\",\"itemListElement\":[{\"@type\":\"ListItem\",\"position\":1,\"name\":\"Home\",\"item\":\"https:\\\/\\\/infocul.pt\\\/arquivo\\\/\"},{\"@type\":\"ListItem\",\"position\":2,\"name\":\"Carnide homenageou Ant\u00f3nio Torrado em momento dedicado ao Dia Mundial do Teatro\"}]},{\"@type\":\"WebSite\",\"@id\":\"https:\\\/\\\/infocul.pt\\\/arquivo\\\/#website\",\"url\":\"https:\\\/\\\/infocul.pt\\\/arquivo\\\/\",\"name\":\"Infocul.pt - Arquivo Digital\",\"description\":\"Arquivo digital da Infocul.pt\",\"publisher\":{\"@id\":\"https:\\\/\\\/infocul.pt\\\/arquivo\\\/#organization\"},\"potentialAction\":[{\"@type\":\"SearchAction\",\"target\":{\"@type\":\"EntryPoint\",\"urlTemplate\":\"https:\\\/\\\/infocul.pt\\\/arquivo\\\/?s={search_term_string}\"},\"query-input\":{\"@type\":\"PropertyValueSpecification\",\"valueRequired\":true,\"valueName\":\"search_term_string\"}}],\"inLanguage\":\"pt-PT\"},{\"@type\":\"Organization\",\"@id\":\"https:\\\/\\\/infocul.pt\\\/arquivo\\\/#organization\",\"name\":\"Infocul.pt\",\"url\":\"https:\\\/\\\/infocul.pt\\\/arquivo\\\/\",\"logo\":{\"@type\":\"ImageObject\",\"inLanguage\":\"pt-PT\",\"@id\":\"https:\\\/\\\/infocul.pt\\\/arquivo\\\/#\\\/schema\\\/logo\\\/image\\\/\",\"url\":\"https:\\\/\\\/infocul.pt\\\/arquivo\\\/wp-content\\\/uploads\\\/2018\\\/12\\\/Infocul_logo-1.png\",\"contentUrl\":\"https:\\\/\\\/infocul.pt\\\/arquivo\\\/wp-content\\\/uploads\\\/2018\\\/12\\\/Infocul_logo-1.png\",\"width\":800,\"height\":800,\"caption\":\"Infocul.pt\"},\"image\":{\"@id\":\"https:\\\/\\\/infocul.pt\\\/arquivo\\\/#\\\/schema\\\/logo\\\/image\\\/\"},\"sameAs\":[\"https:\\\/\\\/www.facebook.com\\\/Infocul-147816815585015\\\/\",\"https:\\\/\\\/x.com\\\/Infoculpt\",\"http:\\\/\\\/www.pictaram.com\\\/user\\\/infocul.pt\\\/2370423710\",\"https:\\\/\\\/www.youtube.com\\\/channel\\\/UCYEB91AGI9FL9ek2i_IaQAA\"]},{\"@type\":\"Person\",\"@id\":\"https:\\\/\\\/infocul.pt\\\/arquivo\\\/#\\\/schema\\\/person\\\/060a108d7f2d85fc6aae505119ee5234\",\"name\":\"Rui Lavrador\",\"image\":{\"@type\":\"ImageObject\",\"inLanguage\":\"pt-PT\",\"@id\":\"https:\\\/\\\/secure.gravatar.com\\\/avatar\\\/93febd6873394aa8e975148548a0cb203acfdd42d2c85c5f1408e1a76678aece?s=96&d=mm&r=g\",\"url\":\"https:\\\/\\\/secure.gravatar.com\\\/avatar\\\/93febd6873394aa8e975148548a0cb203acfdd42d2c85c5f1408e1a76678aece?s=96&d=mm&r=g\",\"contentUrl\":\"https:\\\/\\\/secure.gravatar.com\\\/avatar\\\/93febd6873394aa8e975148548a0cb203acfdd42d2c85c5f1408e1a76678aece?s=96&d=mm&r=g\",\"caption\":\"Rui Lavrador\"},\"description\":\"Iniciou em 2011 o seu percurso em comunica\u00e7\u00e3o social, tendo integrado v\u00e1rios projectos editoriais. Durante o seu percurso integrou projectos como Jornal Hardm\u00fasica, LusoNot\u00edcias, Toureio.pt, ODigital.pt, entre outros \u00d3rg\u00e3os de Comunica\u00e7\u00e3o Social nacionais, na redac\u00e7\u00e3o de v\u00e1rios artigos. Entrevistou a grande maioria das personalidades mais importantes da vida social e cultural do pa\u00eds, destacando-se, tamb\u00e9m, na aprecia\u00e7\u00e3o de v\u00e1rios espect\u00e1culos. Durante o seu percurso, deu a conhecer v\u00e1rios artistas, at\u00e9 ent\u00e3o desconhecidos, ao grande p\u00fablico. Em 2015 criou e fundou o Infocul.pt, projecto no qual assume a direc\u00e7\u00e3o editorial.\",\"sameAs\":[\"http:\\\/\\\/www.infocul.pt\"]}]}<\/script>\n<!-- \/ Yoast SEO plugin. -->","yoast_head_json":{"title":"Carnide homenageou Ant\u00f3nio Torrado em momento dedicado ao Dia Mundial do Teatro | Infocul.pt - Arquivo Digital","description":"Carnide homenageou Ant\u00f3nio Torrado em momento dedicado ao Dia Mundial do Teatro | Infocul.pt - Arquivo Digital","robots":{"index":"noindex","follow":"follow","max-snippet":"max-snippet:-1","max-image-preview":"max-image-preview:large","max-video-preview":"max-video-preview:-1"},"og_locale":"pt_PT","og_type":"article","og_title":"Carnide homenageou Ant\u00f3nio Torrado em momento dedicado ao Dia Mundial do Teatro | Infocul.pt - Arquivo Digital","og_description":"Carnide homenageou Ant\u00f3nio Torrado em momento dedicado ao Dia Mundial do Teatro | Infocul.pt - Arquivo Digital","og_url":"https:\/\/infocul.pt\/arquivo\/cultura\/carnide-homenageou-antonio-torrado-em-momento-dedicado-ao-dia-mundial-do-teatro\/","og_site_name":"Infocul.pt - Arquivo Digital","article_publisher":"https:\/\/www.facebook.com\/Infocul-147816815585015\/","article_published_time":"2016-03-20T11:00:14+00:00","article_modified_time":"2016-03-20T12:37:30+00:00","og_image":[{"width":620,"height":413,"url":"https:\/\/infocul.pt\/arquivo\/wp-content\/uploads\/2016\/03\/Homenagem-a-Ant\u00f3nio-Torrado11.jpg","type":"image\/jpeg"}],"author":"Rui Lavrador","twitter_card":"summary_large_image","twitter_creator":"@Infoculpt","twitter_site":"@Infoculpt","twitter_misc":{"Escrito por":"Rui Lavrador","Tempo estimado de leitura":"5 minutos"},"schema":{"@context":"https:\/\/schema.org","@graph":[{"@type":"Article","@id":"https:\/\/infocul.pt\/arquivo\/cultura\/carnide-homenageou-antonio-torrado-em-momento-dedicado-ao-dia-mundial-do-teatro\/#article","isPartOf":{"@id":"https:\/\/infocul.pt\/arquivo\/cultura\/carnide-homenageou-antonio-torrado-em-momento-dedicado-ao-dia-mundial-do-teatro\/"},"author":{"name":"Rui Lavrador","@id":"https:\/\/infocul.pt\/arquivo\/#\/schema\/person\/060a108d7f2d85fc6aae505119ee5234"},"headline":"Carnide homenageou Ant\u00f3nio Torrado em momento dedicado ao Dia Mundial do Teatro","datePublished":"2016-03-20T11:00:14+00:00","dateModified":"2016-03-20T12:37:30+00:00","mainEntityOfPage":{"@id":"https:\/\/infocul.pt\/arquivo\/cultura\/carnide-homenageou-antonio-torrado-em-momento-dedicado-ao-dia-mundial-do-teatro\/"},"wordCount":997,"commentCount":0,"publisher":{"@id":"https:\/\/infocul.pt\/arquivo\/#organization"},"image":{"@id":"https:\/\/infocul.pt\/arquivo\/cultura\/carnide-homenageou-antonio-torrado-em-momento-dedicado-ao-dia-mundial-do-teatro\/#primaryimage"},"thumbnailUrl":"https:\/\/infocul.pt\/arquivo\/wp-content\/uploads\/2016\/03\/Homenagem-a-Ant\u00f3nio-Torrado11.jpg","keywords":["Ant\u00f3nio Torrado","Carla Chambel","Carnide","Dia Mundial do Teatro","Jo\u00e3o Barros"],"articleSection":["Cultura","Teatro"],"inLanguage":"pt-PT"},{"@type":"WebPage","@id":"https:\/\/infocul.pt\/arquivo\/cultura\/carnide-homenageou-antonio-torrado-em-momento-dedicado-ao-dia-mundial-do-teatro\/","url":"https:\/\/infocul.pt\/arquivo\/cultura\/carnide-homenageou-antonio-torrado-em-momento-dedicado-ao-dia-mundial-do-teatro\/","name":"Carnide homenageou Ant\u00f3nio Torrado em momento dedicado ao Dia Mundial do Teatro | Infocul.pt - Arquivo Digital","isPartOf":{"@id":"https:\/\/infocul.pt\/arquivo\/#website"},"primaryImageOfPage":{"@id":"https:\/\/infocul.pt\/arquivo\/cultura\/carnide-homenageou-antonio-torrado-em-momento-dedicado-ao-dia-mundial-do-teatro\/#primaryimage"},"image":{"@id":"https:\/\/infocul.pt\/arquivo\/cultura\/carnide-homenageou-antonio-torrado-em-momento-dedicado-ao-dia-mundial-do-teatro\/#primaryimage"},"thumbnailUrl":"https:\/\/infocul.pt\/arquivo\/wp-content\/uploads\/2016\/03\/Homenagem-a-Ant\u00f3nio-Torrado11.jpg","datePublished":"2016-03-20T11:00:14+00:00","dateModified":"2016-03-20T12:37:30+00:00","description":"Carnide homenageou Ant\u00f3nio Torrado em momento dedicado ao Dia Mundial do Teatro | Infocul.pt - Arquivo Digital","breadcrumb":{"@id":"https:\/\/infocul.pt\/arquivo\/cultura\/carnide-homenageou-antonio-torrado-em-momento-dedicado-ao-dia-mundial-do-teatro\/#breadcrumb"},"inLanguage":"pt-PT","potentialAction":[{"@type":"ReadAction","target":["https:\/\/infocul.pt\/arquivo\/cultura\/carnide-homenageou-antonio-torrado-em-momento-dedicado-ao-dia-mundial-do-teatro\/"]}]},{"@type":"ImageObject","inLanguage":"pt-PT","@id":"https:\/\/infocul.pt\/arquivo\/cultura\/carnide-homenageou-antonio-torrado-em-momento-dedicado-ao-dia-mundial-do-teatro\/#primaryimage","url":"https:\/\/infocul.pt\/arquivo\/wp-content\/uploads\/2016\/03\/Homenagem-a-Ant\u00f3nio-Torrado11.jpg","contentUrl":"https:\/\/infocul.pt\/arquivo\/wp-content\/uploads\/2016\/03\/Homenagem-a-Ant\u00f3nio-Torrado11.jpg","width":620,"height":413},{"@type":"BreadcrumbList","@id":"https:\/\/infocul.pt\/arquivo\/cultura\/carnide-homenageou-antonio-torrado-em-momento-dedicado-ao-dia-mundial-do-teatro\/#breadcrumb","itemListElement":[{"@type":"ListItem","position":1,"name":"Home","item":"https:\/\/infocul.pt\/arquivo\/"},{"@type":"ListItem","position":2,"name":"Carnide homenageou Ant\u00f3nio Torrado em momento dedicado ao Dia Mundial do Teatro"}]},{"@type":"WebSite","@id":"https:\/\/infocul.pt\/arquivo\/#website","url":"https:\/\/infocul.pt\/arquivo\/","name":"Infocul.pt - Arquivo Digital","description":"Arquivo digital da Infocul.pt","publisher":{"@id":"https:\/\/infocul.pt\/arquivo\/#organization"},"potentialAction":[{"@type":"SearchAction","target":{"@type":"EntryPoint","urlTemplate":"https:\/\/infocul.pt\/arquivo\/?s={search_term_string}"},"query-input":{"@type":"PropertyValueSpecification","valueRequired":true,"valueName":"search_term_string"}}],"inLanguage":"pt-PT"},{"@type":"Organization","@id":"https:\/\/infocul.pt\/arquivo\/#organization","name":"Infocul.pt","url":"https:\/\/infocul.pt\/arquivo\/","logo":{"@type":"ImageObject","inLanguage":"pt-PT","@id":"https:\/\/infocul.pt\/arquivo\/#\/schema\/logo\/image\/","url":"https:\/\/infocul.pt\/arquivo\/wp-content\/uploads\/2018\/12\/Infocul_logo-1.png","contentUrl":"https:\/\/infocul.pt\/arquivo\/wp-content\/uploads\/2018\/12\/Infocul_logo-1.png","width":800,"height":800,"caption":"Infocul.pt"},"image":{"@id":"https:\/\/infocul.pt\/arquivo\/#\/schema\/logo\/image\/"},"sameAs":["https:\/\/www.facebook.com\/Infocul-147816815585015\/","https:\/\/x.com\/Infoculpt","http:\/\/www.pictaram.com\/user\/infocul.pt\/2370423710","https:\/\/www.youtube.com\/channel\/UCYEB91AGI9FL9ek2i_IaQAA"]},{"@type":"Person","@id":"https:\/\/infocul.pt\/arquivo\/#\/schema\/person\/060a108d7f2d85fc6aae505119ee5234","name":"Rui Lavrador","image":{"@type":"ImageObject","inLanguage":"pt-PT","@id":"https:\/\/secure.gravatar.com\/avatar\/93febd6873394aa8e975148548a0cb203acfdd42d2c85c5f1408e1a76678aece?s=96&d=mm&r=g","url":"https:\/\/secure.gravatar.com\/avatar\/93febd6873394aa8e975148548a0cb203acfdd42d2c85c5f1408e1a76678aece?s=96&d=mm&r=g","contentUrl":"https:\/\/secure.gravatar.com\/avatar\/93febd6873394aa8e975148548a0cb203acfdd42d2c85c5f1408e1a76678aece?s=96&d=mm&r=g","caption":"Rui Lavrador"},"description":"Iniciou em 2011 o seu percurso em comunica\u00e7\u00e3o social, tendo integrado v\u00e1rios projectos editoriais. Durante o seu percurso integrou projectos como Jornal Hardm\u00fasica, LusoNot\u00edcias, Toureio.pt, ODigital.pt, entre outros \u00d3rg\u00e3os de Comunica\u00e7\u00e3o Social nacionais, na redac\u00e7\u00e3o de v\u00e1rios artigos. Entrevistou a grande maioria das personalidades mais importantes da vida social e cultural do pa\u00eds, destacando-se, tamb\u00e9m, na aprecia\u00e7\u00e3o de v\u00e1rios espect\u00e1culos. Durante o seu percurso, deu a conhecer v\u00e1rios artistas, at\u00e9 ent\u00e3o desconhecidos, ao grande p\u00fablico. Em 2015 criou e fundou o Infocul.pt, projecto no qual assume a direc\u00e7\u00e3o editorial.","sameAs":["http:\/\/www.infocul.pt"]}]}},"_links":{"self":[{"href":"https:\/\/infocul.pt\/arquivo\/wp-json\/wp\/v2\/posts\/4568","targetHints":{"allow":["GET"]}}],"collection":[{"href":"https:\/\/infocul.pt\/arquivo\/wp-json\/wp\/v2\/posts"}],"about":[{"href":"https:\/\/infocul.pt\/arquivo\/wp-json\/wp\/v2\/types\/post"}],"author":[{"embeddable":true,"href":"https:\/\/infocul.pt\/arquivo\/wp-json\/wp\/v2\/users\/2"}],"replies":[{"embeddable":true,"href":"https:\/\/infocul.pt\/arquivo\/wp-json\/wp\/v2\/comments?post=4568"}],"version-history":[{"count":0,"href":"https:\/\/infocul.pt\/arquivo\/wp-json\/wp\/v2\/posts\/4568\/revisions"}],"wp:featuredmedia":[{"embeddable":true,"href":"https:\/\/infocul.pt\/arquivo\/wp-json\/wp\/v2\/media\/4583"}],"wp:attachment":[{"href":"https:\/\/infocul.pt\/arquivo\/wp-json\/wp\/v2\/media?parent=4568"}],"wp:term":[{"taxonomy":"category","embeddable":true,"href":"https:\/\/infocul.pt\/arquivo\/wp-json\/wp\/v2\/categories?post=4568"},{"taxonomy":"post_tag","embeddable":true,"href":"https:\/\/infocul.pt\/arquivo\/wp-json\/wp\/v2\/tags?post=4568"}],"curies":[{"name":"wp","href":"https:\/\/api.w.org\/{rel}","templated":true}]}}