{"id":4641,"date":"2016-03-20T16:30:11","date_gmt":"2016-03-20T16:30:11","guid":{"rendered":"http:\/\/infocul.pt\/?p=4641"},"modified":"2016-03-24T16:24:37","modified_gmt":"2016-03-24T16:24:37","slug":"4641sandra-barata-belo-conheca-a-rosa-a-protagonista-de-rainha-das-flores","status":"publish","type":"post","link":"https:\/\/infocul.pt\/arquivo\/actualidade\/4641sandra-barata-belo-conheca-a-rosa-a-protagonista-de-rainha-das-flores\/","title":{"rendered":"Sandra Barata Belo: Conhe\u00e7a a Rosa, a protagonista de &#8220;Rainha das Flores&#8221;"},"content":{"rendered":"<p><!-- Nextend Smart Slider 3 #84 - BEGIN --><\/p>\n<p>                    <img decoding=\"async\" title=\"\" class=\"n2-ss-slide-background-image n2-ss-slide-fill lazyload\" style=\"opacity: 1;\" alt=\"\" data-src=\"\/\/infocul.pt\/wp-content\/uploads\/2016\/03\/Sandra-Barata-Belo-03.jpg\" src=\"data:image\/svg+xml;base64,PHN2ZyB3aWR0aD0iMSIgaGVpZ2h0PSIxIiB4bWxucz0iaHR0cDovL3d3dy53My5vcmcvMjAwMC9zdmciPjwvc3ZnPg==\"><img decoding=\"async\" title=\"\" class=\"n2-ss-slide-background-image n2-ss-slide-fill lazyload\" style=\"opacity: 1;\" alt=\"\" data-src=\"\/\/infocul.pt\/wp-content\/uploads\/2016\/03\/Sandra-Barata-Belo-01.jpg\" src=\"data:image\/svg+xml;base64,PHN2ZyB3aWR0aD0iMSIgaGVpZ2h0PSIxIiB4bWxucz0iaHR0cDovL3d3dy53My5vcmcvMjAwMC9zdmciPjwvc3ZnPg==\"><img decoding=\"async\" title=\"\" class=\"n2-ss-slide-background-image n2-ss-slide-fill lazyload\" style=\"opacity: 1;\" alt=\"\" data-src=\"\/\/infocul.pt\/wp-content\/uploads\/2016\/03\/Sandra-Barata-Belo-02.jpg\" src=\"data:image\/svg+xml;base64,PHN2ZyB3aWR0aD0iMSIgaGVpZ2h0PSIxIiB4bWxucz0iaHR0cDovL3d3dy53My5vcmcvMjAwMC9zdmciPjwvc3ZnPg==\"><img decoding=\"async\" title=\"\" class=\"n2-ss-slide-background-image n2-ss-slide-fill lazyload\" style=\"opacity: 1;\" alt=\"\" data-src=\"\/\/infocul.pt\/wp-content\/uploads\/2016\/03\/Sandra-Barata-Belo-e-Liliana-Santos.jpg\" src=\"data:image\/svg+xml;base64,PHN2ZyB3aWR0aD0iMSIgaGVpZ2h0PSIxIiB4bWxucz0iaHR0cDovL3d3dy53My5vcmcvMjAwMC9zdmciPjwvc3ZnPg==\">                <\/p>\n<p>        <img decoding=\"async\" alt=\"arrow\" src=\"data:image\/svg+xml;base64,PHN2ZyB3aWR0aD0iMzIiIGhlaWdodD0iMzIiIHZpZXdCb3g9IjAgMCAzMiAzMiIgeG1sbnM9Imh0dHA6Ly93d3cudzMub3JnLzIwMDAvc3ZnIj48cGF0aCBkPSJNMTEuNDMzIDE1Ljk5MkwyMi42OSA1LjcxMmMuMzkzLS4zOS4zOTMtMS4wMyAwLTEuNDItLjM5My0uMzktMS4wMy0uMzktMS40MjMgMGwtMTEuOTggMTAuOTRjLS4yMS4yMS0uMy40OS0uMjg1Ljc2LS4wMTUuMjguMDc1LjU2LjI4NC43N2wxMS45OCAxMC45NGMuMzkzLjM5IDEuMDMuMzkgMS40MjQgMCAuMzkzLS40LjM5My0xLjAzIDAtMS40MmwtMTEuMjU3LTEwLjI5IiBmaWxsPSIjZmZmZmZmIiBvcGFjaXR5PSIwLjgiIGZpbGwtcnVsZT0iZXZlbm9kZCIvPjwvc3ZnPg==\"><img decoding=\"async\" alt=\"arrow\" src=\"data:image\/svg+xml;base64,PHN2ZyB3aWR0aD0iMzIiIGhlaWdodD0iMzIiIHZpZXdCb3g9IjAgMCAzMiAzMiIgeG1sbnM9Imh0dHA6Ly93d3cudzMub3JnLzIwMDAvc3ZnIj48cGF0aCBkPSJNMTAuNzIyIDQuMjkzYy0uMzk0LS4zOS0xLjAzMi0uMzktMS40MjcgMC0uMzkzLjM5LS4zOTMgMS4wMyAwIDEuNDJsMTEuMjgzIDEwLjI4LTExLjI4MyAxMC4yOWMtLjM5My4zOS0uMzkzIDEuMDIgMCAxLjQyLjM5NS4zOSAxLjAzMy4zOSAxLjQyNyAwbDEyLjAwNy0xMC45NGMuMjEtLjIxLjMtLjQ5LjI4NC0uNzcuMDE0LS4yNy0uMDc2LS41NS0uMjg2LS43NkwxMC43MiA0LjI5M3oiIGZpbGw9IiNmZmZmZmYiIG9wYWNpdHk9IjAuOCIgZmlsbC1ydWxlPSJldmVub2RkIi8+PC9zdmc+\"><br \/>\n<img decoding=\"async\" class=\"nextend-thumbnail-button nextend-thumbnail-previous\" alt=\"\" src=\"data:image\/svg+xml;base64,PHN2ZyB3aWR0aD0iMjYiIGhlaWdodD0iMjYiIHhtbG5zPSJodHRwOi8vd3d3LnczLm9yZy8yMDAwL3N2ZyI+CiAgICA8ZyBmaWxsPSJub25lIiBmaWxsLXJ1bGU9ImV2ZW5vZGQiPgogICAgICAgIDxjaXJjbGUgc3Ryb2tlPSIjZmZmIiBzdHJva2Utd2lkdGg9IjIiIG9wYWNpdHk9Ii41IiBmaWxsPSIjMDAwIiBjeD0iMTMiIGN5PSIxMyIgcj0iMTIiLz4KICAgICAgICA8cGF0aCBkPSJNMTMuNDM1IDkuMTc4Yy0uMTI2LS4xMjEtLjI3LS4xODItLjQzNi0uMTgyLS4xNjQgMC0uMzA2LjA2MS0uNDI4LjE4MmwtNC4zOCA0LjE3NWMtLjEyNi4xMjEtLjE4OC4yNjItLjE4OC40MjQgMCAuMTYxLjA2Mi4zMDIuMTg4LjQyM2wuNjUuNjIyYy4xMjYuMTIxLjI3My4xODIuNDQxLjE4Mi4xNyAwIC4zMTQtLjA2MS40MzYtLjE4MmwzLjMxNC0zLjE2MSAzLjI0OSAzLjE2MWMuMTI2LjEyMS4yNjkuMTgyLjQzMi4xODIuMTY0IDAgLjMwNy0uMDYxLjQzMy0uMTgybC42NjItLjYyMmMuMTI2LS4xMjEuMTg5LS4yNjIuMTg5LS40MjMgMC0uMTYyLS4wNjMtLjMwMy0uMTg5LS40MjRsLTQuMzczLTQuMTc1eiIgZmlsbD0iI2ZmZiIvPgogICAgPC9nPgo8L3N2Zz4=\"><img decoding=\"async\" class=\"nextend-thumbnail-button nextend-thumbnail-next n2-active\" alt=\"\" src=\"data:image\/svg+xml;base64,PHN2ZyB4bWxucz0iaHR0cDovL3d3dy53My5vcmcvMjAwMC9zdmciIHdpZHRoPSIyNiIgaGVpZ2h0PSIyNiI+CiAgICA8ZyBmaWxsPSJub25lIj4KICAgICAgICA8Y2lyY2xlIGN4PSIxMyIgY3k9IjEzIiByPSIxMiIgZmlsbD0iIzAwMCIgc3Ryb2tlPSIjZmZmIiBzdHJva2Utd2lkdGg9IjIiIG9wYWNpdHk9Ii41Ii8+CiAgICAgICAgPHBhdGggZmlsbD0iI2ZmZiIgZD0iTTEyLjU2NSAxNi44MjJjLjEyNi4xMi4yNy4xODIuNDM2LjE4Mi4xNjggMCAuMzEtLjA2LjQzLS4xODJsNC4zOC00LjE3NWMuMTI4LS4xMi4xOS0uMjYyLjE5LS40MjQgMC0uMTYtLjA2Mi0uMzAyLS4xOS0uNDIzbC0uNjUtLjYyMmMtLjEyNS0uMTItLjI3Mi0uMTgyLS40NC0uMTgyLS4xNyAwLS4zMTQuMDYtLjQzNi4xODJsLTMuMzE0IDMuMTYtMy4yNS0zLjE2Yy0uMTI2LS4xMi0uMjctLjE4Mi0uNDMtLjE4Mi0uMTY2IDAtLjMxLjA2LS40MzUuMTgybC0uNjYyLjYyMmMtLjEyNi4xMi0uMTkuMjYyLS4xOS40MjMgMCAuMTYyLjA2NC4zMDMuMTkuNDI0bDQuMzczIDQuMTc1eiIvPgogICAgPC9nPgo8L3N2Zz4=\"><\/p>\n<table>\n<tbody>\n<tr>\n<td><\/td>\n<td><\/td>\n<td><\/td>\n<td><\/td>\n<\/tr>\n<\/tbody>\n<\/table>\n<p><img decoding=\"async\" style=\"width: 100%; max-width: 3000px;\" alt=\"\" src=\"data:image\/svg+xml;base64,PHN2ZyB4bWxucz0iaHR0cDovL3d3dy53My5vcmcvMjAwMC9zdmciIHZlcnNpb249IjEuMCIgd2lkdGg9IjkwMCIgaGVpZ2h0PSI1MDAiID48L3N2Zz4=\"><br \/>\n<!-- Nextend Smart Slider 3 #84 - END --><\/p>\n<p><strong>Ela \u00e9 a Rainha das Flores, a protagonista de toda esta hist\u00f3ria. Depois de ser Leonor em \u201cPerfeito Cora\u00e7\u00e3o\u201d, vai ser Rosa Severo em \u201cRainha das Flores\u201d. O \u00faltimo trabalho que fez na SIC foi \u201cMar Salgado\u201d. \u201cRainha das Flores\u201d vai ser o novo desafio na vida de Sandra Barata Belo.<\/strong><\/p>\n<p><span style=\"color: rgb(0, 0, 0); font-family: Calibri;\">&#8220;<strong>Tenho tido muita sorte nos pap\u00e9is que a SIC me tem atribu\u00eddo. Esta mulher \u00e9 um desafio por ser uma mulher sofisticada a quem tudo lhe acontece. Quero trazer garra e boa disposi\u00e7\u00e3o. \u00c9 uma lutadora. A mim j\u00e1 me passou muito pela cabe\u00e7a o facto de ser uma mulher muito fiel \u00e0s suas origens. \u00c9 uma mulher portuguesa, latina e franca<\/strong>&#8220;, \u00e9 desta forma que a actriz descreve este novo personagem. <\/span><\/p>\n<p><span style=\"color: rgb(0, 0, 0); font-family: Calibri;\">&nbsp;<\/span><\/p>\n<p><span style=\"color: rgb(0, 0, 0); font-family: Calibri;\">&nbsp;<\/span><\/p>\n<p><span style=\"color: rgb(0, 0, 0); font-family: Calibri;\">Para interpretar esta personagem a actriz teve que fazer pesquisa sobre o c\u00e9rebro e sobre a mem\u00f3ria. <\/span><\/p>\n<p><span style=\"color: rgb(0, 0, 0); font-family: Calibri;\">&nbsp;<\/span><\/p>\n<p><span style=\"color: rgb(0, 0, 0); font-family: Calibri;\">&nbsp;<\/span><\/p>\n<p><span style=\"color: rgb(0, 0, 0); font-family: Calibri;\">&#8220;<strong>H\u00e1 imensos filmes que falam sobre esta tem\u00e1tica da amn\u00e9sia. O principal foi o trabalho que o Alexandre Castro, o autor, fez. Ele falou com um neuropsic\u00f3logo, onde n\u00f3s fomos. Eu tamb\u00e9m fui e foi uma conversa interessant\u00edssima de pesquisar e de ver como o nosso c\u00e9rebro funciona. Isto \u00e9 mais comum do que imaginamos. Essa conversa com o neuropsic\u00f3logo era mesmo o que estava a precisar para perceber uma serie de pormenores. Estudou para escrever os epis\u00f3dios<\/strong>&#8220;, \u00e9 desta forma como Sandra Barata Belo descreve a tem\u00e1tica principal da novela e todo o trabalho de pesquisa. <\/span><\/p>\n<p><span style=\"color: rgb(0, 0, 0); font-family: Calibri;\">&nbsp;<\/span><\/p>\n<p><span style=\"color: rgb(0, 0, 0); font-family: Calibri;\">&nbsp;<\/span><\/p>\n<p><span style=\"color: rgb(0, 0, 0); font-family: Calibri;\">Sandra Barata Belo esteve com um novo visual na apresenta\u00e7\u00e3o da novela da SIC. E falando na mudan\u00e7a de visual: &#8220;<strong>acho que ajuda imenso na constru\u00e7\u00e3o desta Rosa sofisticada que veio de origens humildes e populares. N\u00e3o perde isso. Ela vai ser muito latina. Vai ser uma mulher com muita for\u00e7a no corpo e na atitude. Quero trazer essa franqueza e garra para a personagem. Estou pronta para a defender sempre<\/strong>&#8220;. <\/span><\/p>\n<p><span style=\"color: rgb(0, 0, 0); font-family: Calibri;\">&nbsp;<\/span><\/p>\n<p><span style=\"color: rgb(0, 0, 0); font-family: Calibri;\">&nbsp;<\/span><\/p>\n<p><span style=\"color: rgb(0, 0, 0); font-family: Calibri;\">Toda esta hist\u00f3ria come\u00e7a com uma peregrina\u00e7\u00e3o Lisboa-F\u00e1tima. A religi\u00e3o vai estar muito presente nesta novela, tanto a cat\u00f3lica como a budista, e a personagem da Rosa vai ser uma mulher de muita f\u00e9. <\/span><\/p>\n<p><span style=\"color: rgb(0, 0, 0); font-family: Calibri;\">&nbsp;<\/span><\/p>\n<p><span style=\"color: rgb(0, 0, 0); font-family: Calibri;\">&nbsp;<\/span><\/p>\n<p><span style=\"color: rgb(0, 0, 0); font-family: Calibri;\">&#8220;<strong>Os princ\u00edpios da religi\u00e3o est\u00e3o muito presentes nela. Vai haver uma grande dualidade nela. Vai apaixonar-se, por outro homem, mesmo sendo casada e o casamento sendo para levar em frente. Isto vai envolver muito as pessoas. A mim envolve, que estou a ler os epis\u00f3dios e acredito, tamb\u00e9m, que o publico l\u00e1 em casa fique agarrado a esta hist\u00f3ria, a estas dualidades dela. A uma irm\u00e3 que \u00e9 a melhor amiga dela, mas ser\u00e1 que \u00e9 mesmo a melhor amiga dela? Isso \u00e9 muito giro, tamb\u00e9m. Estamos aqui cheios de conflitos. \u00c9 uma hist\u00f3ria muito sinuosa. Ela tem 300 epis\u00f3dios para perceber quem \u00e9 a irm\u00e3<\/strong>&#8220;, diz. <\/span><\/p>\n<p><span style=\"color: rgb(0, 0, 0); font-family: Calibri;\">&nbsp;<\/span><\/p>\n<p><span style=\"color: rgb(0, 0, 0); font-family: Calibri;\">&nbsp;<\/span><\/p>\n<p><span style=\"color: rgb(0, 0, 0); font-family: Calibri;\">Para Rosa, a peregrina\u00e7\u00e3o representa mais uma etapa do seu sonho. Tudo vai mudar quando Rosa sofrer um grave acidente e come\u00e7ar a olhar para a fam\u00edlia com outros olhos. N\u00e3o se lembra de ningu\u00e9m, exceptuando uma irm\u00e3 que ningu\u00e9m conhece. <\/span><\/p>\n<p><span style=\"color: rgb(0, 0, 0); font-family: Calibri;\">&nbsp;<\/span><\/p>\n<p><span style=\"color: rgb(0, 0, 0); font-family: Calibri;\">&nbsp;<\/span><\/p>\n<p><span style=\"color: rgb(0, 0, 0); font-family: Calibri;\">&#8220;<strong>Ficar sem os seus \u00faltimos doze anos de vida, sem reconhecer a filha, sem refer\u00eancias. Sem reconhecer o marido e estava tudo bem entre eles. De repente, de um dia para o outro, quem \u00e9s tu? Isto tudo provoca imensa angustia nela<\/strong>&#8221; ,conta a protagonista. <\/span><\/p>\n<p><span style=\"color: rgb(0, 0, 0); font-family: Calibri;\">&nbsp;<\/span><\/p>\n<p><span style=\"color: rgb(0, 0, 0); font-family: Calibri;\">&nbsp;<\/span><\/p>\n<p><span style=\"color: rgb(0, 0, 0); font-family: Calibri;\">Rosa quando acorda pensa que est\u00e1 em 2004. Perdeu toda a sua mem\u00f3ria, mas ser\u00e1 que se recorda das coisas mais b\u00e1sicas como \u00e9 apertar os sapatos? &#8220;<strong>Ela perde os \u00faltimos doze anos de vida, perde o l\u00e9xico, perde o seu comportamento. Como ser\u00e1 a sua reac\u00e7\u00e3o com as roupas? Tudo isso est\u00e1 a ser muito entusiasmante<\/strong>&#8220;, confessa. <\/span><\/p>\n<p><span style=\"color: rgb(0, 0, 0); font-family: Calibri;\">&nbsp;<\/span><\/p>\n<p><span style=\"color: rgb(0, 0, 0); font-family: Calibri;\">&nbsp;<\/span><\/p>\n<p><span style=\"color: rgb(0, 0, 0); font-family: Calibri;\">Esta bela flor \u00e9 cuidadosa, generosa e compreensiva, mas n\u00e3o passiva. &#8220;<strong>Ela \u00e9 muito rosa mas vamos ter uma rosa com os seus espinhos para fazer sangrar e sentir. Eu tamb\u00e9m estou \u00e0 espera desses espinhos<\/strong>&#8220;, conta. No trabalho \u00e9 impar\u00e1vel, exigente e centralizadora. A \u00fanica coisa que a tira do s\u00e9rio s\u00e3o as v\u00e1rias injusti\u00e7as de que vai ser v\u00edtima. <\/span><\/p>\n<p>&nbsp;<\/p>\n<p>&nbsp;<\/p>\n<p><span style=\"color: rgb(0, 0, 0); font-family: Calibri;\">Chegou a Tomar com pouco mais do que a roupa que trazia no corpo mas gra\u00e7as ao trabalho duro conseguiu criar a Floriz. Rosa \u00e9 casada com Daniel ( Pep\u00ea Rapazote) e \u00e9 m\u00e3e de J\u00falia. No hospital vai aproximar-se do m\u00e9dico que lhe salva a vida, personagem interpretada por Marco Delgado. <\/span><\/p>\n<p><span style=\"color: rgb(0, 0, 0); font-family: Calibri;\">&nbsp;<\/span><\/p>\n<p><span style=\"color: rgb(0, 0, 0); font-family: Calibri;\">&nbsp;<\/span><\/p>\n<p><span style=\"color: rgb(0, 0, 0); font-family: Calibri;\">&#8220;<strong>Desenvolve uma certa depend\u00eancia, um sentimento que nasce. \u00c9 o passado contra o presente. Isto traz muita ang\u00fastia, muita curiosidade. \u00c9 uma constante ang\u00fastia e dualidade. O que ela vai fazer. Como ela vive no seu dia-a-dia. 300 ou 200 epis\u00f3dios, n\u00e3o sei quantos v\u00e3o ser, para recuperar a sua mem\u00f3ria e perceber quem s\u00e3o, de facto, os seus aliados e os seus inimigos. Isso, de ponto de vista humano, est\u00e1 a ser um grande desafio<\/strong>&#8220;, explica a actriz. <\/span><\/p>\n<p><span style=\"color: rgb(0, 0, 0); font-family: Calibri;\">&nbsp;<\/span><\/p>\n<p><span style=\"color: rgb(0, 0, 0); font-family: Calibri;\">&nbsp;<\/span><\/p>\n<p><span style=\"color: rgb(0, 0, 0); font-family: Calibri;\">Rainha das Flores estreia, para o lugar de Poderosas, em Maio, na SIC. <\/span><\/p>\n<p>&nbsp;<\/p>\n","protected":false},"excerpt":{"rendered":"<p>Ela \u00e9 a Rainha das Flores, a protagonista de toda esta hist\u00f3ria. Depois de ser Leonor em \u201cPerfeito Cora\u00e7\u00e3o\u201d, vai ser Rosa Severo em \u201cRainha das Flores\u201d. O \u00faltimo trabalho que fez na SIC foi \u201cMar Salgado\u201d. \u201cRainha das Flores\u201d vai ser o novo desafio na vida de Sandra Barata Belo. &#8220;Tenho tido muita sorte [&hellip;]<\/p>\n","protected":false},"author":13,"featured_media":4643,"comment_status":"open","ping_status":"closed","sticky":false,"template":"","format":"standard","meta":{"footnotes":""},"categories":[10,14],"tags":[838,858,534,816],"class_list":["post-4641","post","type-post","status-publish","format-standard","has-post-thumbnail","hentry","category-actualidade","category-televisao","tag-rainha-das-flores","tag-sandra-barata-belo","tag-sic","tag-tomar"],"yoast_head":"<!-- This site is optimized with the Yoast SEO plugin v27.4 - https:\/\/yoast.com\/product\/yoast-seo-wordpress\/ -->\n<title>Sandra Barata Belo: Conhe\u00e7a a Rosa, a protagonista de &quot;Rainha das Flores&quot; | Infocul.pt - Arquivo Digital<\/title>\n<meta name=\"description\" content=\"Sandra Barata Belo: Conhe\u00e7a a Rosa, a protagonista de &quot;Rainha das Flores&quot; | Infocul.pt - Arquivo Digital\" \/>\n<meta name=\"robots\" content=\"noindex, follow, max-snippet:-1, max-image-preview:large, max-video-preview:-1\" \/>\n<meta property=\"og:locale\" content=\"pt_PT\" \/>\n<meta property=\"og:type\" content=\"article\" \/>\n<meta property=\"og:title\" content=\"Sandra Barata Belo: Conhe\u00e7a a Rosa, a protagonista de &quot;Rainha das Flores&quot; | Infocul.pt - Arquivo Digital\" \/>\n<meta property=\"og:description\" content=\"Sandra Barata Belo: Conhe\u00e7a a Rosa, a protagonista de &quot;Rainha das Flores&quot; | Infocul.pt - Arquivo Digital\" \/>\n<meta property=\"og:url\" content=\"https:\/\/infocul.pt\/arquivo\/actualidade\/4641sandra-barata-belo-conheca-a-rosa-a-protagonista-de-rainha-das-flores\/\" \/>\n<meta property=\"og:site_name\" content=\"Infocul.pt - Arquivo Digital\" \/>\n<meta property=\"article:publisher\" content=\"https:\/\/www.facebook.com\/Infocul-147816815585015\/\" \/>\n<meta property=\"article:published_time\" content=\"2016-03-20T16:30:11+00:00\" \/>\n<meta property=\"article:modified_time\" content=\"2016-03-24T16:24:37+00:00\" \/>\n<meta property=\"og:image\" content=\"https:\/\/infocul.pt\/arquivo\/wp-content\/uploads\/2016\/03\/Sandra-Barata-Belo-03.jpg\" \/>\n\t<meta property=\"og:image:width\" content=\"620\" \/>\n\t<meta property=\"og:image:height\" content=\"413\" \/>\n\t<meta property=\"og:image:type\" content=\"image\/jpeg\" \/>\n<meta name=\"author\" content=\"Redac\u00e7\u00e3o\" \/>\n<meta name=\"twitter:card\" content=\"summary_large_image\" \/>\n<meta name=\"twitter:creator\" content=\"@Infoculpt\" \/>\n<meta name=\"twitter:site\" content=\"@Infoculpt\" \/>\n<meta name=\"twitter:label1\" content=\"Escrito por\" \/>\n\t<meta name=\"twitter:data1\" content=\"Redac\u00e7\u00e3o\" \/>\n\t<meta name=\"twitter:label2\" content=\"Tempo estimado de leitura\" \/>\n\t<meta name=\"twitter:data2\" content=\"4 minutos\" \/>\n<script type=\"application\/ld+json\" class=\"yoast-schema-graph\">{\"@context\":\"https:\\\/\\\/schema.org\",\"@graph\":[{\"@type\":\"Article\",\"@id\":\"https:\\\/\\\/infocul.pt\\\/arquivo\\\/actualidade\\\/4641sandra-barata-belo-conheca-a-rosa-a-protagonista-de-rainha-das-flores\\\/#article\",\"isPartOf\":{\"@id\":\"https:\\\/\\\/infocul.pt\\\/arquivo\\\/actualidade\\\/4641sandra-barata-belo-conheca-a-rosa-a-protagonista-de-rainha-das-flores\\\/\"},\"author\":{\"name\":\"Redac\u00e7\u00e3o\",\"@id\":\"https:\\\/\\\/infocul.pt\\\/arquivo\\\/#\\\/schema\\\/person\\\/f243f45ae8d67639120a7586884f3abc\"},\"headline\":\"Sandra Barata Belo: Conhe\u00e7a a Rosa, a protagonista de &#8220;Rainha das Flores&#8221;\",\"datePublished\":\"2016-03-20T16:30:11+00:00\",\"dateModified\":\"2016-03-24T16:24:37+00:00\",\"mainEntityOfPage\":{\"@id\":\"https:\\\/\\\/infocul.pt\\\/arquivo\\\/actualidade\\\/4641sandra-barata-belo-conheca-a-rosa-a-protagonista-de-rainha-das-flores\\\/\"},\"wordCount\":879,\"commentCount\":0,\"publisher\":{\"@id\":\"https:\\\/\\\/infocul.pt\\\/arquivo\\\/#organization\"},\"image\":{\"@id\":\"https:\\\/\\\/infocul.pt\\\/arquivo\\\/actualidade\\\/4641sandra-barata-belo-conheca-a-rosa-a-protagonista-de-rainha-das-flores\\\/#primaryimage\"},\"thumbnailUrl\":\"https:\\\/\\\/infocul.pt\\\/arquivo\\\/wp-content\\\/uploads\\\/2016\\\/03\\\/Sandra-Barata-Belo-03.jpg\",\"keywords\":[\"Rainha das Flores\",\"Sandra Barata Belo\",\"SIC\",\"Tomar\"],\"articleSection\":[\"Actualidade\",\"Televis\u00e3o\"],\"inLanguage\":\"pt-PT\"},{\"@type\":\"WebPage\",\"@id\":\"https:\\\/\\\/infocul.pt\\\/arquivo\\\/actualidade\\\/4641sandra-barata-belo-conheca-a-rosa-a-protagonista-de-rainha-das-flores\\\/\",\"url\":\"https:\\\/\\\/infocul.pt\\\/arquivo\\\/actualidade\\\/4641sandra-barata-belo-conheca-a-rosa-a-protagonista-de-rainha-das-flores\\\/\",\"name\":\"Sandra Barata Belo: Conhe\u00e7a a Rosa, a protagonista de \\\"Rainha das Flores\\\" | Infocul.pt - Arquivo Digital\",\"isPartOf\":{\"@id\":\"https:\\\/\\\/infocul.pt\\\/arquivo\\\/#website\"},\"primaryImageOfPage\":{\"@id\":\"https:\\\/\\\/infocul.pt\\\/arquivo\\\/actualidade\\\/4641sandra-barata-belo-conheca-a-rosa-a-protagonista-de-rainha-das-flores\\\/#primaryimage\"},\"image\":{\"@id\":\"https:\\\/\\\/infocul.pt\\\/arquivo\\\/actualidade\\\/4641sandra-barata-belo-conheca-a-rosa-a-protagonista-de-rainha-das-flores\\\/#primaryimage\"},\"thumbnailUrl\":\"https:\\\/\\\/infocul.pt\\\/arquivo\\\/wp-content\\\/uploads\\\/2016\\\/03\\\/Sandra-Barata-Belo-03.jpg\",\"datePublished\":\"2016-03-20T16:30:11+00:00\",\"dateModified\":\"2016-03-24T16:24:37+00:00\",\"description\":\"Sandra Barata Belo: Conhe\u00e7a a Rosa, a protagonista de \\\"Rainha das Flores\\\" | Infocul.pt - Arquivo Digital\",\"breadcrumb\":{\"@id\":\"https:\\\/\\\/infocul.pt\\\/arquivo\\\/actualidade\\\/4641sandra-barata-belo-conheca-a-rosa-a-protagonista-de-rainha-das-flores\\\/#breadcrumb\"},\"inLanguage\":\"pt-PT\",\"potentialAction\":[{\"@type\":\"ReadAction\",\"target\":[\"https:\\\/\\\/infocul.pt\\\/arquivo\\\/actualidade\\\/4641sandra-barata-belo-conheca-a-rosa-a-protagonista-de-rainha-das-flores\\\/\"]}]},{\"@type\":\"ImageObject\",\"inLanguage\":\"pt-PT\",\"@id\":\"https:\\\/\\\/infocul.pt\\\/arquivo\\\/actualidade\\\/4641sandra-barata-belo-conheca-a-rosa-a-protagonista-de-rainha-das-flores\\\/#primaryimage\",\"url\":\"https:\\\/\\\/infocul.pt\\\/arquivo\\\/wp-content\\\/uploads\\\/2016\\\/03\\\/Sandra-Barata-Belo-03.jpg\",\"contentUrl\":\"https:\\\/\\\/infocul.pt\\\/arquivo\\\/wp-content\\\/uploads\\\/2016\\\/03\\\/Sandra-Barata-Belo-03.jpg\",\"width\":620,\"height\":413},{\"@type\":\"BreadcrumbList\",\"@id\":\"https:\\\/\\\/infocul.pt\\\/arquivo\\\/actualidade\\\/4641sandra-barata-belo-conheca-a-rosa-a-protagonista-de-rainha-das-flores\\\/#breadcrumb\",\"itemListElement\":[{\"@type\":\"ListItem\",\"position\":1,\"name\":\"Home\",\"item\":\"https:\\\/\\\/infocul.pt\\\/arquivo\\\/\"},{\"@type\":\"ListItem\",\"position\":2,\"name\":\"Sandra Barata Belo: Conhe\u00e7a a Rosa, a protagonista de &#8220;Rainha das Flores&#8221;\"}]},{\"@type\":\"WebSite\",\"@id\":\"https:\\\/\\\/infocul.pt\\\/arquivo\\\/#website\",\"url\":\"https:\\\/\\\/infocul.pt\\\/arquivo\\\/\",\"name\":\"Infocul.pt - Arquivo Digital\",\"description\":\"Arquivo digital da Infocul.pt\",\"publisher\":{\"@id\":\"https:\\\/\\\/infocul.pt\\\/arquivo\\\/#organization\"},\"potentialAction\":[{\"@type\":\"SearchAction\",\"target\":{\"@type\":\"EntryPoint\",\"urlTemplate\":\"https:\\\/\\\/infocul.pt\\\/arquivo\\\/?s={search_term_string}\"},\"query-input\":{\"@type\":\"PropertyValueSpecification\",\"valueRequired\":true,\"valueName\":\"search_term_string\"}}],\"inLanguage\":\"pt-PT\"},{\"@type\":\"Organization\",\"@id\":\"https:\\\/\\\/infocul.pt\\\/arquivo\\\/#organization\",\"name\":\"Infocul.pt\",\"url\":\"https:\\\/\\\/infocul.pt\\\/arquivo\\\/\",\"logo\":{\"@type\":\"ImageObject\",\"inLanguage\":\"pt-PT\",\"@id\":\"https:\\\/\\\/infocul.pt\\\/arquivo\\\/#\\\/schema\\\/logo\\\/image\\\/\",\"url\":\"https:\\\/\\\/infocul.pt\\\/arquivo\\\/wp-content\\\/uploads\\\/2018\\\/12\\\/Infocul_logo-1.png\",\"contentUrl\":\"https:\\\/\\\/infocul.pt\\\/arquivo\\\/wp-content\\\/uploads\\\/2018\\\/12\\\/Infocul_logo-1.png\",\"width\":800,\"height\":800,\"caption\":\"Infocul.pt\"},\"image\":{\"@id\":\"https:\\\/\\\/infocul.pt\\\/arquivo\\\/#\\\/schema\\\/logo\\\/image\\\/\"},\"sameAs\":[\"https:\\\/\\\/www.facebook.com\\\/Infocul-147816815585015\\\/\",\"https:\\\/\\\/x.com\\\/Infoculpt\",\"http:\\\/\\\/www.pictaram.com\\\/user\\\/infocul.pt\\\/2370423710\",\"https:\\\/\\\/www.youtube.com\\\/channel\\\/UCYEB91AGI9FL9ek2i_IaQAA\"]},{\"@type\":\"Person\",\"@id\":\"https:\\\/\\\/infocul.pt\\\/arquivo\\\/#\\\/schema\\\/person\\\/f243f45ae8d67639120a7586884f3abc\",\"name\":\"Redac\u00e7\u00e3o\",\"image\":{\"@type\":\"ImageObject\",\"inLanguage\":\"pt-PT\",\"@id\":\"https:\\\/\\\/secure.gravatar.com\\\/avatar\\\/151b1b76c598ab5e749407223bd6c1bad4e41c4e95de3c3df83540ebee2deaf8?s=96&d=mm&r=g\",\"url\":\"https:\\\/\\\/secure.gravatar.com\\\/avatar\\\/151b1b76c598ab5e749407223bd6c1bad4e41c4e95de3c3df83540ebee2deaf8?s=96&d=mm&r=g\",\"contentUrl\":\"https:\\\/\\\/secure.gravatar.com\\\/avatar\\\/151b1b76c598ab5e749407223bd6c1bad4e41c4e95de3c3df83540ebee2deaf8?s=96&d=mm&r=g\",\"caption\":\"Redac\u00e7\u00e3o\"}}]}<\/script>\n<!-- \/ Yoast SEO plugin. -->","yoast_head_json":{"title":"Sandra Barata Belo: Conhe\u00e7a a Rosa, a protagonista de \"Rainha das Flores\" | Infocul.pt - Arquivo Digital","description":"Sandra Barata Belo: Conhe\u00e7a a Rosa, a protagonista de \"Rainha das Flores\" | Infocul.pt - Arquivo Digital","robots":{"index":"noindex","follow":"follow","max-snippet":"max-snippet:-1","max-image-preview":"max-image-preview:large","max-video-preview":"max-video-preview:-1"},"og_locale":"pt_PT","og_type":"article","og_title":"Sandra Barata Belo: Conhe\u00e7a a Rosa, a protagonista de \"Rainha das Flores\" | Infocul.pt - Arquivo Digital","og_description":"Sandra Barata Belo: Conhe\u00e7a a Rosa, a protagonista de \"Rainha das Flores\" | Infocul.pt - Arquivo Digital","og_url":"https:\/\/infocul.pt\/arquivo\/actualidade\/4641sandra-barata-belo-conheca-a-rosa-a-protagonista-de-rainha-das-flores\/","og_site_name":"Infocul.pt - Arquivo Digital","article_publisher":"https:\/\/www.facebook.com\/Infocul-147816815585015\/","article_published_time":"2016-03-20T16:30:11+00:00","article_modified_time":"2016-03-24T16:24:37+00:00","og_image":[{"width":620,"height":413,"url":"https:\/\/infocul.pt\/arquivo\/wp-content\/uploads\/2016\/03\/Sandra-Barata-Belo-03.jpg","type":"image\/jpeg"}],"author":"Redac\u00e7\u00e3o","twitter_card":"summary_large_image","twitter_creator":"@Infoculpt","twitter_site":"@Infoculpt","twitter_misc":{"Escrito por":"Redac\u00e7\u00e3o","Tempo estimado de leitura":"4 minutos"},"schema":{"@context":"https:\/\/schema.org","@graph":[{"@type":"Article","@id":"https:\/\/infocul.pt\/arquivo\/actualidade\/4641sandra-barata-belo-conheca-a-rosa-a-protagonista-de-rainha-das-flores\/#article","isPartOf":{"@id":"https:\/\/infocul.pt\/arquivo\/actualidade\/4641sandra-barata-belo-conheca-a-rosa-a-protagonista-de-rainha-das-flores\/"},"author":{"name":"Redac\u00e7\u00e3o","@id":"https:\/\/infocul.pt\/arquivo\/#\/schema\/person\/f243f45ae8d67639120a7586884f3abc"},"headline":"Sandra Barata Belo: Conhe\u00e7a a Rosa, a protagonista de &#8220;Rainha das Flores&#8221;","datePublished":"2016-03-20T16:30:11+00:00","dateModified":"2016-03-24T16:24:37+00:00","mainEntityOfPage":{"@id":"https:\/\/infocul.pt\/arquivo\/actualidade\/4641sandra-barata-belo-conheca-a-rosa-a-protagonista-de-rainha-das-flores\/"},"wordCount":879,"commentCount":0,"publisher":{"@id":"https:\/\/infocul.pt\/arquivo\/#organization"},"image":{"@id":"https:\/\/infocul.pt\/arquivo\/actualidade\/4641sandra-barata-belo-conheca-a-rosa-a-protagonista-de-rainha-das-flores\/#primaryimage"},"thumbnailUrl":"https:\/\/infocul.pt\/arquivo\/wp-content\/uploads\/2016\/03\/Sandra-Barata-Belo-03.jpg","keywords":["Rainha das Flores","Sandra Barata Belo","SIC","Tomar"],"articleSection":["Actualidade","Televis\u00e3o"],"inLanguage":"pt-PT"},{"@type":"WebPage","@id":"https:\/\/infocul.pt\/arquivo\/actualidade\/4641sandra-barata-belo-conheca-a-rosa-a-protagonista-de-rainha-das-flores\/","url":"https:\/\/infocul.pt\/arquivo\/actualidade\/4641sandra-barata-belo-conheca-a-rosa-a-protagonista-de-rainha-das-flores\/","name":"Sandra Barata Belo: Conhe\u00e7a a Rosa, a protagonista de \"Rainha das Flores\" | Infocul.pt - Arquivo Digital","isPartOf":{"@id":"https:\/\/infocul.pt\/arquivo\/#website"},"primaryImageOfPage":{"@id":"https:\/\/infocul.pt\/arquivo\/actualidade\/4641sandra-barata-belo-conheca-a-rosa-a-protagonista-de-rainha-das-flores\/#primaryimage"},"image":{"@id":"https:\/\/infocul.pt\/arquivo\/actualidade\/4641sandra-barata-belo-conheca-a-rosa-a-protagonista-de-rainha-das-flores\/#primaryimage"},"thumbnailUrl":"https:\/\/infocul.pt\/arquivo\/wp-content\/uploads\/2016\/03\/Sandra-Barata-Belo-03.jpg","datePublished":"2016-03-20T16:30:11+00:00","dateModified":"2016-03-24T16:24:37+00:00","description":"Sandra Barata Belo: Conhe\u00e7a a Rosa, a protagonista de \"Rainha das Flores\" | Infocul.pt - Arquivo Digital","breadcrumb":{"@id":"https:\/\/infocul.pt\/arquivo\/actualidade\/4641sandra-barata-belo-conheca-a-rosa-a-protagonista-de-rainha-das-flores\/#breadcrumb"},"inLanguage":"pt-PT","potentialAction":[{"@type":"ReadAction","target":["https:\/\/infocul.pt\/arquivo\/actualidade\/4641sandra-barata-belo-conheca-a-rosa-a-protagonista-de-rainha-das-flores\/"]}]},{"@type":"ImageObject","inLanguage":"pt-PT","@id":"https:\/\/infocul.pt\/arquivo\/actualidade\/4641sandra-barata-belo-conheca-a-rosa-a-protagonista-de-rainha-das-flores\/#primaryimage","url":"https:\/\/infocul.pt\/arquivo\/wp-content\/uploads\/2016\/03\/Sandra-Barata-Belo-03.jpg","contentUrl":"https:\/\/infocul.pt\/arquivo\/wp-content\/uploads\/2016\/03\/Sandra-Barata-Belo-03.jpg","width":620,"height":413},{"@type":"BreadcrumbList","@id":"https:\/\/infocul.pt\/arquivo\/actualidade\/4641sandra-barata-belo-conheca-a-rosa-a-protagonista-de-rainha-das-flores\/#breadcrumb","itemListElement":[{"@type":"ListItem","position":1,"name":"Home","item":"https:\/\/infocul.pt\/arquivo\/"},{"@type":"ListItem","position":2,"name":"Sandra Barata Belo: Conhe\u00e7a a Rosa, a protagonista de &#8220;Rainha das Flores&#8221;"}]},{"@type":"WebSite","@id":"https:\/\/infocul.pt\/arquivo\/#website","url":"https:\/\/infocul.pt\/arquivo\/","name":"Infocul.pt - Arquivo Digital","description":"Arquivo digital da Infocul.pt","publisher":{"@id":"https:\/\/infocul.pt\/arquivo\/#organization"},"potentialAction":[{"@type":"SearchAction","target":{"@type":"EntryPoint","urlTemplate":"https:\/\/infocul.pt\/arquivo\/?s={search_term_string}"},"query-input":{"@type":"PropertyValueSpecification","valueRequired":true,"valueName":"search_term_string"}}],"inLanguage":"pt-PT"},{"@type":"Organization","@id":"https:\/\/infocul.pt\/arquivo\/#organization","name":"Infocul.pt","url":"https:\/\/infocul.pt\/arquivo\/","logo":{"@type":"ImageObject","inLanguage":"pt-PT","@id":"https:\/\/infocul.pt\/arquivo\/#\/schema\/logo\/image\/","url":"https:\/\/infocul.pt\/arquivo\/wp-content\/uploads\/2018\/12\/Infocul_logo-1.png","contentUrl":"https:\/\/infocul.pt\/arquivo\/wp-content\/uploads\/2018\/12\/Infocul_logo-1.png","width":800,"height":800,"caption":"Infocul.pt"},"image":{"@id":"https:\/\/infocul.pt\/arquivo\/#\/schema\/logo\/image\/"},"sameAs":["https:\/\/www.facebook.com\/Infocul-147816815585015\/","https:\/\/x.com\/Infoculpt","http:\/\/www.pictaram.com\/user\/infocul.pt\/2370423710","https:\/\/www.youtube.com\/channel\/UCYEB91AGI9FL9ek2i_IaQAA"]},{"@type":"Person","@id":"https:\/\/infocul.pt\/arquivo\/#\/schema\/person\/f243f45ae8d67639120a7586884f3abc","name":"Redac\u00e7\u00e3o","image":{"@type":"ImageObject","inLanguage":"pt-PT","@id":"https:\/\/secure.gravatar.com\/avatar\/151b1b76c598ab5e749407223bd6c1bad4e41c4e95de3c3df83540ebee2deaf8?s=96&d=mm&r=g","url":"https:\/\/secure.gravatar.com\/avatar\/151b1b76c598ab5e749407223bd6c1bad4e41c4e95de3c3df83540ebee2deaf8?s=96&d=mm&r=g","contentUrl":"https:\/\/secure.gravatar.com\/avatar\/151b1b76c598ab5e749407223bd6c1bad4e41c4e95de3c3df83540ebee2deaf8?s=96&d=mm&r=g","caption":"Redac\u00e7\u00e3o"}}]}},"_links":{"self":[{"href":"https:\/\/infocul.pt\/arquivo\/wp-json\/wp\/v2\/posts\/4641","targetHints":{"allow":["GET"]}}],"collection":[{"href":"https:\/\/infocul.pt\/arquivo\/wp-json\/wp\/v2\/posts"}],"about":[{"href":"https:\/\/infocul.pt\/arquivo\/wp-json\/wp\/v2\/types\/post"}],"author":[{"embeddable":true,"href":"https:\/\/infocul.pt\/arquivo\/wp-json\/wp\/v2\/users\/13"}],"replies":[{"embeddable":true,"href":"https:\/\/infocul.pt\/arquivo\/wp-json\/wp\/v2\/comments?post=4641"}],"version-history":[{"count":0,"href":"https:\/\/infocul.pt\/arquivo\/wp-json\/wp\/v2\/posts\/4641\/revisions"}],"wp:featuredmedia":[{"embeddable":true,"href":"https:\/\/infocul.pt\/arquivo\/wp-json\/wp\/v2\/media\/4643"}],"wp:attachment":[{"href":"https:\/\/infocul.pt\/arquivo\/wp-json\/wp\/v2\/media?parent=4641"}],"wp:term":[{"taxonomy":"category","embeddable":true,"href":"https:\/\/infocul.pt\/arquivo\/wp-json\/wp\/v2\/categories?post=4641"},{"taxonomy":"post_tag","embeddable":true,"href":"https:\/\/infocul.pt\/arquivo\/wp-json\/wp\/v2\/tags?post=4641"}],"curies":[{"name":"wp","href":"https:\/\/api.w.org\/{rel}","templated":true}]}}