{"id":4676,"date":"2016-03-22T20:53:11","date_gmt":"2016-03-22T20:53:11","guid":{"rendered":"http:\/\/infocul.pt\/?p=4676"},"modified":"2016-03-25T08:39:52","modified_gmt":"2016-03-25T08:39:52","slug":"4676isabel-abreu-sera-narcisa-severo-em-rainha-das-flores-na-sic","status":"publish","type":"post","link":"https:\/\/infocul.pt\/arquivo\/actualidade\/4676isabel-abreu-sera-narcisa-severo-em-rainha-das-flores-na-sic\/","title":{"rendered":"Isabel Abreu ser\u00e1 Narcisa Severo em &#8220;Rainha das Flores&#8221; na SIC"},"content":{"rendered":"<p>\t<img decoding=\"async\" width=\"620\" height=\"413\" class=\"so-widget-image lazyload\" style=\"--smush-placeholder-width: 620px; --smush-placeholder-aspect-ratio: 620\/413;height: auto; display: block; max-width: 100%;\" data-src=\"http:\/\/infocul.pt\/wp-content\/uploads\/2016\/03\/Isabel-Abreu.jpg\" src=\"data:image\/svg+xml;base64,PHN2ZyB3aWR0aD0iMSIgaGVpZ2h0PSIxIiB4bWxucz0iaHR0cDovL3d3dy53My5vcmcvMjAwMC9zdmciPjwvc3ZnPg==\"><\/p>\n<p><strong>\u201cRainha das Flores\u201d \u00e9 a nova aposta da SIC e que sustituir\u00e1 \u201cPoderosas\u201d em Maio. No Infocul.pt apresentamos as personagens. Depois da entrevista a Sandra Barata Belo, apresentamos a entrevista a Isabel Abreu.<\/strong><\/p>\n<p>Como n\u00e3o h\u00e1 bela sem sen\u00e3o, nesta hist\u00f3ria, e depois da protagonista, temos que apresentar a antagonista.<\/p>\n<p>&nbsp;<\/p>\n<p>&nbsp;<\/p>\n<p>Isabel Abreu vai ser Narcisa Severo ,a grande vil\u00e3, em Rainha das Flores. &#8220;<strong>Isabel Abreu \u00e9 uma actriz que eu andava atr\u00e1s h\u00e1 anos. Gostava imenso que ela viesse fazer novela comigo mas n\u00e3o tem dado. N\u00e3o era porque ela n\u00e3o quisesse mas os projectos dela criavam uma certa atrofia mas agora foi poss\u00edvel, foi o timing perfeito. \u00c9 uma actriz maravilhosa<\/strong>!&#8221;, conta Gabriela Sobral.<\/p>\n<p>&nbsp;<\/p>\n<p>&nbsp;<\/p>\n<p>Isabel Abreu j\u00e1 ganhou o Globo de Ouro para melhor actriz de teatro e participou na s\u00e9rie &#8220;Os filhos do Rock&#8221;, na RTP, para al\u00e9m de outros trabalhos de grande relev\u00e2ncia.<\/p>\n<p>&nbsp;<\/p>\n<p>&nbsp;<\/p>\n<p>Agora na SIC vai ter o seu primeiro papel de relevo no formato novela. &#8220;<strong>Tento n\u00e3o fazer nada em que n\u00e3o acredite. Este foi um desafio que aceitei de bra\u00e7os abertos e \u00e9 uma hist\u00f3ria onde vou dar o que tenho e o que n\u00e3o tenho para que funcione<\/strong>&#8220;, declara Isabel Abreu.<\/p>\n<p>&nbsp;<\/p>\n<p>Narcisa Severo \u00e9 uma personagem m\u00e1 mas acredita que foi a vida que a tornou assim. \u00c9 extremamente cat\u00f3lica mas vai cair em tenta\u00e7\u00e3o quando encontrar C\u00e9sar, a personagem de Gon\u00e7alo Diniz.<\/p>\n<p>&nbsp;<\/p>\n<p>&nbsp;<\/p>\n<p>Tudo come\u00e7ou com o nome. Se a irm\u00e3 tem o nome de uma delicada flor, Narcisa faz juz ao seu nome e \u00e9 narcisista. Tem ci\u00fames da irm\u00e3 mais nova.<\/p>\n<p>&nbsp;<\/p>\n<p>Isabel Abreu nasceu em Arronches, no Alentejo, h\u00e1 37 anos, palco improvisado das suas primeiras pe\u00e7as \u2013 era encenadora, protagonista, j\u00fari, ganhava sempre.<\/p>\n<p>&nbsp;<\/p>\n<p>&nbsp;<\/p>\n<p>Narcisa vai tentar aproveitar-se do acidente da irm\u00e3 ( Rosa) para ficar com toda a riqueza que esta acumulou na \u00faltima d\u00e9cada. &#8220;<strong>H\u00e1 um lado meu que acredita que ela tem ali direito a uma parte<\/strong>&#8220;,conta a actriz sobre o que move a sua persoangem.<\/p>\n<p>&nbsp;<\/p>\n<p>&nbsp;<\/p>\n<p>Quando Rosa acorda esta s\u00f3 se lembra de Narcisa, s\u00f3 que ningu\u00e9m a conhece. O marido de Rosa, Daniel, vai fazer de tudo para ajudar a irm\u00e3, inclusive ir atr\u00e1s da irm\u00e3 que ningu\u00e9m conhece. Narcisa vai ser encontrada no Algarve a viver numa casa modesta com o filho, Bruno.<\/p>\n<p>&nbsp;<\/p>\n<p>&nbsp;<\/p>\n<p>Ela e o filho trabalham numa empresa de jardinagem da C\u00e2mara de Faro. Para Narcisa o filho \u00e9 a \u00faltima hip\u00f3tese para ter uma vida melhor e como tal educou-o com m\u00e3o de ferro. S\u00f3 que o filho submisso vai passar a ter voz activa quando se envolver com Sofia, a enteada da irm\u00e3.<\/p>\n<p>&nbsp;<\/p>\n<p>&nbsp;<\/p>\n<p>Com o passar dos dias, Narcisa tem acesso a uma vida que n\u00e3o estava habituada: piscina, empregada, frigor\u00edfico cheio ou len\u00e7\u00f3is de luxo. Narcisa vai fazer de tudo para que a irm\u00e3 n\u00e3o se lembre de nada pois tem medo de perder todos os luxos. S\u00f3 lhe vai contar metade da hist\u00f3ria da vida delas.<\/p>\n","protected":false},"excerpt":{"rendered":"<p>\u201cRainha das Flores\u201d \u00e9 a nova aposta da SIC e que sustituir\u00e1 \u201cPoderosas\u201d em Maio. No Infocul.pt apresentamos as personagens. Depois da entrevista a Sandra Barata Belo, apresentamos a entrevista a Isabel Abreu. Como n\u00e3o h\u00e1 bela sem sen\u00e3o, nesta hist\u00f3ria, e depois da protagonista, temos que apresentar a antagonista. &nbsp; &nbsp; Isabel Abreu vai [&hellip;]<\/p>\n","protected":false},"author":13,"featured_media":4677,"comment_status":"open","ping_status":"closed","sticky":false,"template":"","format":"standard","meta":{"footnotes":""},"categories":[10,14],"tags":[867,838,534],"class_list":["post-4676","post","type-post","status-publish","format-standard","has-post-thumbnail","hentry","category-actualidade","category-televisao","tag-isabel-abreu","tag-rainha-das-flores","tag-sic"],"yoast_head":"<!-- This site is optimized with the Yoast SEO plugin v27.4 - https:\/\/yoast.com\/product\/yoast-seo-wordpress\/ -->\n<title>Isabel Abreu ser\u00e1 Narcisa Severo em &quot;Rainha das Flores&quot; na SIC | Infocul.pt - Arquivo Digital<\/title>\n<meta name=\"description\" content=\"Isabel Abreu ser\u00e1 Narcisa Severo em &quot;Rainha das Flores&quot; na SIC | Infocul.pt - Arquivo Digital\" \/>\n<meta name=\"robots\" content=\"noindex, follow, max-snippet:-1, max-image-preview:large, max-video-preview:-1\" \/>\n<meta property=\"og:locale\" content=\"pt_PT\" \/>\n<meta property=\"og:type\" content=\"article\" \/>\n<meta property=\"og:title\" content=\"Isabel Abreu ser\u00e1 Narcisa Severo em &quot;Rainha das Flores&quot; na SIC | Infocul.pt - Arquivo Digital\" \/>\n<meta property=\"og:description\" content=\"Isabel Abreu ser\u00e1 Narcisa Severo em &quot;Rainha das Flores&quot; na SIC | Infocul.pt - Arquivo Digital\" \/>\n<meta property=\"og:url\" content=\"https:\/\/infocul.pt\/arquivo\/actualidade\/4676isabel-abreu-sera-narcisa-severo-em-rainha-das-flores-na-sic\/\" \/>\n<meta property=\"og:site_name\" content=\"Infocul.pt - Arquivo Digital\" \/>\n<meta property=\"article:publisher\" content=\"https:\/\/www.facebook.com\/Infocul-147816815585015\/\" \/>\n<meta property=\"article:published_time\" content=\"2016-03-22T20:53:11+00:00\" \/>\n<meta property=\"article:modified_time\" content=\"2016-03-25T08:39:52+00:00\" \/>\n<meta property=\"og:image\" content=\"https:\/\/infocul.pt\/arquivo\/wp-content\/uploads\/2016\/03\/Isabel-Abreu.jpg\" \/>\n\t<meta property=\"og:image:width\" content=\"620\" \/>\n\t<meta property=\"og:image:height\" content=\"413\" \/>\n\t<meta property=\"og:image:type\" content=\"image\/jpeg\" \/>\n<meta name=\"author\" content=\"Redac\u00e7\u00e3o\" \/>\n<meta name=\"twitter:card\" content=\"summary_large_image\" \/>\n<meta name=\"twitter:creator\" content=\"@Infoculpt\" \/>\n<meta name=\"twitter:site\" content=\"@Infoculpt\" \/>\n<meta name=\"twitter:label1\" content=\"Escrito por\" \/>\n\t<meta name=\"twitter:data1\" content=\"Redac\u00e7\u00e3o\" \/>\n\t<meta name=\"twitter:label2\" content=\"Tempo estimado de leitura\" \/>\n\t<meta name=\"twitter:data2\" content=\"3 minutos\" \/>\n<script type=\"application\/ld+json\" class=\"yoast-schema-graph\">{\"@context\":\"https:\\\/\\\/schema.org\",\"@graph\":[{\"@type\":\"Article\",\"@id\":\"https:\\\/\\\/infocul.pt\\\/arquivo\\\/actualidade\\\/4676isabel-abreu-sera-narcisa-severo-em-rainha-das-flores-na-sic\\\/#article\",\"isPartOf\":{\"@id\":\"https:\\\/\\\/infocul.pt\\\/arquivo\\\/actualidade\\\/4676isabel-abreu-sera-narcisa-severo-em-rainha-das-flores-na-sic\\\/\"},\"author\":{\"name\":\"Redac\u00e7\u00e3o\",\"@id\":\"https:\\\/\\\/infocul.pt\\\/arquivo\\\/#\\\/schema\\\/person\\\/f243f45ae8d67639120a7586884f3abc\"},\"headline\":\"Isabel Abreu ser\u00e1 Narcisa Severo em &#8220;Rainha das Flores&#8221; na SIC\",\"datePublished\":\"2016-03-22T20:53:11+00:00\",\"dateModified\":\"2016-03-25T08:39:52+00:00\",\"mainEntityOfPage\":{\"@id\":\"https:\\\/\\\/infocul.pt\\\/arquivo\\\/actualidade\\\/4676isabel-abreu-sera-narcisa-severo-em-rainha-das-flores-na-sic\\\/\"},\"wordCount\":543,\"commentCount\":0,\"publisher\":{\"@id\":\"https:\\\/\\\/infocul.pt\\\/arquivo\\\/#organization\"},\"image\":{\"@id\":\"https:\\\/\\\/infocul.pt\\\/arquivo\\\/actualidade\\\/4676isabel-abreu-sera-narcisa-severo-em-rainha-das-flores-na-sic\\\/#primaryimage\"},\"thumbnailUrl\":\"https:\\\/\\\/infocul.pt\\\/arquivo\\\/wp-content\\\/uploads\\\/2016\\\/03\\\/Isabel-Abreu.jpg\",\"keywords\":[\"Isabel Abreu\",\"Rainha das Flores\",\"SIC\"],\"articleSection\":[\"Actualidade\",\"Televis\u00e3o\"],\"inLanguage\":\"pt-PT\"},{\"@type\":\"WebPage\",\"@id\":\"https:\\\/\\\/infocul.pt\\\/arquivo\\\/actualidade\\\/4676isabel-abreu-sera-narcisa-severo-em-rainha-das-flores-na-sic\\\/\",\"url\":\"https:\\\/\\\/infocul.pt\\\/arquivo\\\/actualidade\\\/4676isabel-abreu-sera-narcisa-severo-em-rainha-das-flores-na-sic\\\/\",\"name\":\"Isabel Abreu ser\u00e1 Narcisa Severo em \\\"Rainha das Flores\\\" na SIC | Infocul.pt - Arquivo Digital\",\"isPartOf\":{\"@id\":\"https:\\\/\\\/infocul.pt\\\/arquivo\\\/#website\"},\"primaryImageOfPage\":{\"@id\":\"https:\\\/\\\/infocul.pt\\\/arquivo\\\/actualidade\\\/4676isabel-abreu-sera-narcisa-severo-em-rainha-das-flores-na-sic\\\/#primaryimage\"},\"image\":{\"@id\":\"https:\\\/\\\/infocul.pt\\\/arquivo\\\/actualidade\\\/4676isabel-abreu-sera-narcisa-severo-em-rainha-das-flores-na-sic\\\/#primaryimage\"},\"thumbnailUrl\":\"https:\\\/\\\/infocul.pt\\\/arquivo\\\/wp-content\\\/uploads\\\/2016\\\/03\\\/Isabel-Abreu.jpg\",\"datePublished\":\"2016-03-22T20:53:11+00:00\",\"dateModified\":\"2016-03-25T08:39:52+00:00\",\"description\":\"Isabel Abreu ser\u00e1 Narcisa Severo em \\\"Rainha das Flores\\\" na SIC | Infocul.pt - Arquivo Digital\",\"breadcrumb\":{\"@id\":\"https:\\\/\\\/infocul.pt\\\/arquivo\\\/actualidade\\\/4676isabel-abreu-sera-narcisa-severo-em-rainha-das-flores-na-sic\\\/#breadcrumb\"},\"inLanguage\":\"pt-PT\",\"potentialAction\":[{\"@type\":\"ReadAction\",\"target\":[\"https:\\\/\\\/infocul.pt\\\/arquivo\\\/actualidade\\\/4676isabel-abreu-sera-narcisa-severo-em-rainha-das-flores-na-sic\\\/\"]}]},{\"@type\":\"ImageObject\",\"inLanguage\":\"pt-PT\",\"@id\":\"https:\\\/\\\/infocul.pt\\\/arquivo\\\/actualidade\\\/4676isabel-abreu-sera-narcisa-severo-em-rainha-das-flores-na-sic\\\/#primaryimage\",\"url\":\"https:\\\/\\\/infocul.pt\\\/arquivo\\\/wp-content\\\/uploads\\\/2016\\\/03\\\/Isabel-Abreu.jpg\",\"contentUrl\":\"https:\\\/\\\/infocul.pt\\\/arquivo\\\/wp-content\\\/uploads\\\/2016\\\/03\\\/Isabel-Abreu.jpg\",\"width\":620,\"height\":413},{\"@type\":\"BreadcrumbList\",\"@id\":\"https:\\\/\\\/infocul.pt\\\/arquivo\\\/actualidade\\\/4676isabel-abreu-sera-narcisa-severo-em-rainha-das-flores-na-sic\\\/#breadcrumb\",\"itemListElement\":[{\"@type\":\"ListItem\",\"position\":1,\"name\":\"Home\",\"item\":\"https:\\\/\\\/infocul.pt\\\/arquivo\\\/\"},{\"@type\":\"ListItem\",\"position\":2,\"name\":\"Isabel Abreu ser\u00e1 Narcisa Severo em &#8220;Rainha das Flores&#8221; na SIC\"}]},{\"@type\":\"WebSite\",\"@id\":\"https:\\\/\\\/infocul.pt\\\/arquivo\\\/#website\",\"url\":\"https:\\\/\\\/infocul.pt\\\/arquivo\\\/\",\"name\":\"Infocul.pt - Arquivo Digital\",\"description\":\"Arquivo digital da Infocul.pt\",\"publisher\":{\"@id\":\"https:\\\/\\\/infocul.pt\\\/arquivo\\\/#organization\"},\"potentialAction\":[{\"@type\":\"SearchAction\",\"target\":{\"@type\":\"EntryPoint\",\"urlTemplate\":\"https:\\\/\\\/infocul.pt\\\/arquivo\\\/?s={search_term_string}\"},\"query-input\":{\"@type\":\"PropertyValueSpecification\",\"valueRequired\":true,\"valueName\":\"search_term_string\"}}],\"inLanguage\":\"pt-PT\"},{\"@type\":\"Organization\",\"@id\":\"https:\\\/\\\/infocul.pt\\\/arquivo\\\/#organization\",\"name\":\"Infocul.pt\",\"url\":\"https:\\\/\\\/infocul.pt\\\/arquivo\\\/\",\"logo\":{\"@type\":\"ImageObject\",\"inLanguage\":\"pt-PT\",\"@id\":\"https:\\\/\\\/infocul.pt\\\/arquivo\\\/#\\\/schema\\\/logo\\\/image\\\/\",\"url\":\"https:\\\/\\\/infocul.pt\\\/arquivo\\\/wp-content\\\/uploads\\\/2018\\\/12\\\/Infocul_logo-1.png\",\"contentUrl\":\"https:\\\/\\\/infocul.pt\\\/arquivo\\\/wp-content\\\/uploads\\\/2018\\\/12\\\/Infocul_logo-1.png\",\"width\":800,\"height\":800,\"caption\":\"Infocul.pt\"},\"image\":{\"@id\":\"https:\\\/\\\/infocul.pt\\\/arquivo\\\/#\\\/schema\\\/logo\\\/image\\\/\"},\"sameAs\":[\"https:\\\/\\\/www.facebook.com\\\/Infocul-147816815585015\\\/\",\"https:\\\/\\\/x.com\\\/Infoculpt\",\"http:\\\/\\\/www.pictaram.com\\\/user\\\/infocul.pt\\\/2370423710\",\"https:\\\/\\\/www.youtube.com\\\/channel\\\/UCYEB91AGI9FL9ek2i_IaQAA\"]},{\"@type\":\"Person\",\"@id\":\"https:\\\/\\\/infocul.pt\\\/arquivo\\\/#\\\/schema\\\/person\\\/f243f45ae8d67639120a7586884f3abc\",\"name\":\"Redac\u00e7\u00e3o\",\"image\":{\"@type\":\"ImageObject\",\"inLanguage\":\"pt-PT\",\"@id\":\"https:\\\/\\\/secure.gravatar.com\\\/avatar\\\/151b1b76c598ab5e749407223bd6c1bad4e41c4e95de3c3df83540ebee2deaf8?s=96&d=mm&r=g\",\"url\":\"https:\\\/\\\/secure.gravatar.com\\\/avatar\\\/151b1b76c598ab5e749407223bd6c1bad4e41c4e95de3c3df83540ebee2deaf8?s=96&d=mm&r=g\",\"contentUrl\":\"https:\\\/\\\/secure.gravatar.com\\\/avatar\\\/151b1b76c598ab5e749407223bd6c1bad4e41c4e95de3c3df83540ebee2deaf8?s=96&d=mm&r=g\",\"caption\":\"Redac\u00e7\u00e3o\"}}]}<\/script>\n<!-- \/ Yoast SEO plugin. -->","yoast_head_json":{"title":"Isabel Abreu ser\u00e1 Narcisa Severo em \"Rainha das Flores\" na SIC | Infocul.pt - Arquivo Digital","description":"Isabel Abreu ser\u00e1 Narcisa Severo em \"Rainha das Flores\" na SIC | Infocul.pt - Arquivo Digital","robots":{"index":"noindex","follow":"follow","max-snippet":"max-snippet:-1","max-image-preview":"max-image-preview:large","max-video-preview":"max-video-preview:-1"},"og_locale":"pt_PT","og_type":"article","og_title":"Isabel Abreu ser\u00e1 Narcisa Severo em \"Rainha das Flores\" na SIC | Infocul.pt - Arquivo Digital","og_description":"Isabel Abreu ser\u00e1 Narcisa Severo em \"Rainha das Flores\" na SIC | Infocul.pt - Arquivo Digital","og_url":"https:\/\/infocul.pt\/arquivo\/actualidade\/4676isabel-abreu-sera-narcisa-severo-em-rainha-das-flores-na-sic\/","og_site_name":"Infocul.pt - Arquivo Digital","article_publisher":"https:\/\/www.facebook.com\/Infocul-147816815585015\/","article_published_time":"2016-03-22T20:53:11+00:00","article_modified_time":"2016-03-25T08:39:52+00:00","og_image":[{"width":620,"height":413,"url":"https:\/\/infocul.pt\/arquivo\/wp-content\/uploads\/2016\/03\/Isabel-Abreu.jpg","type":"image\/jpeg"}],"author":"Redac\u00e7\u00e3o","twitter_card":"summary_large_image","twitter_creator":"@Infoculpt","twitter_site":"@Infoculpt","twitter_misc":{"Escrito por":"Redac\u00e7\u00e3o","Tempo estimado de leitura":"3 minutos"},"schema":{"@context":"https:\/\/schema.org","@graph":[{"@type":"Article","@id":"https:\/\/infocul.pt\/arquivo\/actualidade\/4676isabel-abreu-sera-narcisa-severo-em-rainha-das-flores-na-sic\/#article","isPartOf":{"@id":"https:\/\/infocul.pt\/arquivo\/actualidade\/4676isabel-abreu-sera-narcisa-severo-em-rainha-das-flores-na-sic\/"},"author":{"name":"Redac\u00e7\u00e3o","@id":"https:\/\/infocul.pt\/arquivo\/#\/schema\/person\/f243f45ae8d67639120a7586884f3abc"},"headline":"Isabel Abreu ser\u00e1 Narcisa Severo em &#8220;Rainha das Flores&#8221; na SIC","datePublished":"2016-03-22T20:53:11+00:00","dateModified":"2016-03-25T08:39:52+00:00","mainEntityOfPage":{"@id":"https:\/\/infocul.pt\/arquivo\/actualidade\/4676isabel-abreu-sera-narcisa-severo-em-rainha-das-flores-na-sic\/"},"wordCount":543,"commentCount":0,"publisher":{"@id":"https:\/\/infocul.pt\/arquivo\/#organization"},"image":{"@id":"https:\/\/infocul.pt\/arquivo\/actualidade\/4676isabel-abreu-sera-narcisa-severo-em-rainha-das-flores-na-sic\/#primaryimage"},"thumbnailUrl":"https:\/\/infocul.pt\/arquivo\/wp-content\/uploads\/2016\/03\/Isabel-Abreu.jpg","keywords":["Isabel Abreu","Rainha das Flores","SIC"],"articleSection":["Actualidade","Televis\u00e3o"],"inLanguage":"pt-PT"},{"@type":"WebPage","@id":"https:\/\/infocul.pt\/arquivo\/actualidade\/4676isabel-abreu-sera-narcisa-severo-em-rainha-das-flores-na-sic\/","url":"https:\/\/infocul.pt\/arquivo\/actualidade\/4676isabel-abreu-sera-narcisa-severo-em-rainha-das-flores-na-sic\/","name":"Isabel Abreu ser\u00e1 Narcisa Severo em \"Rainha das Flores\" na SIC | Infocul.pt - Arquivo Digital","isPartOf":{"@id":"https:\/\/infocul.pt\/arquivo\/#website"},"primaryImageOfPage":{"@id":"https:\/\/infocul.pt\/arquivo\/actualidade\/4676isabel-abreu-sera-narcisa-severo-em-rainha-das-flores-na-sic\/#primaryimage"},"image":{"@id":"https:\/\/infocul.pt\/arquivo\/actualidade\/4676isabel-abreu-sera-narcisa-severo-em-rainha-das-flores-na-sic\/#primaryimage"},"thumbnailUrl":"https:\/\/infocul.pt\/arquivo\/wp-content\/uploads\/2016\/03\/Isabel-Abreu.jpg","datePublished":"2016-03-22T20:53:11+00:00","dateModified":"2016-03-25T08:39:52+00:00","description":"Isabel Abreu ser\u00e1 Narcisa Severo em \"Rainha das Flores\" na SIC | Infocul.pt - Arquivo Digital","breadcrumb":{"@id":"https:\/\/infocul.pt\/arquivo\/actualidade\/4676isabel-abreu-sera-narcisa-severo-em-rainha-das-flores-na-sic\/#breadcrumb"},"inLanguage":"pt-PT","potentialAction":[{"@type":"ReadAction","target":["https:\/\/infocul.pt\/arquivo\/actualidade\/4676isabel-abreu-sera-narcisa-severo-em-rainha-das-flores-na-sic\/"]}]},{"@type":"ImageObject","inLanguage":"pt-PT","@id":"https:\/\/infocul.pt\/arquivo\/actualidade\/4676isabel-abreu-sera-narcisa-severo-em-rainha-das-flores-na-sic\/#primaryimage","url":"https:\/\/infocul.pt\/arquivo\/wp-content\/uploads\/2016\/03\/Isabel-Abreu.jpg","contentUrl":"https:\/\/infocul.pt\/arquivo\/wp-content\/uploads\/2016\/03\/Isabel-Abreu.jpg","width":620,"height":413},{"@type":"BreadcrumbList","@id":"https:\/\/infocul.pt\/arquivo\/actualidade\/4676isabel-abreu-sera-narcisa-severo-em-rainha-das-flores-na-sic\/#breadcrumb","itemListElement":[{"@type":"ListItem","position":1,"name":"Home","item":"https:\/\/infocul.pt\/arquivo\/"},{"@type":"ListItem","position":2,"name":"Isabel Abreu ser\u00e1 Narcisa Severo em &#8220;Rainha das Flores&#8221; na SIC"}]},{"@type":"WebSite","@id":"https:\/\/infocul.pt\/arquivo\/#website","url":"https:\/\/infocul.pt\/arquivo\/","name":"Infocul.pt - Arquivo Digital","description":"Arquivo digital da Infocul.pt","publisher":{"@id":"https:\/\/infocul.pt\/arquivo\/#organization"},"potentialAction":[{"@type":"SearchAction","target":{"@type":"EntryPoint","urlTemplate":"https:\/\/infocul.pt\/arquivo\/?s={search_term_string}"},"query-input":{"@type":"PropertyValueSpecification","valueRequired":true,"valueName":"search_term_string"}}],"inLanguage":"pt-PT"},{"@type":"Organization","@id":"https:\/\/infocul.pt\/arquivo\/#organization","name":"Infocul.pt","url":"https:\/\/infocul.pt\/arquivo\/","logo":{"@type":"ImageObject","inLanguage":"pt-PT","@id":"https:\/\/infocul.pt\/arquivo\/#\/schema\/logo\/image\/","url":"https:\/\/infocul.pt\/arquivo\/wp-content\/uploads\/2018\/12\/Infocul_logo-1.png","contentUrl":"https:\/\/infocul.pt\/arquivo\/wp-content\/uploads\/2018\/12\/Infocul_logo-1.png","width":800,"height":800,"caption":"Infocul.pt"},"image":{"@id":"https:\/\/infocul.pt\/arquivo\/#\/schema\/logo\/image\/"},"sameAs":["https:\/\/www.facebook.com\/Infocul-147816815585015\/","https:\/\/x.com\/Infoculpt","http:\/\/www.pictaram.com\/user\/infocul.pt\/2370423710","https:\/\/www.youtube.com\/channel\/UCYEB91AGI9FL9ek2i_IaQAA"]},{"@type":"Person","@id":"https:\/\/infocul.pt\/arquivo\/#\/schema\/person\/f243f45ae8d67639120a7586884f3abc","name":"Redac\u00e7\u00e3o","image":{"@type":"ImageObject","inLanguage":"pt-PT","@id":"https:\/\/secure.gravatar.com\/avatar\/151b1b76c598ab5e749407223bd6c1bad4e41c4e95de3c3df83540ebee2deaf8?s=96&d=mm&r=g","url":"https:\/\/secure.gravatar.com\/avatar\/151b1b76c598ab5e749407223bd6c1bad4e41c4e95de3c3df83540ebee2deaf8?s=96&d=mm&r=g","contentUrl":"https:\/\/secure.gravatar.com\/avatar\/151b1b76c598ab5e749407223bd6c1bad4e41c4e95de3c3df83540ebee2deaf8?s=96&d=mm&r=g","caption":"Redac\u00e7\u00e3o"}}]}},"_links":{"self":[{"href":"https:\/\/infocul.pt\/arquivo\/wp-json\/wp\/v2\/posts\/4676","targetHints":{"allow":["GET"]}}],"collection":[{"href":"https:\/\/infocul.pt\/arquivo\/wp-json\/wp\/v2\/posts"}],"about":[{"href":"https:\/\/infocul.pt\/arquivo\/wp-json\/wp\/v2\/types\/post"}],"author":[{"embeddable":true,"href":"https:\/\/infocul.pt\/arquivo\/wp-json\/wp\/v2\/users\/13"}],"replies":[{"embeddable":true,"href":"https:\/\/infocul.pt\/arquivo\/wp-json\/wp\/v2\/comments?post=4676"}],"version-history":[{"count":0,"href":"https:\/\/infocul.pt\/arquivo\/wp-json\/wp\/v2\/posts\/4676\/revisions"}],"wp:featuredmedia":[{"embeddable":true,"href":"https:\/\/infocul.pt\/arquivo\/wp-json\/wp\/v2\/media\/4677"}],"wp:attachment":[{"href":"https:\/\/infocul.pt\/arquivo\/wp-json\/wp\/v2\/media?parent=4676"}],"wp:term":[{"taxonomy":"category","embeddable":true,"href":"https:\/\/infocul.pt\/arquivo\/wp-json\/wp\/v2\/categories?post=4676"},{"taxonomy":"post_tag","embeddable":true,"href":"https:\/\/infocul.pt\/arquivo\/wp-json\/wp\/v2\/tags?post=4676"}],"curies":[{"name":"wp","href":"https:\/\/api.w.org\/{rel}","templated":true}]}}