{"id":47734,"date":"2018-10-12T00:00:22","date_gmt":"2018-10-11T23:00:22","guid":{"rendered":"https:\/\/infocul.pt\/?p=47734"},"modified":"2018-10-10T09:49:28","modified_gmt":"2018-10-10T08:49:28","slug":"exposicao-de-candido-portinari-no-museu-do-neo-realismo-em-vila-franca-de-xira","status":"publish","type":"post","link":"https:\/\/infocul.pt\/arquivo\/cultura\/exposicao-de-candido-portinari-no-museu-do-neo-realismo-em-vila-franca-de-xira\/","title":{"rendered":"Exposi\u00e7\u00e3o de Candido Portinari no Museu do Neo-Realismo em Vila Franca de Xira"},"content":{"rendered":"<p><img decoding=\"async\" class=\"aligncenter wp-image-47735 size-full lazyload\" data-src=\"https:\/\/infocul.pt\/arquivo\/wp-content\/uploads\/2018\/10\/Candido-Portinari.png\" alt=\"\" width=\"1024\" height=\"681\" data-srcset=\"https:\/\/infocul.pt\/arquivo\/wp-content\/uploads\/2018\/10\/Candido-Portinari.png 1024w, https:\/\/infocul.pt\/arquivo\/wp-content\/uploads\/2018\/10\/Candido-Portinari-300x200.png 300w, https:\/\/infocul.pt\/arquivo\/wp-content\/uploads\/2018\/10\/Candido-Portinari-768x511.png 768w, https:\/\/infocul.pt\/arquivo\/wp-content\/uploads\/2018\/10\/Candido-Portinari-272x182.png 272w\" data-sizes=\"(max-width: 1024px) 100vw, 1024px\" src=\"data:image\/svg+xml;base64,PHN2ZyB3aWR0aD0iMSIgaGVpZ2h0PSIxIiB4bWxucz0iaHR0cDovL3d3dy53My5vcmcvMjAwMC9zdmciPjwvc3ZnPg==\" style=\"--smush-placeholder-width: 1024px; --smush-placeholder-aspect-ratio: 1024\/681;\" \/><\/p>\n<p>&nbsp;<\/p>\n<p>&nbsp;<\/p>\n<p>&nbsp;<\/p>\n<p><span style=\"color: #000000; font-family: Calibri;\">Na celebra\u00e7\u00e3o do seu 11.\u00ba anivers\u00e1rio, o Museu do Neo-Realismo em Vila Franca de Xira apresenta, de 20 de Outubro de 2018 a 03 de marco de 2019, a Exposi\u00e7\u00e3o Candido Portinari em Portugal. <\/span><!--more--><\/p>\n<p><span style=\"color: #000000; font-family: Calibri;\">\u00a0<\/span><\/p>\n<p><span style=\"color: #000000; font-family: Calibri;\">\u00a0<\/span><\/p>\n<p><span style=\"color: #000000; font-family: Calibri;\">\u00a0<\/span><\/p>\n<p><span style=\"color: #000000; font-family: Calibri;\">Esta ser\u00e1 uma oportunidade \u00fanica para contactar com as passagens e a presen\u00e7a deste nome maior da pintura brasileira no nosso Pa\u00eds, bem como a sua proximidade com o ide\u00e1rio neorrealista portugu\u00eas. A exposi\u00e7\u00e3o &#8220;Candido Portinari em Portugal&#8221; tem o Alto Patroc\u00ednio do Presidente da Rep\u00fablica e inaugura no dia 20 de Outubro (s\u00e1bado), pelas 16:00, contando com as presen\u00e7as do Presidente da C\u00e2mara Municipal de Vila Franca de Xira, Alberto Mesquita, da Diretora do Museu Nacional de Belas Artes do Rio de Janeiro, M\u00f3nica Xex\u00e9o e do filho de Candido Portinari, Prof. Jo\u00e3o Candido Portinari.<\/span><\/p>\n<p><span style=\"color: #000000; font-family: Calibri;\">\u00a0<\/span><\/p>\n<p><span style=\"color: #000000; font-family: Calibri;\">\u00a0<\/span><\/p>\n<p><span style=\"color: #000000; font-family: Calibri;\">O principal destaque desta Exposi\u00e7\u00e3o \u00e9 sem d\u00favida a m\u00edtica obra Caf\u00e9, generosamente cedida pelo Museu Nacional de Belas Artes do Rio de Janeiro, e que regressa ao nosso Pa\u00eds 78 anos depois de estar exposta pela primeira vez em 1940, no Pavilh\u00e3o do Brasil na &#8220;Exposi\u00e7\u00e3o do Mundo Portugu\u00eas&#8221;. Mas este projecto expositivo, com curadoria da directora cient\u00edfica do Museu, Raquel Henriques da Silva, e de Lu\u00edsa Duarte Santos, apresenta-nos tamb\u00e9m outras obras relevantes, reunindo no Museu do Neo-Realismo todas as que existem em Portugal de Candido Portinari e que, \u00e0 volta de Caf\u00e9, permitir\u00e3o celebrar o artista estrangeiro que mais obras tem em Portugal. Candido Portinari em Portugal apresenta pinturas e desenhos cedidos pelo Museu Nacional de Arte Contempor\u00e2nea do Chiado (Lisboa), Museu Nacional Soares dos Reis (Porto), Museu Calouste Gulbenkian (Lisboa), Casa da Achada \u2013 Centro M\u00e1rio Dion\u00edsio (Lisboa), Museu Ferreira de Castro (Sintra) e Funda\u00e7\u00e3o Millennium BCP (Lisboa), para al\u00e9m de importantes fundos documentais do pr\u00f3prio Museu do Neo-Realismo (Vila Franca de Xira), numa Exposi\u00e7\u00e3o de grande qualidade e de dimens\u00e3o internacional, o que vem sublinhar tamb\u00e9m as caracter\u00edsticas \u00fanicas do Museu do Neo-Realismo no panorama cultural portugu\u00eas.<\/span><\/p>\n<p><span style=\"color: #000000; font-family: Calibri;\">\u00a0<\/span><\/p>\n<p><span style=\"color: #000000; font-family: Calibri;\">\u00a0<\/span><\/p>\n<p><span style=\"color: #000000; font-family: Calibri;\">Ao longo dos 11 anos de exist\u00eancia do Museu do Neo-Realismo nas atuais instala\u00e7\u00f5es, projetadas pelo Arq.\u00ba Alcino Soutinho, t\u00eam sido exponencialmente multiplicadas as redes de contactos e as colabora\u00e7\u00f5es com curadores e Universidades, que t\u00eam trazido novos olhares sobre o movimento neorrealista e as suas diversas express\u00f5es art\u00edsticas. Vocacionado para o estudo e divulga\u00e7\u00e3o deste movimento liter\u00e1rio, o Museu do Neo-Realismo, cuja gest\u00e3o est\u00e1 a cargo da C\u00e2mara Municipal de Vila Franca de Xira, tem vindo a promover uma pr\u00e1tica continuada de investiga\u00e7\u00e3o em torno do seu patrim\u00f3nio, apostando, simultaneamente, em conte\u00fados program\u00e1ticos de rigor cr\u00edtico e amplitude interpretativa.<\/span><\/p>\n<p>&nbsp;<\/p>\n<p>&nbsp;<\/p>\n<p><span style=\"color: #000000; font-family: Calibri;\">Desde outubro de 2007, o Museu produziu uma m\u00e9dia de 10 exposi\u00e7\u00f5es biobibliogr\u00e1ficas, documentais e de artes pl\u00e1sticas por ano, a maioria das quais documentadas pela edi\u00e7\u00e3o de cat\u00e1logos. O Museu do Neo-Realismo tende hoje a ultrapassar as fronteiras da sua voca\u00e7\u00e3o tem\u00e1tica original para se situar, cada vez mais, no territ\u00f3rio das ideias e da cultura do s\u00e9culo XX, relacionando assim outras correntes liter\u00e1rias, art\u00edsticas e de pensamento. <\/span><\/p>\n<p>&nbsp;<\/p>\n<p>&nbsp;<\/p>\n<p><span style=\"color: #000000; font-family: Calibri;\">O<\/span><span style=\"color: #000000; font-family: Calibri;\"> Museu do Neo-Realismo tem vindo a obter um importante reconhecimento por parte da APOM &#8211; Associa\u00e7\u00e3o Portuguesa de Museologia, que lhe atribuiu v\u00e1rios pr\u00e9mios, ao longo dos anos:<\/span><\/p>\n<p><span style=\"color: #000000; font-family: Calibri;\">2007 \u2013 Pr\u00e9mio melhor cat\u00e1logo (ex-aequo) &#8220;Batalha pelo conte\u00fado \u2013 movimento neo-realista portugu\u00eas&#8221;<\/span><\/p>\n<p><span style=\"color: #000000; font-family: Calibri;\">2011 \u2013 Men\u00e7\u00e3o honrosa para a exposi\u00e7\u00e3o &#8220;Tarrafal \u2013 Mem\u00f3ria do Campo de Concentra\u00e7\u00e3o&#8221;<\/span><\/p>\n<p><span style=\"color: #000000; font-family: Calibri;\">2012 \u2013 Pr\u00e9mio melhor servi\u00e7o de extens\u00e3o cultural com as comemora\u00e7\u00f5es do &#8220;Centen\u00e1rio de Alves Redol&#8221;<\/span><\/p>\n<p><span style=\"color: #000000; font-family: Calibri;\">2014 \u2013 Pr\u00e9mio melhor cat\u00e1logo &#8220;A doce e \u00e1cida incis\u00e3o \u2013 a gravura em Contexto (1956-2004)&#8221;<\/span><\/p>\n<p><span style=\"color: #000000; font-family: Calibri;\">2017 \u2013 Men\u00e7\u00e3o honrosa para exposi\u00e7\u00e3o &#8220;Os ciclos do arroz&#8221; | Pr\u00e9mio Pr\u00f3-Autor da Sociedade Portuguesa de Autores, como forma de reconhecimento pelo contributo da institui\u00e7\u00e3o na promo\u00e7\u00e3o dos valores culturais e da cidadania em Portugal.<\/span><\/p>\n","protected":false},"excerpt":{"rendered":"<p>&nbsp; &nbsp; &nbsp; Na celebra\u00e7\u00e3o do seu 11.\u00ba anivers\u00e1rio, o Museu do Neo-Realismo em Vila Franca de Xira apresenta, de 20 de Outubro de 2018 a 03 de marco de 2019, a Exposi\u00e7\u00e3o Candido Portinari em Portugal.<\/p>\n","protected":false},"author":13,"featured_media":47735,"comment_status":"open","ping_status":"closed","sticky":false,"template":"","format":"standard","meta":{"footnotes":""},"categories":[2,9],"tags":[5012,5011,2139],"class_list":["post-47734","post","type-post","status-publish","format-standard","has-post-thumbnail","hentry","category-cultura","category-outros","tag-candido-portinari","tag-museu-do-neo-realismo","tag-vila-franca-de-xira"],"yoast_head":"<!-- This site is optimized with the Yoast SEO plugin v27.5 - https:\/\/yoast.com\/product\/yoast-seo-wordpress\/ -->\n<title>Exposi\u00e7\u00e3o de Candido Portinari no Museu do Neo-Realismo em Vila Franca de Xira | Infocul.pt - Arquivo Digital<\/title>\n<meta name=\"description\" content=\"Exposi\u00e7\u00e3o de Candido Portinari no Museu do Neo-Realismo em Vila Franca de Xira | Infocul.pt - Arquivo Digital\" \/>\n<meta name=\"robots\" content=\"noindex, follow, max-snippet:-1, max-image-preview:large, max-video-preview:-1\" \/>\n<meta property=\"og:locale\" content=\"pt_PT\" \/>\n<meta property=\"og:type\" content=\"article\" \/>\n<meta property=\"og:title\" content=\"Exposi\u00e7\u00e3o de Candido Portinari no Museu do Neo-Realismo em Vila Franca de Xira | Infocul.pt - Arquivo Digital\" \/>\n<meta property=\"og:description\" content=\"Exposi\u00e7\u00e3o de Candido Portinari no Museu do Neo-Realismo em Vila Franca de Xira | Infocul.pt - Arquivo Digital\" \/>\n<meta property=\"og:url\" content=\"https:\/\/infocul.pt\/arquivo\/cultura\/exposicao-de-candido-portinari-no-museu-do-neo-realismo-em-vila-franca-de-xira\/\" \/>\n<meta property=\"og:site_name\" content=\"Infocul.pt - Arquivo Digital\" \/>\n<meta property=\"article:publisher\" content=\"https:\/\/www.facebook.com\/Infocul-147816815585015\/\" \/>\n<meta property=\"article:published_time\" content=\"2018-10-11T23:00:22+00:00\" \/>\n<meta property=\"og:image\" content=\"https:\/\/infocul.pt\/arquivo\/wp-content\/uploads\/2018\/10\/Candido-Portinari.png\" \/>\n\t<meta property=\"og:image:width\" content=\"1024\" \/>\n\t<meta property=\"og:image:height\" content=\"681\" \/>\n\t<meta property=\"og:image:type\" content=\"image\/png\" \/>\n<meta name=\"author\" content=\"Redac\u00e7\u00e3o\" \/>\n<meta name=\"twitter:card\" content=\"summary_large_image\" \/>\n<meta name=\"twitter:creator\" content=\"@Infoculpt\" \/>\n<meta name=\"twitter:site\" content=\"@Infoculpt\" \/>\n<meta name=\"twitter:label1\" content=\"Escrito por\" \/>\n\t<meta name=\"twitter:data1\" content=\"Redac\u00e7\u00e3o\" \/>\n\t<meta name=\"twitter:label2\" content=\"Tempo estimado de leitura\" \/>\n\t<meta name=\"twitter:data2\" content=\"3 minutos\" \/>\n<script type=\"application\/ld+json\" class=\"yoast-schema-graph\">{\"@context\":\"https:\\\/\\\/schema.org\",\"@graph\":[{\"@type\":\"Article\",\"@id\":\"https:\\\/\\\/infocul.pt\\\/arquivo\\\/cultura\\\/exposicao-de-candido-portinari-no-museu-do-neo-realismo-em-vila-franca-de-xira\\\/#article\",\"isPartOf\":{\"@id\":\"https:\\\/\\\/infocul.pt\\\/arquivo\\\/cultura\\\/exposicao-de-candido-portinari-no-museu-do-neo-realismo-em-vila-franca-de-xira\\\/\"},\"author\":{\"name\":\"Redac\u00e7\u00e3o\",\"@id\":\"https:\\\/\\\/infocul.pt\\\/arquivo\\\/#\\\/schema\\\/person\\\/f243f45ae8d67639120a7586884f3abc\"},\"headline\":\"Exposi\u00e7\u00e3o de Candido Portinari no Museu do Neo-Realismo em Vila Franca de Xira\",\"datePublished\":\"2018-10-11T23:00:22+00:00\",\"mainEntityOfPage\":{\"@id\":\"https:\\\/\\\/infocul.pt\\\/arquivo\\\/cultura\\\/exposicao-de-candido-portinari-no-museu-do-neo-realismo-em-vila-franca-de-xira\\\/\"},\"wordCount\":699,\"commentCount\":0,\"publisher\":{\"@id\":\"https:\\\/\\\/infocul.pt\\\/arquivo\\\/#organization\"},\"image\":{\"@id\":\"https:\\\/\\\/infocul.pt\\\/arquivo\\\/cultura\\\/exposicao-de-candido-portinari-no-museu-do-neo-realismo-em-vila-franca-de-xira\\\/#primaryimage\"},\"thumbnailUrl\":\"https:\\\/\\\/infocul.pt\\\/arquivo\\\/wp-content\\\/uploads\\\/2018\\\/10\\\/Candido-Portinari.png\",\"keywords\":[\"Candido Portinari\",\"Museu do Neo-Realismo\",\"Vila Franca de Xira\"],\"articleSection\":[\"Cultura\",\"Outros\"],\"inLanguage\":\"pt-PT\"},{\"@type\":\"WebPage\",\"@id\":\"https:\\\/\\\/infocul.pt\\\/arquivo\\\/cultura\\\/exposicao-de-candido-portinari-no-museu-do-neo-realismo-em-vila-franca-de-xira\\\/\",\"url\":\"https:\\\/\\\/infocul.pt\\\/arquivo\\\/cultura\\\/exposicao-de-candido-portinari-no-museu-do-neo-realismo-em-vila-franca-de-xira\\\/\",\"name\":\"Exposi\u00e7\u00e3o de Candido Portinari no Museu do Neo-Realismo em Vila Franca de Xira | Infocul.pt - Arquivo Digital\",\"isPartOf\":{\"@id\":\"https:\\\/\\\/infocul.pt\\\/arquivo\\\/#website\"},\"primaryImageOfPage\":{\"@id\":\"https:\\\/\\\/infocul.pt\\\/arquivo\\\/cultura\\\/exposicao-de-candido-portinari-no-museu-do-neo-realismo-em-vila-franca-de-xira\\\/#primaryimage\"},\"image\":{\"@id\":\"https:\\\/\\\/infocul.pt\\\/arquivo\\\/cultura\\\/exposicao-de-candido-portinari-no-museu-do-neo-realismo-em-vila-franca-de-xira\\\/#primaryimage\"},\"thumbnailUrl\":\"https:\\\/\\\/infocul.pt\\\/arquivo\\\/wp-content\\\/uploads\\\/2018\\\/10\\\/Candido-Portinari.png\",\"datePublished\":\"2018-10-11T23:00:22+00:00\",\"description\":\"Exposi\u00e7\u00e3o de Candido Portinari no Museu do Neo-Realismo em Vila Franca de Xira | Infocul.pt - Arquivo Digital\",\"breadcrumb\":{\"@id\":\"https:\\\/\\\/infocul.pt\\\/arquivo\\\/cultura\\\/exposicao-de-candido-portinari-no-museu-do-neo-realismo-em-vila-franca-de-xira\\\/#breadcrumb\"},\"inLanguage\":\"pt-PT\",\"potentialAction\":[{\"@type\":\"ReadAction\",\"target\":[\"https:\\\/\\\/infocul.pt\\\/arquivo\\\/cultura\\\/exposicao-de-candido-portinari-no-museu-do-neo-realismo-em-vila-franca-de-xira\\\/\"]}]},{\"@type\":\"ImageObject\",\"inLanguage\":\"pt-PT\",\"@id\":\"https:\\\/\\\/infocul.pt\\\/arquivo\\\/cultura\\\/exposicao-de-candido-portinari-no-museu-do-neo-realismo-em-vila-franca-de-xira\\\/#primaryimage\",\"url\":\"https:\\\/\\\/infocul.pt\\\/arquivo\\\/wp-content\\\/uploads\\\/2018\\\/10\\\/Candido-Portinari.png\",\"contentUrl\":\"https:\\\/\\\/infocul.pt\\\/arquivo\\\/wp-content\\\/uploads\\\/2018\\\/10\\\/Candido-Portinari.png\",\"width\":1024,\"height\":681},{\"@type\":\"BreadcrumbList\",\"@id\":\"https:\\\/\\\/infocul.pt\\\/arquivo\\\/cultura\\\/exposicao-de-candido-portinari-no-museu-do-neo-realismo-em-vila-franca-de-xira\\\/#breadcrumb\",\"itemListElement\":[{\"@type\":\"ListItem\",\"position\":1,\"name\":\"Home\",\"item\":\"https:\\\/\\\/infocul.pt\\\/arquivo\\\/\"},{\"@type\":\"ListItem\",\"position\":2,\"name\":\"Exposi\u00e7\u00e3o de Candido Portinari no Museu do Neo-Realismo em Vila Franca de Xira\"}]},{\"@type\":\"WebSite\",\"@id\":\"https:\\\/\\\/infocul.pt\\\/arquivo\\\/#website\",\"url\":\"https:\\\/\\\/infocul.pt\\\/arquivo\\\/\",\"name\":\"Infocul.pt - Arquivo Digital\",\"description\":\"Arquivo digital da Infocul.pt\",\"publisher\":{\"@id\":\"https:\\\/\\\/infocul.pt\\\/arquivo\\\/#organization\"},\"potentialAction\":[{\"@type\":\"SearchAction\",\"target\":{\"@type\":\"EntryPoint\",\"urlTemplate\":\"https:\\\/\\\/infocul.pt\\\/arquivo\\\/?s={search_term_string}\"},\"query-input\":{\"@type\":\"PropertyValueSpecification\",\"valueRequired\":true,\"valueName\":\"search_term_string\"}}],\"inLanguage\":\"pt-PT\"},{\"@type\":\"Organization\",\"@id\":\"https:\\\/\\\/infocul.pt\\\/arquivo\\\/#organization\",\"name\":\"Infocul.pt\",\"url\":\"https:\\\/\\\/infocul.pt\\\/arquivo\\\/\",\"logo\":{\"@type\":\"ImageObject\",\"inLanguage\":\"pt-PT\",\"@id\":\"https:\\\/\\\/infocul.pt\\\/arquivo\\\/#\\\/schema\\\/logo\\\/image\\\/\",\"url\":\"https:\\\/\\\/infocul.pt\\\/arquivo\\\/wp-content\\\/uploads\\\/2018\\\/12\\\/Infocul_logo-1.png\",\"contentUrl\":\"https:\\\/\\\/infocul.pt\\\/arquivo\\\/wp-content\\\/uploads\\\/2018\\\/12\\\/Infocul_logo-1.png\",\"width\":800,\"height\":800,\"caption\":\"Infocul.pt\"},\"image\":{\"@id\":\"https:\\\/\\\/infocul.pt\\\/arquivo\\\/#\\\/schema\\\/logo\\\/image\\\/\"},\"sameAs\":[\"https:\\\/\\\/www.facebook.com\\\/Infocul-147816815585015\\\/\",\"https:\\\/\\\/x.com\\\/Infoculpt\",\"http:\\\/\\\/www.pictaram.com\\\/user\\\/infocul.pt\\\/2370423710\",\"https:\\\/\\\/www.youtube.com\\\/channel\\\/UCYEB91AGI9FL9ek2i_IaQAA\"]},{\"@type\":\"Person\",\"@id\":\"https:\\\/\\\/infocul.pt\\\/arquivo\\\/#\\\/schema\\\/person\\\/f243f45ae8d67639120a7586884f3abc\",\"name\":\"Redac\u00e7\u00e3o\",\"image\":{\"@type\":\"ImageObject\",\"inLanguage\":\"pt-PT\",\"@id\":\"https:\\\/\\\/secure.gravatar.com\\\/avatar\\\/151b1b76c598ab5e749407223bd6c1bad4e41c4e95de3c3df83540ebee2deaf8?s=96&d=mm&r=g\",\"url\":\"https:\\\/\\\/secure.gravatar.com\\\/avatar\\\/151b1b76c598ab5e749407223bd6c1bad4e41c4e95de3c3df83540ebee2deaf8?s=96&d=mm&r=g\",\"contentUrl\":\"https:\\\/\\\/secure.gravatar.com\\\/avatar\\\/151b1b76c598ab5e749407223bd6c1bad4e41c4e95de3c3df83540ebee2deaf8?s=96&d=mm&r=g\",\"caption\":\"Redac\u00e7\u00e3o\"}}]}<\/script>\n<!-- \/ Yoast SEO plugin. -->","yoast_head_json":{"title":"Exposi\u00e7\u00e3o de Candido Portinari no Museu do Neo-Realismo em Vila Franca de Xira | Infocul.pt - Arquivo Digital","description":"Exposi\u00e7\u00e3o de Candido Portinari no Museu do Neo-Realismo em Vila Franca de Xira | Infocul.pt - Arquivo Digital","robots":{"index":"noindex","follow":"follow","max-snippet":"max-snippet:-1","max-image-preview":"max-image-preview:large","max-video-preview":"max-video-preview:-1"},"og_locale":"pt_PT","og_type":"article","og_title":"Exposi\u00e7\u00e3o de Candido Portinari no Museu do Neo-Realismo em Vila Franca de Xira | Infocul.pt - Arquivo Digital","og_description":"Exposi\u00e7\u00e3o de Candido Portinari no Museu do Neo-Realismo em Vila Franca de Xira | Infocul.pt - Arquivo Digital","og_url":"https:\/\/infocul.pt\/arquivo\/cultura\/exposicao-de-candido-portinari-no-museu-do-neo-realismo-em-vila-franca-de-xira\/","og_site_name":"Infocul.pt - Arquivo Digital","article_publisher":"https:\/\/www.facebook.com\/Infocul-147816815585015\/","article_published_time":"2018-10-11T23:00:22+00:00","og_image":[{"width":1024,"height":681,"url":"https:\/\/infocul.pt\/arquivo\/wp-content\/uploads\/2018\/10\/Candido-Portinari.png","type":"image\/png"}],"author":"Redac\u00e7\u00e3o","twitter_card":"summary_large_image","twitter_creator":"@Infoculpt","twitter_site":"@Infoculpt","twitter_misc":{"Escrito por":"Redac\u00e7\u00e3o","Tempo estimado de leitura":"3 minutos"},"schema":{"@context":"https:\/\/schema.org","@graph":[{"@type":"Article","@id":"https:\/\/infocul.pt\/arquivo\/cultura\/exposicao-de-candido-portinari-no-museu-do-neo-realismo-em-vila-franca-de-xira\/#article","isPartOf":{"@id":"https:\/\/infocul.pt\/arquivo\/cultura\/exposicao-de-candido-portinari-no-museu-do-neo-realismo-em-vila-franca-de-xira\/"},"author":{"name":"Redac\u00e7\u00e3o","@id":"https:\/\/infocul.pt\/arquivo\/#\/schema\/person\/f243f45ae8d67639120a7586884f3abc"},"headline":"Exposi\u00e7\u00e3o de Candido Portinari no Museu do Neo-Realismo em Vila Franca de Xira","datePublished":"2018-10-11T23:00:22+00:00","mainEntityOfPage":{"@id":"https:\/\/infocul.pt\/arquivo\/cultura\/exposicao-de-candido-portinari-no-museu-do-neo-realismo-em-vila-franca-de-xira\/"},"wordCount":699,"commentCount":0,"publisher":{"@id":"https:\/\/infocul.pt\/arquivo\/#organization"},"image":{"@id":"https:\/\/infocul.pt\/arquivo\/cultura\/exposicao-de-candido-portinari-no-museu-do-neo-realismo-em-vila-franca-de-xira\/#primaryimage"},"thumbnailUrl":"https:\/\/infocul.pt\/arquivo\/wp-content\/uploads\/2018\/10\/Candido-Portinari.png","keywords":["Candido Portinari","Museu do Neo-Realismo","Vila Franca de Xira"],"articleSection":["Cultura","Outros"],"inLanguage":"pt-PT"},{"@type":"WebPage","@id":"https:\/\/infocul.pt\/arquivo\/cultura\/exposicao-de-candido-portinari-no-museu-do-neo-realismo-em-vila-franca-de-xira\/","url":"https:\/\/infocul.pt\/arquivo\/cultura\/exposicao-de-candido-portinari-no-museu-do-neo-realismo-em-vila-franca-de-xira\/","name":"Exposi\u00e7\u00e3o de Candido Portinari no Museu do Neo-Realismo em Vila Franca de Xira | Infocul.pt - Arquivo Digital","isPartOf":{"@id":"https:\/\/infocul.pt\/arquivo\/#website"},"primaryImageOfPage":{"@id":"https:\/\/infocul.pt\/arquivo\/cultura\/exposicao-de-candido-portinari-no-museu-do-neo-realismo-em-vila-franca-de-xira\/#primaryimage"},"image":{"@id":"https:\/\/infocul.pt\/arquivo\/cultura\/exposicao-de-candido-portinari-no-museu-do-neo-realismo-em-vila-franca-de-xira\/#primaryimage"},"thumbnailUrl":"https:\/\/infocul.pt\/arquivo\/wp-content\/uploads\/2018\/10\/Candido-Portinari.png","datePublished":"2018-10-11T23:00:22+00:00","description":"Exposi\u00e7\u00e3o de Candido Portinari no Museu do Neo-Realismo em Vila Franca de Xira | Infocul.pt - Arquivo Digital","breadcrumb":{"@id":"https:\/\/infocul.pt\/arquivo\/cultura\/exposicao-de-candido-portinari-no-museu-do-neo-realismo-em-vila-franca-de-xira\/#breadcrumb"},"inLanguage":"pt-PT","potentialAction":[{"@type":"ReadAction","target":["https:\/\/infocul.pt\/arquivo\/cultura\/exposicao-de-candido-portinari-no-museu-do-neo-realismo-em-vila-franca-de-xira\/"]}]},{"@type":"ImageObject","inLanguage":"pt-PT","@id":"https:\/\/infocul.pt\/arquivo\/cultura\/exposicao-de-candido-portinari-no-museu-do-neo-realismo-em-vila-franca-de-xira\/#primaryimage","url":"https:\/\/infocul.pt\/arquivo\/wp-content\/uploads\/2018\/10\/Candido-Portinari.png","contentUrl":"https:\/\/infocul.pt\/arquivo\/wp-content\/uploads\/2018\/10\/Candido-Portinari.png","width":1024,"height":681},{"@type":"BreadcrumbList","@id":"https:\/\/infocul.pt\/arquivo\/cultura\/exposicao-de-candido-portinari-no-museu-do-neo-realismo-em-vila-franca-de-xira\/#breadcrumb","itemListElement":[{"@type":"ListItem","position":1,"name":"Home","item":"https:\/\/infocul.pt\/arquivo\/"},{"@type":"ListItem","position":2,"name":"Exposi\u00e7\u00e3o de Candido Portinari no Museu do Neo-Realismo em Vila Franca de Xira"}]},{"@type":"WebSite","@id":"https:\/\/infocul.pt\/arquivo\/#website","url":"https:\/\/infocul.pt\/arquivo\/","name":"Infocul.pt - Arquivo Digital","description":"Arquivo digital da Infocul.pt","publisher":{"@id":"https:\/\/infocul.pt\/arquivo\/#organization"},"potentialAction":[{"@type":"SearchAction","target":{"@type":"EntryPoint","urlTemplate":"https:\/\/infocul.pt\/arquivo\/?s={search_term_string}"},"query-input":{"@type":"PropertyValueSpecification","valueRequired":true,"valueName":"search_term_string"}}],"inLanguage":"pt-PT"},{"@type":"Organization","@id":"https:\/\/infocul.pt\/arquivo\/#organization","name":"Infocul.pt","url":"https:\/\/infocul.pt\/arquivo\/","logo":{"@type":"ImageObject","inLanguage":"pt-PT","@id":"https:\/\/infocul.pt\/arquivo\/#\/schema\/logo\/image\/","url":"https:\/\/infocul.pt\/arquivo\/wp-content\/uploads\/2018\/12\/Infocul_logo-1.png","contentUrl":"https:\/\/infocul.pt\/arquivo\/wp-content\/uploads\/2018\/12\/Infocul_logo-1.png","width":800,"height":800,"caption":"Infocul.pt"},"image":{"@id":"https:\/\/infocul.pt\/arquivo\/#\/schema\/logo\/image\/"},"sameAs":["https:\/\/www.facebook.com\/Infocul-147816815585015\/","https:\/\/x.com\/Infoculpt","http:\/\/www.pictaram.com\/user\/infocul.pt\/2370423710","https:\/\/www.youtube.com\/channel\/UCYEB91AGI9FL9ek2i_IaQAA"]},{"@type":"Person","@id":"https:\/\/infocul.pt\/arquivo\/#\/schema\/person\/f243f45ae8d67639120a7586884f3abc","name":"Redac\u00e7\u00e3o","image":{"@type":"ImageObject","inLanguage":"pt-PT","@id":"https:\/\/secure.gravatar.com\/avatar\/151b1b76c598ab5e749407223bd6c1bad4e41c4e95de3c3df83540ebee2deaf8?s=96&d=mm&r=g","url":"https:\/\/secure.gravatar.com\/avatar\/151b1b76c598ab5e749407223bd6c1bad4e41c4e95de3c3df83540ebee2deaf8?s=96&d=mm&r=g","contentUrl":"https:\/\/secure.gravatar.com\/avatar\/151b1b76c598ab5e749407223bd6c1bad4e41c4e95de3c3df83540ebee2deaf8?s=96&d=mm&r=g","caption":"Redac\u00e7\u00e3o"}}]}},"_links":{"self":[{"href":"https:\/\/infocul.pt\/arquivo\/wp-json\/wp\/v2\/posts\/47734","targetHints":{"allow":["GET"]}}],"collection":[{"href":"https:\/\/infocul.pt\/arquivo\/wp-json\/wp\/v2\/posts"}],"about":[{"href":"https:\/\/infocul.pt\/arquivo\/wp-json\/wp\/v2\/types\/post"}],"author":[{"embeddable":true,"href":"https:\/\/infocul.pt\/arquivo\/wp-json\/wp\/v2\/users\/13"}],"replies":[{"embeddable":true,"href":"https:\/\/infocul.pt\/arquivo\/wp-json\/wp\/v2\/comments?post=47734"}],"version-history":[{"count":0,"href":"https:\/\/infocul.pt\/arquivo\/wp-json\/wp\/v2\/posts\/47734\/revisions"}],"wp:featuredmedia":[{"embeddable":true,"href":"https:\/\/infocul.pt\/arquivo\/wp-json\/wp\/v2\/media\/47735"}],"wp:attachment":[{"href":"https:\/\/infocul.pt\/arquivo\/wp-json\/wp\/v2\/media?parent=47734"}],"wp:term":[{"taxonomy":"category","embeddable":true,"href":"https:\/\/infocul.pt\/arquivo\/wp-json\/wp\/v2\/categories?post=47734"},{"taxonomy":"post_tag","embeddable":true,"href":"https:\/\/infocul.pt\/arquivo\/wp-json\/wp\/v2\/tags?post=47734"}],"curies":[{"name":"wp","href":"https:\/\/api.w.org\/{rel}","templated":true}]}}