{"id":47911,"date":"2018-10-17T18:18:26","date_gmt":"2018-10-17T17:18:26","guid":{"rendered":"https:\/\/infocul.pt\/?p=47911"},"modified":"2018-10-17T18:18:26","modified_gmt":"2018-10-17T17:18:26","slug":"protoiro-contra-discriminacao-da-tauromaquia-na-descida-do-iva-nos-espectaculos-culturais","status":"publish","type":"post","link":"https:\/\/infocul.pt\/arquivo\/cultura\/protoiro-contra-discriminacao-da-tauromaquia-na-descida-do-iva-nos-espectaculos-culturais\/","title":{"rendered":"Pr\u00f3toiro contra discrimina\u00e7\u00e3o da tauromaquia na descida do IVA nos espect\u00e1culos culturais"},"content":{"rendered":"<p align=\"left\"><img decoding=\"async\" class=\"aligncenter wp-image-43218 size-large lazyload\" data-src=\"https:\/\/infocul.pt\/arquivo\/wp-content\/uploads\/2018\/06\/LOGO-PROTOIRO-Final-hor-1024x630.jpg\" alt=\"\" width=\"806\" height=\"496\" data-srcset=\"https:\/\/infocul.pt\/arquivo\/wp-content\/uploads\/2018\/06\/LOGO-PROTOIRO-Final-hor-1024x630.jpg 1024w, https:\/\/infocul.pt\/arquivo\/wp-content\/uploads\/2018\/06\/LOGO-PROTOIRO-Final-hor-300x185.jpg 300w, https:\/\/infocul.pt\/arquivo\/wp-content\/uploads\/2018\/06\/LOGO-PROTOIRO-Final-hor-768x472.jpg 768w\" data-sizes=\"(max-width: 806px) 100vw, 806px\" src=\"data:image\/svg+xml;base64,PHN2ZyB3aWR0aD0iMSIgaGVpZ2h0PSIxIiB4bWxucz0iaHR0cDovL3d3dy53My5vcmcvMjAwMC9zdmciPjwvc3ZnPg==\" style=\"--smush-placeholder-width: 806px; --smush-placeholder-aspect-ratio: 806\/496;\" \/><\/p>\n<p align=\"left\">\n<p align=\"left\">\n<p align=\"left\">\n<p align=\"left\"><span style=\"color: #000000;\"><span style=\"font-family: Calibri;\"><span style=\"font-size: medium;\">A Pr\u00f3Toiro \u2013 Federa\u00e7\u00e3o Portuguesa de Tauromaquia critica toda e qualquer forma de discrimina\u00e7\u00e3o e condena os ataques contra a cultura portuguesa e, em especial, a taurina. Nesse sentido, \u00e9 com estranheza que verifica que a proposta de Or\u00e7amento do Estado, apresentada pelo Governo, contempla o fim da isen\u00e7\u00e3o de IVA na presta\u00e7\u00e3o de servi\u00e7os dos artistas taurom\u00e1quicos (a\u00e7\u00e3o do PAN) e a discrimina\u00e7\u00e3o das touradas na redu\u00e7\u00e3o do IVA (a\u00e7\u00e3o do BE) em rela\u00e7\u00e3o aos restantes espet\u00e1culos culturais.<\/span><\/span><\/span><!--more--><\/p>\n<p>&nbsp;<\/p>\n<p>&nbsp;<\/p>\n<p><span style=\"color: #000000;\"><span style=\"font-family: Calibri;\"><span style=\"font-size: medium;\">No dia em que o Or\u00e7amento do Estado \u00e9 entregue na casa da democracia, a Pr\u00f3Toiro refor\u00e7ou a sua posi\u00e7\u00e3o de que \u00e9 totalmente contra a discrimina\u00e7\u00e3o dos artistas taurom\u00e1quicos em rela\u00e7\u00e3o aos demais. A Pr\u00f3Toiro aguarda a vers\u00e3o final da proposta de Or\u00e7amento para ent\u00e3o decidir quais as formas de defender a Cultura portuguesa.<\/span><\/span><\/span><\/p>\n<p>&nbsp;<\/p>\n<p>&nbsp;<\/p>\n<p><span style=\"color: #000000;\"><span style=\"font-family: Calibri;\"><span style=\"font-size: medium;\">Com a entrada desta proposta para vota\u00e7\u00e3o no Parlamento, a Pr\u00f3toiro acredita que os restantes partidos ser\u00e3o, uma vez mais, consequentes com as suas declara\u00e7\u00f5es e vota\u00e7\u00f5es recentes, rejeitando ataques ilegais e cens\u00f3rios contra a Cultura, no caso a tauromaquia, num exemplo de toler\u00e2ncia, respeito e liberdade.<\/span><\/span><\/span><\/p>\n","protected":false},"excerpt":{"rendered":"<p>A Pr\u00f3Toiro \u2013 Federa\u00e7\u00e3o Portuguesa de Tauromaquia critica toda e qualquer forma de discrimina\u00e7\u00e3o e condena os ataques contra a cultura portuguesa e, em especial, a taurina. Nesse sentido, \u00e9 com estranheza que verifica que a proposta de Or\u00e7amento do Estado, apresentada pelo Governo, contempla o fim da isen\u00e7\u00e3o de IVA na presta\u00e7\u00e3o de servi\u00e7os [&hellip;]<\/p>\n","protected":false},"author":13,"featured_media":43218,"comment_status":"open","ping_status":"closed","sticky":false,"template":"","format":"standard","meta":{"footnotes":""},"categories":[2,7],"tags":[4975,4076],"class_list":["post-47911","post","type-post","status-publish","format-standard","has-post-thumbnail","hentry","category-cultura","category-tauromaquia","tag-iva","tag-protoiro"],"yoast_head":"<!-- This site is optimized with the Yoast SEO plugin v27.4 - https:\/\/yoast.com\/product\/yoast-seo-wordpress\/ -->\n<title>Pr\u00f3toiro contra discrimina\u00e7\u00e3o da tauromaquia na descida do IVA nos espect\u00e1culos culturais | Infocul.pt - Arquivo Digital<\/title>\n<meta name=\"description\" content=\"Pr\u00f3toiro contra discrimina\u00e7\u00e3o da tauromaquia na descida do IVA nos espect\u00e1culos culturais | Infocul.pt - Arquivo Digital\" \/>\n<meta name=\"robots\" content=\"noindex, follow, max-snippet:-1, max-image-preview:large, max-video-preview:-1\" \/>\n<meta property=\"og:locale\" content=\"pt_PT\" \/>\n<meta property=\"og:type\" content=\"article\" \/>\n<meta property=\"og:title\" content=\"Pr\u00f3toiro contra discrimina\u00e7\u00e3o da tauromaquia na descida do IVA nos espect\u00e1culos culturais | Infocul.pt - Arquivo Digital\" \/>\n<meta property=\"og:description\" content=\"Pr\u00f3toiro contra discrimina\u00e7\u00e3o da tauromaquia na descida do IVA nos espect\u00e1culos culturais | Infocul.pt - Arquivo Digital\" \/>\n<meta property=\"og:url\" content=\"https:\/\/infocul.pt\/arquivo\/cultura\/protoiro-contra-discriminacao-da-tauromaquia-na-descida-do-iva-nos-espectaculos-culturais\/\" \/>\n<meta property=\"og:site_name\" content=\"Infocul.pt - Arquivo Digital\" \/>\n<meta property=\"article:publisher\" content=\"https:\/\/www.facebook.com\/Infocul-147816815585015\/\" \/>\n<meta property=\"article:published_time\" content=\"2018-10-17T17:18:26+00:00\" \/>\n<meta property=\"og:image\" content=\"https:\/\/infocul.pt\/arquivo\/wp-content\/uploads\/2018\/06\/LOGO-PROTOIRO-Final-hor.jpg\" \/>\n\t<meta property=\"og:image:width\" content=\"2560\" \/>\n\t<meta property=\"og:image:height\" content=\"1575\" \/>\n\t<meta property=\"og:image:type\" content=\"image\/jpeg\" \/>\n<meta name=\"author\" content=\"Redac\u00e7\u00e3o\" \/>\n<meta name=\"twitter:card\" content=\"summary_large_image\" \/>\n<meta name=\"twitter:creator\" content=\"@Infoculpt\" \/>\n<meta name=\"twitter:site\" content=\"@Infoculpt\" \/>\n<meta name=\"twitter:label1\" content=\"Escrito por\" \/>\n\t<meta name=\"twitter:data1\" content=\"Redac\u00e7\u00e3o\" \/>\n\t<meta name=\"twitter:label2\" content=\"Tempo estimado de leitura\" \/>\n\t<meta name=\"twitter:data2\" content=\"1 minuto\" \/>\n<script type=\"application\/ld+json\" class=\"yoast-schema-graph\">{\"@context\":\"https:\\\/\\\/schema.org\",\"@graph\":[{\"@type\":\"Article\",\"@id\":\"https:\\\/\\\/infocul.pt\\\/arquivo\\\/cultura\\\/protoiro-contra-discriminacao-da-tauromaquia-na-descida-do-iva-nos-espectaculos-culturais\\\/#article\",\"isPartOf\":{\"@id\":\"https:\\\/\\\/infocul.pt\\\/arquivo\\\/cultura\\\/protoiro-contra-discriminacao-da-tauromaquia-na-descida-do-iva-nos-espectaculos-culturais\\\/\"},\"author\":{\"name\":\"Redac\u00e7\u00e3o\",\"@id\":\"https:\\\/\\\/infocul.pt\\\/arquivo\\\/#\\\/schema\\\/person\\\/f243f45ae8d67639120a7586884f3abc\"},\"headline\":\"Pr\u00f3toiro contra discrimina\u00e7\u00e3o da tauromaquia na descida do IVA nos espect\u00e1culos culturais\",\"datePublished\":\"2018-10-17T17:18:26+00:00\",\"mainEntityOfPage\":{\"@id\":\"https:\\\/\\\/infocul.pt\\\/arquivo\\\/cultura\\\/protoiro-contra-discriminacao-da-tauromaquia-na-descida-do-iva-nos-espectaculos-culturais\\\/\"},\"wordCount\":228,\"commentCount\":0,\"publisher\":{\"@id\":\"https:\\\/\\\/infocul.pt\\\/arquivo\\\/#organization\"},\"image\":{\"@id\":\"https:\\\/\\\/infocul.pt\\\/arquivo\\\/cultura\\\/protoiro-contra-discriminacao-da-tauromaquia-na-descida-do-iva-nos-espectaculos-culturais\\\/#primaryimage\"},\"thumbnailUrl\":\"https:\\\/\\\/infocul.pt\\\/arquivo\\\/wp-content\\\/uploads\\\/2018\\\/06\\\/LOGO-PROTOIRO-Final-hor.jpg\",\"keywords\":[\"IVA\",\"Pr\u00f3toiro\"],\"articleSection\":[\"Cultura\",\"Tauromaquia\"],\"inLanguage\":\"pt-PT\"},{\"@type\":\"WebPage\",\"@id\":\"https:\\\/\\\/infocul.pt\\\/arquivo\\\/cultura\\\/protoiro-contra-discriminacao-da-tauromaquia-na-descida-do-iva-nos-espectaculos-culturais\\\/\",\"url\":\"https:\\\/\\\/infocul.pt\\\/arquivo\\\/cultura\\\/protoiro-contra-discriminacao-da-tauromaquia-na-descida-do-iva-nos-espectaculos-culturais\\\/\",\"name\":\"Pr\u00f3toiro contra discrimina\u00e7\u00e3o da tauromaquia na descida do IVA nos espect\u00e1culos culturais | Infocul.pt - Arquivo Digital\",\"isPartOf\":{\"@id\":\"https:\\\/\\\/infocul.pt\\\/arquivo\\\/#website\"},\"primaryImageOfPage\":{\"@id\":\"https:\\\/\\\/infocul.pt\\\/arquivo\\\/cultura\\\/protoiro-contra-discriminacao-da-tauromaquia-na-descida-do-iva-nos-espectaculos-culturais\\\/#primaryimage\"},\"image\":{\"@id\":\"https:\\\/\\\/infocul.pt\\\/arquivo\\\/cultura\\\/protoiro-contra-discriminacao-da-tauromaquia-na-descida-do-iva-nos-espectaculos-culturais\\\/#primaryimage\"},\"thumbnailUrl\":\"https:\\\/\\\/infocul.pt\\\/arquivo\\\/wp-content\\\/uploads\\\/2018\\\/06\\\/LOGO-PROTOIRO-Final-hor.jpg\",\"datePublished\":\"2018-10-17T17:18:26+00:00\",\"description\":\"Pr\u00f3toiro contra discrimina\u00e7\u00e3o da tauromaquia na descida do IVA nos espect\u00e1culos culturais | Infocul.pt - Arquivo Digital\",\"breadcrumb\":{\"@id\":\"https:\\\/\\\/infocul.pt\\\/arquivo\\\/cultura\\\/protoiro-contra-discriminacao-da-tauromaquia-na-descida-do-iva-nos-espectaculos-culturais\\\/#breadcrumb\"},\"inLanguage\":\"pt-PT\",\"potentialAction\":[{\"@type\":\"ReadAction\",\"target\":[\"https:\\\/\\\/infocul.pt\\\/arquivo\\\/cultura\\\/protoiro-contra-discriminacao-da-tauromaquia-na-descida-do-iva-nos-espectaculos-culturais\\\/\"]}]},{\"@type\":\"ImageObject\",\"inLanguage\":\"pt-PT\",\"@id\":\"https:\\\/\\\/infocul.pt\\\/arquivo\\\/cultura\\\/protoiro-contra-discriminacao-da-tauromaquia-na-descida-do-iva-nos-espectaculos-culturais\\\/#primaryimage\",\"url\":\"https:\\\/\\\/infocul.pt\\\/arquivo\\\/wp-content\\\/uploads\\\/2018\\\/06\\\/LOGO-PROTOIRO-Final-hor.jpg\",\"contentUrl\":\"https:\\\/\\\/infocul.pt\\\/arquivo\\\/wp-content\\\/uploads\\\/2018\\\/06\\\/LOGO-PROTOIRO-Final-hor.jpg\",\"width\":2560,\"height\":1575},{\"@type\":\"BreadcrumbList\",\"@id\":\"https:\\\/\\\/infocul.pt\\\/arquivo\\\/cultura\\\/protoiro-contra-discriminacao-da-tauromaquia-na-descida-do-iva-nos-espectaculos-culturais\\\/#breadcrumb\",\"itemListElement\":[{\"@type\":\"ListItem\",\"position\":1,\"name\":\"Home\",\"item\":\"https:\\\/\\\/infocul.pt\\\/arquivo\\\/\"},{\"@type\":\"ListItem\",\"position\":2,\"name\":\"Pr\u00f3toiro contra discrimina\u00e7\u00e3o da tauromaquia na descida do IVA nos espect\u00e1culos culturais\"}]},{\"@type\":\"WebSite\",\"@id\":\"https:\\\/\\\/infocul.pt\\\/arquivo\\\/#website\",\"url\":\"https:\\\/\\\/infocul.pt\\\/arquivo\\\/\",\"name\":\"Infocul.pt - Arquivo Digital\",\"description\":\"Arquivo digital da Infocul.pt\",\"publisher\":{\"@id\":\"https:\\\/\\\/infocul.pt\\\/arquivo\\\/#organization\"},\"potentialAction\":[{\"@type\":\"SearchAction\",\"target\":{\"@type\":\"EntryPoint\",\"urlTemplate\":\"https:\\\/\\\/infocul.pt\\\/arquivo\\\/?s={search_term_string}\"},\"query-input\":{\"@type\":\"PropertyValueSpecification\",\"valueRequired\":true,\"valueName\":\"search_term_string\"}}],\"inLanguage\":\"pt-PT\"},{\"@type\":\"Organization\",\"@id\":\"https:\\\/\\\/infocul.pt\\\/arquivo\\\/#organization\",\"name\":\"Infocul.pt\",\"url\":\"https:\\\/\\\/infocul.pt\\\/arquivo\\\/\",\"logo\":{\"@type\":\"ImageObject\",\"inLanguage\":\"pt-PT\",\"@id\":\"https:\\\/\\\/infocul.pt\\\/arquivo\\\/#\\\/schema\\\/logo\\\/image\\\/\",\"url\":\"https:\\\/\\\/infocul.pt\\\/arquivo\\\/wp-content\\\/uploads\\\/2018\\\/12\\\/Infocul_logo-1.png\",\"contentUrl\":\"https:\\\/\\\/infocul.pt\\\/arquivo\\\/wp-content\\\/uploads\\\/2018\\\/12\\\/Infocul_logo-1.png\",\"width\":800,\"height\":800,\"caption\":\"Infocul.pt\"},\"image\":{\"@id\":\"https:\\\/\\\/infocul.pt\\\/arquivo\\\/#\\\/schema\\\/logo\\\/image\\\/\"},\"sameAs\":[\"https:\\\/\\\/www.facebook.com\\\/Infocul-147816815585015\\\/\",\"https:\\\/\\\/x.com\\\/Infoculpt\",\"http:\\\/\\\/www.pictaram.com\\\/user\\\/infocul.pt\\\/2370423710\",\"https:\\\/\\\/www.youtube.com\\\/channel\\\/UCYEB91AGI9FL9ek2i_IaQAA\"]},{\"@type\":\"Person\",\"@id\":\"https:\\\/\\\/infocul.pt\\\/arquivo\\\/#\\\/schema\\\/person\\\/f243f45ae8d67639120a7586884f3abc\",\"name\":\"Redac\u00e7\u00e3o\",\"image\":{\"@type\":\"ImageObject\",\"inLanguage\":\"pt-PT\",\"@id\":\"https:\\\/\\\/secure.gravatar.com\\\/avatar\\\/151b1b76c598ab5e749407223bd6c1bad4e41c4e95de3c3df83540ebee2deaf8?s=96&d=mm&r=g\",\"url\":\"https:\\\/\\\/secure.gravatar.com\\\/avatar\\\/151b1b76c598ab5e749407223bd6c1bad4e41c4e95de3c3df83540ebee2deaf8?s=96&d=mm&r=g\",\"contentUrl\":\"https:\\\/\\\/secure.gravatar.com\\\/avatar\\\/151b1b76c598ab5e749407223bd6c1bad4e41c4e95de3c3df83540ebee2deaf8?s=96&d=mm&r=g\",\"caption\":\"Redac\u00e7\u00e3o\"}}]}<\/script>\n<!-- \/ Yoast SEO plugin. -->","yoast_head_json":{"title":"Pr\u00f3toiro contra discrimina\u00e7\u00e3o da tauromaquia na descida do IVA nos espect\u00e1culos culturais | Infocul.pt - Arquivo Digital","description":"Pr\u00f3toiro contra discrimina\u00e7\u00e3o da tauromaquia na descida do IVA nos espect\u00e1culos culturais | Infocul.pt - Arquivo Digital","robots":{"index":"noindex","follow":"follow","max-snippet":"max-snippet:-1","max-image-preview":"max-image-preview:large","max-video-preview":"max-video-preview:-1"},"og_locale":"pt_PT","og_type":"article","og_title":"Pr\u00f3toiro contra discrimina\u00e7\u00e3o da tauromaquia na descida do IVA nos espect\u00e1culos culturais | Infocul.pt - Arquivo Digital","og_description":"Pr\u00f3toiro contra discrimina\u00e7\u00e3o da tauromaquia na descida do IVA nos espect\u00e1culos culturais | Infocul.pt - Arquivo Digital","og_url":"https:\/\/infocul.pt\/arquivo\/cultura\/protoiro-contra-discriminacao-da-tauromaquia-na-descida-do-iva-nos-espectaculos-culturais\/","og_site_name":"Infocul.pt - Arquivo Digital","article_publisher":"https:\/\/www.facebook.com\/Infocul-147816815585015\/","article_published_time":"2018-10-17T17:18:26+00:00","og_image":[{"width":2560,"height":1575,"url":"https:\/\/infocul.pt\/arquivo\/wp-content\/uploads\/2018\/06\/LOGO-PROTOIRO-Final-hor.jpg","type":"image\/jpeg"}],"author":"Redac\u00e7\u00e3o","twitter_card":"summary_large_image","twitter_creator":"@Infoculpt","twitter_site":"@Infoculpt","twitter_misc":{"Escrito por":"Redac\u00e7\u00e3o","Tempo estimado de leitura":"1 minuto"},"schema":{"@context":"https:\/\/schema.org","@graph":[{"@type":"Article","@id":"https:\/\/infocul.pt\/arquivo\/cultura\/protoiro-contra-discriminacao-da-tauromaquia-na-descida-do-iva-nos-espectaculos-culturais\/#article","isPartOf":{"@id":"https:\/\/infocul.pt\/arquivo\/cultura\/protoiro-contra-discriminacao-da-tauromaquia-na-descida-do-iva-nos-espectaculos-culturais\/"},"author":{"name":"Redac\u00e7\u00e3o","@id":"https:\/\/infocul.pt\/arquivo\/#\/schema\/person\/f243f45ae8d67639120a7586884f3abc"},"headline":"Pr\u00f3toiro contra discrimina\u00e7\u00e3o da tauromaquia na descida do IVA nos espect\u00e1culos culturais","datePublished":"2018-10-17T17:18:26+00:00","mainEntityOfPage":{"@id":"https:\/\/infocul.pt\/arquivo\/cultura\/protoiro-contra-discriminacao-da-tauromaquia-na-descida-do-iva-nos-espectaculos-culturais\/"},"wordCount":228,"commentCount":0,"publisher":{"@id":"https:\/\/infocul.pt\/arquivo\/#organization"},"image":{"@id":"https:\/\/infocul.pt\/arquivo\/cultura\/protoiro-contra-discriminacao-da-tauromaquia-na-descida-do-iva-nos-espectaculos-culturais\/#primaryimage"},"thumbnailUrl":"https:\/\/infocul.pt\/arquivo\/wp-content\/uploads\/2018\/06\/LOGO-PROTOIRO-Final-hor.jpg","keywords":["IVA","Pr\u00f3toiro"],"articleSection":["Cultura","Tauromaquia"],"inLanguage":"pt-PT"},{"@type":"WebPage","@id":"https:\/\/infocul.pt\/arquivo\/cultura\/protoiro-contra-discriminacao-da-tauromaquia-na-descida-do-iva-nos-espectaculos-culturais\/","url":"https:\/\/infocul.pt\/arquivo\/cultura\/protoiro-contra-discriminacao-da-tauromaquia-na-descida-do-iva-nos-espectaculos-culturais\/","name":"Pr\u00f3toiro contra discrimina\u00e7\u00e3o da tauromaquia na descida do IVA nos espect\u00e1culos culturais | Infocul.pt - Arquivo Digital","isPartOf":{"@id":"https:\/\/infocul.pt\/arquivo\/#website"},"primaryImageOfPage":{"@id":"https:\/\/infocul.pt\/arquivo\/cultura\/protoiro-contra-discriminacao-da-tauromaquia-na-descida-do-iva-nos-espectaculos-culturais\/#primaryimage"},"image":{"@id":"https:\/\/infocul.pt\/arquivo\/cultura\/protoiro-contra-discriminacao-da-tauromaquia-na-descida-do-iva-nos-espectaculos-culturais\/#primaryimage"},"thumbnailUrl":"https:\/\/infocul.pt\/arquivo\/wp-content\/uploads\/2018\/06\/LOGO-PROTOIRO-Final-hor.jpg","datePublished":"2018-10-17T17:18:26+00:00","description":"Pr\u00f3toiro contra discrimina\u00e7\u00e3o da tauromaquia na descida do IVA nos espect\u00e1culos culturais | Infocul.pt - Arquivo Digital","breadcrumb":{"@id":"https:\/\/infocul.pt\/arquivo\/cultura\/protoiro-contra-discriminacao-da-tauromaquia-na-descida-do-iva-nos-espectaculos-culturais\/#breadcrumb"},"inLanguage":"pt-PT","potentialAction":[{"@type":"ReadAction","target":["https:\/\/infocul.pt\/arquivo\/cultura\/protoiro-contra-discriminacao-da-tauromaquia-na-descida-do-iva-nos-espectaculos-culturais\/"]}]},{"@type":"ImageObject","inLanguage":"pt-PT","@id":"https:\/\/infocul.pt\/arquivo\/cultura\/protoiro-contra-discriminacao-da-tauromaquia-na-descida-do-iva-nos-espectaculos-culturais\/#primaryimage","url":"https:\/\/infocul.pt\/arquivo\/wp-content\/uploads\/2018\/06\/LOGO-PROTOIRO-Final-hor.jpg","contentUrl":"https:\/\/infocul.pt\/arquivo\/wp-content\/uploads\/2018\/06\/LOGO-PROTOIRO-Final-hor.jpg","width":2560,"height":1575},{"@type":"BreadcrumbList","@id":"https:\/\/infocul.pt\/arquivo\/cultura\/protoiro-contra-discriminacao-da-tauromaquia-na-descida-do-iva-nos-espectaculos-culturais\/#breadcrumb","itemListElement":[{"@type":"ListItem","position":1,"name":"Home","item":"https:\/\/infocul.pt\/arquivo\/"},{"@type":"ListItem","position":2,"name":"Pr\u00f3toiro contra discrimina\u00e7\u00e3o da tauromaquia na descida do IVA nos espect\u00e1culos culturais"}]},{"@type":"WebSite","@id":"https:\/\/infocul.pt\/arquivo\/#website","url":"https:\/\/infocul.pt\/arquivo\/","name":"Infocul.pt - Arquivo Digital","description":"Arquivo digital da Infocul.pt","publisher":{"@id":"https:\/\/infocul.pt\/arquivo\/#organization"},"potentialAction":[{"@type":"SearchAction","target":{"@type":"EntryPoint","urlTemplate":"https:\/\/infocul.pt\/arquivo\/?s={search_term_string}"},"query-input":{"@type":"PropertyValueSpecification","valueRequired":true,"valueName":"search_term_string"}}],"inLanguage":"pt-PT"},{"@type":"Organization","@id":"https:\/\/infocul.pt\/arquivo\/#organization","name":"Infocul.pt","url":"https:\/\/infocul.pt\/arquivo\/","logo":{"@type":"ImageObject","inLanguage":"pt-PT","@id":"https:\/\/infocul.pt\/arquivo\/#\/schema\/logo\/image\/","url":"https:\/\/infocul.pt\/arquivo\/wp-content\/uploads\/2018\/12\/Infocul_logo-1.png","contentUrl":"https:\/\/infocul.pt\/arquivo\/wp-content\/uploads\/2018\/12\/Infocul_logo-1.png","width":800,"height":800,"caption":"Infocul.pt"},"image":{"@id":"https:\/\/infocul.pt\/arquivo\/#\/schema\/logo\/image\/"},"sameAs":["https:\/\/www.facebook.com\/Infocul-147816815585015\/","https:\/\/x.com\/Infoculpt","http:\/\/www.pictaram.com\/user\/infocul.pt\/2370423710","https:\/\/www.youtube.com\/channel\/UCYEB91AGI9FL9ek2i_IaQAA"]},{"@type":"Person","@id":"https:\/\/infocul.pt\/arquivo\/#\/schema\/person\/f243f45ae8d67639120a7586884f3abc","name":"Redac\u00e7\u00e3o","image":{"@type":"ImageObject","inLanguage":"pt-PT","@id":"https:\/\/secure.gravatar.com\/avatar\/151b1b76c598ab5e749407223bd6c1bad4e41c4e95de3c3df83540ebee2deaf8?s=96&d=mm&r=g","url":"https:\/\/secure.gravatar.com\/avatar\/151b1b76c598ab5e749407223bd6c1bad4e41c4e95de3c3df83540ebee2deaf8?s=96&d=mm&r=g","contentUrl":"https:\/\/secure.gravatar.com\/avatar\/151b1b76c598ab5e749407223bd6c1bad4e41c4e95de3c3df83540ebee2deaf8?s=96&d=mm&r=g","caption":"Redac\u00e7\u00e3o"}}]}},"_links":{"self":[{"href":"https:\/\/infocul.pt\/arquivo\/wp-json\/wp\/v2\/posts\/47911","targetHints":{"allow":["GET"]}}],"collection":[{"href":"https:\/\/infocul.pt\/arquivo\/wp-json\/wp\/v2\/posts"}],"about":[{"href":"https:\/\/infocul.pt\/arquivo\/wp-json\/wp\/v2\/types\/post"}],"author":[{"embeddable":true,"href":"https:\/\/infocul.pt\/arquivo\/wp-json\/wp\/v2\/users\/13"}],"replies":[{"embeddable":true,"href":"https:\/\/infocul.pt\/arquivo\/wp-json\/wp\/v2\/comments?post=47911"}],"version-history":[{"count":0,"href":"https:\/\/infocul.pt\/arquivo\/wp-json\/wp\/v2\/posts\/47911\/revisions"}],"wp:featuredmedia":[{"embeddable":true,"href":"https:\/\/infocul.pt\/arquivo\/wp-json\/wp\/v2\/media\/43218"}],"wp:attachment":[{"href":"https:\/\/infocul.pt\/arquivo\/wp-json\/wp\/v2\/media?parent=47911"}],"wp:term":[{"taxonomy":"category","embeddable":true,"href":"https:\/\/infocul.pt\/arquivo\/wp-json\/wp\/v2\/categories?post=47911"},{"taxonomy":"post_tag","embeddable":true,"href":"https:\/\/infocul.pt\/arquivo\/wp-json\/wp\/v2\/tags?post=47911"}],"curies":[{"name":"wp","href":"https:\/\/api.w.org\/{rel}","templated":true}]}}