{"id":48129,"date":"2018-10-27T00:00:09","date_gmt":"2018-10-26T23:00:09","guid":{"rendered":"https:\/\/infocul.pt\/?p=48129"},"modified":"2018-10-22T20:06:13","modified_gmt":"2018-10-22T19:06:13","slug":"festival-internacional-de-balonismo-regressa-a-coruche","status":"publish","type":"post","link":"https:\/\/infocul.pt\/arquivo\/actualidade\/festival-internacional-de-balonismo-regressa-a-coruche\/","title":{"rendered":"Festival Internacional de Balonismo regressa a Coruche"},"content":{"rendered":"<p align=\"left\"><img decoding=\"async\" class=\"aligncenter wp-image-48130 size-full lazyload\" data-src=\"https:\/\/infocul.pt\/arquivo\/wp-content\/uploads\/2018\/10\/primage_24738.jpg\" alt=\"\" width=\"820\" height=\"547\" data-srcset=\"https:\/\/infocul.pt\/arquivo\/wp-content\/uploads\/2018\/10\/primage_24738.jpg 820w, https:\/\/infocul.pt\/arquivo\/wp-content\/uploads\/2018\/10\/primage_24738-300x200.jpg 300w, https:\/\/infocul.pt\/arquivo\/wp-content\/uploads\/2018\/10\/primage_24738-768x512.jpg 768w, https:\/\/infocul.pt\/arquivo\/wp-content\/uploads\/2018\/10\/primage_24738-272x182.jpg 272w\" data-sizes=\"(max-width: 820px) 100vw, 820px\" src=\"data:image\/svg+xml;base64,PHN2ZyB3aWR0aD0iMSIgaGVpZ2h0PSIxIiB4bWxucz0iaHR0cDovL3d3dy53My5vcmcvMjAwMC9zdmciPjwvc3ZnPg==\" style=\"--smush-placeholder-width: 820px; --smush-placeholder-aspect-ratio: 820\/547;\" \/><\/p>\n<p align=\"left\">\n<p align=\"left\">\n<p align=\"left\"><span style=\"color: #333333;\"><span style=\"font-family: Calibri, sans-serif;\"><span style=\"font-size: small;\">O Festival Internacional de Balonismo de Coruche, que teve a sua primeira edi\u00e7\u00e3o em 2017, volta a aterrar nesta vila ribatejana. De 31 de Outubro a 4 de Novembro o evento promete um programa repleto de novidades e entretenimento com mais de 30 bal\u00f5es oriundos de todo o mundo com 7 bal\u00f5es de forma especial, a apenas 45 minutos de dist\u00e2ncia de Lisboa.<\/span><\/span><\/span><!--more--><\/p>\n<p align=\"justify\">\n<p align=\"justify\">\n<p align=\"justify\"><span style=\"color: #333333;\"><span style=\"font-family: Calibri, sans-serif;\"><span style=\"font-size: small;\">A organiza\u00e7\u00e3o e direc\u00e7\u00e3o t\u00e9cnica ficou, mais uma vez, a cargo da Windpassenger. \u201c<\/span><\/span><span style=\"font-family: Calibri, sans-serif;\"><span style=\"font-size: small;\"><em><b style=\"color: #333333; font-family: Calibri, sans-serif; font-size: small;\">A primeira edi\u00e7\u00e3o do festival superou todas as nossas expectativas. Este ano quisemos voar ainda mais alto e dar a conhecer a sensa\u00e7\u00e3o \u00fanica de sobrevoar as paisagens desta vila lind\u00edssima a mais pessoas. Para al\u00e9m disso, trazemos mais atividades para toda a fam\u00edlia, da gastronomia aos <\/b><span style=\"font-family: Calibri, sans-serif; font-size: small;\"><b>espect\u00e1culos<\/b><\/span><b style=\"color: #333333; font-family: Calibri, sans-serif; font-size: small;\">\u00a0de m\u00fasica, feiras do livro, de artesanato e de produtos locais<\/b><\/em><span style=\"font-family: Calibri, sans-serif; font-size: small;\">\u201d<\/span><\/span><\/span><span style=\"font-family: Calibri, sans-serif;\"><span style=\"font-size: small;\">, comentou Guido Santos, da Windpassenger.<\/span><\/span><\/span><\/p>\n<p align=\"justify\">\n<p align=\"justify\">\n<p align=\"justify\"><span style=\"color: #333333;\"><span style=\"font-family: Calibri, sans-serif;\"><span style=\"font-size: small;\">O II Festival Internacional de Balonismo de Coruche traz experi\u00eancias de voos para todos. Os voos livres ser\u00e3o, obviamente, os mais procurados. O bilhete para estes voos de bal\u00e3o, que se realizam de manh\u00e3, e durante sexta, s\u00e1bado e domingo, tamb\u00e9m \u00e0 tarde, dever\u00e1 ser adquirido atrav\u00e9s do\u00a0<\/span><\/span><span style=\"font-family: Calibri, sans-serif;\"><span style=\"font-size: small;\">gift card<\/span><\/span><span style=\"font-family: Calibri, sans-serif;\"><span style=\"font-size: small;\">\u00a0Pack Portugal, dispon\u00edvel no website da Windpassenger ou nas lojas FNAC Portugal. Para todos aqueles que n\u00e3o tenham a possibilidade de fazer um voo livre, poder\u00e3o fazer um\u00a0<\/span><\/span><span style=\"font-family: Calibri, sans-serif;\"><span style=\"font-size: small;\">\u201ctest drive\u201d<\/span><\/span><span style=\"font-family: Calibri, sans-serif;\"><span style=\"font-size: small;\">\u00a0com uma subida num bal\u00e3o est\u00e1tico. E se ficar com vontade de viver mais esta experi\u00eancia, a Windpassenger sugere, como presente de Natal, um dos seus\u00a0<\/span><\/span><span style=\"font-family: Calibri, sans-serif;\"><span style=\"font-size: small;\">gift card<\/span><\/span><span style=\"font-family: Calibri, sans-serif;\"><span style=\"font-size: small;\">\u00a0FNAClojas sugere um Gift Card, \u00e1Gift Card, am s se as manhesa. voar ainda mais alto e dar a conhecer a mais pessoas a sensa\u00e7\u00e0 venda nas lojas FNAC, que poder\u00e1 usar em qualquer altura do ano.<\/span><\/span><\/span><\/p>\n<p align=\"justify\">\n<p align=\"justify\">\n<p align=\"justify\"><span style=\"color: #333333;\"><span style=\"font-family: Calibri, sans-serif;\"><span style=\"font-size: small;\">Em volta da Pra\u00e7a de Touros e um pouco por toda a vila, os menos aventureiros poder\u00e3o explorar o que de melhor as terras ribatejanas t\u00eam para oferecer nas Jornadas de Gastronomia Tradicional de Coruche, na Feira de Artesanato e Produtos Regionais ou no Street Food Fest. Entre outras ac\u00e7\u00f5es agendadas destacam-se o original espect\u00e1culo nocturno Nightglow, um jogo de luz e m\u00fasica orquestrada entre o DJ Paulino Coelho de R\u00e1dio Renascen\u00e7a e os bal\u00f5es cheios e alinhados no solo; espect\u00e1culos art\u00edsticos e de m\u00fasica electr\u00f3nica, uma caminhada do Balonismo e muitas actividades de entretenimento gratuitas para todas as idades.<\/span><\/span><\/span><\/p>\n<p align=\"justify\">\n<p align=\"justify\">\n<p align=\"justify\"><span style=\"color: #333333;\"><span style=\"font-family: Calibri, sans-serif;\"><span style=\"font-size: small;\">Durante o dia de s\u00e1bado, 2 de Novembro, o programa de televis\u00e3o da RTP \u201cAqui Portugal\u201d, volta a marcar presen\u00e7a no festival, atrav\u00e9s de uma transmiss\u00e3o directa a partir do evento com entrevistas, anima\u00e7\u00e3o e concertos de m\u00fasica e ainda poder\u00e1 tamb\u00e9m ter um Workshop dado por Gert Janse da\u00a0<\/span><\/span><span style=\"font-family: Calibri, sans-serif;\"><span style=\"font-size: small;\">AviationAudits.nl<\/span><\/span><span style=\"font-family: Calibri, sans-serif;\"><span style=\"font-size: small;\">\u00a0e pelo Presidente Francisco Nunes de Aero Club de Portugal no Observat\u00f3rio do Sobreiro e da Corti\u00e7a.<\/span><\/span><\/span><\/p>\n<p align=\"justify\">\n<p align=\"justify\">\n<p align=\"justify\"><span style=\"color: #333333;\"><span style=\"font-family: Calibri, sans-serif;\"><span style=\"font-size: small;\">Com o apoio institucional do Munic\u00edpio de Coruche e patroc\u00ednios da Windpassenger e da JNR &#8211; Rubis G\u00e1s Coruche, o evento conta ainda com os apoios da R\u00e1dio Renascen\u00e7a, Tap Portugal, Caetano-Auto Centro Litoral, Europcar, AviationAudits.nl, Allianz Coruche, Cavok, Entidade Gestora da Pra\u00e7a de Touros de Coruche, Aero Club de Portugal e Quinta da Arri\u00e7a<\/span><\/span><\/span><\/p>\n<p align=\"justify\"><span style=\"color: #333333;\"><span style=\"font-family: Calibri, sans-serif;\"><span style=\"font-size: small;\">\u00a0<\/span><\/span><\/span><\/p>\n<p align=\"justify\">\n<p align=\"justify\"><span style=\"color: #333333;\"><span style=\"font-family: Calibri, sans-serif;\"><span style=\"font-size: small;\">Todas as actividades a\u00e9reas &#8211; voos de bal\u00e3o de ar quente, bal\u00f5es de ar quente est\u00e1ticos, Nightglow &#8211; s\u00f3 se realizam se todas as condi\u00e7\u00f5es meteorol\u00f3gicas e de seguran\u00e7a estiverem garantidas, cabendo \u00e0 direc\u00e7\u00e3o t\u00e9cnica do festival a decis\u00e3o de realizar as actividades ou proceder ao seu cancelamento. Consulte o programa completo na\u00a0<\/span><\/span><a style=\"color: #333333;\" href=\"https:\/\/www.facebook.com\/festivalbalonismo\/\" target=\"_blank\" rel=\"noopener\"><span style=\"font-family: Calibri, sans-serif;\"><span style=\"font-size: small;\"><u>p\u00e1gina de Facebook do evento<\/u><\/span><\/span><\/a><span style=\"font-family: Calibri, sans-serif;\"><span style=\"font-size: small;\">\u201d.<\/span><\/span><\/span><\/p>\n","protected":false},"excerpt":{"rendered":"<p>O Festival Internacional de Balonismo de Coruche, que teve a sua primeira edi\u00e7\u00e3o em 2017, volta a aterrar nesta vila ribatejana. De 31 de Outubro a 4 de Novembro o evento promete um programa repleto de novidades e entretenimento com mais de 30 bal\u00f5es oriundos de todo o mundo com 7 bal\u00f5es de forma especial, [&hellip;]<\/p>\n","protected":false},"author":13,"featured_media":48130,"comment_status":"open","ping_status":"closed","sticky":false,"template":"","format":"standard","meta":{"footnotes":""},"categories":[10,13],"tags":[3319,3177,785],"class_list":["post-48129","post","type-post","status-publish","format-standard","has-post-thumbnail","hentry","category-actualidade","category-turismo","tag-balonismo","tag-coruche","tag-ribatejo"],"yoast_head":"<!-- This site is optimized with the Yoast SEO plugin v27.5 - https:\/\/yoast.com\/product\/yoast-seo-wordpress\/ -->\n<title>Festival Internacional de Balonismo regressa a Coruche | Infocul.pt - Arquivo Digital<\/title>\n<meta name=\"description\" content=\"Festival Internacional de Balonismo regressa a Coruche | Infocul.pt - Arquivo Digital\" \/>\n<meta name=\"robots\" content=\"noindex, follow, max-snippet:-1, max-image-preview:large, max-video-preview:-1\" \/>\n<meta property=\"og:locale\" content=\"pt_PT\" \/>\n<meta property=\"og:type\" content=\"article\" \/>\n<meta property=\"og:title\" content=\"Festival Internacional de Balonismo regressa a Coruche | Infocul.pt - Arquivo Digital\" \/>\n<meta property=\"og:description\" content=\"Festival Internacional de Balonismo regressa a Coruche | Infocul.pt - Arquivo Digital\" \/>\n<meta property=\"og:url\" content=\"https:\/\/infocul.pt\/arquivo\/actualidade\/festival-internacional-de-balonismo-regressa-a-coruche\/\" \/>\n<meta property=\"og:site_name\" content=\"Infocul.pt - Arquivo Digital\" \/>\n<meta property=\"article:publisher\" content=\"https:\/\/www.facebook.com\/Infocul-147816815585015\/\" \/>\n<meta property=\"article:published_time\" content=\"2018-10-26T23:00:09+00:00\" \/>\n<meta property=\"og:image\" content=\"https:\/\/infocul.pt\/arquivo\/wp-content\/uploads\/2018\/10\/primage_24738.jpg\" \/>\n\t<meta property=\"og:image:width\" content=\"820\" \/>\n\t<meta property=\"og:image:height\" content=\"547\" \/>\n\t<meta property=\"og:image:type\" content=\"image\/jpeg\" \/>\n<meta name=\"author\" content=\"Redac\u00e7\u00e3o\" \/>\n<meta name=\"twitter:card\" content=\"summary_large_image\" \/>\n<meta name=\"twitter:creator\" content=\"@Infoculpt\" \/>\n<meta name=\"twitter:site\" content=\"@Infoculpt\" \/>\n<meta name=\"twitter:label1\" content=\"Escrito por\" \/>\n\t<meta name=\"twitter:data1\" content=\"Redac\u00e7\u00e3o\" \/>\n\t<meta name=\"twitter:label2\" content=\"Tempo estimado de leitura\" \/>\n\t<meta name=\"twitter:data2\" content=\"3 minutos\" \/>\n<script type=\"application\/ld+json\" class=\"yoast-schema-graph\">{\"@context\":\"https:\\\/\\\/schema.org\",\"@graph\":[{\"@type\":\"Article\",\"@id\":\"https:\\\/\\\/infocul.pt\\\/arquivo\\\/actualidade\\\/festival-internacional-de-balonismo-regressa-a-coruche\\\/#article\",\"isPartOf\":{\"@id\":\"https:\\\/\\\/infocul.pt\\\/arquivo\\\/actualidade\\\/festival-internacional-de-balonismo-regressa-a-coruche\\\/\"},\"author\":{\"name\":\"Redac\u00e7\u00e3o\",\"@id\":\"https:\\\/\\\/infocul.pt\\\/arquivo\\\/#\\\/schema\\\/person\\\/f243f45ae8d67639120a7586884f3abc\"},\"headline\":\"Festival Internacional de Balonismo regressa a Coruche\",\"datePublished\":\"2018-10-26T23:00:09+00:00\",\"mainEntityOfPage\":{\"@id\":\"https:\\\/\\\/infocul.pt\\\/arquivo\\\/actualidade\\\/festival-internacional-de-balonismo-regressa-a-coruche\\\/\"},\"wordCount\":633,\"commentCount\":0,\"publisher\":{\"@id\":\"https:\\\/\\\/infocul.pt\\\/arquivo\\\/#organization\"},\"image\":{\"@id\":\"https:\\\/\\\/infocul.pt\\\/arquivo\\\/actualidade\\\/festival-internacional-de-balonismo-regressa-a-coruche\\\/#primaryimage\"},\"thumbnailUrl\":\"https:\\\/\\\/infocul.pt\\\/arquivo\\\/wp-content\\\/uploads\\\/2018\\\/10\\\/primage_24738.jpg\",\"keywords\":[\"Balonismo\",\"Coruche\",\"Ribatejo\"],\"articleSection\":[\"Actualidade\",\"Turismo\"],\"inLanguage\":\"pt-PT\"},{\"@type\":\"WebPage\",\"@id\":\"https:\\\/\\\/infocul.pt\\\/arquivo\\\/actualidade\\\/festival-internacional-de-balonismo-regressa-a-coruche\\\/\",\"url\":\"https:\\\/\\\/infocul.pt\\\/arquivo\\\/actualidade\\\/festival-internacional-de-balonismo-regressa-a-coruche\\\/\",\"name\":\"Festival Internacional de Balonismo regressa a Coruche | Infocul.pt - Arquivo Digital\",\"isPartOf\":{\"@id\":\"https:\\\/\\\/infocul.pt\\\/arquivo\\\/#website\"},\"primaryImageOfPage\":{\"@id\":\"https:\\\/\\\/infocul.pt\\\/arquivo\\\/actualidade\\\/festival-internacional-de-balonismo-regressa-a-coruche\\\/#primaryimage\"},\"image\":{\"@id\":\"https:\\\/\\\/infocul.pt\\\/arquivo\\\/actualidade\\\/festival-internacional-de-balonismo-regressa-a-coruche\\\/#primaryimage\"},\"thumbnailUrl\":\"https:\\\/\\\/infocul.pt\\\/arquivo\\\/wp-content\\\/uploads\\\/2018\\\/10\\\/primage_24738.jpg\",\"datePublished\":\"2018-10-26T23:00:09+00:00\",\"description\":\"Festival Internacional de Balonismo regressa a Coruche | Infocul.pt - Arquivo Digital\",\"breadcrumb\":{\"@id\":\"https:\\\/\\\/infocul.pt\\\/arquivo\\\/actualidade\\\/festival-internacional-de-balonismo-regressa-a-coruche\\\/#breadcrumb\"},\"inLanguage\":\"pt-PT\",\"potentialAction\":[{\"@type\":\"ReadAction\",\"target\":[\"https:\\\/\\\/infocul.pt\\\/arquivo\\\/actualidade\\\/festival-internacional-de-balonismo-regressa-a-coruche\\\/\"]}]},{\"@type\":\"ImageObject\",\"inLanguage\":\"pt-PT\",\"@id\":\"https:\\\/\\\/infocul.pt\\\/arquivo\\\/actualidade\\\/festival-internacional-de-balonismo-regressa-a-coruche\\\/#primaryimage\",\"url\":\"https:\\\/\\\/infocul.pt\\\/arquivo\\\/wp-content\\\/uploads\\\/2018\\\/10\\\/primage_24738.jpg\",\"contentUrl\":\"https:\\\/\\\/infocul.pt\\\/arquivo\\\/wp-content\\\/uploads\\\/2018\\\/10\\\/primage_24738.jpg\",\"width\":820,\"height\":547},{\"@type\":\"BreadcrumbList\",\"@id\":\"https:\\\/\\\/infocul.pt\\\/arquivo\\\/actualidade\\\/festival-internacional-de-balonismo-regressa-a-coruche\\\/#breadcrumb\",\"itemListElement\":[{\"@type\":\"ListItem\",\"position\":1,\"name\":\"Home\",\"item\":\"https:\\\/\\\/infocul.pt\\\/arquivo\\\/\"},{\"@type\":\"ListItem\",\"position\":2,\"name\":\"Festival Internacional de Balonismo regressa a Coruche\"}]},{\"@type\":\"WebSite\",\"@id\":\"https:\\\/\\\/infocul.pt\\\/arquivo\\\/#website\",\"url\":\"https:\\\/\\\/infocul.pt\\\/arquivo\\\/\",\"name\":\"Infocul.pt - Arquivo Digital\",\"description\":\"Arquivo digital da Infocul.pt\",\"publisher\":{\"@id\":\"https:\\\/\\\/infocul.pt\\\/arquivo\\\/#organization\"},\"potentialAction\":[{\"@type\":\"SearchAction\",\"target\":{\"@type\":\"EntryPoint\",\"urlTemplate\":\"https:\\\/\\\/infocul.pt\\\/arquivo\\\/?s={search_term_string}\"},\"query-input\":{\"@type\":\"PropertyValueSpecification\",\"valueRequired\":true,\"valueName\":\"search_term_string\"}}],\"inLanguage\":\"pt-PT\"},{\"@type\":\"Organization\",\"@id\":\"https:\\\/\\\/infocul.pt\\\/arquivo\\\/#organization\",\"name\":\"Infocul.pt\",\"url\":\"https:\\\/\\\/infocul.pt\\\/arquivo\\\/\",\"logo\":{\"@type\":\"ImageObject\",\"inLanguage\":\"pt-PT\",\"@id\":\"https:\\\/\\\/infocul.pt\\\/arquivo\\\/#\\\/schema\\\/logo\\\/image\\\/\",\"url\":\"https:\\\/\\\/infocul.pt\\\/arquivo\\\/wp-content\\\/uploads\\\/2018\\\/12\\\/Infocul_logo-1.png\",\"contentUrl\":\"https:\\\/\\\/infocul.pt\\\/arquivo\\\/wp-content\\\/uploads\\\/2018\\\/12\\\/Infocul_logo-1.png\",\"width\":800,\"height\":800,\"caption\":\"Infocul.pt\"},\"image\":{\"@id\":\"https:\\\/\\\/infocul.pt\\\/arquivo\\\/#\\\/schema\\\/logo\\\/image\\\/\"},\"sameAs\":[\"https:\\\/\\\/www.facebook.com\\\/Infocul-147816815585015\\\/\",\"https:\\\/\\\/x.com\\\/Infoculpt\",\"http:\\\/\\\/www.pictaram.com\\\/user\\\/infocul.pt\\\/2370423710\",\"https:\\\/\\\/www.youtube.com\\\/channel\\\/UCYEB91AGI9FL9ek2i_IaQAA\"]},{\"@type\":\"Person\",\"@id\":\"https:\\\/\\\/infocul.pt\\\/arquivo\\\/#\\\/schema\\\/person\\\/f243f45ae8d67639120a7586884f3abc\",\"name\":\"Redac\u00e7\u00e3o\",\"image\":{\"@type\":\"ImageObject\",\"inLanguage\":\"pt-PT\",\"@id\":\"https:\\\/\\\/secure.gravatar.com\\\/avatar\\\/151b1b76c598ab5e749407223bd6c1bad4e41c4e95de3c3df83540ebee2deaf8?s=96&d=mm&r=g\",\"url\":\"https:\\\/\\\/secure.gravatar.com\\\/avatar\\\/151b1b76c598ab5e749407223bd6c1bad4e41c4e95de3c3df83540ebee2deaf8?s=96&d=mm&r=g\",\"contentUrl\":\"https:\\\/\\\/secure.gravatar.com\\\/avatar\\\/151b1b76c598ab5e749407223bd6c1bad4e41c4e95de3c3df83540ebee2deaf8?s=96&d=mm&r=g\",\"caption\":\"Redac\u00e7\u00e3o\"}}]}<\/script>\n<!-- \/ Yoast SEO plugin. -->","yoast_head_json":{"title":"Festival Internacional de Balonismo regressa a Coruche | Infocul.pt - Arquivo Digital","description":"Festival Internacional de Balonismo regressa a Coruche | Infocul.pt - Arquivo Digital","robots":{"index":"noindex","follow":"follow","max-snippet":"max-snippet:-1","max-image-preview":"max-image-preview:large","max-video-preview":"max-video-preview:-1"},"og_locale":"pt_PT","og_type":"article","og_title":"Festival Internacional de Balonismo regressa a Coruche | Infocul.pt - Arquivo Digital","og_description":"Festival Internacional de Balonismo regressa a Coruche | Infocul.pt - Arquivo Digital","og_url":"https:\/\/infocul.pt\/arquivo\/actualidade\/festival-internacional-de-balonismo-regressa-a-coruche\/","og_site_name":"Infocul.pt - Arquivo Digital","article_publisher":"https:\/\/www.facebook.com\/Infocul-147816815585015\/","article_published_time":"2018-10-26T23:00:09+00:00","og_image":[{"width":820,"height":547,"url":"https:\/\/infocul.pt\/arquivo\/wp-content\/uploads\/2018\/10\/primage_24738.jpg","type":"image\/jpeg"}],"author":"Redac\u00e7\u00e3o","twitter_card":"summary_large_image","twitter_creator":"@Infoculpt","twitter_site":"@Infoculpt","twitter_misc":{"Escrito por":"Redac\u00e7\u00e3o","Tempo estimado de leitura":"3 minutos"},"schema":{"@context":"https:\/\/schema.org","@graph":[{"@type":"Article","@id":"https:\/\/infocul.pt\/arquivo\/actualidade\/festival-internacional-de-balonismo-regressa-a-coruche\/#article","isPartOf":{"@id":"https:\/\/infocul.pt\/arquivo\/actualidade\/festival-internacional-de-balonismo-regressa-a-coruche\/"},"author":{"name":"Redac\u00e7\u00e3o","@id":"https:\/\/infocul.pt\/arquivo\/#\/schema\/person\/f243f45ae8d67639120a7586884f3abc"},"headline":"Festival Internacional de Balonismo regressa a Coruche","datePublished":"2018-10-26T23:00:09+00:00","mainEntityOfPage":{"@id":"https:\/\/infocul.pt\/arquivo\/actualidade\/festival-internacional-de-balonismo-regressa-a-coruche\/"},"wordCount":633,"commentCount":0,"publisher":{"@id":"https:\/\/infocul.pt\/arquivo\/#organization"},"image":{"@id":"https:\/\/infocul.pt\/arquivo\/actualidade\/festival-internacional-de-balonismo-regressa-a-coruche\/#primaryimage"},"thumbnailUrl":"https:\/\/infocul.pt\/arquivo\/wp-content\/uploads\/2018\/10\/primage_24738.jpg","keywords":["Balonismo","Coruche","Ribatejo"],"articleSection":["Actualidade","Turismo"],"inLanguage":"pt-PT"},{"@type":"WebPage","@id":"https:\/\/infocul.pt\/arquivo\/actualidade\/festival-internacional-de-balonismo-regressa-a-coruche\/","url":"https:\/\/infocul.pt\/arquivo\/actualidade\/festival-internacional-de-balonismo-regressa-a-coruche\/","name":"Festival Internacional de Balonismo regressa a Coruche | Infocul.pt - Arquivo Digital","isPartOf":{"@id":"https:\/\/infocul.pt\/arquivo\/#website"},"primaryImageOfPage":{"@id":"https:\/\/infocul.pt\/arquivo\/actualidade\/festival-internacional-de-balonismo-regressa-a-coruche\/#primaryimage"},"image":{"@id":"https:\/\/infocul.pt\/arquivo\/actualidade\/festival-internacional-de-balonismo-regressa-a-coruche\/#primaryimage"},"thumbnailUrl":"https:\/\/infocul.pt\/arquivo\/wp-content\/uploads\/2018\/10\/primage_24738.jpg","datePublished":"2018-10-26T23:00:09+00:00","description":"Festival Internacional de Balonismo regressa a Coruche | Infocul.pt - Arquivo Digital","breadcrumb":{"@id":"https:\/\/infocul.pt\/arquivo\/actualidade\/festival-internacional-de-balonismo-regressa-a-coruche\/#breadcrumb"},"inLanguage":"pt-PT","potentialAction":[{"@type":"ReadAction","target":["https:\/\/infocul.pt\/arquivo\/actualidade\/festival-internacional-de-balonismo-regressa-a-coruche\/"]}]},{"@type":"ImageObject","inLanguage":"pt-PT","@id":"https:\/\/infocul.pt\/arquivo\/actualidade\/festival-internacional-de-balonismo-regressa-a-coruche\/#primaryimage","url":"https:\/\/infocul.pt\/arquivo\/wp-content\/uploads\/2018\/10\/primage_24738.jpg","contentUrl":"https:\/\/infocul.pt\/arquivo\/wp-content\/uploads\/2018\/10\/primage_24738.jpg","width":820,"height":547},{"@type":"BreadcrumbList","@id":"https:\/\/infocul.pt\/arquivo\/actualidade\/festival-internacional-de-balonismo-regressa-a-coruche\/#breadcrumb","itemListElement":[{"@type":"ListItem","position":1,"name":"Home","item":"https:\/\/infocul.pt\/arquivo\/"},{"@type":"ListItem","position":2,"name":"Festival Internacional de Balonismo regressa a Coruche"}]},{"@type":"WebSite","@id":"https:\/\/infocul.pt\/arquivo\/#website","url":"https:\/\/infocul.pt\/arquivo\/","name":"Infocul.pt - Arquivo Digital","description":"Arquivo digital da Infocul.pt","publisher":{"@id":"https:\/\/infocul.pt\/arquivo\/#organization"},"potentialAction":[{"@type":"SearchAction","target":{"@type":"EntryPoint","urlTemplate":"https:\/\/infocul.pt\/arquivo\/?s={search_term_string}"},"query-input":{"@type":"PropertyValueSpecification","valueRequired":true,"valueName":"search_term_string"}}],"inLanguage":"pt-PT"},{"@type":"Organization","@id":"https:\/\/infocul.pt\/arquivo\/#organization","name":"Infocul.pt","url":"https:\/\/infocul.pt\/arquivo\/","logo":{"@type":"ImageObject","inLanguage":"pt-PT","@id":"https:\/\/infocul.pt\/arquivo\/#\/schema\/logo\/image\/","url":"https:\/\/infocul.pt\/arquivo\/wp-content\/uploads\/2018\/12\/Infocul_logo-1.png","contentUrl":"https:\/\/infocul.pt\/arquivo\/wp-content\/uploads\/2018\/12\/Infocul_logo-1.png","width":800,"height":800,"caption":"Infocul.pt"},"image":{"@id":"https:\/\/infocul.pt\/arquivo\/#\/schema\/logo\/image\/"},"sameAs":["https:\/\/www.facebook.com\/Infocul-147816815585015\/","https:\/\/x.com\/Infoculpt","http:\/\/www.pictaram.com\/user\/infocul.pt\/2370423710","https:\/\/www.youtube.com\/channel\/UCYEB91AGI9FL9ek2i_IaQAA"]},{"@type":"Person","@id":"https:\/\/infocul.pt\/arquivo\/#\/schema\/person\/f243f45ae8d67639120a7586884f3abc","name":"Redac\u00e7\u00e3o","image":{"@type":"ImageObject","inLanguage":"pt-PT","@id":"https:\/\/secure.gravatar.com\/avatar\/151b1b76c598ab5e749407223bd6c1bad4e41c4e95de3c3df83540ebee2deaf8?s=96&d=mm&r=g","url":"https:\/\/secure.gravatar.com\/avatar\/151b1b76c598ab5e749407223bd6c1bad4e41c4e95de3c3df83540ebee2deaf8?s=96&d=mm&r=g","contentUrl":"https:\/\/secure.gravatar.com\/avatar\/151b1b76c598ab5e749407223bd6c1bad4e41c4e95de3c3df83540ebee2deaf8?s=96&d=mm&r=g","caption":"Redac\u00e7\u00e3o"}}]}},"_links":{"self":[{"href":"https:\/\/infocul.pt\/arquivo\/wp-json\/wp\/v2\/posts\/48129","targetHints":{"allow":["GET"]}}],"collection":[{"href":"https:\/\/infocul.pt\/arquivo\/wp-json\/wp\/v2\/posts"}],"about":[{"href":"https:\/\/infocul.pt\/arquivo\/wp-json\/wp\/v2\/types\/post"}],"author":[{"embeddable":true,"href":"https:\/\/infocul.pt\/arquivo\/wp-json\/wp\/v2\/users\/13"}],"replies":[{"embeddable":true,"href":"https:\/\/infocul.pt\/arquivo\/wp-json\/wp\/v2\/comments?post=48129"}],"version-history":[{"count":0,"href":"https:\/\/infocul.pt\/arquivo\/wp-json\/wp\/v2\/posts\/48129\/revisions"}],"wp:featuredmedia":[{"embeddable":true,"href":"https:\/\/infocul.pt\/arquivo\/wp-json\/wp\/v2\/media\/48130"}],"wp:attachment":[{"href":"https:\/\/infocul.pt\/arquivo\/wp-json\/wp\/v2\/media?parent=48129"}],"wp:term":[{"taxonomy":"category","embeddable":true,"href":"https:\/\/infocul.pt\/arquivo\/wp-json\/wp\/v2\/categories?post=48129"},{"taxonomy":"post_tag","embeddable":true,"href":"https:\/\/infocul.pt\/arquivo\/wp-json\/wp\/v2\/tags?post=48129"}],"curies":[{"name":"wp","href":"https:\/\/api.w.org\/{rel}","templated":true}]}}