{"id":48535,"date":"2018-11-01T08:11:58","date_gmt":"2018-11-01T08:11:58","guid":{"rendered":"https:\/\/infocul.pt\/?p=48535"},"modified":"2018-11-01T08:11:58","modified_gmt":"2018-11-01T08:11:58","slug":"protoiro-lanca-peticao-publica-para-demitir-graca-fonseca-ministra-da-cultura","status":"publish","type":"post","link":"https:\/\/infocul.pt\/arquivo\/actualidade\/protoiro-lanca-peticao-publica-para-demitir-graca-fonseca-ministra-da-cultura\/","title":{"rendered":"Pr\u00f3toiro lan\u00e7a Peti\u00e7\u00e3o P\u00fablica para demitir Gra\u00e7a Fonseca, Ministra da Cultura"},"content":{"rendered":"<p><img decoding=\"async\" class=\"aligncenter wp-image-43218 size-large lazyload\" data-src=\"https:\/\/infocul.pt\/arquivo\/wp-content\/uploads\/2018\/06\/LOGO-PROTOIRO-Final-hor-1024x630.jpg\" alt=\"\" width=\"806\" height=\"496\" data-srcset=\"https:\/\/infocul.pt\/arquivo\/wp-content\/uploads\/2018\/06\/LOGO-PROTOIRO-Final-hor-1024x630.jpg 1024w, https:\/\/infocul.pt\/arquivo\/wp-content\/uploads\/2018\/06\/LOGO-PROTOIRO-Final-hor-300x185.jpg 300w, https:\/\/infocul.pt\/arquivo\/wp-content\/uploads\/2018\/06\/LOGO-PROTOIRO-Final-hor-768x472.jpg 768w\" data-sizes=\"(max-width: 806px) 100vw, 806px\" src=\"data:image\/svg+xml;base64,PHN2ZyB3aWR0aD0iMSIgaGVpZ2h0PSIxIiB4bWxucz0iaHR0cDovL3d3dy53My5vcmcvMjAwMC9zdmciPjwvc3ZnPg==\" style=\"--smush-placeholder-width: 806px; --smush-placeholder-aspect-ratio: 806\/496;\" \/><\/p>\n<p>&nbsp;<\/p>\n<p>&nbsp;<\/p>\n<p><span style=\"font-family: Calibri, sans-serif;\"><span style=\"font-size: small;\">A Pr\u00f3toiro \u2013 Federa\u00e7\u00e3o Portuguesa de Tauromaquia acaba de anunciar o lan\u00e7amento de uma Peti\u00e7\u00e3o P\u00fablica, com a finalidade de pedir a demiss\u00e3o da Ministra da Cultura, Gra\u00e7a Fonseca.<\/span><\/span><!--more--><\/p>\n<p>&nbsp;<\/p>\n<p>&nbsp;<\/p>\n<p><span style=\"font-family: Calibri, sans-serif;\"><span style=\"font-size: small;\">Tendo como primeiros signat\u00e1rios os Presidentes das v\u00e1rias associa\u00e7\u00f5es do sector, nomeadamente o presidente da Associa\u00e7\u00e3o Portuguesa de Empres\u00e1rios Taurom\u00e1quicos, Paulo Pessoa de Carvalho, o presidente da Associa\u00e7\u00e3o Nacional de Toureiros, Nuno Pardal, o presidente da Associa\u00e7\u00e3o Nacional de Grupos de Forcados, Jos\u00e9 Fernando Potier, o presidente da Associa\u00e7\u00e3o Portuguesas de Criadores de Touros de Lide, Jo\u00e3o Santos Andrade e pelo presidente da Associa\u00e7\u00e3o de Tert\u00falias Taurom\u00e1quicas de Portugal, Luis Capucha.<\/span><\/span><\/p>\n<p>&nbsp;<\/p>\n<p><span style=\"font-family: Calibri, sans-serif;\"><span style=\"font-size: small;\">Pode assinar a peti\u00e7\u00e3o <a href=\"http:\/\/peticaopublica.com\/pview.aspx?pi=DemissaoMinistraCult\" target=\"_blank\" rel=\"noopener\">AQUI<\/a>.<\/span><\/span><\/p>\n","protected":false},"excerpt":{"rendered":"<p>&nbsp; &nbsp; A Pr\u00f3toiro \u2013 Federa\u00e7\u00e3o Portuguesa de Tauromaquia acaba de anunciar o lan\u00e7amento de uma Peti\u00e7\u00e3o P\u00fablica, com a finalidade de pedir a demiss\u00e3o da Ministra da Cultura, Gra\u00e7a Fonseca.<\/p>\n","protected":false},"author":13,"featured_media":43218,"comment_status":"open","ping_status":"closed","sticky":false,"template":"","format":"standard","meta":{"footnotes":""},"categories":[10,2,36,16,7],"tags":[5300,5303,5305,5307,5299,5068,5302,5304,5301,1954,5306,5095,4076],"class_list":["post-48535","post","type-post","status-publish","format-standard","has-post-thumbnail","hentry","category-actualidade","category-cultura","category-destaque","category-politica","category-tauromaquia","tag-associacao-de-tertulias-tauromaquicas-de-portugal","tag-associacao-nacional-de-grupos-de-forcados","tag-associacao-nacional-de-toureiros","tag-associacao-portuguesa-de-empresarios-tauromaquicos","tag-associacao-portuguesas-de-criadores-de-touros-de-lide","tag-graca-fonseca","tag-joao-santos-andrade","tag-jose-fernando-potier","tag-luis-capucha","tag-ministerio-da-cultura","tag-nuno-pardal","tag-paulo-pessoa-de-carvalho","tag-protoiro"],"yoast_head":"<!-- This site is optimized with the Yoast SEO plugin v27.4 - https:\/\/yoast.com\/product\/yoast-seo-wordpress\/ -->\n<title>Pr\u00f3toiro lan\u00e7a Peti\u00e7\u00e3o P\u00fablica para demitir Gra\u00e7a Fonseca, Ministra da Cultura | Infocul.pt - Arquivo Digital<\/title>\n<meta name=\"description\" content=\"Pr\u00f3toiro lan\u00e7a Peti\u00e7\u00e3o P\u00fablica para demitir Gra\u00e7a Fonseca, Ministra da Cultura | Infocul.pt - Arquivo Digital\" \/>\n<meta name=\"robots\" content=\"noindex, follow, max-snippet:-1, max-image-preview:large, max-video-preview:-1\" \/>\n<meta property=\"og:locale\" content=\"pt_PT\" \/>\n<meta property=\"og:type\" content=\"article\" \/>\n<meta property=\"og:title\" content=\"Pr\u00f3toiro lan\u00e7a Peti\u00e7\u00e3o P\u00fablica para demitir Gra\u00e7a Fonseca, Ministra da Cultura | Infocul.pt - Arquivo Digital\" \/>\n<meta property=\"og:description\" content=\"Pr\u00f3toiro lan\u00e7a Peti\u00e7\u00e3o P\u00fablica para demitir Gra\u00e7a Fonseca, Ministra da Cultura | Infocul.pt - Arquivo Digital\" \/>\n<meta property=\"og:url\" content=\"https:\/\/infocul.pt\/arquivo\/actualidade\/protoiro-lanca-peticao-publica-para-demitir-graca-fonseca-ministra-da-cultura\/\" \/>\n<meta property=\"og:site_name\" content=\"Infocul.pt - Arquivo Digital\" \/>\n<meta property=\"article:publisher\" content=\"https:\/\/www.facebook.com\/Infocul-147816815585015\/\" \/>\n<meta property=\"article:published_time\" content=\"2018-11-01T08:11:58+00:00\" \/>\n<meta property=\"og:image\" content=\"https:\/\/infocul.pt\/arquivo\/wp-content\/uploads\/2018\/06\/LOGO-PROTOIRO-Final-hor.jpg\" \/>\n\t<meta property=\"og:image:width\" content=\"2560\" \/>\n\t<meta property=\"og:image:height\" content=\"1575\" \/>\n\t<meta property=\"og:image:type\" content=\"image\/jpeg\" \/>\n<meta name=\"author\" content=\"Redac\u00e7\u00e3o\" \/>\n<meta name=\"twitter:card\" content=\"summary_large_image\" \/>\n<meta name=\"twitter:creator\" content=\"@Infoculpt\" \/>\n<meta name=\"twitter:site\" content=\"@Infoculpt\" \/>\n<meta name=\"twitter:label1\" content=\"Escrito por\" \/>\n\t<meta name=\"twitter:data1\" content=\"Redac\u00e7\u00e3o\" \/>\n\t<meta name=\"twitter:label2\" content=\"Tempo estimado de leitura\" \/>\n\t<meta name=\"twitter:data2\" content=\"1 minuto\" \/>\n<script type=\"application\/ld+json\" class=\"yoast-schema-graph\">{\"@context\":\"https:\\\/\\\/schema.org\",\"@graph\":[{\"@type\":\"Article\",\"@id\":\"https:\\\/\\\/infocul.pt\\\/arquivo\\\/actualidade\\\/protoiro-lanca-peticao-publica-para-demitir-graca-fonseca-ministra-da-cultura\\\/#article\",\"isPartOf\":{\"@id\":\"https:\\\/\\\/infocul.pt\\\/arquivo\\\/actualidade\\\/protoiro-lanca-peticao-publica-para-demitir-graca-fonseca-ministra-da-cultura\\\/\"},\"author\":{\"name\":\"Redac\u00e7\u00e3o\",\"@id\":\"https:\\\/\\\/infocul.pt\\\/arquivo\\\/#\\\/schema\\\/person\\\/f243f45ae8d67639120a7586884f3abc\"},\"headline\":\"Pr\u00f3toiro lan\u00e7a Peti\u00e7\u00e3o P\u00fablica para demitir Gra\u00e7a Fonseca, Ministra da Cultura\",\"datePublished\":\"2018-11-01T08:11:58+00:00\",\"mainEntityOfPage\":{\"@id\":\"https:\\\/\\\/infocul.pt\\\/arquivo\\\/actualidade\\\/protoiro-lanca-peticao-publica-para-demitir-graca-fonseca-ministra-da-cultura\\\/\"},\"wordCount\":146,\"commentCount\":0,\"publisher\":{\"@id\":\"https:\\\/\\\/infocul.pt\\\/arquivo\\\/#organization\"},\"image\":{\"@id\":\"https:\\\/\\\/infocul.pt\\\/arquivo\\\/actualidade\\\/protoiro-lanca-peticao-publica-para-demitir-graca-fonseca-ministra-da-cultura\\\/#primaryimage\"},\"thumbnailUrl\":\"https:\\\/\\\/infocul.pt\\\/arquivo\\\/wp-content\\\/uploads\\\/2018\\\/06\\\/LOGO-PROTOIRO-Final-hor.jpg\",\"keywords\":[\"Associa\u00e7\u00e3o de Tert\u00falias Taurom\u00e1quicas de Portugal\",\"Associa\u00e7\u00e3o Nacional de Grupos de Forcados\",\"Associa\u00e7\u00e3o Nacional de Toureiros\",\"Associa\u00e7\u00e3o Portuguesa de Empres\u00e1rios Taurom\u00e1quicos\",\"Associa\u00e7\u00e3o Portuguesas de Criadores de Touros de Lide\",\"Gra\u00e7a Fonseca\",\"Jo\u00e3o Santos Andrade\",\"Jos\u00e9 Fernando Potier\",\"Luis Capucha\",\"Minist\u00e9rio da Cultura\",\"Nuno Pardal\",\"Paulo Pessoa de Carvalho\",\"Pr\u00f3toiro\"],\"articleSection\":[\"Actualidade\",\"Cultura\",\"Destaque\",\"Politica\",\"Tauromaquia\"],\"inLanguage\":\"pt-PT\"},{\"@type\":\"WebPage\",\"@id\":\"https:\\\/\\\/infocul.pt\\\/arquivo\\\/actualidade\\\/protoiro-lanca-peticao-publica-para-demitir-graca-fonseca-ministra-da-cultura\\\/\",\"url\":\"https:\\\/\\\/infocul.pt\\\/arquivo\\\/actualidade\\\/protoiro-lanca-peticao-publica-para-demitir-graca-fonseca-ministra-da-cultura\\\/\",\"name\":\"Pr\u00f3toiro lan\u00e7a Peti\u00e7\u00e3o P\u00fablica para demitir Gra\u00e7a Fonseca, Ministra da Cultura | Infocul.pt - Arquivo Digital\",\"isPartOf\":{\"@id\":\"https:\\\/\\\/infocul.pt\\\/arquivo\\\/#website\"},\"primaryImageOfPage\":{\"@id\":\"https:\\\/\\\/infocul.pt\\\/arquivo\\\/actualidade\\\/protoiro-lanca-peticao-publica-para-demitir-graca-fonseca-ministra-da-cultura\\\/#primaryimage\"},\"image\":{\"@id\":\"https:\\\/\\\/infocul.pt\\\/arquivo\\\/actualidade\\\/protoiro-lanca-peticao-publica-para-demitir-graca-fonseca-ministra-da-cultura\\\/#primaryimage\"},\"thumbnailUrl\":\"https:\\\/\\\/infocul.pt\\\/arquivo\\\/wp-content\\\/uploads\\\/2018\\\/06\\\/LOGO-PROTOIRO-Final-hor.jpg\",\"datePublished\":\"2018-11-01T08:11:58+00:00\",\"description\":\"Pr\u00f3toiro lan\u00e7a Peti\u00e7\u00e3o P\u00fablica para demitir Gra\u00e7a Fonseca, Ministra da Cultura | Infocul.pt - Arquivo Digital\",\"breadcrumb\":{\"@id\":\"https:\\\/\\\/infocul.pt\\\/arquivo\\\/actualidade\\\/protoiro-lanca-peticao-publica-para-demitir-graca-fonseca-ministra-da-cultura\\\/#breadcrumb\"},\"inLanguage\":\"pt-PT\",\"potentialAction\":[{\"@type\":\"ReadAction\",\"target\":[\"https:\\\/\\\/infocul.pt\\\/arquivo\\\/actualidade\\\/protoiro-lanca-peticao-publica-para-demitir-graca-fonseca-ministra-da-cultura\\\/\"]}]},{\"@type\":\"ImageObject\",\"inLanguage\":\"pt-PT\",\"@id\":\"https:\\\/\\\/infocul.pt\\\/arquivo\\\/actualidade\\\/protoiro-lanca-peticao-publica-para-demitir-graca-fonseca-ministra-da-cultura\\\/#primaryimage\",\"url\":\"https:\\\/\\\/infocul.pt\\\/arquivo\\\/wp-content\\\/uploads\\\/2018\\\/06\\\/LOGO-PROTOIRO-Final-hor.jpg\",\"contentUrl\":\"https:\\\/\\\/infocul.pt\\\/arquivo\\\/wp-content\\\/uploads\\\/2018\\\/06\\\/LOGO-PROTOIRO-Final-hor.jpg\",\"width\":2560,\"height\":1575},{\"@type\":\"BreadcrumbList\",\"@id\":\"https:\\\/\\\/infocul.pt\\\/arquivo\\\/actualidade\\\/protoiro-lanca-peticao-publica-para-demitir-graca-fonseca-ministra-da-cultura\\\/#breadcrumb\",\"itemListElement\":[{\"@type\":\"ListItem\",\"position\":1,\"name\":\"Home\",\"item\":\"https:\\\/\\\/infocul.pt\\\/arquivo\\\/\"},{\"@type\":\"ListItem\",\"position\":2,\"name\":\"Pr\u00f3toiro lan\u00e7a Peti\u00e7\u00e3o P\u00fablica para demitir Gra\u00e7a Fonseca, Ministra da Cultura\"}]},{\"@type\":\"WebSite\",\"@id\":\"https:\\\/\\\/infocul.pt\\\/arquivo\\\/#website\",\"url\":\"https:\\\/\\\/infocul.pt\\\/arquivo\\\/\",\"name\":\"Infocul.pt - Arquivo Digital\",\"description\":\"Arquivo digital da Infocul.pt\",\"publisher\":{\"@id\":\"https:\\\/\\\/infocul.pt\\\/arquivo\\\/#organization\"},\"potentialAction\":[{\"@type\":\"SearchAction\",\"target\":{\"@type\":\"EntryPoint\",\"urlTemplate\":\"https:\\\/\\\/infocul.pt\\\/arquivo\\\/?s={search_term_string}\"},\"query-input\":{\"@type\":\"PropertyValueSpecification\",\"valueRequired\":true,\"valueName\":\"search_term_string\"}}],\"inLanguage\":\"pt-PT\"},{\"@type\":\"Organization\",\"@id\":\"https:\\\/\\\/infocul.pt\\\/arquivo\\\/#organization\",\"name\":\"Infocul.pt\",\"url\":\"https:\\\/\\\/infocul.pt\\\/arquivo\\\/\",\"logo\":{\"@type\":\"ImageObject\",\"inLanguage\":\"pt-PT\",\"@id\":\"https:\\\/\\\/infocul.pt\\\/arquivo\\\/#\\\/schema\\\/logo\\\/image\\\/\",\"url\":\"https:\\\/\\\/infocul.pt\\\/arquivo\\\/wp-content\\\/uploads\\\/2018\\\/12\\\/Infocul_logo-1.png\",\"contentUrl\":\"https:\\\/\\\/infocul.pt\\\/arquivo\\\/wp-content\\\/uploads\\\/2018\\\/12\\\/Infocul_logo-1.png\",\"width\":800,\"height\":800,\"caption\":\"Infocul.pt\"},\"image\":{\"@id\":\"https:\\\/\\\/infocul.pt\\\/arquivo\\\/#\\\/schema\\\/logo\\\/image\\\/\"},\"sameAs\":[\"https:\\\/\\\/www.facebook.com\\\/Infocul-147816815585015\\\/\",\"https:\\\/\\\/x.com\\\/Infoculpt\",\"http:\\\/\\\/www.pictaram.com\\\/user\\\/infocul.pt\\\/2370423710\",\"https:\\\/\\\/www.youtube.com\\\/channel\\\/UCYEB91AGI9FL9ek2i_IaQAA\"]},{\"@type\":\"Person\",\"@id\":\"https:\\\/\\\/infocul.pt\\\/arquivo\\\/#\\\/schema\\\/person\\\/f243f45ae8d67639120a7586884f3abc\",\"name\":\"Redac\u00e7\u00e3o\",\"image\":{\"@type\":\"ImageObject\",\"inLanguage\":\"pt-PT\",\"@id\":\"https:\\\/\\\/secure.gravatar.com\\\/avatar\\\/151b1b76c598ab5e749407223bd6c1bad4e41c4e95de3c3df83540ebee2deaf8?s=96&d=mm&r=g\",\"url\":\"https:\\\/\\\/secure.gravatar.com\\\/avatar\\\/151b1b76c598ab5e749407223bd6c1bad4e41c4e95de3c3df83540ebee2deaf8?s=96&d=mm&r=g\",\"contentUrl\":\"https:\\\/\\\/secure.gravatar.com\\\/avatar\\\/151b1b76c598ab5e749407223bd6c1bad4e41c4e95de3c3df83540ebee2deaf8?s=96&d=mm&r=g\",\"caption\":\"Redac\u00e7\u00e3o\"}}]}<\/script>\n<!-- \/ Yoast SEO plugin. -->","yoast_head_json":{"title":"Pr\u00f3toiro lan\u00e7a Peti\u00e7\u00e3o P\u00fablica para demitir Gra\u00e7a Fonseca, Ministra da Cultura | Infocul.pt - Arquivo Digital","description":"Pr\u00f3toiro lan\u00e7a Peti\u00e7\u00e3o P\u00fablica para demitir Gra\u00e7a Fonseca, Ministra da Cultura | Infocul.pt - Arquivo Digital","robots":{"index":"noindex","follow":"follow","max-snippet":"max-snippet:-1","max-image-preview":"max-image-preview:large","max-video-preview":"max-video-preview:-1"},"og_locale":"pt_PT","og_type":"article","og_title":"Pr\u00f3toiro lan\u00e7a Peti\u00e7\u00e3o P\u00fablica para demitir Gra\u00e7a Fonseca, Ministra da Cultura | Infocul.pt - Arquivo Digital","og_description":"Pr\u00f3toiro lan\u00e7a Peti\u00e7\u00e3o P\u00fablica para demitir Gra\u00e7a Fonseca, Ministra da Cultura | Infocul.pt - Arquivo Digital","og_url":"https:\/\/infocul.pt\/arquivo\/actualidade\/protoiro-lanca-peticao-publica-para-demitir-graca-fonseca-ministra-da-cultura\/","og_site_name":"Infocul.pt - Arquivo Digital","article_publisher":"https:\/\/www.facebook.com\/Infocul-147816815585015\/","article_published_time":"2018-11-01T08:11:58+00:00","og_image":[{"width":2560,"height":1575,"url":"https:\/\/infocul.pt\/arquivo\/wp-content\/uploads\/2018\/06\/LOGO-PROTOIRO-Final-hor.jpg","type":"image\/jpeg"}],"author":"Redac\u00e7\u00e3o","twitter_card":"summary_large_image","twitter_creator":"@Infoculpt","twitter_site":"@Infoculpt","twitter_misc":{"Escrito por":"Redac\u00e7\u00e3o","Tempo estimado de leitura":"1 minuto"},"schema":{"@context":"https:\/\/schema.org","@graph":[{"@type":"Article","@id":"https:\/\/infocul.pt\/arquivo\/actualidade\/protoiro-lanca-peticao-publica-para-demitir-graca-fonseca-ministra-da-cultura\/#article","isPartOf":{"@id":"https:\/\/infocul.pt\/arquivo\/actualidade\/protoiro-lanca-peticao-publica-para-demitir-graca-fonseca-ministra-da-cultura\/"},"author":{"name":"Redac\u00e7\u00e3o","@id":"https:\/\/infocul.pt\/arquivo\/#\/schema\/person\/f243f45ae8d67639120a7586884f3abc"},"headline":"Pr\u00f3toiro lan\u00e7a Peti\u00e7\u00e3o P\u00fablica para demitir Gra\u00e7a Fonseca, Ministra da Cultura","datePublished":"2018-11-01T08:11:58+00:00","mainEntityOfPage":{"@id":"https:\/\/infocul.pt\/arquivo\/actualidade\/protoiro-lanca-peticao-publica-para-demitir-graca-fonseca-ministra-da-cultura\/"},"wordCount":146,"commentCount":0,"publisher":{"@id":"https:\/\/infocul.pt\/arquivo\/#organization"},"image":{"@id":"https:\/\/infocul.pt\/arquivo\/actualidade\/protoiro-lanca-peticao-publica-para-demitir-graca-fonseca-ministra-da-cultura\/#primaryimage"},"thumbnailUrl":"https:\/\/infocul.pt\/arquivo\/wp-content\/uploads\/2018\/06\/LOGO-PROTOIRO-Final-hor.jpg","keywords":["Associa\u00e7\u00e3o de Tert\u00falias Taurom\u00e1quicas de Portugal","Associa\u00e7\u00e3o Nacional de Grupos de Forcados","Associa\u00e7\u00e3o Nacional de Toureiros","Associa\u00e7\u00e3o Portuguesa de Empres\u00e1rios Taurom\u00e1quicos","Associa\u00e7\u00e3o Portuguesas de Criadores de Touros de Lide","Gra\u00e7a Fonseca","Jo\u00e3o Santos Andrade","Jos\u00e9 Fernando Potier","Luis Capucha","Minist\u00e9rio da Cultura","Nuno Pardal","Paulo Pessoa de Carvalho","Pr\u00f3toiro"],"articleSection":["Actualidade","Cultura","Destaque","Politica","Tauromaquia"],"inLanguage":"pt-PT"},{"@type":"WebPage","@id":"https:\/\/infocul.pt\/arquivo\/actualidade\/protoiro-lanca-peticao-publica-para-demitir-graca-fonseca-ministra-da-cultura\/","url":"https:\/\/infocul.pt\/arquivo\/actualidade\/protoiro-lanca-peticao-publica-para-demitir-graca-fonseca-ministra-da-cultura\/","name":"Pr\u00f3toiro lan\u00e7a Peti\u00e7\u00e3o P\u00fablica para demitir Gra\u00e7a Fonseca, Ministra da Cultura | Infocul.pt - Arquivo Digital","isPartOf":{"@id":"https:\/\/infocul.pt\/arquivo\/#website"},"primaryImageOfPage":{"@id":"https:\/\/infocul.pt\/arquivo\/actualidade\/protoiro-lanca-peticao-publica-para-demitir-graca-fonseca-ministra-da-cultura\/#primaryimage"},"image":{"@id":"https:\/\/infocul.pt\/arquivo\/actualidade\/protoiro-lanca-peticao-publica-para-demitir-graca-fonseca-ministra-da-cultura\/#primaryimage"},"thumbnailUrl":"https:\/\/infocul.pt\/arquivo\/wp-content\/uploads\/2018\/06\/LOGO-PROTOIRO-Final-hor.jpg","datePublished":"2018-11-01T08:11:58+00:00","description":"Pr\u00f3toiro lan\u00e7a Peti\u00e7\u00e3o P\u00fablica para demitir Gra\u00e7a Fonseca, Ministra da Cultura | Infocul.pt - Arquivo Digital","breadcrumb":{"@id":"https:\/\/infocul.pt\/arquivo\/actualidade\/protoiro-lanca-peticao-publica-para-demitir-graca-fonseca-ministra-da-cultura\/#breadcrumb"},"inLanguage":"pt-PT","potentialAction":[{"@type":"ReadAction","target":["https:\/\/infocul.pt\/arquivo\/actualidade\/protoiro-lanca-peticao-publica-para-demitir-graca-fonseca-ministra-da-cultura\/"]}]},{"@type":"ImageObject","inLanguage":"pt-PT","@id":"https:\/\/infocul.pt\/arquivo\/actualidade\/protoiro-lanca-peticao-publica-para-demitir-graca-fonseca-ministra-da-cultura\/#primaryimage","url":"https:\/\/infocul.pt\/arquivo\/wp-content\/uploads\/2018\/06\/LOGO-PROTOIRO-Final-hor.jpg","contentUrl":"https:\/\/infocul.pt\/arquivo\/wp-content\/uploads\/2018\/06\/LOGO-PROTOIRO-Final-hor.jpg","width":2560,"height":1575},{"@type":"BreadcrumbList","@id":"https:\/\/infocul.pt\/arquivo\/actualidade\/protoiro-lanca-peticao-publica-para-demitir-graca-fonseca-ministra-da-cultura\/#breadcrumb","itemListElement":[{"@type":"ListItem","position":1,"name":"Home","item":"https:\/\/infocul.pt\/arquivo\/"},{"@type":"ListItem","position":2,"name":"Pr\u00f3toiro lan\u00e7a Peti\u00e7\u00e3o P\u00fablica para demitir Gra\u00e7a Fonseca, Ministra da Cultura"}]},{"@type":"WebSite","@id":"https:\/\/infocul.pt\/arquivo\/#website","url":"https:\/\/infocul.pt\/arquivo\/","name":"Infocul.pt - Arquivo Digital","description":"Arquivo digital da Infocul.pt","publisher":{"@id":"https:\/\/infocul.pt\/arquivo\/#organization"},"potentialAction":[{"@type":"SearchAction","target":{"@type":"EntryPoint","urlTemplate":"https:\/\/infocul.pt\/arquivo\/?s={search_term_string}"},"query-input":{"@type":"PropertyValueSpecification","valueRequired":true,"valueName":"search_term_string"}}],"inLanguage":"pt-PT"},{"@type":"Organization","@id":"https:\/\/infocul.pt\/arquivo\/#organization","name":"Infocul.pt","url":"https:\/\/infocul.pt\/arquivo\/","logo":{"@type":"ImageObject","inLanguage":"pt-PT","@id":"https:\/\/infocul.pt\/arquivo\/#\/schema\/logo\/image\/","url":"https:\/\/infocul.pt\/arquivo\/wp-content\/uploads\/2018\/12\/Infocul_logo-1.png","contentUrl":"https:\/\/infocul.pt\/arquivo\/wp-content\/uploads\/2018\/12\/Infocul_logo-1.png","width":800,"height":800,"caption":"Infocul.pt"},"image":{"@id":"https:\/\/infocul.pt\/arquivo\/#\/schema\/logo\/image\/"},"sameAs":["https:\/\/www.facebook.com\/Infocul-147816815585015\/","https:\/\/x.com\/Infoculpt","http:\/\/www.pictaram.com\/user\/infocul.pt\/2370423710","https:\/\/www.youtube.com\/channel\/UCYEB91AGI9FL9ek2i_IaQAA"]},{"@type":"Person","@id":"https:\/\/infocul.pt\/arquivo\/#\/schema\/person\/f243f45ae8d67639120a7586884f3abc","name":"Redac\u00e7\u00e3o","image":{"@type":"ImageObject","inLanguage":"pt-PT","@id":"https:\/\/secure.gravatar.com\/avatar\/151b1b76c598ab5e749407223bd6c1bad4e41c4e95de3c3df83540ebee2deaf8?s=96&d=mm&r=g","url":"https:\/\/secure.gravatar.com\/avatar\/151b1b76c598ab5e749407223bd6c1bad4e41c4e95de3c3df83540ebee2deaf8?s=96&d=mm&r=g","contentUrl":"https:\/\/secure.gravatar.com\/avatar\/151b1b76c598ab5e749407223bd6c1bad4e41c4e95de3c3df83540ebee2deaf8?s=96&d=mm&r=g","caption":"Redac\u00e7\u00e3o"}}]}},"_links":{"self":[{"href":"https:\/\/infocul.pt\/arquivo\/wp-json\/wp\/v2\/posts\/48535","targetHints":{"allow":["GET"]}}],"collection":[{"href":"https:\/\/infocul.pt\/arquivo\/wp-json\/wp\/v2\/posts"}],"about":[{"href":"https:\/\/infocul.pt\/arquivo\/wp-json\/wp\/v2\/types\/post"}],"author":[{"embeddable":true,"href":"https:\/\/infocul.pt\/arquivo\/wp-json\/wp\/v2\/users\/13"}],"replies":[{"embeddable":true,"href":"https:\/\/infocul.pt\/arquivo\/wp-json\/wp\/v2\/comments?post=48535"}],"version-history":[{"count":0,"href":"https:\/\/infocul.pt\/arquivo\/wp-json\/wp\/v2\/posts\/48535\/revisions"}],"wp:featuredmedia":[{"embeddable":true,"href":"https:\/\/infocul.pt\/arquivo\/wp-json\/wp\/v2\/media\/43218"}],"wp:attachment":[{"href":"https:\/\/infocul.pt\/arquivo\/wp-json\/wp\/v2\/media?parent=48535"}],"wp:term":[{"taxonomy":"category","embeddable":true,"href":"https:\/\/infocul.pt\/arquivo\/wp-json\/wp\/v2\/categories?post=48535"},{"taxonomy":"post_tag","embeddable":true,"href":"https:\/\/infocul.pt\/arquivo\/wp-json\/wp\/v2\/tags?post=48535"}],"curies":[{"name":"wp","href":"https:\/\/api.w.org\/{rel}","templated":true}]}}