{"id":48647,"date":"2018-11-05T12:29:04","date_gmt":"2018-11-05T12:29:04","guid":{"rendered":"https:\/\/infocul.pt\/?p=48647"},"modified":"2018-11-05T12:29:04","modified_gmt":"2018-11-05T12:29:04","slug":"apet-questiona-silencio-de-antonio-costa-sobre-a-tauromaquia","status":"publish","type":"post","link":"https:\/\/infocul.pt\/arquivo\/actualidade\/apet-questiona-silencio-de-antonio-costa-sobre-a-tauromaquia\/","title":{"rendered":"APET questiona sil\u00eancio de Ant\u00f3nio Costa sobre a tauromaquia"},"content":{"rendered":"<p><img decoding=\"async\" class=\"aligncenter wp-image-48648 size-large lazyload\" data-src=\"https:\/\/infocul.pt\/arquivo\/wp-content\/uploads\/2018\/11\/ppc-1024x656.jpg\" alt=\"\" width=\"806\" height=\"516\" data-srcset=\"https:\/\/infocul.pt\/arquivo\/wp-content\/uploads\/2018\/11\/ppc-1024x656.jpg 1024w, https:\/\/infocul.pt\/arquivo\/wp-content\/uploads\/2018\/11\/ppc-300x192.jpg 300w, https:\/\/infocul.pt\/arquivo\/wp-content\/uploads\/2018\/11\/ppc-768x492.jpg 768w, https:\/\/infocul.pt\/arquivo\/wp-content\/uploads\/2018\/11\/ppc.jpg 1141w\" data-sizes=\"(max-width: 806px) 100vw, 806px\" src=\"data:image\/svg+xml;base64,PHN2ZyB3aWR0aD0iMSIgaGVpZ2h0PSIxIiB4bWxucz0iaHR0cDovL3d3dy53My5vcmcvMjAwMC9zdmciPjwvc3ZnPg==\" style=\"--smush-placeholder-width: 806px; --smush-placeholder-aspect-ratio: 806\/516;\" \/><\/p>\n<p>&nbsp;<\/p>\n<p>&nbsp;<\/p>\n<p><span style=\"font-family: Calibri, sans-serif; font-size: small;\">A APET &#8211; Associa\u00e7\u00e3o Portuguesa de Empres\u00e1rios Taurom\u00e1quicos questiona o sil\u00eancio de Ant\u00f3nio Costa e a continuidade da ministra da Cultura no Executivo, uma semana ap\u00f3s Gra\u00e7a Fonseca ter chamado incivilizados a mais de 3,3 milh\u00f5es de portugueses que todos os anos participam em actividades\u00a0relacionadas com a tauromaquia.<\/span><!--more--><\/p>\n<p>&nbsp;<\/p>\n<p>&nbsp;<\/p>\n<p><span style=\"font-family: Calibri, sans-serif;\"><span style=\"font-size: small;\">Para a APET, al\u00e9m de insultuosas, as declara\u00e7\u00f5es de Gra\u00e7a Fonseca s\u00e3o discriminat\u00f3rias e, por isso, inaceit\u00e1veis para quem exerce fun\u00e7\u00f5es p\u00fablicas.<\/span><\/span><\/p>\n<p><span style=\"font-family: Calibri, sans-serif;\"><span style=\"font-size: small;\">&#8220;<em><strong>Como a ministra muito bem sabe, ningu\u00e9m deve ser alvo de discrimina\u00e7\u00e3o. A tauromaquia \u00e9 uma atividade art\u00edstica. Dizer que o nosso trabalho \u00e9 marginal, querer tax\u00e1-lo por isso, \u00e9 uma viola\u00e7\u00e3o inadmiss\u00edvel que n\u00e3o iremos tolerar<\/strong><\/em>&#8220;, afirma Paulo Pessoa de Carvalho, presidente da APET e tamb\u00e9m da Pr\u00f3Toiro, para quem o Primeiro-Ministro j\u00e1 deveria ter vindo a p\u00fablico dizer se concorda com as afirma\u00e7\u00f5es da ministra: &#8220;<em><strong>Se n\u00e3o concorda, ent\u00e3o que a demita<\/strong><\/em>&#8220;.<\/span><\/span><\/p>\n<p>&nbsp;<\/p>\n<p>&nbsp;<\/p>\n<p><span style=\"font-family: Calibri, sans-serif; font-size: small;\">Em representa\u00e7\u00e3o dos empres\u00e1rios taurom\u00e1quicos, Paulo Pessoa de Carvalho acrescenta que &#8220;<\/span><em><b style=\"font-family: Calibri, sans-serif; font-size: small;\">a <\/b><span style=\"font-family: Calibri, sans-serif; font-size: small;\"><b>actividade<\/b><\/span><b style=\"font-family: Calibri, sans-serif; font-size: small;\">\u00a0taurom\u00e1quica \u00e9 uma fonte de receita do Estado, geradora de muitos postos de trabalho e cumpridora das obriga\u00e7\u00f5es fiscais e sociais<\/b><\/em><span style=\"font-family: Calibri, sans-serif; font-size: small;\">&#8220;. E questiona: &#8220;Com que direito, com que legitimidade e at\u00e9 com que lucidez e discernimento, a ministra da Cultura se atreve a colocar em causa a nossa igualdade de direitos?&#8221;<\/span><\/p>\n<p>&nbsp;<\/p>\n<p>&nbsp;<\/p>\n<p><span style=\"font-family: Calibri, sans-serif;\"><span style=\"font-size: small;\">A APET garante &#8220;f<em><strong>ar\u00e1 tudo o que for poss\u00edvel na defesa da atividade taurom\u00e1quica<\/strong><\/em>&#8221; para, de uma vez por todas, &#8220;<em><strong>deixarem de existir filhos e enteados entre os portugueses<\/strong><\/em>&#8220;.<\/span><\/span><\/p>\n","protected":false},"excerpt":{"rendered":"<p>&nbsp; &nbsp; A APET &#8211; Associa\u00e7\u00e3o Portuguesa de Empres\u00e1rios Taurom\u00e1quicos questiona o sil\u00eancio de Ant\u00f3nio Costa e a continuidade da ministra da Cultura no Executivo, uma semana ap\u00f3s Gra\u00e7a Fonseca ter chamado incivilizados a mais de 3,3 milh\u00f5es de portugueses que todos os anos participam em actividades\u00a0relacionadas com a tauromaquia.<\/p>\n","protected":false},"author":13,"featured_media":48648,"comment_status":"open","ping_status":"closed","sticky":false,"template":"","format":"standard","meta":{"footnotes":""},"categories":[10,2,36,16,7],"tags":[5025,5094,5095],"class_list":["post-48647","post","type-post","status-publish","format-standard","has-post-thumbnail","hentry","category-actualidade","category-cultura","category-destaque","category-politica","category-tauromaquia","tag-antonio-costa","tag-apet","tag-paulo-pessoa-de-carvalho"],"yoast_head":"<!-- This site is optimized with the Yoast SEO plugin v27.4 - https:\/\/yoast.com\/product\/yoast-seo-wordpress\/ -->\n<title>APET questiona sil\u00eancio de Ant\u00f3nio Costa sobre a tauromaquia | Infocul.pt - Arquivo Digital<\/title>\n<meta name=\"description\" content=\"APET questiona sil\u00eancio de Ant\u00f3nio Costa sobre a tauromaquia | Infocul.pt - Arquivo Digital\" \/>\n<meta name=\"robots\" content=\"noindex, follow, max-snippet:-1, max-image-preview:large, max-video-preview:-1\" \/>\n<meta property=\"og:locale\" content=\"pt_PT\" \/>\n<meta property=\"og:type\" content=\"article\" \/>\n<meta property=\"og:title\" content=\"APET questiona sil\u00eancio de Ant\u00f3nio Costa sobre a tauromaquia | Infocul.pt - Arquivo Digital\" \/>\n<meta property=\"og:description\" content=\"APET questiona sil\u00eancio de Ant\u00f3nio Costa sobre a tauromaquia | Infocul.pt - Arquivo Digital\" \/>\n<meta property=\"og:url\" content=\"https:\/\/infocul.pt\/arquivo\/actualidade\/apet-questiona-silencio-de-antonio-costa-sobre-a-tauromaquia\/\" \/>\n<meta property=\"og:site_name\" content=\"Infocul.pt - Arquivo Digital\" \/>\n<meta property=\"article:publisher\" content=\"https:\/\/www.facebook.com\/Infocul-147816815585015\/\" \/>\n<meta property=\"article:published_time\" content=\"2018-11-05T12:29:04+00:00\" \/>\n<meta property=\"og:image\" content=\"https:\/\/infocul.pt\/arquivo\/wp-content\/uploads\/2018\/11\/ppc.jpg\" \/>\n\t<meta property=\"og:image:width\" content=\"1141\" \/>\n\t<meta property=\"og:image:height\" content=\"731\" \/>\n\t<meta property=\"og:image:type\" content=\"image\/jpeg\" \/>\n<meta name=\"author\" content=\"Redac\u00e7\u00e3o\" \/>\n<meta name=\"twitter:card\" content=\"summary_large_image\" \/>\n<meta name=\"twitter:creator\" content=\"@Infoculpt\" \/>\n<meta name=\"twitter:site\" content=\"@Infoculpt\" \/>\n<meta name=\"twitter:label1\" content=\"Escrito por\" \/>\n\t<meta name=\"twitter:data1\" content=\"Redac\u00e7\u00e3o\" \/>\n\t<meta name=\"twitter:label2\" content=\"Tempo estimado de leitura\" \/>\n\t<meta name=\"twitter:data2\" content=\"1 minuto\" \/>\n<script type=\"application\/ld+json\" class=\"yoast-schema-graph\">{\"@context\":\"https:\\\/\\\/schema.org\",\"@graph\":[{\"@type\":\"Article\",\"@id\":\"https:\\\/\\\/infocul.pt\\\/arquivo\\\/actualidade\\\/apet-questiona-silencio-de-antonio-costa-sobre-a-tauromaquia\\\/#article\",\"isPartOf\":{\"@id\":\"https:\\\/\\\/infocul.pt\\\/arquivo\\\/actualidade\\\/apet-questiona-silencio-de-antonio-costa-sobre-a-tauromaquia\\\/\"},\"author\":{\"name\":\"Redac\u00e7\u00e3o\",\"@id\":\"https:\\\/\\\/infocul.pt\\\/arquivo\\\/#\\\/schema\\\/person\\\/f243f45ae8d67639120a7586884f3abc\"},\"headline\":\"APET questiona sil\u00eancio de Ant\u00f3nio Costa sobre a tauromaquia\",\"datePublished\":\"2018-11-05T12:29:04+00:00\",\"mainEntityOfPage\":{\"@id\":\"https:\\\/\\\/infocul.pt\\\/arquivo\\\/actualidade\\\/apet-questiona-silencio-de-antonio-costa-sobre-a-tauromaquia\\\/\"},\"wordCount\":289,\"commentCount\":0,\"publisher\":{\"@id\":\"https:\\\/\\\/infocul.pt\\\/arquivo\\\/#organization\"},\"image\":{\"@id\":\"https:\\\/\\\/infocul.pt\\\/arquivo\\\/actualidade\\\/apet-questiona-silencio-de-antonio-costa-sobre-a-tauromaquia\\\/#primaryimage\"},\"thumbnailUrl\":\"https:\\\/\\\/infocul.pt\\\/arquivo\\\/wp-content\\\/uploads\\\/2018\\\/11\\\/ppc.jpg\",\"keywords\":[\"Ant\u00f3nio Costa\",\"APET\",\"Paulo Pessoa de Carvalho\"],\"articleSection\":[\"Actualidade\",\"Cultura\",\"Destaque\",\"Politica\",\"Tauromaquia\"],\"inLanguage\":\"pt-PT\"},{\"@type\":\"WebPage\",\"@id\":\"https:\\\/\\\/infocul.pt\\\/arquivo\\\/actualidade\\\/apet-questiona-silencio-de-antonio-costa-sobre-a-tauromaquia\\\/\",\"url\":\"https:\\\/\\\/infocul.pt\\\/arquivo\\\/actualidade\\\/apet-questiona-silencio-de-antonio-costa-sobre-a-tauromaquia\\\/\",\"name\":\"APET questiona sil\u00eancio de Ant\u00f3nio Costa sobre a tauromaquia | Infocul.pt - Arquivo Digital\",\"isPartOf\":{\"@id\":\"https:\\\/\\\/infocul.pt\\\/arquivo\\\/#website\"},\"primaryImageOfPage\":{\"@id\":\"https:\\\/\\\/infocul.pt\\\/arquivo\\\/actualidade\\\/apet-questiona-silencio-de-antonio-costa-sobre-a-tauromaquia\\\/#primaryimage\"},\"image\":{\"@id\":\"https:\\\/\\\/infocul.pt\\\/arquivo\\\/actualidade\\\/apet-questiona-silencio-de-antonio-costa-sobre-a-tauromaquia\\\/#primaryimage\"},\"thumbnailUrl\":\"https:\\\/\\\/infocul.pt\\\/arquivo\\\/wp-content\\\/uploads\\\/2018\\\/11\\\/ppc.jpg\",\"datePublished\":\"2018-11-05T12:29:04+00:00\",\"description\":\"APET questiona sil\u00eancio de Ant\u00f3nio Costa sobre a tauromaquia | Infocul.pt - Arquivo Digital\",\"breadcrumb\":{\"@id\":\"https:\\\/\\\/infocul.pt\\\/arquivo\\\/actualidade\\\/apet-questiona-silencio-de-antonio-costa-sobre-a-tauromaquia\\\/#breadcrumb\"},\"inLanguage\":\"pt-PT\",\"potentialAction\":[{\"@type\":\"ReadAction\",\"target\":[\"https:\\\/\\\/infocul.pt\\\/arquivo\\\/actualidade\\\/apet-questiona-silencio-de-antonio-costa-sobre-a-tauromaquia\\\/\"]}]},{\"@type\":\"ImageObject\",\"inLanguage\":\"pt-PT\",\"@id\":\"https:\\\/\\\/infocul.pt\\\/arquivo\\\/actualidade\\\/apet-questiona-silencio-de-antonio-costa-sobre-a-tauromaquia\\\/#primaryimage\",\"url\":\"https:\\\/\\\/infocul.pt\\\/arquivo\\\/wp-content\\\/uploads\\\/2018\\\/11\\\/ppc.jpg\",\"contentUrl\":\"https:\\\/\\\/infocul.pt\\\/arquivo\\\/wp-content\\\/uploads\\\/2018\\\/11\\\/ppc.jpg\",\"width\":1141,\"height\":731},{\"@type\":\"BreadcrumbList\",\"@id\":\"https:\\\/\\\/infocul.pt\\\/arquivo\\\/actualidade\\\/apet-questiona-silencio-de-antonio-costa-sobre-a-tauromaquia\\\/#breadcrumb\",\"itemListElement\":[{\"@type\":\"ListItem\",\"position\":1,\"name\":\"Home\",\"item\":\"https:\\\/\\\/infocul.pt\\\/arquivo\\\/\"},{\"@type\":\"ListItem\",\"position\":2,\"name\":\"APET questiona sil\u00eancio de Ant\u00f3nio Costa sobre a tauromaquia\"}]},{\"@type\":\"WebSite\",\"@id\":\"https:\\\/\\\/infocul.pt\\\/arquivo\\\/#website\",\"url\":\"https:\\\/\\\/infocul.pt\\\/arquivo\\\/\",\"name\":\"Infocul.pt - Arquivo Digital\",\"description\":\"Arquivo digital da Infocul.pt\",\"publisher\":{\"@id\":\"https:\\\/\\\/infocul.pt\\\/arquivo\\\/#organization\"},\"potentialAction\":[{\"@type\":\"SearchAction\",\"target\":{\"@type\":\"EntryPoint\",\"urlTemplate\":\"https:\\\/\\\/infocul.pt\\\/arquivo\\\/?s={search_term_string}\"},\"query-input\":{\"@type\":\"PropertyValueSpecification\",\"valueRequired\":true,\"valueName\":\"search_term_string\"}}],\"inLanguage\":\"pt-PT\"},{\"@type\":\"Organization\",\"@id\":\"https:\\\/\\\/infocul.pt\\\/arquivo\\\/#organization\",\"name\":\"Infocul.pt\",\"url\":\"https:\\\/\\\/infocul.pt\\\/arquivo\\\/\",\"logo\":{\"@type\":\"ImageObject\",\"inLanguage\":\"pt-PT\",\"@id\":\"https:\\\/\\\/infocul.pt\\\/arquivo\\\/#\\\/schema\\\/logo\\\/image\\\/\",\"url\":\"https:\\\/\\\/infocul.pt\\\/arquivo\\\/wp-content\\\/uploads\\\/2018\\\/12\\\/Infocul_logo-1.png\",\"contentUrl\":\"https:\\\/\\\/infocul.pt\\\/arquivo\\\/wp-content\\\/uploads\\\/2018\\\/12\\\/Infocul_logo-1.png\",\"width\":800,\"height\":800,\"caption\":\"Infocul.pt\"},\"image\":{\"@id\":\"https:\\\/\\\/infocul.pt\\\/arquivo\\\/#\\\/schema\\\/logo\\\/image\\\/\"},\"sameAs\":[\"https:\\\/\\\/www.facebook.com\\\/Infocul-147816815585015\\\/\",\"https:\\\/\\\/x.com\\\/Infoculpt\",\"http:\\\/\\\/www.pictaram.com\\\/user\\\/infocul.pt\\\/2370423710\",\"https:\\\/\\\/www.youtube.com\\\/channel\\\/UCYEB91AGI9FL9ek2i_IaQAA\"]},{\"@type\":\"Person\",\"@id\":\"https:\\\/\\\/infocul.pt\\\/arquivo\\\/#\\\/schema\\\/person\\\/f243f45ae8d67639120a7586884f3abc\",\"name\":\"Redac\u00e7\u00e3o\",\"image\":{\"@type\":\"ImageObject\",\"inLanguage\":\"pt-PT\",\"@id\":\"https:\\\/\\\/secure.gravatar.com\\\/avatar\\\/151b1b76c598ab5e749407223bd6c1bad4e41c4e95de3c3df83540ebee2deaf8?s=96&d=mm&r=g\",\"url\":\"https:\\\/\\\/secure.gravatar.com\\\/avatar\\\/151b1b76c598ab5e749407223bd6c1bad4e41c4e95de3c3df83540ebee2deaf8?s=96&d=mm&r=g\",\"contentUrl\":\"https:\\\/\\\/secure.gravatar.com\\\/avatar\\\/151b1b76c598ab5e749407223bd6c1bad4e41c4e95de3c3df83540ebee2deaf8?s=96&d=mm&r=g\",\"caption\":\"Redac\u00e7\u00e3o\"}}]}<\/script>\n<!-- \/ Yoast SEO plugin. -->","yoast_head_json":{"title":"APET questiona sil\u00eancio de Ant\u00f3nio Costa sobre a tauromaquia | Infocul.pt - Arquivo Digital","description":"APET questiona sil\u00eancio de Ant\u00f3nio Costa sobre a tauromaquia | Infocul.pt - Arquivo Digital","robots":{"index":"noindex","follow":"follow","max-snippet":"max-snippet:-1","max-image-preview":"max-image-preview:large","max-video-preview":"max-video-preview:-1"},"og_locale":"pt_PT","og_type":"article","og_title":"APET questiona sil\u00eancio de Ant\u00f3nio Costa sobre a tauromaquia | Infocul.pt - Arquivo Digital","og_description":"APET questiona sil\u00eancio de Ant\u00f3nio Costa sobre a tauromaquia | Infocul.pt - Arquivo Digital","og_url":"https:\/\/infocul.pt\/arquivo\/actualidade\/apet-questiona-silencio-de-antonio-costa-sobre-a-tauromaquia\/","og_site_name":"Infocul.pt - Arquivo Digital","article_publisher":"https:\/\/www.facebook.com\/Infocul-147816815585015\/","article_published_time":"2018-11-05T12:29:04+00:00","og_image":[{"width":1141,"height":731,"url":"https:\/\/infocul.pt\/arquivo\/wp-content\/uploads\/2018\/11\/ppc.jpg","type":"image\/jpeg"}],"author":"Redac\u00e7\u00e3o","twitter_card":"summary_large_image","twitter_creator":"@Infoculpt","twitter_site":"@Infoculpt","twitter_misc":{"Escrito por":"Redac\u00e7\u00e3o","Tempo estimado de leitura":"1 minuto"},"schema":{"@context":"https:\/\/schema.org","@graph":[{"@type":"Article","@id":"https:\/\/infocul.pt\/arquivo\/actualidade\/apet-questiona-silencio-de-antonio-costa-sobre-a-tauromaquia\/#article","isPartOf":{"@id":"https:\/\/infocul.pt\/arquivo\/actualidade\/apet-questiona-silencio-de-antonio-costa-sobre-a-tauromaquia\/"},"author":{"name":"Redac\u00e7\u00e3o","@id":"https:\/\/infocul.pt\/arquivo\/#\/schema\/person\/f243f45ae8d67639120a7586884f3abc"},"headline":"APET questiona sil\u00eancio de Ant\u00f3nio Costa sobre a tauromaquia","datePublished":"2018-11-05T12:29:04+00:00","mainEntityOfPage":{"@id":"https:\/\/infocul.pt\/arquivo\/actualidade\/apet-questiona-silencio-de-antonio-costa-sobre-a-tauromaquia\/"},"wordCount":289,"commentCount":0,"publisher":{"@id":"https:\/\/infocul.pt\/arquivo\/#organization"},"image":{"@id":"https:\/\/infocul.pt\/arquivo\/actualidade\/apet-questiona-silencio-de-antonio-costa-sobre-a-tauromaquia\/#primaryimage"},"thumbnailUrl":"https:\/\/infocul.pt\/arquivo\/wp-content\/uploads\/2018\/11\/ppc.jpg","keywords":["Ant\u00f3nio Costa","APET","Paulo Pessoa de Carvalho"],"articleSection":["Actualidade","Cultura","Destaque","Politica","Tauromaquia"],"inLanguage":"pt-PT"},{"@type":"WebPage","@id":"https:\/\/infocul.pt\/arquivo\/actualidade\/apet-questiona-silencio-de-antonio-costa-sobre-a-tauromaquia\/","url":"https:\/\/infocul.pt\/arquivo\/actualidade\/apet-questiona-silencio-de-antonio-costa-sobre-a-tauromaquia\/","name":"APET questiona sil\u00eancio de Ant\u00f3nio Costa sobre a tauromaquia | Infocul.pt - Arquivo Digital","isPartOf":{"@id":"https:\/\/infocul.pt\/arquivo\/#website"},"primaryImageOfPage":{"@id":"https:\/\/infocul.pt\/arquivo\/actualidade\/apet-questiona-silencio-de-antonio-costa-sobre-a-tauromaquia\/#primaryimage"},"image":{"@id":"https:\/\/infocul.pt\/arquivo\/actualidade\/apet-questiona-silencio-de-antonio-costa-sobre-a-tauromaquia\/#primaryimage"},"thumbnailUrl":"https:\/\/infocul.pt\/arquivo\/wp-content\/uploads\/2018\/11\/ppc.jpg","datePublished":"2018-11-05T12:29:04+00:00","description":"APET questiona sil\u00eancio de Ant\u00f3nio Costa sobre a tauromaquia | Infocul.pt - Arquivo Digital","breadcrumb":{"@id":"https:\/\/infocul.pt\/arquivo\/actualidade\/apet-questiona-silencio-de-antonio-costa-sobre-a-tauromaquia\/#breadcrumb"},"inLanguage":"pt-PT","potentialAction":[{"@type":"ReadAction","target":["https:\/\/infocul.pt\/arquivo\/actualidade\/apet-questiona-silencio-de-antonio-costa-sobre-a-tauromaquia\/"]}]},{"@type":"ImageObject","inLanguage":"pt-PT","@id":"https:\/\/infocul.pt\/arquivo\/actualidade\/apet-questiona-silencio-de-antonio-costa-sobre-a-tauromaquia\/#primaryimage","url":"https:\/\/infocul.pt\/arquivo\/wp-content\/uploads\/2018\/11\/ppc.jpg","contentUrl":"https:\/\/infocul.pt\/arquivo\/wp-content\/uploads\/2018\/11\/ppc.jpg","width":1141,"height":731},{"@type":"BreadcrumbList","@id":"https:\/\/infocul.pt\/arquivo\/actualidade\/apet-questiona-silencio-de-antonio-costa-sobre-a-tauromaquia\/#breadcrumb","itemListElement":[{"@type":"ListItem","position":1,"name":"Home","item":"https:\/\/infocul.pt\/arquivo\/"},{"@type":"ListItem","position":2,"name":"APET questiona sil\u00eancio de Ant\u00f3nio Costa sobre a tauromaquia"}]},{"@type":"WebSite","@id":"https:\/\/infocul.pt\/arquivo\/#website","url":"https:\/\/infocul.pt\/arquivo\/","name":"Infocul.pt - Arquivo Digital","description":"Arquivo digital da Infocul.pt","publisher":{"@id":"https:\/\/infocul.pt\/arquivo\/#organization"},"potentialAction":[{"@type":"SearchAction","target":{"@type":"EntryPoint","urlTemplate":"https:\/\/infocul.pt\/arquivo\/?s={search_term_string}"},"query-input":{"@type":"PropertyValueSpecification","valueRequired":true,"valueName":"search_term_string"}}],"inLanguage":"pt-PT"},{"@type":"Organization","@id":"https:\/\/infocul.pt\/arquivo\/#organization","name":"Infocul.pt","url":"https:\/\/infocul.pt\/arquivo\/","logo":{"@type":"ImageObject","inLanguage":"pt-PT","@id":"https:\/\/infocul.pt\/arquivo\/#\/schema\/logo\/image\/","url":"https:\/\/infocul.pt\/arquivo\/wp-content\/uploads\/2018\/12\/Infocul_logo-1.png","contentUrl":"https:\/\/infocul.pt\/arquivo\/wp-content\/uploads\/2018\/12\/Infocul_logo-1.png","width":800,"height":800,"caption":"Infocul.pt"},"image":{"@id":"https:\/\/infocul.pt\/arquivo\/#\/schema\/logo\/image\/"},"sameAs":["https:\/\/www.facebook.com\/Infocul-147816815585015\/","https:\/\/x.com\/Infoculpt","http:\/\/www.pictaram.com\/user\/infocul.pt\/2370423710","https:\/\/www.youtube.com\/channel\/UCYEB91AGI9FL9ek2i_IaQAA"]},{"@type":"Person","@id":"https:\/\/infocul.pt\/arquivo\/#\/schema\/person\/f243f45ae8d67639120a7586884f3abc","name":"Redac\u00e7\u00e3o","image":{"@type":"ImageObject","inLanguage":"pt-PT","@id":"https:\/\/secure.gravatar.com\/avatar\/151b1b76c598ab5e749407223bd6c1bad4e41c4e95de3c3df83540ebee2deaf8?s=96&d=mm&r=g","url":"https:\/\/secure.gravatar.com\/avatar\/151b1b76c598ab5e749407223bd6c1bad4e41c4e95de3c3df83540ebee2deaf8?s=96&d=mm&r=g","contentUrl":"https:\/\/secure.gravatar.com\/avatar\/151b1b76c598ab5e749407223bd6c1bad4e41c4e95de3c3df83540ebee2deaf8?s=96&d=mm&r=g","caption":"Redac\u00e7\u00e3o"}}]}},"_links":{"self":[{"href":"https:\/\/infocul.pt\/arquivo\/wp-json\/wp\/v2\/posts\/48647","targetHints":{"allow":["GET"]}}],"collection":[{"href":"https:\/\/infocul.pt\/arquivo\/wp-json\/wp\/v2\/posts"}],"about":[{"href":"https:\/\/infocul.pt\/arquivo\/wp-json\/wp\/v2\/types\/post"}],"author":[{"embeddable":true,"href":"https:\/\/infocul.pt\/arquivo\/wp-json\/wp\/v2\/users\/13"}],"replies":[{"embeddable":true,"href":"https:\/\/infocul.pt\/arquivo\/wp-json\/wp\/v2\/comments?post=48647"}],"version-history":[{"count":0,"href":"https:\/\/infocul.pt\/arquivo\/wp-json\/wp\/v2\/posts\/48647\/revisions"}],"wp:featuredmedia":[{"embeddable":true,"href":"https:\/\/infocul.pt\/arquivo\/wp-json\/wp\/v2\/media\/48648"}],"wp:attachment":[{"href":"https:\/\/infocul.pt\/arquivo\/wp-json\/wp\/v2\/media?parent=48647"}],"wp:term":[{"taxonomy":"category","embeddable":true,"href":"https:\/\/infocul.pt\/arquivo\/wp-json\/wp\/v2\/categories?post=48647"},{"taxonomy":"post_tag","embeddable":true,"href":"https:\/\/infocul.pt\/arquivo\/wp-json\/wp\/v2\/tags?post=48647"}],"curies":[{"name":"wp","href":"https:\/\/api.w.org\/{rel}","templated":true}]}}