{"id":48847,"date":"2018-11-09T22:45:14","date_gmt":"2018-11-09T22:45:14","guid":{"rendered":"https:\/\/infocul.pt\/?p=48847"},"modified":"2018-11-09T22:45:14","modified_gmt":"2018-11-09T22:45:14","slug":"mau-tempo-promete-atacar-no-fim-de-semana","status":"publish","type":"post","link":"https:\/\/infocul.pt\/arquivo\/actualidade\/mau-tempo-promete-atacar-no-fim-de-semana\/","title":{"rendered":"Mau tempo promete atacar no fim-de-semana!"},"content":{"rendered":"<p><img decoding=\"async\" class=\"aligncenter wp-image-407 size-full lazyload\" data-src=\"https:\/\/infocul.pt\/arquivo\/wp-content\/uploads\/2016\/01\/mau-tempo.jpg\" alt=\"\" width=\"640\" height=\"427\" data-srcset=\"https:\/\/infocul.pt\/arquivo\/wp-content\/uploads\/2016\/01\/mau-tempo.jpg 640w, https:\/\/infocul.pt\/arquivo\/wp-content\/uploads\/2016\/01\/mau-tempo-300x200.jpg 300w, https:\/\/infocul.pt\/arquivo\/wp-content\/uploads\/2016\/01\/mau-tempo-272x182.jpg 272w\" data-sizes=\"(max-width: 640px) 100vw, 640px\" src=\"data:image\/svg+xml;base64,PHN2ZyB3aWR0aD0iMSIgaGVpZ2h0PSIxIiB4bWxucz0iaHR0cDovL3d3dy53My5vcmcvMjAwMC9zdmciPjwvc3ZnPg==\" style=\"--smush-placeholder-width: 640px; --smush-placeholder-aspect-ratio: 640\/427;\" \/><\/p>\n<p>&nbsp;<\/p>\n<p>&nbsp;<\/p>\n<p><span style=\"color: #1a1a1a; font-family: Calibri, sans-serif; font-size: small;\">A Autoridade Nacional de Protec\u00e7\u00e3o\u00a0Civil (ANPC) emitiu um aviso \u00e0 popula\u00e7\u00e3o devido ao agravamento das condi\u00e7\u00f5es meteorol\u00f3gicas no norte e centro do pa\u00eds, prevendo-se o per\u00edodo cr\u00edtico entre o meio-dia de esta sexta-feira e as 06:00 de s\u00e1bado.<\/span><!--more--><\/p>\n<p>&nbsp;<\/p>\n<p>&nbsp;<\/p>\n<p><span style=\"color: #1a1a1a;\"><span style=\"font-family: Calibri, sans-serif;\"><span style=\"font-size: small;\">O comunicado da ANPC refere que, no seguimento do contacto com o Instituto Portugu\u00eas do Mar e da Atmosfera (IPMA) e de acordo com a informa\u00e7\u00e3o meteorol\u00f3gica apurada, \u201cprev\u00ea-se para as pr\u00f3ximas horas um agravamento das condi\u00e7\u00f5es meteorol\u00f3gicas\u201d, sendo que o \u201c<strong>per\u00edodo mais cr\u00edtico<\/strong>\u201d come\u00e7a \u00e0s 12:00 desta sexta-feira e termina \u00e0s 06:00 de s\u00e1bado.<\/span><\/span><\/span><\/p>\n<p>&nbsp;<\/p>\n<p><span style=\"color: #1a1a1a;\"><span style=\"font-family: Calibri, sans-serif;\"><span style=\"font-size: small;\">Segundo a ANPC, \u00e9 expect\u00e1vel precipita\u00e7\u00e3o persistente, localmente intensa a partir do meio da manh\u00e3, \u201c<strong>mais prov\u00e1vel nos distritos de Viana do Castelo, Braga, Porto, Vila Real, Aveiro e Viseu<\/strong>\u201d.<\/span><\/span><\/span><\/p>\n<p>&nbsp;<\/p>\n<p>&nbsp;<\/p>\n<p><span style=\"color: #1a1a1a;\"><span style=\"font-family: Calibri, sans-serif;\"><span style=\"font-size: small;\">J\u00e1 o vento, do quadrante sul, poder\u00e1 ser \u201c<strong>moderado a forte no litoral a partir da tarde<\/strong>\u201d, com rajadas na ordem dos 85 quil\u00f3metros por hora (km\/h), em especial no Minho e Douro Litoral, enquanto que nas terras altas o vento soprar\u00e1 moderado a forte, intensificando-se a partir da tarde \u201c<strong>com rajadas at\u00e9 100 km\/h em especial na regi\u00e3o do Minho\u201d<\/strong>.<\/span><\/span><\/span><\/p>\n<p>&nbsp;<\/p>\n<p>&nbsp;<\/p>\n<p><span style=\"color: #1a1a1a;\"><span style=\"font-family: Calibri, sans-serif;\"><span style=\"font-size: small;\">A ANPC adianta que a agita\u00e7\u00e3o mar\u00edtima na costa ocidental e na costa sul dever\u00e1 ter \u201c<strong>ondas de noroeste entre quatro a cinco metros de altura<\/strong>\u201d.<\/span><\/span><\/span><\/p>\n<p>&nbsp;<\/p>\n<p>&nbsp;<\/p>\n<p><span style=\"color: #1a1a1a;\"><span style=\"font-family: Calibri, sans-serif;\"><span style=\"font-size: small;\">Entretanto, o IPMA colocou sob aviso laranja os distritos de Viana do Castelo e Braga devido \u00e0 previs\u00e3o de chuva persistente, por vezes forte, entre as 12:00 de sexta-feira e as 06:00 de s\u00e1bado.<\/span><\/span><\/span><\/p>\n<p>&nbsp;<\/p>\n<p>&nbsp;<\/p>\n<p><span style=\"color: #1a1a1a;\"><span style=\"font-family: Calibri, sans-serif;\"><span style=\"font-size: small;\">Sob aviso amarelo tamb\u00e9m devido \u00e0 precipita\u00e7\u00e3o est\u00e3o Viseu, Porto, Vila Real e Aveiro.<\/span><\/span><\/span><\/p>\n<p>&nbsp;<\/p>\n<p>&nbsp;<\/p>\n<p><span style=\"color: #1a1a1a;\"><span style=\"font-family: Calibri, sans-serif;\"><span style=\"font-size: small;\">O IPMA emitiu igualmente aviso amarelo devido \u00e0 agita\u00e7\u00e3o mar\u00edtima no Porto, Faro, Set\u00fabal, Viana do Castelo, Lisboa, Leiria, Beja, Aveiro, Coimbra e Braga.\u00a0<\/span><\/span><\/span><span style=\"color: #1a1a1a;\"><span style=\"font-family: Calibri, sans-serif;\"><span style=\"font-size: small;\">O vento est\u00e1 na origem tamb\u00e9m da emiss\u00e3o de aviso amarelo para Porto, Guarda, Vila Real, Viana do Castelo e Braga.\u00a0<\/span><\/span><\/span><span style=\"color: #1a1a1a; font-family: Calibri, sans-serif; font-size: small;\">O aviso laranja \u00e9 o segundo de uma escala de quatro e indica situa\u00e7\u00e3o meteorol\u00f3gica de risco moderado a elevado. O aviso amarelo, o terceiro da escala, revela situa\u00e7\u00e3o de risco para determinadas actividades\u00a0dependentes da situa\u00e7\u00e3o meteorol\u00f3gica.<\/span><\/p>\n<p>&nbsp;<\/p>\n<p>&nbsp;<\/p>\n<p><span style=\"color: #1a1a1a; font-family: Calibri, sans-serif; font-size: small;\">A Protec\u00e7\u00e3o\u00a0Civil alerta que face a estas previs\u00f5es meteorol\u00f3gicas poder\u00e3o ocorrer determinados efeitos, como piso rodovi\u00e1rio escorregadio e eventual forma\u00e7\u00e3o de len\u00e7\u00f3is de \u00e1gua, e possibilidade de cheias r\u00e1pidas em meio urbano.<\/span><\/p>\n<p>&nbsp;<\/p>\n<p>&nbsp;<\/p>\n<p><span style=\"color: #1a1a1a;\"><span style=\"font-family: Calibri, sans-serif;\"><span style=\"font-size: small;\">Por outro lado, h\u00e1 possibilidade de inunda\u00e7\u00e3o por transbordo de linhas de \u00e1gua, inunda\u00e7\u00f5es de estruturas urbanas subterr\u00e2neas com defici\u00eancias de drenagem e danos em estruturas montadas ou suspensas.<\/span><\/span><\/span><\/p>\n<p>&nbsp;<\/p>\n<p>&nbsp;<\/p>\n<p><span style=\"color: #1a1a1a;\"><span style=\"font-family: Calibri, sans-serif;\"><span style=\"font-size: small;\">A ANPC aponta ainda a eventualidade de ocorrerem dificuldades de drenagem em sistemas urbanos, nomeadamente as verificadas em per\u00edodos de preia-mar, queda de ramos ou \u00e1rvores, acidentes na orla costeira, fen\u00f3menos geomorfol\u00f3gicos causados por instabiliza\u00e7\u00e3o de vertentes e obstru\u00e7\u00e3o de vias de circula\u00e7\u00e3o.<\/span><\/span><\/span><\/p>\n<p>&nbsp;<\/p>\n<p>Texto: Lusa<\/p>\n","protected":false},"excerpt":{"rendered":"<p>&nbsp; &nbsp; A Autoridade Nacional de Protec\u00e7\u00e3o\u00a0Civil (ANPC) emitiu um aviso \u00e0 popula\u00e7\u00e3o devido ao agravamento das condi\u00e7\u00f5es meteorol\u00f3gicas no norte e centro do pa\u00eds, prevendo-se o per\u00edodo cr\u00edtico entre o meio-dia de esta sexta-feira e as 06:00 de s\u00e1bado.<\/p>\n","protected":false},"author":13,"featured_media":407,"comment_status":"open","ping_status":"closed","sticky":false,"template":"","format":"standard","meta":{"footnotes":""},"categories":[10,36,11],"tags":[5437,5438,4434,144],"class_list":["post-48847","post","type-post","status-publish","format-standard","has-post-thumbnail","hentry","category-actualidade","category-destaque","category-pais","tag-autoridade-nacional-de-protecao-civil","tag-instituto-portugues-do-mar-e-da-atmosfera","tag-ipma","tag-meteorologia"],"yoast_head":"<!-- This site is optimized with the Yoast SEO plugin v27.4 - https:\/\/yoast.com\/product\/yoast-seo-wordpress\/ -->\n<title>Mau tempo promete atacar no fim-de-semana! | Infocul.pt - Arquivo Digital<\/title>\n<meta name=\"description\" content=\"Mau tempo promete atacar no fim-de-semana! | Infocul.pt - Arquivo Digital\" \/>\n<meta name=\"robots\" content=\"noindex, follow, max-snippet:-1, max-image-preview:large, max-video-preview:-1\" \/>\n<meta property=\"og:locale\" content=\"pt_PT\" \/>\n<meta property=\"og:type\" content=\"article\" \/>\n<meta property=\"og:title\" content=\"Mau tempo promete atacar no fim-de-semana! | Infocul.pt - Arquivo Digital\" \/>\n<meta property=\"og:description\" content=\"Mau tempo promete atacar no fim-de-semana! | Infocul.pt - Arquivo Digital\" \/>\n<meta property=\"og:url\" content=\"https:\/\/infocul.pt\/arquivo\/actualidade\/mau-tempo-promete-atacar-no-fim-de-semana\/\" \/>\n<meta property=\"og:site_name\" content=\"Infocul.pt - Arquivo Digital\" \/>\n<meta property=\"article:publisher\" content=\"https:\/\/www.facebook.com\/Infocul-147816815585015\/\" \/>\n<meta property=\"article:published_time\" content=\"2018-11-09T22:45:14+00:00\" \/>\n<meta property=\"og:image\" content=\"https:\/\/infocul.pt\/arquivo\/wp-content\/uploads\/2016\/01\/mau-tempo.jpg\" \/>\n\t<meta property=\"og:image:width\" content=\"640\" \/>\n\t<meta property=\"og:image:height\" content=\"427\" \/>\n\t<meta property=\"og:image:type\" content=\"image\/jpeg\" \/>\n<meta name=\"author\" content=\"Redac\u00e7\u00e3o\" \/>\n<meta name=\"twitter:card\" content=\"summary_large_image\" \/>\n<meta name=\"twitter:creator\" content=\"@Infoculpt\" \/>\n<meta name=\"twitter:site\" content=\"@Infoculpt\" \/>\n<meta name=\"twitter:label1\" content=\"Escrito por\" \/>\n\t<meta name=\"twitter:data1\" content=\"Redac\u00e7\u00e3o\" \/>\n\t<meta name=\"twitter:label2\" content=\"Tempo estimado de leitura\" \/>\n\t<meta name=\"twitter:data2\" content=\"3 minutos\" \/>\n<script type=\"application\/ld+json\" class=\"yoast-schema-graph\">{\"@context\":\"https:\\\/\\\/schema.org\",\"@graph\":[{\"@type\":\"Article\",\"@id\":\"https:\\\/\\\/infocul.pt\\\/arquivo\\\/actualidade\\\/mau-tempo-promete-atacar-no-fim-de-semana\\\/#article\",\"isPartOf\":{\"@id\":\"https:\\\/\\\/infocul.pt\\\/arquivo\\\/actualidade\\\/mau-tempo-promete-atacar-no-fim-de-semana\\\/\"},\"author\":{\"name\":\"Redac\u00e7\u00e3o\",\"@id\":\"https:\\\/\\\/infocul.pt\\\/arquivo\\\/#\\\/schema\\\/person\\\/f243f45ae8d67639120a7586884f3abc\"},\"headline\":\"Mau tempo promete atacar no fim-de-semana!\",\"datePublished\":\"2018-11-09T22:45:14+00:00\",\"mainEntityOfPage\":{\"@id\":\"https:\\\/\\\/infocul.pt\\\/arquivo\\\/actualidade\\\/mau-tempo-promete-atacar-no-fim-de-semana\\\/\"},\"wordCount\":525,\"commentCount\":0,\"publisher\":{\"@id\":\"https:\\\/\\\/infocul.pt\\\/arquivo\\\/#organization\"},\"image\":{\"@id\":\"https:\\\/\\\/infocul.pt\\\/arquivo\\\/actualidade\\\/mau-tempo-promete-atacar-no-fim-de-semana\\\/#primaryimage\"},\"thumbnailUrl\":\"https:\\\/\\\/infocul.pt\\\/arquivo\\\/wp-content\\\/uploads\\\/2016\\\/01\\\/mau-tempo.jpg\",\"keywords\":[\"Autoridade Nacional de Prote\u00e7\u00e3o Civil\",\"Instituto Portugu\u00eas do Mar e da Atmosfera\",\"IPMA\",\"Meteorologia\"],\"articleSection\":[\"Actualidade\",\"Destaque\",\"Pa\u00eds\"],\"inLanguage\":\"pt-PT\"},{\"@type\":\"WebPage\",\"@id\":\"https:\\\/\\\/infocul.pt\\\/arquivo\\\/actualidade\\\/mau-tempo-promete-atacar-no-fim-de-semana\\\/\",\"url\":\"https:\\\/\\\/infocul.pt\\\/arquivo\\\/actualidade\\\/mau-tempo-promete-atacar-no-fim-de-semana\\\/\",\"name\":\"Mau tempo promete atacar no fim-de-semana! | Infocul.pt - Arquivo Digital\",\"isPartOf\":{\"@id\":\"https:\\\/\\\/infocul.pt\\\/arquivo\\\/#website\"},\"primaryImageOfPage\":{\"@id\":\"https:\\\/\\\/infocul.pt\\\/arquivo\\\/actualidade\\\/mau-tempo-promete-atacar-no-fim-de-semana\\\/#primaryimage\"},\"image\":{\"@id\":\"https:\\\/\\\/infocul.pt\\\/arquivo\\\/actualidade\\\/mau-tempo-promete-atacar-no-fim-de-semana\\\/#primaryimage\"},\"thumbnailUrl\":\"https:\\\/\\\/infocul.pt\\\/arquivo\\\/wp-content\\\/uploads\\\/2016\\\/01\\\/mau-tempo.jpg\",\"datePublished\":\"2018-11-09T22:45:14+00:00\",\"description\":\"Mau tempo promete atacar no fim-de-semana! | Infocul.pt - Arquivo Digital\",\"breadcrumb\":{\"@id\":\"https:\\\/\\\/infocul.pt\\\/arquivo\\\/actualidade\\\/mau-tempo-promete-atacar-no-fim-de-semana\\\/#breadcrumb\"},\"inLanguage\":\"pt-PT\",\"potentialAction\":[{\"@type\":\"ReadAction\",\"target\":[\"https:\\\/\\\/infocul.pt\\\/arquivo\\\/actualidade\\\/mau-tempo-promete-atacar-no-fim-de-semana\\\/\"]}]},{\"@type\":\"ImageObject\",\"inLanguage\":\"pt-PT\",\"@id\":\"https:\\\/\\\/infocul.pt\\\/arquivo\\\/actualidade\\\/mau-tempo-promete-atacar-no-fim-de-semana\\\/#primaryimage\",\"url\":\"https:\\\/\\\/infocul.pt\\\/arquivo\\\/wp-content\\\/uploads\\\/2016\\\/01\\\/mau-tempo.jpg\",\"contentUrl\":\"https:\\\/\\\/infocul.pt\\\/arquivo\\\/wp-content\\\/uploads\\\/2016\\\/01\\\/mau-tempo.jpg\",\"width\":640,\"height\":427},{\"@type\":\"BreadcrumbList\",\"@id\":\"https:\\\/\\\/infocul.pt\\\/arquivo\\\/actualidade\\\/mau-tempo-promete-atacar-no-fim-de-semana\\\/#breadcrumb\",\"itemListElement\":[{\"@type\":\"ListItem\",\"position\":1,\"name\":\"Home\",\"item\":\"https:\\\/\\\/infocul.pt\\\/arquivo\\\/\"},{\"@type\":\"ListItem\",\"position\":2,\"name\":\"Mau tempo promete atacar no fim-de-semana!\"}]},{\"@type\":\"WebSite\",\"@id\":\"https:\\\/\\\/infocul.pt\\\/arquivo\\\/#website\",\"url\":\"https:\\\/\\\/infocul.pt\\\/arquivo\\\/\",\"name\":\"Infocul.pt - Arquivo Digital\",\"description\":\"Arquivo digital da Infocul.pt\",\"publisher\":{\"@id\":\"https:\\\/\\\/infocul.pt\\\/arquivo\\\/#organization\"},\"potentialAction\":[{\"@type\":\"SearchAction\",\"target\":{\"@type\":\"EntryPoint\",\"urlTemplate\":\"https:\\\/\\\/infocul.pt\\\/arquivo\\\/?s={search_term_string}\"},\"query-input\":{\"@type\":\"PropertyValueSpecification\",\"valueRequired\":true,\"valueName\":\"search_term_string\"}}],\"inLanguage\":\"pt-PT\"},{\"@type\":\"Organization\",\"@id\":\"https:\\\/\\\/infocul.pt\\\/arquivo\\\/#organization\",\"name\":\"Infocul.pt\",\"url\":\"https:\\\/\\\/infocul.pt\\\/arquivo\\\/\",\"logo\":{\"@type\":\"ImageObject\",\"inLanguage\":\"pt-PT\",\"@id\":\"https:\\\/\\\/infocul.pt\\\/arquivo\\\/#\\\/schema\\\/logo\\\/image\\\/\",\"url\":\"https:\\\/\\\/infocul.pt\\\/arquivo\\\/wp-content\\\/uploads\\\/2018\\\/12\\\/Infocul_logo-1.png\",\"contentUrl\":\"https:\\\/\\\/infocul.pt\\\/arquivo\\\/wp-content\\\/uploads\\\/2018\\\/12\\\/Infocul_logo-1.png\",\"width\":800,\"height\":800,\"caption\":\"Infocul.pt\"},\"image\":{\"@id\":\"https:\\\/\\\/infocul.pt\\\/arquivo\\\/#\\\/schema\\\/logo\\\/image\\\/\"},\"sameAs\":[\"https:\\\/\\\/www.facebook.com\\\/Infocul-147816815585015\\\/\",\"https:\\\/\\\/x.com\\\/Infoculpt\",\"http:\\\/\\\/www.pictaram.com\\\/user\\\/infocul.pt\\\/2370423710\",\"https:\\\/\\\/www.youtube.com\\\/channel\\\/UCYEB91AGI9FL9ek2i_IaQAA\"]},{\"@type\":\"Person\",\"@id\":\"https:\\\/\\\/infocul.pt\\\/arquivo\\\/#\\\/schema\\\/person\\\/f243f45ae8d67639120a7586884f3abc\",\"name\":\"Redac\u00e7\u00e3o\",\"image\":{\"@type\":\"ImageObject\",\"inLanguage\":\"pt-PT\",\"@id\":\"https:\\\/\\\/secure.gravatar.com\\\/avatar\\\/151b1b76c598ab5e749407223bd6c1bad4e41c4e95de3c3df83540ebee2deaf8?s=96&d=mm&r=g\",\"url\":\"https:\\\/\\\/secure.gravatar.com\\\/avatar\\\/151b1b76c598ab5e749407223bd6c1bad4e41c4e95de3c3df83540ebee2deaf8?s=96&d=mm&r=g\",\"contentUrl\":\"https:\\\/\\\/secure.gravatar.com\\\/avatar\\\/151b1b76c598ab5e749407223bd6c1bad4e41c4e95de3c3df83540ebee2deaf8?s=96&d=mm&r=g\",\"caption\":\"Redac\u00e7\u00e3o\"}}]}<\/script>\n<!-- \/ Yoast SEO plugin. -->","yoast_head_json":{"title":"Mau tempo promete atacar no fim-de-semana! | Infocul.pt - Arquivo Digital","description":"Mau tempo promete atacar no fim-de-semana! | Infocul.pt - Arquivo Digital","robots":{"index":"noindex","follow":"follow","max-snippet":"max-snippet:-1","max-image-preview":"max-image-preview:large","max-video-preview":"max-video-preview:-1"},"og_locale":"pt_PT","og_type":"article","og_title":"Mau tempo promete atacar no fim-de-semana! | Infocul.pt - Arquivo Digital","og_description":"Mau tempo promete atacar no fim-de-semana! | Infocul.pt - Arquivo Digital","og_url":"https:\/\/infocul.pt\/arquivo\/actualidade\/mau-tempo-promete-atacar-no-fim-de-semana\/","og_site_name":"Infocul.pt - Arquivo Digital","article_publisher":"https:\/\/www.facebook.com\/Infocul-147816815585015\/","article_published_time":"2018-11-09T22:45:14+00:00","og_image":[{"width":640,"height":427,"url":"https:\/\/infocul.pt\/arquivo\/wp-content\/uploads\/2016\/01\/mau-tempo.jpg","type":"image\/jpeg"}],"author":"Redac\u00e7\u00e3o","twitter_card":"summary_large_image","twitter_creator":"@Infoculpt","twitter_site":"@Infoculpt","twitter_misc":{"Escrito por":"Redac\u00e7\u00e3o","Tempo estimado de leitura":"3 minutos"},"schema":{"@context":"https:\/\/schema.org","@graph":[{"@type":"Article","@id":"https:\/\/infocul.pt\/arquivo\/actualidade\/mau-tempo-promete-atacar-no-fim-de-semana\/#article","isPartOf":{"@id":"https:\/\/infocul.pt\/arquivo\/actualidade\/mau-tempo-promete-atacar-no-fim-de-semana\/"},"author":{"name":"Redac\u00e7\u00e3o","@id":"https:\/\/infocul.pt\/arquivo\/#\/schema\/person\/f243f45ae8d67639120a7586884f3abc"},"headline":"Mau tempo promete atacar no fim-de-semana!","datePublished":"2018-11-09T22:45:14+00:00","mainEntityOfPage":{"@id":"https:\/\/infocul.pt\/arquivo\/actualidade\/mau-tempo-promete-atacar-no-fim-de-semana\/"},"wordCount":525,"commentCount":0,"publisher":{"@id":"https:\/\/infocul.pt\/arquivo\/#organization"},"image":{"@id":"https:\/\/infocul.pt\/arquivo\/actualidade\/mau-tempo-promete-atacar-no-fim-de-semana\/#primaryimage"},"thumbnailUrl":"https:\/\/infocul.pt\/arquivo\/wp-content\/uploads\/2016\/01\/mau-tempo.jpg","keywords":["Autoridade Nacional de Prote\u00e7\u00e3o Civil","Instituto Portugu\u00eas do Mar e da Atmosfera","IPMA","Meteorologia"],"articleSection":["Actualidade","Destaque","Pa\u00eds"],"inLanguage":"pt-PT"},{"@type":"WebPage","@id":"https:\/\/infocul.pt\/arquivo\/actualidade\/mau-tempo-promete-atacar-no-fim-de-semana\/","url":"https:\/\/infocul.pt\/arquivo\/actualidade\/mau-tempo-promete-atacar-no-fim-de-semana\/","name":"Mau tempo promete atacar no fim-de-semana! | Infocul.pt - Arquivo Digital","isPartOf":{"@id":"https:\/\/infocul.pt\/arquivo\/#website"},"primaryImageOfPage":{"@id":"https:\/\/infocul.pt\/arquivo\/actualidade\/mau-tempo-promete-atacar-no-fim-de-semana\/#primaryimage"},"image":{"@id":"https:\/\/infocul.pt\/arquivo\/actualidade\/mau-tempo-promete-atacar-no-fim-de-semana\/#primaryimage"},"thumbnailUrl":"https:\/\/infocul.pt\/arquivo\/wp-content\/uploads\/2016\/01\/mau-tempo.jpg","datePublished":"2018-11-09T22:45:14+00:00","description":"Mau tempo promete atacar no fim-de-semana! | Infocul.pt - Arquivo Digital","breadcrumb":{"@id":"https:\/\/infocul.pt\/arquivo\/actualidade\/mau-tempo-promete-atacar-no-fim-de-semana\/#breadcrumb"},"inLanguage":"pt-PT","potentialAction":[{"@type":"ReadAction","target":["https:\/\/infocul.pt\/arquivo\/actualidade\/mau-tempo-promete-atacar-no-fim-de-semana\/"]}]},{"@type":"ImageObject","inLanguage":"pt-PT","@id":"https:\/\/infocul.pt\/arquivo\/actualidade\/mau-tempo-promete-atacar-no-fim-de-semana\/#primaryimage","url":"https:\/\/infocul.pt\/arquivo\/wp-content\/uploads\/2016\/01\/mau-tempo.jpg","contentUrl":"https:\/\/infocul.pt\/arquivo\/wp-content\/uploads\/2016\/01\/mau-tempo.jpg","width":640,"height":427},{"@type":"BreadcrumbList","@id":"https:\/\/infocul.pt\/arquivo\/actualidade\/mau-tempo-promete-atacar-no-fim-de-semana\/#breadcrumb","itemListElement":[{"@type":"ListItem","position":1,"name":"Home","item":"https:\/\/infocul.pt\/arquivo\/"},{"@type":"ListItem","position":2,"name":"Mau tempo promete atacar no fim-de-semana!"}]},{"@type":"WebSite","@id":"https:\/\/infocul.pt\/arquivo\/#website","url":"https:\/\/infocul.pt\/arquivo\/","name":"Infocul.pt - Arquivo Digital","description":"Arquivo digital da Infocul.pt","publisher":{"@id":"https:\/\/infocul.pt\/arquivo\/#organization"},"potentialAction":[{"@type":"SearchAction","target":{"@type":"EntryPoint","urlTemplate":"https:\/\/infocul.pt\/arquivo\/?s={search_term_string}"},"query-input":{"@type":"PropertyValueSpecification","valueRequired":true,"valueName":"search_term_string"}}],"inLanguage":"pt-PT"},{"@type":"Organization","@id":"https:\/\/infocul.pt\/arquivo\/#organization","name":"Infocul.pt","url":"https:\/\/infocul.pt\/arquivo\/","logo":{"@type":"ImageObject","inLanguage":"pt-PT","@id":"https:\/\/infocul.pt\/arquivo\/#\/schema\/logo\/image\/","url":"https:\/\/infocul.pt\/arquivo\/wp-content\/uploads\/2018\/12\/Infocul_logo-1.png","contentUrl":"https:\/\/infocul.pt\/arquivo\/wp-content\/uploads\/2018\/12\/Infocul_logo-1.png","width":800,"height":800,"caption":"Infocul.pt"},"image":{"@id":"https:\/\/infocul.pt\/arquivo\/#\/schema\/logo\/image\/"},"sameAs":["https:\/\/www.facebook.com\/Infocul-147816815585015\/","https:\/\/x.com\/Infoculpt","http:\/\/www.pictaram.com\/user\/infocul.pt\/2370423710","https:\/\/www.youtube.com\/channel\/UCYEB91AGI9FL9ek2i_IaQAA"]},{"@type":"Person","@id":"https:\/\/infocul.pt\/arquivo\/#\/schema\/person\/f243f45ae8d67639120a7586884f3abc","name":"Redac\u00e7\u00e3o","image":{"@type":"ImageObject","inLanguage":"pt-PT","@id":"https:\/\/secure.gravatar.com\/avatar\/151b1b76c598ab5e749407223bd6c1bad4e41c4e95de3c3df83540ebee2deaf8?s=96&d=mm&r=g","url":"https:\/\/secure.gravatar.com\/avatar\/151b1b76c598ab5e749407223bd6c1bad4e41c4e95de3c3df83540ebee2deaf8?s=96&d=mm&r=g","contentUrl":"https:\/\/secure.gravatar.com\/avatar\/151b1b76c598ab5e749407223bd6c1bad4e41c4e95de3c3df83540ebee2deaf8?s=96&d=mm&r=g","caption":"Redac\u00e7\u00e3o"}}]}},"_links":{"self":[{"href":"https:\/\/infocul.pt\/arquivo\/wp-json\/wp\/v2\/posts\/48847","targetHints":{"allow":["GET"]}}],"collection":[{"href":"https:\/\/infocul.pt\/arquivo\/wp-json\/wp\/v2\/posts"}],"about":[{"href":"https:\/\/infocul.pt\/arquivo\/wp-json\/wp\/v2\/types\/post"}],"author":[{"embeddable":true,"href":"https:\/\/infocul.pt\/arquivo\/wp-json\/wp\/v2\/users\/13"}],"replies":[{"embeddable":true,"href":"https:\/\/infocul.pt\/arquivo\/wp-json\/wp\/v2\/comments?post=48847"}],"version-history":[{"count":0,"href":"https:\/\/infocul.pt\/arquivo\/wp-json\/wp\/v2\/posts\/48847\/revisions"}],"wp:featuredmedia":[{"embeddable":true,"href":"https:\/\/infocul.pt\/arquivo\/wp-json\/wp\/v2\/media\/407"}],"wp:attachment":[{"href":"https:\/\/infocul.pt\/arquivo\/wp-json\/wp\/v2\/media?parent=48847"}],"wp:term":[{"taxonomy":"category","embeddable":true,"href":"https:\/\/infocul.pt\/arquivo\/wp-json\/wp\/v2\/categories?post=48847"},{"taxonomy":"post_tag","embeddable":true,"href":"https:\/\/infocul.pt\/arquivo\/wp-json\/wp\/v2\/tags?post=48847"}],"curies":[{"name":"wp","href":"https:\/\/api.w.org\/{rel}","templated":true}]}}