{"id":49056,"date":"2018-11-19T00:00:05","date_gmt":"2018-11-19T00:00:05","guid":{"rendered":"https:\/\/infocul.pt\/?p=49056"},"modified":"2018-11-16T11:15:33","modified_gmt":"2018-11-16T11:15:33","slug":"miranda-do-douro-recebe-visitacao-a-opera-sansao-e-dalila","status":"publish","type":"post","link":"https:\/\/infocul.pt\/arquivo\/cultura\/miranda-do-douro-recebe-visitacao-a-opera-sansao-e-dalila\/","title":{"rendered":"Miranda do Douro recebe Visita\u00e7\u00e3o \u00e0 \u00d3pera Sans\u00e3o e Dalila"},"content":{"rendered":"<p><a href=\"https:\/\/infocul.pt\/arquivo\/wp-content\/uploads\/2018\/11\/Cartaz-Visita\u00e7\u00e3o.jpg\"><img decoding=\"async\" class=\"aligncenter wp-image-49057 size-full lazyload\" data-src=\"https:\/\/infocul.pt\/arquivo\/wp-content\/uploads\/2018\/11\/Cartaz-Visita\u00e7\u00e3o.jpg\" alt=\"\" width=\"1075\" height=\"1424\" data-srcset=\"https:\/\/infocul.pt\/arquivo\/wp-content\/uploads\/2018\/11\/Cartaz-Visita\u00e7\u00e3o.jpg 1075w, https:\/\/infocul.pt\/arquivo\/wp-content\/uploads\/2018\/11\/Cartaz-Visita\u00e7\u00e3o-226x300.jpg 226w, https:\/\/infocul.pt\/arquivo\/wp-content\/uploads\/2018\/11\/Cartaz-Visita\u00e7\u00e3o-768x1017.jpg 768w, https:\/\/infocul.pt\/arquivo\/wp-content\/uploads\/2018\/11\/Cartaz-Visita\u00e7\u00e3o-773x1024.jpg 773w\" data-sizes=\"(max-width: 1075px) 100vw, 1075px\" src=\"data:image\/svg+xml;base64,PHN2ZyB3aWR0aD0iMSIgaGVpZ2h0PSIxIiB4bWxucz0iaHR0cDovL3d3dy53My5vcmcvMjAwMC9zdmciPjwvc3ZnPg==\" style=\"--smush-placeholder-width: 1075px; --smush-placeholder-aspect-ratio: 1075\/1424;\" \/><\/a><\/p>\n<p>&nbsp;<\/p>\n<p>&nbsp;<\/p>\n<p>&nbsp;<\/p>\n<p><span style=\"font-family: Calibri, sans-serif; font-size: small;\">O projecto\u00a0\u201c\u00d3pera na Academia e na Cidade\u201d faz a sua estreia, no pr\u00f3ximo dia 24 de Novembro, pelas 21:30, na Concatedral de Miranda do Douro, com o ciclo de realiza\u00e7\u00f5es da Visita\u00e7\u00e3o \u00e0 \u00d3pera Sans\u00e3o e Dalila de Camille Saint-S\u00e4en.<\/span><!--more--><\/p>\n<p>&nbsp;<\/p>\n<p>&nbsp;<\/p>\n<p><span style=\"font-family: Calibri, sans-serif; font-size: small;\">A \u201c\u00d3pera na Academia e na Cidade\u201d, projecto\u00a0pioneiro em Portugal, nasce com o objectivo\u00a0de fomentar a actividade\u00a0art\u00edstica e cultural junto da Academia e da Comunidade. A produ\u00e7\u00e3o de conte\u00fados de uma Companhia de \u00d3pera com as compet\u00eancias e flexibilidade necess\u00e1rias \u00e0 itiner\u00e2ncia \u00e9 outro dos pressupostos centrais da sua cria\u00e7\u00e3o. Pretende-se que Universidades, Escolas, Munic\u00edpios e Institui\u00e7\u00f5es da Sociedade Civil se associam para celebrar a arte musical e o seu cruzamento com outros saberes.<\/span><\/p>\n<p>&nbsp;<\/p>\n<p>&nbsp;<\/p>\n<p><span style=\"font-family: Calibri, sans-serif;\"><span style=\"font-size: small;\">A Visita\u00e7\u00e3o integra a programa\u00e7\u00e3o cultural da Associa\u00e7\u00e3o de Munic\u00edpios do Douro Superior, a programa\u00e7\u00e3o do Comissariado Cultural da Faculdade de Engenharia da Universidade do Porto e a XI Temporada de M\u00fasica do Instituto Superior T\u00e9cnico.<\/span><\/span><\/p>\n<p>&nbsp;<\/p>\n<p>&nbsp;<\/p>\n<p><span style=\"font-family: Calibri, sans-serif;\"><span style=\"font-size: small;\">Para al\u00e9m da sess\u00e3o de estreia em Miranda do Douro, a Visita\u00e7\u00e3o \u00e0 \u00d3pera Sans\u00e3o e Dalila ter\u00e1 mais duas apresenta\u00e7\u00f5es: uma no Audit\u00f3rio da Faculdade de Engenharia da Universidade do Porto, no pr\u00f3ximo dia 6 de Dezembro. No dia seguinte ser\u00e1 a vez do Sal\u00e3o Nobre do Instituto Superior T\u00e9cnico.<\/span><\/span><\/p>\n<p>&nbsp;<\/p>\n<p>&nbsp;<\/p>\n<p><span style=\"font-family: Calibri, sans-serif; font-size: small;\">O espect\u00e1culo\u00a0conta no elenco com Carlos Guilherme no papel de Sans\u00e3o, Maria Ermolaeva como Dalila e Pedro Telles na pele de Grande Sacerdote de Dagon. A narra\u00e7\u00e3o estar\u00e1 a cargo de Henrique Silveira. A Orquestra da \u00d3pera na Academia e na Cidade ser\u00e1 dirigida pelo Maestro Jos\u00e9 Ferreira Lobo. Entrada livre.<\/span><\/p>\n<p>&nbsp;<\/p>\n<p>&nbsp;<\/p>\n<p><span style=\"font-family: Calibri, sans-serif;\"><span style=\"font-size: small;\">Para o maestro Jos\u00e9 Ferreira Lobo, um dos principais impulsionadores do projeto \u201c\u00d3pera na Academia e na Cidade\u201d, este ciclo \u201c<em><strong>marca a liga\u00e7\u00e3o entre a Academia e a Cidade, atrav\u00e9s de um roteiro, onde se deseja encurtar n\u00e3o s\u00f3 a dist\u00e2ncia entre o conhecimento e a arte, como a Universidade e Cidad\u00e3os<\/strong><\/em>\u201d.<\/span><\/span><\/p>\n<p>&nbsp;<\/p>\n<p>&nbsp;<\/p>\n<p><span style=\"font-family: Calibri, sans-serif;\"><span style=\"font-size: small;\">Sans\u00e3o e Dalila \u00e9 a hist\u00f3ria b\u00edblica do Livro dos Ju\u00edzes que relata parte dos conflitos entre Filisteus, que hoje se sup\u00f5e serem gregos, e os Hebreus. Toda a \u00f3pera est\u00e1 centrada em torno do dueto de amor entre os dois personagens centrais.<\/span><\/span><\/p>\n<p>&nbsp;<\/p>\n<p>&nbsp;<\/p>\n<p><span style=\"font-family: Calibri, sans-serif;\"><span style=\"font-size: small;\">A \u00d3pera na Academia e na Cidade \u00e9 uma Associa\u00e7\u00e3o Cultural que congrega a Universidade do Porto, que preside, o Instituto Superior T\u00e9cnico, Instituto Polit\u00e9cnico de Leiria, escolas de refer\u00eancia, Munic\u00edpios e Institui\u00e7\u00f5es da Sociedade Civil. Entrada livre.<\/span><\/span><\/p>\n<p>&nbsp;<\/p>\n<p>&nbsp;<\/p>\n<p>&nbsp;<\/p>\n<p><strong><span style=\"font-family: Calibri, sans-serif;\"><span style=\"font-size: small;\">Pr\u00f3ximas sess\u00f5es:<\/span><\/span><\/strong><\/p>\n<p><span style=\"font-family: Calibri, sans-serif;\"><span style=\"font-size: small;\">Audit\u00f3rio da Faculdade de Engenharia da Universidade do Porto<\/span><\/span><\/p>\n<p><span style=\"font-family: Calibri, sans-serif;\"><span style=\"font-size: small;\">6 de Dezembro: 21:30<\/span><\/span><\/p>\n<p><span style=\"font-family: Calibri, sans-serif;\"><span style=\"font-size: small;\">Sal\u00e3o Nobre do Instituto Superior T\u00e9cnico<\/span><\/span><\/p>\n<p><span style=\"font-family: Calibri, sans-serif;\"><span style=\"font-size: small;\">7 de Dezembro: 21:30<\/span><\/span><\/p>\n","protected":false},"excerpt":{"rendered":"<p>&nbsp; &nbsp; &nbsp; O projecto\u00a0\u201c\u00d3pera na Academia e na Cidade\u201d faz a sua estreia, no pr\u00f3ximo dia 24 de Novembro, pelas 21:30, na Concatedral de Miranda do Douro, com o ciclo de realiza\u00e7\u00f5es da Visita\u00e7\u00e3o \u00e0 \u00d3pera Sans\u00e3o e Dalila de Camille Saint-S\u00e4en.<\/p>\n","protected":false},"author":13,"featured_media":49057,"comment_status":"open","ping_status":"closed","sticky":false,"template":"","format":"standard","meta":{"footnotes":""},"categories":[2,9],"tags":[5484,540],"class_list":["post-49056","post","type-post","status-publish","format-standard","has-post-thumbnail","hentry","category-cultura","category-outros","tag-miranda-do-douro","tag-opera"],"yoast_head":"<!-- This site is optimized with the Yoast SEO plugin v27.4 - https:\/\/yoast.com\/product\/yoast-seo-wordpress\/ -->\n<title>Miranda do Douro recebe Visita\u00e7\u00e3o \u00e0 \u00d3pera Sans\u00e3o e Dalila | Infocul.pt - Arquivo Digital<\/title>\n<meta name=\"description\" content=\"Miranda do Douro recebe Visita\u00e7\u00e3o \u00e0 \u00d3pera Sans\u00e3o e Dalila | Infocul.pt - Arquivo Digital\" \/>\n<meta name=\"robots\" content=\"noindex, follow, max-snippet:-1, max-image-preview:large, max-video-preview:-1\" \/>\n<meta property=\"og:locale\" content=\"pt_PT\" \/>\n<meta property=\"og:type\" content=\"article\" \/>\n<meta property=\"og:title\" content=\"Miranda do Douro recebe Visita\u00e7\u00e3o \u00e0 \u00d3pera Sans\u00e3o e Dalila | Infocul.pt - Arquivo Digital\" \/>\n<meta property=\"og:description\" content=\"Miranda do Douro recebe Visita\u00e7\u00e3o \u00e0 \u00d3pera Sans\u00e3o e Dalila | Infocul.pt - Arquivo Digital\" \/>\n<meta property=\"og:url\" content=\"https:\/\/infocul.pt\/arquivo\/cultura\/miranda-do-douro-recebe-visitacao-a-opera-sansao-e-dalila\/\" \/>\n<meta property=\"og:site_name\" content=\"Infocul.pt - Arquivo Digital\" \/>\n<meta property=\"article:publisher\" content=\"https:\/\/www.facebook.com\/Infocul-147816815585015\/\" \/>\n<meta property=\"article:published_time\" content=\"2018-11-19T00:00:05+00:00\" \/>\n<meta property=\"og:image\" content=\"https:\/\/infocul.pt\/arquivo\/wp-content\/uploads\/2018\/11\/Cartaz-Visita\u00e7\u00e3o.jpg\" \/>\n\t<meta property=\"og:image:width\" content=\"1075\" \/>\n\t<meta property=\"og:image:height\" content=\"1424\" \/>\n\t<meta property=\"og:image:type\" content=\"image\/jpeg\" \/>\n<meta name=\"author\" content=\"Redac\u00e7\u00e3o\" \/>\n<meta name=\"twitter:card\" content=\"summary_large_image\" \/>\n<meta name=\"twitter:creator\" content=\"@Infoculpt\" \/>\n<meta name=\"twitter:site\" content=\"@Infoculpt\" \/>\n<meta name=\"twitter:label1\" content=\"Escrito por\" \/>\n\t<meta name=\"twitter:data1\" content=\"Redac\u00e7\u00e3o\" \/>\n\t<meta name=\"twitter:label2\" content=\"Tempo estimado de leitura\" \/>\n\t<meta name=\"twitter:data2\" content=\"2 minutos\" \/>\n<script type=\"application\/ld+json\" class=\"yoast-schema-graph\">{\"@context\":\"https:\\\/\\\/schema.org\",\"@graph\":[{\"@type\":\"Article\",\"@id\":\"https:\\\/\\\/infocul.pt\\\/arquivo\\\/cultura\\\/miranda-do-douro-recebe-visitacao-a-opera-sansao-e-dalila\\\/#article\",\"isPartOf\":{\"@id\":\"https:\\\/\\\/infocul.pt\\\/arquivo\\\/cultura\\\/miranda-do-douro-recebe-visitacao-a-opera-sansao-e-dalila\\\/\"},\"author\":{\"name\":\"Redac\u00e7\u00e3o\",\"@id\":\"https:\\\/\\\/infocul.pt\\\/arquivo\\\/#\\\/schema\\\/person\\\/f243f45ae8d67639120a7586884f3abc\"},\"headline\":\"Miranda do Douro recebe Visita\u00e7\u00e3o \u00e0 \u00d3pera Sans\u00e3o e Dalila\",\"datePublished\":\"2018-11-19T00:00:05+00:00\",\"mainEntityOfPage\":{\"@id\":\"https:\\\/\\\/infocul.pt\\\/arquivo\\\/cultura\\\/miranda-do-douro-recebe-visitacao-a-opera-sansao-e-dalila\\\/\"},\"wordCount\":487,\"commentCount\":0,\"publisher\":{\"@id\":\"https:\\\/\\\/infocul.pt\\\/arquivo\\\/#organization\"},\"image\":{\"@id\":\"https:\\\/\\\/infocul.pt\\\/arquivo\\\/cultura\\\/miranda-do-douro-recebe-visitacao-a-opera-sansao-e-dalila\\\/#primaryimage\"},\"thumbnailUrl\":\"https:\\\/\\\/infocul.pt\\\/arquivo\\\/wp-content\\\/uploads\\\/2018\\\/11\\\/Cartaz-Visita\u00e7\u00e3o.jpg\",\"keywords\":[\"Miranda do Douro\",\"\u00d3pera\"],\"articleSection\":[\"Cultura\",\"Outros\"],\"inLanguage\":\"pt-PT\"},{\"@type\":\"WebPage\",\"@id\":\"https:\\\/\\\/infocul.pt\\\/arquivo\\\/cultura\\\/miranda-do-douro-recebe-visitacao-a-opera-sansao-e-dalila\\\/\",\"url\":\"https:\\\/\\\/infocul.pt\\\/arquivo\\\/cultura\\\/miranda-do-douro-recebe-visitacao-a-opera-sansao-e-dalila\\\/\",\"name\":\"Miranda do Douro recebe Visita\u00e7\u00e3o \u00e0 \u00d3pera Sans\u00e3o e Dalila | Infocul.pt - Arquivo Digital\",\"isPartOf\":{\"@id\":\"https:\\\/\\\/infocul.pt\\\/arquivo\\\/#website\"},\"primaryImageOfPage\":{\"@id\":\"https:\\\/\\\/infocul.pt\\\/arquivo\\\/cultura\\\/miranda-do-douro-recebe-visitacao-a-opera-sansao-e-dalila\\\/#primaryimage\"},\"image\":{\"@id\":\"https:\\\/\\\/infocul.pt\\\/arquivo\\\/cultura\\\/miranda-do-douro-recebe-visitacao-a-opera-sansao-e-dalila\\\/#primaryimage\"},\"thumbnailUrl\":\"https:\\\/\\\/infocul.pt\\\/arquivo\\\/wp-content\\\/uploads\\\/2018\\\/11\\\/Cartaz-Visita\u00e7\u00e3o.jpg\",\"datePublished\":\"2018-11-19T00:00:05+00:00\",\"description\":\"Miranda do Douro recebe Visita\u00e7\u00e3o \u00e0 \u00d3pera Sans\u00e3o e Dalila | Infocul.pt - Arquivo Digital\",\"breadcrumb\":{\"@id\":\"https:\\\/\\\/infocul.pt\\\/arquivo\\\/cultura\\\/miranda-do-douro-recebe-visitacao-a-opera-sansao-e-dalila\\\/#breadcrumb\"},\"inLanguage\":\"pt-PT\",\"potentialAction\":[{\"@type\":\"ReadAction\",\"target\":[\"https:\\\/\\\/infocul.pt\\\/arquivo\\\/cultura\\\/miranda-do-douro-recebe-visitacao-a-opera-sansao-e-dalila\\\/\"]}]},{\"@type\":\"ImageObject\",\"inLanguage\":\"pt-PT\",\"@id\":\"https:\\\/\\\/infocul.pt\\\/arquivo\\\/cultura\\\/miranda-do-douro-recebe-visitacao-a-opera-sansao-e-dalila\\\/#primaryimage\",\"url\":\"https:\\\/\\\/infocul.pt\\\/arquivo\\\/wp-content\\\/uploads\\\/2018\\\/11\\\/Cartaz-Visita\u00e7\u00e3o.jpg\",\"contentUrl\":\"https:\\\/\\\/infocul.pt\\\/arquivo\\\/wp-content\\\/uploads\\\/2018\\\/11\\\/Cartaz-Visita\u00e7\u00e3o.jpg\",\"width\":1075,\"height\":1424},{\"@type\":\"BreadcrumbList\",\"@id\":\"https:\\\/\\\/infocul.pt\\\/arquivo\\\/cultura\\\/miranda-do-douro-recebe-visitacao-a-opera-sansao-e-dalila\\\/#breadcrumb\",\"itemListElement\":[{\"@type\":\"ListItem\",\"position\":1,\"name\":\"Home\",\"item\":\"https:\\\/\\\/infocul.pt\\\/arquivo\\\/\"},{\"@type\":\"ListItem\",\"position\":2,\"name\":\"Miranda do Douro recebe Visita\u00e7\u00e3o \u00e0 \u00d3pera Sans\u00e3o e Dalila\"}]},{\"@type\":\"WebSite\",\"@id\":\"https:\\\/\\\/infocul.pt\\\/arquivo\\\/#website\",\"url\":\"https:\\\/\\\/infocul.pt\\\/arquivo\\\/\",\"name\":\"Infocul.pt - Arquivo Digital\",\"description\":\"Arquivo digital da Infocul.pt\",\"publisher\":{\"@id\":\"https:\\\/\\\/infocul.pt\\\/arquivo\\\/#organization\"},\"potentialAction\":[{\"@type\":\"SearchAction\",\"target\":{\"@type\":\"EntryPoint\",\"urlTemplate\":\"https:\\\/\\\/infocul.pt\\\/arquivo\\\/?s={search_term_string}\"},\"query-input\":{\"@type\":\"PropertyValueSpecification\",\"valueRequired\":true,\"valueName\":\"search_term_string\"}}],\"inLanguage\":\"pt-PT\"},{\"@type\":\"Organization\",\"@id\":\"https:\\\/\\\/infocul.pt\\\/arquivo\\\/#organization\",\"name\":\"Infocul.pt\",\"url\":\"https:\\\/\\\/infocul.pt\\\/arquivo\\\/\",\"logo\":{\"@type\":\"ImageObject\",\"inLanguage\":\"pt-PT\",\"@id\":\"https:\\\/\\\/infocul.pt\\\/arquivo\\\/#\\\/schema\\\/logo\\\/image\\\/\",\"url\":\"https:\\\/\\\/infocul.pt\\\/arquivo\\\/wp-content\\\/uploads\\\/2018\\\/12\\\/Infocul_logo-1.png\",\"contentUrl\":\"https:\\\/\\\/infocul.pt\\\/arquivo\\\/wp-content\\\/uploads\\\/2018\\\/12\\\/Infocul_logo-1.png\",\"width\":800,\"height\":800,\"caption\":\"Infocul.pt\"},\"image\":{\"@id\":\"https:\\\/\\\/infocul.pt\\\/arquivo\\\/#\\\/schema\\\/logo\\\/image\\\/\"},\"sameAs\":[\"https:\\\/\\\/www.facebook.com\\\/Infocul-147816815585015\\\/\",\"https:\\\/\\\/x.com\\\/Infoculpt\",\"http:\\\/\\\/www.pictaram.com\\\/user\\\/infocul.pt\\\/2370423710\",\"https:\\\/\\\/www.youtube.com\\\/channel\\\/UCYEB91AGI9FL9ek2i_IaQAA\"]},{\"@type\":\"Person\",\"@id\":\"https:\\\/\\\/infocul.pt\\\/arquivo\\\/#\\\/schema\\\/person\\\/f243f45ae8d67639120a7586884f3abc\",\"name\":\"Redac\u00e7\u00e3o\",\"image\":{\"@type\":\"ImageObject\",\"inLanguage\":\"pt-PT\",\"@id\":\"https:\\\/\\\/secure.gravatar.com\\\/avatar\\\/151b1b76c598ab5e749407223bd6c1bad4e41c4e95de3c3df83540ebee2deaf8?s=96&d=mm&r=g\",\"url\":\"https:\\\/\\\/secure.gravatar.com\\\/avatar\\\/151b1b76c598ab5e749407223bd6c1bad4e41c4e95de3c3df83540ebee2deaf8?s=96&d=mm&r=g\",\"contentUrl\":\"https:\\\/\\\/secure.gravatar.com\\\/avatar\\\/151b1b76c598ab5e749407223bd6c1bad4e41c4e95de3c3df83540ebee2deaf8?s=96&d=mm&r=g\",\"caption\":\"Redac\u00e7\u00e3o\"}}]}<\/script>\n<!-- \/ Yoast SEO plugin. -->","yoast_head_json":{"title":"Miranda do Douro recebe Visita\u00e7\u00e3o \u00e0 \u00d3pera Sans\u00e3o e Dalila | Infocul.pt - Arquivo Digital","description":"Miranda do Douro recebe Visita\u00e7\u00e3o \u00e0 \u00d3pera Sans\u00e3o e Dalila | Infocul.pt - Arquivo Digital","robots":{"index":"noindex","follow":"follow","max-snippet":"max-snippet:-1","max-image-preview":"max-image-preview:large","max-video-preview":"max-video-preview:-1"},"og_locale":"pt_PT","og_type":"article","og_title":"Miranda do Douro recebe Visita\u00e7\u00e3o \u00e0 \u00d3pera Sans\u00e3o e Dalila | Infocul.pt - Arquivo Digital","og_description":"Miranda do Douro recebe Visita\u00e7\u00e3o \u00e0 \u00d3pera Sans\u00e3o e Dalila | Infocul.pt - Arquivo Digital","og_url":"https:\/\/infocul.pt\/arquivo\/cultura\/miranda-do-douro-recebe-visitacao-a-opera-sansao-e-dalila\/","og_site_name":"Infocul.pt - Arquivo Digital","article_publisher":"https:\/\/www.facebook.com\/Infocul-147816815585015\/","article_published_time":"2018-11-19T00:00:05+00:00","og_image":[{"width":1075,"height":1424,"url":"https:\/\/infocul.pt\/arquivo\/wp-content\/uploads\/2018\/11\/Cartaz-Visita\u00e7\u00e3o.jpg","type":"image\/jpeg"}],"author":"Redac\u00e7\u00e3o","twitter_card":"summary_large_image","twitter_creator":"@Infoculpt","twitter_site":"@Infoculpt","twitter_misc":{"Escrito por":"Redac\u00e7\u00e3o","Tempo estimado de leitura":"2 minutos"},"schema":{"@context":"https:\/\/schema.org","@graph":[{"@type":"Article","@id":"https:\/\/infocul.pt\/arquivo\/cultura\/miranda-do-douro-recebe-visitacao-a-opera-sansao-e-dalila\/#article","isPartOf":{"@id":"https:\/\/infocul.pt\/arquivo\/cultura\/miranda-do-douro-recebe-visitacao-a-opera-sansao-e-dalila\/"},"author":{"name":"Redac\u00e7\u00e3o","@id":"https:\/\/infocul.pt\/arquivo\/#\/schema\/person\/f243f45ae8d67639120a7586884f3abc"},"headline":"Miranda do Douro recebe Visita\u00e7\u00e3o \u00e0 \u00d3pera Sans\u00e3o e Dalila","datePublished":"2018-11-19T00:00:05+00:00","mainEntityOfPage":{"@id":"https:\/\/infocul.pt\/arquivo\/cultura\/miranda-do-douro-recebe-visitacao-a-opera-sansao-e-dalila\/"},"wordCount":487,"commentCount":0,"publisher":{"@id":"https:\/\/infocul.pt\/arquivo\/#organization"},"image":{"@id":"https:\/\/infocul.pt\/arquivo\/cultura\/miranda-do-douro-recebe-visitacao-a-opera-sansao-e-dalila\/#primaryimage"},"thumbnailUrl":"https:\/\/infocul.pt\/arquivo\/wp-content\/uploads\/2018\/11\/Cartaz-Visita\u00e7\u00e3o.jpg","keywords":["Miranda do Douro","\u00d3pera"],"articleSection":["Cultura","Outros"],"inLanguage":"pt-PT"},{"@type":"WebPage","@id":"https:\/\/infocul.pt\/arquivo\/cultura\/miranda-do-douro-recebe-visitacao-a-opera-sansao-e-dalila\/","url":"https:\/\/infocul.pt\/arquivo\/cultura\/miranda-do-douro-recebe-visitacao-a-opera-sansao-e-dalila\/","name":"Miranda do Douro recebe Visita\u00e7\u00e3o \u00e0 \u00d3pera Sans\u00e3o e Dalila | Infocul.pt - Arquivo Digital","isPartOf":{"@id":"https:\/\/infocul.pt\/arquivo\/#website"},"primaryImageOfPage":{"@id":"https:\/\/infocul.pt\/arquivo\/cultura\/miranda-do-douro-recebe-visitacao-a-opera-sansao-e-dalila\/#primaryimage"},"image":{"@id":"https:\/\/infocul.pt\/arquivo\/cultura\/miranda-do-douro-recebe-visitacao-a-opera-sansao-e-dalila\/#primaryimage"},"thumbnailUrl":"https:\/\/infocul.pt\/arquivo\/wp-content\/uploads\/2018\/11\/Cartaz-Visita\u00e7\u00e3o.jpg","datePublished":"2018-11-19T00:00:05+00:00","description":"Miranda do Douro recebe Visita\u00e7\u00e3o \u00e0 \u00d3pera Sans\u00e3o e Dalila | Infocul.pt - Arquivo Digital","breadcrumb":{"@id":"https:\/\/infocul.pt\/arquivo\/cultura\/miranda-do-douro-recebe-visitacao-a-opera-sansao-e-dalila\/#breadcrumb"},"inLanguage":"pt-PT","potentialAction":[{"@type":"ReadAction","target":["https:\/\/infocul.pt\/arquivo\/cultura\/miranda-do-douro-recebe-visitacao-a-opera-sansao-e-dalila\/"]}]},{"@type":"ImageObject","inLanguage":"pt-PT","@id":"https:\/\/infocul.pt\/arquivo\/cultura\/miranda-do-douro-recebe-visitacao-a-opera-sansao-e-dalila\/#primaryimage","url":"https:\/\/infocul.pt\/arquivo\/wp-content\/uploads\/2018\/11\/Cartaz-Visita\u00e7\u00e3o.jpg","contentUrl":"https:\/\/infocul.pt\/arquivo\/wp-content\/uploads\/2018\/11\/Cartaz-Visita\u00e7\u00e3o.jpg","width":1075,"height":1424},{"@type":"BreadcrumbList","@id":"https:\/\/infocul.pt\/arquivo\/cultura\/miranda-do-douro-recebe-visitacao-a-opera-sansao-e-dalila\/#breadcrumb","itemListElement":[{"@type":"ListItem","position":1,"name":"Home","item":"https:\/\/infocul.pt\/arquivo\/"},{"@type":"ListItem","position":2,"name":"Miranda do Douro recebe Visita\u00e7\u00e3o \u00e0 \u00d3pera Sans\u00e3o e Dalila"}]},{"@type":"WebSite","@id":"https:\/\/infocul.pt\/arquivo\/#website","url":"https:\/\/infocul.pt\/arquivo\/","name":"Infocul.pt - Arquivo Digital","description":"Arquivo digital da Infocul.pt","publisher":{"@id":"https:\/\/infocul.pt\/arquivo\/#organization"},"potentialAction":[{"@type":"SearchAction","target":{"@type":"EntryPoint","urlTemplate":"https:\/\/infocul.pt\/arquivo\/?s={search_term_string}"},"query-input":{"@type":"PropertyValueSpecification","valueRequired":true,"valueName":"search_term_string"}}],"inLanguage":"pt-PT"},{"@type":"Organization","@id":"https:\/\/infocul.pt\/arquivo\/#organization","name":"Infocul.pt","url":"https:\/\/infocul.pt\/arquivo\/","logo":{"@type":"ImageObject","inLanguage":"pt-PT","@id":"https:\/\/infocul.pt\/arquivo\/#\/schema\/logo\/image\/","url":"https:\/\/infocul.pt\/arquivo\/wp-content\/uploads\/2018\/12\/Infocul_logo-1.png","contentUrl":"https:\/\/infocul.pt\/arquivo\/wp-content\/uploads\/2018\/12\/Infocul_logo-1.png","width":800,"height":800,"caption":"Infocul.pt"},"image":{"@id":"https:\/\/infocul.pt\/arquivo\/#\/schema\/logo\/image\/"},"sameAs":["https:\/\/www.facebook.com\/Infocul-147816815585015\/","https:\/\/x.com\/Infoculpt","http:\/\/www.pictaram.com\/user\/infocul.pt\/2370423710","https:\/\/www.youtube.com\/channel\/UCYEB91AGI9FL9ek2i_IaQAA"]},{"@type":"Person","@id":"https:\/\/infocul.pt\/arquivo\/#\/schema\/person\/f243f45ae8d67639120a7586884f3abc","name":"Redac\u00e7\u00e3o","image":{"@type":"ImageObject","inLanguage":"pt-PT","@id":"https:\/\/secure.gravatar.com\/avatar\/151b1b76c598ab5e749407223bd6c1bad4e41c4e95de3c3df83540ebee2deaf8?s=96&d=mm&r=g","url":"https:\/\/secure.gravatar.com\/avatar\/151b1b76c598ab5e749407223bd6c1bad4e41c4e95de3c3df83540ebee2deaf8?s=96&d=mm&r=g","contentUrl":"https:\/\/secure.gravatar.com\/avatar\/151b1b76c598ab5e749407223bd6c1bad4e41c4e95de3c3df83540ebee2deaf8?s=96&d=mm&r=g","caption":"Redac\u00e7\u00e3o"}}]}},"_links":{"self":[{"href":"https:\/\/infocul.pt\/arquivo\/wp-json\/wp\/v2\/posts\/49056","targetHints":{"allow":["GET"]}}],"collection":[{"href":"https:\/\/infocul.pt\/arquivo\/wp-json\/wp\/v2\/posts"}],"about":[{"href":"https:\/\/infocul.pt\/arquivo\/wp-json\/wp\/v2\/types\/post"}],"author":[{"embeddable":true,"href":"https:\/\/infocul.pt\/arquivo\/wp-json\/wp\/v2\/users\/13"}],"replies":[{"embeddable":true,"href":"https:\/\/infocul.pt\/arquivo\/wp-json\/wp\/v2\/comments?post=49056"}],"version-history":[{"count":0,"href":"https:\/\/infocul.pt\/arquivo\/wp-json\/wp\/v2\/posts\/49056\/revisions"}],"wp:featuredmedia":[{"embeddable":true,"href":"https:\/\/infocul.pt\/arquivo\/wp-json\/wp\/v2\/media\/49057"}],"wp:attachment":[{"href":"https:\/\/infocul.pt\/arquivo\/wp-json\/wp\/v2\/media?parent=49056"}],"wp:term":[{"taxonomy":"category","embeddable":true,"href":"https:\/\/infocul.pt\/arquivo\/wp-json\/wp\/v2\/categories?post=49056"},{"taxonomy":"post_tag","embeddable":true,"href":"https:\/\/infocul.pt\/arquivo\/wp-json\/wp\/v2\/tags?post=49056"}],"curies":[{"name":"wp","href":"https:\/\/api.w.org\/{rel}","templated":true}]}}