{"id":49191,"date":"2018-11-20T21:59:42","date_gmt":"2018-11-20T21:59:42","guid":{"rendered":"https:\/\/infocul.pt\/?p=49191"},"modified":"2018-11-20T22:26:13","modified_gmt":"2018-11-20T22:26:13","slug":"helder-milheiro-mostraram-cabalmente-a-importancia-cultural-social-e-economica-da-tauromaquia-nos-seus-territorios","status":"publish","type":"post","link":"https:\/\/infocul.pt\/arquivo\/cultura\/helder-milheiro-mostraram-cabalmente-a-importancia-cultural-social-e-economica-da-tauromaquia-nos-seus-territorios\/","title":{"rendered":"Helder Milheiro: &#8220;Mostraram cabalmente a import\u00e2ncia cultural, social e econ\u00f3mica da tauromaquia nos seus territ\u00f3rios&#8221;"},"content":{"rendered":"<p><img decoding=\"async\" class=\"aligncenter wp-image-49192 size-full lazyload\" data-src=\"https:\/\/infocul.pt\/arquivo\/wp-content\/uploads\/2018\/11\/milheiro.jpg\" alt=\"\" width=\"1141\" height=\"696\" data-srcset=\"https:\/\/infocul.pt\/arquivo\/wp-content\/uploads\/2018\/11\/milheiro.jpg 1141w, https:\/\/infocul.pt\/arquivo\/wp-content\/uploads\/2018\/11\/milheiro-300x183.jpg 300w, https:\/\/infocul.pt\/arquivo\/wp-content\/uploads\/2018\/11\/milheiro-768x468.jpg 768w, https:\/\/infocul.pt\/arquivo\/wp-content\/uploads\/2018\/11\/milheiro-1024x625.jpg 1024w\" data-sizes=\"(max-width: 1141px) 100vw, 1141px\" src=\"data:image\/svg+xml;base64,PHN2ZyB3aWR0aD0iMSIgaGVpZ2h0PSIxIiB4bWxucz0iaHR0cDovL3d3dy53My5vcmcvMjAwMC9zdmciPjwvc3ZnPg==\" style=\"--smush-placeholder-width: 1141px; --smush-placeholder-aspect-ratio: 1141\/696;\" \/><\/p>\n<p>&nbsp;<\/p>\n<p>&nbsp;<\/p>\n<p>&nbsp;<\/p>\n<p><span style=\"font-family: Calibri, sans-serif;\"><span style=\"font-size: small;\">A tauromaquia tem dominado parte da actualidade noticiosa do pa\u00eds. Ora pela quest\u00e3o do IVA, quer pelas declara\u00e7\u00f5es da Ministra a Cultura e at\u00e9 por programas dedicados \u00e0 tem\u00e1tica. Ontem, o Audit\u00f3rio da Funda\u00e7\u00e3o Champalimaud acolheu o programa \u201cPr\u00f3s e Contras\u201d, apresentado por F\u00e1tima Campos Ferreira e em que se debateu o tema \u201cTouradas: Cultura ou Tortura\u201d, com defensores dos animais e com agentes taurom\u00e1quicos.<\/span><\/span><!--more--><\/p>\n<p>&nbsp;<\/p>\n<p>&nbsp;<\/p>\n<p>&nbsp;<\/p>\n<p><span style=\"font-family: Calibri, sans-serif;\"><span style=\"font-size: small;\">O Infocul, no seguimento do debate, efectuou algumas quest\u00f5es a duas entidades: A Pr\u00f3toiro (pelo seu porta-voz Helder Milheiro) e \u00e0 Plataforma Basta. <\/span><\/span><\/p>\n<p>&nbsp;<\/p>\n<p>&nbsp;<\/p>\n<p><span style=\"font-family: Calibri, sans-serif;\"><span style=\"font-size: small;\">Helder Milheiro, da Protoiro, em entrevista a Rui Lavrador abordou o debate, a import\u00e2ncia destes debates, as iniciativas previstas da Protoiro e ainda o modo como este entidade actua na defesa da tauromaquia. Uma entrevista que apresentamos, na \u00edntegra, de seguida.<\/span><\/span><\/p>\n<p>&nbsp;<\/p>\n<p>&nbsp;<\/p>\n<p>&nbsp;<\/p>\n<p>&nbsp;<\/p>\n<p><em><span style=\"font-family: Calibri, sans-serif;\"><span style=\"font-size: small;\">Houve algum vencedor? Porqu\u00ea?<\/span><\/span><\/em><\/p>\n<p><em><strong><span style=\"font-family: Calibri, sans-serif; font-size: small;\">Pelas reac\u00e7\u00f5es\u00a0de todos os envolvidos pareceu claro que os defensores da liberdade e da cultura taurom\u00e1quica venceram claramente o debate. As participa\u00e7\u00f5es dos diversos intervenientes forma ponderadas, fundamentadas e assertivas, todas elas orientadas para a defesa da liberdade de todos e em particular dos aficionados e da cultura taurom\u00e1quica.\u00a0Destacaria as an\u00e1lises do soci\u00f3logo Prof. Luis Capucha, do Dr. Joaquim Grave pela enorme aporta\u00e7\u00e3o de conhecimento e an\u00e1lise cultural, veterin\u00e1ria e \u00e9tica, tal como os Srs presidentes das C\u00e2maras municipais de Coruche, Vila Franca, Alcochete e Santar\u00e9m, que mostraram cabalmente a import\u00e2ncia cultural, social e econ\u00f3mica da tauromaquia nos seus territ\u00f3rios. Destacaria por fim o apelo de toler\u00e2ncia formulado por todos os intervenientes taurom\u00e1quicos. <\/span><\/strong><\/em><\/p>\n<p>&nbsp;<\/p>\n<p>&nbsp;<\/p>\n<p>&nbsp;<\/p>\n<p><em><span style=\"font-family: Calibri, sans-serif;\"><span style=\"font-size: small;\">Em termos gerais quais os resultados pr\u00e1ticos daquele debate?<\/span><\/span><\/em><\/p>\n<p><em><strong><span style=\"font-family: Calibri, sans-serif; font-size: small;\">Acima de tudo s\u00e3o oportunidades de expressar e contrapor argumentos levando-os a muito milhares de portugueses. S\u00e3o momentos importantes para difundir o argument\u00e1rio taurino e desmontar o argument\u00e1rio anti-taurino, que ontem mostrou muito pouca solidez e coer\u00eancia. <\/span><\/strong><\/em><\/p>\n<p>&nbsp;<\/p>\n<p>&nbsp;<\/p>\n<p><em><span style=\"font-family: Calibri, sans-serif;\"><span style=\"font-size: small;\">Qual o feedback que j\u00e1 recebeu?<\/span><\/span><\/em><\/p>\n<p><em><strong><span style=\"font-family: Calibri, sans-serif;\"><span style=\"font-size: small;\">Muito positivo e vindo de v\u00e1rios quadrantes, quer dos aficionados, quer sociais e pol\u00edticos. <\/span><\/span><\/strong><\/em><\/p>\n<p>&nbsp;<\/p>\n<p>&nbsp;<\/p>\n<p><em><span style=\"font-family: Calibri, sans-serif;\"><span style=\"font-size: small;\">Veio tamb\u00e9m a terreiro o \u2018boato\u2019 que a Protoiro poderia ter a ver com a reportagem emitida num outro canal televisivo sobre a liga\u00e7\u00e3o do PAN ao IRA. H\u00e1 fundo de verdade ou n\u00e3o?<\/span><\/span><\/em><\/p>\n<p><em><strong><span style=\"font-family: Calibri, sans-serif;\"><span style=\"font-size: small;\">Absolutamente nenhum. Esse \u00e9 um boato formulado por quem quer desviar a aten\u00e7\u00e3o dos graves crimes de que est\u00e3o a ser investigados. Vivemos num estado de direito e o que esperamos \u00e9 que as autoridades e a justi\u00e7a fa\u00e7am o seu trabalho. <\/span><\/span><\/strong><\/em><\/p>\n<p>&nbsp;<\/p>\n<p>&nbsp;<\/p>\n<p>&nbsp;<\/p>\n<p><em><span style=\"font-family: Calibri, sans-serif;\"><span style=\"font-size: small;\">Quais as pr\u00f3ximas medidas e iniciativas da Protoiro na defesa da tauromaquia?<\/span><\/span><\/em><\/p>\n<p><em><strong><span style=\"font-family: Calibri, sans-serif;\"><span style=\"font-size: small;\">O trabalho de lobby da tauromaquia \u00e9 um trabalho continuo com os mais diversos interlocutores sociais e pol\u00edticos. Neste momento estamos a acompanhar todo o processo do Or\u00e7amento de Estado e os temas da tauromaquia, que est\u00e3o muito bem encaminhados.\u00a0<\/span><\/span><\/strong><\/em><em><strong><span style=\"font-family: Calibri, sans-serif;\"><span style=\"font-size: small;\">Estamos tamb\u00e9m a planear as actividades do pr\u00f3ximo ano e em breve existir\u00e3o novidades.\u00a0<\/span><\/span><\/strong><\/em><em><strong><span style=\"font-family: Calibri, sans-serif;\"><span style=\"font-size: small;\">Posso dizer-lhe que ainda antes do final deste m\u00eas realizaremos a reuni\u00e3o magna anual com todas as associa\u00e7\u00f5es taurinas e associados, num momento de fazer o balan\u00e7o do ano e prospectivar o futuro. Este \u00e9 o momento de pensarmos a continua\u00e7\u00e3o do processo de moderniza\u00e7\u00e3o e potencia\u00e7\u00e3o do sector e que tem vindo a ser feito e que tem de envolver todos os intervenientes do sector taurino.\u00a0<\/span><\/span><\/strong><\/em><em><strong><span style=\"font-family: Calibri, sans-serif;\"><span style=\"font-size: small;\">Depois da cria\u00e7\u00e3o da marca Touradas, do BullFest, da introdu\u00e7\u00e3o do Cart\u00e3o Aficionado e do alargamento da venda de bilhetes online, temos de robustecer estes processos e dar novos passos em frente. <\/span><\/span><\/strong><\/em><\/p>\n<p>&nbsp;<\/p>\n<p>&nbsp;<\/p>\n<p>&nbsp;<\/p>\n<p><em><span style=\"font-family: Calibri, sans-serif;\"><span style=\"font-size: small;\">Porque raz\u00e3o insiste a Protoiro em n\u00e3o ter uma pol\u00edtica comunicacional da sua ac\u00e7\u00e3o e apenas de reac\u00e7\u00e3o? \u00c9 uma quest\u00e3o de estrat\u00e9gia?<\/span><\/span><\/em><\/p>\n<p><em><span style=\"font-family: Calibri, sans-serif;\"><span style=\"font-size: small;\"><span style=\"font-family: Calibri, sans-serif; font-size: small;\"><b>Uma estrat\u00e9gia comunicacional tem sempre uma dimens\u00e3o pro activa\u00a0e outra reactiva. Uma grande parte da ac\u00e7\u00e3o da Protoiro n\u00e3o pode ser p\u00fablica, porque assim o exige a efic\u00e1cia dessa ac\u00e7\u00e3o. O que importa s\u00e3o os resultados. Por isso pode haver uma preponder\u00e2ncia reactiva. No entanto, desde o lan\u00e7amento da marca Touradas que temos por essa via tido uma presen\u00e7a mais pro-activa\u00a0que continuara a aumentar no futuro.<\/b><\/span><\/span><\/span><\/em><\/p>\n<p>&nbsp;<\/p>\n<p>&nbsp;<\/p>\n<p><em><span style=\"font-family: Calibri, sans-serif;\"><span style=\"font-size: small;\">Para quando um evento com toda a imprensa (da especialidade e generalista) e com os agentes da festa?<\/span><\/span><\/em><\/p>\n<p><em><strong><span style=\"font-family: Calibri, sans-serif; font-size: small;\">Depois de em 2018 termos g<\/span><span style=\"font-size: small; font-family: Calibri, sans-serif;\">anho mais espa\u00e7o medi\u00e1tico em diversos meios de comunica\u00e7\u00e3o generalista, queremos em 2019 dar mais passos nesse sentido envolvendo os agentes da festa e os media especializados e generalistas. Por vezes n\u00e3o vamos mais longe pelas limita\u00e7\u00f5es de or\u00e7amento e n\u00e3o pela nossa vontade. Se dependesse s\u00f3 da vontade ter\u00edamos um plano de comunica\u00e7\u00e3o e de a\u00e7\u00f5es incans\u00e1vel.<\/span><\/strong><\/em><\/p>\n<p>&nbsp;<\/p>\n<p>&nbsp;<\/p>\n<p>&nbsp;<\/p>\n<p><span style=\"font-family: Calibri, sans-serif; color: #0000ff;\"><span style=\"font-size: small;\">At\u00e9 ao momento ainda n\u00e3o foi poss\u00edvel obter uma reac\u00e7\u00e3o da Plataforma Basta.<\/span><\/span><\/p>\n<p>&nbsp;<\/p>\n<p>&nbsp;<\/p>\n<p>Fotografia: Jo\u00e3o de Sousa<\/p>\n","protected":false},"excerpt":{"rendered":"<p>&nbsp; &nbsp; &nbsp; A tauromaquia tem dominado parte da actualidade noticiosa do pa\u00eds. Ora pela quest\u00e3o do IVA, quer pelas declara\u00e7\u00f5es da Ministra a Cultura e at\u00e9 por programas dedicados \u00e0 tem\u00e1tica. Ontem, o Audit\u00f3rio da Funda\u00e7\u00e3o Champalimaud acolheu o programa \u201cPr\u00f3s e Contras\u201d, apresentado por F\u00e1tima Campos Ferreira e em que se debateu o [&hellip;]<\/p>\n","protected":false},"author":2,"featured_media":49192,"comment_status":"open","ping_status":"closed","sticky":false,"template":"","format":"standard","meta":{"footnotes":""},"categories":[10,2,36,4124,11,7,14],"tags":[5377,4975,5528,4076,160],"class_list":["post-49191","post","type-post","status-publish","format-standard","has-post-thumbnail","hentry","category-actualidade","category-cultura","category-destaque","category-entrevistas","category-pais","category-tauromaquia","category-televisao","tag-helder-milheiro","tag-iva","tag-pros-e-contras","tag-protoiro","tag-tauromaquia"],"yoast_head":"<!-- This site is optimized with the Yoast SEO plugin v27.4 - https:\/\/yoast.com\/product\/yoast-seo-wordpress\/ -->\n<title>Helder Milheiro: &quot;Mostraram cabalmente a import\u00e2ncia cultural, social e econ\u00f3mica da tauromaquia nos seus territ\u00f3rios&quot; | Infocul.pt - Arquivo Digital<\/title>\n<meta name=\"description\" content=\"Helder Milheiro: &quot;Mostraram cabalmente a import\u00e2ncia cultural, social e econ\u00f3mica da tauromaquia nos seus territ\u00f3rios&quot; | Infocul.pt - Arquivo Digital\" \/>\n<meta name=\"robots\" content=\"noindex, follow, max-snippet:-1, max-image-preview:large, max-video-preview:-1\" \/>\n<meta property=\"og:locale\" content=\"pt_PT\" \/>\n<meta property=\"og:type\" content=\"article\" \/>\n<meta property=\"og:title\" content=\"Helder Milheiro: &quot;Mostraram cabalmente a import\u00e2ncia cultural, social e econ\u00f3mica da tauromaquia nos seus territ\u00f3rios&quot; | Infocul.pt - Arquivo Digital\" \/>\n<meta property=\"og:description\" content=\"Helder Milheiro: &quot;Mostraram cabalmente a import\u00e2ncia cultural, social e econ\u00f3mica da tauromaquia nos seus territ\u00f3rios&quot; | Infocul.pt - Arquivo Digital\" \/>\n<meta property=\"og:url\" content=\"https:\/\/infocul.pt\/arquivo\/cultura\/helder-milheiro-mostraram-cabalmente-a-importancia-cultural-social-e-economica-da-tauromaquia-nos-seus-territorios\/\" \/>\n<meta property=\"og:site_name\" content=\"Infocul.pt - Arquivo Digital\" \/>\n<meta property=\"article:publisher\" content=\"https:\/\/www.facebook.com\/Infocul-147816815585015\/\" \/>\n<meta property=\"article:published_time\" content=\"2018-11-20T21:59:42+00:00\" \/>\n<meta property=\"article:modified_time\" content=\"2018-11-20T22:26:13+00:00\" \/>\n<meta property=\"og:image\" content=\"https:\/\/infocul.pt\/arquivo\/wp-content\/uploads\/2018\/11\/milheiro.jpg\" \/>\n\t<meta property=\"og:image:width\" content=\"1141\" \/>\n\t<meta property=\"og:image:height\" content=\"696\" \/>\n\t<meta property=\"og:image:type\" content=\"image\/jpeg\" \/>\n<meta name=\"author\" content=\"Rui Lavrador\" \/>\n<meta name=\"twitter:card\" content=\"summary_large_image\" \/>\n<meta name=\"twitter:creator\" content=\"@Infoculpt\" \/>\n<meta name=\"twitter:site\" content=\"@Infoculpt\" \/>\n<meta name=\"twitter:label1\" content=\"Escrito por\" \/>\n\t<meta name=\"twitter:data1\" content=\"Rui Lavrador\" \/>\n\t<meta name=\"twitter:label2\" content=\"Tempo estimado de leitura\" \/>\n\t<meta name=\"twitter:data2\" content=\"4 minutos\" \/>\n<script type=\"application\/ld+json\" class=\"yoast-schema-graph\">{\"@context\":\"https:\\\/\\\/schema.org\",\"@graph\":[{\"@type\":\"Article\",\"@id\":\"https:\\\/\\\/infocul.pt\\\/arquivo\\\/cultura\\\/helder-milheiro-mostraram-cabalmente-a-importancia-cultural-social-e-economica-da-tauromaquia-nos-seus-territorios\\\/#article\",\"isPartOf\":{\"@id\":\"https:\\\/\\\/infocul.pt\\\/arquivo\\\/cultura\\\/helder-milheiro-mostraram-cabalmente-a-importancia-cultural-social-e-economica-da-tauromaquia-nos-seus-territorios\\\/\"},\"author\":{\"name\":\"Rui Lavrador\",\"@id\":\"https:\\\/\\\/infocul.pt\\\/arquivo\\\/#\\\/schema\\\/person\\\/060a108d7f2d85fc6aae505119ee5234\"},\"headline\":\"Helder Milheiro: &#8220;Mostraram cabalmente a import\u00e2ncia cultural, social e econ\u00f3mica da tauromaquia nos seus territ\u00f3rios&#8221;\",\"datePublished\":\"2018-11-20T21:59:42+00:00\",\"dateModified\":\"2018-11-20T22:26:13+00:00\",\"mainEntityOfPage\":{\"@id\":\"https:\\\/\\\/infocul.pt\\\/arquivo\\\/cultura\\\/helder-milheiro-mostraram-cabalmente-a-importancia-cultural-social-e-economica-da-tauromaquia-nos-seus-territorios\\\/\"},\"wordCount\":879,\"commentCount\":0,\"publisher\":{\"@id\":\"https:\\\/\\\/infocul.pt\\\/arquivo\\\/#organization\"},\"image\":{\"@id\":\"https:\\\/\\\/infocul.pt\\\/arquivo\\\/cultura\\\/helder-milheiro-mostraram-cabalmente-a-importancia-cultural-social-e-economica-da-tauromaquia-nos-seus-territorios\\\/#primaryimage\"},\"thumbnailUrl\":\"https:\\\/\\\/infocul.pt\\\/arquivo\\\/wp-content\\\/uploads\\\/2018\\\/11\\\/milheiro.jpg\",\"keywords\":[\"Helder Milheiro\",\"IVA\",\"Pr\u00f3s e Contras\",\"Pr\u00f3toiro\",\"Tauromaquia\"],\"articleSection\":[\"Actualidade\",\"Cultura\",\"Destaque\",\"Entrevistas\",\"Pa\u00eds\",\"Tauromaquia\",\"Televis\u00e3o\"],\"inLanguage\":\"pt-PT\"},{\"@type\":\"WebPage\",\"@id\":\"https:\\\/\\\/infocul.pt\\\/arquivo\\\/cultura\\\/helder-milheiro-mostraram-cabalmente-a-importancia-cultural-social-e-economica-da-tauromaquia-nos-seus-territorios\\\/\",\"url\":\"https:\\\/\\\/infocul.pt\\\/arquivo\\\/cultura\\\/helder-milheiro-mostraram-cabalmente-a-importancia-cultural-social-e-economica-da-tauromaquia-nos-seus-territorios\\\/\",\"name\":\"Helder Milheiro: \\\"Mostraram cabalmente a import\u00e2ncia cultural, social e econ\u00f3mica da tauromaquia nos seus territ\u00f3rios\\\" | Infocul.pt - Arquivo Digital\",\"isPartOf\":{\"@id\":\"https:\\\/\\\/infocul.pt\\\/arquivo\\\/#website\"},\"primaryImageOfPage\":{\"@id\":\"https:\\\/\\\/infocul.pt\\\/arquivo\\\/cultura\\\/helder-milheiro-mostraram-cabalmente-a-importancia-cultural-social-e-economica-da-tauromaquia-nos-seus-territorios\\\/#primaryimage\"},\"image\":{\"@id\":\"https:\\\/\\\/infocul.pt\\\/arquivo\\\/cultura\\\/helder-milheiro-mostraram-cabalmente-a-importancia-cultural-social-e-economica-da-tauromaquia-nos-seus-territorios\\\/#primaryimage\"},\"thumbnailUrl\":\"https:\\\/\\\/infocul.pt\\\/arquivo\\\/wp-content\\\/uploads\\\/2018\\\/11\\\/milheiro.jpg\",\"datePublished\":\"2018-11-20T21:59:42+00:00\",\"dateModified\":\"2018-11-20T22:26:13+00:00\",\"description\":\"Helder Milheiro: \\\"Mostraram cabalmente a import\u00e2ncia cultural, social e econ\u00f3mica da tauromaquia nos seus territ\u00f3rios\\\" | Infocul.pt - Arquivo Digital\",\"breadcrumb\":{\"@id\":\"https:\\\/\\\/infocul.pt\\\/arquivo\\\/cultura\\\/helder-milheiro-mostraram-cabalmente-a-importancia-cultural-social-e-economica-da-tauromaquia-nos-seus-territorios\\\/#breadcrumb\"},\"inLanguage\":\"pt-PT\",\"potentialAction\":[{\"@type\":\"ReadAction\",\"target\":[\"https:\\\/\\\/infocul.pt\\\/arquivo\\\/cultura\\\/helder-milheiro-mostraram-cabalmente-a-importancia-cultural-social-e-economica-da-tauromaquia-nos-seus-territorios\\\/\"]}]},{\"@type\":\"ImageObject\",\"inLanguage\":\"pt-PT\",\"@id\":\"https:\\\/\\\/infocul.pt\\\/arquivo\\\/cultura\\\/helder-milheiro-mostraram-cabalmente-a-importancia-cultural-social-e-economica-da-tauromaquia-nos-seus-territorios\\\/#primaryimage\",\"url\":\"https:\\\/\\\/infocul.pt\\\/arquivo\\\/wp-content\\\/uploads\\\/2018\\\/11\\\/milheiro.jpg\",\"contentUrl\":\"https:\\\/\\\/infocul.pt\\\/arquivo\\\/wp-content\\\/uploads\\\/2018\\\/11\\\/milheiro.jpg\",\"width\":1141,\"height\":696},{\"@type\":\"BreadcrumbList\",\"@id\":\"https:\\\/\\\/infocul.pt\\\/arquivo\\\/cultura\\\/helder-milheiro-mostraram-cabalmente-a-importancia-cultural-social-e-economica-da-tauromaquia-nos-seus-territorios\\\/#breadcrumb\",\"itemListElement\":[{\"@type\":\"ListItem\",\"position\":1,\"name\":\"Home\",\"item\":\"https:\\\/\\\/infocul.pt\\\/arquivo\\\/\"},{\"@type\":\"ListItem\",\"position\":2,\"name\":\"Helder Milheiro: &#8220;Mostraram cabalmente a import\u00e2ncia cultural, social e econ\u00f3mica da tauromaquia nos seus territ\u00f3rios&#8221;\"}]},{\"@type\":\"WebSite\",\"@id\":\"https:\\\/\\\/infocul.pt\\\/arquivo\\\/#website\",\"url\":\"https:\\\/\\\/infocul.pt\\\/arquivo\\\/\",\"name\":\"Infocul.pt - Arquivo Digital\",\"description\":\"Arquivo digital da Infocul.pt\",\"publisher\":{\"@id\":\"https:\\\/\\\/infocul.pt\\\/arquivo\\\/#organization\"},\"potentialAction\":[{\"@type\":\"SearchAction\",\"target\":{\"@type\":\"EntryPoint\",\"urlTemplate\":\"https:\\\/\\\/infocul.pt\\\/arquivo\\\/?s={search_term_string}\"},\"query-input\":{\"@type\":\"PropertyValueSpecification\",\"valueRequired\":true,\"valueName\":\"search_term_string\"}}],\"inLanguage\":\"pt-PT\"},{\"@type\":\"Organization\",\"@id\":\"https:\\\/\\\/infocul.pt\\\/arquivo\\\/#organization\",\"name\":\"Infocul.pt\",\"url\":\"https:\\\/\\\/infocul.pt\\\/arquivo\\\/\",\"logo\":{\"@type\":\"ImageObject\",\"inLanguage\":\"pt-PT\",\"@id\":\"https:\\\/\\\/infocul.pt\\\/arquivo\\\/#\\\/schema\\\/logo\\\/image\\\/\",\"url\":\"https:\\\/\\\/infocul.pt\\\/arquivo\\\/wp-content\\\/uploads\\\/2018\\\/12\\\/Infocul_logo-1.png\",\"contentUrl\":\"https:\\\/\\\/infocul.pt\\\/arquivo\\\/wp-content\\\/uploads\\\/2018\\\/12\\\/Infocul_logo-1.png\",\"width\":800,\"height\":800,\"caption\":\"Infocul.pt\"},\"image\":{\"@id\":\"https:\\\/\\\/infocul.pt\\\/arquivo\\\/#\\\/schema\\\/logo\\\/image\\\/\"},\"sameAs\":[\"https:\\\/\\\/www.facebook.com\\\/Infocul-147816815585015\\\/\",\"https:\\\/\\\/x.com\\\/Infoculpt\",\"http:\\\/\\\/www.pictaram.com\\\/user\\\/infocul.pt\\\/2370423710\",\"https:\\\/\\\/www.youtube.com\\\/channel\\\/UCYEB91AGI9FL9ek2i_IaQAA\"]},{\"@type\":\"Person\",\"@id\":\"https:\\\/\\\/infocul.pt\\\/arquivo\\\/#\\\/schema\\\/person\\\/060a108d7f2d85fc6aae505119ee5234\",\"name\":\"Rui Lavrador\",\"image\":{\"@type\":\"ImageObject\",\"inLanguage\":\"pt-PT\",\"@id\":\"https:\\\/\\\/secure.gravatar.com\\\/avatar\\\/93febd6873394aa8e975148548a0cb203acfdd42d2c85c5f1408e1a76678aece?s=96&d=mm&r=g\",\"url\":\"https:\\\/\\\/secure.gravatar.com\\\/avatar\\\/93febd6873394aa8e975148548a0cb203acfdd42d2c85c5f1408e1a76678aece?s=96&d=mm&r=g\",\"contentUrl\":\"https:\\\/\\\/secure.gravatar.com\\\/avatar\\\/93febd6873394aa8e975148548a0cb203acfdd42d2c85c5f1408e1a76678aece?s=96&d=mm&r=g\",\"caption\":\"Rui Lavrador\"},\"description\":\"Iniciou em 2011 o seu percurso em comunica\u00e7\u00e3o social, tendo integrado v\u00e1rios projectos editoriais. Durante o seu percurso integrou projectos como Jornal Hardm\u00fasica, LusoNot\u00edcias, Toureio.pt, ODigital.pt, entre outros \u00d3rg\u00e3os de Comunica\u00e7\u00e3o Social nacionais, na redac\u00e7\u00e3o de v\u00e1rios artigos. Entrevistou a grande maioria das personalidades mais importantes da vida social e cultural do pa\u00eds, destacando-se, tamb\u00e9m, na aprecia\u00e7\u00e3o de v\u00e1rios espect\u00e1culos. Durante o seu percurso, deu a conhecer v\u00e1rios artistas, at\u00e9 ent\u00e3o desconhecidos, ao grande p\u00fablico. Em 2015 criou e fundou o Infocul.pt, projecto no qual assume a direc\u00e7\u00e3o editorial.\",\"sameAs\":[\"http:\\\/\\\/www.infocul.pt\"]}]}<\/script>\n<!-- \/ Yoast SEO plugin. -->","yoast_head_json":{"title":"Helder Milheiro: \"Mostraram cabalmente a import\u00e2ncia cultural, social e econ\u00f3mica da tauromaquia nos seus territ\u00f3rios\" | Infocul.pt - Arquivo Digital","description":"Helder Milheiro: \"Mostraram cabalmente a import\u00e2ncia cultural, social e econ\u00f3mica da tauromaquia nos seus territ\u00f3rios\" | Infocul.pt - Arquivo Digital","robots":{"index":"noindex","follow":"follow","max-snippet":"max-snippet:-1","max-image-preview":"max-image-preview:large","max-video-preview":"max-video-preview:-1"},"og_locale":"pt_PT","og_type":"article","og_title":"Helder Milheiro: \"Mostraram cabalmente a import\u00e2ncia cultural, social e econ\u00f3mica da tauromaquia nos seus territ\u00f3rios\" | Infocul.pt - Arquivo Digital","og_description":"Helder Milheiro: \"Mostraram cabalmente a import\u00e2ncia cultural, social e econ\u00f3mica da tauromaquia nos seus territ\u00f3rios\" | Infocul.pt - Arquivo Digital","og_url":"https:\/\/infocul.pt\/arquivo\/cultura\/helder-milheiro-mostraram-cabalmente-a-importancia-cultural-social-e-economica-da-tauromaquia-nos-seus-territorios\/","og_site_name":"Infocul.pt - Arquivo Digital","article_publisher":"https:\/\/www.facebook.com\/Infocul-147816815585015\/","article_published_time":"2018-11-20T21:59:42+00:00","article_modified_time":"2018-11-20T22:26:13+00:00","og_image":[{"width":1141,"height":696,"url":"https:\/\/infocul.pt\/arquivo\/wp-content\/uploads\/2018\/11\/milheiro.jpg","type":"image\/jpeg"}],"author":"Rui Lavrador","twitter_card":"summary_large_image","twitter_creator":"@Infoculpt","twitter_site":"@Infoculpt","twitter_misc":{"Escrito por":"Rui Lavrador","Tempo estimado de leitura":"4 minutos"},"schema":{"@context":"https:\/\/schema.org","@graph":[{"@type":"Article","@id":"https:\/\/infocul.pt\/arquivo\/cultura\/helder-milheiro-mostraram-cabalmente-a-importancia-cultural-social-e-economica-da-tauromaquia-nos-seus-territorios\/#article","isPartOf":{"@id":"https:\/\/infocul.pt\/arquivo\/cultura\/helder-milheiro-mostraram-cabalmente-a-importancia-cultural-social-e-economica-da-tauromaquia-nos-seus-territorios\/"},"author":{"name":"Rui Lavrador","@id":"https:\/\/infocul.pt\/arquivo\/#\/schema\/person\/060a108d7f2d85fc6aae505119ee5234"},"headline":"Helder Milheiro: &#8220;Mostraram cabalmente a import\u00e2ncia cultural, social e econ\u00f3mica da tauromaquia nos seus territ\u00f3rios&#8221;","datePublished":"2018-11-20T21:59:42+00:00","dateModified":"2018-11-20T22:26:13+00:00","mainEntityOfPage":{"@id":"https:\/\/infocul.pt\/arquivo\/cultura\/helder-milheiro-mostraram-cabalmente-a-importancia-cultural-social-e-economica-da-tauromaquia-nos-seus-territorios\/"},"wordCount":879,"commentCount":0,"publisher":{"@id":"https:\/\/infocul.pt\/arquivo\/#organization"},"image":{"@id":"https:\/\/infocul.pt\/arquivo\/cultura\/helder-milheiro-mostraram-cabalmente-a-importancia-cultural-social-e-economica-da-tauromaquia-nos-seus-territorios\/#primaryimage"},"thumbnailUrl":"https:\/\/infocul.pt\/arquivo\/wp-content\/uploads\/2018\/11\/milheiro.jpg","keywords":["Helder Milheiro","IVA","Pr\u00f3s e Contras","Pr\u00f3toiro","Tauromaquia"],"articleSection":["Actualidade","Cultura","Destaque","Entrevistas","Pa\u00eds","Tauromaquia","Televis\u00e3o"],"inLanguage":"pt-PT"},{"@type":"WebPage","@id":"https:\/\/infocul.pt\/arquivo\/cultura\/helder-milheiro-mostraram-cabalmente-a-importancia-cultural-social-e-economica-da-tauromaquia-nos-seus-territorios\/","url":"https:\/\/infocul.pt\/arquivo\/cultura\/helder-milheiro-mostraram-cabalmente-a-importancia-cultural-social-e-economica-da-tauromaquia-nos-seus-territorios\/","name":"Helder Milheiro: \"Mostraram cabalmente a import\u00e2ncia cultural, social e econ\u00f3mica da tauromaquia nos seus territ\u00f3rios\" | Infocul.pt - Arquivo Digital","isPartOf":{"@id":"https:\/\/infocul.pt\/arquivo\/#website"},"primaryImageOfPage":{"@id":"https:\/\/infocul.pt\/arquivo\/cultura\/helder-milheiro-mostraram-cabalmente-a-importancia-cultural-social-e-economica-da-tauromaquia-nos-seus-territorios\/#primaryimage"},"image":{"@id":"https:\/\/infocul.pt\/arquivo\/cultura\/helder-milheiro-mostraram-cabalmente-a-importancia-cultural-social-e-economica-da-tauromaquia-nos-seus-territorios\/#primaryimage"},"thumbnailUrl":"https:\/\/infocul.pt\/arquivo\/wp-content\/uploads\/2018\/11\/milheiro.jpg","datePublished":"2018-11-20T21:59:42+00:00","dateModified":"2018-11-20T22:26:13+00:00","description":"Helder Milheiro: \"Mostraram cabalmente a import\u00e2ncia cultural, social e econ\u00f3mica da tauromaquia nos seus territ\u00f3rios\" | Infocul.pt - Arquivo Digital","breadcrumb":{"@id":"https:\/\/infocul.pt\/arquivo\/cultura\/helder-milheiro-mostraram-cabalmente-a-importancia-cultural-social-e-economica-da-tauromaquia-nos-seus-territorios\/#breadcrumb"},"inLanguage":"pt-PT","potentialAction":[{"@type":"ReadAction","target":["https:\/\/infocul.pt\/arquivo\/cultura\/helder-milheiro-mostraram-cabalmente-a-importancia-cultural-social-e-economica-da-tauromaquia-nos-seus-territorios\/"]}]},{"@type":"ImageObject","inLanguage":"pt-PT","@id":"https:\/\/infocul.pt\/arquivo\/cultura\/helder-milheiro-mostraram-cabalmente-a-importancia-cultural-social-e-economica-da-tauromaquia-nos-seus-territorios\/#primaryimage","url":"https:\/\/infocul.pt\/arquivo\/wp-content\/uploads\/2018\/11\/milheiro.jpg","contentUrl":"https:\/\/infocul.pt\/arquivo\/wp-content\/uploads\/2018\/11\/milheiro.jpg","width":1141,"height":696},{"@type":"BreadcrumbList","@id":"https:\/\/infocul.pt\/arquivo\/cultura\/helder-milheiro-mostraram-cabalmente-a-importancia-cultural-social-e-economica-da-tauromaquia-nos-seus-territorios\/#breadcrumb","itemListElement":[{"@type":"ListItem","position":1,"name":"Home","item":"https:\/\/infocul.pt\/arquivo\/"},{"@type":"ListItem","position":2,"name":"Helder Milheiro: &#8220;Mostraram cabalmente a import\u00e2ncia cultural, social e econ\u00f3mica da tauromaquia nos seus territ\u00f3rios&#8221;"}]},{"@type":"WebSite","@id":"https:\/\/infocul.pt\/arquivo\/#website","url":"https:\/\/infocul.pt\/arquivo\/","name":"Infocul.pt - Arquivo Digital","description":"Arquivo digital da Infocul.pt","publisher":{"@id":"https:\/\/infocul.pt\/arquivo\/#organization"},"potentialAction":[{"@type":"SearchAction","target":{"@type":"EntryPoint","urlTemplate":"https:\/\/infocul.pt\/arquivo\/?s={search_term_string}"},"query-input":{"@type":"PropertyValueSpecification","valueRequired":true,"valueName":"search_term_string"}}],"inLanguage":"pt-PT"},{"@type":"Organization","@id":"https:\/\/infocul.pt\/arquivo\/#organization","name":"Infocul.pt","url":"https:\/\/infocul.pt\/arquivo\/","logo":{"@type":"ImageObject","inLanguage":"pt-PT","@id":"https:\/\/infocul.pt\/arquivo\/#\/schema\/logo\/image\/","url":"https:\/\/infocul.pt\/arquivo\/wp-content\/uploads\/2018\/12\/Infocul_logo-1.png","contentUrl":"https:\/\/infocul.pt\/arquivo\/wp-content\/uploads\/2018\/12\/Infocul_logo-1.png","width":800,"height":800,"caption":"Infocul.pt"},"image":{"@id":"https:\/\/infocul.pt\/arquivo\/#\/schema\/logo\/image\/"},"sameAs":["https:\/\/www.facebook.com\/Infocul-147816815585015\/","https:\/\/x.com\/Infoculpt","http:\/\/www.pictaram.com\/user\/infocul.pt\/2370423710","https:\/\/www.youtube.com\/channel\/UCYEB91AGI9FL9ek2i_IaQAA"]},{"@type":"Person","@id":"https:\/\/infocul.pt\/arquivo\/#\/schema\/person\/060a108d7f2d85fc6aae505119ee5234","name":"Rui Lavrador","image":{"@type":"ImageObject","inLanguage":"pt-PT","@id":"https:\/\/secure.gravatar.com\/avatar\/93febd6873394aa8e975148548a0cb203acfdd42d2c85c5f1408e1a76678aece?s=96&d=mm&r=g","url":"https:\/\/secure.gravatar.com\/avatar\/93febd6873394aa8e975148548a0cb203acfdd42d2c85c5f1408e1a76678aece?s=96&d=mm&r=g","contentUrl":"https:\/\/secure.gravatar.com\/avatar\/93febd6873394aa8e975148548a0cb203acfdd42d2c85c5f1408e1a76678aece?s=96&d=mm&r=g","caption":"Rui Lavrador"},"description":"Iniciou em 2011 o seu percurso em comunica\u00e7\u00e3o social, tendo integrado v\u00e1rios projectos editoriais. Durante o seu percurso integrou projectos como Jornal Hardm\u00fasica, LusoNot\u00edcias, Toureio.pt, ODigital.pt, entre outros \u00d3rg\u00e3os de Comunica\u00e7\u00e3o Social nacionais, na redac\u00e7\u00e3o de v\u00e1rios artigos. Entrevistou a grande maioria das personalidades mais importantes da vida social e cultural do pa\u00eds, destacando-se, tamb\u00e9m, na aprecia\u00e7\u00e3o de v\u00e1rios espect\u00e1culos. Durante o seu percurso, deu a conhecer v\u00e1rios artistas, at\u00e9 ent\u00e3o desconhecidos, ao grande p\u00fablico. Em 2015 criou e fundou o Infocul.pt, projecto no qual assume a direc\u00e7\u00e3o editorial.","sameAs":["http:\/\/www.infocul.pt"]}]}},"_links":{"self":[{"href":"https:\/\/infocul.pt\/arquivo\/wp-json\/wp\/v2\/posts\/49191","targetHints":{"allow":["GET"]}}],"collection":[{"href":"https:\/\/infocul.pt\/arquivo\/wp-json\/wp\/v2\/posts"}],"about":[{"href":"https:\/\/infocul.pt\/arquivo\/wp-json\/wp\/v2\/types\/post"}],"author":[{"embeddable":true,"href":"https:\/\/infocul.pt\/arquivo\/wp-json\/wp\/v2\/users\/2"}],"replies":[{"embeddable":true,"href":"https:\/\/infocul.pt\/arquivo\/wp-json\/wp\/v2\/comments?post=49191"}],"version-history":[{"count":0,"href":"https:\/\/infocul.pt\/arquivo\/wp-json\/wp\/v2\/posts\/49191\/revisions"}],"wp:featuredmedia":[{"embeddable":true,"href":"https:\/\/infocul.pt\/arquivo\/wp-json\/wp\/v2\/media\/49192"}],"wp:attachment":[{"href":"https:\/\/infocul.pt\/arquivo\/wp-json\/wp\/v2\/media?parent=49191"}],"wp:term":[{"taxonomy":"category","embeddable":true,"href":"https:\/\/infocul.pt\/arquivo\/wp-json\/wp\/v2\/categories?post=49191"},{"taxonomy":"post_tag","embeddable":true,"href":"https:\/\/infocul.pt\/arquivo\/wp-json\/wp\/v2\/tags?post=49191"}],"curies":[{"name":"wp","href":"https:\/\/api.w.org\/{rel}","templated":true}]}}