{"id":49198,"date":"2018-11-24T00:00:11","date_gmt":"2018-11-24T00:00:11","guid":{"rendered":"https:\/\/infocul.pt\/?p=49198"},"modified":"2018-11-20T22:39:23","modified_gmt":"2018-11-20T22:39:23","slug":"sabores-de-natal-trazem-o-pais-para-a-praca-da-figueira-em-lisboa","status":"publish","type":"post","link":"https:\/\/infocul.pt\/arquivo\/actualidade\/sabores-de-natal-trazem-o-pais-para-a-praca-da-figueira-em-lisboa\/","title":{"rendered":"&#8220;Sabores de Natal&#8221; trazem o pa\u00eds para a Pra\u00e7a da Figueira, em Lisboa"},"content":{"rendered":"<p><a href=\"https:\/\/infocul.pt\/arquivo\/wp-content\/uploads\/2018\/11\/unnamed-7.png\"><img decoding=\"async\" class=\"aligncenter wp-image-49199 size-large lazyload\" data-src=\"https:\/\/infocul.pt\/arquivo\/wp-content\/uploads\/2018\/11\/unnamed-7-1024x575.png\" alt=\"\" width=\"806\" height=\"453\" data-srcset=\"https:\/\/infocul.pt\/arquivo\/wp-content\/uploads\/2018\/11\/unnamed-7-1024x575.png 1024w, https:\/\/infocul.pt\/arquivo\/wp-content\/uploads\/2018\/11\/unnamed-7-300x168.png 300w, https:\/\/infocul.pt\/arquivo\/wp-content\/uploads\/2018\/11\/unnamed-7-768x431.png 768w\" data-sizes=\"(max-width: 806px) 100vw, 806px\" src=\"data:image\/svg+xml;base64,PHN2ZyB3aWR0aD0iMSIgaGVpZ2h0PSIxIiB4bWxucz0iaHR0cDovL3d3dy53My5vcmcvMjAwMC9zdmciPjwvc3ZnPg==\" style=\"--smush-placeholder-width: 806px; --smush-placeholder-aspect-ratio: 806\/453;\" \/><\/a><\/p>\n<p>&nbsp;<\/p>\n<p>&nbsp;<\/p>\n<p>&nbsp;<\/p>\n<p><span style=\"font-family: Calibri, sans-serif;\"><span style=\"font-size: small;\">De 5 a 9 de Dezembro, a baixa de Lisboa prepara-se para receber o evento Sabores de Natal , um mercado de Natal que durante cinco dias ter\u00e1 uma vasta oferta de anima\u00e7\u00e3o e gastronomia, com produtos de qualidade da \u00e9poca, oriundos de Tr\u00e1s-os-Montes, Alentejo, passando pelas Beiras. <\/span><\/span><!--more--><\/p>\n<p>&nbsp;<\/p>\n<p>&nbsp;<\/p>\n<p><span style=\"font-family: Calibri, sans-serif;\"><span style=\"font-size: small;\">Localizado num dos locais mais centrais e hist\u00f3ricos da cidade, a Pra\u00e7a da Figueira, o Sabores de Natal pretende ser o melhor local para os lisboetas experimentarem produtos de qualidade nacionais, e quem sabe fazerem as suas compras de Natal. Haver\u00e1 mostras de vinhos, queijos, enchidos, azeite, chocolate, do\u00e7aria, licores e muitos outros sabores. Mas, para al\u00e9m da exposi\u00e7\u00e3o dos produtos, o mercado contar\u00e1 com a participa\u00e7\u00e3o de renomados Chefs em stands e workshops e ainda anima\u00e7\u00e3o atrav\u00e9s de Dj&#8217;s.<\/span><\/span><\/p>\n<p>&nbsp;<\/p>\n<p>&nbsp;<\/p>\n<p><span style=\"font-family: Calibri, sans-serif;\"><span style=\"font-size: small;\">Segundo a organiza\u00e7\u00e3o do evento &#8220;<em><strong>quisemos levar este mercado de Natal para o centro da cidade de Lisboa, em plena baixa Pombalina, um local onde tudo acontece e com uma m\u00edstica \u00fanica nesta altura do ano. Vamos ter uma montra de produtos nacionais e de grande qualidade, com uma vasta oferta e para quem procura personaliza\u00e7\u00e3o e qualidade para oferecer neste Natal, este \u00e9 o local ideal para visitar. Para al\u00e9m disso, \u00e9 um evento ambientalmente respons\u00e1vel<\/strong><\/em>&#8220;.<\/span><\/span><\/p>\n<p>&nbsp;<\/p>\n<p>&nbsp;<\/p>\n<p><span style=\"font-family: Calibri, sans-serif;\"><span style=\"font-size: small;\">Pensado como um Mercado Green, qualquer tipo de pl\u00e1stico n\u00e3o \u00e9 bem-vindo e todos os materiais foram pensados para serem ecol\u00f3gicos e sustent\u00e1veis.<\/span><\/span><\/p>\n<p>&nbsp;<\/p>\n<p>&nbsp;<\/p>\n<p><span style=\"font-family: Calibri, sans-serif;\"><span style=\"font-size: small;\">Hor\u00e1rio Sabores de Natal:<\/span><\/span><\/p>\n<p style=\"text-align: center;\"><strong><span style=\"font-family: Calibri, sans-serif;\"><span style=\"font-size: small;\">10:00 \u2013 21:00 (4\u00aa, 5\u00aa e domingo)<\/span><\/span><\/strong><\/p>\n<p style=\"text-align: center;\"><strong><span style=\"font-family: Calibri, sans-serif;\"><span style=\"font-size: small;\">10:00 \u2013 22:30 (6\u00aa e sa\u0301bado)<\/span><\/span><\/strong><\/p>\n<p style=\"text-align: center;\"><strong><span style=\"font-family: Calibri, sans-serif;\"><span style=\"font-size: small;\">A entrada \u00e9 gratuita<\/span><\/span><\/strong><\/p>\n","protected":false},"excerpt":{"rendered":"<p>&nbsp; &nbsp; &nbsp; De 5 a 9 de Dezembro, a baixa de Lisboa prepara-se para receber o evento Sabores de Natal , um mercado de Natal que durante cinco dias ter\u00e1 uma vasta oferta de anima\u00e7\u00e3o e gastronomia, com produtos de qualidade da \u00e9poca, oriundos de Tr\u00e1s-os-Montes, Alentejo, passando pelas Beiras.<\/p>\n","protected":false},"author":13,"featured_media":49199,"comment_status":"open","ping_status":"closed","sticky":false,"template":"","format":"standard","meta":{"footnotes":""},"categories":[10,13],"tags":[249,5530,686,2349,571],"class_list":["post-49198","post","type-post","status-publish","format-standard","has-post-thumbnail","hentry","category-actualidade","category-turismo","tag-alentejo","tag-beiras","tag-gastronomia","tag-natal","tag-tras-os-montes"],"yoast_head":"<!-- This site is optimized with the Yoast SEO plugin v27.4 - https:\/\/yoast.com\/product\/yoast-seo-wordpress\/ -->\n<title>&quot;Sabores de Natal&quot; trazem o pa\u00eds para a Pra\u00e7a da Figueira, em Lisboa | Infocul.pt - Arquivo Digital<\/title>\n<meta name=\"description\" content=\"&quot;Sabores de Natal&quot; trazem o pa\u00eds para a Pra\u00e7a da Figueira, em Lisboa | Infocul.pt - Arquivo Digital\" \/>\n<meta name=\"robots\" content=\"noindex, follow, max-snippet:-1, max-image-preview:large, max-video-preview:-1\" \/>\n<meta property=\"og:locale\" content=\"pt_PT\" \/>\n<meta property=\"og:type\" content=\"article\" \/>\n<meta property=\"og:title\" content=\"&quot;Sabores de Natal&quot; trazem o pa\u00eds para a Pra\u00e7a da Figueira, em Lisboa | Infocul.pt - Arquivo Digital\" \/>\n<meta property=\"og:description\" content=\"&quot;Sabores de Natal&quot; trazem o pa\u00eds para a Pra\u00e7a da Figueira, em Lisboa | Infocul.pt - Arquivo Digital\" \/>\n<meta property=\"og:url\" content=\"https:\/\/infocul.pt\/arquivo\/actualidade\/sabores-de-natal-trazem-o-pais-para-a-praca-da-figueira-em-lisboa\/\" \/>\n<meta property=\"og:site_name\" content=\"Infocul.pt - Arquivo Digital\" \/>\n<meta property=\"article:publisher\" content=\"https:\/\/www.facebook.com\/Infocul-147816815585015\/\" \/>\n<meta property=\"article:published_time\" content=\"2018-11-24T00:00:11+00:00\" \/>\n<meta property=\"og:image\" content=\"https:\/\/infocul.pt\/arquivo\/wp-content\/uploads\/2018\/11\/unnamed-7-1024x575.png\" \/>\n\t<meta property=\"og:image:width\" content=\"1024\" \/>\n\t<meta property=\"og:image:height\" content=\"575\" \/>\n\t<meta property=\"og:image:type\" content=\"image\/png\" \/>\n<meta name=\"author\" content=\"Redac\u00e7\u00e3o\" \/>\n<meta name=\"twitter:card\" content=\"summary_large_image\" \/>\n<meta name=\"twitter:creator\" content=\"@Infoculpt\" \/>\n<meta name=\"twitter:site\" content=\"@Infoculpt\" \/>\n<meta name=\"twitter:label1\" content=\"Escrito por\" \/>\n\t<meta name=\"twitter:data1\" content=\"Redac\u00e7\u00e3o\" \/>\n\t<meta name=\"twitter:label2\" content=\"Tempo estimado de leitura\" \/>\n\t<meta name=\"twitter:data2\" content=\"1 minuto\" \/>\n<script type=\"application\/ld+json\" class=\"yoast-schema-graph\">{\"@context\":\"https:\\\/\\\/schema.org\",\"@graph\":[{\"@type\":\"Article\",\"@id\":\"https:\\\/\\\/infocul.pt\\\/arquivo\\\/actualidade\\\/sabores-de-natal-trazem-o-pais-para-a-praca-da-figueira-em-lisboa\\\/#article\",\"isPartOf\":{\"@id\":\"https:\\\/\\\/infocul.pt\\\/arquivo\\\/actualidade\\\/sabores-de-natal-trazem-o-pais-para-a-praca-da-figueira-em-lisboa\\\/\"},\"author\":{\"name\":\"Redac\u00e7\u00e3o\",\"@id\":\"https:\\\/\\\/infocul.pt\\\/arquivo\\\/#\\\/schema\\\/person\\\/f243f45ae8d67639120a7586884f3abc\"},\"headline\":\"&#8220;Sabores de Natal&#8221; trazem o pa\u00eds para a Pra\u00e7a da Figueira, em Lisboa\",\"datePublished\":\"2018-11-24T00:00:11+00:00\",\"mainEntityOfPage\":{\"@id\":\"https:\\\/\\\/infocul.pt\\\/arquivo\\\/actualidade\\\/sabores-de-natal-trazem-o-pais-para-a-praca-da-figueira-em-lisboa\\\/\"},\"wordCount\":281,\"commentCount\":0,\"publisher\":{\"@id\":\"https:\\\/\\\/infocul.pt\\\/arquivo\\\/#organization\"},\"image\":{\"@id\":\"https:\\\/\\\/infocul.pt\\\/arquivo\\\/actualidade\\\/sabores-de-natal-trazem-o-pais-para-a-praca-da-figueira-em-lisboa\\\/#primaryimage\"},\"thumbnailUrl\":\"https:\\\/\\\/infocul.pt\\\/arquivo\\\/wp-content\\\/uploads\\\/2018\\\/11\\\/unnamed-7.png\",\"keywords\":[\"Alentejo\",\"Beiras\",\"Gastronomia\",\"Natal\",\"Tr\u00e1s-os-Montes\"],\"articleSection\":[\"Actualidade\",\"Turismo\"],\"inLanguage\":\"pt-PT\"},{\"@type\":\"WebPage\",\"@id\":\"https:\\\/\\\/infocul.pt\\\/arquivo\\\/actualidade\\\/sabores-de-natal-trazem-o-pais-para-a-praca-da-figueira-em-lisboa\\\/\",\"url\":\"https:\\\/\\\/infocul.pt\\\/arquivo\\\/actualidade\\\/sabores-de-natal-trazem-o-pais-para-a-praca-da-figueira-em-lisboa\\\/\",\"name\":\"\\\"Sabores de Natal\\\" trazem o pa\u00eds para a Pra\u00e7a da Figueira, em Lisboa | Infocul.pt - Arquivo Digital\",\"isPartOf\":{\"@id\":\"https:\\\/\\\/infocul.pt\\\/arquivo\\\/#website\"},\"primaryImageOfPage\":{\"@id\":\"https:\\\/\\\/infocul.pt\\\/arquivo\\\/actualidade\\\/sabores-de-natal-trazem-o-pais-para-a-praca-da-figueira-em-lisboa\\\/#primaryimage\"},\"image\":{\"@id\":\"https:\\\/\\\/infocul.pt\\\/arquivo\\\/actualidade\\\/sabores-de-natal-trazem-o-pais-para-a-praca-da-figueira-em-lisboa\\\/#primaryimage\"},\"thumbnailUrl\":\"https:\\\/\\\/infocul.pt\\\/arquivo\\\/wp-content\\\/uploads\\\/2018\\\/11\\\/unnamed-7.png\",\"datePublished\":\"2018-11-24T00:00:11+00:00\",\"description\":\"\\\"Sabores de Natal\\\" trazem o pa\u00eds para a Pra\u00e7a da Figueira, em Lisboa | Infocul.pt - Arquivo Digital\",\"breadcrumb\":{\"@id\":\"https:\\\/\\\/infocul.pt\\\/arquivo\\\/actualidade\\\/sabores-de-natal-trazem-o-pais-para-a-praca-da-figueira-em-lisboa\\\/#breadcrumb\"},\"inLanguage\":\"pt-PT\",\"potentialAction\":[{\"@type\":\"ReadAction\",\"target\":[\"https:\\\/\\\/infocul.pt\\\/arquivo\\\/actualidade\\\/sabores-de-natal-trazem-o-pais-para-a-praca-da-figueira-em-lisboa\\\/\"]}]},{\"@type\":\"ImageObject\",\"inLanguage\":\"pt-PT\",\"@id\":\"https:\\\/\\\/infocul.pt\\\/arquivo\\\/actualidade\\\/sabores-de-natal-trazem-o-pais-para-a-praca-da-figueira-em-lisboa\\\/#primaryimage\",\"url\":\"https:\\\/\\\/infocul.pt\\\/arquivo\\\/wp-content\\\/uploads\\\/2018\\\/11\\\/unnamed-7.png\",\"contentUrl\":\"https:\\\/\\\/infocul.pt\\\/arquivo\\\/wp-content\\\/uploads\\\/2018\\\/11\\\/unnamed-7.png\",\"width\":2772,\"height\":1556},{\"@type\":\"BreadcrumbList\",\"@id\":\"https:\\\/\\\/infocul.pt\\\/arquivo\\\/actualidade\\\/sabores-de-natal-trazem-o-pais-para-a-praca-da-figueira-em-lisboa\\\/#breadcrumb\",\"itemListElement\":[{\"@type\":\"ListItem\",\"position\":1,\"name\":\"Home\",\"item\":\"https:\\\/\\\/infocul.pt\\\/arquivo\\\/\"},{\"@type\":\"ListItem\",\"position\":2,\"name\":\"&#8220;Sabores de Natal&#8221; trazem o pa\u00eds para a Pra\u00e7a da Figueira, em Lisboa\"}]},{\"@type\":\"WebSite\",\"@id\":\"https:\\\/\\\/infocul.pt\\\/arquivo\\\/#website\",\"url\":\"https:\\\/\\\/infocul.pt\\\/arquivo\\\/\",\"name\":\"Infocul.pt - Arquivo Digital\",\"description\":\"Arquivo digital da Infocul.pt\",\"publisher\":{\"@id\":\"https:\\\/\\\/infocul.pt\\\/arquivo\\\/#organization\"},\"potentialAction\":[{\"@type\":\"SearchAction\",\"target\":{\"@type\":\"EntryPoint\",\"urlTemplate\":\"https:\\\/\\\/infocul.pt\\\/arquivo\\\/?s={search_term_string}\"},\"query-input\":{\"@type\":\"PropertyValueSpecification\",\"valueRequired\":true,\"valueName\":\"search_term_string\"}}],\"inLanguage\":\"pt-PT\"},{\"@type\":\"Organization\",\"@id\":\"https:\\\/\\\/infocul.pt\\\/arquivo\\\/#organization\",\"name\":\"Infocul.pt\",\"url\":\"https:\\\/\\\/infocul.pt\\\/arquivo\\\/\",\"logo\":{\"@type\":\"ImageObject\",\"inLanguage\":\"pt-PT\",\"@id\":\"https:\\\/\\\/infocul.pt\\\/arquivo\\\/#\\\/schema\\\/logo\\\/image\\\/\",\"url\":\"https:\\\/\\\/infocul.pt\\\/arquivo\\\/wp-content\\\/uploads\\\/2018\\\/12\\\/Infocul_logo-1.png\",\"contentUrl\":\"https:\\\/\\\/infocul.pt\\\/arquivo\\\/wp-content\\\/uploads\\\/2018\\\/12\\\/Infocul_logo-1.png\",\"width\":800,\"height\":800,\"caption\":\"Infocul.pt\"},\"image\":{\"@id\":\"https:\\\/\\\/infocul.pt\\\/arquivo\\\/#\\\/schema\\\/logo\\\/image\\\/\"},\"sameAs\":[\"https:\\\/\\\/www.facebook.com\\\/Infocul-147816815585015\\\/\",\"https:\\\/\\\/x.com\\\/Infoculpt\",\"http:\\\/\\\/www.pictaram.com\\\/user\\\/infocul.pt\\\/2370423710\",\"https:\\\/\\\/www.youtube.com\\\/channel\\\/UCYEB91AGI9FL9ek2i_IaQAA\"]},{\"@type\":\"Person\",\"@id\":\"https:\\\/\\\/infocul.pt\\\/arquivo\\\/#\\\/schema\\\/person\\\/f243f45ae8d67639120a7586884f3abc\",\"name\":\"Redac\u00e7\u00e3o\",\"image\":{\"@type\":\"ImageObject\",\"inLanguage\":\"pt-PT\",\"@id\":\"https:\\\/\\\/secure.gravatar.com\\\/avatar\\\/151b1b76c598ab5e749407223bd6c1bad4e41c4e95de3c3df83540ebee2deaf8?s=96&d=mm&r=g\",\"url\":\"https:\\\/\\\/secure.gravatar.com\\\/avatar\\\/151b1b76c598ab5e749407223bd6c1bad4e41c4e95de3c3df83540ebee2deaf8?s=96&d=mm&r=g\",\"contentUrl\":\"https:\\\/\\\/secure.gravatar.com\\\/avatar\\\/151b1b76c598ab5e749407223bd6c1bad4e41c4e95de3c3df83540ebee2deaf8?s=96&d=mm&r=g\",\"caption\":\"Redac\u00e7\u00e3o\"}}]}<\/script>\n<!-- \/ Yoast SEO plugin. -->","yoast_head_json":{"title":"\"Sabores de Natal\" trazem o pa\u00eds para a Pra\u00e7a da Figueira, em Lisboa | Infocul.pt - Arquivo Digital","description":"\"Sabores de Natal\" trazem o pa\u00eds para a Pra\u00e7a da Figueira, em Lisboa | Infocul.pt - Arquivo Digital","robots":{"index":"noindex","follow":"follow","max-snippet":"max-snippet:-1","max-image-preview":"max-image-preview:large","max-video-preview":"max-video-preview:-1"},"og_locale":"pt_PT","og_type":"article","og_title":"\"Sabores de Natal\" trazem o pa\u00eds para a Pra\u00e7a da Figueira, em Lisboa | Infocul.pt - Arquivo Digital","og_description":"\"Sabores de Natal\" trazem o pa\u00eds para a Pra\u00e7a da Figueira, em Lisboa | Infocul.pt - Arquivo Digital","og_url":"https:\/\/infocul.pt\/arquivo\/actualidade\/sabores-de-natal-trazem-o-pais-para-a-praca-da-figueira-em-lisboa\/","og_site_name":"Infocul.pt - Arquivo Digital","article_publisher":"https:\/\/www.facebook.com\/Infocul-147816815585015\/","article_published_time":"2018-11-24T00:00:11+00:00","og_image":[{"width":1024,"height":575,"url":"https:\/\/infocul.pt\/arquivo\/wp-content\/uploads\/2018\/11\/unnamed-7-1024x575.png","type":"image\/png"}],"author":"Redac\u00e7\u00e3o","twitter_card":"summary_large_image","twitter_creator":"@Infoculpt","twitter_site":"@Infoculpt","twitter_misc":{"Escrito por":"Redac\u00e7\u00e3o","Tempo estimado de leitura":"1 minuto"},"schema":{"@context":"https:\/\/schema.org","@graph":[{"@type":"Article","@id":"https:\/\/infocul.pt\/arquivo\/actualidade\/sabores-de-natal-trazem-o-pais-para-a-praca-da-figueira-em-lisboa\/#article","isPartOf":{"@id":"https:\/\/infocul.pt\/arquivo\/actualidade\/sabores-de-natal-trazem-o-pais-para-a-praca-da-figueira-em-lisboa\/"},"author":{"name":"Redac\u00e7\u00e3o","@id":"https:\/\/infocul.pt\/arquivo\/#\/schema\/person\/f243f45ae8d67639120a7586884f3abc"},"headline":"&#8220;Sabores de Natal&#8221; trazem o pa\u00eds para a Pra\u00e7a da Figueira, em Lisboa","datePublished":"2018-11-24T00:00:11+00:00","mainEntityOfPage":{"@id":"https:\/\/infocul.pt\/arquivo\/actualidade\/sabores-de-natal-trazem-o-pais-para-a-praca-da-figueira-em-lisboa\/"},"wordCount":281,"commentCount":0,"publisher":{"@id":"https:\/\/infocul.pt\/arquivo\/#organization"},"image":{"@id":"https:\/\/infocul.pt\/arquivo\/actualidade\/sabores-de-natal-trazem-o-pais-para-a-praca-da-figueira-em-lisboa\/#primaryimage"},"thumbnailUrl":"https:\/\/infocul.pt\/arquivo\/wp-content\/uploads\/2018\/11\/unnamed-7.png","keywords":["Alentejo","Beiras","Gastronomia","Natal","Tr\u00e1s-os-Montes"],"articleSection":["Actualidade","Turismo"],"inLanguage":"pt-PT"},{"@type":"WebPage","@id":"https:\/\/infocul.pt\/arquivo\/actualidade\/sabores-de-natal-trazem-o-pais-para-a-praca-da-figueira-em-lisboa\/","url":"https:\/\/infocul.pt\/arquivo\/actualidade\/sabores-de-natal-trazem-o-pais-para-a-praca-da-figueira-em-lisboa\/","name":"\"Sabores de Natal\" trazem o pa\u00eds para a Pra\u00e7a da Figueira, em Lisboa | Infocul.pt - Arquivo Digital","isPartOf":{"@id":"https:\/\/infocul.pt\/arquivo\/#website"},"primaryImageOfPage":{"@id":"https:\/\/infocul.pt\/arquivo\/actualidade\/sabores-de-natal-trazem-o-pais-para-a-praca-da-figueira-em-lisboa\/#primaryimage"},"image":{"@id":"https:\/\/infocul.pt\/arquivo\/actualidade\/sabores-de-natal-trazem-o-pais-para-a-praca-da-figueira-em-lisboa\/#primaryimage"},"thumbnailUrl":"https:\/\/infocul.pt\/arquivo\/wp-content\/uploads\/2018\/11\/unnamed-7.png","datePublished":"2018-11-24T00:00:11+00:00","description":"\"Sabores de Natal\" trazem o pa\u00eds para a Pra\u00e7a da Figueira, em Lisboa | Infocul.pt - Arquivo Digital","breadcrumb":{"@id":"https:\/\/infocul.pt\/arquivo\/actualidade\/sabores-de-natal-trazem-o-pais-para-a-praca-da-figueira-em-lisboa\/#breadcrumb"},"inLanguage":"pt-PT","potentialAction":[{"@type":"ReadAction","target":["https:\/\/infocul.pt\/arquivo\/actualidade\/sabores-de-natal-trazem-o-pais-para-a-praca-da-figueira-em-lisboa\/"]}]},{"@type":"ImageObject","inLanguage":"pt-PT","@id":"https:\/\/infocul.pt\/arquivo\/actualidade\/sabores-de-natal-trazem-o-pais-para-a-praca-da-figueira-em-lisboa\/#primaryimage","url":"https:\/\/infocul.pt\/arquivo\/wp-content\/uploads\/2018\/11\/unnamed-7.png","contentUrl":"https:\/\/infocul.pt\/arquivo\/wp-content\/uploads\/2018\/11\/unnamed-7.png","width":2772,"height":1556},{"@type":"BreadcrumbList","@id":"https:\/\/infocul.pt\/arquivo\/actualidade\/sabores-de-natal-trazem-o-pais-para-a-praca-da-figueira-em-lisboa\/#breadcrumb","itemListElement":[{"@type":"ListItem","position":1,"name":"Home","item":"https:\/\/infocul.pt\/arquivo\/"},{"@type":"ListItem","position":2,"name":"&#8220;Sabores de Natal&#8221; trazem o pa\u00eds para a Pra\u00e7a da Figueira, em Lisboa"}]},{"@type":"WebSite","@id":"https:\/\/infocul.pt\/arquivo\/#website","url":"https:\/\/infocul.pt\/arquivo\/","name":"Infocul.pt - Arquivo Digital","description":"Arquivo digital da Infocul.pt","publisher":{"@id":"https:\/\/infocul.pt\/arquivo\/#organization"},"potentialAction":[{"@type":"SearchAction","target":{"@type":"EntryPoint","urlTemplate":"https:\/\/infocul.pt\/arquivo\/?s={search_term_string}"},"query-input":{"@type":"PropertyValueSpecification","valueRequired":true,"valueName":"search_term_string"}}],"inLanguage":"pt-PT"},{"@type":"Organization","@id":"https:\/\/infocul.pt\/arquivo\/#organization","name":"Infocul.pt","url":"https:\/\/infocul.pt\/arquivo\/","logo":{"@type":"ImageObject","inLanguage":"pt-PT","@id":"https:\/\/infocul.pt\/arquivo\/#\/schema\/logo\/image\/","url":"https:\/\/infocul.pt\/arquivo\/wp-content\/uploads\/2018\/12\/Infocul_logo-1.png","contentUrl":"https:\/\/infocul.pt\/arquivo\/wp-content\/uploads\/2018\/12\/Infocul_logo-1.png","width":800,"height":800,"caption":"Infocul.pt"},"image":{"@id":"https:\/\/infocul.pt\/arquivo\/#\/schema\/logo\/image\/"},"sameAs":["https:\/\/www.facebook.com\/Infocul-147816815585015\/","https:\/\/x.com\/Infoculpt","http:\/\/www.pictaram.com\/user\/infocul.pt\/2370423710","https:\/\/www.youtube.com\/channel\/UCYEB91AGI9FL9ek2i_IaQAA"]},{"@type":"Person","@id":"https:\/\/infocul.pt\/arquivo\/#\/schema\/person\/f243f45ae8d67639120a7586884f3abc","name":"Redac\u00e7\u00e3o","image":{"@type":"ImageObject","inLanguage":"pt-PT","@id":"https:\/\/secure.gravatar.com\/avatar\/151b1b76c598ab5e749407223bd6c1bad4e41c4e95de3c3df83540ebee2deaf8?s=96&d=mm&r=g","url":"https:\/\/secure.gravatar.com\/avatar\/151b1b76c598ab5e749407223bd6c1bad4e41c4e95de3c3df83540ebee2deaf8?s=96&d=mm&r=g","contentUrl":"https:\/\/secure.gravatar.com\/avatar\/151b1b76c598ab5e749407223bd6c1bad4e41c4e95de3c3df83540ebee2deaf8?s=96&d=mm&r=g","caption":"Redac\u00e7\u00e3o"}}]}},"_links":{"self":[{"href":"https:\/\/infocul.pt\/arquivo\/wp-json\/wp\/v2\/posts\/49198","targetHints":{"allow":["GET"]}}],"collection":[{"href":"https:\/\/infocul.pt\/arquivo\/wp-json\/wp\/v2\/posts"}],"about":[{"href":"https:\/\/infocul.pt\/arquivo\/wp-json\/wp\/v2\/types\/post"}],"author":[{"embeddable":true,"href":"https:\/\/infocul.pt\/arquivo\/wp-json\/wp\/v2\/users\/13"}],"replies":[{"embeddable":true,"href":"https:\/\/infocul.pt\/arquivo\/wp-json\/wp\/v2\/comments?post=49198"}],"version-history":[{"count":0,"href":"https:\/\/infocul.pt\/arquivo\/wp-json\/wp\/v2\/posts\/49198\/revisions"}],"wp:featuredmedia":[{"embeddable":true,"href":"https:\/\/infocul.pt\/arquivo\/wp-json\/wp\/v2\/media\/49199"}],"wp:attachment":[{"href":"https:\/\/infocul.pt\/arquivo\/wp-json\/wp\/v2\/media?parent=49198"}],"wp:term":[{"taxonomy":"category","embeddable":true,"href":"https:\/\/infocul.pt\/arquivo\/wp-json\/wp\/v2\/categories?post=49198"},{"taxonomy":"post_tag","embeddable":true,"href":"https:\/\/infocul.pt\/arquivo\/wp-json\/wp\/v2\/tags?post=49198"}],"curies":[{"name":"wp","href":"https:\/\/api.w.org\/{rel}","templated":true}]}}